{"id":15749,"date":"2026-03-30T23:35:00","date_gmt":"2026-03-30T21:35:00","guid":{"rendered":"https:\/\/lavoixdelanation.tg\/?p=15749"},"modified":"2026-04-02T02:38:04","modified_gmt":"2026-04-02T00:38:04","slug":"togo-un-reseau-de-traite-de-personnes-et-descroquerie-demantele-a-adetiope","status":"publish","type":"post","link":"https:\/\/lavoixdelanation.tg\/index.php\/2026\/03\/30\/togo-un-reseau-de-traite-de-personnes-et-descroquerie-demantele-a-adetiope\/","title":{"rendered":"Togo\u00a0: Un r\u00e9seau de traite de personnes et d\u2019escroquerie d\u00e9mantel\u00e9 \u00e0 Adetiop\u00e9"},"content":{"rendered":"\n<p>Dans le cadre de la lutte contre l\u2019ins\u00e9curit\u00e9 et le grand banditisme sous toutes ses formes, la brigade de gendarmerie d\u2019Ad\u00e9ticop\u00e9, agissant sur renseignement, a men\u00e9 une op\u00e9ration dans une habitation situ\u00e9e dans le quartier Kop\u00e9gan, relevant du canton d\u2019Ad\u00e9ticop\u00e9 (pr\u00e9fecture d\u2019Ago\u00e8-Anyiv\u00e9). Cette intervention a permis l\u2019interpellation de vingt (20) individus, dont deux mineurs, tous de nationalit\u00e9 \u00e9trang\u00e8re.<\/p>\n\n\n\n<p>Selon ce que rapporte la Gendarmerie nationale, les premi\u00e8res investigations r\u00e9v\u00e8lent l\u2019existence d\u2019un r\u00e9seau de traite de personnes et d\u2019escroquerie, op\u00e9rant sous couvert d\u2019activit\u00e9s de commerce en ligne et de marketing de r\u00e9seau, notamment \u00e0 travers le syst\u00e8me dit \u00ab QNET \u00bb.<\/p>\n\n\n\n<p>Au rang des personnes interpell\u00e9es figure le pr\u00e9sum\u00e9 chef du r\u00e9seau, nomm\u00e9 Camara, de nationalit\u00e9 guin\u00e9enne, \u00e2g\u00e9 de 24 ans. Il agirait de concert avec un individu identifi\u00e9 sous le nom d\u2019Ernest, r\u00e9sidant au Burkina Faso.<\/p>\n\n\n\n<p class=\"has-text-align-center\"><strong>Mode op\u00e9ratoire<\/strong><\/p>\n\n\n\n<p>Leur mode op\u00e9ratoire consiste selon la Gendarmerie nationale, \u00e0 recruter des victimes \u00e0 travers des repr\u00e9sentants dans la sous-r\u00e9gion, en leur faisant miroiter des opportunit\u00e9s d\u2019affaires, de travail ou de voyage \u00e0 l\u2019\u00e9tranger. Chaque personne recrut\u00e9e est tenue de verser une somme comprise entre 500 000 et 700 000 FCFA au titre de frais d\u2019adh\u00e9sion.<\/p>\n\n\n\n<p>Les victimes sont ensuite regroup\u00e9es et transf\u00e9r\u00e9es vers un pays voisin, o\u00f9 elles sont prises en charge par un autre membre du r\u00e9seau, avant d\u2019\u00eatre soumises \u00e0 des activit\u00e9s frauduleuses. Sur place, elles sont incit\u00e9es, voire contraintes, \u00e0 recruter \u00e0 leur tour de nouveaux membres, cr\u00e9ant ainsi un syst\u00e8me en cha\u00eene. Elles sont \u00e9galement forc\u00e9es de promouvoir et de vendre des produits en ligne.<\/p>\n\n\n\n<p>Les dix-neuf (19) victimes, issues du Burkina Faso, de la C\u00f4te d\u2019Ivoire et de la Guin\u00e9e Conakry, seront remises \u00e0 leurs repr\u00e9sentations diplomatiques en vue de leur rapatriement dans leurs pays respectifs.<\/p>\n\n\n\n<p>Le pr\u00e9sum\u00e9 auteur quant \u00e0 lui sera pr\u00e9sent\u00e9 au Procureur de la R\u00e9publique pr\u00e8s le tribunal de premi\u00e8re instance de Lom\u00e9 pour r\u00e9pondre de ses actes.<\/p>\n\n\n\n<p>La Gendarmerie nationale appelle les populations \u00e0 faire preuve de la plus grande vigilance face aux offres d\u2019emploi et d\u2019activit\u00e9s lucratives diffus\u00e9es, notamment sur les r\u00e9seaux sociaux et plateformes en ligne. Elle invite toute personne \u00e0 v\u00e9rifier l\u2019authenticit\u00e9 de ces propositions et \u00e0 signaler sans d\u00e9lai tout cas suspect aux forces de d\u00e9fense et de s\u00e9curit\u00e9 les plus proches.<\/p>\n","protected":false},"excerpt":{"rendered":"<p>Dans le cadre de la lutte contre l\u2019ins\u00e9curit\u00e9 et le grand banditisme sous toutes ses formes, la brigade de gendarmerie d\u2019Ad\u00e9ticop\u00e9, agissant sur renseignement, a men\u00e9 une op\u00e9ration dans une&hellip; <\/p>\n","protected":false},"author":1,"featured_media":15750,"comment_status":"open","ping_status":"closed","sticky":false,"template":"","format":"standard","meta":{"footnotes":""},"categories":[29],"tags":[1366,557,1365,39,1367],"class_list":["post-15749","post","type-post","status-publish","format-standard","has-post-thumbnail","hentry","category-societe","tag-adetiope","tag-gendarmerie-nationale","tag-qnet","tag-togo","tag-traite-de-personnes"],"yoast_head":"<!-- This site is optimized with the Yoast SEO plugin v26.4 - https:\/\/yoast.com\/wordpress\/plugins\/seo\/ -->\n<title>Togo\u00a0: Un r\u00e9seau de traite de personnes et d\u2019escroquerie d\u00e9mantel\u00e9 \u00e0 Adetiop\u00e9 - La Voix de la Nation<\/title>\n<meta name=\"robots\" content=\"index, follow, max-snippet:-1, max-image-preview:large, max-video-preview:-1\" \/>\n<link rel=\"canonical\" href=\"https:\/\/lavoixdelanation.tg\/index.php\/2026\/03\/30\/togo-un-reseau-de-traite-de-personnes-et-descroquerie-demantele-a-adetiope\/\" \/>\n<meta property=\"og:locale\" content=\"fr_FR\" \/>\n<meta property=\"og:type\" content=\"article\" \/>\n<meta property=\"og:title\" content=\"Togo\u00a0: Un r\u00e9seau de traite de personnes et d\u2019escroquerie d\u00e9mantel\u00e9 \u00e0 Adetiop\u00e9 - La Voix de la Nation\" \/>\n<meta property=\"og:description\" content=\"Dans le cadre de la lutte contre l\u2019ins\u00e9curit\u00e9 et le grand banditisme sous toutes ses formes, la brigade de gendarmerie d\u2019Ad\u00e9ticop\u00e9, agissant sur renseignement, a men\u00e9 une op\u00e9ration dans une&hellip;\" \/>\n<meta property=\"og:url\" content=\"https:\/\/lavoixdelanation.tg\/index.php\/2026\/03\/30\/togo-un-reseau-de-traite-de-personnes-et-descroquerie-demantele-a-adetiope\/\" \/>\n<meta property=\"og:site_name\" content=\"La Voix de la Nation\" \/>\n<meta property=\"article:publisher\" content=\"https:\/\/www.facebook.com\/lavoixdelanation\" \/>\n<meta property=\"article:published_time\" content=\"2026-03-30T21:35:00+00:00\" \/>\n<meta property=\"article:modified_time\" content=\"2026-04-02T00:38:04+00:00\" \/>\n<meta property=\"og:image\" content=\"https:\/\/lavoixdelanation.tg\/wp-content\/uploads\/2026\/04\/DEMENTELEMENT-DUN-RESEAU-DE-TRAITE-DE-PERSONNES-ET-DESCROQUERIE-A-ADETIOPE.jpeg\" \/>\n\t<meta property=\"og:image:width\" content=\"1080\" \/>\n\t<meta property=\"og:image:height\" content=\"492\" \/>\n\t<meta property=\"og:image:type\" content=\"image\/jpeg\" \/>\n<meta name=\"author\" content=\"La voix de la nation\" \/>\n<meta name=\"twitter:card\" content=\"summary_large_image\" \/>\n<meta name=\"twitter:label1\" content=\"\u00c9crit par\" \/>\n\t<meta name=\"twitter:data1\" content=\"La voix de la nation\" \/>\n\t<meta name=\"twitter:label2\" content=\"Dur\u00e9e de lecture estim\u00e9e\" \/>\n\t<meta name=\"twitter:data2\" content=\"2 minutes\" \/>\n<script type=\"application\/ld+json\" class=\"yoast-schema-graph\">{\"@context\":\"https:\/\/schema.org\",\"@graph\":[{\"@type\":\"Article\",\"@id\":\"https:\/\/lavoixdelanation.tg\/index.php\/2026\/03\/30\/togo-un-reseau-de-traite-de-personnes-et-descroquerie-demantele-a-adetiope\/#article\",\"isPartOf\":{\"@id\":\"https:\/\/lavoixdelanation.tg\/index.php\/2026\/03\/30\/togo-un-reseau-de-traite-de-personnes-et-descroquerie-demantele-a-adetiope\/\"},\"author\":{\"name\":\"La voix de la nation\",\"@id\":\"https:\/\/lavoixdelanation.tg\/#\/schema\/person\/6c489293aa38053673a9e554acb6e224\"},\"headline\":\"Togo\u00a0: Un r\u00e9seau de traite de personnes et d\u2019escroquerie d\u00e9mantel\u00e9 \u00e0 Adetiop\u00e9\",\"datePublished\":\"2026-03-30T21:35:00+00:00\",\"dateModified\":\"2026-04-02T00:38:04+00:00\",\"mainEntityOfPage\":{\"@id\":\"https:\/\/lavoixdelanation.tg\/index.php\/2026\/03\/30\/togo-un-reseau-de-traite-de-personnes-et-descroquerie-demantele-a-adetiope\/\"},\"wordCount\":440,\"commentCount\":0,\"publisher\":{\"@id\":\"https:\/\/lavoixdelanation.tg\/#organization\"},\"image\":{\"@id\":\"https:\/\/lavoixdelanation.tg\/index.php\/2026\/03\/30\/togo-un-reseau-de-traite-de-personnes-et-descroquerie-demantele-a-adetiope\/#primaryimage\"},\"thumbnailUrl\":\"https:\/\/lavoixdelanation.tg\/wp-content\/uploads\/2026\/04\/DEMENTELEMENT-DUN-RESEAU-DE-TRAITE-DE-PERSONNES-ET-DESCROQUERIE-A-ADETIOPE.jpeg\",\"keywords\":[\"Adetiop\u00e9\",\"Gendarmerie nationale\",\"QNET\",\"Togo\",\"traite de personnes\"],\"articleSection\":[\"Soci\u00e9t\u00e9\"],\"inLanguage\":\"fr-FR\",\"potentialAction\":[{\"@type\":\"CommentAction\",\"name\":\"Comment\",\"target\":[\"https:\/\/lavoixdelanation.tg\/index.php\/2026\/03\/30\/togo-un-reseau-de-traite-de-personnes-et-descroquerie-demantele-a-adetiope\/#respond\"]}]},{\"@type\":\"WebPage\",\"@id\":\"https:\/\/lavoixdelanation.tg\/index.php\/2026\/03\/30\/togo-un-reseau-de-traite-de-personnes-et-descroquerie-demantele-a-adetiope\/\",\"url\":\"https:\/\/lavoixdelanation.tg\/index.php\/2026\/03\/30\/togo-un-reseau-de-traite-de-personnes-et-descroquerie-demantele-a-adetiope\/\",\"name\":\"Togo\u00a0: Un r\u00e9seau de traite de personnes et d\u2019escroquerie d\u00e9mantel\u00e9 \u00e0 Adetiop\u00e9 - La Voix de la Nation\",\"isPartOf\":{\"@id\":\"https:\/\/lavoixdelanation.tg\/#website\"},\"primaryImageOfPage\":{\"@id\":\"https:\/\/lavoixdelanation.tg\/index.php\/2026\/03\/30\/togo-un-reseau-de-traite-de-personnes-et-descroquerie-demantele-a-adetiope\/#primaryimage\"},\"image\":{\"@id\":\"https:\/\/lavoixdelanation.tg\/index.php\/2026\/03\/30\/togo-un-reseau-de-traite-de-personnes-et-descroquerie-demantele-a-adetiope\/#primaryimage\"},\"thumbnailUrl\":\"https:\/\/lavoixdelanation.tg\/wp-content\/uploads\/2026\/04\/DEMENTELEMENT-DUN-RESEAU-DE-TRAITE-DE-PERSONNES-ET-DESCROQUERIE-A-ADETIOPE.jpeg\",\"datePublished\":\"2026-03-30T21:35:00+00:00\",\"dateModified\":\"2026-04-02T00:38:04+00:00\",\"breadcrumb\":{\"@id\":\"https:\/\/lavoixdelanation.tg\/index.php\/2026\/03\/30\/togo-un-reseau-de-traite-de-personnes-et-descroquerie-demantele-a-adetiope\/#breadcrumb\"},\"inLanguage\":\"fr-FR\",\"potentialAction\":[{\"@type\":\"ReadAction\",\"target\":[\"https:\/\/lavoixdelanation.tg\/index.php\/2026\/03\/30\/togo-un-reseau-de-traite-de-personnes-et-descroquerie-demantele-a-adetiope\/\"]}]},{\"@type\":\"ImageObject\",\"inLanguage\":\"fr-FR\",\"@id\":\"https:\/\/lavoixdelanation.tg\/index.php\/2026\/03\/30\/togo-un-reseau-de-traite-de-personnes-et-descroquerie-demantele-a-adetiope\/#primaryimage\",\"url\":\"https:\/\/lavoixdelanation.tg\/wp-content\/uploads\/2026\/04\/DEMENTELEMENT-DUN-RESEAU-DE-TRAITE-DE-PERSONNES-ET-DESCROQUERIE-A-ADETIOPE.jpeg\",\"contentUrl\":\"https:\/\/lavoixdelanation.tg\/wp-content\/uploads\/2026\/04\/DEMENTELEMENT-DUN-RESEAU-DE-TRAITE-DE-PERSONNES-ET-DESCROQUERIE-A-ADETIOPE.jpeg\",\"width\":1080,\"height\":492},{\"@type\":\"BreadcrumbList\",\"@id\":\"https:\/\/lavoixdelanation.tg\/index.php\/2026\/03\/30\/togo-un-reseau-de-traite-de-personnes-et-descroquerie-demantele-a-adetiope\/#breadcrumb\",\"itemListElement\":[{\"@type\":\"ListItem\",\"position\":1,\"name\":\"Accueil\",\"item\":\"https:\/\/lavoixdelanation.tg\/\"},{\"@type\":\"ListItem\",\"position\":2,\"name\":\"Togo\u00a0: Un r\u00e9seau de traite de personnes et d\u2019escroquerie d\u00e9mantel\u00e9 \u00e0 Adetiop\u00e9\"}]},{\"@type\":\"WebSite\",\"@id\":\"https:\/\/lavoixdelanation.tg\/#website\",\"url\":\"https:\/\/lavoixdelanation.tg\/\",\"name\":\"La Voix de la Nation\",\"description\":\"R\u00e9c\u00e9piss\u00e9 n\u00b00108\/HAAC\/01-2024\/pl\/P\",\"publisher\":{\"@id\":\"https:\/\/lavoixdelanation.tg\/#organization\"},\"alternateName\":\"VON\",\"potentialAction\":[{\"@type\":\"SearchAction\",\"target\":{\"@type\":\"EntryPoint\",\"urlTemplate\":\"https:\/\/lavoixdelanation.tg\/?s={search_term_string}\"},\"query-input\":{\"@type\":\"PropertyValueSpecification\",\"valueRequired\":true,\"valueName\":\"search_term_string\"}}],\"inLanguage\":\"fr-FR\"},{\"@type\":\"Organization\",\"@id\":\"https:\/\/lavoixdelanation.tg\/#organization\",\"name\":\"La Voix de la Nation\",\"url\":\"https:\/\/lavoixdelanation.tg\/\",\"logo\":{\"@type\":\"ImageObject\",\"inLanguage\":\"fr-FR\",\"@id\":\"https:\/\/lavoixdelanation.tg\/#\/schema\/logo\/image\/\",\"url\":\"https:\/\/lavoixdelanation.tg\/wp-content\/uploads\/2024\/12\/lavn-1.png\",\"contentUrl\":\"https:\/\/lavoixdelanation.tg\/wp-content\/uploads\/2024\/12\/lavn-1.png\",\"width\":1024,\"height\":464,\"caption\":\"La Voix de la Nation\"},\"image\":{\"@id\":\"https:\/\/lavoixdelanation.tg\/#\/schema\/logo\/image\/\"},\"sameAs\":[\"https:\/\/www.facebook.com\/lavoixdelanation\"]},{\"@type\":\"Person\",\"@id\":\"https:\/\/lavoixdelanation.tg\/#\/schema\/person\/6c489293aa38053673a9e554acb6e224\",\"name\":\"La voix de la nation\",\"image\":{\"@type\":\"ImageObject\",\"inLanguage\":\"fr-FR\",\"@id\":\"https:\/\/lavoixdelanation.tg\/#\/schema\/person\/image\/\",\"url\":\"https:\/\/secure.gravatar.com\/avatar\/8aa135d4bbc794494cecaa8d483f6d6cc1023624868deaff686baed5e727a5a1?s=96&d=mm&r=g\",\"contentUrl\":\"https:\/\/secure.gravatar.com\/avatar\/8aa135d4bbc794494cecaa8d483f6d6cc1023624868deaff686baed5e727a5a1?s=96&d=mm&r=g\",\"caption\":\"La voix de la nation\"},\"sameAs\":[\"https:\/\/lavoixdelanation.tg\"],\"url\":\"https:\/\/lavoixdelanation.tg\/index.php\/author\/lavn\/\"}]}<\/script>\n<!-- \/ Yoast SEO plugin. -->","yoast_head_json":{"title":"Togo\u00a0: Un r\u00e9seau de traite de personnes et d\u2019escroquerie d\u00e9mantel\u00e9 \u00e0 Adetiop\u00e9 - La Voix de la Nation","robots":{"index":"index","follow":"follow","max-snippet":"max-snippet:-1","max-image-preview":"max-image-preview:large","max-video-preview":"max-video-preview:-1"},"canonical":"https:\/\/lavoixdelanation.tg\/index.php\/2026\/03\/30\/togo-un-reseau-de-traite-de-personnes-et-descroquerie-demantele-a-adetiope\/","og_locale":"fr_FR","og_type":"article","og_title":"Togo\u00a0: Un r\u00e9seau de traite de personnes et d\u2019escroquerie d\u00e9mantel\u00e9 \u00e0 Adetiop\u00e9 - La Voix de la Nation","og_description":"Dans le cadre de la lutte contre l\u2019ins\u00e9curit\u00e9 et le grand banditisme sous toutes ses formes, la brigade de gendarmerie d\u2019Ad\u00e9ticop\u00e9, agissant sur renseignement, a men\u00e9 une op\u00e9ration dans une&hellip;","og_url":"https:\/\/lavoixdelanation.tg\/index.php\/2026\/03\/30\/togo-un-reseau-de-traite-de-personnes-et-descroquerie-demantele-a-adetiope\/","og_site_name":"La Voix de la Nation","article_publisher":"https:\/\/www.facebook.com\/lavoixdelanation","article_published_time":"2026-03-30T21:35:00+00:00","article_modified_time":"2026-04-02T00:38:04+00:00","og_image":[{"width":1080,"height":492,"url":"https:\/\/lavoixdelanation.tg\/wp-content\/uploads\/2026\/04\/DEMENTELEMENT-DUN-RESEAU-DE-TRAITE-DE-PERSONNES-ET-DESCROQUERIE-A-ADETIOPE.jpeg","type":"image\/jpeg"}],"author":"La voix de la nation","twitter_card":"summary_large_image","twitter_misc":{"\u00c9crit par":"La voix de la nation","Dur\u00e9e de lecture estim\u00e9e":"2 minutes"},"schema":{"@context":"https:\/\/schema.org","@graph":[{"@type":"Article","@id":"https:\/\/lavoixdelanation.tg\/index.php\/2026\/03\/30\/togo-un-reseau-de-traite-de-personnes-et-descroquerie-demantele-a-adetiope\/#article","isPartOf":{"@id":"https:\/\/lavoixdelanation.tg\/index.php\/2026\/03\/30\/togo-un-reseau-de-traite-de-personnes-et-descroquerie-demantele-a-adetiope\/"},"author":{"name":"La voix de la nation","@id":"https:\/\/lavoixdelanation.tg\/#\/schema\/person\/6c489293aa38053673a9e554acb6e224"},"headline":"Togo\u00a0: Un r\u00e9seau de traite de personnes et d\u2019escroquerie d\u00e9mantel\u00e9 \u00e0 Adetiop\u00e9","datePublished":"2026-03-30T21:35:00+00:00","dateModified":"2026-04-02T00:38:04+00:00","mainEntityOfPage":{"@id":"https:\/\/lavoixdelanation.tg\/index.php\/2026\/03\/30\/togo-un-reseau-de-traite-de-personnes-et-descroquerie-demantele-a-adetiope\/"},"wordCount":440,"commentCount":0,"publisher":{"@id":"https:\/\/lavoixdelanation.tg\/#organization"},"image":{"@id":"https:\/\/lavoixdelanation.tg\/index.php\/2026\/03\/30\/togo-un-reseau-de-traite-de-personnes-et-descroquerie-demantele-a-adetiope\/#primaryimage"},"thumbnailUrl":"https:\/\/lavoixdelanation.tg\/wp-content\/uploads\/2026\/04\/DEMENTELEMENT-DUN-RESEAU-DE-TRAITE-DE-PERSONNES-ET-DESCROQUERIE-A-ADETIOPE.jpeg","keywords":["Adetiop\u00e9","Gendarmerie nationale","QNET","Togo","traite de personnes"],"articleSection":["Soci\u00e9t\u00e9"],"inLanguage":"fr-FR","potentialAction":[{"@type":"CommentAction","name":"Comment","target":["https:\/\/lavoixdelanation.tg\/index.php\/2026\/03\/30\/togo-un-reseau-de-traite-de-personnes-et-descroquerie-demantele-a-adetiope\/#respond"]}]},{"@type":"WebPage","@id":"https:\/\/lavoixdelanation.tg\/index.php\/2026\/03\/30\/togo-un-reseau-de-traite-de-personnes-et-descroquerie-demantele-a-adetiope\/","url":"https:\/\/lavoixdelanation.tg\/index.php\/2026\/03\/30\/togo-un-reseau-de-traite-de-personnes-et-descroquerie-demantele-a-adetiope\/","name":"Togo\u00a0: Un r\u00e9seau de traite de personnes et d\u2019escroquerie d\u00e9mantel\u00e9 \u00e0 Adetiop\u00e9 - La Voix de la Nation","isPartOf":{"@id":"https:\/\/lavoixdelanation.tg\/#website"},"primaryImageOfPage":{"@id":"https:\/\/lavoixdelanation.tg\/index.php\/2026\/03\/30\/togo-un-reseau-de-traite-de-personnes-et-descroquerie-demantele-a-adetiope\/#primaryimage"},"image":{"@id":"https:\/\/lavoixdelanation.tg\/index.php\/2026\/03\/30\/togo-un-reseau-de-traite-de-personnes-et-descroquerie-demantele-a-adetiope\/#primaryimage"},"thumbnailUrl":"https:\/\/lavoixdelanation.tg\/wp-content\/uploads\/2026\/04\/DEMENTELEMENT-DUN-RESEAU-DE-TRAITE-DE-PERSONNES-ET-DESCROQUERIE-A-ADETIOPE.jpeg","datePublished":"2026-03-30T21:35:00+00:00","dateModified":"2026-04-02T00:38:04+00:00","breadcrumb":{"@id":"https:\/\/lavoixdelanation.tg\/index.php\/2026\/03\/30\/togo-un-reseau-de-traite-de-personnes-et-descroquerie-demantele-a-adetiope\/#breadcrumb"},"inLanguage":"fr-FR","potentialAction":[{"@type":"ReadAction","target":["https:\/\/lavoixdelanation.tg\/index.php\/2026\/03\/30\/togo-un-reseau-de-traite-de-personnes-et-descroquerie-demantele-a-adetiope\/"]}]},{"@type":"ImageObject","inLanguage":"fr-FR","@id":"https:\/\/lavoixdelanation.tg\/index.php\/2026\/03\/30\/togo-un-reseau-de-traite-de-personnes-et-descroquerie-demantele-a-adetiope\/#primaryimage","url":"https:\/\/lavoixdelanation.tg\/wp-content\/uploads\/2026\/04\/DEMENTELEMENT-DUN-RESEAU-DE-TRAITE-DE-PERSONNES-ET-DESCROQUERIE-A-ADETIOPE.jpeg","contentUrl":"https:\/\/lavoixdelanation.tg\/wp-content\/uploads\/2026\/04\/DEMENTELEMENT-DUN-RESEAU-DE-TRAITE-DE-PERSONNES-ET-DESCROQUERIE-A-ADETIOPE.jpeg","width":1080,"height":492},{"@type":"BreadcrumbList","@id":"https:\/\/lavoixdelanation.tg\/index.php\/2026\/03\/30\/togo-un-reseau-de-traite-de-personnes-et-descroquerie-demantele-a-adetiope\/#breadcrumb","itemListElement":[{"@type":"ListItem","position":1,"name":"Accueil","item":"https:\/\/lavoixdelanation.tg\/"},{"@type":"ListItem","position":2,"name":"Togo\u00a0: Un r\u00e9seau de traite de personnes et d\u2019escroquerie d\u00e9mantel\u00e9 \u00e0 Adetiop\u00e9"}]},{"@type":"WebSite","@id":"https:\/\/lavoixdelanation.tg\/#website","url":"https:\/\/lavoixdelanation.tg\/","name":"La Voix de la Nation","description":"R\u00e9c\u00e9piss\u00e9 n\u00b00108\/HAAC\/01-2024\/pl\/P","publisher":{"@id":"https:\/\/lavoixdelanation.tg\/#organization"},"alternateName":"VON","potentialAction":[{"@type":"SearchAction","target":{"@type":"EntryPoint","urlTemplate":"https:\/\/lavoixdelanation.tg\/?s={search_term_string}"},"query-input":{"@type":"PropertyValueSpecification","valueRequired":true,"valueName":"search_term_string"}}],"inLanguage":"fr-FR"},{"@type":"Organization","@id":"https:\/\/lavoixdelanation.tg\/#organization","name":"La Voix de la Nation","url":"https:\/\/lavoixdelanation.tg\/","logo":{"@type":"ImageObject","inLanguage":"fr-FR","@id":"https:\/\/lavoixdelanation.tg\/#\/schema\/logo\/image\/","url":"https:\/\/lavoixdelanation.tg\/wp-content\/uploads\/2024\/12\/lavn-1.png","contentUrl":"https:\/\/lavoixdelanation.tg\/wp-content\/uploads\/2024\/12\/lavn-1.png","width":1024,"height":464,"caption":"La Voix de la Nation"},"image":{"@id":"https:\/\/lavoixdelanation.tg\/#\/schema\/logo\/image\/"},"sameAs":["https:\/\/www.facebook.com\/lavoixdelanation"]},{"@type":"Person","@id":"https:\/\/lavoixdelanation.tg\/#\/schema\/person\/6c489293aa38053673a9e554acb6e224","name":"La voix de la nation","image":{"@type":"ImageObject","inLanguage":"fr-FR","@id":"https:\/\/lavoixdelanation.tg\/#\/schema\/person\/image\/","url":"https:\/\/secure.gravatar.com\/avatar\/8aa135d4bbc794494cecaa8d483f6d6cc1023624868deaff686baed5e727a5a1?s=96&d=mm&r=g","contentUrl":"https:\/\/secure.gravatar.com\/avatar\/8aa135d4bbc794494cecaa8d483f6d6cc1023624868deaff686baed5e727a5a1?s=96&d=mm&r=g","caption":"La voix de la nation"},"sameAs":["https:\/\/lavoixdelanation.tg"],"url":"https:\/\/lavoixdelanation.tg\/index.php\/author\/lavn\/"}]}},"_links":{"self":[{"href":"https:\/\/lavoixdelanation.tg\/index.php\/wp-json\/wp\/v2\/posts\/15749","targetHints":{"allow":["GET"]}}],"collection":[{"href":"https:\/\/lavoixdelanation.tg\/index.php\/wp-json\/wp\/v2\/posts"}],"about":[{"href":"https:\/\/lavoixdelanation.tg\/index.php\/wp-json\/wp\/v2\/types\/post"}],"author":[{"embeddable":true,"href":"https:\/\/lavoixdelanation.tg\/index.php\/wp-json\/wp\/v2\/users\/1"}],"replies":[{"embeddable":true,"href":"https:\/\/lavoixdelanation.tg\/index.php\/wp-json\/wp\/v2\/comments?post=15749"}],"version-history":[{"count":1,"href":"https:\/\/lavoixdelanation.tg\/index.php\/wp-json\/wp\/v2\/posts\/15749\/revisions"}],"predecessor-version":[{"id":15751,"href":"https:\/\/lavoixdelanation.tg\/index.php\/wp-json\/wp\/v2\/posts\/15749\/revisions\/15751"}],"wp:featuredmedia":[{"embeddable":true,"href":"https:\/\/lavoixdelanation.tg\/index.php\/wp-json\/wp\/v2\/media\/15750"}],"wp:attachment":[{"href":"https:\/\/lavoixdelanation.tg\/index.php\/wp-json\/wp\/v2\/media?parent=15749"}],"wp:term":[{"taxonomy":"category","embeddable":true,"href":"https:\/\/lavoixdelanation.tg\/index.php\/wp-json\/wp\/v2\/categories?post=15749"},{"taxonomy":"post_tag","embeddable":true,"href":"https:\/\/lavoixdelanation.tg\/index.php\/wp-json\/wp\/v2\/tags?post=15749"}],"curies":[{"name":"wp","href":"https:\/\/api.w.org\/{rel}","templated":true}]}}