{"id":15745,"date":"2026-03-31T02:21:00","date_gmt":"2026-03-31T00:21:00","guid":{"rendered":"https:\/\/lavoixdelanation.tg\/?p=15745"},"modified":"2026-04-02T02:27:17","modified_gmt":"2026-04-02T00:27:17","slug":"togo-lancement-de-la-9eme-edition-du-festival-national-des-danses-traditionnelles","status":"publish","type":"post","link":"https:\/\/lavoixdelanation.tg\/index.php\/2026\/03\/31\/togo-lancement-de-la-9eme-edition-du-festival-national-des-danses-traditionnelles\/","title":{"rendered":"Togo\u00a0: Lancement de la 9\u00e8me \u00e9dition du Festival National des Danses Traditionnelles"},"content":{"rendered":"\n<p><strong>C\u2019est parti pour la 9<sup>\u00e8me<\/sup> \u00e9dition du Festival National des Danses Traditionnelles (FESNAD). L\u2019\u00e9v\u00e8nement a \u00e9t\u00e9 officiellement lanc\u00e9 ce lundi 30 mars 2026 \u00e0 Lom\u00e9 au cours d\u2019une c\u00e9r\u00e9monie pr\u00e9sid\u00e9e par le Ministre en charge de la Culture, Isaac TCHIAKPE.<\/strong><\/p>\n\n\n\n<p>\u00ab&nbsp;La danse traditionnelle : une expression de notre identit\u00e9 culturelle&nbsp;\u00bb&nbsp;: c\u2019est le th\u00e8me de ce nouveau rendez-vous majeur de valorisation du patrimoine culturel togolais.<\/p>\n\n\n\n<p>Une th\u00e9matique qui met en lumi\u00e8re le r\u00f4le fondamental de la danse comme vecteur de m\u00e9moire collective et d\u2019affirmation identitaire. \u00c0 travers rythmes, gestes et symboles, chaque prestation devient un r\u00e9cit vivant, porteur d\u2019histoire et d\u2019appartenance.<\/p>\n\n\n\n<p>La c\u00e9r\u00e9monie de lancement marque le d\u00e9but d\u2019une tourn\u00e9e nationale qui s\u2019\u00e9tendra jusqu\u2019au 8 avril, avant la phase finale pr\u00e9vue du 25 au 27 Avril 2026 \u00e0 Lom\u00e9. Il marque \u00e9galement le d\u00e9but d&rsquo;une communion culturelle nationale, plac\u00e9e sous le signe de l&rsquo;unit\u00e9, de la d\u00e9centralisation culturelle et de la transmission aux jeunes g\u00e9n\u00e9rations.<\/p>\n\n\n\n<figure class=\"wp-block-image size-large\"><img loading=\"lazy\" decoding=\"async\" width=\"1024\" height=\"682\" src=\"https:\/\/lavoixdelanation.tg\/wp-content\/uploads\/2026\/04\/Lancement-de-la-9eme-edition-du-FESNAD-au-Togo-par-le-Ministre-Isaac-Tchiakpe-1024x682.jpg\" alt=\"\" class=\"wp-image-15747\" srcset=\"https:\/\/lavoixdelanation.tg\/wp-content\/uploads\/2026\/04\/Lancement-de-la-9eme-edition-du-FESNAD-au-Togo-par-le-Ministre-Isaac-Tchiakpe-1024x682.jpg 1024w, https:\/\/lavoixdelanation.tg\/wp-content\/uploads\/2026\/04\/Lancement-de-la-9eme-edition-du-FESNAD-au-Togo-par-le-Ministre-Isaac-Tchiakpe-300x200.jpg 300w, https:\/\/lavoixdelanation.tg\/wp-content\/uploads\/2026\/04\/Lancement-de-la-9eme-edition-du-FESNAD-au-Togo-par-le-Ministre-Isaac-Tchiakpe-768x512.jpg 768w, https:\/\/lavoixdelanation.tg\/wp-content\/uploads\/2026\/04\/Lancement-de-la-9eme-edition-du-FESNAD-au-Togo-par-le-Ministre-Isaac-Tchiakpe.jpg 1280w\" sizes=\"auto, (max-width: 1024px) 100vw, 1024px\" \/><figcaption class=\"wp-element-caption\"><em>C<strong>\u00e9r\u00e9monie pr\u00e9sid\u00e9e par le Ministre en charge de la Culture, Isaac TCHIAKPE<\/strong><\/em><\/figcaption><\/figure>\n\n\n\n<p>Vitrine exceptionnelle de l&rsquo;identit\u00e9 et du patrimoine immat\u00e9riel des terroirs du Togo, le FESNAD c\u00e9l\u00e8bre la richesse des pas de danses, des rythmes et des coutumes du pays.<\/p>\n\n\n\n<p>Des Savanes \u00e0 la Maritime, en passant par la Kara, la Centrale et les Plateaux, les groupes artistiques rivaliseront de cr\u00e9ativit\u00e9 pour repr\u00e9senter leurs r\u00e9gions respectives. \u00c0 l\u2019issue des phases \u00e9liminatoires, les meilleurs ensembles se retrouveront pour la grande finale, en marge des c\u00e9l\u00e9brations de l\u2019ind\u00e9pendance du Togo.<\/p>\n\n\n\n<p>Plus qu\u2019un simple festival, le FESNAD se positionne selon le gouvernement comme un espace de r\u00e9sistance culturelle face aux mutations contemporaines. Il rappelle que la modernit\u00e9 ne saurait se construire sans un ancrage solide dans les valeurs et traditions h\u00e9rit\u00e9es.<\/p>\n\n\n\n<p>\u00c0 Lom\u00e9 comme dans tout le pays, les tambours ont commenc\u00e9 \u00e0 r\u00e9sonner, annon\u00e7ant une c\u00e9l\u00e9bration vibrante de l\u2019identit\u00e9 togolaise.<\/p>\n\n\n\n<p><strong>Cris DADA<\/strong><\/p>\n","protected":false},"excerpt":{"rendered":"<p>C\u2019est parti pour la 9\u00e8me \u00e9dition du Festival National des Danses Traditionnelles (FESNAD). L\u2019\u00e9v\u00e8nement a \u00e9t\u00e9 officiellement lanc\u00e9 ce lundi 30 mars 2026 \u00e0 Lom\u00e9 au cours d\u2019une c\u00e9r\u00e9monie pr\u00e9sid\u00e9e&hellip; <\/p>\n","protected":false},"author":1,"featured_media":15746,"comment_status":"open","ping_status":"closed","sticky":false,"template":"","format":"standard","meta":{"footnotes":""},"categories":[1],"tags":[],"class_list":["post-15745","post","type-post","status-publish","format-standard","has-post-thumbnail","hentry","category-top-actualites"],"yoast_head":"<!-- This site is optimized with the Yoast SEO plugin v26.4 - https:\/\/yoast.com\/wordpress\/plugins\/seo\/ -->\n<title>Togo\u00a0: Lancement de la 9\u00e8me \u00e9dition du Festival National des Danses Traditionnelles - La Voix de la Nation<\/title>\n<meta name=\"robots\" content=\"index, follow, max-snippet:-1, max-image-preview:large, max-video-preview:-1\" \/>\n<link rel=\"canonical\" href=\"https:\/\/lavoixdelanation.tg\/index.php\/2026\/03\/31\/togo-lancement-de-la-9eme-edition-du-festival-national-des-danses-traditionnelles\/\" \/>\n<meta property=\"og:locale\" content=\"fr_FR\" \/>\n<meta property=\"og:type\" content=\"article\" \/>\n<meta property=\"og:title\" content=\"Togo\u00a0: Lancement de la 9\u00e8me \u00e9dition du Festival National des Danses Traditionnelles - La Voix de la Nation\" \/>\n<meta property=\"og:description\" content=\"C\u2019est parti pour la 9\u00e8me \u00e9dition du Festival National des Danses Traditionnelles (FESNAD). L\u2019\u00e9v\u00e8nement a \u00e9t\u00e9 officiellement lanc\u00e9 ce lundi 30 mars 2026 \u00e0 Lom\u00e9 au cours d\u2019une c\u00e9r\u00e9monie pr\u00e9sid\u00e9e&hellip;\" \/>\n<meta property=\"og:url\" content=\"https:\/\/lavoixdelanation.tg\/index.php\/2026\/03\/31\/togo-lancement-de-la-9eme-edition-du-festival-national-des-danses-traditionnelles\/\" \/>\n<meta property=\"og:site_name\" content=\"La Voix de la Nation\" \/>\n<meta property=\"article:publisher\" content=\"https:\/\/www.facebook.com\/lavoixdelanation\" \/>\n<meta property=\"article:published_time\" content=\"2026-03-31T00:21:00+00:00\" \/>\n<meta property=\"article:modified_time\" content=\"2026-04-02T00:27:17+00:00\" \/>\n<meta property=\"og:image\" content=\"https:\/\/lavoixdelanation.tg\/wp-content\/uploads\/2026\/04\/Lancement-de-la-9eme-edition-du-FESNAD-au-Togo.jpg\" \/>\n\t<meta property=\"og:image:width\" content=\"1280\" \/>\n\t<meta property=\"og:image:height\" content=\"853\" \/>\n\t<meta property=\"og:image:type\" content=\"image\/jpeg\" \/>\n<meta name=\"author\" content=\"La voix de la nation\" \/>\n<meta name=\"twitter:card\" content=\"summary_large_image\" \/>\n<meta name=\"twitter:label1\" content=\"\u00c9crit par\" \/>\n\t<meta name=\"twitter:data1\" content=\"La voix de la nation\" \/>\n\t<meta name=\"twitter:label2\" content=\"Dur\u00e9e de lecture estim\u00e9e\" \/>\n\t<meta name=\"twitter:data2\" content=\"2 minutes\" \/>\n<script type=\"application\/ld+json\" class=\"yoast-schema-graph\">{\"@context\":\"https:\/\/schema.org\",\"@graph\":[{\"@type\":\"Article\",\"@id\":\"https:\/\/lavoixdelanation.tg\/index.php\/2026\/03\/31\/togo-lancement-de-la-9eme-edition-du-festival-national-des-danses-traditionnelles\/#article\",\"isPartOf\":{\"@id\":\"https:\/\/lavoixdelanation.tg\/index.php\/2026\/03\/31\/togo-lancement-de-la-9eme-edition-du-festival-national-des-danses-traditionnelles\/\"},\"author\":{\"name\":\"La voix de la nation\",\"@id\":\"https:\/\/lavoixdelanation.tg\/#\/schema\/person\/6c489293aa38053673a9e554acb6e224\"},\"headline\":\"Togo\u00a0: Lancement de la 9\u00e8me \u00e9dition du Festival National des Danses Traditionnelles\",\"datePublished\":\"2026-03-31T00:21:00+00:00\",\"dateModified\":\"2026-04-02T00:27:17+00:00\",\"mainEntityOfPage\":{\"@id\":\"https:\/\/lavoixdelanation.tg\/index.php\/2026\/03\/31\/togo-lancement-de-la-9eme-edition-du-festival-national-des-danses-traditionnelles\/\"},\"wordCount\":363,\"commentCount\":0,\"publisher\":{\"@id\":\"https:\/\/lavoixdelanation.tg\/#organization\"},\"image\":{\"@id\":\"https:\/\/lavoixdelanation.tg\/index.php\/2026\/03\/31\/togo-lancement-de-la-9eme-edition-du-festival-national-des-danses-traditionnelles\/#primaryimage\"},\"thumbnailUrl\":\"https:\/\/lavoixdelanation.tg\/wp-content\/uploads\/2026\/04\/Lancement-de-la-9eme-edition-du-FESNAD-au-Togo.jpg\",\"articleSection\":[\"Top actualit\u00e9s\"],\"inLanguage\":\"fr-FR\",\"potentialAction\":[{\"@type\":\"CommentAction\",\"name\":\"Comment\",\"target\":[\"https:\/\/lavoixdelanation.tg\/index.php\/2026\/03\/31\/togo-lancement-de-la-9eme-edition-du-festival-national-des-danses-traditionnelles\/#respond\"]}]},{\"@type\":\"WebPage\",\"@id\":\"https:\/\/lavoixdelanation.tg\/index.php\/2026\/03\/31\/togo-lancement-de-la-9eme-edition-du-festival-national-des-danses-traditionnelles\/\",\"url\":\"https:\/\/lavoixdelanation.tg\/index.php\/2026\/03\/31\/togo-lancement-de-la-9eme-edition-du-festival-national-des-danses-traditionnelles\/\",\"name\":\"Togo\u00a0: Lancement de la 9\u00e8me \u00e9dition du Festival National des Danses Traditionnelles - La Voix de la Nation\",\"isPartOf\":{\"@id\":\"https:\/\/lavoixdelanation.tg\/#website\"},\"primaryImageOfPage\":{\"@id\":\"https:\/\/lavoixdelanation.tg\/index.php\/2026\/03\/31\/togo-lancement-de-la-9eme-edition-du-festival-national-des-danses-traditionnelles\/#primaryimage\"},\"image\":{\"@id\":\"https:\/\/lavoixdelanation.tg\/index.php\/2026\/03\/31\/togo-lancement-de-la-9eme-edition-du-festival-national-des-danses-traditionnelles\/#primaryimage\"},\"thumbnailUrl\":\"https:\/\/lavoixdelanation.tg\/wp-content\/uploads\/2026\/04\/Lancement-de-la-9eme-edition-du-FESNAD-au-Togo.jpg\",\"datePublished\":\"2026-03-31T00:21:00+00:00\",\"dateModified\":\"2026-04-02T00:27:17+00:00\",\"breadcrumb\":{\"@id\":\"https:\/\/lavoixdelanation.tg\/index.php\/2026\/03\/31\/togo-lancement-de-la-9eme-edition-du-festival-national-des-danses-traditionnelles\/#breadcrumb\"},\"inLanguage\":\"fr-FR\",\"potentialAction\":[{\"@type\":\"ReadAction\",\"target\":[\"https:\/\/lavoixdelanation.tg\/index.php\/2026\/03\/31\/togo-lancement-de-la-9eme-edition-du-festival-national-des-danses-traditionnelles\/\"]}]},{\"@type\":\"ImageObject\",\"inLanguage\":\"fr-FR\",\"@id\":\"https:\/\/lavoixdelanation.tg\/index.php\/2026\/03\/31\/togo-lancement-de-la-9eme-edition-du-festival-national-des-danses-traditionnelles\/#primaryimage\",\"url\":\"https:\/\/lavoixdelanation.tg\/wp-content\/uploads\/2026\/04\/Lancement-de-la-9eme-edition-du-FESNAD-au-Togo.jpg\",\"contentUrl\":\"https:\/\/lavoixdelanation.tg\/wp-content\/uploads\/2026\/04\/Lancement-de-la-9eme-edition-du-FESNAD-au-Togo.jpg\",\"width\":1280,\"height\":853},{\"@type\":\"BreadcrumbList\",\"@id\":\"https:\/\/lavoixdelanation.tg\/index.php\/2026\/03\/31\/togo-lancement-de-la-9eme-edition-du-festival-national-des-danses-traditionnelles\/#breadcrumb\",\"itemListElement\":[{\"@type\":\"ListItem\",\"position\":1,\"name\":\"Accueil\",\"item\":\"https:\/\/lavoixdelanation.tg\/\"},{\"@type\":\"ListItem\",\"position\":2,\"name\":\"Togo\u00a0: Lancement de la 9\u00e8me \u00e9dition du Festival National des Danses Traditionnelles\"}]},{\"@type\":\"WebSite\",\"@id\":\"https:\/\/lavoixdelanation.tg\/#website\",\"url\":\"https:\/\/lavoixdelanation.tg\/\",\"name\":\"La Voix de la Nation\",\"description\":\"R\u00e9c\u00e9piss\u00e9 n\u00b00108\/HAAC\/01-2024\/pl\/P\",\"publisher\":{\"@id\":\"https:\/\/lavoixdelanation.tg\/#organization\"},\"alternateName\":\"VON\",\"potentialAction\":[{\"@type\":\"SearchAction\",\"target\":{\"@type\":\"EntryPoint\",\"urlTemplate\":\"https:\/\/lavoixdelanation.tg\/?s={search_term_string}\"},\"query-input\":{\"@type\":\"PropertyValueSpecification\",\"valueRequired\":true,\"valueName\":\"search_term_string\"}}],\"inLanguage\":\"fr-FR\"},{\"@type\":\"Organization\",\"@id\":\"https:\/\/lavoixdelanation.tg\/#organization\",\"name\":\"La Voix de la Nation\",\"url\":\"https:\/\/lavoixdelanation.tg\/\",\"logo\":{\"@type\":\"ImageObject\",\"inLanguage\":\"fr-FR\",\"@id\":\"https:\/\/lavoixdelanation.tg\/#\/schema\/logo\/image\/\",\"url\":\"https:\/\/lavoixdelanation.tg\/wp-content\/uploads\/2024\/12\/lavn-1.png\",\"contentUrl\":\"https:\/\/lavoixdelanation.tg\/wp-content\/uploads\/2024\/12\/lavn-1.png\",\"width\":1024,\"height\":464,\"caption\":\"La Voix de la Nation\"},\"image\":{\"@id\":\"https:\/\/lavoixdelanation.tg\/#\/schema\/logo\/image\/\"},\"sameAs\":[\"https:\/\/www.facebook.com\/lavoixdelanation\"]},{\"@type\":\"Person\",\"@id\":\"https:\/\/lavoixdelanation.tg\/#\/schema\/person\/6c489293aa38053673a9e554acb6e224\",\"name\":\"La voix de la nation\",\"image\":{\"@type\":\"ImageObject\",\"inLanguage\":\"fr-FR\",\"@id\":\"https:\/\/lavoixdelanation.tg\/#\/schema\/person\/image\/\",\"url\":\"https:\/\/secure.gravatar.com\/avatar\/8aa135d4bbc794494cecaa8d483f6d6cc1023624868deaff686baed5e727a5a1?s=96&d=mm&r=g\",\"contentUrl\":\"https:\/\/secure.gravatar.com\/avatar\/8aa135d4bbc794494cecaa8d483f6d6cc1023624868deaff686baed5e727a5a1?s=96&d=mm&r=g\",\"caption\":\"La voix de la nation\"},\"sameAs\":[\"https:\/\/lavoixdelanation.tg\"],\"url\":\"https:\/\/lavoixdelanation.tg\/index.php\/author\/lavn\/\"}]}<\/script>\n<!-- \/ Yoast SEO plugin. -->","yoast_head_json":{"title":"Togo\u00a0: Lancement de la 9\u00e8me \u00e9dition du Festival National des Danses Traditionnelles - La Voix de la Nation","robots":{"index":"index","follow":"follow","max-snippet":"max-snippet:-1","max-image-preview":"max-image-preview:large","max-video-preview":"max-video-preview:-1"},"canonical":"https:\/\/lavoixdelanation.tg\/index.php\/2026\/03\/31\/togo-lancement-de-la-9eme-edition-du-festival-national-des-danses-traditionnelles\/","og_locale":"fr_FR","og_type":"article","og_title":"Togo\u00a0: Lancement de la 9\u00e8me \u00e9dition du Festival National des Danses Traditionnelles - La Voix de la Nation","og_description":"C\u2019est parti pour la 9\u00e8me \u00e9dition du Festival National des Danses Traditionnelles (FESNAD). L\u2019\u00e9v\u00e8nement a \u00e9t\u00e9 officiellement lanc\u00e9 ce lundi 30 mars 2026 \u00e0 Lom\u00e9 au cours d\u2019une c\u00e9r\u00e9monie pr\u00e9sid\u00e9e&hellip;","og_url":"https:\/\/lavoixdelanation.tg\/index.php\/2026\/03\/31\/togo-lancement-de-la-9eme-edition-du-festival-national-des-danses-traditionnelles\/","og_site_name":"La Voix de la Nation","article_publisher":"https:\/\/www.facebook.com\/lavoixdelanation","article_published_time":"2026-03-31T00:21:00+00:00","article_modified_time":"2026-04-02T00:27:17+00:00","og_image":[{"width":1280,"height":853,"url":"https:\/\/lavoixdelanation.tg\/wp-content\/uploads\/2026\/04\/Lancement-de-la-9eme-edition-du-FESNAD-au-Togo.jpg","type":"image\/jpeg"}],"author":"La voix de la nation","twitter_card":"summary_large_image","twitter_misc":{"\u00c9crit par":"La voix de la nation","Dur\u00e9e de lecture estim\u00e9e":"2 minutes"},"schema":{"@context":"https:\/\/schema.org","@graph":[{"@type":"Article","@id":"https:\/\/lavoixdelanation.tg\/index.php\/2026\/03\/31\/togo-lancement-de-la-9eme-edition-du-festival-national-des-danses-traditionnelles\/#article","isPartOf":{"@id":"https:\/\/lavoixdelanation.tg\/index.php\/2026\/03\/31\/togo-lancement-de-la-9eme-edition-du-festival-national-des-danses-traditionnelles\/"},"author":{"name":"La voix de la nation","@id":"https:\/\/lavoixdelanation.tg\/#\/schema\/person\/6c489293aa38053673a9e554acb6e224"},"headline":"Togo\u00a0: Lancement de la 9\u00e8me \u00e9dition du Festival National des Danses Traditionnelles","datePublished":"2026-03-31T00:21:00+00:00","dateModified":"2026-04-02T00:27:17+00:00","mainEntityOfPage":{"@id":"https:\/\/lavoixdelanation.tg\/index.php\/2026\/03\/31\/togo-lancement-de-la-9eme-edition-du-festival-national-des-danses-traditionnelles\/"},"wordCount":363,"commentCount":0,"publisher":{"@id":"https:\/\/lavoixdelanation.tg\/#organization"},"image":{"@id":"https:\/\/lavoixdelanation.tg\/index.php\/2026\/03\/31\/togo-lancement-de-la-9eme-edition-du-festival-national-des-danses-traditionnelles\/#primaryimage"},"thumbnailUrl":"https:\/\/lavoixdelanation.tg\/wp-content\/uploads\/2026\/04\/Lancement-de-la-9eme-edition-du-FESNAD-au-Togo.jpg","articleSection":["Top actualit\u00e9s"],"inLanguage":"fr-FR","potentialAction":[{"@type":"CommentAction","name":"Comment","target":["https:\/\/lavoixdelanation.tg\/index.php\/2026\/03\/31\/togo-lancement-de-la-9eme-edition-du-festival-national-des-danses-traditionnelles\/#respond"]}]},{"@type":"WebPage","@id":"https:\/\/lavoixdelanation.tg\/index.php\/2026\/03\/31\/togo-lancement-de-la-9eme-edition-du-festival-national-des-danses-traditionnelles\/","url":"https:\/\/lavoixdelanation.tg\/index.php\/2026\/03\/31\/togo-lancement-de-la-9eme-edition-du-festival-national-des-danses-traditionnelles\/","name":"Togo\u00a0: Lancement de la 9\u00e8me \u00e9dition du Festival National des Danses Traditionnelles - La Voix de la Nation","isPartOf":{"@id":"https:\/\/lavoixdelanation.tg\/#website"},"primaryImageOfPage":{"@id":"https:\/\/lavoixdelanation.tg\/index.php\/2026\/03\/31\/togo-lancement-de-la-9eme-edition-du-festival-national-des-danses-traditionnelles\/#primaryimage"},"image":{"@id":"https:\/\/lavoixdelanation.tg\/index.php\/2026\/03\/31\/togo-lancement-de-la-9eme-edition-du-festival-national-des-danses-traditionnelles\/#primaryimage"},"thumbnailUrl":"https:\/\/lavoixdelanation.tg\/wp-content\/uploads\/2026\/04\/Lancement-de-la-9eme-edition-du-FESNAD-au-Togo.jpg","datePublished":"2026-03-31T00:21:00+00:00","dateModified":"2026-04-02T00:27:17+00:00","breadcrumb":{"@id":"https:\/\/lavoixdelanation.tg\/index.php\/2026\/03\/31\/togo-lancement-de-la-9eme-edition-du-festival-national-des-danses-traditionnelles\/#breadcrumb"},"inLanguage":"fr-FR","potentialAction":[{"@type":"ReadAction","target":["https:\/\/lavoixdelanation.tg\/index.php\/2026\/03\/31\/togo-lancement-de-la-9eme-edition-du-festival-national-des-danses-traditionnelles\/"]}]},{"@type":"ImageObject","inLanguage":"fr-FR","@id":"https:\/\/lavoixdelanation.tg\/index.php\/2026\/03\/31\/togo-lancement-de-la-9eme-edition-du-festival-national-des-danses-traditionnelles\/#primaryimage","url":"https:\/\/lavoixdelanation.tg\/wp-content\/uploads\/2026\/04\/Lancement-de-la-9eme-edition-du-FESNAD-au-Togo.jpg","contentUrl":"https:\/\/lavoixdelanation.tg\/wp-content\/uploads\/2026\/04\/Lancement-de-la-9eme-edition-du-FESNAD-au-Togo.jpg","width":1280,"height":853},{"@type":"BreadcrumbList","@id":"https:\/\/lavoixdelanation.tg\/index.php\/2026\/03\/31\/togo-lancement-de-la-9eme-edition-du-festival-national-des-danses-traditionnelles\/#breadcrumb","itemListElement":[{"@type":"ListItem","position":1,"name":"Accueil","item":"https:\/\/lavoixdelanation.tg\/"},{"@type":"ListItem","position":2,"name":"Togo\u00a0: Lancement de la 9\u00e8me \u00e9dition du Festival National des Danses Traditionnelles"}]},{"@type":"WebSite","@id":"https:\/\/lavoixdelanation.tg\/#website","url":"https:\/\/lavoixdelanation.tg\/","name":"La Voix de la Nation","description":"R\u00e9c\u00e9piss\u00e9 n\u00b00108\/HAAC\/01-2024\/pl\/P","publisher":{"@id":"https:\/\/lavoixdelanation.tg\/#organization"},"alternateName":"VON","potentialAction":[{"@type":"SearchAction","target":{"@type":"EntryPoint","urlTemplate":"https:\/\/lavoixdelanation.tg\/?s={search_term_string}"},"query-input":{"@type":"PropertyValueSpecification","valueRequired":true,"valueName":"search_term_string"}}],"inLanguage":"fr-FR"},{"@type":"Organization","@id":"https:\/\/lavoixdelanation.tg\/#organization","name":"La Voix de la Nation","url":"https:\/\/lavoixdelanation.tg\/","logo":{"@type":"ImageObject","inLanguage":"fr-FR","@id":"https:\/\/lavoixdelanation.tg\/#\/schema\/logo\/image\/","url":"https:\/\/lavoixdelanation.tg\/wp-content\/uploads\/2024\/12\/lavn-1.png","contentUrl":"https:\/\/lavoixdelanation.tg\/wp-content\/uploads\/2024\/12\/lavn-1.png","width":1024,"height":464,"caption":"La Voix de la Nation"},"image":{"@id":"https:\/\/lavoixdelanation.tg\/#\/schema\/logo\/image\/"},"sameAs":["https:\/\/www.facebook.com\/lavoixdelanation"]},{"@type":"Person","@id":"https:\/\/lavoixdelanation.tg\/#\/schema\/person\/6c489293aa38053673a9e554acb6e224","name":"La voix de la nation","image":{"@type":"ImageObject","inLanguage":"fr-FR","@id":"https:\/\/lavoixdelanation.tg\/#\/schema\/person\/image\/","url":"https:\/\/secure.gravatar.com\/avatar\/8aa135d4bbc794494cecaa8d483f6d6cc1023624868deaff686baed5e727a5a1?s=96&d=mm&r=g","contentUrl":"https:\/\/secure.gravatar.com\/avatar\/8aa135d4bbc794494cecaa8d483f6d6cc1023624868deaff686baed5e727a5a1?s=96&d=mm&r=g","caption":"La voix de la nation"},"sameAs":["https:\/\/lavoixdelanation.tg"],"url":"https:\/\/lavoixdelanation.tg\/index.php\/author\/lavn\/"}]}},"_links":{"self":[{"href":"https:\/\/lavoixdelanation.tg\/index.php\/wp-json\/wp\/v2\/posts\/15745","targetHints":{"allow":["GET"]}}],"collection":[{"href":"https:\/\/lavoixdelanation.tg\/index.php\/wp-json\/wp\/v2\/posts"}],"about":[{"href":"https:\/\/lavoixdelanation.tg\/index.php\/wp-json\/wp\/v2\/types\/post"}],"author":[{"embeddable":true,"href":"https:\/\/lavoixdelanation.tg\/index.php\/wp-json\/wp\/v2\/users\/1"}],"replies":[{"embeddable":true,"href":"https:\/\/lavoixdelanation.tg\/index.php\/wp-json\/wp\/v2\/comments?post=15745"}],"version-history":[{"count":1,"href":"https:\/\/lavoixdelanation.tg\/index.php\/wp-json\/wp\/v2\/posts\/15745\/revisions"}],"predecessor-version":[{"id":15748,"href":"https:\/\/lavoixdelanation.tg\/index.php\/wp-json\/wp\/v2\/posts\/15745\/revisions\/15748"}],"wp:featuredmedia":[{"embeddable":true,"href":"https:\/\/lavoixdelanation.tg\/index.php\/wp-json\/wp\/v2\/media\/15746"}],"wp:attachment":[{"href":"https:\/\/lavoixdelanation.tg\/index.php\/wp-json\/wp\/v2\/media?parent=15745"}],"wp:term":[{"taxonomy":"category","embeddable":true,"href":"https:\/\/lavoixdelanation.tg\/index.php\/wp-json\/wp\/v2\/categories?post=15745"},{"taxonomy":"post_tag","embeddable":true,"href":"https:\/\/lavoixdelanation.tg\/index.php\/wp-json\/wp\/v2\/tags?post=15745"}],"curies":[{"name":"wp","href":"https:\/\/api.w.org\/{rel}","templated":true}]}}