{"id":15737,"date":"2026-03-28T14:44:07","date_gmt":"2026-03-28T13:44:07","guid":{"rendered":"https:\/\/lavoixdelanation.tg\/?p=15737"},"modified":"2026-03-29T14:48:45","modified_gmt":"2026-03-29T12:48:45","slug":"droits-economiques-des-femmes-le-togo-classe-2e-rang-en-afrique","status":"publish","type":"post","link":"https:\/\/lavoixdelanation.tg\/index.php\/2026\/03\/28\/droits-economiques-des-femmes-le-togo-classe-2e-rang-en-afrique\/","title":{"rendered":"Droits \u00e9conomiques des femmes\u00a0: Le Togo class\u00e9 2e rang en Afrique"},"content":{"rendered":"\n<p><strong>Le Togo se hisse au 2<sup>e<\/sup> rang en Afrique en mati\u00e8re des cadres juridiques et institutionnels relatifs aux droits \u00e9conomiques des femmes. &nbsp;C\u2019est ce que r\u00e9v\u00e8le l\u2019\u00e9dition 2026 du rapport \u00ab&nbsp;Women Business and Law\/Les Femmes, l\u2019Entreprise et le Droit&nbsp;\u00bb la Banque Mondiale pr\u00e9sent\u00e9 ce 27 mars 2026 \u00e0 Lom\u00e9.<\/strong><\/p>\n\n\n\n<p>Pour le pilier des cadres juridiques, le Togo obtient en effet le score de 79,33\/100, derri\u00e8re l\u2019\u00cele Maurice (82,3\/100) class\u00e9 1<sup>er<\/sup>, et devant la C\u00f4te d&rsquo;Ivoire et le Cap Vert.<\/p>\n\n\n\n<p>En mati\u00e8re de mobilit\u00e9, le cadre juridique est favorable (75\/100) et l\u2019effectivit\u00e9 des droits est jug\u00e9e satisfaisante (68,75\/100).<\/p>\n\n\n\n<p>Le Togo figure en outre parmi les rares \u00e9conomies africaines permettant aux salari\u00e9s de solliciter des modalit\u00e9s de travail flexibles, contribuant ainsi \u00e0 une meilleure inclusion \u00e9conomique.<\/p>\n\n\n\n<p>La c\u00e9r\u00e9monie de pr\u00e9sentation a \u00e9t\u00e9 pr\u00e9sid\u00e9e par Dr Sandra Ablamba JOHNSON, Ministre-Secr\u00e9taire G\u00e9n\u00e9ral de la Pr\u00e9sidence du Conseil, en pr\u00e9sence de Tony VERHEIJEN, Repr\u00e9sentant R\u00e9sident du Groupe de la Banque mondiale, et de plusieurs autres personnalit\u00e9s.<\/p>\n\n\n\n<p class=\"has-text-align-center\"><strong>Les facteurs de cette performance<\/strong><\/p>\n\n\n\n<p>Dr Sandra Ablamba JOHNSON a expliqu\u00e9 que le premier facteur de cette performance du Togo est la volont\u00e9 politique affirm\u00e9e au plus haut niveau, celle du Pr\u00e9sident du Conseil Faure Gnassingb\u00e9, qui a fait de l\u2019\u00e9galit\u00e9 du genre, une de ses priorit\u00e9s.<\/p>\n\n\n\n<p>Le pays a en effet initi\u00e9 et mis en \u0153uvre des r\u00e9formes structurantes ces derni\u00e8res ann\u00e9es sous l\u2019impulsion du Pr\u00e9sident du Conseil, notamment dans les domaines de l\u2019emploi et de l\u2019entrepreneuriat, y compris des initiatives li\u00e9es \u00e0 la garde d\u2019enfants.<\/p>\n\n\n\n<figure class=\"wp-block-image size-large\"><img loading=\"lazy\" decoding=\"async\" width=\"1024\" height=\"683\" src=\"https:\/\/lavoixdelanation.tg\/wp-content\/uploads\/2026\/03\/Lancement-du-rapport-sur-les-droits-economiques-des-femmes-au-Togo-en-2026-1024x683.jpeg\" alt=\"\" class=\"wp-image-15740\" srcset=\"https:\/\/lavoixdelanation.tg\/wp-content\/uploads\/2026\/03\/Lancement-du-rapport-sur-les-droits-economiques-des-femmes-au-Togo-en-2026-1024x683.jpeg 1024w, https:\/\/lavoixdelanation.tg\/wp-content\/uploads\/2026\/03\/Lancement-du-rapport-sur-les-droits-economiques-des-femmes-au-Togo-en-2026-300x200.jpeg 300w, https:\/\/lavoixdelanation.tg\/wp-content\/uploads\/2026\/03\/Lancement-du-rapport-sur-les-droits-economiques-des-femmes-au-Togo-en-2026-768x512.jpeg 768w, https:\/\/lavoixdelanation.tg\/wp-content\/uploads\/2026\/03\/Lancement-du-rapport-sur-les-droits-economiques-des-femmes-au-Togo-en-2026.jpeg 1080w\" sizes=\"auto, (max-width: 1024px) 100vw, 1024px\" \/><\/figure>\n\n\n\n<p>Cette dynamique s\u2019est acc\u00e9l\u00e9r\u00e9e ces derni\u00e8res ann\u00e9es, en particulier avec la r\u00e9vision du Code des personnes et de la famille, Code de s\u00e9curit\u00e9 sociale, du code p\u00e9nal et du code du travail, conduisant \u00e0 une am\u00e9lioration significative du score.<\/p>\n\n\n\n<p>Cela traduit la volont\u00e9 constante du Gouvernement de renforcer le cadre normatif et institutionnel en faveur de l\u2019\u00e9galit\u00e9 \u00e9conomique de genre.<\/p>\n\n\n\n<p>Le rapport souligne que de telles avanc\u00e9es l\u00e9gislatives sont directement corr\u00e9l\u00e9es \u00e0 une augmentation de la participation des femmes au march\u00e9 du travail et \u00e0 une croissance \u00e9conomique plus inclusive.<\/p>\n\n\n\n<p>Le Repr\u00e9sentant R\u00e9sident du Groupe de la Banque Mondiale a salu\u00e9 le positionnement du Togo qui traduit le fruit d&rsquo;un travail l\u00e9gislatif soutenu et courageux.<\/p>\n\n\n\n<p>\u00ab&nbsp;Le groupe de la Banque mondiale reste r\u00e9solu aux c\u00f4t\u00e9s du Togo. Nous f\u00e9licitons le gouvernement togolais pour les progr\u00e8s accomplis, et nous invitons l&rsquo;ensemble des acteurs \u00e0 travailler ensemble pour que chaque femme togolaise puisse b\u00e9n\u00e9ficier, dans sa vie quotidienne, des droits que la loi lui reconna\u00eet d\u00e9j\u00e0&nbsp;\u00bb, a laiss\u00e9 entendre Tony VERHEIJEN.<\/p>\n\n\n\n<p>Le Gouvernement r\u00e9affirme son engagement \u00e0 consolider les acquis, \u00e0 renforcer les cadres de soutien, \u00e0 combler le foss\u00e9 entre la loi et la pratique et \u00e0 promouvoir une participation accrue des femmes au d\u00e9veloppement \u00e9conomique national, dans une perspective de croissance inclusive et durable.<\/p>\n\n\n\n<p>\u00ab&nbsp;Ces r\u00e9sultats ne doivent pas nous amener \u00e0 rester dans l\u2019autosatisfaction. Nous devons poursuivre la dynamique des r\u00e9formes&nbsp;\u00bb, a d\u00e9clar\u00e9 Dr Sandra Ablamba JOHNSON.<\/p>\n\n\n\n<p>Il faut souligner que l\u2019\u00e9dition 2026 du rapport introduit une \u00e9volution m\u00e9thodologique majeure. En plus des lois en vigueur c\u2019est-\u00e0-dire des cadres juridiques (\u00e9galit\u00e9 formelle consacr\u00e9e par la loi), le rapport \u00e9value \u00e9galement les cadres de soutien (politiques publiques et institutions facilitant l\u2019application des droits) et les perceptions d\u2019application (effectivit\u00e9 r\u00e9elle des droits dans la pratique).<\/p>\n\n\n\n<p><strong>David S.<\/strong><\/p>\n","protected":false},"excerpt":{"rendered":"<p>Le Togo se hisse au 2e rang en Afrique en mati\u00e8re des cadres juridiques et institutionnels relatifs aux droits \u00e9conomiques des femmes. &nbsp;C\u2019est ce que r\u00e9v\u00e8le l\u2019\u00e9dition 2026 du rapport&hellip; <\/p>\n","protected":false},"author":1,"featured_media":15738,"comment_status":"open","ping_status":"closed","sticky":false,"template":"","format":"standard","meta":{"footnotes":""},"categories":[8,29],"tags":[74,1364,1363,266,39,1362],"class_list":["post-15737","post","type-post","status-publish","format-standard","has-post-thumbnail","hentry","category-economie","category-societe","tag-banque-mondiale","tag-cadres-juridiques","tag-droits-economiques","tag-sandra-ablamba-johnson","tag-togo","tag-women-business-and-law"],"yoast_head":"<!-- This site is optimized with the Yoast SEO plugin v26.4 - https:\/\/yoast.com\/wordpress\/plugins\/seo\/ -->\n<title>Droits \u00e9conomiques des femmes\u00a0: Le Togo class\u00e9 2e rang en Afrique - La Voix de la Nation<\/title>\n<meta name=\"robots\" content=\"index, follow, max-snippet:-1, max-image-preview:large, max-video-preview:-1\" \/>\n<link rel=\"canonical\" href=\"https:\/\/lavoixdelanation.tg\/index.php\/2026\/03\/28\/droits-economiques-des-femmes-le-togo-classe-2e-rang-en-afrique\/\" \/>\n<meta property=\"og:locale\" content=\"fr_FR\" \/>\n<meta property=\"og:type\" content=\"article\" \/>\n<meta property=\"og:title\" content=\"Droits \u00e9conomiques des femmes\u00a0: Le Togo class\u00e9 2e rang en Afrique - La Voix de la Nation\" \/>\n<meta property=\"og:description\" content=\"Le Togo se hisse au 2e rang en Afrique en mati\u00e8re des cadres juridiques et institutionnels relatifs aux droits \u00e9conomiques des femmes. &nbsp;C\u2019est ce que r\u00e9v\u00e8le l\u2019\u00e9dition 2026 du rapport&hellip;\" \/>\n<meta property=\"og:url\" content=\"https:\/\/lavoixdelanation.tg\/index.php\/2026\/03\/28\/droits-economiques-des-femmes-le-togo-classe-2e-rang-en-afrique\/\" \/>\n<meta property=\"og:site_name\" content=\"La Voix de la Nation\" \/>\n<meta property=\"article:publisher\" content=\"https:\/\/www.facebook.com\/lavoixdelanation\" \/>\n<meta property=\"article:published_time\" content=\"2026-03-28T13:44:07+00:00\" \/>\n<meta property=\"article:modified_time\" content=\"2026-03-29T12:48:45+00:00\" \/>\n<meta property=\"og:image\" content=\"https:\/\/lavoixdelanation.tg\/wp-content\/uploads\/2026\/03\/Lancement-du-rapport-sur-les-droits-economiques-des-femmes-au-Togo.jpeg\" \/>\n\t<meta property=\"og:image:width\" content=\"1080\" \/>\n\t<meta property=\"og:image:height\" content=\"720\" \/>\n\t<meta property=\"og:image:type\" content=\"image\/jpeg\" \/>\n<meta name=\"author\" content=\"La voix de la nation\" \/>\n<meta name=\"twitter:card\" content=\"summary_large_image\" \/>\n<meta name=\"twitter:label1\" content=\"\u00c9crit par\" \/>\n\t<meta name=\"twitter:data1\" content=\"La voix de la nation\" \/>\n\t<meta name=\"twitter:label2\" content=\"Dur\u00e9e de lecture estim\u00e9e\" \/>\n\t<meta name=\"twitter:data2\" content=\"4 minutes\" \/>\n<script type=\"application\/ld+json\" class=\"yoast-schema-graph\">{\"@context\":\"https:\/\/schema.org\",\"@graph\":[{\"@type\":\"Article\",\"@id\":\"https:\/\/lavoixdelanation.tg\/index.php\/2026\/03\/28\/droits-economiques-des-femmes-le-togo-classe-2e-rang-en-afrique\/#article\",\"isPartOf\":{\"@id\":\"https:\/\/lavoixdelanation.tg\/index.php\/2026\/03\/28\/droits-economiques-des-femmes-le-togo-classe-2e-rang-en-afrique\/\"},\"author\":{\"name\":\"La voix de la nation\",\"@id\":\"https:\/\/lavoixdelanation.tg\/#\/schema\/person\/6c489293aa38053673a9e554acb6e224\"},\"headline\":\"Droits \u00e9conomiques des femmes\u00a0: Le Togo class\u00e9 2e rang en Afrique\",\"datePublished\":\"2026-03-28T13:44:07+00:00\",\"dateModified\":\"2026-03-29T12:48:45+00:00\",\"mainEntityOfPage\":{\"@id\":\"https:\/\/lavoixdelanation.tg\/index.php\/2026\/03\/28\/droits-economiques-des-femmes-le-togo-classe-2e-rang-en-afrique\/\"},\"wordCount\":628,\"commentCount\":0,\"publisher\":{\"@id\":\"https:\/\/lavoixdelanation.tg\/#organization\"},\"image\":{\"@id\":\"https:\/\/lavoixdelanation.tg\/index.php\/2026\/03\/28\/droits-economiques-des-femmes-le-togo-classe-2e-rang-en-afrique\/#primaryimage\"},\"thumbnailUrl\":\"https:\/\/lavoixdelanation.tg\/wp-content\/uploads\/2026\/03\/Lancement-du-rapport-sur-les-droits-economiques-des-femmes-au-Togo.jpeg\",\"keywords\":[\"Banque mondiale\",\"cadres juridiques\",\"Droits \u00e9conomiques\",\"Sandra Ablamba Johnson\",\"Togo\",\"Women Business and Law\"],\"articleSection\":[\"Economie\",\"Soci\u00e9t\u00e9\"],\"inLanguage\":\"fr-FR\",\"potentialAction\":[{\"@type\":\"CommentAction\",\"name\":\"Comment\",\"target\":[\"https:\/\/lavoixdelanation.tg\/index.php\/2026\/03\/28\/droits-economiques-des-femmes-le-togo-classe-2e-rang-en-afrique\/#respond\"]}]},{\"@type\":\"WebPage\",\"@id\":\"https:\/\/lavoixdelanation.tg\/index.php\/2026\/03\/28\/droits-economiques-des-femmes-le-togo-classe-2e-rang-en-afrique\/\",\"url\":\"https:\/\/lavoixdelanation.tg\/index.php\/2026\/03\/28\/droits-economiques-des-femmes-le-togo-classe-2e-rang-en-afrique\/\",\"name\":\"Droits \u00e9conomiques des femmes\u00a0: Le Togo class\u00e9 2e rang en Afrique - La Voix de la Nation\",\"isPartOf\":{\"@id\":\"https:\/\/lavoixdelanation.tg\/#website\"},\"primaryImageOfPage\":{\"@id\":\"https:\/\/lavoixdelanation.tg\/index.php\/2026\/03\/28\/droits-economiques-des-femmes-le-togo-classe-2e-rang-en-afrique\/#primaryimage\"},\"image\":{\"@id\":\"https:\/\/lavoixdelanation.tg\/index.php\/2026\/03\/28\/droits-economiques-des-femmes-le-togo-classe-2e-rang-en-afrique\/#primaryimage\"},\"thumbnailUrl\":\"https:\/\/lavoixdelanation.tg\/wp-content\/uploads\/2026\/03\/Lancement-du-rapport-sur-les-droits-economiques-des-femmes-au-Togo.jpeg\",\"datePublished\":\"2026-03-28T13:44:07+00:00\",\"dateModified\":\"2026-03-29T12:48:45+00:00\",\"breadcrumb\":{\"@id\":\"https:\/\/lavoixdelanation.tg\/index.php\/2026\/03\/28\/droits-economiques-des-femmes-le-togo-classe-2e-rang-en-afrique\/#breadcrumb\"},\"inLanguage\":\"fr-FR\",\"potentialAction\":[{\"@type\":\"ReadAction\",\"target\":[\"https:\/\/lavoixdelanation.tg\/index.php\/2026\/03\/28\/droits-economiques-des-femmes-le-togo-classe-2e-rang-en-afrique\/\"]}]},{\"@type\":\"ImageObject\",\"inLanguage\":\"fr-FR\",\"@id\":\"https:\/\/lavoixdelanation.tg\/index.php\/2026\/03\/28\/droits-economiques-des-femmes-le-togo-classe-2e-rang-en-afrique\/#primaryimage\",\"url\":\"https:\/\/lavoixdelanation.tg\/wp-content\/uploads\/2026\/03\/Lancement-du-rapport-sur-les-droits-economiques-des-femmes-au-Togo.jpeg\",\"contentUrl\":\"https:\/\/lavoixdelanation.tg\/wp-content\/uploads\/2026\/03\/Lancement-du-rapport-sur-les-droits-economiques-des-femmes-au-Togo.jpeg\",\"width\":1080,\"height\":720},{\"@type\":\"BreadcrumbList\",\"@id\":\"https:\/\/lavoixdelanation.tg\/index.php\/2026\/03\/28\/droits-economiques-des-femmes-le-togo-classe-2e-rang-en-afrique\/#breadcrumb\",\"itemListElement\":[{\"@type\":\"ListItem\",\"position\":1,\"name\":\"Accueil\",\"item\":\"https:\/\/lavoixdelanation.tg\/\"},{\"@type\":\"ListItem\",\"position\":2,\"name\":\"Droits \u00e9conomiques des femmes\u00a0: Le Togo class\u00e9 2e rang en Afrique\"}]},{\"@type\":\"WebSite\",\"@id\":\"https:\/\/lavoixdelanation.tg\/#website\",\"url\":\"https:\/\/lavoixdelanation.tg\/\",\"name\":\"La Voix de la Nation\",\"description\":\"R\u00e9c\u00e9piss\u00e9 n\u00b00108\/HAAC\/01-2024\/pl\/P\",\"publisher\":{\"@id\":\"https:\/\/lavoixdelanation.tg\/#organization\"},\"alternateName\":\"VON\",\"potentialAction\":[{\"@type\":\"SearchAction\",\"target\":{\"@type\":\"EntryPoint\",\"urlTemplate\":\"https:\/\/lavoixdelanation.tg\/?s={search_term_string}\"},\"query-input\":{\"@type\":\"PropertyValueSpecification\",\"valueRequired\":true,\"valueName\":\"search_term_string\"}}],\"inLanguage\":\"fr-FR\"},{\"@type\":\"Organization\",\"@id\":\"https:\/\/lavoixdelanation.tg\/#organization\",\"name\":\"La Voix de la Nation\",\"url\":\"https:\/\/lavoixdelanation.tg\/\",\"logo\":{\"@type\":\"ImageObject\",\"inLanguage\":\"fr-FR\",\"@id\":\"https:\/\/lavoixdelanation.tg\/#\/schema\/logo\/image\/\",\"url\":\"https:\/\/lavoixdelanation.tg\/wp-content\/uploads\/2024\/12\/lavn-1.png\",\"contentUrl\":\"https:\/\/lavoixdelanation.tg\/wp-content\/uploads\/2024\/12\/lavn-1.png\",\"width\":1024,\"height\":464,\"caption\":\"La Voix de la Nation\"},\"image\":{\"@id\":\"https:\/\/lavoixdelanation.tg\/#\/schema\/logo\/image\/\"},\"sameAs\":[\"https:\/\/www.facebook.com\/lavoixdelanation\"]},{\"@type\":\"Person\",\"@id\":\"https:\/\/lavoixdelanation.tg\/#\/schema\/person\/6c489293aa38053673a9e554acb6e224\",\"name\":\"La voix de la nation\",\"image\":{\"@type\":\"ImageObject\",\"inLanguage\":\"fr-FR\",\"@id\":\"https:\/\/lavoixdelanation.tg\/#\/schema\/person\/image\/\",\"url\":\"https:\/\/secure.gravatar.com\/avatar\/8aa135d4bbc794494cecaa8d483f6d6cc1023624868deaff686baed5e727a5a1?s=96&d=mm&r=g\",\"contentUrl\":\"https:\/\/secure.gravatar.com\/avatar\/8aa135d4bbc794494cecaa8d483f6d6cc1023624868deaff686baed5e727a5a1?s=96&d=mm&r=g\",\"caption\":\"La voix de la nation\"},\"sameAs\":[\"https:\/\/lavoixdelanation.tg\"],\"url\":\"https:\/\/lavoixdelanation.tg\/index.php\/author\/lavn\/\"}]}<\/script>\n<!-- \/ Yoast SEO plugin. -->","yoast_head_json":{"title":"Droits \u00e9conomiques des femmes\u00a0: Le Togo class\u00e9 2e rang en Afrique - La Voix de la Nation","robots":{"index":"index","follow":"follow","max-snippet":"max-snippet:-1","max-image-preview":"max-image-preview:large","max-video-preview":"max-video-preview:-1"},"canonical":"https:\/\/lavoixdelanation.tg\/index.php\/2026\/03\/28\/droits-economiques-des-femmes-le-togo-classe-2e-rang-en-afrique\/","og_locale":"fr_FR","og_type":"article","og_title":"Droits \u00e9conomiques des femmes\u00a0: Le Togo class\u00e9 2e rang en Afrique - La Voix de la Nation","og_description":"Le Togo se hisse au 2e rang en Afrique en mati\u00e8re des cadres juridiques et institutionnels relatifs aux droits \u00e9conomiques des femmes. &nbsp;C\u2019est ce que r\u00e9v\u00e8le l\u2019\u00e9dition 2026 du rapport&hellip;","og_url":"https:\/\/lavoixdelanation.tg\/index.php\/2026\/03\/28\/droits-economiques-des-femmes-le-togo-classe-2e-rang-en-afrique\/","og_site_name":"La Voix de la Nation","article_publisher":"https:\/\/www.facebook.com\/lavoixdelanation","article_published_time":"2026-03-28T13:44:07+00:00","article_modified_time":"2026-03-29T12:48:45+00:00","og_image":[{"width":1080,"height":720,"url":"https:\/\/lavoixdelanation.tg\/wp-content\/uploads\/2026\/03\/Lancement-du-rapport-sur-les-droits-economiques-des-femmes-au-Togo.jpeg","type":"image\/jpeg"}],"author":"La voix de la nation","twitter_card":"summary_large_image","twitter_misc":{"\u00c9crit par":"La voix de la nation","Dur\u00e9e de lecture estim\u00e9e":"4 minutes"},"schema":{"@context":"https:\/\/schema.org","@graph":[{"@type":"Article","@id":"https:\/\/lavoixdelanation.tg\/index.php\/2026\/03\/28\/droits-economiques-des-femmes-le-togo-classe-2e-rang-en-afrique\/#article","isPartOf":{"@id":"https:\/\/lavoixdelanation.tg\/index.php\/2026\/03\/28\/droits-economiques-des-femmes-le-togo-classe-2e-rang-en-afrique\/"},"author":{"name":"La voix de la nation","@id":"https:\/\/lavoixdelanation.tg\/#\/schema\/person\/6c489293aa38053673a9e554acb6e224"},"headline":"Droits \u00e9conomiques des femmes\u00a0: Le Togo class\u00e9 2e rang en Afrique","datePublished":"2026-03-28T13:44:07+00:00","dateModified":"2026-03-29T12:48:45+00:00","mainEntityOfPage":{"@id":"https:\/\/lavoixdelanation.tg\/index.php\/2026\/03\/28\/droits-economiques-des-femmes-le-togo-classe-2e-rang-en-afrique\/"},"wordCount":628,"commentCount":0,"publisher":{"@id":"https:\/\/lavoixdelanation.tg\/#organization"},"image":{"@id":"https:\/\/lavoixdelanation.tg\/index.php\/2026\/03\/28\/droits-economiques-des-femmes-le-togo-classe-2e-rang-en-afrique\/#primaryimage"},"thumbnailUrl":"https:\/\/lavoixdelanation.tg\/wp-content\/uploads\/2026\/03\/Lancement-du-rapport-sur-les-droits-economiques-des-femmes-au-Togo.jpeg","keywords":["Banque mondiale","cadres juridiques","Droits \u00e9conomiques","Sandra Ablamba Johnson","Togo","Women Business and Law"],"articleSection":["Economie","Soci\u00e9t\u00e9"],"inLanguage":"fr-FR","potentialAction":[{"@type":"CommentAction","name":"Comment","target":["https:\/\/lavoixdelanation.tg\/index.php\/2026\/03\/28\/droits-economiques-des-femmes-le-togo-classe-2e-rang-en-afrique\/#respond"]}]},{"@type":"WebPage","@id":"https:\/\/lavoixdelanation.tg\/index.php\/2026\/03\/28\/droits-economiques-des-femmes-le-togo-classe-2e-rang-en-afrique\/","url":"https:\/\/lavoixdelanation.tg\/index.php\/2026\/03\/28\/droits-economiques-des-femmes-le-togo-classe-2e-rang-en-afrique\/","name":"Droits \u00e9conomiques des femmes\u00a0: Le Togo class\u00e9 2e rang en Afrique - La Voix de la Nation","isPartOf":{"@id":"https:\/\/lavoixdelanation.tg\/#website"},"primaryImageOfPage":{"@id":"https:\/\/lavoixdelanation.tg\/index.php\/2026\/03\/28\/droits-economiques-des-femmes-le-togo-classe-2e-rang-en-afrique\/#primaryimage"},"image":{"@id":"https:\/\/lavoixdelanation.tg\/index.php\/2026\/03\/28\/droits-economiques-des-femmes-le-togo-classe-2e-rang-en-afrique\/#primaryimage"},"thumbnailUrl":"https:\/\/lavoixdelanation.tg\/wp-content\/uploads\/2026\/03\/Lancement-du-rapport-sur-les-droits-economiques-des-femmes-au-Togo.jpeg","datePublished":"2026-03-28T13:44:07+00:00","dateModified":"2026-03-29T12:48:45+00:00","breadcrumb":{"@id":"https:\/\/lavoixdelanation.tg\/index.php\/2026\/03\/28\/droits-economiques-des-femmes-le-togo-classe-2e-rang-en-afrique\/#breadcrumb"},"inLanguage":"fr-FR","potentialAction":[{"@type":"ReadAction","target":["https:\/\/lavoixdelanation.tg\/index.php\/2026\/03\/28\/droits-economiques-des-femmes-le-togo-classe-2e-rang-en-afrique\/"]}]},{"@type":"ImageObject","inLanguage":"fr-FR","@id":"https:\/\/lavoixdelanation.tg\/index.php\/2026\/03\/28\/droits-economiques-des-femmes-le-togo-classe-2e-rang-en-afrique\/#primaryimage","url":"https:\/\/lavoixdelanation.tg\/wp-content\/uploads\/2026\/03\/Lancement-du-rapport-sur-les-droits-economiques-des-femmes-au-Togo.jpeg","contentUrl":"https:\/\/lavoixdelanation.tg\/wp-content\/uploads\/2026\/03\/Lancement-du-rapport-sur-les-droits-economiques-des-femmes-au-Togo.jpeg","width":1080,"height":720},{"@type":"BreadcrumbList","@id":"https:\/\/lavoixdelanation.tg\/index.php\/2026\/03\/28\/droits-economiques-des-femmes-le-togo-classe-2e-rang-en-afrique\/#breadcrumb","itemListElement":[{"@type":"ListItem","position":1,"name":"Accueil","item":"https:\/\/lavoixdelanation.tg\/"},{"@type":"ListItem","position":2,"name":"Droits \u00e9conomiques des femmes\u00a0: Le Togo class\u00e9 2e rang en Afrique"}]},{"@type":"WebSite","@id":"https:\/\/lavoixdelanation.tg\/#website","url":"https:\/\/lavoixdelanation.tg\/","name":"La Voix de la Nation","description":"R\u00e9c\u00e9piss\u00e9 n\u00b00108\/HAAC\/01-2024\/pl\/P","publisher":{"@id":"https:\/\/lavoixdelanation.tg\/#organization"},"alternateName":"VON","potentialAction":[{"@type":"SearchAction","target":{"@type":"EntryPoint","urlTemplate":"https:\/\/lavoixdelanation.tg\/?s={search_term_string}"},"query-input":{"@type":"PropertyValueSpecification","valueRequired":true,"valueName":"search_term_string"}}],"inLanguage":"fr-FR"},{"@type":"Organization","@id":"https:\/\/lavoixdelanation.tg\/#organization","name":"La Voix de la Nation","url":"https:\/\/lavoixdelanation.tg\/","logo":{"@type":"ImageObject","inLanguage":"fr-FR","@id":"https:\/\/lavoixdelanation.tg\/#\/schema\/logo\/image\/","url":"https:\/\/lavoixdelanation.tg\/wp-content\/uploads\/2024\/12\/lavn-1.png","contentUrl":"https:\/\/lavoixdelanation.tg\/wp-content\/uploads\/2024\/12\/lavn-1.png","width":1024,"height":464,"caption":"La Voix de la Nation"},"image":{"@id":"https:\/\/lavoixdelanation.tg\/#\/schema\/logo\/image\/"},"sameAs":["https:\/\/www.facebook.com\/lavoixdelanation"]},{"@type":"Person","@id":"https:\/\/lavoixdelanation.tg\/#\/schema\/person\/6c489293aa38053673a9e554acb6e224","name":"La voix de la nation","image":{"@type":"ImageObject","inLanguage":"fr-FR","@id":"https:\/\/lavoixdelanation.tg\/#\/schema\/person\/image\/","url":"https:\/\/secure.gravatar.com\/avatar\/8aa135d4bbc794494cecaa8d483f6d6cc1023624868deaff686baed5e727a5a1?s=96&d=mm&r=g","contentUrl":"https:\/\/secure.gravatar.com\/avatar\/8aa135d4bbc794494cecaa8d483f6d6cc1023624868deaff686baed5e727a5a1?s=96&d=mm&r=g","caption":"La voix de la nation"},"sameAs":["https:\/\/lavoixdelanation.tg"],"url":"https:\/\/lavoixdelanation.tg\/index.php\/author\/lavn\/"}]}},"_links":{"self":[{"href":"https:\/\/lavoixdelanation.tg\/index.php\/wp-json\/wp\/v2\/posts\/15737","targetHints":{"allow":["GET"]}}],"collection":[{"href":"https:\/\/lavoixdelanation.tg\/index.php\/wp-json\/wp\/v2\/posts"}],"about":[{"href":"https:\/\/lavoixdelanation.tg\/index.php\/wp-json\/wp\/v2\/types\/post"}],"author":[{"embeddable":true,"href":"https:\/\/lavoixdelanation.tg\/index.php\/wp-json\/wp\/v2\/users\/1"}],"replies":[{"embeddable":true,"href":"https:\/\/lavoixdelanation.tg\/index.php\/wp-json\/wp\/v2\/comments?post=15737"}],"version-history":[{"count":2,"href":"https:\/\/lavoixdelanation.tg\/index.php\/wp-json\/wp\/v2\/posts\/15737\/revisions"}],"predecessor-version":[{"id":15741,"href":"https:\/\/lavoixdelanation.tg\/index.php\/wp-json\/wp\/v2\/posts\/15737\/revisions\/15741"}],"wp:featuredmedia":[{"embeddable":true,"href":"https:\/\/lavoixdelanation.tg\/index.php\/wp-json\/wp\/v2\/media\/15738"}],"wp:attachment":[{"href":"https:\/\/lavoixdelanation.tg\/index.php\/wp-json\/wp\/v2\/media?parent=15737"}],"wp:term":[{"taxonomy":"category","embeddable":true,"href":"https:\/\/lavoixdelanation.tg\/index.php\/wp-json\/wp\/v2\/categories?post=15737"},{"taxonomy":"post_tag","embeddable":true,"href":"https:\/\/lavoixdelanation.tg\/index.php\/wp-json\/wp\/v2\/tags?post=15737"}],"curies":[{"name":"wp","href":"https:\/\/api.w.org\/{rel}","templated":true}]}}