{"id":15722,"date":"2026-03-23T12:15:26","date_gmt":"2026-03-23T11:15:26","guid":{"rendered":"https:\/\/lavoixdelanation.tg\/?p=15722"},"modified":"2026-03-25T12:20:18","modified_gmt":"2026-03-25T11:20:18","slug":"togo-le-ministre-sena-alipui-appelle-a-une-gestion-equitable-et-durable-des-ressources-en-eau","status":"publish","type":"post","link":"https:\/\/lavoixdelanation.tg\/index.php\/2026\/03\/23\/togo-le-ministre-sena-alipui-appelle-a-une-gestion-equitable-et-durable-des-ressources-en-eau\/","title":{"rendered":"Togo\u00a0: Le Ministre S\u00e9na ALIPUI appelle \u00e0 une gestion \u00e9quitable et durable des ressources en eau"},"content":{"rendered":"\n<p><strong>Le ministre d\u00e9l\u00e9gu\u00e9 en charge de l\u2019eau <\/strong><strong>et de l\u2019Assainissement, S\u00e9na ALIPUI appelle chaque citoyen togolais \u00e0 un engagement actif pour une gestion \u00e9quitable et durable de cette ressource vitale.<\/strong><\/p>\n\n\n\n<p>L\u2019appel a \u00e9t\u00e9 lanc\u00e9 \u00e0 l\u2019occasion de la Journ\u00e9e Mondiale de l\u2019Eau, \u00e9dition 2026, c\u00e9l\u00e9br\u00e9e le 22 mars de chaque ann\u00e9e.<\/p>\n\n\n\n<p>Dans un message publi\u00e9 a en effet lanc\u00e9 un appel solennel aux institutions publiques, aux partenaires techniques et financiers, organisations de la soci\u00e9t\u00e9 civile, collectivit\u00e9s locales, secteur priv\u00e9, communaut\u00e9s \u00e0 la base et aux citoyens afin que chaque geste de pr\u00e9servation, chaque initiative communautaire, chaque projet d\u2019infrastructure contribue \u00e0 b\u00e2tir une soci\u00e9t\u00e9 plus juste o\u00f9 l\u2019eau potable sera la chose la mieux partag\u00e9e.<\/p>\n\n\n\n<p>Le ministre est revenu sur les efforts du gouvernement en mati\u00e8re de gestion durable des ressources en eau qui une priorit\u00e9 nationale.<\/p>\n\n\n\n<p>En t\u00e9moigne les progr\u00e8s significatifs enregistr\u00e9s ces derni\u00e8res ann\u00e9es&nbsp;: en effet, le taux d\u2019acc\u00e8s \u00e0 l\u2019eau potable, estim\u00e9 \u00e0 60 % en 2020, a atteint 72 % en 2025, avec une am\u00e9lioration notable en milieu rural o\u00f9 la desserte atteint d\u00e9sormais 77 %.<\/p>\n\n\n\n<p>S\u00e9na ALIPUI a expliqu\u00e9 que ces r\u00e9sultats le fruit d\u2019efforts concert\u00e9s, marqu\u00e9s par la r\u00e9alisation d\u2019infrastructures d\u2019alimentation en eau potable, la mise en place de postes d\u2019eau autonomes aliment\u00e9s par l\u2019\u00e9nergie solaire dans les zones rurales, ainsi que la modernisation des syst\u00e8mes de production et de distribution en milieux urbain et semi-urbain.<\/p>\n\n\n\n<p>Il a r\u00e9affirm\u00e9 la volont\u00e9 et la d\u00e9termination du gouvernement avec l\u2019appui de ses partenaires, \u00e0 poursuivre la mise en \u0153uvre de programmes structurants visant \u00e0 am\u00e9liorer durablement l\u2019acc\u00e8s \u00e0 l\u2019eau potable en milieux rural, semi-urbain et urbain dans un esprit d\u2019\u00e9galit\u00e9 et d\u2019\u00e9quit\u00e9.<\/p>\n\n\n\n<p>L\u2019\u00e9dition 2026 de la Journ\u00e9e mondiale de l\u2019eau est plac\u00e9e sous le th\u00e8me \u00ab l\u2019eau et le genre : eau, source d\u2019\u00e9galit\u00e9 \u00bb. Elle offre en effet l\u2019opportunit\u00e9 au premier responsable du d\u00e9partement minist\u00e9riel charg\u00e9 de l\u2019eau et de l\u2019assainissement de revenir sur l\u2019in\u00e9galit\u00e9 dans l\u2019acc\u00e8s \u00e0 l\u2019eau potable.<\/p>\n\n\n\n<p><strong>Cris DADA<\/strong><\/p>\n","protected":false},"excerpt":{"rendered":"<p>Le ministre d\u00e9l\u00e9gu\u00e9 en charge de l\u2019eau et de l\u2019Assainissement, S\u00e9na ALIPUI appelle chaque citoyen togolais \u00e0 un engagement actif pour une gestion \u00e9quitable et durable de cette ressource vitale.&hellip; <\/p>\n","protected":false},"author":1,"featured_media":15723,"comment_status":"open","ping_status":"closed","sticky":false,"template":"","format":"standard","meta":{"footnotes":""},"categories":[29],"tags":[1358,1359,39],"class_list":["post-15722","post","type-post","status-publish","format-standard","has-post-thumbnail","hentry","category-societe","tag-eau-et-assainissement","tag-sena-alipui","tag-togo"],"yoast_head":"<!-- This site is optimized with the Yoast SEO plugin v26.4 - https:\/\/yoast.com\/wordpress\/plugins\/seo\/ -->\n<title>Togo\u00a0: Le Ministre S\u00e9na ALIPUI appelle \u00e0 une gestion \u00e9quitable et durable des ressources en eau - La Voix de la Nation<\/title>\n<meta name=\"robots\" content=\"index, follow, max-snippet:-1, max-image-preview:large, max-video-preview:-1\" \/>\n<link rel=\"canonical\" href=\"https:\/\/lavoixdelanation.tg\/index.php\/2026\/03\/23\/togo-le-ministre-sena-alipui-appelle-a-une-gestion-equitable-et-durable-des-ressources-en-eau\/\" \/>\n<meta property=\"og:locale\" content=\"fr_FR\" \/>\n<meta property=\"og:type\" content=\"article\" \/>\n<meta property=\"og:title\" content=\"Togo\u00a0: Le Ministre S\u00e9na ALIPUI appelle \u00e0 une gestion \u00e9quitable et durable des ressources en eau - La Voix de la Nation\" \/>\n<meta property=\"og:description\" content=\"Le ministre d\u00e9l\u00e9gu\u00e9 en charge de l\u2019eau et de l\u2019Assainissement, S\u00e9na ALIPUI appelle chaque citoyen togolais \u00e0 un engagement actif pour une gestion \u00e9quitable et durable de cette ressource vitale.&hellip;\" \/>\n<meta property=\"og:url\" content=\"https:\/\/lavoixdelanation.tg\/index.php\/2026\/03\/23\/togo-le-ministre-sena-alipui-appelle-a-une-gestion-equitable-et-durable-des-ressources-en-eau\/\" \/>\n<meta property=\"og:site_name\" content=\"La Voix de la Nation\" \/>\n<meta property=\"article:publisher\" content=\"https:\/\/www.facebook.com\/lavoixdelanation\" \/>\n<meta property=\"article:published_time\" content=\"2026-03-23T11:15:26+00:00\" \/>\n<meta property=\"article:modified_time\" content=\"2026-03-25T11:20:18+00:00\" \/>\n<meta property=\"og:image\" content=\"https:\/\/lavoixdelanation.tg\/wp-content\/uploads\/2026\/03\/Sena-ALIPUI-ministre-delegue-en-charge-de-leau-et-de-lAssainissement.jpeg\" \/>\n\t<meta property=\"og:image:width\" content=\"947\" \/>\n\t<meta property=\"og:image:height\" content=\"643\" \/>\n\t<meta property=\"og:image:type\" content=\"image\/jpeg\" \/>\n<meta name=\"author\" content=\"La voix de la nation\" \/>\n<meta name=\"twitter:card\" content=\"summary_large_image\" \/>\n<meta name=\"twitter:label1\" content=\"\u00c9crit par\" \/>\n\t<meta name=\"twitter:data1\" content=\"La voix de la nation\" \/>\n\t<meta name=\"twitter:label2\" content=\"Dur\u00e9e de lecture estim\u00e9e\" \/>\n\t<meta name=\"twitter:data2\" content=\"2 minutes\" \/>\n<script type=\"application\/ld+json\" class=\"yoast-schema-graph\">{\"@context\":\"https:\/\/schema.org\",\"@graph\":[{\"@type\":\"Article\",\"@id\":\"https:\/\/lavoixdelanation.tg\/index.php\/2026\/03\/23\/togo-le-ministre-sena-alipui-appelle-a-une-gestion-equitable-et-durable-des-ressources-en-eau\/#article\",\"isPartOf\":{\"@id\":\"https:\/\/lavoixdelanation.tg\/index.php\/2026\/03\/23\/togo-le-ministre-sena-alipui-appelle-a-une-gestion-equitable-et-durable-des-ressources-en-eau\/\"},\"author\":{\"name\":\"La voix de la nation\",\"@id\":\"https:\/\/lavoixdelanation.tg\/#\/schema\/person\/6c489293aa38053673a9e554acb6e224\"},\"headline\":\"Togo\u00a0: Le Ministre S\u00e9na ALIPUI appelle \u00e0 une gestion \u00e9quitable et durable des ressources en eau\",\"datePublished\":\"2026-03-23T11:15:26+00:00\",\"dateModified\":\"2026-03-25T11:20:18+00:00\",\"mainEntityOfPage\":{\"@id\":\"https:\/\/lavoixdelanation.tg\/index.php\/2026\/03\/23\/togo-le-ministre-sena-alipui-appelle-a-une-gestion-equitable-et-durable-des-ressources-en-eau\/\"},\"wordCount\":390,\"commentCount\":0,\"publisher\":{\"@id\":\"https:\/\/lavoixdelanation.tg\/#organization\"},\"image\":{\"@id\":\"https:\/\/lavoixdelanation.tg\/index.php\/2026\/03\/23\/togo-le-ministre-sena-alipui-appelle-a-une-gestion-equitable-et-durable-des-ressources-en-eau\/#primaryimage\"},\"thumbnailUrl\":\"https:\/\/lavoixdelanation.tg\/wp-content\/uploads\/2026\/03\/Sena-ALIPUI-ministre-delegue-en-charge-de-leau-et-de-lAssainissement.jpeg\",\"keywords\":[\"Eau et Assainissement\",\"S\u00e9na ALIPUI\",\"Togo\"],\"articleSection\":[\"Soci\u00e9t\u00e9\"],\"inLanguage\":\"fr-FR\",\"potentialAction\":[{\"@type\":\"CommentAction\",\"name\":\"Comment\",\"target\":[\"https:\/\/lavoixdelanation.tg\/index.php\/2026\/03\/23\/togo-le-ministre-sena-alipui-appelle-a-une-gestion-equitable-et-durable-des-ressources-en-eau\/#respond\"]}]},{\"@type\":\"WebPage\",\"@id\":\"https:\/\/lavoixdelanation.tg\/index.php\/2026\/03\/23\/togo-le-ministre-sena-alipui-appelle-a-une-gestion-equitable-et-durable-des-ressources-en-eau\/\",\"url\":\"https:\/\/lavoixdelanation.tg\/index.php\/2026\/03\/23\/togo-le-ministre-sena-alipui-appelle-a-une-gestion-equitable-et-durable-des-ressources-en-eau\/\",\"name\":\"Togo\u00a0: Le Ministre S\u00e9na ALIPUI appelle \u00e0 une gestion \u00e9quitable et durable des ressources en eau - La Voix de la Nation\",\"isPartOf\":{\"@id\":\"https:\/\/lavoixdelanation.tg\/#website\"},\"primaryImageOfPage\":{\"@id\":\"https:\/\/lavoixdelanation.tg\/index.php\/2026\/03\/23\/togo-le-ministre-sena-alipui-appelle-a-une-gestion-equitable-et-durable-des-ressources-en-eau\/#primaryimage\"},\"image\":{\"@id\":\"https:\/\/lavoixdelanation.tg\/index.php\/2026\/03\/23\/togo-le-ministre-sena-alipui-appelle-a-une-gestion-equitable-et-durable-des-ressources-en-eau\/#primaryimage\"},\"thumbnailUrl\":\"https:\/\/lavoixdelanation.tg\/wp-content\/uploads\/2026\/03\/Sena-ALIPUI-ministre-delegue-en-charge-de-leau-et-de-lAssainissement.jpeg\",\"datePublished\":\"2026-03-23T11:15:26+00:00\",\"dateModified\":\"2026-03-25T11:20:18+00:00\",\"breadcrumb\":{\"@id\":\"https:\/\/lavoixdelanation.tg\/index.php\/2026\/03\/23\/togo-le-ministre-sena-alipui-appelle-a-une-gestion-equitable-et-durable-des-ressources-en-eau\/#breadcrumb\"},\"inLanguage\":\"fr-FR\",\"potentialAction\":[{\"@type\":\"ReadAction\",\"target\":[\"https:\/\/lavoixdelanation.tg\/index.php\/2026\/03\/23\/togo-le-ministre-sena-alipui-appelle-a-une-gestion-equitable-et-durable-des-ressources-en-eau\/\"]}]},{\"@type\":\"ImageObject\",\"inLanguage\":\"fr-FR\",\"@id\":\"https:\/\/lavoixdelanation.tg\/index.php\/2026\/03\/23\/togo-le-ministre-sena-alipui-appelle-a-une-gestion-equitable-et-durable-des-ressources-en-eau\/#primaryimage\",\"url\":\"https:\/\/lavoixdelanation.tg\/wp-content\/uploads\/2026\/03\/Sena-ALIPUI-ministre-delegue-en-charge-de-leau-et-de-lAssainissement.jpeg\",\"contentUrl\":\"https:\/\/lavoixdelanation.tg\/wp-content\/uploads\/2026\/03\/Sena-ALIPUI-ministre-delegue-en-charge-de-leau-et-de-lAssainissement.jpeg\",\"width\":947,\"height\":643,\"caption\":\"S\u00e9na ALIPUI, ministre d\u00e9l\u00e9gu\u00e9 en charge de l\u2019eau et de l\u2019Assainissement\"},{\"@type\":\"BreadcrumbList\",\"@id\":\"https:\/\/lavoixdelanation.tg\/index.php\/2026\/03\/23\/togo-le-ministre-sena-alipui-appelle-a-une-gestion-equitable-et-durable-des-ressources-en-eau\/#breadcrumb\",\"itemListElement\":[{\"@type\":\"ListItem\",\"position\":1,\"name\":\"Accueil\",\"item\":\"https:\/\/lavoixdelanation.tg\/\"},{\"@type\":\"ListItem\",\"position\":2,\"name\":\"Togo\u00a0: Le Ministre S\u00e9na ALIPUI appelle \u00e0 une gestion \u00e9quitable et durable des ressources en eau\"}]},{\"@type\":\"WebSite\",\"@id\":\"https:\/\/lavoixdelanation.tg\/#website\",\"url\":\"https:\/\/lavoixdelanation.tg\/\",\"name\":\"La Voix de la Nation\",\"description\":\"R\u00e9c\u00e9piss\u00e9 n\u00b00108\/HAAC\/01-2024\/pl\/P\",\"publisher\":{\"@id\":\"https:\/\/lavoixdelanation.tg\/#organization\"},\"alternateName\":\"VON\",\"potentialAction\":[{\"@type\":\"SearchAction\",\"target\":{\"@type\":\"EntryPoint\",\"urlTemplate\":\"https:\/\/lavoixdelanation.tg\/?s={search_term_string}\"},\"query-input\":{\"@type\":\"PropertyValueSpecification\",\"valueRequired\":true,\"valueName\":\"search_term_string\"}}],\"inLanguage\":\"fr-FR\"},{\"@type\":\"Organization\",\"@id\":\"https:\/\/lavoixdelanation.tg\/#organization\",\"name\":\"La Voix de la Nation\",\"url\":\"https:\/\/lavoixdelanation.tg\/\",\"logo\":{\"@type\":\"ImageObject\",\"inLanguage\":\"fr-FR\",\"@id\":\"https:\/\/lavoixdelanation.tg\/#\/schema\/logo\/image\/\",\"url\":\"https:\/\/lavoixdelanation.tg\/wp-content\/uploads\/2024\/12\/lavn-1.png\",\"contentUrl\":\"https:\/\/lavoixdelanation.tg\/wp-content\/uploads\/2024\/12\/lavn-1.png\",\"width\":1024,\"height\":464,\"caption\":\"La Voix de la Nation\"},\"image\":{\"@id\":\"https:\/\/lavoixdelanation.tg\/#\/schema\/logo\/image\/\"},\"sameAs\":[\"https:\/\/www.facebook.com\/lavoixdelanation\"]},{\"@type\":\"Person\",\"@id\":\"https:\/\/lavoixdelanation.tg\/#\/schema\/person\/6c489293aa38053673a9e554acb6e224\",\"name\":\"La voix de la nation\",\"image\":{\"@type\":\"ImageObject\",\"inLanguage\":\"fr-FR\",\"@id\":\"https:\/\/lavoixdelanation.tg\/#\/schema\/person\/image\/\",\"url\":\"https:\/\/secure.gravatar.com\/avatar\/8aa135d4bbc794494cecaa8d483f6d6cc1023624868deaff686baed5e727a5a1?s=96&d=mm&r=g\",\"contentUrl\":\"https:\/\/secure.gravatar.com\/avatar\/8aa135d4bbc794494cecaa8d483f6d6cc1023624868deaff686baed5e727a5a1?s=96&d=mm&r=g\",\"caption\":\"La voix de la nation\"},\"sameAs\":[\"https:\/\/lavoixdelanation.tg\"],\"url\":\"https:\/\/lavoixdelanation.tg\/index.php\/author\/lavn\/\"}]}<\/script>\n<!-- \/ Yoast SEO plugin. -->","yoast_head_json":{"title":"Togo\u00a0: Le Ministre S\u00e9na ALIPUI appelle \u00e0 une gestion \u00e9quitable et durable des ressources en eau - La Voix de la Nation","robots":{"index":"index","follow":"follow","max-snippet":"max-snippet:-1","max-image-preview":"max-image-preview:large","max-video-preview":"max-video-preview:-1"},"canonical":"https:\/\/lavoixdelanation.tg\/index.php\/2026\/03\/23\/togo-le-ministre-sena-alipui-appelle-a-une-gestion-equitable-et-durable-des-ressources-en-eau\/","og_locale":"fr_FR","og_type":"article","og_title":"Togo\u00a0: Le Ministre S\u00e9na ALIPUI appelle \u00e0 une gestion \u00e9quitable et durable des ressources en eau - La Voix de la Nation","og_description":"Le ministre d\u00e9l\u00e9gu\u00e9 en charge de l\u2019eau et de l\u2019Assainissement, S\u00e9na ALIPUI appelle chaque citoyen togolais \u00e0 un engagement actif pour une gestion \u00e9quitable et durable de cette ressource vitale.&hellip;","og_url":"https:\/\/lavoixdelanation.tg\/index.php\/2026\/03\/23\/togo-le-ministre-sena-alipui-appelle-a-une-gestion-equitable-et-durable-des-ressources-en-eau\/","og_site_name":"La Voix de la Nation","article_publisher":"https:\/\/www.facebook.com\/lavoixdelanation","article_published_time":"2026-03-23T11:15:26+00:00","article_modified_time":"2026-03-25T11:20:18+00:00","og_image":[{"width":947,"height":643,"url":"https:\/\/lavoixdelanation.tg\/wp-content\/uploads\/2026\/03\/Sena-ALIPUI-ministre-delegue-en-charge-de-leau-et-de-lAssainissement.jpeg","type":"image\/jpeg"}],"author":"La voix de la nation","twitter_card":"summary_large_image","twitter_misc":{"\u00c9crit par":"La voix de la nation","Dur\u00e9e de lecture estim\u00e9e":"2 minutes"},"schema":{"@context":"https:\/\/schema.org","@graph":[{"@type":"Article","@id":"https:\/\/lavoixdelanation.tg\/index.php\/2026\/03\/23\/togo-le-ministre-sena-alipui-appelle-a-une-gestion-equitable-et-durable-des-ressources-en-eau\/#article","isPartOf":{"@id":"https:\/\/lavoixdelanation.tg\/index.php\/2026\/03\/23\/togo-le-ministre-sena-alipui-appelle-a-une-gestion-equitable-et-durable-des-ressources-en-eau\/"},"author":{"name":"La voix de la nation","@id":"https:\/\/lavoixdelanation.tg\/#\/schema\/person\/6c489293aa38053673a9e554acb6e224"},"headline":"Togo\u00a0: Le Ministre S\u00e9na ALIPUI appelle \u00e0 une gestion \u00e9quitable et durable des ressources en eau","datePublished":"2026-03-23T11:15:26+00:00","dateModified":"2026-03-25T11:20:18+00:00","mainEntityOfPage":{"@id":"https:\/\/lavoixdelanation.tg\/index.php\/2026\/03\/23\/togo-le-ministre-sena-alipui-appelle-a-une-gestion-equitable-et-durable-des-ressources-en-eau\/"},"wordCount":390,"commentCount":0,"publisher":{"@id":"https:\/\/lavoixdelanation.tg\/#organization"},"image":{"@id":"https:\/\/lavoixdelanation.tg\/index.php\/2026\/03\/23\/togo-le-ministre-sena-alipui-appelle-a-une-gestion-equitable-et-durable-des-ressources-en-eau\/#primaryimage"},"thumbnailUrl":"https:\/\/lavoixdelanation.tg\/wp-content\/uploads\/2026\/03\/Sena-ALIPUI-ministre-delegue-en-charge-de-leau-et-de-lAssainissement.jpeg","keywords":["Eau et Assainissement","S\u00e9na ALIPUI","Togo"],"articleSection":["Soci\u00e9t\u00e9"],"inLanguage":"fr-FR","potentialAction":[{"@type":"CommentAction","name":"Comment","target":["https:\/\/lavoixdelanation.tg\/index.php\/2026\/03\/23\/togo-le-ministre-sena-alipui-appelle-a-une-gestion-equitable-et-durable-des-ressources-en-eau\/#respond"]}]},{"@type":"WebPage","@id":"https:\/\/lavoixdelanation.tg\/index.php\/2026\/03\/23\/togo-le-ministre-sena-alipui-appelle-a-une-gestion-equitable-et-durable-des-ressources-en-eau\/","url":"https:\/\/lavoixdelanation.tg\/index.php\/2026\/03\/23\/togo-le-ministre-sena-alipui-appelle-a-une-gestion-equitable-et-durable-des-ressources-en-eau\/","name":"Togo\u00a0: Le Ministre S\u00e9na ALIPUI appelle \u00e0 une gestion \u00e9quitable et durable des ressources en eau - La Voix de la Nation","isPartOf":{"@id":"https:\/\/lavoixdelanation.tg\/#website"},"primaryImageOfPage":{"@id":"https:\/\/lavoixdelanation.tg\/index.php\/2026\/03\/23\/togo-le-ministre-sena-alipui-appelle-a-une-gestion-equitable-et-durable-des-ressources-en-eau\/#primaryimage"},"image":{"@id":"https:\/\/lavoixdelanation.tg\/index.php\/2026\/03\/23\/togo-le-ministre-sena-alipui-appelle-a-une-gestion-equitable-et-durable-des-ressources-en-eau\/#primaryimage"},"thumbnailUrl":"https:\/\/lavoixdelanation.tg\/wp-content\/uploads\/2026\/03\/Sena-ALIPUI-ministre-delegue-en-charge-de-leau-et-de-lAssainissement.jpeg","datePublished":"2026-03-23T11:15:26+00:00","dateModified":"2026-03-25T11:20:18+00:00","breadcrumb":{"@id":"https:\/\/lavoixdelanation.tg\/index.php\/2026\/03\/23\/togo-le-ministre-sena-alipui-appelle-a-une-gestion-equitable-et-durable-des-ressources-en-eau\/#breadcrumb"},"inLanguage":"fr-FR","potentialAction":[{"@type":"ReadAction","target":["https:\/\/lavoixdelanation.tg\/index.php\/2026\/03\/23\/togo-le-ministre-sena-alipui-appelle-a-une-gestion-equitable-et-durable-des-ressources-en-eau\/"]}]},{"@type":"ImageObject","inLanguage":"fr-FR","@id":"https:\/\/lavoixdelanation.tg\/index.php\/2026\/03\/23\/togo-le-ministre-sena-alipui-appelle-a-une-gestion-equitable-et-durable-des-ressources-en-eau\/#primaryimage","url":"https:\/\/lavoixdelanation.tg\/wp-content\/uploads\/2026\/03\/Sena-ALIPUI-ministre-delegue-en-charge-de-leau-et-de-lAssainissement.jpeg","contentUrl":"https:\/\/lavoixdelanation.tg\/wp-content\/uploads\/2026\/03\/Sena-ALIPUI-ministre-delegue-en-charge-de-leau-et-de-lAssainissement.jpeg","width":947,"height":643,"caption":"S\u00e9na ALIPUI, ministre d\u00e9l\u00e9gu\u00e9 en charge de l\u2019eau et de l\u2019Assainissement"},{"@type":"BreadcrumbList","@id":"https:\/\/lavoixdelanation.tg\/index.php\/2026\/03\/23\/togo-le-ministre-sena-alipui-appelle-a-une-gestion-equitable-et-durable-des-ressources-en-eau\/#breadcrumb","itemListElement":[{"@type":"ListItem","position":1,"name":"Accueil","item":"https:\/\/lavoixdelanation.tg\/"},{"@type":"ListItem","position":2,"name":"Togo\u00a0: Le Ministre S\u00e9na ALIPUI appelle \u00e0 une gestion \u00e9quitable et durable des ressources en eau"}]},{"@type":"WebSite","@id":"https:\/\/lavoixdelanation.tg\/#website","url":"https:\/\/lavoixdelanation.tg\/","name":"La Voix de la Nation","description":"R\u00e9c\u00e9piss\u00e9 n\u00b00108\/HAAC\/01-2024\/pl\/P","publisher":{"@id":"https:\/\/lavoixdelanation.tg\/#organization"},"alternateName":"VON","potentialAction":[{"@type":"SearchAction","target":{"@type":"EntryPoint","urlTemplate":"https:\/\/lavoixdelanation.tg\/?s={search_term_string}"},"query-input":{"@type":"PropertyValueSpecification","valueRequired":true,"valueName":"search_term_string"}}],"inLanguage":"fr-FR"},{"@type":"Organization","@id":"https:\/\/lavoixdelanation.tg\/#organization","name":"La Voix de la Nation","url":"https:\/\/lavoixdelanation.tg\/","logo":{"@type":"ImageObject","inLanguage":"fr-FR","@id":"https:\/\/lavoixdelanation.tg\/#\/schema\/logo\/image\/","url":"https:\/\/lavoixdelanation.tg\/wp-content\/uploads\/2024\/12\/lavn-1.png","contentUrl":"https:\/\/lavoixdelanation.tg\/wp-content\/uploads\/2024\/12\/lavn-1.png","width":1024,"height":464,"caption":"La Voix de la Nation"},"image":{"@id":"https:\/\/lavoixdelanation.tg\/#\/schema\/logo\/image\/"},"sameAs":["https:\/\/www.facebook.com\/lavoixdelanation"]},{"@type":"Person","@id":"https:\/\/lavoixdelanation.tg\/#\/schema\/person\/6c489293aa38053673a9e554acb6e224","name":"La voix de la nation","image":{"@type":"ImageObject","inLanguage":"fr-FR","@id":"https:\/\/lavoixdelanation.tg\/#\/schema\/person\/image\/","url":"https:\/\/secure.gravatar.com\/avatar\/8aa135d4bbc794494cecaa8d483f6d6cc1023624868deaff686baed5e727a5a1?s=96&d=mm&r=g","contentUrl":"https:\/\/secure.gravatar.com\/avatar\/8aa135d4bbc794494cecaa8d483f6d6cc1023624868deaff686baed5e727a5a1?s=96&d=mm&r=g","caption":"La voix de la nation"},"sameAs":["https:\/\/lavoixdelanation.tg"],"url":"https:\/\/lavoixdelanation.tg\/index.php\/author\/lavn\/"}]}},"_links":{"self":[{"href":"https:\/\/lavoixdelanation.tg\/index.php\/wp-json\/wp\/v2\/posts\/15722","targetHints":{"allow":["GET"]}}],"collection":[{"href":"https:\/\/lavoixdelanation.tg\/index.php\/wp-json\/wp\/v2\/posts"}],"about":[{"href":"https:\/\/lavoixdelanation.tg\/index.php\/wp-json\/wp\/v2\/types\/post"}],"author":[{"embeddable":true,"href":"https:\/\/lavoixdelanation.tg\/index.php\/wp-json\/wp\/v2\/users\/1"}],"replies":[{"embeddable":true,"href":"https:\/\/lavoixdelanation.tg\/index.php\/wp-json\/wp\/v2\/comments?post=15722"}],"version-history":[{"count":1,"href":"https:\/\/lavoixdelanation.tg\/index.php\/wp-json\/wp\/v2\/posts\/15722\/revisions"}],"predecessor-version":[{"id":15724,"href":"https:\/\/lavoixdelanation.tg\/index.php\/wp-json\/wp\/v2\/posts\/15722\/revisions\/15724"}],"wp:featuredmedia":[{"embeddable":true,"href":"https:\/\/lavoixdelanation.tg\/index.php\/wp-json\/wp\/v2\/media\/15723"}],"wp:attachment":[{"href":"https:\/\/lavoixdelanation.tg\/index.php\/wp-json\/wp\/v2\/media?parent=15722"}],"wp:term":[{"taxonomy":"category","embeddable":true,"href":"https:\/\/lavoixdelanation.tg\/index.php\/wp-json\/wp\/v2\/categories?post=15722"},{"taxonomy":"post_tag","embeddable":true,"href":"https:\/\/lavoixdelanation.tg\/index.php\/wp-json\/wp\/v2\/tags?post=15722"}],"curies":[{"name":"wp","href":"https:\/\/api.w.org\/{rel}","templated":true}]}}