{"id":15715,"date":"2026-03-19T10:53:13","date_gmt":"2026-03-19T09:53:13","guid":{"rendered":"https:\/\/lavoixdelanation.tg\/?p=15715"},"modified":"2026-03-25T10:57:39","modified_gmt":"2026-03-25T09:57:39","slug":"navette-parlementaire-le-senat-adopte-les-projets-de-loi-sur-la-microfinance-et-le-faux-monnayage","status":"publish","type":"post","link":"https:\/\/lavoixdelanation.tg\/index.php\/2026\/03\/19\/navette-parlementaire-le-senat-adopte-les-projets-de-loi-sur-la-microfinance-et-le-faux-monnayage\/","title":{"rendered":"Navette parlementaire : le S\u00e9nat adopte les projets de loi sur la microfinance et le faux-monnayage"},"content":{"rendered":"\n<p><strong>R\u00e9unis en quatri\u00e8me s\u00e9ance pl\u00e9ni\u00e8re de la premi\u00e8re session extraordinaire de l\u2019ann\u00e9e 2026 ce mercredi 18 mars 2026, les s\u00e9nateurs ont examin\u00e9 et adopt\u00e9 des textes structurants visant \u00e0 moderniser, s\u00e9curiser et cr\u00e9dibiliser l\u2019architecture financi\u00e8re et mon\u00e9taire du Togo.<\/strong><\/p>\n\n\n\n<p>Les projets de loi relatifs \u00e0 la r\u00e9glementation de la microfinance en R\u00e9publique togolaise, ainsi qu\u2019\u00e0 la r\u00e9pression du faux-monnayage et des autres atteintes aux signes mon\u00e9taires dans les \u00c9tats membres de l\u2019UMOA ont \u00e9t\u00e9 en effet adopt\u00e9s par le S\u00e9nat.<\/p>\n\n\n\n<p>S\u2019inscrivant dans le cadre de la proc\u00e9dure de navette parlementaire, les deux projets de loi ont \u00e9t\u00e9 pr\u00e9alablement examin\u00e9s et adopt\u00e9s \u00e0 l\u2019unanimit\u00e9 par les d\u00e9put\u00e9s \u00e0 l\u2019Assembl\u00e9e nationale.<\/p>\n\n\n\n<p>Leur transmission au S\u00e9nat a donc donn\u00e9 lieu \u00e0 un nouvel examen approfondi, avant leur renvoi \u00e0 la premi\u00e8re chambre en vue de leur adoption d\u00e9finitive, conform\u00e9ment aux dispositions r\u00e9gissant le processus l\u00e9gislatif.<\/p>\n\n\n\n<figure class=\"wp-block-image size-large\"><img loading=\"lazy\" decoding=\"async\" width=\"1024\" height=\"692\" src=\"https:\/\/lavoixdelanation.tg\/wp-content\/uploads\/2026\/03\/Des-senateurs-lors-de-la-session-1024x692.jpeg\" alt=\"\" class=\"wp-image-15717\" srcset=\"https:\/\/lavoixdelanation.tg\/wp-content\/uploads\/2026\/03\/Des-senateurs-lors-de-la-session-1024x692.jpeg 1024w, https:\/\/lavoixdelanation.tg\/wp-content\/uploads\/2026\/03\/Des-senateurs-lors-de-la-session-300x203.jpeg 300w, https:\/\/lavoixdelanation.tg\/wp-content\/uploads\/2026\/03\/Des-senateurs-lors-de-la-session-768x519.jpeg 768w, https:\/\/lavoixdelanation.tg\/wp-content\/uploads\/2026\/03\/Des-senateurs-lors-de-la-session.jpeg 1080w\" sizes=\"auto, (max-width: 1024px) 100vw, 1024px\" \/><\/figure>\n\n\n\n<p>La s\u00e9ance a \u00e9t\u00e9 pr\u00e9sid\u00e9e par Barry Moussa Barqu\u00e9, le pr\u00e9sident du s\u00e9nat, en pr\u00e9sence du ministre de l\u2019\u00c9conomie et des Finances, Essow\u00e8 Georges Barcola.<\/p>\n\n\n\n<p>Face aux insuffisances constat\u00e9es dans la r\u00e9gulation du secteur de la microfinance et \u00e0 la mont\u00e9e des menaces li\u00e9es au faux-monnayage, la n\u00e9cessit\u00e9 de renforcer le cadre juridique s\u2019impose en effet comme un imp\u00e9ratif pour la stabilit\u00e9 du syst\u00e8me financier.<\/p>\n\n\n\n<p>Apr\u00e8s l\u2019adoption des deux textes, le Ministre des Finances et du Budget a rappel\u00e9 que l&rsquo;adoption de ces lois permettra d&rsquo;\u00e9viter des approches diff\u00e9renci\u00e9es et de doter l\u2019espace communautaire d&rsquo;un cadre juridique uniforme, capable d&rsquo;assurer une lutte efficace contre ce fl\u00e9au.<\/p>\n\n\n\n<p>\u00ab Par votre vote, le Togo vient de franchir une \u00e9tape d\u00e9cisive dans la consolidation de son arsenal juridique en mati\u00e8re de gouvernance financi\u00e8re, se conformant ainsi au cadre juridique uniforme. \u00bb, a-t-il d\u00e9clar\u00e9.<\/p>\n\n\n\n<p>Pour sa part, le Pr\u00e9sident du S\u00e9nat a salu\u00e9 le bon d\u00e9roulement des travaux et exprim\u00e9 sa gratitude \u00e0 l\u2019ensemble des s\u00e9nateurs pour leur engagement et leur sens de responsabilit\u00e9, ainsi qu\u2019au gouvernement pour sa disponibilit\u00e9 et la qualit\u00e9 des \u00e9changes. Il a remerci\u00e9 les diff\u00e9rentes parties prenantes pour leur contribution \u00e0 l\u2019examen des textes, avant de lever la s\u00e9ance dans un esprit de satisfaction et de devoir accompli.<\/p>\n","protected":false},"excerpt":{"rendered":"<p>R\u00e9unis en quatri\u00e8me s\u00e9ance pl\u00e9ni\u00e8re de la premi\u00e8re session extraordinaire de l\u2019ann\u00e9e 2026 ce mercredi 18 mars 2026, les s\u00e9nateurs ont examin\u00e9 et adopt\u00e9 des textes structurants visant \u00e0 moderniser,&hellip; <\/p>\n","protected":false},"author":1,"featured_media":15716,"comment_status":"open","ping_status":"closed","sticky":false,"template":"","format":"standard","meta":{"footnotes":""},"categories":[8],"tags":[1070,447,39],"class_list":["post-15715","post","type-post","status-publish","format-standard","has-post-thumbnail","hentry","category-economie","tag-barry-moussa-barque-2","tag-senat-2","tag-togo"],"yoast_head":"<!-- This site is optimized with the Yoast SEO plugin v26.4 - https:\/\/yoast.com\/wordpress\/plugins\/seo\/ -->\n<title>Navette parlementaire : le S\u00e9nat adopte les projets de loi sur la microfinance et le faux-monnayage - La Voix de la Nation<\/title>\n<meta name=\"robots\" content=\"index, follow, max-snippet:-1, max-image-preview:large, max-video-preview:-1\" \/>\n<link rel=\"canonical\" href=\"https:\/\/lavoixdelanation.tg\/index.php\/2026\/03\/19\/navette-parlementaire-le-senat-adopte-les-projets-de-loi-sur-la-microfinance-et-le-faux-monnayage\/\" \/>\n<meta property=\"og:locale\" content=\"fr_FR\" \/>\n<meta property=\"og:type\" content=\"article\" \/>\n<meta property=\"og:title\" content=\"Navette parlementaire : le S\u00e9nat adopte les projets de loi sur la microfinance et le faux-monnayage - La Voix de la Nation\" \/>\n<meta property=\"og:description\" content=\"R\u00e9unis en quatri\u00e8me s\u00e9ance pl\u00e9ni\u00e8re de la premi\u00e8re session extraordinaire de l\u2019ann\u00e9e 2026 ce mercredi 18 mars 2026, les s\u00e9nateurs ont examin\u00e9 et adopt\u00e9 des textes structurants visant \u00e0 moderniser,&hellip;\" \/>\n<meta property=\"og:url\" content=\"https:\/\/lavoixdelanation.tg\/index.php\/2026\/03\/19\/navette-parlementaire-le-senat-adopte-les-projets-de-loi-sur-la-microfinance-et-le-faux-monnayage\/\" \/>\n<meta property=\"og:site_name\" content=\"La Voix de la Nation\" \/>\n<meta property=\"article:publisher\" content=\"https:\/\/www.facebook.com\/lavoixdelanation\" \/>\n<meta property=\"article:published_time\" content=\"2026-03-19T09:53:13+00:00\" \/>\n<meta property=\"article:modified_time\" content=\"2026-03-25T09:57:39+00:00\" \/>\n<meta property=\"og:image\" content=\"https:\/\/lavoixdelanation.tg\/wp-content\/uploads\/2026\/03\/Barry-Moussa-Barque-President-du-Senat.jpeg\" \/>\n\t<meta property=\"og:image:width\" content=\"1080\" \/>\n\t<meta property=\"og:image:height\" content=\"788\" \/>\n\t<meta property=\"og:image:type\" content=\"image\/jpeg\" \/>\n<meta name=\"author\" content=\"La voix de la nation\" \/>\n<meta name=\"twitter:card\" content=\"summary_large_image\" \/>\n<meta name=\"twitter:label1\" content=\"\u00c9crit par\" \/>\n\t<meta name=\"twitter:data1\" content=\"La voix de la nation\" \/>\n\t<meta name=\"twitter:label2\" content=\"Dur\u00e9e de lecture estim\u00e9e\" \/>\n\t<meta name=\"twitter:data2\" content=\"3 minutes\" \/>\n<script type=\"application\/ld+json\" class=\"yoast-schema-graph\">{\"@context\":\"https:\/\/schema.org\",\"@graph\":[{\"@type\":\"Article\",\"@id\":\"https:\/\/lavoixdelanation.tg\/index.php\/2026\/03\/19\/navette-parlementaire-le-senat-adopte-les-projets-de-loi-sur-la-microfinance-et-le-faux-monnayage\/#article\",\"isPartOf\":{\"@id\":\"https:\/\/lavoixdelanation.tg\/index.php\/2026\/03\/19\/navette-parlementaire-le-senat-adopte-les-projets-de-loi-sur-la-microfinance-et-le-faux-monnayage\/\"},\"author\":{\"name\":\"La voix de la nation\",\"@id\":\"https:\/\/lavoixdelanation.tg\/#\/schema\/person\/6c489293aa38053673a9e554acb6e224\"},\"headline\":\"Navette parlementaire : le S\u00e9nat adopte les projets de loi sur la microfinance et le faux-monnayage\",\"datePublished\":\"2026-03-19T09:53:13+00:00\",\"dateModified\":\"2026-03-25T09:57:39+00:00\",\"mainEntityOfPage\":{\"@id\":\"https:\/\/lavoixdelanation.tg\/index.php\/2026\/03\/19\/navette-parlementaire-le-senat-adopte-les-projets-de-loi-sur-la-microfinance-et-le-faux-monnayage\/\"},\"wordCount\":428,\"commentCount\":0,\"publisher\":{\"@id\":\"https:\/\/lavoixdelanation.tg\/#organization\"},\"image\":{\"@id\":\"https:\/\/lavoixdelanation.tg\/index.php\/2026\/03\/19\/navette-parlementaire-le-senat-adopte-les-projets-de-loi-sur-la-microfinance-et-le-faux-monnayage\/#primaryimage\"},\"thumbnailUrl\":\"https:\/\/lavoixdelanation.tg\/wp-content\/uploads\/2026\/03\/Barry-Moussa-Barque-President-du-Senat.jpeg\",\"keywords\":[\"Barry Moussa BARQU\u00c9\",\"S\u00e9nat\",\"Togo\"],\"articleSection\":[\"Economie\"],\"inLanguage\":\"fr-FR\",\"potentialAction\":[{\"@type\":\"CommentAction\",\"name\":\"Comment\",\"target\":[\"https:\/\/lavoixdelanation.tg\/index.php\/2026\/03\/19\/navette-parlementaire-le-senat-adopte-les-projets-de-loi-sur-la-microfinance-et-le-faux-monnayage\/#respond\"]}]},{\"@type\":\"WebPage\",\"@id\":\"https:\/\/lavoixdelanation.tg\/index.php\/2026\/03\/19\/navette-parlementaire-le-senat-adopte-les-projets-de-loi-sur-la-microfinance-et-le-faux-monnayage\/\",\"url\":\"https:\/\/lavoixdelanation.tg\/index.php\/2026\/03\/19\/navette-parlementaire-le-senat-adopte-les-projets-de-loi-sur-la-microfinance-et-le-faux-monnayage\/\",\"name\":\"Navette parlementaire : le S\u00e9nat adopte les projets de loi sur la microfinance et le faux-monnayage - La Voix de la Nation\",\"isPartOf\":{\"@id\":\"https:\/\/lavoixdelanation.tg\/#website\"},\"primaryImageOfPage\":{\"@id\":\"https:\/\/lavoixdelanation.tg\/index.php\/2026\/03\/19\/navette-parlementaire-le-senat-adopte-les-projets-de-loi-sur-la-microfinance-et-le-faux-monnayage\/#primaryimage\"},\"image\":{\"@id\":\"https:\/\/lavoixdelanation.tg\/index.php\/2026\/03\/19\/navette-parlementaire-le-senat-adopte-les-projets-de-loi-sur-la-microfinance-et-le-faux-monnayage\/#primaryimage\"},\"thumbnailUrl\":\"https:\/\/lavoixdelanation.tg\/wp-content\/uploads\/2026\/03\/Barry-Moussa-Barque-President-du-Senat.jpeg\",\"datePublished\":\"2026-03-19T09:53:13+00:00\",\"dateModified\":\"2026-03-25T09:57:39+00:00\",\"breadcrumb\":{\"@id\":\"https:\/\/lavoixdelanation.tg\/index.php\/2026\/03\/19\/navette-parlementaire-le-senat-adopte-les-projets-de-loi-sur-la-microfinance-et-le-faux-monnayage\/#breadcrumb\"},\"inLanguage\":\"fr-FR\",\"potentialAction\":[{\"@type\":\"ReadAction\",\"target\":[\"https:\/\/lavoixdelanation.tg\/index.php\/2026\/03\/19\/navette-parlementaire-le-senat-adopte-les-projets-de-loi-sur-la-microfinance-et-le-faux-monnayage\/\"]}]},{\"@type\":\"ImageObject\",\"inLanguage\":\"fr-FR\",\"@id\":\"https:\/\/lavoixdelanation.tg\/index.php\/2026\/03\/19\/navette-parlementaire-le-senat-adopte-les-projets-de-loi-sur-la-microfinance-et-le-faux-monnayage\/#primaryimage\",\"url\":\"https:\/\/lavoixdelanation.tg\/wp-content\/uploads\/2026\/03\/Barry-Moussa-Barque-President-du-Senat.jpeg\",\"contentUrl\":\"https:\/\/lavoixdelanation.tg\/wp-content\/uploads\/2026\/03\/Barry-Moussa-Barque-President-du-Senat.jpeg\",\"width\":1080,\"height\":788,\"caption\":\"Barry Moussa Barqu\u00e9, Pr\u00e9sident du S\u00e9nat\"},{\"@type\":\"BreadcrumbList\",\"@id\":\"https:\/\/lavoixdelanation.tg\/index.php\/2026\/03\/19\/navette-parlementaire-le-senat-adopte-les-projets-de-loi-sur-la-microfinance-et-le-faux-monnayage\/#breadcrumb\",\"itemListElement\":[{\"@type\":\"ListItem\",\"position\":1,\"name\":\"Accueil\",\"item\":\"https:\/\/lavoixdelanation.tg\/\"},{\"@type\":\"ListItem\",\"position\":2,\"name\":\"Navette parlementaire : le S\u00e9nat adopte les projets de loi sur la microfinance et le faux-monnayage\"}]},{\"@type\":\"WebSite\",\"@id\":\"https:\/\/lavoixdelanation.tg\/#website\",\"url\":\"https:\/\/lavoixdelanation.tg\/\",\"name\":\"La Voix de la Nation\",\"description\":\"R\u00e9c\u00e9piss\u00e9 n\u00b00108\/HAAC\/01-2024\/pl\/P\",\"publisher\":{\"@id\":\"https:\/\/lavoixdelanation.tg\/#organization\"},\"alternateName\":\"VON\",\"potentialAction\":[{\"@type\":\"SearchAction\",\"target\":{\"@type\":\"EntryPoint\",\"urlTemplate\":\"https:\/\/lavoixdelanation.tg\/?s={search_term_string}\"},\"query-input\":{\"@type\":\"PropertyValueSpecification\",\"valueRequired\":true,\"valueName\":\"search_term_string\"}}],\"inLanguage\":\"fr-FR\"},{\"@type\":\"Organization\",\"@id\":\"https:\/\/lavoixdelanation.tg\/#organization\",\"name\":\"La Voix de la Nation\",\"url\":\"https:\/\/lavoixdelanation.tg\/\",\"logo\":{\"@type\":\"ImageObject\",\"inLanguage\":\"fr-FR\",\"@id\":\"https:\/\/lavoixdelanation.tg\/#\/schema\/logo\/image\/\",\"url\":\"https:\/\/lavoixdelanation.tg\/wp-content\/uploads\/2024\/12\/lavn-1.png\",\"contentUrl\":\"https:\/\/lavoixdelanation.tg\/wp-content\/uploads\/2024\/12\/lavn-1.png\",\"width\":1024,\"height\":464,\"caption\":\"La Voix de la Nation\"},\"image\":{\"@id\":\"https:\/\/lavoixdelanation.tg\/#\/schema\/logo\/image\/\"},\"sameAs\":[\"https:\/\/www.facebook.com\/lavoixdelanation\"]},{\"@type\":\"Person\",\"@id\":\"https:\/\/lavoixdelanation.tg\/#\/schema\/person\/6c489293aa38053673a9e554acb6e224\",\"name\":\"La voix de la nation\",\"image\":{\"@type\":\"ImageObject\",\"inLanguage\":\"fr-FR\",\"@id\":\"https:\/\/lavoixdelanation.tg\/#\/schema\/person\/image\/\",\"url\":\"https:\/\/secure.gravatar.com\/avatar\/8aa135d4bbc794494cecaa8d483f6d6cc1023624868deaff686baed5e727a5a1?s=96&d=mm&r=g\",\"contentUrl\":\"https:\/\/secure.gravatar.com\/avatar\/8aa135d4bbc794494cecaa8d483f6d6cc1023624868deaff686baed5e727a5a1?s=96&d=mm&r=g\",\"caption\":\"La voix de la nation\"},\"sameAs\":[\"https:\/\/lavoixdelanation.tg\"],\"url\":\"https:\/\/lavoixdelanation.tg\/index.php\/author\/lavn\/\"}]}<\/script>\n<!-- \/ Yoast SEO plugin. -->","yoast_head_json":{"title":"Navette parlementaire : le S\u00e9nat adopte les projets de loi sur la microfinance et le faux-monnayage - La Voix de la Nation","robots":{"index":"index","follow":"follow","max-snippet":"max-snippet:-1","max-image-preview":"max-image-preview:large","max-video-preview":"max-video-preview:-1"},"canonical":"https:\/\/lavoixdelanation.tg\/index.php\/2026\/03\/19\/navette-parlementaire-le-senat-adopte-les-projets-de-loi-sur-la-microfinance-et-le-faux-monnayage\/","og_locale":"fr_FR","og_type":"article","og_title":"Navette parlementaire : le S\u00e9nat adopte les projets de loi sur la microfinance et le faux-monnayage - La Voix de la Nation","og_description":"R\u00e9unis en quatri\u00e8me s\u00e9ance pl\u00e9ni\u00e8re de la premi\u00e8re session extraordinaire de l\u2019ann\u00e9e 2026 ce mercredi 18 mars 2026, les s\u00e9nateurs ont examin\u00e9 et adopt\u00e9 des textes structurants visant \u00e0 moderniser,&hellip;","og_url":"https:\/\/lavoixdelanation.tg\/index.php\/2026\/03\/19\/navette-parlementaire-le-senat-adopte-les-projets-de-loi-sur-la-microfinance-et-le-faux-monnayage\/","og_site_name":"La Voix de la Nation","article_publisher":"https:\/\/www.facebook.com\/lavoixdelanation","article_published_time":"2026-03-19T09:53:13+00:00","article_modified_time":"2026-03-25T09:57:39+00:00","og_image":[{"width":1080,"height":788,"url":"https:\/\/lavoixdelanation.tg\/wp-content\/uploads\/2026\/03\/Barry-Moussa-Barque-President-du-Senat.jpeg","type":"image\/jpeg"}],"author":"La voix de la nation","twitter_card":"summary_large_image","twitter_misc":{"\u00c9crit par":"La voix de la nation","Dur\u00e9e de lecture estim\u00e9e":"3 minutes"},"schema":{"@context":"https:\/\/schema.org","@graph":[{"@type":"Article","@id":"https:\/\/lavoixdelanation.tg\/index.php\/2026\/03\/19\/navette-parlementaire-le-senat-adopte-les-projets-de-loi-sur-la-microfinance-et-le-faux-monnayage\/#article","isPartOf":{"@id":"https:\/\/lavoixdelanation.tg\/index.php\/2026\/03\/19\/navette-parlementaire-le-senat-adopte-les-projets-de-loi-sur-la-microfinance-et-le-faux-monnayage\/"},"author":{"name":"La voix de la nation","@id":"https:\/\/lavoixdelanation.tg\/#\/schema\/person\/6c489293aa38053673a9e554acb6e224"},"headline":"Navette parlementaire : le S\u00e9nat adopte les projets de loi sur la microfinance et le faux-monnayage","datePublished":"2026-03-19T09:53:13+00:00","dateModified":"2026-03-25T09:57:39+00:00","mainEntityOfPage":{"@id":"https:\/\/lavoixdelanation.tg\/index.php\/2026\/03\/19\/navette-parlementaire-le-senat-adopte-les-projets-de-loi-sur-la-microfinance-et-le-faux-monnayage\/"},"wordCount":428,"commentCount":0,"publisher":{"@id":"https:\/\/lavoixdelanation.tg\/#organization"},"image":{"@id":"https:\/\/lavoixdelanation.tg\/index.php\/2026\/03\/19\/navette-parlementaire-le-senat-adopte-les-projets-de-loi-sur-la-microfinance-et-le-faux-monnayage\/#primaryimage"},"thumbnailUrl":"https:\/\/lavoixdelanation.tg\/wp-content\/uploads\/2026\/03\/Barry-Moussa-Barque-President-du-Senat.jpeg","keywords":["Barry Moussa BARQU\u00c9","S\u00e9nat","Togo"],"articleSection":["Economie"],"inLanguage":"fr-FR","potentialAction":[{"@type":"CommentAction","name":"Comment","target":["https:\/\/lavoixdelanation.tg\/index.php\/2026\/03\/19\/navette-parlementaire-le-senat-adopte-les-projets-de-loi-sur-la-microfinance-et-le-faux-monnayage\/#respond"]}]},{"@type":"WebPage","@id":"https:\/\/lavoixdelanation.tg\/index.php\/2026\/03\/19\/navette-parlementaire-le-senat-adopte-les-projets-de-loi-sur-la-microfinance-et-le-faux-monnayage\/","url":"https:\/\/lavoixdelanation.tg\/index.php\/2026\/03\/19\/navette-parlementaire-le-senat-adopte-les-projets-de-loi-sur-la-microfinance-et-le-faux-monnayage\/","name":"Navette parlementaire : le S\u00e9nat adopte les projets de loi sur la microfinance et le faux-monnayage - La Voix de la Nation","isPartOf":{"@id":"https:\/\/lavoixdelanation.tg\/#website"},"primaryImageOfPage":{"@id":"https:\/\/lavoixdelanation.tg\/index.php\/2026\/03\/19\/navette-parlementaire-le-senat-adopte-les-projets-de-loi-sur-la-microfinance-et-le-faux-monnayage\/#primaryimage"},"image":{"@id":"https:\/\/lavoixdelanation.tg\/index.php\/2026\/03\/19\/navette-parlementaire-le-senat-adopte-les-projets-de-loi-sur-la-microfinance-et-le-faux-monnayage\/#primaryimage"},"thumbnailUrl":"https:\/\/lavoixdelanation.tg\/wp-content\/uploads\/2026\/03\/Barry-Moussa-Barque-President-du-Senat.jpeg","datePublished":"2026-03-19T09:53:13+00:00","dateModified":"2026-03-25T09:57:39+00:00","breadcrumb":{"@id":"https:\/\/lavoixdelanation.tg\/index.php\/2026\/03\/19\/navette-parlementaire-le-senat-adopte-les-projets-de-loi-sur-la-microfinance-et-le-faux-monnayage\/#breadcrumb"},"inLanguage":"fr-FR","potentialAction":[{"@type":"ReadAction","target":["https:\/\/lavoixdelanation.tg\/index.php\/2026\/03\/19\/navette-parlementaire-le-senat-adopte-les-projets-de-loi-sur-la-microfinance-et-le-faux-monnayage\/"]}]},{"@type":"ImageObject","inLanguage":"fr-FR","@id":"https:\/\/lavoixdelanation.tg\/index.php\/2026\/03\/19\/navette-parlementaire-le-senat-adopte-les-projets-de-loi-sur-la-microfinance-et-le-faux-monnayage\/#primaryimage","url":"https:\/\/lavoixdelanation.tg\/wp-content\/uploads\/2026\/03\/Barry-Moussa-Barque-President-du-Senat.jpeg","contentUrl":"https:\/\/lavoixdelanation.tg\/wp-content\/uploads\/2026\/03\/Barry-Moussa-Barque-President-du-Senat.jpeg","width":1080,"height":788,"caption":"Barry Moussa Barqu\u00e9, Pr\u00e9sident du S\u00e9nat"},{"@type":"BreadcrumbList","@id":"https:\/\/lavoixdelanation.tg\/index.php\/2026\/03\/19\/navette-parlementaire-le-senat-adopte-les-projets-de-loi-sur-la-microfinance-et-le-faux-monnayage\/#breadcrumb","itemListElement":[{"@type":"ListItem","position":1,"name":"Accueil","item":"https:\/\/lavoixdelanation.tg\/"},{"@type":"ListItem","position":2,"name":"Navette parlementaire : le S\u00e9nat adopte les projets de loi sur la microfinance et le faux-monnayage"}]},{"@type":"WebSite","@id":"https:\/\/lavoixdelanation.tg\/#website","url":"https:\/\/lavoixdelanation.tg\/","name":"La Voix de la Nation","description":"R\u00e9c\u00e9piss\u00e9 n\u00b00108\/HAAC\/01-2024\/pl\/P","publisher":{"@id":"https:\/\/lavoixdelanation.tg\/#organization"},"alternateName":"VON","potentialAction":[{"@type":"SearchAction","target":{"@type":"EntryPoint","urlTemplate":"https:\/\/lavoixdelanation.tg\/?s={search_term_string}"},"query-input":{"@type":"PropertyValueSpecification","valueRequired":true,"valueName":"search_term_string"}}],"inLanguage":"fr-FR"},{"@type":"Organization","@id":"https:\/\/lavoixdelanation.tg\/#organization","name":"La Voix de la Nation","url":"https:\/\/lavoixdelanation.tg\/","logo":{"@type":"ImageObject","inLanguage":"fr-FR","@id":"https:\/\/lavoixdelanation.tg\/#\/schema\/logo\/image\/","url":"https:\/\/lavoixdelanation.tg\/wp-content\/uploads\/2024\/12\/lavn-1.png","contentUrl":"https:\/\/lavoixdelanation.tg\/wp-content\/uploads\/2024\/12\/lavn-1.png","width":1024,"height":464,"caption":"La Voix de la Nation"},"image":{"@id":"https:\/\/lavoixdelanation.tg\/#\/schema\/logo\/image\/"},"sameAs":["https:\/\/www.facebook.com\/lavoixdelanation"]},{"@type":"Person","@id":"https:\/\/lavoixdelanation.tg\/#\/schema\/person\/6c489293aa38053673a9e554acb6e224","name":"La voix de la nation","image":{"@type":"ImageObject","inLanguage":"fr-FR","@id":"https:\/\/lavoixdelanation.tg\/#\/schema\/person\/image\/","url":"https:\/\/secure.gravatar.com\/avatar\/8aa135d4bbc794494cecaa8d483f6d6cc1023624868deaff686baed5e727a5a1?s=96&d=mm&r=g","contentUrl":"https:\/\/secure.gravatar.com\/avatar\/8aa135d4bbc794494cecaa8d483f6d6cc1023624868deaff686baed5e727a5a1?s=96&d=mm&r=g","caption":"La voix de la nation"},"sameAs":["https:\/\/lavoixdelanation.tg"],"url":"https:\/\/lavoixdelanation.tg\/index.php\/author\/lavn\/"}]}},"_links":{"self":[{"href":"https:\/\/lavoixdelanation.tg\/index.php\/wp-json\/wp\/v2\/posts\/15715","targetHints":{"allow":["GET"]}}],"collection":[{"href":"https:\/\/lavoixdelanation.tg\/index.php\/wp-json\/wp\/v2\/posts"}],"about":[{"href":"https:\/\/lavoixdelanation.tg\/index.php\/wp-json\/wp\/v2\/types\/post"}],"author":[{"embeddable":true,"href":"https:\/\/lavoixdelanation.tg\/index.php\/wp-json\/wp\/v2\/users\/1"}],"replies":[{"embeddable":true,"href":"https:\/\/lavoixdelanation.tg\/index.php\/wp-json\/wp\/v2\/comments?post=15715"}],"version-history":[{"count":1,"href":"https:\/\/lavoixdelanation.tg\/index.php\/wp-json\/wp\/v2\/posts\/15715\/revisions"}],"predecessor-version":[{"id":15718,"href":"https:\/\/lavoixdelanation.tg\/index.php\/wp-json\/wp\/v2\/posts\/15715\/revisions\/15718"}],"wp:featuredmedia":[{"embeddable":true,"href":"https:\/\/lavoixdelanation.tg\/index.php\/wp-json\/wp\/v2\/media\/15716"}],"wp:attachment":[{"href":"https:\/\/lavoixdelanation.tg\/index.php\/wp-json\/wp\/v2\/media?parent=15715"}],"wp:term":[{"taxonomy":"category","embeddable":true,"href":"https:\/\/lavoixdelanation.tg\/index.php\/wp-json\/wp\/v2\/categories?post=15715"},{"taxonomy":"post_tag","embeddable":true,"href":"https:\/\/lavoixdelanation.tg\/index.php\/wp-json\/wp\/v2\/tags?post=15715"}],"curies":[{"name":"wp","href":"https:\/\/api.w.org\/{rel}","templated":true}]}}