{"id":15687,"date":"2026-03-22T23:26:52","date_gmt":"2026-03-22T22:26:52","guid":{"rendered":"https:\/\/lavoixdelanation.tg\/?p=15687"},"modified":"2026-03-23T23:29:58","modified_gmt":"2026-03-23T22:29:58","slug":"diplomatie-vers-un-renforcement-de-la-cooperation-entre-le-togo-et-la-colombie","status":"publish","type":"post","link":"https:\/\/lavoixdelanation.tg\/index.php\/2026\/03\/22\/diplomatie-vers-un-renforcement-de-la-cooperation-entre-le-togo-et-la-colombie\/","title":{"rendered":"Diplomatie\u00a0: Vers un renforcement de la coop\u00e9ration entre le Togo et la Colombie"},"content":{"rendered":"\n<p><strong>Le Togo et la Colombie d\u00e9cident de renforcer leurs relations de coop\u00e9ration. Un m\u00e9morandum d\u2019entente a \u00e9t\u00e9 sign\u00e9 dans ce sens le vendredi 20 mars 2026 \u00e0 Bogota dans la capitale colombienne.<\/strong><\/p>\n\n\n\n<p>Les documents ont \u00e9t\u00e9 paraph\u00e9s par Le ministre des affaires \u00e9trang\u00e8res du Togo Pr Robert Dussey et son homologue de la Colombie, Mme Rosa Yolanda Villavicencio.<\/p>\n\n\n\n<p>L\u2019accord a \u00e9t\u00e9 sign\u00e9 en marge des travaux du Forum de la Communaut\u00e9 des \u00c9tats latino-am\u00e9ricains et cara\u00efbes (CELAC-Afrique). L\u2019objectif est de d\u00e9velopper la collaboration entre les acad\u00e9mies diplomatiques des deux pays, \u00e0 travers la mise en place de programmes de formation, l\u2019\u00e9change d\u2019expertise et le renforcement du dialogue institutionnel entre les deux r\u00e9gions.<\/p>\n\n\n\n<p>Cette collaboration doit permettre notamment de consolider les capacit\u00e9s des personnels diplomatiques et de favoriser une meilleure compr\u00e9hension des enjeux internationaux communs.<\/p>\n\n\n\n<p>Au demeurant, cette nouvelle signature confirme la volont\u00e9 commune des deux \u00c9tats d\u2019approfondir leurs relations et d\u2019explorer de nouvelles opportunit\u00e9s de partenariat. Elle s\u2019inscrit par ailleurs dans la dynamique d\u2019ouverture diplomatique engag\u00e9e par le gouvernement togolais, avec l\u2019ambition de diversifier les partenariats et de renforcer la pr\u00e9sence du pays sur la sc\u00e8ne internationale.<\/p>\n\n\n\n<p><strong>Cris DADA<\/strong><\/p>\n","protected":false},"excerpt":{"rendered":"<p>Le Togo et la Colombie d\u00e9cident de renforcer leurs relations de coop\u00e9ration. Un m\u00e9morandum d\u2019entente a \u00e9t\u00e9 sign\u00e9 dans ce sens le vendredi 20 mars 2026 \u00e0 Bogota dans la&hellip; <\/p>\n","protected":false},"author":1,"featured_media":15688,"comment_status":"open","ping_status":"closed","sticky":false,"template":"","format":"standard","meta":{"footnotes":""},"categories":[12],"tags":[1161,92,135,1353,39],"class_list":["post-15687","post","type-post","status-publish","format-standard","has-post-thumbnail","hentry","category-diplomatie","tag-colombie","tag-cooperation","tag-robert-dussey","tag-rosa-yolanda-villavicencio","tag-togo"],"yoast_head":"<!-- This site is optimized with the Yoast SEO plugin v26.4 - https:\/\/yoast.com\/wordpress\/plugins\/seo\/ -->\n<title>Diplomatie\u00a0: Vers un renforcement de la coop\u00e9ration entre le Togo et la Colombie - La Voix de la Nation<\/title>\n<meta name=\"robots\" content=\"index, follow, max-snippet:-1, max-image-preview:large, max-video-preview:-1\" \/>\n<link rel=\"canonical\" href=\"https:\/\/lavoixdelanation.tg\/index.php\/2026\/03\/22\/diplomatie-vers-un-renforcement-de-la-cooperation-entre-le-togo-et-la-colombie\/\" \/>\n<meta property=\"og:locale\" content=\"fr_FR\" \/>\n<meta property=\"og:type\" content=\"article\" \/>\n<meta property=\"og:title\" content=\"Diplomatie\u00a0: Vers un renforcement de la coop\u00e9ration entre le Togo et la Colombie - La Voix de la Nation\" \/>\n<meta property=\"og:description\" content=\"Le Togo et la Colombie d\u00e9cident de renforcer leurs relations de coop\u00e9ration. Un m\u00e9morandum d\u2019entente a \u00e9t\u00e9 sign\u00e9 dans ce sens le vendredi 20 mars 2026 \u00e0 Bogota dans la&hellip;\" \/>\n<meta property=\"og:url\" content=\"https:\/\/lavoixdelanation.tg\/index.php\/2026\/03\/22\/diplomatie-vers-un-renforcement-de-la-cooperation-entre-le-togo-et-la-colombie\/\" \/>\n<meta property=\"og:site_name\" content=\"La Voix de la Nation\" \/>\n<meta property=\"article:publisher\" content=\"https:\/\/www.facebook.com\/lavoixdelanation\" \/>\n<meta property=\"article:published_time\" content=\"2026-03-22T22:26:52+00:00\" \/>\n<meta property=\"article:modified_time\" content=\"2026-03-23T22:29:58+00:00\" \/>\n<meta property=\"og:image\" content=\"https:\/\/lavoixdelanation.tg\/wp-content\/uploads\/2026\/03\/Vers-un-renforcement-de-la-cooperation-entre-le-Togo-et-la-Colombie.jpg\" \/>\n\t<meta property=\"og:image:width\" content=\"512\" \/>\n\t<meta property=\"og:image:height\" content=\"373\" \/>\n\t<meta property=\"og:image:type\" content=\"image\/jpeg\" \/>\n<meta name=\"author\" content=\"La voix de la nation\" \/>\n<meta name=\"twitter:card\" content=\"summary_large_image\" \/>\n<meta name=\"twitter:label1\" content=\"\u00c9crit par\" \/>\n\t<meta name=\"twitter:data1\" content=\"La voix de la nation\" \/>\n\t<meta name=\"twitter:label2\" content=\"Dur\u00e9e de lecture estim\u00e9e\" \/>\n\t<meta name=\"twitter:data2\" content=\"2 minutes\" \/>\n<script type=\"application\/ld+json\" class=\"yoast-schema-graph\">{\"@context\":\"https:\/\/schema.org\",\"@graph\":[{\"@type\":\"Article\",\"@id\":\"https:\/\/lavoixdelanation.tg\/index.php\/2026\/03\/22\/diplomatie-vers-un-renforcement-de-la-cooperation-entre-le-togo-et-la-colombie\/#article\",\"isPartOf\":{\"@id\":\"https:\/\/lavoixdelanation.tg\/index.php\/2026\/03\/22\/diplomatie-vers-un-renforcement-de-la-cooperation-entre-le-togo-et-la-colombie\/\"},\"author\":{\"name\":\"La voix de la nation\",\"@id\":\"https:\/\/lavoixdelanation.tg\/#\/schema\/person\/6c489293aa38053673a9e554acb6e224\"},\"headline\":\"Diplomatie\u00a0: Vers un renforcement de la coop\u00e9ration entre le Togo et la Colombie\",\"datePublished\":\"2026-03-22T22:26:52+00:00\",\"dateModified\":\"2026-03-23T22:29:58+00:00\",\"mainEntityOfPage\":{\"@id\":\"https:\/\/lavoixdelanation.tg\/index.php\/2026\/03\/22\/diplomatie-vers-un-renforcement-de-la-cooperation-entre-le-togo-et-la-colombie\/\"},\"wordCount\":225,\"commentCount\":0,\"publisher\":{\"@id\":\"https:\/\/lavoixdelanation.tg\/#organization\"},\"image\":{\"@id\":\"https:\/\/lavoixdelanation.tg\/index.php\/2026\/03\/22\/diplomatie-vers-un-renforcement-de-la-cooperation-entre-le-togo-et-la-colombie\/#primaryimage\"},\"thumbnailUrl\":\"https:\/\/lavoixdelanation.tg\/wp-content\/uploads\/2026\/03\/Vers-un-renforcement-de-la-cooperation-entre-le-Togo-et-la-Colombie.jpg\",\"keywords\":[\"Colombie\",\"Coop\u00e9ration\",\"Robert Dussey\",\"Rosa Yolanda Villavicencio\",\"Togo\"],\"articleSection\":[\"Diplomatie\"],\"inLanguage\":\"fr-FR\",\"potentialAction\":[{\"@type\":\"CommentAction\",\"name\":\"Comment\",\"target\":[\"https:\/\/lavoixdelanation.tg\/index.php\/2026\/03\/22\/diplomatie-vers-un-renforcement-de-la-cooperation-entre-le-togo-et-la-colombie\/#respond\"]}]},{\"@type\":\"WebPage\",\"@id\":\"https:\/\/lavoixdelanation.tg\/index.php\/2026\/03\/22\/diplomatie-vers-un-renforcement-de-la-cooperation-entre-le-togo-et-la-colombie\/\",\"url\":\"https:\/\/lavoixdelanation.tg\/index.php\/2026\/03\/22\/diplomatie-vers-un-renforcement-de-la-cooperation-entre-le-togo-et-la-colombie\/\",\"name\":\"Diplomatie\u00a0: Vers un renforcement de la coop\u00e9ration entre le Togo et la Colombie - La Voix de la Nation\",\"isPartOf\":{\"@id\":\"https:\/\/lavoixdelanation.tg\/#website\"},\"primaryImageOfPage\":{\"@id\":\"https:\/\/lavoixdelanation.tg\/index.php\/2026\/03\/22\/diplomatie-vers-un-renforcement-de-la-cooperation-entre-le-togo-et-la-colombie\/#primaryimage\"},\"image\":{\"@id\":\"https:\/\/lavoixdelanation.tg\/index.php\/2026\/03\/22\/diplomatie-vers-un-renforcement-de-la-cooperation-entre-le-togo-et-la-colombie\/#primaryimage\"},\"thumbnailUrl\":\"https:\/\/lavoixdelanation.tg\/wp-content\/uploads\/2026\/03\/Vers-un-renforcement-de-la-cooperation-entre-le-Togo-et-la-Colombie.jpg\",\"datePublished\":\"2026-03-22T22:26:52+00:00\",\"dateModified\":\"2026-03-23T22:29:58+00:00\",\"breadcrumb\":{\"@id\":\"https:\/\/lavoixdelanation.tg\/index.php\/2026\/03\/22\/diplomatie-vers-un-renforcement-de-la-cooperation-entre-le-togo-et-la-colombie\/#breadcrumb\"},\"inLanguage\":\"fr-FR\",\"potentialAction\":[{\"@type\":\"ReadAction\",\"target\":[\"https:\/\/lavoixdelanation.tg\/index.php\/2026\/03\/22\/diplomatie-vers-un-renforcement-de-la-cooperation-entre-le-togo-et-la-colombie\/\"]}]},{\"@type\":\"ImageObject\",\"inLanguage\":\"fr-FR\",\"@id\":\"https:\/\/lavoixdelanation.tg\/index.php\/2026\/03\/22\/diplomatie-vers-un-renforcement-de-la-cooperation-entre-le-togo-et-la-colombie\/#primaryimage\",\"url\":\"https:\/\/lavoixdelanation.tg\/wp-content\/uploads\/2026\/03\/Vers-un-renforcement-de-la-cooperation-entre-le-Togo-et-la-Colombie.jpg\",\"contentUrl\":\"https:\/\/lavoixdelanation.tg\/wp-content\/uploads\/2026\/03\/Vers-un-renforcement-de-la-cooperation-entre-le-Togo-et-la-Colombie.jpg\",\"width\":512,\"height\":373},{\"@type\":\"BreadcrumbList\",\"@id\":\"https:\/\/lavoixdelanation.tg\/index.php\/2026\/03\/22\/diplomatie-vers-un-renforcement-de-la-cooperation-entre-le-togo-et-la-colombie\/#breadcrumb\",\"itemListElement\":[{\"@type\":\"ListItem\",\"position\":1,\"name\":\"Accueil\",\"item\":\"https:\/\/lavoixdelanation.tg\/\"},{\"@type\":\"ListItem\",\"position\":2,\"name\":\"Diplomatie\u00a0: Vers un renforcement de la coop\u00e9ration entre le Togo et la Colombie\"}]},{\"@type\":\"WebSite\",\"@id\":\"https:\/\/lavoixdelanation.tg\/#website\",\"url\":\"https:\/\/lavoixdelanation.tg\/\",\"name\":\"La Voix de la Nation\",\"description\":\"R\u00e9c\u00e9piss\u00e9 n\u00b00108\/HAAC\/01-2024\/pl\/P\",\"publisher\":{\"@id\":\"https:\/\/lavoixdelanation.tg\/#organization\"},\"alternateName\":\"VON\",\"potentialAction\":[{\"@type\":\"SearchAction\",\"target\":{\"@type\":\"EntryPoint\",\"urlTemplate\":\"https:\/\/lavoixdelanation.tg\/?s={search_term_string}\"},\"query-input\":{\"@type\":\"PropertyValueSpecification\",\"valueRequired\":true,\"valueName\":\"search_term_string\"}}],\"inLanguage\":\"fr-FR\"},{\"@type\":\"Organization\",\"@id\":\"https:\/\/lavoixdelanation.tg\/#organization\",\"name\":\"La Voix de la Nation\",\"url\":\"https:\/\/lavoixdelanation.tg\/\",\"logo\":{\"@type\":\"ImageObject\",\"inLanguage\":\"fr-FR\",\"@id\":\"https:\/\/lavoixdelanation.tg\/#\/schema\/logo\/image\/\",\"url\":\"https:\/\/lavoixdelanation.tg\/wp-content\/uploads\/2024\/12\/lavn-1.png\",\"contentUrl\":\"https:\/\/lavoixdelanation.tg\/wp-content\/uploads\/2024\/12\/lavn-1.png\",\"width\":1024,\"height\":464,\"caption\":\"La Voix de la Nation\"},\"image\":{\"@id\":\"https:\/\/lavoixdelanation.tg\/#\/schema\/logo\/image\/\"},\"sameAs\":[\"https:\/\/www.facebook.com\/lavoixdelanation\"]},{\"@type\":\"Person\",\"@id\":\"https:\/\/lavoixdelanation.tg\/#\/schema\/person\/6c489293aa38053673a9e554acb6e224\",\"name\":\"La voix de la nation\",\"image\":{\"@type\":\"ImageObject\",\"inLanguage\":\"fr-FR\",\"@id\":\"https:\/\/lavoixdelanation.tg\/#\/schema\/person\/image\/\",\"url\":\"https:\/\/secure.gravatar.com\/avatar\/8aa135d4bbc794494cecaa8d483f6d6cc1023624868deaff686baed5e727a5a1?s=96&d=mm&r=g\",\"contentUrl\":\"https:\/\/secure.gravatar.com\/avatar\/8aa135d4bbc794494cecaa8d483f6d6cc1023624868deaff686baed5e727a5a1?s=96&d=mm&r=g\",\"caption\":\"La voix de la nation\"},\"sameAs\":[\"https:\/\/lavoixdelanation.tg\"],\"url\":\"https:\/\/lavoixdelanation.tg\/index.php\/author\/lavn\/\"}]}<\/script>\n<!-- \/ Yoast SEO plugin. -->","yoast_head_json":{"title":"Diplomatie\u00a0: Vers un renforcement de la coop\u00e9ration entre le Togo et la Colombie - La Voix de la Nation","robots":{"index":"index","follow":"follow","max-snippet":"max-snippet:-1","max-image-preview":"max-image-preview:large","max-video-preview":"max-video-preview:-1"},"canonical":"https:\/\/lavoixdelanation.tg\/index.php\/2026\/03\/22\/diplomatie-vers-un-renforcement-de-la-cooperation-entre-le-togo-et-la-colombie\/","og_locale":"fr_FR","og_type":"article","og_title":"Diplomatie\u00a0: Vers un renforcement de la coop\u00e9ration entre le Togo et la Colombie - La Voix de la Nation","og_description":"Le Togo et la Colombie d\u00e9cident de renforcer leurs relations de coop\u00e9ration. Un m\u00e9morandum d\u2019entente a \u00e9t\u00e9 sign\u00e9 dans ce sens le vendredi 20 mars 2026 \u00e0 Bogota dans la&hellip;","og_url":"https:\/\/lavoixdelanation.tg\/index.php\/2026\/03\/22\/diplomatie-vers-un-renforcement-de-la-cooperation-entre-le-togo-et-la-colombie\/","og_site_name":"La Voix de la Nation","article_publisher":"https:\/\/www.facebook.com\/lavoixdelanation","article_published_time":"2026-03-22T22:26:52+00:00","article_modified_time":"2026-03-23T22:29:58+00:00","og_image":[{"width":512,"height":373,"url":"https:\/\/lavoixdelanation.tg\/wp-content\/uploads\/2026\/03\/Vers-un-renforcement-de-la-cooperation-entre-le-Togo-et-la-Colombie.jpg","type":"image\/jpeg"}],"author":"La voix de la nation","twitter_card":"summary_large_image","twitter_misc":{"\u00c9crit par":"La voix de la nation","Dur\u00e9e de lecture estim\u00e9e":"2 minutes"},"schema":{"@context":"https:\/\/schema.org","@graph":[{"@type":"Article","@id":"https:\/\/lavoixdelanation.tg\/index.php\/2026\/03\/22\/diplomatie-vers-un-renforcement-de-la-cooperation-entre-le-togo-et-la-colombie\/#article","isPartOf":{"@id":"https:\/\/lavoixdelanation.tg\/index.php\/2026\/03\/22\/diplomatie-vers-un-renforcement-de-la-cooperation-entre-le-togo-et-la-colombie\/"},"author":{"name":"La voix de la nation","@id":"https:\/\/lavoixdelanation.tg\/#\/schema\/person\/6c489293aa38053673a9e554acb6e224"},"headline":"Diplomatie\u00a0: Vers un renforcement de la coop\u00e9ration entre le Togo et la Colombie","datePublished":"2026-03-22T22:26:52+00:00","dateModified":"2026-03-23T22:29:58+00:00","mainEntityOfPage":{"@id":"https:\/\/lavoixdelanation.tg\/index.php\/2026\/03\/22\/diplomatie-vers-un-renforcement-de-la-cooperation-entre-le-togo-et-la-colombie\/"},"wordCount":225,"commentCount":0,"publisher":{"@id":"https:\/\/lavoixdelanation.tg\/#organization"},"image":{"@id":"https:\/\/lavoixdelanation.tg\/index.php\/2026\/03\/22\/diplomatie-vers-un-renforcement-de-la-cooperation-entre-le-togo-et-la-colombie\/#primaryimage"},"thumbnailUrl":"https:\/\/lavoixdelanation.tg\/wp-content\/uploads\/2026\/03\/Vers-un-renforcement-de-la-cooperation-entre-le-Togo-et-la-Colombie.jpg","keywords":["Colombie","Coop\u00e9ration","Robert Dussey","Rosa Yolanda Villavicencio","Togo"],"articleSection":["Diplomatie"],"inLanguage":"fr-FR","potentialAction":[{"@type":"CommentAction","name":"Comment","target":["https:\/\/lavoixdelanation.tg\/index.php\/2026\/03\/22\/diplomatie-vers-un-renforcement-de-la-cooperation-entre-le-togo-et-la-colombie\/#respond"]}]},{"@type":"WebPage","@id":"https:\/\/lavoixdelanation.tg\/index.php\/2026\/03\/22\/diplomatie-vers-un-renforcement-de-la-cooperation-entre-le-togo-et-la-colombie\/","url":"https:\/\/lavoixdelanation.tg\/index.php\/2026\/03\/22\/diplomatie-vers-un-renforcement-de-la-cooperation-entre-le-togo-et-la-colombie\/","name":"Diplomatie\u00a0: Vers un renforcement de la coop\u00e9ration entre le Togo et la Colombie - La Voix de la Nation","isPartOf":{"@id":"https:\/\/lavoixdelanation.tg\/#website"},"primaryImageOfPage":{"@id":"https:\/\/lavoixdelanation.tg\/index.php\/2026\/03\/22\/diplomatie-vers-un-renforcement-de-la-cooperation-entre-le-togo-et-la-colombie\/#primaryimage"},"image":{"@id":"https:\/\/lavoixdelanation.tg\/index.php\/2026\/03\/22\/diplomatie-vers-un-renforcement-de-la-cooperation-entre-le-togo-et-la-colombie\/#primaryimage"},"thumbnailUrl":"https:\/\/lavoixdelanation.tg\/wp-content\/uploads\/2026\/03\/Vers-un-renforcement-de-la-cooperation-entre-le-Togo-et-la-Colombie.jpg","datePublished":"2026-03-22T22:26:52+00:00","dateModified":"2026-03-23T22:29:58+00:00","breadcrumb":{"@id":"https:\/\/lavoixdelanation.tg\/index.php\/2026\/03\/22\/diplomatie-vers-un-renforcement-de-la-cooperation-entre-le-togo-et-la-colombie\/#breadcrumb"},"inLanguage":"fr-FR","potentialAction":[{"@type":"ReadAction","target":["https:\/\/lavoixdelanation.tg\/index.php\/2026\/03\/22\/diplomatie-vers-un-renforcement-de-la-cooperation-entre-le-togo-et-la-colombie\/"]}]},{"@type":"ImageObject","inLanguage":"fr-FR","@id":"https:\/\/lavoixdelanation.tg\/index.php\/2026\/03\/22\/diplomatie-vers-un-renforcement-de-la-cooperation-entre-le-togo-et-la-colombie\/#primaryimage","url":"https:\/\/lavoixdelanation.tg\/wp-content\/uploads\/2026\/03\/Vers-un-renforcement-de-la-cooperation-entre-le-Togo-et-la-Colombie.jpg","contentUrl":"https:\/\/lavoixdelanation.tg\/wp-content\/uploads\/2026\/03\/Vers-un-renforcement-de-la-cooperation-entre-le-Togo-et-la-Colombie.jpg","width":512,"height":373},{"@type":"BreadcrumbList","@id":"https:\/\/lavoixdelanation.tg\/index.php\/2026\/03\/22\/diplomatie-vers-un-renforcement-de-la-cooperation-entre-le-togo-et-la-colombie\/#breadcrumb","itemListElement":[{"@type":"ListItem","position":1,"name":"Accueil","item":"https:\/\/lavoixdelanation.tg\/"},{"@type":"ListItem","position":2,"name":"Diplomatie\u00a0: Vers un renforcement de la coop\u00e9ration entre le Togo et la Colombie"}]},{"@type":"WebSite","@id":"https:\/\/lavoixdelanation.tg\/#website","url":"https:\/\/lavoixdelanation.tg\/","name":"La Voix de la Nation","description":"R\u00e9c\u00e9piss\u00e9 n\u00b00108\/HAAC\/01-2024\/pl\/P","publisher":{"@id":"https:\/\/lavoixdelanation.tg\/#organization"},"alternateName":"VON","potentialAction":[{"@type":"SearchAction","target":{"@type":"EntryPoint","urlTemplate":"https:\/\/lavoixdelanation.tg\/?s={search_term_string}"},"query-input":{"@type":"PropertyValueSpecification","valueRequired":true,"valueName":"search_term_string"}}],"inLanguage":"fr-FR"},{"@type":"Organization","@id":"https:\/\/lavoixdelanation.tg\/#organization","name":"La Voix de la Nation","url":"https:\/\/lavoixdelanation.tg\/","logo":{"@type":"ImageObject","inLanguage":"fr-FR","@id":"https:\/\/lavoixdelanation.tg\/#\/schema\/logo\/image\/","url":"https:\/\/lavoixdelanation.tg\/wp-content\/uploads\/2024\/12\/lavn-1.png","contentUrl":"https:\/\/lavoixdelanation.tg\/wp-content\/uploads\/2024\/12\/lavn-1.png","width":1024,"height":464,"caption":"La Voix de la Nation"},"image":{"@id":"https:\/\/lavoixdelanation.tg\/#\/schema\/logo\/image\/"},"sameAs":["https:\/\/www.facebook.com\/lavoixdelanation"]},{"@type":"Person","@id":"https:\/\/lavoixdelanation.tg\/#\/schema\/person\/6c489293aa38053673a9e554acb6e224","name":"La voix de la nation","image":{"@type":"ImageObject","inLanguage":"fr-FR","@id":"https:\/\/lavoixdelanation.tg\/#\/schema\/person\/image\/","url":"https:\/\/secure.gravatar.com\/avatar\/8aa135d4bbc794494cecaa8d483f6d6cc1023624868deaff686baed5e727a5a1?s=96&d=mm&r=g","contentUrl":"https:\/\/secure.gravatar.com\/avatar\/8aa135d4bbc794494cecaa8d483f6d6cc1023624868deaff686baed5e727a5a1?s=96&d=mm&r=g","caption":"La voix de la nation"},"sameAs":["https:\/\/lavoixdelanation.tg"],"url":"https:\/\/lavoixdelanation.tg\/index.php\/author\/lavn\/"}]}},"_links":{"self":[{"href":"https:\/\/lavoixdelanation.tg\/index.php\/wp-json\/wp\/v2\/posts\/15687","targetHints":{"allow":["GET"]}}],"collection":[{"href":"https:\/\/lavoixdelanation.tg\/index.php\/wp-json\/wp\/v2\/posts"}],"about":[{"href":"https:\/\/lavoixdelanation.tg\/index.php\/wp-json\/wp\/v2\/types\/post"}],"author":[{"embeddable":true,"href":"https:\/\/lavoixdelanation.tg\/index.php\/wp-json\/wp\/v2\/users\/1"}],"replies":[{"embeddable":true,"href":"https:\/\/lavoixdelanation.tg\/index.php\/wp-json\/wp\/v2\/comments?post=15687"}],"version-history":[{"count":1,"href":"https:\/\/lavoixdelanation.tg\/index.php\/wp-json\/wp\/v2\/posts\/15687\/revisions"}],"predecessor-version":[{"id":15689,"href":"https:\/\/lavoixdelanation.tg\/index.php\/wp-json\/wp\/v2\/posts\/15687\/revisions\/15689"}],"wp:featuredmedia":[{"embeddable":true,"href":"https:\/\/lavoixdelanation.tg\/index.php\/wp-json\/wp\/v2\/media\/15688"}],"wp:attachment":[{"href":"https:\/\/lavoixdelanation.tg\/index.php\/wp-json\/wp\/v2\/media?parent=15687"}],"wp:term":[{"taxonomy":"category","embeddable":true,"href":"https:\/\/lavoixdelanation.tg\/index.php\/wp-json\/wp\/v2\/categories?post=15687"},{"taxonomy":"post_tag","embeddable":true,"href":"https:\/\/lavoixdelanation.tg\/index.php\/wp-json\/wp\/v2\/tags?post=15687"}],"curies":[{"name":"wp","href":"https:\/\/api.w.org\/{rel}","templated":true}]}}