{"id":15676,"date":"2026-03-16T19:44:00","date_gmt":"2026-03-16T18:44:00","guid":{"rendered":"https:\/\/lavoixdelanation.tg\/?p=15676"},"modified":"2026-03-16T20:47:35","modified_gmt":"2026-03-16T19:47:35","slug":"togo-revision-de-la-politique-nationale-de-la-recherche-et-de-linnovation","status":"publish","type":"post","link":"https:\/\/lavoixdelanation.tg\/index.php\/2026\/03\/16\/togo-revision-de-la-politique-nationale-de-la-recherche-et-de-linnovation\/","title":{"rendered":"Togo\u00a0: R\u00e9vision de la Politique nationale de la recherche et de l&rsquo;innovation"},"content":{"rendered":"\n<p><strong>Le Togo d\u00e9cide d\u2019actualiser <\/strong><strong>politique nationale de la recherche et de l&rsquo;innovation (PNRI 2021-2030) afin de l\u2019aligner sur les priorit\u00e9s nationales de d\u00e9veloppement ainsi que sur les engagements r\u00e9gionaux et internationaux du pays.<\/strong><strong><\/strong><\/p>\n\n\n\n<p>Les travaux de relecture et de r\u00e9vision ont d\u00e9marr\u00e9 ce lundi 16 mars 2026 \u00e0 Lom\u00e9 avec un atelier de trois jours qui permettra d\u2019examiner et d\u2019amender la version actualis\u00e9e de la PNRI afin d&rsquo;aboutir \u00e0 un document consolid\u00e9.<\/p>\n\n\n\n<p>Selon le ministre d\u00e9l\u00e9gu\u00e9 charg\u00e9 de l&rsquo;Enseignement sup\u00e9rieur et de la Recherche scientifique, Prof. Gado TCHANGBEDJI, la r\u00e9vision du document de politique scientifique s&rsquo;inscrit dans un contexte marqu\u00e9 par l&rsquo;acc\u00e9l\u00e9ration des mutations scientifiques et technologiques, ainsi que par l&rsquo;adoption de nouveaux cadres strat\u00e9giques au niveau r\u00e9gional.<\/p>\n\n\n\n<p>Il a insist\u00e9 sur la n\u00e9cessit\u00e9 d&rsquo;aligner la politique scientifique nationale sur les priorit\u00e9s strat\u00e9giques actuelles et les dynamiques internationales.<\/p>\n\n\n\n<p>Pour sa part, le coordonnateur de l&rsquo;antenne de l&rsquo;UNESCO \u00e0 Lom\u00e9, Maxime ADJANOHOUN a rappel\u00e9 l&rsquo;importance de l&rsquo;Agenda 2030 et le r\u00f4le central de la science, de la technologie et de l&rsquo;innovation dans la promotion du d\u00e9veloppement durable dont son institution est le chef de file des partenaires techniques et financiers.<\/p>\n\n\n\n<p>Il a \u00e9galement r\u00e9affirm\u00e9 l&rsquo;engagement de l&rsquo;UNESCO \u00e0 accompagner les Etats dans le renforcement de la recherche, de l&rsquo;innovation ainsi que dans l&rsquo;\u00e9laboration de politiques et strat\u00e9gies favorisant des syst\u00e8mes scientifiques plus inclusifs.<\/p>\n\n\n\n<p>Le ministre de l&rsquo;\u00c9ducation nationale, Mama OMOROU a dans son discours d&rsquo;ouverture, invit\u00e9 les participants \u00e0 faire preuve d&rsquo;ouverture, de cr\u00e9ativit\u00e9 et de rigueur afin d&rsquo;\u00e9laborer un document de politique scientifique ambitieux, r\u00e9aliste et op\u00e9rationnel, capable de r\u00e9pondre aux aspirations du Togo de demain.<\/p>\n\n\n\n<p>Mama OMOROU a \u00e9galement rassur\u00e9 les participants quant \u00e0 l\u2019engagement du gouvernement sous l\u2019impulsion du Pr\u00e9sident du Conseil, \u00e0 accompagner la mise en \u0153uvre des orientations issues de leurs travaux qui devraient aboutir \u00e0 une version actualis\u00e9e et consensuelle du document, en vue de son adoption formelle.<\/p>\n","protected":false},"excerpt":{"rendered":"<p>Le Togo d\u00e9cide d\u2019actualiser politique nationale de la recherche et de l&rsquo;innovation (PNRI 2021-2030) afin de l\u2019aligner sur les priorit\u00e9s nationales de d\u00e9veloppement ainsi que sur les engagements r\u00e9gionaux et&hellip; <\/p>\n","protected":false},"author":1,"featured_media":15677,"comment_status":"open","ping_status":"closed","sticky":false,"template":"","format":"standard","meta":{"footnotes":""},"categories":[10],"tags":[],"class_list":["post-15676","post","type-post","status-publish","format-standard","has-post-thumbnail","hentry","category-education"],"yoast_head":"<!-- This site is optimized with the Yoast SEO plugin v26.4 - https:\/\/yoast.com\/wordpress\/plugins\/seo\/ -->\n<title>Togo\u00a0: R\u00e9vision de la Politique nationale de la recherche et de l&#039;innovation - La Voix de la Nation<\/title>\n<meta name=\"robots\" content=\"index, follow, max-snippet:-1, max-image-preview:large, max-video-preview:-1\" \/>\n<link rel=\"canonical\" href=\"https:\/\/lavoixdelanation.tg\/index.php\/2026\/03\/16\/togo-revision-de-la-politique-nationale-de-la-recherche-et-de-linnovation\/\" \/>\n<meta property=\"og:locale\" content=\"fr_FR\" \/>\n<meta property=\"og:type\" content=\"article\" \/>\n<meta property=\"og:title\" content=\"Togo\u00a0: R\u00e9vision de la Politique nationale de la recherche et de l&#039;innovation - La Voix de la Nation\" \/>\n<meta property=\"og:description\" content=\"Le Togo d\u00e9cide d\u2019actualiser politique nationale de la recherche et de l&rsquo;innovation (PNRI 2021-2030) afin de l\u2019aligner sur les priorit\u00e9s nationales de d\u00e9veloppement ainsi que sur les engagements r\u00e9gionaux et&hellip;\" \/>\n<meta property=\"og:url\" content=\"https:\/\/lavoixdelanation.tg\/index.php\/2026\/03\/16\/togo-revision-de-la-politique-nationale-de-la-recherche-et-de-linnovation\/\" \/>\n<meta property=\"og:site_name\" content=\"La Voix de la Nation\" \/>\n<meta property=\"article:publisher\" content=\"https:\/\/www.facebook.com\/lavoixdelanation\" \/>\n<meta property=\"article:published_time\" content=\"2026-03-16T18:44:00+00:00\" \/>\n<meta property=\"article:modified_time\" content=\"2026-03-16T19:47:35+00:00\" \/>\n<meta property=\"og:image\" content=\"https:\/\/lavoixdelanation.tg\/wp-content\/uploads\/2026\/03\/Revision-de-la-Politique-nationale-de-la-recherche-et-de-linnovation-au-Togo.jpg\" \/>\n\t<meta property=\"og:image:width\" content=\"800\" \/>\n\t<meta property=\"og:image:height\" content=\"506\" \/>\n\t<meta property=\"og:image:type\" content=\"image\/jpeg\" \/>\n<meta name=\"author\" content=\"La voix de la nation\" \/>\n<meta name=\"twitter:card\" content=\"summary_large_image\" \/>\n<meta name=\"twitter:label1\" content=\"\u00c9crit par\" \/>\n\t<meta name=\"twitter:data1\" content=\"La voix de la nation\" \/>\n\t<meta name=\"twitter:label2\" content=\"Dur\u00e9e de lecture estim\u00e9e\" \/>\n\t<meta name=\"twitter:data2\" content=\"2 minutes\" \/>\n<script type=\"application\/ld+json\" class=\"yoast-schema-graph\">{\"@context\":\"https:\/\/schema.org\",\"@graph\":[{\"@type\":\"Article\",\"@id\":\"https:\/\/lavoixdelanation.tg\/index.php\/2026\/03\/16\/togo-revision-de-la-politique-nationale-de-la-recherche-et-de-linnovation\/#article\",\"isPartOf\":{\"@id\":\"https:\/\/lavoixdelanation.tg\/index.php\/2026\/03\/16\/togo-revision-de-la-politique-nationale-de-la-recherche-et-de-linnovation\/\"},\"author\":{\"name\":\"La voix de la nation\",\"@id\":\"https:\/\/lavoixdelanation.tg\/#\/schema\/person\/6c489293aa38053673a9e554acb6e224\"},\"headline\":\"Togo\u00a0: R\u00e9vision de la Politique nationale de la recherche et de l&rsquo;innovation\",\"datePublished\":\"2026-03-16T18:44:00+00:00\",\"dateModified\":\"2026-03-16T19:47:35+00:00\",\"mainEntityOfPage\":{\"@id\":\"https:\/\/lavoixdelanation.tg\/index.php\/2026\/03\/16\/togo-revision-de-la-politique-nationale-de-la-recherche-et-de-linnovation\/\"},\"wordCount\":371,\"commentCount\":0,\"publisher\":{\"@id\":\"https:\/\/lavoixdelanation.tg\/#organization\"},\"image\":{\"@id\":\"https:\/\/lavoixdelanation.tg\/index.php\/2026\/03\/16\/togo-revision-de-la-politique-nationale-de-la-recherche-et-de-linnovation\/#primaryimage\"},\"thumbnailUrl\":\"https:\/\/lavoixdelanation.tg\/wp-content\/uploads\/2026\/03\/Revision-de-la-Politique-nationale-de-la-recherche-et-de-linnovation-au-Togo.jpg\",\"articleSection\":[\"Education\"],\"inLanguage\":\"fr-FR\",\"potentialAction\":[{\"@type\":\"CommentAction\",\"name\":\"Comment\",\"target\":[\"https:\/\/lavoixdelanation.tg\/index.php\/2026\/03\/16\/togo-revision-de-la-politique-nationale-de-la-recherche-et-de-linnovation\/#respond\"]}]},{\"@type\":\"WebPage\",\"@id\":\"https:\/\/lavoixdelanation.tg\/index.php\/2026\/03\/16\/togo-revision-de-la-politique-nationale-de-la-recherche-et-de-linnovation\/\",\"url\":\"https:\/\/lavoixdelanation.tg\/index.php\/2026\/03\/16\/togo-revision-de-la-politique-nationale-de-la-recherche-et-de-linnovation\/\",\"name\":\"Togo\u00a0: R\u00e9vision de la Politique nationale de la recherche et de l'innovation - La Voix de la Nation\",\"isPartOf\":{\"@id\":\"https:\/\/lavoixdelanation.tg\/#website\"},\"primaryImageOfPage\":{\"@id\":\"https:\/\/lavoixdelanation.tg\/index.php\/2026\/03\/16\/togo-revision-de-la-politique-nationale-de-la-recherche-et-de-linnovation\/#primaryimage\"},\"image\":{\"@id\":\"https:\/\/lavoixdelanation.tg\/index.php\/2026\/03\/16\/togo-revision-de-la-politique-nationale-de-la-recherche-et-de-linnovation\/#primaryimage\"},\"thumbnailUrl\":\"https:\/\/lavoixdelanation.tg\/wp-content\/uploads\/2026\/03\/Revision-de-la-Politique-nationale-de-la-recherche-et-de-linnovation-au-Togo.jpg\",\"datePublished\":\"2026-03-16T18:44:00+00:00\",\"dateModified\":\"2026-03-16T19:47:35+00:00\",\"breadcrumb\":{\"@id\":\"https:\/\/lavoixdelanation.tg\/index.php\/2026\/03\/16\/togo-revision-de-la-politique-nationale-de-la-recherche-et-de-linnovation\/#breadcrumb\"},\"inLanguage\":\"fr-FR\",\"potentialAction\":[{\"@type\":\"ReadAction\",\"target\":[\"https:\/\/lavoixdelanation.tg\/index.php\/2026\/03\/16\/togo-revision-de-la-politique-nationale-de-la-recherche-et-de-linnovation\/\"]}]},{\"@type\":\"ImageObject\",\"inLanguage\":\"fr-FR\",\"@id\":\"https:\/\/lavoixdelanation.tg\/index.php\/2026\/03\/16\/togo-revision-de-la-politique-nationale-de-la-recherche-et-de-linnovation\/#primaryimage\",\"url\":\"https:\/\/lavoixdelanation.tg\/wp-content\/uploads\/2026\/03\/Revision-de-la-Politique-nationale-de-la-recherche-et-de-linnovation-au-Togo.jpg\",\"contentUrl\":\"https:\/\/lavoixdelanation.tg\/wp-content\/uploads\/2026\/03\/Revision-de-la-Politique-nationale-de-la-recherche-et-de-linnovation-au-Togo.jpg\",\"width\":800,\"height\":506},{\"@type\":\"BreadcrumbList\",\"@id\":\"https:\/\/lavoixdelanation.tg\/index.php\/2026\/03\/16\/togo-revision-de-la-politique-nationale-de-la-recherche-et-de-linnovation\/#breadcrumb\",\"itemListElement\":[{\"@type\":\"ListItem\",\"position\":1,\"name\":\"Accueil\",\"item\":\"https:\/\/lavoixdelanation.tg\/\"},{\"@type\":\"ListItem\",\"position\":2,\"name\":\"Togo\u00a0: R\u00e9vision de la Politique nationale de la recherche et de l&rsquo;innovation\"}]},{\"@type\":\"WebSite\",\"@id\":\"https:\/\/lavoixdelanation.tg\/#website\",\"url\":\"https:\/\/lavoixdelanation.tg\/\",\"name\":\"La Voix de la Nation\",\"description\":\"R\u00e9c\u00e9piss\u00e9 n\u00b00108\/HAAC\/01-2024\/pl\/P\",\"publisher\":{\"@id\":\"https:\/\/lavoixdelanation.tg\/#organization\"},\"alternateName\":\"VON\",\"potentialAction\":[{\"@type\":\"SearchAction\",\"target\":{\"@type\":\"EntryPoint\",\"urlTemplate\":\"https:\/\/lavoixdelanation.tg\/?s={search_term_string}\"},\"query-input\":{\"@type\":\"PropertyValueSpecification\",\"valueRequired\":true,\"valueName\":\"search_term_string\"}}],\"inLanguage\":\"fr-FR\"},{\"@type\":\"Organization\",\"@id\":\"https:\/\/lavoixdelanation.tg\/#organization\",\"name\":\"La Voix de la Nation\",\"url\":\"https:\/\/lavoixdelanation.tg\/\",\"logo\":{\"@type\":\"ImageObject\",\"inLanguage\":\"fr-FR\",\"@id\":\"https:\/\/lavoixdelanation.tg\/#\/schema\/logo\/image\/\",\"url\":\"https:\/\/lavoixdelanation.tg\/wp-content\/uploads\/2024\/12\/lavn-1.png\",\"contentUrl\":\"https:\/\/lavoixdelanation.tg\/wp-content\/uploads\/2024\/12\/lavn-1.png\",\"width\":1024,\"height\":464,\"caption\":\"La Voix de la Nation\"},\"image\":{\"@id\":\"https:\/\/lavoixdelanation.tg\/#\/schema\/logo\/image\/\"},\"sameAs\":[\"https:\/\/www.facebook.com\/lavoixdelanation\"]},{\"@type\":\"Person\",\"@id\":\"https:\/\/lavoixdelanation.tg\/#\/schema\/person\/6c489293aa38053673a9e554acb6e224\",\"name\":\"La voix de la nation\",\"image\":{\"@type\":\"ImageObject\",\"inLanguage\":\"fr-FR\",\"@id\":\"https:\/\/lavoixdelanation.tg\/#\/schema\/person\/image\/\",\"url\":\"https:\/\/secure.gravatar.com\/avatar\/8aa135d4bbc794494cecaa8d483f6d6cc1023624868deaff686baed5e727a5a1?s=96&d=mm&r=g\",\"contentUrl\":\"https:\/\/secure.gravatar.com\/avatar\/8aa135d4bbc794494cecaa8d483f6d6cc1023624868deaff686baed5e727a5a1?s=96&d=mm&r=g\",\"caption\":\"La voix de la nation\"},\"sameAs\":[\"https:\/\/lavoixdelanation.tg\"],\"url\":\"https:\/\/lavoixdelanation.tg\/index.php\/author\/lavn\/\"}]}<\/script>\n<!-- \/ Yoast SEO plugin. -->","yoast_head_json":{"title":"Togo\u00a0: R\u00e9vision de la Politique nationale de la recherche et de l'innovation - La Voix de la Nation","robots":{"index":"index","follow":"follow","max-snippet":"max-snippet:-1","max-image-preview":"max-image-preview:large","max-video-preview":"max-video-preview:-1"},"canonical":"https:\/\/lavoixdelanation.tg\/index.php\/2026\/03\/16\/togo-revision-de-la-politique-nationale-de-la-recherche-et-de-linnovation\/","og_locale":"fr_FR","og_type":"article","og_title":"Togo\u00a0: R\u00e9vision de la Politique nationale de la recherche et de l'innovation - La Voix de la Nation","og_description":"Le Togo d\u00e9cide d\u2019actualiser politique nationale de la recherche et de l&rsquo;innovation (PNRI 2021-2030) afin de l\u2019aligner sur les priorit\u00e9s nationales de d\u00e9veloppement ainsi que sur les engagements r\u00e9gionaux et&hellip;","og_url":"https:\/\/lavoixdelanation.tg\/index.php\/2026\/03\/16\/togo-revision-de-la-politique-nationale-de-la-recherche-et-de-linnovation\/","og_site_name":"La Voix de la Nation","article_publisher":"https:\/\/www.facebook.com\/lavoixdelanation","article_published_time":"2026-03-16T18:44:00+00:00","article_modified_time":"2026-03-16T19:47:35+00:00","og_image":[{"width":800,"height":506,"url":"https:\/\/lavoixdelanation.tg\/wp-content\/uploads\/2026\/03\/Revision-de-la-Politique-nationale-de-la-recherche-et-de-linnovation-au-Togo.jpg","type":"image\/jpeg"}],"author":"La voix de la nation","twitter_card":"summary_large_image","twitter_misc":{"\u00c9crit par":"La voix de la nation","Dur\u00e9e de lecture estim\u00e9e":"2 minutes"},"schema":{"@context":"https:\/\/schema.org","@graph":[{"@type":"Article","@id":"https:\/\/lavoixdelanation.tg\/index.php\/2026\/03\/16\/togo-revision-de-la-politique-nationale-de-la-recherche-et-de-linnovation\/#article","isPartOf":{"@id":"https:\/\/lavoixdelanation.tg\/index.php\/2026\/03\/16\/togo-revision-de-la-politique-nationale-de-la-recherche-et-de-linnovation\/"},"author":{"name":"La voix de la nation","@id":"https:\/\/lavoixdelanation.tg\/#\/schema\/person\/6c489293aa38053673a9e554acb6e224"},"headline":"Togo\u00a0: R\u00e9vision de la Politique nationale de la recherche et de l&rsquo;innovation","datePublished":"2026-03-16T18:44:00+00:00","dateModified":"2026-03-16T19:47:35+00:00","mainEntityOfPage":{"@id":"https:\/\/lavoixdelanation.tg\/index.php\/2026\/03\/16\/togo-revision-de-la-politique-nationale-de-la-recherche-et-de-linnovation\/"},"wordCount":371,"commentCount":0,"publisher":{"@id":"https:\/\/lavoixdelanation.tg\/#organization"},"image":{"@id":"https:\/\/lavoixdelanation.tg\/index.php\/2026\/03\/16\/togo-revision-de-la-politique-nationale-de-la-recherche-et-de-linnovation\/#primaryimage"},"thumbnailUrl":"https:\/\/lavoixdelanation.tg\/wp-content\/uploads\/2026\/03\/Revision-de-la-Politique-nationale-de-la-recherche-et-de-linnovation-au-Togo.jpg","articleSection":["Education"],"inLanguage":"fr-FR","potentialAction":[{"@type":"CommentAction","name":"Comment","target":["https:\/\/lavoixdelanation.tg\/index.php\/2026\/03\/16\/togo-revision-de-la-politique-nationale-de-la-recherche-et-de-linnovation\/#respond"]}]},{"@type":"WebPage","@id":"https:\/\/lavoixdelanation.tg\/index.php\/2026\/03\/16\/togo-revision-de-la-politique-nationale-de-la-recherche-et-de-linnovation\/","url":"https:\/\/lavoixdelanation.tg\/index.php\/2026\/03\/16\/togo-revision-de-la-politique-nationale-de-la-recherche-et-de-linnovation\/","name":"Togo\u00a0: R\u00e9vision de la Politique nationale de la recherche et de l'innovation - La Voix de la Nation","isPartOf":{"@id":"https:\/\/lavoixdelanation.tg\/#website"},"primaryImageOfPage":{"@id":"https:\/\/lavoixdelanation.tg\/index.php\/2026\/03\/16\/togo-revision-de-la-politique-nationale-de-la-recherche-et-de-linnovation\/#primaryimage"},"image":{"@id":"https:\/\/lavoixdelanation.tg\/index.php\/2026\/03\/16\/togo-revision-de-la-politique-nationale-de-la-recherche-et-de-linnovation\/#primaryimage"},"thumbnailUrl":"https:\/\/lavoixdelanation.tg\/wp-content\/uploads\/2026\/03\/Revision-de-la-Politique-nationale-de-la-recherche-et-de-linnovation-au-Togo.jpg","datePublished":"2026-03-16T18:44:00+00:00","dateModified":"2026-03-16T19:47:35+00:00","breadcrumb":{"@id":"https:\/\/lavoixdelanation.tg\/index.php\/2026\/03\/16\/togo-revision-de-la-politique-nationale-de-la-recherche-et-de-linnovation\/#breadcrumb"},"inLanguage":"fr-FR","potentialAction":[{"@type":"ReadAction","target":["https:\/\/lavoixdelanation.tg\/index.php\/2026\/03\/16\/togo-revision-de-la-politique-nationale-de-la-recherche-et-de-linnovation\/"]}]},{"@type":"ImageObject","inLanguage":"fr-FR","@id":"https:\/\/lavoixdelanation.tg\/index.php\/2026\/03\/16\/togo-revision-de-la-politique-nationale-de-la-recherche-et-de-linnovation\/#primaryimage","url":"https:\/\/lavoixdelanation.tg\/wp-content\/uploads\/2026\/03\/Revision-de-la-Politique-nationale-de-la-recherche-et-de-linnovation-au-Togo.jpg","contentUrl":"https:\/\/lavoixdelanation.tg\/wp-content\/uploads\/2026\/03\/Revision-de-la-Politique-nationale-de-la-recherche-et-de-linnovation-au-Togo.jpg","width":800,"height":506},{"@type":"BreadcrumbList","@id":"https:\/\/lavoixdelanation.tg\/index.php\/2026\/03\/16\/togo-revision-de-la-politique-nationale-de-la-recherche-et-de-linnovation\/#breadcrumb","itemListElement":[{"@type":"ListItem","position":1,"name":"Accueil","item":"https:\/\/lavoixdelanation.tg\/"},{"@type":"ListItem","position":2,"name":"Togo\u00a0: R\u00e9vision de la Politique nationale de la recherche et de l&rsquo;innovation"}]},{"@type":"WebSite","@id":"https:\/\/lavoixdelanation.tg\/#website","url":"https:\/\/lavoixdelanation.tg\/","name":"La Voix de la Nation","description":"R\u00e9c\u00e9piss\u00e9 n\u00b00108\/HAAC\/01-2024\/pl\/P","publisher":{"@id":"https:\/\/lavoixdelanation.tg\/#organization"},"alternateName":"VON","potentialAction":[{"@type":"SearchAction","target":{"@type":"EntryPoint","urlTemplate":"https:\/\/lavoixdelanation.tg\/?s={search_term_string}"},"query-input":{"@type":"PropertyValueSpecification","valueRequired":true,"valueName":"search_term_string"}}],"inLanguage":"fr-FR"},{"@type":"Organization","@id":"https:\/\/lavoixdelanation.tg\/#organization","name":"La Voix de la Nation","url":"https:\/\/lavoixdelanation.tg\/","logo":{"@type":"ImageObject","inLanguage":"fr-FR","@id":"https:\/\/lavoixdelanation.tg\/#\/schema\/logo\/image\/","url":"https:\/\/lavoixdelanation.tg\/wp-content\/uploads\/2024\/12\/lavn-1.png","contentUrl":"https:\/\/lavoixdelanation.tg\/wp-content\/uploads\/2024\/12\/lavn-1.png","width":1024,"height":464,"caption":"La Voix de la Nation"},"image":{"@id":"https:\/\/lavoixdelanation.tg\/#\/schema\/logo\/image\/"},"sameAs":["https:\/\/www.facebook.com\/lavoixdelanation"]},{"@type":"Person","@id":"https:\/\/lavoixdelanation.tg\/#\/schema\/person\/6c489293aa38053673a9e554acb6e224","name":"La voix de la nation","image":{"@type":"ImageObject","inLanguage":"fr-FR","@id":"https:\/\/lavoixdelanation.tg\/#\/schema\/person\/image\/","url":"https:\/\/secure.gravatar.com\/avatar\/8aa135d4bbc794494cecaa8d483f6d6cc1023624868deaff686baed5e727a5a1?s=96&d=mm&r=g","contentUrl":"https:\/\/secure.gravatar.com\/avatar\/8aa135d4bbc794494cecaa8d483f6d6cc1023624868deaff686baed5e727a5a1?s=96&d=mm&r=g","caption":"La voix de la nation"},"sameAs":["https:\/\/lavoixdelanation.tg"],"url":"https:\/\/lavoixdelanation.tg\/index.php\/author\/lavn\/"}]}},"_links":{"self":[{"href":"https:\/\/lavoixdelanation.tg\/index.php\/wp-json\/wp\/v2\/posts\/15676","targetHints":{"allow":["GET"]}}],"collection":[{"href":"https:\/\/lavoixdelanation.tg\/index.php\/wp-json\/wp\/v2\/posts"}],"about":[{"href":"https:\/\/lavoixdelanation.tg\/index.php\/wp-json\/wp\/v2\/types\/post"}],"author":[{"embeddable":true,"href":"https:\/\/lavoixdelanation.tg\/index.php\/wp-json\/wp\/v2\/users\/1"}],"replies":[{"embeddable":true,"href":"https:\/\/lavoixdelanation.tg\/index.php\/wp-json\/wp\/v2\/comments?post=15676"}],"version-history":[{"count":1,"href":"https:\/\/lavoixdelanation.tg\/index.php\/wp-json\/wp\/v2\/posts\/15676\/revisions"}],"predecessor-version":[{"id":15678,"href":"https:\/\/lavoixdelanation.tg\/index.php\/wp-json\/wp\/v2\/posts\/15676\/revisions\/15678"}],"wp:featuredmedia":[{"embeddable":true,"href":"https:\/\/lavoixdelanation.tg\/index.php\/wp-json\/wp\/v2\/media\/15677"}],"wp:attachment":[{"href":"https:\/\/lavoixdelanation.tg\/index.php\/wp-json\/wp\/v2\/media?parent=15676"}],"wp:term":[{"taxonomy":"category","embeddable":true,"href":"https:\/\/lavoixdelanation.tg\/index.php\/wp-json\/wp\/v2\/categories?post=15676"},{"taxonomy":"post_tag","embeddable":true,"href":"https:\/\/lavoixdelanation.tg\/index.php\/wp-json\/wp\/v2\/tags?post=15676"}],"curies":[{"name":"wp","href":"https:\/\/api.w.org\/{rel}","templated":true}]}}