{"id":15673,"date":"2026-03-16T20:44:27","date_gmt":"2026-03-16T19:44:27","guid":{"rendered":"https:\/\/lavoixdelanation.tg\/?p=15673"},"modified":"2026-03-16T20:44:28","modified_gmt":"2026-03-16T19:44:28","slug":"togo-feu-vert-pour-le-demarrage-de-la-4eme-enquete-demographique-et-de-sante","status":"publish","type":"post","link":"https:\/\/lavoixdelanation.tg\/index.php\/2026\/03\/16\/togo-feu-vert-pour-le-demarrage-de-la-4eme-enquete-demographique-et-de-sante\/","title":{"rendered":"Togo\u00a0: Feu vert pour le d\u00e9marrage de la 4\u00e8me enqu\u00eate d\u00e9mographique et de sant\u00e9"},"content":{"rendered":"\n<p><strong>Le gouvernement togolais r\u00e9uni en Conseil des Ministres le 11 mars 2026 a autoris\u00e9 le d\u00e9marrage de la quatri\u00e8me Enqu\u00eate d\u00e9mographique et de sant\u00e9 (EDST-4) au Togo.<\/strong><\/p>\n\n\n\n<p>La d\u00e9cision a \u00e9t\u00e9 prise suite \u00e0 une communication relative \u00e0 cette op\u00e9ration, pr\u00e9sent\u00e9e par le ministre de la sant\u00e9, de l\u2019hygi\u00e8ne publique, de la couverture sanitaire universelle et des assurances, Jean Marie TESSI.<\/p>\n\n\n\n<p>Succ\u00e9dant aux \u00e9ditions de 1988, de 1998 et de 2013-2014, la quatri\u00e8me enqu\u00eate d\u00e9mographique et de sant\u00e9 s\u2019inscrit dans le cadre du cinqui\u00e8me Recensement g\u00e9n\u00e9ral de la population et de l\u2019habitat (RGPH-5) et du programme international des enqu\u00eates d\u00e9mographiques et de sant\u00e9.<\/p>\n\n\n\n<p>Elle vise selon le gouvernement, \u00e0 fournir des donn\u00e9es fiables et actualis\u00e9es sur la sant\u00e9 maternelle et infantile, la planification familiale, le VIH\/sida, la nutrition, les violences domestiques, les fistules obst\u00e9tricales et le travail des enfants.<\/p>\n\n\n\n<p>Les op\u00e9rations de terrain incluront des entretiens aupr\u00e8s des m\u00e9nages, des mesures anthropom\u00e9triques, des tests de l\u2019eau et du sel, ainsi que des pr\u00e9l\u00e8vements sanguins. La collecte des donn\u00e9es est pr\u00e9vue pour une dur\u00e9e de quatre (4) mois, avec une publication des r\u00e9sultats pr\u00e9vue en avril 2027.<\/p>\n\n\n\n<p>L\u2019on apprend que ministre charg\u00e9 de la sant\u00e9 a \u00e9t\u00e9 instruit \u00e0 cet effet \u00e0 prendre toutes les dispositions n\u00e9cessaires pour la r\u00e9ussite des op\u00e9rations.<\/p>\n","protected":false},"excerpt":{"rendered":"<p>Le gouvernement togolais r\u00e9uni en Conseil des Ministres le 11 mars 2026 a autoris\u00e9 le d\u00e9marrage de la quatri\u00e8me Enqu\u00eate d\u00e9mographique et de sant\u00e9 (EDST-4) au Togo. La d\u00e9cision a&hellip; <\/p>\n","protected":false},"author":1,"featured_media":15674,"comment_status":"open","ping_status":"closed","sticky":false,"template":"","format":"standard","meta":{"footnotes":""},"categories":[29],"tags":[1350,1349,39],"class_list":["post-15673","post","type-post","status-publish","format-standard","has-post-thumbnail","hentry","category-societe","tag-edst-4","tag-enquete-demographique","tag-togo"],"yoast_head":"<!-- This site is optimized with the Yoast SEO plugin v26.4 - https:\/\/yoast.com\/wordpress\/plugins\/seo\/ -->\n<title>Togo\u00a0: Feu vert pour le d\u00e9marrage de la 4\u00e8me enqu\u00eate d\u00e9mographique et de sant\u00e9 - La Voix de la Nation<\/title>\n<meta name=\"robots\" content=\"index, follow, max-snippet:-1, max-image-preview:large, max-video-preview:-1\" \/>\n<link rel=\"canonical\" href=\"https:\/\/lavoixdelanation.tg\/index.php\/2026\/03\/16\/togo-feu-vert-pour-le-demarrage-de-la-4eme-enquete-demographique-et-de-sante\/\" \/>\n<meta property=\"og:locale\" content=\"fr_FR\" \/>\n<meta property=\"og:type\" content=\"article\" \/>\n<meta property=\"og:title\" content=\"Togo\u00a0: Feu vert pour le d\u00e9marrage de la 4\u00e8me enqu\u00eate d\u00e9mographique et de sant\u00e9 - La Voix de la Nation\" \/>\n<meta property=\"og:description\" content=\"Le gouvernement togolais r\u00e9uni en Conseil des Ministres le 11 mars 2026 a autoris\u00e9 le d\u00e9marrage de la quatri\u00e8me Enqu\u00eate d\u00e9mographique et de sant\u00e9 (EDST-4) au Togo. La d\u00e9cision a&hellip;\" \/>\n<meta property=\"og:url\" content=\"https:\/\/lavoixdelanation.tg\/index.php\/2026\/03\/16\/togo-feu-vert-pour-le-demarrage-de-la-4eme-enquete-demographique-et-de-sante\/\" \/>\n<meta property=\"og:site_name\" content=\"La Voix de la Nation\" \/>\n<meta property=\"article:publisher\" content=\"https:\/\/www.facebook.com\/lavoixdelanation\" \/>\n<meta property=\"article:published_time\" content=\"2026-03-16T19:44:27+00:00\" \/>\n<meta property=\"article:modified_time\" content=\"2026-03-16T19:44:28+00:00\" \/>\n<meta property=\"og:image\" content=\"https:\/\/lavoixdelanation.tg\/wp-content\/uploads\/2026\/03\/4eme-enquete-demographique-et-de-sante-au-Togo.jpg\" \/>\n\t<meta property=\"og:image:width\" content=\"700\" \/>\n\t<meta property=\"og:image:height\" content=\"600\" \/>\n\t<meta property=\"og:image:type\" content=\"image\/jpeg\" \/>\n<meta name=\"author\" content=\"La voix de la nation\" \/>\n<meta name=\"twitter:card\" content=\"summary_large_image\" \/>\n<meta name=\"twitter:label1\" content=\"\u00c9crit par\" \/>\n\t<meta name=\"twitter:data1\" content=\"La voix de la nation\" \/>\n\t<meta name=\"twitter:label2\" content=\"Dur\u00e9e de lecture estim\u00e9e\" \/>\n\t<meta name=\"twitter:data2\" content=\"2 minutes\" \/>\n<script type=\"application\/ld+json\" class=\"yoast-schema-graph\">{\"@context\":\"https:\/\/schema.org\",\"@graph\":[{\"@type\":\"Article\",\"@id\":\"https:\/\/lavoixdelanation.tg\/index.php\/2026\/03\/16\/togo-feu-vert-pour-le-demarrage-de-la-4eme-enquete-demographique-et-de-sante\/#article\",\"isPartOf\":{\"@id\":\"https:\/\/lavoixdelanation.tg\/index.php\/2026\/03\/16\/togo-feu-vert-pour-le-demarrage-de-la-4eme-enquete-demographique-et-de-sante\/\"},\"author\":{\"name\":\"La voix de la nation\",\"@id\":\"https:\/\/lavoixdelanation.tg\/#\/schema\/person\/6c489293aa38053673a9e554acb6e224\"},\"headline\":\"Togo\u00a0: Feu vert pour le d\u00e9marrage de la 4\u00e8me enqu\u00eate d\u00e9mographique et de sant\u00e9\",\"datePublished\":\"2026-03-16T19:44:27+00:00\",\"dateModified\":\"2026-03-16T19:44:28+00:00\",\"mainEntityOfPage\":{\"@id\":\"https:\/\/lavoixdelanation.tg\/index.php\/2026\/03\/16\/togo-feu-vert-pour-le-demarrage-de-la-4eme-enquete-demographique-et-de-sante\/\"},\"wordCount\":259,\"commentCount\":0,\"publisher\":{\"@id\":\"https:\/\/lavoixdelanation.tg\/#organization\"},\"image\":{\"@id\":\"https:\/\/lavoixdelanation.tg\/index.php\/2026\/03\/16\/togo-feu-vert-pour-le-demarrage-de-la-4eme-enquete-demographique-et-de-sante\/#primaryimage\"},\"thumbnailUrl\":\"https:\/\/lavoixdelanation.tg\/wp-content\/uploads\/2026\/03\/4eme-enquete-demographique-et-de-sante-au-Togo.jpg\",\"keywords\":[\"EDST-4\",\"Enqu\u00eate d\u00e9mographique\",\"Togo\"],\"articleSection\":[\"Soci\u00e9t\u00e9\"],\"inLanguage\":\"fr-FR\",\"potentialAction\":[{\"@type\":\"CommentAction\",\"name\":\"Comment\",\"target\":[\"https:\/\/lavoixdelanation.tg\/index.php\/2026\/03\/16\/togo-feu-vert-pour-le-demarrage-de-la-4eme-enquete-demographique-et-de-sante\/#respond\"]}]},{\"@type\":\"WebPage\",\"@id\":\"https:\/\/lavoixdelanation.tg\/index.php\/2026\/03\/16\/togo-feu-vert-pour-le-demarrage-de-la-4eme-enquete-demographique-et-de-sante\/\",\"url\":\"https:\/\/lavoixdelanation.tg\/index.php\/2026\/03\/16\/togo-feu-vert-pour-le-demarrage-de-la-4eme-enquete-demographique-et-de-sante\/\",\"name\":\"Togo\u00a0: Feu vert pour le d\u00e9marrage de la 4\u00e8me enqu\u00eate d\u00e9mographique et de sant\u00e9 - La Voix de la Nation\",\"isPartOf\":{\"@id\":\"https:\/\/lavoixdelanation.tg\/#website\"},\"primaryImageOfPage\":{\"@id\":\"https:\/\/lavoixdelanation.tg\/index.php\/2026\/03\/16\/togo-feu-vert-pour-le-demarrage-de-la-4eme-enquete-demographique-et-de-sante\/#primaryimage\"},\"image\":{\"@id\":\"https:\/\/lavoixdelanation.tg\/index.php\/2026\/03\/16\/togo-feu-vert-pour-le-demarrage-de-la-4eme-enquete-demographique-et-de-sante\/#primaryimage\"},\"thumbnailUrl\":\"https:\/\/lavoixdelanation.tg\/wp-content\/uploads\/2026\/03\/4eme-enquete-demographique-et-de-sante-au-Togo.jpg\",\"datePublished\":\"2026-03-16T19:44:27+00:00\",\"dateModified\":\"2026-03-16T19:44:28+00:00\",\"breadcrumb\":{\"@id\":\"https:\/\/lavoixdelanation.tg\/index.php\/2026\/03\/16\/togo-feu-vert-pour-le-demarrage-de-la-4eme-enquete-demographique-et-de-sante\/#breadcrumb\"},\"inLanguage\":\"fr-FR\",\"potentialAction\":[{\"@type\":\"ReadAction\",\"target\":[\"https:\/\/lavoixdelanation.tg\/index.php\/2026\/03\/16\/togo-feu-vert-pour-le-demarrage-de-la-4eme-enquete-demographique-et-de-sante\/\"]}]},{\"@type\":\"ImageObject\",\"inLanguage\":\"fr-FR\",\"@id\":\"https:\/\/lavoixdelanation.tg\/index.php\/2026\/03\/16\/togo-feu-vert-pour-le-demarrage-de-la-4eme-enquete-demographique-et-de-sante\/#primaryimage\",\"url\":\"https:\/\/lavoixdelanation.tg\/wp-content\/uploads\/2026\/03\/4eme-enquete-demographique-et-de-sante-au-Togo.jpg\",\"contentUrl\":\"https:\/\/lavoixdelanation.tg\/wp-content\/uploads\/2026\/03\/4eme-enquete-demographique-et-de-sante-au-Togo.jpg\",\"width\":700,\"height\":600},{\"@type\":\"BreadcrumbList\",\"@id\":\"https:\/\/lavoixdelanation.tg\/index.php\/2026\/03\/16\/togo-feu-vert-pour-le-demarrage-de-la-4eme-enquete-demographique-et-de-sante\/#breadcrumb\",\"itemListElement\":[{\"@type\":\"ListItem\",\"position\":1,\"name\":\"Accueil\",\"item\":\"https:\/\/lavoixdelanation.tg\/\"},{\"@type\":\"ListItem\",\"position\":2,\"name\":\"Togo\u00a0: Feu vert pour le d\u00e9marrage de la 4\u00e8me enqu\u00eate d\u00e9mographique et de sant\u00e9\"}]},{\"@type\":\"WebSite\",\"@id\":\"https:\/\/lavoixdelanation.tg\/#website\",\"url\":\"https:\/\/lavoixdelanation.tg\/\",\"name\":\"La Voix de la Nation\",\"description\":\"R\u00e9c\u00e9piss\u00e9 n\u00b00108\/HAAC\/01-2024\/pl\/P\",\"publisher\":{\"@id\":\"https:\/\/lavoixdelanation.tg\/#organization\"},\"alternateName\":\"VON\",\"potentialAction\":[{\"@type\":\"SearchAction\",\"target\":{\"@type\":\"EntryPoint\",\"urlTemplate\":\"https:\/\/lavoixdelanation.tg\/?s={search_term_string}\"},\"query-input\":{\"@type\":\"PropertyValueSpecification\",\"valueRequired\":true,\"valueName\":\"search_term_string\"}}],\"inLanguage\":\"fr-FR\"},{\"@type\":\"Organization\",\"@id\":\"https:\/\/lavoixdelanation.tg\/#organization\",\"name\":\"La Voix de la Nation\",\"url\":\"https:\/\/lavoixdelanation.tg\/\",\"logo\":{\"@type\":\"ImageObject\",\"inLanguage\":\"fr-FR\",\"@id\":\"https:\/\/lavoixdelanation.tg\/#\/schema\/logo\/image\/\",\"url\":\"https:\/\/lavoixdelanation.tg\/wp-content\/uploads\/2024\/12\/lavn-1.png\",\"contentUrl\":\"https:\/\/lavoixdelanation.tg\/wp-content\/uploads\/2024\/12\/lavn-1.png\",\"width\":1024,\"height\":464,\"caption\":\"La Voix de la Nation\"},\"image\":{\"@id\":\"https:\/\/lavoixdelanation.tg\/#\/schema\/logo\/image\/\"},\"sameAs\":[\"https:\/\/www.facebook.com\/lavoixdelanation\"]},{\"@type\":\"Person\",\"@id\":\"https:\/\/lavoixdelanation.tg\/#\/schema\/person\/6c489293aa38053673a9e554acb6e224\",\"name\":\"La voix de la nation\",\"image\":{\"@type\":\"ImageObject\",\"inLanguage\":\"fr-FR\",\"@id\":\"https:\/\/lavoixdelanation.tg\/#\/schema\/person\/image\/\",\"url\":\"https:\/\/secure.gravatar.com\/avatar\/8aa135d4bbc794494cecaa8d483f6d6cc1023624868deaff686baed5e727a5a1?s=96&d=mm&r=g\",\"contentUrl\":\"https:\/\/secure.gravatar.com\/avatar\/8aa135d4bbc794494cecaa8d483f6d6cc1023624868deaff686baed5e727a5a1?s=96&d=mm&r=g\",\"caption\":\"La voix de la nation\"},\"sameAs\":[\"https:\/\/lavoixdelanation.tg\"],\"url\":\"https:\/\/lavoixdelanation.tg\/index.php\/author\/lavn\/\"}]}<\/script>\n<!-- \/ Yoast SEO plugin. -->","yoast_head_json":{"title":"Togo\u00a0: Feu vert pour le d\u00e9marrage de la 4\u00e8me enqu\u00eate d\u00e9mographique et de sant\u00e9 - La Voix de la Nation","robots":{"index":"index","follow":"follow","max-snippet":"max-snippet:-1","max-image-preview":"max-image-preview:large","max-video-preview":"max-video-preview:-1"},"canonical":"https:\/\/lavoixdelanation.tg\/index.php\/2026\/03\/16\/togo-feu-vert-pour-le-demarrage-de-la-4eme-enquete-demographique-et-de-sante\/","og_locale":"fr_FR","og_type":"article","og_title":"Togo\u00a0: Feu vert pour le d\u00e9marrage de la 4\u00e8me enqu\u00eate d\u00e9mographique et de sant\u00e9 - La Voix de la Nation","og_description":"Le gouvernement togolais r\u00e9uni en Conseil des Ministres le 11 mars 2026 a autoris\u00e9 le d\u00e9marrage de la quatri\u00e8me Enqu\u00eate d\u00e9mographique et de sant\u00e9 (EDST-4) au Togo. La d\u00e9cision a&hellip;","og_url":"https:\/\/lavoixdelanation.tg\/index.php\/2026\/03\/16\/togo-feu-vert-pour-le-demarrage-de-la-4eme-enquete-demographique-et-de-sante\/","og_site_name":"La Voix de la Nation","article_publisher":"https:\/\/www.facebook.com\/lavoixdelanation","article_published_time":"2026-03-16T19:44:27+00:00","article_modified_time":"2026-03-16T19:44:28+00:00","og_image":[{"width":700,"height":600,"url":"https:\/\/lavoixdelanation.tg\/wp-content\/uploads\/2026\/03\/4eme-enquete-demographique-et-de-sante-au-Togo.jpg","type":"image\/jpeg"}],"author":"La voix de la nation","twitter_card":"summary_large_image","twitter_misc":{"\u00c9crit par":"La voix de la nation","Dur\u00e9e de lecture estim\u00e9e":"2 minutes"},"schema":{"@context":"https:\/\/schema.org","@graph":[{"@type":"Article","@id":"https:\/\/lavoixdelanation.tg\/index.php\/2026\/03\/16\/togo-feu-vert-pour-le-demarrage-de-la-4eme-enquete-demographique-et-de-sante\/#article","isPartOf":{"@id":"https:\/\/lavoixdelanation.tg\/index.php\/2026\/03\/16\/togo-feu-vert-pour-le-demarrage-de-la-4eme-enquete-demographique-et-de-sante\/"},"author":{"name":"La voix de la nation","@id":"https:\/\/lavoixdelanation.tg\/#\/schema\/person\/6c489293aa38053673a9e554acb6e224"},"headline":"Togo\u00a0: Feu vert pour le d\u00e9marrage de la 4\u00e8me enqu\u00eate d\u00e9mographique et de sant\u00e9","datePublished":"2026-03-16T19:44:27+00:00","dateModified":"2026-03-16T19:44:28+00:00","mainEntityOfPage":{"@id":"https:\/\/lavoixdelanation.tg\/index.php\/2026\/03\/16\/togo-feu-vert-pour-le-demarrage-de-la-4eme-enquete-demographique-et-de-sante\/"},"wordCount":259,"commentCount":0,"publisher":{"@id":"https:\/\/lavoixdelanation.tg\/#organization"},"image":{"@id":"https:\/\/lavoixdelanation.tg\/index.php\/2026\/03\/16\/togo-feu-vert-pour-le-demarrage-de-la-4eme-enquete-demographique-et-de-sante\/#primaryimage"},"thumbnailUrl":"https:\/\/lavoixdelanation.tg\/wp-content\/uploads\/2026\/03\/4eme-enquete-demographique-et-de-sante-au-Togo.jpg","keywords":["EDST-4","Enqu\u00eate d\u00e9mographique","Togo"],"articleSection":["Soci\u00e9t\u00e9"],"inLanguage":"fr-FR","potentialAction":[{"@type":"CommentAction","name":"Comment","target":["https:\/\/lavoixdelanation.tg\/index.php\/2026\/03\/16\/togo-feu-vert-pour-le-demarrage-de-la-4eme-enquete-demographique-et-de-sante\/#respond"]}]},{"@type":"WebPage","@id":"https:\/\/lavoixdelanation.tg\/index.php\/2026\/03\/16\/togo-feu-vert-pour-le-demarrage-de-la-4eme-enquete-demographique-et-de-sante\/","url":"https:\/\/lavoixdelanation.tg\/index.php\/2026\/03\/16\/togo-feu-vert-pour-le-demarrage-de-la-4eme-enquete-demographique-et-de-sante\/","name":"Togo\u00a0: Feu vert pour le d\u00e9marrage de la 4\u00e8me enqu\u00eate d\u00e9mographique et de sant\u00e9 - La Voix de la Nation","isPartOf":{"@id":"https:\/\/lavoixdelanation.tg\/#website"},"primaryImageOfPage":{"@id":"https:\/\/lavoixdelanation.tg\/index.php\/2026\/03\/16\/togo-feu-vert-pour-le-demarrage-de-la-4eme-enquete-demographique-et-de-sante\/#primaryimage"},"image":{"@id":"https:\/\/lavoixdelanation.tg\/index.php\/2026\/03\/16\/togo-feu-vert-pour-le-demarrage-de-la-4eme-enquete-demographique-et-de-sante\/#primaryimage"},"thumbnailUrl":"https:\/\/lavoixdelanation.tg\/wp-content\/uploads\/2026\/03\/4eme-enquete-demographique-et-de-sante-au-Togo.jpg","datePublished":"2026-03-16T19:44:27+00:00","dateModified":"2026-03-16T19:44:28+00:00","breadcrumb":{"@id":"https:\/\/lavoixdelanation.tg\/index.php\/2026\/03\/16\/togo-feu-vert-pour-le-demarrage-de-la-4eme-enquete-demographique-et-de-sante\/#breadcrumb"},"inLanguage":"fr-FR","potentialAction":[{"@type":"ReadAction","target":["https:\/\/lavoixdelanation.tg\/index.php\/2026\/03\/16\/togo-feu-vert-pour-le-demarrage-de-la-4eme-enquete-demographique-et-de-sante\/"]}]},{"@type":"ImageObject","inLanguage":"fr-FR","@id":"https:\/\/lavoixdelanation.tg\/index.php\/2026\/03\/16\/togo-feu-vert-pour-le-demarrage-de-la-4eme-enquete-demographique-et-de-sante\/#primaryimage","url":"https:\/\/lavoixdelanation.tg\/wp-content\/uploads\/2026\/03\/4eme-enquete-demographique-et-de-sante-au-Togo.jpg","contentUrl":"https:\/\/lavoixdelanation.tg\/wp-content\/uploads\/2026\/03\/4eme-enquete-demographique-et-de-sante-au-Togo.jpg","width":700,"height":600},{"@type":"BreadcrumbList","@id":"https:\/\/lavoixdelanation.tg\/index.php\/2026\/03\/16\/togo-feu-vert-pour-le-demarrage-de-la-4eme-enquete-demographique-et-de-sante\/#breadcrumb","itemListElement":[{"@type":"ListItem","position":1,"name":"Accueil","item":"https:\/\/lavoixdelanation.tg\/"},{"@type":"ListItem","position":2,"name":"Togo\u00a0: Feu vert pour le d\u00e9marrage de la 4\u00e8me enqu\u00eate d\u00e9mographique et de sant\u00e9"}]},{"@type":"WebSite","@id":"https:\/\/lavoixdelanation.tg\/#website","url":"https:\/\/lavoixdelanation.tg\/","name":"La Voix de la Nation","description":"R\u00e9c\u00e9piss\u00e9 n\u00b00108\/HAAC\/01-2024\/pl\/P","publisher":{"@id":"https:\/\/lavoixdelanation.tg\/#organization"},"alternateName":"VON","potentialAction":[{"@type":"SearchAction","target":{"@type":"EntryPoint","urlTemplate":"https:\/\/lavoixdelanation.tg\/?s={search_term_string}"},"query-input":{"@type":"PropertyValueSpecification","valueRequired":true,"valueName":"search_term_string"}}],"inLanguage":"fr-FR"},{"@type":"Organization","@id":"https:\/\/lavoixdelanation.tg\/#organization","name":"La Voix de la Nation","url":"https:\/\/lavoixdelanation.tg\/","logo":{"@type":"ImageObject","inLanguage":"fr-FR","@id":"https:\/\/lavoixdelanation.tg\/#\/schema\/logo\/image\/","url":"https:\/\/lavoixdelanation.tg\/wp-content\/uploads\/2024\/12\/lavn-1.png","contentUrl":"https:\/\/lavoixdelanation.tg\/wp-content\/uploads\/2024\/12\/lavn-1.png","width":1024,"height":464,"caption":"La Voix de la Nation"},"image":{"@id":"https:\/\/lavoixdelanation.tg\/#\/schema\/logo\/image\/"},"sameAs":["https:\/\/www.facebook.com\/lavoixdelanation"]},{"@type":"Person","@id":"https:\/\/lavoixdelanation.tg\/#\/schema\/person\/6c489293aa38053673a9e554acb6e224","name":"La voix de la nation","image":{"@type":"ImageObject","inLanguage":"fr-FR","@id":"https:\/\/lavoixdelanation.tg\/#\/schema\/person\/image\/","url":"https:\/\/secure.gravatar.com\/avatar\/8aa135d4bbc794494cecaa8d483f6d6cc1023624868deaff686baed5e727a5a1?s=96&d=mm&r=g","contentUrl":"https:\/\/secure.gravatar.com\/avatar\/8aa135d4bbc794494cecaa8d483f6d6cc1023624868deaff686baed5e727a5a1?s=96&d=mm&r=g","caption":"La voix de la nation"},"sameAs":["https:\/\/lavoixdelanation.tg"],"url":"https:\/\/lavoixdelanation.tg\/index.php\/author\/lavn\/"}]}},"_links":{"self":[{"href":"https:\/\/lavoixdelanation.tg\/index.php\/wp-json\/wp\/v2\/posts\/15673","targetHints":{"allow":["GET"]}}],"collection":[{"href":"https:\/\/lavoixdelanation.tg\/index.php\/wp-json\/wp\/v2\/posts"}],"about":[{"href":"https:\/\/lavoixdelanation.tg\/index.php\/wp-json\/wp\/v2\/types\/post"}],"author":[{"embeddable":true,"href":"https:\/\/lavoixdelanation.tg\/index.php\/wp-json\/wp\/v2\/users\/1"}],"replies":[{"embeddable":true,"href":"https:\/\/lavoixdelanation.tg\/index.php\/wp-json\/wp\/v2\/comments?post=15673"}],"version-history":[{"count":1,"href":"https:\/\/lavoixdelanation.tg\/index.php\/wp-json\/wp\/v2\/posts\/15673\/revisions"}],"predecessor-version":[{"id":15675,"href":"https:\/\/lavoixdelanation.tg\/index.php\/wp-json\/wp\/v2\/posts\/15673\/revisions\/15675"}],"wp:featuredmedia":[{"embeddable":true,"href":"https:\/\/lavoixdelanation.tg\/index.php\/wp-json\/wp\/v2\/media\/15674"}],"wp:attachment":[{"href":"https:\/\/lavoixdelanation.tg\/index.php\/wp-json\/wp\/v2\/media?parent=15673"}],"wp:term":[{"taxonomy":"category","embeddable":true,"href":"https:\/\/lavoixdelanation.tg\/index.php\/wp-json\/wp\/v2\/categories?post=15673"},{"taxonomy":"post_tag","embeddable":true,"href":"https:\/\/lavoixdelanation.tg\/index.php\/wp-json\/wp\/v2\/tags?post=15673"}],"curies":[{"name":"wp","href":"https:\/\/api.w.org\/{rel}","templated":true}]}}