{"id":15668,"date":"2026-03-14T12:08:11","date_gmt":"2026-03-14T11:08:11","guid":{"rendered":"https:\/\/lavoixdelanation.tg\/?p=15668"},"modified":"2026-03-14T12:10:49","modified_gmt":"2026-03-14T11:10:49","slug":"enlevement-et-disparition-102-cas-signales-86-personnes-retrouvees-gouvernement","status":"publish","type":"post","link":"https:\/\/lavoixdelanation.tg\/index.php\/2026\/03\/14\/enlevement-et-disparition-102-cas-signales-86-personnes-retrouvees-gouvernement\/","title":{"rendered":"Enl\u00e8vement et disparition\u00a0: 102 cas signal\u00e9s, 86 personnes retrouv\u00e9es (Gouvernement)"},"content":{"rendered":"\n<p><strong>Les ministres en charge de la s\u00e9curit\u00e9, de la communication, de l\u2019administration territoriale et de la justice \u00e9taient face \u00e0 la presse ce vendredi 13 mars 2026 \u00e0 Lom\u00e9 avec pour objectif, pr\u00e9senter les r\u00e9sultats des investigations men\u00e9es entre le 1er d\u00e9cembre 2025 et le 28 f\u00e9vrier 2026 sur les cas signal\u00e9s d\u2019enl\u00e8vement et de disparition au Togo.<\/strong><\/p>\n\n\n\n<p>Cette sortie m\u00e9diatique fait notamment suite \u00e0 la communication faite en Conseil des ministres le 11 mars dernier relative aux r\u00e9sultats des travaux de la commission sp\u00e9ciale d\u2019enqu\u00eate sur les cas d\u2019enl\u00e8vements et de disparitions inqui\u00e9tantes, pr\u00e9sent\u00e9e par le ministre de la s\u00e9curit\u00e9 Colonel Calixte Batossie MADJOULBA.<\/p>\n\n\n\n<p>Selon le Ministre de la S\u00e9curit\u00e9, il ressort qu\u2019\u00e0 ce jour, sur les 102 cas signal\u00e9s, quatre-vingt-six (86) personnes ont \u00e9t\u00e9 retrouv\u00e9es, dont soixante-trois (63) mineurs, soit 84,31 % des cas signal\u00e9s.<\/p>\n\n\n\n<p>En revanche, seize (16) personnes, dont quatorze (14) majeurs et deux (2) mineurs, repr\u00e9sentant 15,69 % des cas, font encore l\u2019objet de recherches actives par les services comp\u00e9tents. Toutefois il convient de signaler que ces cas ne pr\u00e9sentent aucun caract\u00e8re inqui\u00e9tant.<\/p>\n\n\n\n<p>\u00ab Aucun \u00e9l\u00e9ment ne permet, \u00e0 ce stade, d\u2019\u00e9tablir l\u2019existence d\u2019un r\u00e9seau criminel structur\u00e9 d\u2019enl\u00e8vement de personnes au Togo. Toutefois, les enqu\u00eates se poursuivent afin d\u2019\u00e9lucider tous les cas signal\u00e9s \u00bb, a pr\u00e9cis\u00e9 le Ministre Calixte Batossie MADJOULBA.<\/p>\n\n\n\n<p>Pour renforcer la s\u00e9curit\u00e9 des populations, les dispositifs de surveillance ont \u00e9t\u00e9 intensifi\u00e9s de m\u00eame que la coordination avec les autorit\u00e9s locales qui a \u00e9t\u00e9 \u00e9galement renforc\u00e9e.<\/p>\n\n\n\n<p>Ainsi, les citoyens sont invit\u00e9s \u00e0 signaler toute situation suspecte aupr\u00e8s de la police ou de la gendarmerie, ou en appelant gratuitement le 1014.<\/p>\n\n\n\n<p>Les membres du Gouvernement ont \u00e9galement saisi l\u2019occasion pour appeler \u00e0 un usage responsable des r\u00e9seaux sociaux. \u00ab La diffusion de fausses informations susceptibles de troubler l\u2019ordre public est punie par la loi \u00bb, ont-ils rappel\u00e9.<\/p>\n\n\n\n<p>Le gouvernement a en outre appel\u00e9 \u00e0 la vigilance, au dialogue au sein des familles et \u00e0 la coop\u00e9ration des citoyens avec les services de s\u00e9curit\u00e9, afin de prot\u00e9ger les populations et pr\u00e9venir toute situation de vuln\u00e9rabilit\u00e9.<\/p>\n\n\n\n<p>Il faut rappeler que depuis plusieurs mois, le Togo a \u00e9t\u00e9 confront\u00e9 \u00e0 des signalements d\u2019enl\u00e8vements pr\u00e9sum\u00e9s et de disparitions inqui\u00e9tantes, touchant notamment des adolescents et des mineurs.<\/p>\n\n\n\n<p>Ces cas, largement relay\u00e9s et amplifi\u00e9s sur les r\u00e9seaux sociaux, ont suscit\u00e9 une vive \u00e9motion au sein de l\u2019opinion publique et un climat d\u2019inqui\u00e9tude dans de nombreuses familles.<\/p>\n\n\n\n<p><strong>La R\u00e9daction<\/strong><\/p>\n","protected":false},"excerpt":{"rendered":"<p>Les ministres en charge de la s\u00e9curit\u00e9, de la communication, de l\u2019administration territoriale et de la justice \u00e9taient face \u00e0 la presse ce vendredi 13 mars 2026 \u00e0 Lom\u00e9 avec&hellip; <\/p>\n","protected":false},"author":1,"featured_media":15669,"comment_status":"open","ping_status":"closed","sticky":false,"template":"","format":"standard","meta":{"footnotes":""},"categories":[29],"tags":[1347,236,1348,39],"class_list":["post-15668","post","type-post","status-publish","format-standard","has-post-thumbnail","hentry","category-societe","tag-cas-denlevement","tag-gouvernement","tag-reseaux-sociaux","tag-togo"],"yoast_head":"<!-- This site is optimized with the Yoast SEO plugin v26.4 - https:\/\/yoast.com\/wordpress\/plugins\/seo\/ -->\n<title>Enl\u00e8vement et disparition\u00a0: 102 cas signal\u00e9s, 86 personnes retrouv\u00e9es (Gouvernement) - La Voix de la Nation<\/title>\n<meta name=\"robots\" content=\"index, follow, max-snippet:-1, max-image-preview:large, max-video-preview:-1\" \/>\n<link rel=\"canonical\" href=\"https:\/\/lavoixdelanation.tg\/index.php\/2026\/03\/14\/enlevement-et-disparition-102-cas-signales-86-personnes-retrouvees-gouvernement\/\" \/>\n<meta property=\"og:locale\" content=\"fr_FR\" \/>\n<meta property=\"og:type\" content=\"article\" \/>\n<meta property=\"og:title\" content=\"Enl\u00e8vement et disparition\u00a0: 102 cas signal\u00e9s, 86 personnes retrouv\u00e9es (Gouvernement) - La Voix de la Nation\" \/>\n<meta property=\"og:description\" content=\"Les ministres en charge de la s\u00e9curit\u00e9, de la communication, de l\u2019administration territoriale et de la justice \u00e9taient face \u00e0 la presse ce vendredi 13 mars 2026 \u00e0 Lom\u00e9 avec&hellip;\" \/>\n<meta property=\"og:url\" content=\"https:\/\/lavoixdelanation.tg\/index.php\/2026\/03\/14\/enlevement-et-disparition-102-cas-signales-86-personnes-retrouvees-gouvernement\/\" \/>\n<meta property=\"og:site_name\" content=\"La Voix de la Nation\" \/>\n<meta property=\"article:publisher\" content=\"https:\/\/www.facebook.com\/lavoixdelanation\" \/>\n<meta property=\"article:published_time\" content=\"2026-03-14T11:08:11+00:00\" \/>\n<meta property=\"article:modified_time\" content=\"2026-03-14T11:10:49+00:00\" \/>\n<meta property=\"og:image\" content=\"https:\/\/lavoixdelanation.tg\/wp-content\/uploads\/2026\/03\/Les-membres-du-gouvernement-face-a-la-presse-a-Lome.jpg\" \/>\n\t<meta property=\"og:image:width\" content=\"1280\" \/>\n\t<meta property=\"og:image:height\" content=\"850\" \/>\n\t<meta property=\"og:image:type\" content=\"image\/jpeg\" \/>\n<meta name=\"author\" content=\"La voix de la nation\" \/>\n<meta name=\"twitter:card\" content=\"summary_large_image\" \/>\n<meta name=\"twitter:label1\" content=\"\u00c9crit par\" \/>\n\t<meta name=\"twitter:data1\" content=\"La voix de la nation\" \/>\n\t<meta name=\"twitter:label2\" content=\"Dur\u00e9e de lecture estim\u00e9e\" \/>\n\t<meta name=\"twitter:data2\" content=\"3 minutes\" \/>\n<script type=\"application\/ld+json\" class=\"yoast-schema-graph\">{\"@context\":\"https:\/\/schema.org\",\"@graph\":[{\"@type\":\"Article\",\"@id\":\"https:\/\/lavoixdelanation.tg\/index.php\/2026\/03\/14\/enlevement-et-disparition-102-cas-signales-86-personnes-retrouvees-gouvernement\/#article\",\"isPartOf\":{\"@id\":\"https:\/\/lavoixdelanation.tg\/index.php\/2026\/03\/14\/enlevement-et-disparition-102-cas-signales-86-personnes-retrouvees-gouvernement\/\"},\"author\":{\"name\":\"La voix de la nation\",\"@id\":\"https:\/\/lavoixdelanation.tg\/#\/schema\/person\/6c489293aa38053673a9e554acb6e224\"},\"headline\":\"Enl\u00e8vement et disparition\u00a0: 102 cas signal\u00e9s, 86 personnes retrouv\u00e9es (Gouvernement)\",\"datePublished\":\"2026-03-14T11:08:11+00:00\",\"dateModified\":\"2026-03-14T11:10:49+00:00\",\"mainEntityOfPage\":{\"@id\":\"https:\/\/lavoixdelanation.tg\/index.php\/2026\/03\/14\/enlevement-et-disparition-102-cas-signales-86-personnes-retrouvees-gouvernement\/\"},\"wordCount\":448,\"commentCount\":0,\"publisher\":{\"@id\":\"https:\/\/lavoixdelanation.tg\/#organization\"},\"image\":{\"@id\":\"https:\/\/lavoixdelanation.tg\/index.php\/2026\/03\/14\/enlevement-et-disparition-102-cas-signales-86-personnes-retrouvees-gouvernement\/#primaryimage\"},\"thumbnailUrl\":\"https:\/\/lavoixdelanation.tg\/wp-content\/uploads\/2026\/03\/Les-membres-du-gouvernement-face-a-la-presse-a-Lome.jpg\",\"keywords\":[\"Cas d\u2019enl\u00e8vement\",\"Gouvernement\",\"R\u00e9seaux sociaux\",\"Togo\"],\"articleSection\":[\"Soci\u00e9t\u00e9\"],\"inLanguage\":\"fr-FR\",\"potentialAction\":[{\"@type\":\"CommentAction\",\"name\":\"Comment\",\"target\":[\"https:\/\/lavoixdelanation.tg\/index.php\/2026\/03\/14\/enlevement-et-disparition-102-cas-signales-86-personnes-retrouvees-gouvernement\/#respond\"]}]},{\"@type\":\"WebPage\",\"@id\":\"https:\/\/lavoixdelanation.tg\/index.php\/2026\/03\/14\/enlevement-et-disparition-102-cas-signales-86-personnes-retrouvees-gouvernement\/\",\"url\":\"https:\/\/lavoixdelanation.tg\/index.php\/2026\/03\/14\/enlevement-et-disparition-102-cas-signales-86-personnes-retrouvees-gouvernement\/\",\"name\":\"Enl\u00e8vement et disparition\u00a0: 102 cas signal\u00e9s, 86 personnes retrouv\u00e9es (Gouvernement) - La Voix de la Nation\",\"isPartOf\":{\"@id\":\"https:\/\/lavoixdelanation.tg\/#website\"},\"primaryImageOfPage\":{\"@id\":\"https:\/\/lavoixdelanation.tg\/index.php\/2026\/03\/14\/enlevement-et-disparition-102-cas-signales-86-personnes-retrouvees-gouvernement\/#primaryimage\"},\"image\":{\"@id\":\"https:\/\/lavoixdelanation.tg\/index.php\/2026\/03\/14\/enlevement-et-disparition-102-cas-signales-86-personnes-retrouvees-gouvernement\/#primaryimage\"},\"thumbnailUrl\":\"https:\/\/lavoixdelanation.tg\/wp-content\/uploads\/2026\/03\/Les-membres-du-gouvernement-face-a-la-presse-a-Lome.jpg\",\"datePublished\":\"2026-03-14T11:08:11+00:00\",\"dateModified\":\"2026-03-14T11:10:49+00:00\",\"breadcrumb\":{\"@id\":\"https:\/\/lavoixdelanation.tg\/index.php\/2026\/03\/14\/enlevement-et-disparition-102-cas-signales-86-personnes-retrouvees-gouvernement\/#breadcrumb\"},\"inLanguage\":\"fr-FR\",\"potentialAction\":[{\"@type\":\"ReadAction\",\"target\":[\"https:\/\/lavoixdelanation.tg\/index.php\/2026\/03\/14\/enlevement-et-disparition-102-cas-signales-86-personnes-retrouvees-gouvernement\/\"]}]},{\"@type\":\"ImageObject\",\"inLanguage\":\"fr-FR\",\"@id\":\"https:\/\/lavoixdelanation.tg\/index.php\/2026\/03\/14\/enlevement-et-disparition-102-cas-signales-86-personnes-retrouvees-gouvernement\/#primaryimage\",\"url\":\"https:\/\/lavoixdelanation.tg\/wp-content\/uploads\/2026\/03\/Les-membres-du-gouvernement-face-a-la-presse-a-Lome.jpg\",\"contentUrl\":\"https:\/\/lavoixdelanation.tg\/wp-content\/uploads\/2026\/03\/Les-membres-du-gouvernement-face-a-la-presse-a-Lome.jpg\",\"width\":1280,\"height\":850,\"caption\":\"Les membres du gouvernement face \u00e0 la presse \u00e0 Lom\u00e9\"},{\"@type\":\"BreadcrumbList\",\"@id\":\"https:\/\/lavoixdelanation.tg\/index.php\/2026\/03\/14\/enlevement-et-disparition-102-cas-signales-86-personnes-retrouvees-gouvernement\/#breadcrumb\",\"itemListElement\":[{\"@type\":\"ListItem\",\"position\":1,\"name\":\"Accueil\",\"item\":\"https:\/\/lavoixdelanation.tg\/\"},{\"@type\":\"ListItem\",\"position\":2,\"name\":\"Enl\u00e8vement et disparition\u00a0: 102 cas signal\u00e9s, 86 personnes retrouv\u00e9es (Gouvernement)\"}]},{\"@type\":\"WebSite\",\"@id\":\"https:\/\/lavoixdelanation.tg\/#website\",\"url\":\"https:\/\/lavoixdelanation.tg\/\",\"name\":\"La Voix de la Nation\",\"description\":\"R\u00e9c\u00e9piss\u00e9 n\u00b00108\/HAAC\/01-2024\/pl\/P\",\"publisher\":{\"@id\":\"https:\/\/lavoixdelanation.tg\/#organization\"},\"alternateName\":\"VON\",\"potentialAction\":[{\"@type\":\"SearchAction\",\"target\":{\"@type\":\"EntryPoint\",\"urlTemplate\":\"https:\/\/lavoixdelanation.tg\/?s={search_term_string}\"},\"query-input\":{\"@type\":\"PropertyValueSpecification\",\"valueRequired\":true,\"valueName\":\"search_term_string\"}}],\"inLanguage\":\"fr-FR\"},{\"@type\":\"Organization\",\"@id\":\"https:\/\/lavoixdelanation.tg\/#organization\",\"name\":\"La Voix de la Nation\",\"url\":\"https:\/\/lavoixdelanation.tg\/\",\"logo\":{\"@type\":\"ImageObject\",\"inLanguage\":\"fr-FR\",\"@id\":\"https:\/\/lavoixdelanation.tg\/#\/schema\/logo\/image\/\",\"url\":\"https:\/\/lavoixdelanation.tg\/wp-content\/uploads\/2024\/12\/lavn-1.png\",\"contentUrl\":\"https:\/\/lavoixdelanation.tg\/wp-content\/uploads\/2024\/12\/lavn-1.png\",\"width\":1024,\"height\":464,\"caption\":\"La Voix de la Nation\"},\"image\":{\"@id\":\"https:\/\/lavoixdelanation.tg\/#\/schema\/logo\/image\/\"},\"sameAs\":[\"https:\/\/www.facebook.com\/lavoixdelanation\"]},{\"@type\":\"Person\",\"@id\":\"https:\/\/lavoixdelanation.tg\/#\/schema\/person\/6c489293aa38053673a9e554acb6e224\",\"name\":\"La voix de la nation\",\"image\":{\"@type\":\"ImageObject\",\"inLanguage\":\"fr-FR\",\"@id\":\"https:\/\/lavoixdelanation.tg\/#\/schema\/person\/image\/\",\"url\":\"https:\/\/secure.gravatar.com\/avatar\/8aa135d4bbc794494cecaa8d483f6d6cc1023624868deaff686baed5e727a5a1?s=96&d=mm&r=g\",\"contentUrl\":\"https:\/\/secure.gravatar.com\/avatar\/8aa135d4bbc794494cecaa8d483f6d6cc1023624868deaff686baed5e727a5a1?s=96&d=mm&r=g\",\"caption\":\"La voix de la nation\"},\"sameAs\":[\"https:\/\/lavoixdelanation.tg\"],\"url\":\"https:\/\/lavoixdelanation.tg\/index.php\/author\/lavn\/\"}]}<\/script>\n<!-- \/ Yoast SEO plugin. -->","yoast_head_json":{"title":"Enl\u00e8vement et disparition\u00a0: 102 cas signal\u00e9s, 86 personnes retrouv\u00e9es (Gouvernement) - La Voix de la Nation","robots":{"index":"index","follow":"follow","max-snippet":"max-snippet:-1","max-image-preview":"max-image-preview:large","max-video-preview":"max-video-preview:-1"},"canonical":"https:\/\/lavoixdelanation.tg\/index.php\/2026\/03\/14\/enlevement-et-disparition-102-cas-signales-86-personnes-retrouvees-gouvernement\/","og_locale":"fr_FR","og_type":"article","og_title":"Enl\u00e8vement et disparition\u00a0: 102 cas signal\u00e9s, 86 personnes retrouv\u00e9es (Gouvernement) - La Voix de la Nation","og_description":"Les ministres en charge de la s\u00e9curit\u00e9, de la communication, de l\u2019administration territoriale et de la justice \u00e9taient face \u00e0 la presse ce vendredi 13 mars 2026 \u00e0 Lom\u00e9 avec&hellip;","og_url":"https:\/\/lavoixdelanation.tg\/index.php\/2026\/03\/14\/enlevement-et-disparition-102-cas-signales-86-personnes-retrouvees-gouvernement\/","og_site_name":"La Voix de la Nation","article_publisher":"https:\/\/www.facebook.com\/lavoixdelanation","article_published_time":"2026-03-14T11:08:11+00:00","article_modified_time":"2026-03-14T11:10:49+00:00","og_image":[{"width":1280,"height":850,"url":"https:\/\/lavoixdelanation.tg\/wp-content\/uploads\/2026\/03\/Les-membres-du-gouvernement-face-a-la-presse-a-Lome.jpg","type":"image\/jpeg"}],"author":"La voix de la nation","twitter_card":"summary_large_image","twitter_misc":{"\u00c9crit par":"La voix de la nation","Dur\u00e9e de lecture estim\u00e9e":"3 minutes"},"schema":{"@context":"https:\/\/schema.org","@graph":[{"@type":"Article","@id":"https:\/\/lavoixdelanation.tg\/index.php\/2026\/03\/14\/enlevement-et-disparition-102-cas-signales-86-personnes-retrouvees-gouvernement\/#article","isPartOf":{"@id":"https:\/\/lavoixdelanation.tg\/index.php\/2026\/03\/14\/enlevement-et-disparition-102-cas-signales-86-personnes-retrouvees-gouvernement\/"},"author":{"name":"La voix de la nation","@id":"https:\/\/lavoixdelanation.tg\/#\/schema\/person\/6c489293aa38053673a9e554acb6e224"},"headline":"Enl\u00e8vement et disparition\u00a0: 102 cas signal\u00e9s, 86 personnes retrouv\u00e9es (Gouvernement)","datePublished":"2026-03-14T11:08:11+00:00","dateModified":"2026-03-14T11:10:49+00:00","mainEntityOfPage":{"@id":"https:\/\/lavoixdelanation.tg\/index.php\/2026\/03\/14\/enlevement-et-disparition-102-cas-signales-86-personnes-retrouvees-gouvernement\/"},"wordCount":448,"commentCount":0,"publisher":{"@id":"https:\/\/lavoixdelanation.tg\/#organization"},"image":{"@id":"https:\/\/lavoixdelanation.tg\/index.php\/2026\/03\/14\/enlevement-et-disparition-102-cas-signales-86-personnes-retrouvees-gouvernement\/#primaryimage"},"thumbnailUrl":"https:\/\/lavoixdelanation.tg\/wp-content\/uploads\/2026\/03\/Les-membres-du-gouvernement-face-a-la-presse-a-Lome.jpg","keywords":["Cas d\u2019enl\u00e8vement","Gouvernement","R\u00e9seaux sociaux","Togo"],"articleSection":["Soci\u00e9t\u00e9"],"inLanguage":"fr-FR","potentialAction":[{"@type":"CommentAction","name":"Comment","target":["https:\/\/lavoixdelanation.tg\/index.php\/2026\/03\/14\/enlevement-et-disparition-102-cas-signales-86-personnes-retrouvees-gouvernement\/#respond"]}]},{"@type":"WebPage","@id":"https:\/\/lavoixdelanation.tg\/index.php\/2026\/03\/14\/enlevement-et-disparition-102-cas-signales-86-personnes-retrouvees-gouvernement\/","url":"https:\/\/lavoixdelanation.tg\/index.php\/2026\/03\/14\/enlevement-et-disparition-102-cas-signales-86-personnes-retrouvees-gouvernement\/","name":"Enl\u00e8vement et disparition\u00a0: 102 cas signal\u00e9s, 86 personnes retrouv\u00e9es (Gouvernement) - La Voix de la Nation","isPartOf":{"@id":"https:\/\/lavoixdelanation.tg\/#website"},"primaryImageOfPage":{"@id":"https:\/\/lavoixdelanation.tg\/index.php\/2026\/03\/14\/enlevement-et-disparition-102-cas-signales-86-personnes-retrouvees-gouvernement\/#primaryimage"},"image":{"@id":"https:\/\/lavoixdelanation.tg\/index.php\/2026\/03\/14\/enlevement-et-disparition-102-cas-signales-86-personnes-retrouvees-gouvernement\/#primaryimage"},"thumbnailUrl":"https:\/\/lavoixdelanation.tg\/wp-content\/uploads\/2026\/03\/Les-membres-du-gouvernement-face-a-la-presse-a-Lome.jpg","datePublished":"2026-03-14T11:08:11+00:00","dateModified":"2026-03-14T11:10:49+00:00","breadcrumb":{"@id":"https:\/\/lavoixdelanation.tg\/index.php\/2026\/03\/14\/enlevement-et-disparition-102-cas-signales-86-personnes-retrouvees-gouvernement\/#breadcrumb"},"inLanguage":"fr-FR","potentialAction":[{"@type":"ReadAction","target":["https:\/\/lavoixdelanation.tg\/index.php\/2026\/03\/14\/enlevement-et-disparition-102-cas-signales-86-personnes-retrouvees-gouvernement\/"]}]},{"@type":"ImageObject","inLanguage":"fr-FR","@id":"https:\/\/lavoixdelanation.tg\/index.php\/2026\/03\/14\/enlevement-et-disparition-102-cas-signales-86-personnes-retrouvees-gouvernement\/#primaryimage","url":"https:\/\/lavoixdelanation.tg\/wp-content\/uploads\/2026\/03\/Les-membres-du-gouvernement-face-a-la-presse-a-Lome.jpg","contentUrl":"https:\/\/lavoixdelanation.tg\/wp-content\/uploads\/2026\/03\/Les-membres-du-gouvernement-face-a-la-presse-a-Lome.jpg","width":1280,"height":850,"caption":"Les membres du gouvernement face \u00e0 la presse \u00e0 Lom\u00e9"},{"@type":"BreadcrumbList","@id":"https:\/\/lavoixdelanation.tg\/index.php\/2026\/03\/14\/enlevement-et-disparition-102-cas-signales-86-personnes-retrouvees-gouvernement\/#breadcrumb","itemListElement":[{"@type":"ListItem","position":1,"name":"Accueil","item":"https:\/\/lavoixdelanation.tg\/"},{"@type":"ListItem","position":2,"name":"Enl\u00e8vement et disparition\u00a0: 102 cas signal\u00e9s, 86 personnes retrouv\u00e9es (Gouvernement)"}]},{"@type":"WebSite","@id":"https:\/\/lavoixdelanation.tg\/#website","url":"https:\/\/lavoixdelanation.tg\/","name":"La Voix de la Nation","description":"R\u00e9c\u00e9piss\u00e9 n\u00b00108\/HAAC\/01-2024\/pl\/P","publisher":{"@id":"https:\/\/lavoixdelanation.tg\/#organization"},"alternateName":"VON","potentialAction":[{"@type":"SearchAction","target":{"@type":"EntryPoint","urlTemplate":"https:\/\/lavoixdelanation.tg\/?s={search_term_string}"},"query-input":{"@type":"PropertyValueSpecification","valueRequired":true,"valueName":"search_term_string"}}],"inLanguage":"fr-FR"},{"@type":"Organization","@id":"https:\/\/lavoixdelanation.tg\/#organization","name":"La Voix de la Nation","url":"https:\/\/lavoixdelanation.tg\/","logo":{"@type":"ImageObject","inLanguage":"fr-FR","@id":"https:\/\/lavoixdelanation.tg\/#\/schema\/logo\/image\/","url":"https:\/\/lavoixdelanation.tg\/wp-content\/uploads\/2024\/12\/lavn-1.png","contentUrl":"https:\/\/lavoixdelanation.tg\/wp-content\/uploads\/2024\/12\/lavn-1.png","width":1024,"height":464,"caption":"La Voix de la Nation"},"image":{"@id":"https:\/\/lavoixdelanation.tg\/#\/schema\/logo\/image\/"},"sameAs":["https:\/\/www.facebook.com\/lavoixdelanation"]},{"@type":"Person","@id":"https:\/\/lavoixdelanation.tg\/#\/schema\/person\/6c489293aa38053673a9e554acb6e224","name":"La voix de la nation","image":{"@type":"ImageObject","inLanguage":"fr-FR","@id":"https:\/\/lavoixdelanation.tg\/#\/schema\/person\/image\/","url":"https:\/\/secure.gravatar.com\/avatar\/8aa135d4bbc794494cecaa8d483f6d6cc1023624868deaff686baed5e727a5a1?s=96&d=mm&r=g","contentUrl":"https:\/\/secure.gravatar.com\/avatar\/8aa135d4bbc794494cecaa8d483f6d6cc1023624868deaff686baed5e727a5a1?s=96&d=mm&r=g","caption":"La voix de la nation"},"sameAs":["https:\/\/lavoixdelanation.tg"],"url":"https:\/\/lavoixdelanation.tg\/index.php\/author\/lavn\/"}]}},"_links":{"self":[{"href":"https:\/\/lavoixdelanation.tg\/index.php\/wp-json\/wp\/v2\/posts\/15668","targetHints":{"allow":["GET"]}}],"collection":[{"href":"https:\/\/lavoixdelanation.tg\/index.php\/wp-json\/wp\/v2\/posts"}],"about":[{"href":"https:\/\/lavoixdelanation.tg\/index.php\/wp-json\/wp\/v2\/types\/post"}],"author":[{"embeddable":true,"href":"https:\/\/lavoixdelanation.tg\/index.php\/wp-json\/wp\/v2\/users\/1"}],"replies":[{"embeddable":true,"href":"https:\/\/lavoixdelanation.tg\/index.php\/wp-json\/wp\/v2\/comments?post=15668"}],"version-history":[{"count":2,"href":"https:\/\/lavoixdelanation.tg\/index.php\/wp-json\/wp\/v2\/posts\/15668\/revisions"}],"predecessor-version":[{"id":15672,"href":"https:\/\/lavoixdelanation.tg\/index.php\/wp-json\/wp\/v2\/posts\/15668\/revisions\/15672"}],"wp:featuredmedia":[{"embeddable":true,"href":"https:\/\/lavoixdelanation.tg\/index.php\/wp-json\/wp\/v2\/media\/15669"}],"wp:attachment":[{"href":"https:\/\/lavoixdelanation.tg\/index.php\/wp-json\/wp\/v2\/media?parent=15668"}],"wp:term":[{"taxonomy":"category","embeddable":true,"href":"https:\/\/lavoixdelanation.tg\/index.php\/wp-json\/wp\/v2\/categories?post=15668"},{"taxonomy":"post_tag","embeddable":true,"href":"https:\/\/lavoixdelanation.tg\/index.php\/wp-json\/wp\/v2\/tags?post=15668"}],"curies":[{"name":"wp","href":"https:\/\/api.w.org\/{rel}","templated":true}]}}