{"id":15658,"date":"2026-03-14T10:22:07","date_gmt":"2026-03-14T09:22:07","guid":{"rendered":"https:\/\/lavoixdelanation.tg\/?p=15658"},"modified":"2026-03-14T10:22:08","modified_gmt":"2026-03-14T09:22:08","slug":"togo-le-senat-rend-des-hommages-funebres-a-feu-bitokotipou-yagninim","status":"publish","type":"post","link":"https:\/\/lavoixdelanation.tg\/index.php\/2026\/03\/14\/togo-le-senat-rend-des-hommages-funebres-a-feu-bitokotipou-yagninim\/","title":{"rendered":"Togo\u00a0: Le S\u00e9nat rend des hommages fun\u00e8bres \u00e0 feu Bitokotipou Yagninim"},"content":{"rendered":"\n<p><strong>Le S\u00e9nat a rendu ce vendredi 13 mars 2026 \u00e0 Lom\u00e9, des hommages fun\u00e8bres \u00e0 feu Bitokotipou Yagninim, s\u00e9nateur de la premi\u00e8re l\u00e9gislature de la seconde chambre du Parlement, rappel\u00e9 \u00e0 Dieu le 15 f\u00e9vrier dernier \u00e0 la suite d\u2019une courte maladie.<\/strong><\/p>\n\n\n\n<p>Pr\u00e9sid\u00e9e par le Pr\u00e9sident du S\u00e9nat Barry Moussa Barqu\u00e9, la s\u00e9ance sp\u00e9ciale consacr\u00e9e aux hommages fun\u00e8bres s\u2019est tenue dans la cour de la Pr\u00e9sidence du S\u00e9nat.<\/p>\n\n\n\n<p>La c\u00e9r\u00e9monie a connu la pr\u00e9sence de nombreuses personnalit\u00e9s, parmi lesquelles le Pr\u00e9sident de l\u2019Assembl\u00e9e nationale, Professeur Komi Selom Klassou, des pr\u00e9sidents d\u2019institutions de la R\u00e9publique, des membres du gouvernement, des parlementaires, des autorit\u00e9s administratives et traditionnelles, ainsi que la famille, les proches et collaborateurs de l\u2019illustre disparu venus lui rendre un dernier hommage.<\/p>\n\n\n\n<p>La c\u00e9r\u00e9monie, empreinte de recueillement et d\u2019\u00e9motion, a \u00e9t\u00e9 marqu\u00e9e par une minute de silence observ\u00e9e en m\u00e9moire de l\u2019illustre disparu, suivie d&rsquo;un d\u00e9p\u00f4t de gerbes de fleurs par le Pr\u00e9sident du S\u00e9nat.<\/p>\n\n\n\n<p>Les hommages de la Repr\u00e9sentation des territoires ont ensuite retrac\u00e9 le parcours d\u2019un homme d\u2019\u00c9tat dont l\u2019engagement et la loyaut\u00e9 au service de la R\u00e9publique ont marqu\u00e9 plusieurs d\u00e9cennies de la vie administrative et politique du pays.<\/p>\n\n\n\n<figure class=\"wp-block-image size-large\"><img loading=\"lazy\" decoding=\"async\" width=\"1024\" height=\"704\" src=\"https:\/\/lavoixdelanation.tg\/wp-content\/uploads\/2026\/03\/Le-Senat-rend-hommages-a-feu-Bitokotipou-Yagninim-1024x704.jpeg\" alt=\"\" class=\"wp-image-15660\" srcset=\"https:\/\/lavoixdelanation.tg\/wp-content\/uploads\/2026\/03\/Le-Senat-rend-hommages-a-feu-Bitokotipou-Yagninim-1024x704.jpeg 1024w, https:\/\/lavoixdelanation.tg\/wp-content\/uploads\/2026\/03\/Le-Senat-rend-hommages-a-feu-Bitokotipou-Yagninim-300x206.jpeg 300w, https:\/\/lavoixdelanation.tg\/wp-content\/uploads\/2026\/03\/Le-Senat-rend-hommages-a-feu-Bitokotipou-Yagninim-768x528.jpeg 768w, https:\/\/lavoixdelanation.tg\/wp-content\/uploads\/2026\/03\/Le-Senat-rend-hommages-a-feu-Bitokotipou-Yagninim.jpeg 1080w\" sizes=\"auto, (max-width: 1024px) 100vw, 1024px\" \/><\/figure>\n\n\n\n<p>Dans son \u00e9loge fun\u00e8bre,&nbsp; le s\u00e9nateur Bawoumondom Am\u00e9l\u00e9t\u00e9, 3\u00e8 Secr\u00e9taire parlementaire du S\u00e9nat, a rendu hommage \u00e0 l&rsquo;illustre disparu, figure embl\u00e9matique de la politique nationale.<\/p>\n\n\n\n<p>\u00ab En acc\u00e9dant au S\u00e9nat, premi\u00e8re L\u00e9gislature de l\u2019histoire constitutionnelle du Togo, le S\u00e9nateur Bitokotipou Yagninim, a mis son exp\u00e9rience au service de l\u2019approfondissement de notre d\u00e9mocratie. Il incarnait l\u2019image d\u2019un sage de la R\u00e9publique, attach\u00e9 aux valeurs de dialogue, de responsabilit\u00e9 et de stabilit\u00e9 institutionnelle. Aujourd\u2019hui, alors que nous lui rendons un dernier hommage, nous mesurons le rep\u00e8re qu\u2019il laisse dans l\u2019histoire administrative, politique et institutionnelle du Togo.\u00bb, a-t-il d\u00e9clar\u00e9.<\/p>\n\n\n\n<p>Le Pr\u00e9sident du S\u00e9nat a dans son intervention, salu\u00e9 la m\u00e9moire d\u2019un homme discret, dont le sens du devoir et l\u2019attachement aux valeurs r\u00e9publicaines ont inspir\u00e9 ses coll\u00e8gues et l\u2019ensemble de la communaut\u00e9 nationale.<\/p>\n\n\n\n<p>\u00ab Bitokotipou Yagninim fut un p\u00e8re de famille, un partisan convaincu, un serviteur de la Nation. En ces moments de vive \u00e9motion, je voudrais r\u00e9it\u00e9rer la profonde compassion et les condol\u00e9ances \u00e9mues de toute l\u2019institution parlementaire \u00e0 la famille \u00e9plor\u00e9e, \u00e0 ses proches, \u00e0 sa famille politique et \u00e0 tous ceux qui l\u2019ont connu et aim\u00e9. Puisse l\u2019\u00e2me de l\u2019illustre disparu trouver la paix du dernier sommeil \u00bb, a d\u00e9clar\u00e9 Barry Moussa Barqu\u00e9.<\/p>\n\n\n\n<p>N\u00e9 en 1941 dans la pr\u00e9fecture de Dankpen, feu Bitokotipou Yagninim appartient selon le S\u00e9nat, \u00e0 la g\u00e9n\u00e9ration de Togolais qui ont accompagn\u00e9 les grandes \u00e9tapes de la construction de l\u2019\u00c9tat moderne.<\/p>\n\n\n\n<p>Il commence sa carri\u00e8re dans le domaine de l\u2019\u00e9ducation en tant qu\u2019instituteur. Ses qualit\u00e9s intellectuelles, son sens de l\u2019organisation et son engagement pour l\u2019int\u00e9r\u00eat g\u00e9n\u00e9ral le conduisent progressivement vers l\u2019administration publique o\u00f9 il occupe successivement plusieurs postes de responsabilit\u00e9 au sein de l\u2019administration.<\/p>\n","protected":false},"excerpt":{"rendered":"<p>Le S\u00e9nat a rendu ce vendredi 13 mars 2026 \u00e0 Lom\u00e9, des hommages fun\u00e8bres \u00e0 feu Bitokotipou Yagninim, s\u00e9nateur de la premi\u00e8re l\u00e9gislature de la seconde chambre du Parlement, rappel\u00e9&hellip; <\/p>\n","protected":false},"author":1,"featured_media":15659,"comment_status":"open","ping_status":"closed","sticky":false,"template":"","format":"standard","meta":{"footnotes":""},"categories":[21],"tags":[1070,1345,1344,447,39],"class_list":["post-15658","post","type-post","status-publish","format-standard","has-post-thumbnail","hentry","category-politique","tag-barry-moussa-barque-2","tag-bitokotipou-yagninim","tag-hommages-funebres","tag-senat-2","tag-togo"],"yoast_head":"<!-- This site is optimized with the Yoast SEO plugin v26.4 - https:\/\/yoast.com\/wordpress\/plugins\/seo\/ -->\n<title>Togo\u00a0: Le S\u00e9nat rend des hommages fun\u00e8bres \u00e0 feu Bitokotipou Yagninim - La Voix de la Nation<\/title>\n<meta name=\"robots\" content=\"index, follow, max-snippet:-1, max-image-preview:large, max-video-preview:-1\" \/>\n<link rel=\"canonical\" href=\"https:\/\/lavoixdelanation.tg\/index.php\/2026\/03\/14\/togo-le-senat-rend-des-hommages-funebres-a-feu-bitokotipou-yagninim\/\" \/>\n<meta property=\"og:locale\" content=\"fr_FR\" \/>\n<meta property=\"og:type\" content=\"article\" \/>\n<meta property=\"og:title\" content=\"Togo\u00a0: Le S\u00e9nat rend des hommages fun\u00e8bres \u00e0 feu Bitokotipou Yagninim - La Voix de la Nation\" \/>\n<meta property=\"og:description\" content=\"Le S\u00e9nat a rendu ce vendredi 13 mars 2026 \u00e0 Lom\u00e9, des hommages fun\u00e8bres \u00e0 feu Bitokotipou Yagninim, s\u00e9nateur de la premi\u00e8re l\u00e9gislature de la seconde chambre du Parlement, rappel\u00e9&hellip;\" \/>\n<meta property=\"og:url\" content=\"https:\/\/lavoixdelanation.tg\/index.php\/2026\/03\/14\/togo-le-senat-rend-des-hommages-funebres-a-feu-bitokotipou-yagninim\/\" \/>\n<meta property=\"og:site_name\" content=\"La Voix de la Nation\" \/>\n<meta property=\"article:publisher\" content=\"https:\/\/www.facebook.com\/lavoixdelanation\" \/>\n<meta property=\"article:published_time\" content=\"2026-03-14T09:22:07+00:00\" \/>\n<meta property=\"article:modified_time\" content=\"2026-03-14T09:22:08+00:00\" \/>\n<meta property=\"og:image\" content=\"https:\/\/lavoixdelanation.tg\/wp-content\/uploads\/2026\/03\/Le-Senat-rend-des-hommages-funebres-a-feu-Bitokotipou-Yagninim.jpeg\" \/>\n\t<meta property=\"og:image:width\" content=\"1080\" \/>\n\t<meta property=\"og:image:height\" content=\"780\" \/>\n\t<meta property=\"og:image:type\" content=\"image\/jpeg\" \/>\n<meta name=\"author\" content=\"La voix de la nation\" \/>\n<meta name=\"twitter:card\" content=\"summary_large_image\" \/>\n<meta name=\"twitter:label1\" content=\"\u00c9crit par\" \/>\n\t<meta name=\"twitter:data1\" content=\"La voix de la nation\" \/>\n\t<meta name=\"twitter:label2\" content=\"Dur\u00e9e de lecture estim\u00e9e\" \/>\n\t<meta name=\"twitter:data2\" content=\"3 minutes\" \/>\n<script type=\"application\/ld+json\" class=\"yoast-schema-graph\">{\"@context\":\"https:\/\/schema.org\",\"@graph\":[{\"@type\":\"Article\",\"@id\":\"https:\/\/lavoixdelanation.tg\/index.php\/2026\/03\/14\/togo-le-senat-rend-des-hommages-funebres-a-feu-bitokotipou-yagninim\/#article\",\"isPartOf\":{\"@id\":\"https:\/\/lavoixdelanation.tg\/index.php\/2026\/03\/14\/togo-le-senat-rend-des-hommages-funebres-a-feu-bitokotipou-yagninim\/\"},\"author\":{\"name\":\"La voix de la nation\",\"@id\":\"https:\/\/lavoixdelanation.tg\/#\/schema\/person\/6c489293aa38053673a9e554acb6e224\"},\"headline\":\"Togo\u00a0: Le S\u00e9nat rend des hommages fun\u00e8bres \u00e0 feu Bitokotipou Yagninim\",\"datePublished\":\"2026-03-14T09:22:07+00:00\",\"dateModified\":\"2026-03-14T09:22:08+00:00\",\"mainEntityOfPage\":{\"@id\":\"https:\/\/lavoixdelanation.tg\/index.php\/2026\/03\/14\/togo-le-senat-rend-des-hommages-funebres-a-feu-bitokotipou-yagninim\/\"},\"wordCount\":573,\"commentCount\":0,\"publisher\":{\"@id\":\"https:\/\/lavoixdelanation.tg\/#organization\"},\"image\":{\"@id\":\"https:\/\/lavoixdelanation.tg\/index.php\/2026\/03\/14\/togo-le-senat-rend-des-hommages-funebres-a-feu-bitokotipou-yagninim\/#primaryimage\"},\"thumbnailUrl\":\"https:\/\/lavoixdelanation.tg\/wp-content\/uploads\/2026\/03\/Le-Senat-rend-des-hommages-funebres-a-feu-Bitokotipou-Yagninim.jpeg\",\"keywords\":[\"Barry Moussa BARQU\u00c9\",\"Bitokotipou Yagninim\",\"Hommages fun\u00e8bres\",\"S\u00e9nat\",\"Togo\"],\"articleSection\":[\"Politique\"],\"inLanguage\":\"fr-FR\",\"potentialAction\":[{\"@type\":\"CommentAction\",\"name\":\"Comment\",\"target\":[\"https:\/\/lavoixdelanation.tg\/index.php\/2026\/03\/14\/togo-le-senat-rend-des-hommages-funebres-a-feu-bitokotipou-yagninim\/#respond\"]}]},{\"@type\":\"WebPage\",\"@id\":\"https:\/\/lavoixdelanation.tg\/index.php\/2026\/03\/14\/togo-le-senat-rend-des-hommages-funebres-a-feu-bitokotipou-yagninim\/\",\"url\":\"https:\/\/lavoixdelanation.tg\/index.php\/2026\/03\/14\/togo-le-senat-rend-des-hommages-funebres-a-feu-bitokotipou-yagninim\/\",\"name\":\"Togo\u00a0: Le S\u00e9nat rend des hommages fun\u00e8bres \u00e0 feu Bitokotipou Yagninim - La Voix de la Nation\",\"isPartOf\":{\"@id\":\"https:\/\/lavoixdelanation.tg\/#website\"},\"primaryImageOfPage\":{\"@id\":\"https:\/\/lavoixdelanation.tg\/index.php\/2026\/03\/14\/togo-le-senat-rend-des-hommages-funebres-a-feu-bitokotipou-yagninim\/#primaryimage\"},\"image\":{\"@id\":\"https:\/\/lavoixdelanation.tg\/index.php\/2026\/03\/14\/togo-le-senat-rend-des-hommages-funebres-a-feu-bitokotipou-yagninim\/#primaryimage\"},\"thumbnailUrl\":\"https:\/\/lavoixdelanation.tg\/wp-content\/uploads\/2026\/03\/Le-Senat-rend-des-hommages-funebres-a-feu-Bitokotipou-Yagninim.jpeg\",\"datePublished\":\"2026-03-14T09:22:07+00:00\",\"dateModified\":\"2026-03-14T09:22:08+00:00\",\"breadcrumb\":{\"@id\":\"https:\/\/lavoixdelanation.tg\/index.php\/2026\/03\/14\/togo-le-senat-rend-des-hommages-funebres-a-feu-bitokotipou-yagninim\/#breadcrumb\"},\"inLanguage\":\"fr-FR\",\"potentialAction\":[{\"@type\":\"ReadAction\",\"target\":[\"https:\/\/lavoixdelanation.tg\/index.php\/2026\/03\/14\/togo-le-senat-rend-des-hommages-funebres-a-feu-bitokotipou-yagninim\/\"]}]},{\"@type\":\"ImageObject\",\"inLanguage\":\"fr-FR\",\"@id\":\"https:\/\/lavoixdelanation.tg\/index.php\/2026\/03\/14\/togo-le-senat-rend-des-hommages-funebres-a-feu-bitokotipou-yagninim\/#primaryimage\",\"url\":\"https:\/\/lavoixdelanation.tg\/wp-content\/uploads\/2026\/03\/Le-Senat-rend-des-hommages-funebres-a-feu-Bitokotipou-Yagninim.jpeg\",\"contentUrl\":\"https:\/\/lavoixdelanation.tg\/wp-content\/uploads\/2026\/03\/Le-Senat-rend-des-hommages-funebres-a-feu-Bitokotipou-Yagninim.jpeg\",\"width\":1080,\"height\":780},{\"@type\":\"BreadcrumbList\",\"@id\":\"https:\/\/lavoixdelanation.tg\/index.php\/2026\/03\/14\/togo-le-senat-rend-des-hommages-funebres-a-feu-bitokotipou-yagninim\/#breadcrumb\",\"itemListElement\":[{\"@type\":\"ListItem\",\"position\":1,\"name\":\"Accueil\",\"item\":\"https:\/\/lavoixdelanation.tg\/\"},{\"@type\":\"ListItem\",\"position\":2,\"name\":\"Togo\u00a0: Le S\u00e9nat rend des hommages fun\u00e8bres \u00e0 feu Bitokotipou Yagninim\"}]},{\"@type\":\"WebSite\",\"@id\":\"https:\/\/lavoixdelanation.tg\/#website\",\"url\":\"https:\/\/lavoixdelanation.tg\/\",\"name\":\"La Voix de la Nation\",\"description\":\"R\u00e9c\u00e9piss\u00e9 n\u00b00108\/HAAC\/01-2024\/pl\/P\",\"publisher\":{\"@id\":\"https:\/\/lavoixdelanation.tg\/#organization\"},\"alternateName\":\"VON\",\"potentialAction\":[{\"@type\":\"SearchAction\",\"target\":{\"@type\":\"EntryPoint\",\"urlTemplate\":\"https:\/\/lavoixdelanation.tg\/?s={search_term_string}\"},\"query-input\":{\"@type\":\"PropertyValueSpecification\",\"valueRequired\":true,\"valueName\":\"search_term_string\"}}],\"inLanguage\":\"fr-FR\"},{\"@type\":\"Organization\",\"@id\":\"https:\/\/lavoixdelanation.tg\/#organization\",\"name\":\"La Voix de la Nation\",\"url\":\"https:\/\/lavoixdelanation.tg\/\",\"logo\":{\"@type\":\"ImageObject\",\"inLanguage\":\"fr-FR\",\"@id\":\"https:\/\/lavoixdelanation.tg\/#\/schema\/logo\/image\/\",\"url\":\"https:\/\/lavoixdelanation.tg\/wp-content\/uploads\/2024\/12\/lavn-1.png\",\"contentUrl\":\"https:\/\/lavoixdelanation.tg\/wp-content\/uploads\/2024\/12\/lavn-1.png\",\"width\":1024,\"height\":464,\"caption\":\"La Voix de la Nation\"},\"image\":{\"@id\":\"https:\/\/lavoixdelanation.tg\/#\/schema\/logo\/image\/\"},\"sameAs\":[\"https:\/\/www.facebook.com\/lavoixdelanation\"]},{\"@type\":\"Person\",\"@id\":\"https:\/\/lavoixdelanation.tg\/#\/schema\/person\/6c489293aa38053673a9e554acb6e224\",\"name\":\"La voix de la nation\",\"image\":{\"@type\":\"ImageObject\",\"inLanguage\":\"fr-FR\",\"@id\":\"https:\/\/lavoixdelanation.tg\/#\/schema\/person\/image\/\",\"url\":\"https:\/\/secure.gravatar.com\/avatar\/8aa135d4bbc794494cecaa8d483f6d6cc1023624868deaff686baed5e727a5a1?s=96&d=mm&r=g\",\"contentUrl\":\"https:\/\/secure.gravatar.com\/avatar\/8aa135d4bbc794494cecaa8d483f6d6cc1023624868deaff686baed5e727a5a1?s=96&d=mm&r=g\",\"caption\":\"La voix de la nation\"},\"sameAs\":[\"https:\/\/lavoixdelanation.tg\"],\"url\":\"https:\/\/lavoixdelanation.tg\/index.php\/author\/lavn\/\"}]}<\/script>\n<!-- \/ Yoast SEO plugin. -->","yoast_head_json":{"title":"Togo\u00a0: Le S\u00e9nat rend des hommages fun\u00e8bres \u00e0 feu Bitokotipou Yagninim - La Voix de la Nation","robots":{"index":"index","follow":"follow","max-snippet":"max-snippet:-1","max-image-preview":"max-image-preview:large","max-video-preview":"max-video-preview:-1"},"canonical":"https:\/\/lavoixdelanation.tg\/index.php\/2026\/03\/14\/togo-le-senat-rend-des-hommages-funebres-a-feu-bitokotipou-yagninim\/","og_locale":"fr_FR","og_type":"article","og_title":"Togo\u00a0: Le S\u00e9nat rend des hommages fun\u00e8bres \u00e0 feu Bitokotipou Yagninim - La Voix de la Nation","og_description":"Le S\u00e9nat a rendu ce vendredi 13 mars 2026 \u00e0 Lom\u00e9, des hommages fun\u00e8bres \u00e0 feu Bitokotipou Yagninim, s\u00e9nateur de la premi\u00e8re l\u00e9gislature de la seconde chambre du Parlement, rappel\u00e9&hellip;","og_url":"https:\/\/lavoixdelanation.tg\/index.php\/2026\/03\/14\/togo-le-senat-rend-des-hommages-funebres-a-feu-bitokotipou-yagninim\/","og_site_name":"La Voix de la Nation","article_publisher":"https:\/\/www.facebook.com\/lavoixdelanation","article_published_time":"2026-03-14T09:22:07+00:00","article_modified_time":"2026-03-14T09:22:08+00:00","og_image":[{"width":1080,"height":780,"url":"https:\/\/lavoixdelanation.tg\/wp-content\/uploads\/2026\/03\/Le-Senat-rend-des-hommages-funebres-a-feu-Bitokotipou-Yagninim.jpeg","type":"image\/jpeg"}],"author":"La voix de la nation","twitter_card":"summary_large_image","twitter_misc":{"\u00c9crit par":"La voix de la nation","Dur\u00e9e de lecture estim\u00e9e":"3 minutes"},"schema":{"@context":"https:\/\/schema.org","@graph":[{"@type":"Article","@id":"https:\/\/lavoixdelanation.tg\/index.php\/2026\/03\/14\/togo-le-senat-rend-des-hommages-funebres-a-feu-bitokotipou-yagninim\/#article","isPartOf":{"@id":"https:\/\/lavoixdelanation.tg\/index.php\/2026\/03\/14\/togo-le-senat-rend-des-hommages-funebres-a-feu-bitokotipou-yagninim\/"},"author":{"name":"La voix de la nation","@id":"https:\/\/lavoixdelanation.tg\/#\/schema\/person\/6c489293aa38053673a9e554acb6e224"},"headline":"Togo\u00a0: Le S\u00e9nat rend des hommages fun\u00e8bres \u00e0 feu Bitokotipou Yagninim","datePublished":"2026-03-14T09:22:07+00:00","dateModified":"2026-03-14T09:22:08+00:00","mainEntityOfPage":{"@id":"https:\/\/lavoixdelanation.tg\/index.php\/2026\/03\/14\/togo-le-senat-rend-des-hommages-funebres-a-feu-bitokotipou-yagninim\/"},"wordCount":573,"commentCount":0,"publisher":{"@id":"https:\/\/lavoixdelanation.tg\/#organization"},"image":{"@id":"https:\/\/lavoixdelanation.tg\/index.php\/2026\/03\/14\/togo-le-senat-rend-des-hommages-funebres-a-feu-bitokotipou-yagninim\/#primaryimage"},"thumbnailUrl":"https:\/\/lavoixdelanation.tg\/wp-content\/uploads\/2026\/03\/Le-Senat-rend-des-hommages-funebres-a-feu-Bitokotipou-Yagninim.jpeg","keywords":["Barry Moussa BARQU\u00c9","Bitokotipou Yagninim","Hommages fun\u00e8bres","S\u00e9nat","Togo"],"articleSection":["Politique"],"inLanguage":"fr-FR","potentialAction":[{"@type":"CommentAction","name":"Comment","target":["https:\/\/lavoixdelanation.tg\/index.php\/2026\/03\/14\/togo-le-senat-rend-des-hommages-funebres-a-feu-bitokotipou-yagninim\/#respond"]}]},{"@type":"WebPage","@id":"https:\/\/lavoixdelanation.tg\/index.php\/2026\/03\/14\/togo-le-senat-rend-des-hommages-funebres-a-feu-bitokotipou-yagninim\/","url":"https:\/\/lavoixdelanation.tg\/index.php\/2026\/03\/14\/togo-le-senat-rend-des-hommages-funebres-a-feu-bitokotipou-yagninim\/","name":"Togo\u00a0: Le S\u00e9nat rend des hommages fun\u00e8bres \u00e0 feu Bitokotipou Yagninim - La Voix de la Nation","isPartOf":{"@id":"https:\/\/lavoixdelanation.tg\/#website"},"primaryImageOfPage":{"@id":"https:\/\/lavoixdelanation.tg\/index.php\/2026\/03\/14\/togo-le-senat-rend-des-hommages-funebres-a-feu-bitokotipou-yagninim\/#primaryimage"},"image":{"@id":"https:\/\/lavoixdelanation.tg\/index.php\/2026\/03\/14\/togo-le-senat-rend-des-hommages-funebres-a-feu-bitokotipou-yagninim\/#primaryimage"},"thumbnailUrl":"https:\/\/lavoixdelanation.tg\/wp-content\/uploads\/2026\/03\/Le-Senat-rend-des-hommages-funebres-a-feu-Bitokotipou-Yagninim.jpeg","datePublished":"2026-03-14T09:22:07+00:00","dateModified":"2026-03-14T09:22:08+00:00","breadcrumb":{"@id":"https:\/\/lavoixdelanation.tg\/index.php\/2026\/03\/14\/togo-le-senat-rend-des-hommages-funebres-a-feu-bitokotipou-yagninim\/#breadcrumb"},"inLanguage":"fr-FR","potentialAction":[{"@type":"ReadAction","target":["https:\/\/lavoixdelanation.tg\/index.php\/2026\/03\/14\/togo-le-senat-rend-des-hommages-funebres-a-feu-bitokotipou-yagninim\/"]}]},{"@type":"ImageObject","inLanguage":"fr-FR","@id":"https:\/\/lavoixdelanation.tg\/index.php\/2026\/03\/14\/togo-le-senat-rend-des-hommages-funebres-a-feu-bitokotipou-yagninim\/#primaryimage","url":"https:\/\/lavoixdelanation.tg\/wp-content\/uploads\/2026\/03\/Le-Senat-rend-des-hommages-funebres-a-feu-Bitokotipou-Yagninim.jpeg","contentUrl":"https:\/\/lavoixdelanation.tg\/wp-content\/uploads\/2026\/03\/Le-Senat-rend-des-hommages-funebres-a-feu-Bitokotipou-Yagninim.jpeg","width":1080,"height":780},{"@type":"BreadcrumbList","@id":"https:\/\/lavoixdelanation.tg\/index.php\/2026\/03\/14\/togo-le-senat-rend-des-hommages-funebres-a-feu-bitokotipou-yagninim\/#breadcrumb","itemListElement":[{"@type":"ListItem","position":1,"name":"Accueil","item":"https:\/\/lavoixdelanation.tg\/"},{"@type":"ListItem","position":2,"name":"Togo\u00a0: Le S\u00e9nat rend des hommages fun\u00e8bres \u00e0 feu Bitokotipou Yagninim"}]},{"@type":"WebSite","@id":"https:\/\/lavoixdelanation.tg\/#website","url":"https:\/\/lavoixdelanation.tg\/","name":"La Voix de la Nation","description":"R\u00e9c\u00e9piss\u00e9 n\u00b00108\/HAAC\/01-2024\/pl\/P","publisher":{"@id":"https:\/\/lavoixdelanation.tg\/#organization"},"alternateName":"VON","potentialAction":[{"@type":"SearchAction","target":{"@type":"EntryPoint","urlTemplate":"https:\/\/lavoixdelanation.tg\/?s={search_term_string}"},"query-input":{"@type":"PropertyValueSpecification","valueRequired":true,"valueName":"search_term_string"}}],"inLanguage":"fr-FR"},{"@type":"Organization","@id":"https:\/\/lavoixdelanation.tg\/#organization","name":"La Voix de la Nation","url":"https:\/\/lavoixdelanation.tg\/","logo":{"@type":"ImageObject","inLanguage":"fr-FR","@id":"https:\/\/lavoixdelanation.tg\/#\/schema\/logo\/image\/","url":"https:\/\/lavoixdelanation.tg\/wp-content\/uploads\/2024\/12\/lavn-1.png","contentUrl":"https:\/\/lavoixdelanation.tg\/wp-content\/uploads\/2024\/12\/lavn-1.png","width":1024,"height":464,"caption":"La Voix de la Nation"},"image":{"@id":"https:\/\/lavoixdelanation.tg\/#\/schema\/logo\/image\/"},"sameAs":["https:\/\/www.facebook.com\/lavoixdelanation"]},{"@type":"Person","@id":"https:\/\/lavoixdelanation.tg\/#\/schema\/person\/6c489293aa38053673a9e554acb6e224","name":"La voix de la nation","image":{"@type":"ImageObject","inLanguage":"fr-FR","@id":"https:\/\/lavoixdelanation.tg\/#\/schema\/person\/image\/","url":"https:\/\/secure.gravatar.com\/avatar\/8aa135d4bbc794494cecaa8d483f6d6cc1023624868deaff686baed5e727a5a1?s=96&d=mm&r=g","contentUrl":"https:\/\/secure.gravatar.com\/avatar\/8aa135d4bbc794494cecaa8d483f6d6cc1023624868deaff686baed5e727a5a1?s=96&d=mm&r=g","caption":"La voix de la nation"},"sameAs":["https:\/\/lavoixdelanation.tg"],"url":"https:\/\/lavoixdelanation.tg\/index.php\/author\/lavn\/"}]}},"_links":{"self":[{"href":"https:\/\/lavoixdelanation.tg\/index.php\/wp-json\/wp\/v2\/posts\/15658","targetHints":{"allow":["GET"]}}],"collection":[{"href":"https:\/\/lavoixdelanation.tg\/index.php\/wp-json\/wp\/v2\/posts"}],"about":[{"href":"https:\/\/lavoixdelanation.tg\/index.php\/wp-json\/wp\/v2\/types\/post"}],"author":[{"embeddable":true,"href":"https:\/\/lavoixdelanation.tg\/index.php\/wp-json\/wp\/v2\/users\/1"}],"replies":[{"embeddable":true,"href":"https:\/\/lavoixdelanation.tg\/index.php\/wp-json\/wp\/v2\/comments?post=15658"}],"version-history":[{"count":1,"href":"https:\/\/lavoixdelanation.tg\/index.php\/wp-json\/wp\/v2\/posts\/15658\/revisions"}],"predecessor-version":[{"id":15661,"href":"https:\/\/lavoixdelanation.tg\/index.php\/wp-json\/wp\/v2\/posts\/15658\/revisions\/15661"}],"wp:featuredmedia":[{"embeddable":true,"href":"https:\/\/lavoixdelanation.tg\/index.php\/wp-json\/wp\/v2\/media\/15659"}],"wp:attachment":[{"href":"https:\/\/lavoixdelanation.tg\/index.php\/wp-json\/wp\/v2\/media?parent=15658"}],"wp:term":[{"taxonomy":"category","embeddable":true,"href":"https:\/\/lavoixdelanation.tg\/index.php\/wp-json\/wp\/v2\/categories?post=15658"},{"taxonomy":"post_tag","embeddable":true,"href":"https:\/\/lavoixdelanation.tg\/index.php\/wp-json\/wp\/v2\/tags?post=15658"}],"curies":[{"name":"wp","href":"https:\/\/api.w.org\/{rel}","templated":true}]}}