{"id":15653,"date":"2026-03-14T10:10:12","date_gmt":"2026-03-14T09:10:12","guid":{"rendered":"https:\/\/lavoixdelanation.tg\/?p=15653"},"modified":"2026-03-14T10:10:44","modified_gmt":"2026-03-14T09:10:44","slug":"cooperation-togo-usa-un-representant-de-la-maison-blanche-recu-par-faure-gnassingbe-a-lome","status":"publish","type":"post","link":"https:\/\/lavoixdelanation.tg\/index.php\/2026\/03\/14\/cooperation-togo-usa-un-representant-de-la-maison-blanche-recu-par-faure-gnassingbe-a-lome\/","title":{"rendered":"Coop\u00e9ration Togo-USA\u00a0: Un repr\u00e9sentant de la Maison Blanche re\u00e7u par Faure Gnassingb\u00e9 \u00e0 Lom\u00e9"},"content":{"rendered":"\n<p><strong>En visite de travail au Togo, le Sous-Secr\u00e9taire d\u2019\u00c9tat adjoint au Bureau de la population, des r\u00e9fugi\u00e9s et des migrations, Christian Jov\u00e9 Ehrhardt a \u00e9t\u00e9 re\u00e7u en audience ce vendredi 13 mars 2026 \u00e0 Lom\u00e9 par le Pr\u00e9sident du Conseil, Faure Essozimna Gnassingb\u00e9.<\/strong><\/p>\n\n\n\n<p>Avec le Pr\u00e9sident du Conseil, le Repr\u00e9sentant de la Maison Blanche sur les questions migratoires a abord\u00e9 le partenariat entre les Etats-Unis d\u2019Am\u00e9rique et le Togo ainsi que les m\u00e9canismes de renforcement de cette coop\u00e9ration mutuellement b\u00e9n\u00e9fique.<\/p>\n\n\n\n<p>\u00ab&nbsp;J\u2019ai eu une rencontre avec Son Excellence Monsieur le Pr\u00e9sident du Conseil. Nous avons parl\u00e9 de la tr\u00e8s bonne collaboration entre les \u00c9tats-Unis et le Togo. C\u2019est une relation tr\u00e8s forte depuis l\u2019ind\u00e9pendance du Togo. Nous avons \u00e9tudi\u00e9 la mani\u00e8re dont on peut approfondir cette bonne collaboration entre nos deux pays. Je suis tr\u00e8s fier. C\u2019est ma premi\u00e8re visite ici au Togo, un excellent pays&nbsp;\u00bb, a d\u00e9clar\u00e9 Christian Jov\u00e9 Ehrhardt.<\/p>\n\n\n\n<figure class=\"wp-block-image size-large\"><img loading=\"lazy\" decoding=\"async\" width=\"1024\" height=\"708\" src=\"https:\/\/lavoixdelanation.tg\/wp-content\/uploads\/2026\/03\/Christian-Jove-Ehrhardt-et-Faure-Gnassingbe-a-Lome-1024x708.jpg\" alt=\"\" class=\"wp-image-15655\" srcset=\"https:\/\/lavoixdelanation.tg\/wp-content\/uploads\/2026\/03\/Christian-Jove-Ehrhardt-et-Faure-Gnassingbe-a-Lome-1024x708.jpg 1024w, https:\/\/lavoixdelanation.tg\/wp-content\/uploads\/2026\/03\/Christian-Jove-Ehrhardt-et-Faure-Gnassingbe-a-Lome-300x207.jpg 300w, https:\/\/lavoixdelanation.tg\/wp-content\/uploads\/2026\/03\/Christian-Jove-Ehrhardt-et-Faure-Gnassingbe-a-Lome-768x531.jpg 768w, https:\/\/lavoixdelanation.tg\/wp-content\/uploads\/2026\/03\/Christian-Jove-Ehrhardt-et-Faure-Gnassingbe-a-Lome-1536x1062.jpg 1536w, https:\/\/lavoixdelanation.tg\/wp-content\/uploads\/2026\/03\/Christian-Jove-Ehrhardt-et-Faure-Gnassingbe-a-Lome.jpg 1600w\" sizes=\"auto, (max-width: 1024px) 100vw, 1024px\" \/><figcaption class=\"wp-element-caption\"><em>Christian Jov\u00e9 Ehrhardt chez Faure Gnassingb\u00e9 \u00e0 Lom\u00e9<\/em><\/figcaption><\/figure>\n\n\n\n<p>Il faut souligner que les Etats-Unis et le Togo entretiennent d\u2019excellentes relations d\u2019amiti\u00e9 et de coop\u00e9ration dans plusieurs domaines \u00e0 fort impact \u00e9conomique, social et s\u00e9curitaire.<\/p>\n\n\n\n<p>Washington appuie en effet Lom\u00e9 dans la mise en \u0153uvre des projets dans les secteurs de la sant\u00e9, de l\u2019\u00e9ducation et de la gouvernance \u00e0 travers plusieurs programmes.<\/p>\n\n\n\n<p>La coop\u00e9ration se manifeste aussi par la dynamisation des \u00e9changes commerciaux et des investissements.<\/p>\n\n\n\n<p>Ce partenariat se traduit par une convergence de vues sur des questions de paix et de s\u00e9curit\u00e9 au Togo notamment dans le cadre du Programme d\u2019urgence pour la r\u00e9gion des Savanes (PURS) \u00e0 travers le M\u00e9canisme de stabilit\u00e9 des Etats c\u00f4tiers (MSEC).<\/p>\n\n\n\n<p>Cette coop\u00e9ration contribuera au renforcement des capacit\u00e9s des forces de d\u00e9fense et de s\u00e9curit\u00e9 dans la lutte contre le terrorisme et l\u2019extr\u00e9misme violent.<\/p>\n\n\n\n<p>Il est \u00e9galement pr\u00e9vu dans un contexte g\u00e9opolitique international en pleine mutation, une coop\u00e9ration militaire et s\u00e9curitaire dans le cadre continental pour soutenir la s\u00e9curit\u00e9, la stabilit\u00e9 et la souverainet\u00e9 r\u00e9gionales sous l\u2019\u00e9gide du Commandement des Etats-Unis pour l\u2019Afrique (AFRICOM).<\/p>\n","protected":false},"excerpt":{"rendered":"<p>En visite de travail au Togo, le Sous-Secr\u00e9taire d\u2019\u00c9tat adjoint au Bureau de la population, des r\u00e9fugi\u00e9s et des migrations, Christian Jov\u00e9 Ehrhardt a \u00e9t\u00e9 re\u00e7u en audience ce vendredi&hellip; <\/p>\n","protected":false},"author":1,"featured_media":15654,"comment_status":"open","ping_status":"closed","sticky":false,"template":"","format":"standard","meta":{"footnotes":""},"categories":[12],"tags":[1342,90,1226,1343],"class_list":["post-15653","post","type-post","status-publish","format-standard","has-post-thumbnail","hentry","category-diplomatie","tag-christian-jove-ehrhardt","tag-diplomatie","tag-faure-essozimna-gnassingbe-2","tag-togo-usa"],"yoast_head":"<!-- This site is optimized with the Yoast SEO plugin v26.4 - https:\/\/yoast.com\/wordpress\/plugins\/seo\/ -->\n<title>Coop\u00e9ration Togo-USA\u00a0: Un repr\u00e9sentant de la Maison Blanche re\u00e7u par Faure Gnassingb\u00e9 \u00e0 Lom\u00e9 - La Voix de la Nation<\/title>\n<meta name=\"robots\" content=\"index, follow, max-snippet:-1, max-image-preview:large, max-video-preview:-1\" \/>\n<link rel=\"canonical\" href=\"https:\/\/lavoixdelanation.tg\/index.php\/2026\/03\/14\/cooperation-togo-usa-un-representant-de-la-maison-blanche-recu-par-faure-gnassingbe-a-lome\/\" \/>\n<meta property=\"og:locale\" content=\"fr_FR\" \/>\n<meta property=\"og:type\" content=\"article\" \/>\n<meta property=\"og:title\" content=\"Coop\u00e9ration Togo-USA\u00a0: Un repr\u00e9sentant de la Maison Blanche re\u00e7u par Faure Gnassingb\u00e9 \u00e0 Lom\u00e9 - La Voix de la Nation\" \/>\n<meta property=\"og:description\" content=\"En visite de travail au Togo, le Sous-Secr\u00e9taire d\u2019\u00c9tat adjoint au Bureau de la population, des r\u00e9fugi\u00e9s et des migrations, Christian Jov\u00e9 Ehrhardt a \u00e9t\u00e9 re\u00e7u en audience ce vendredi&hellip;\" \/>\n<meta property=\"og:url\" content=\"https:\/\/lavoixdelanation.tg\/index.php\/2026\/03\/14\/cooperation-togo-usa-un-representant-de-la-maison-blanche-recu-par-faure-gnassingbe-a-lome\/\" \/>\n<meta property=\"og:site_name\" content=\"La Voix de la Nation\" \/>\n<meta property=\"article:publisher\" content=\"https:\/\/www.facebook.com\/lavoixdelanation\" \/>\n<meta property=\"article:published_time\" content=\"2026-03-14T09:10:12+00:00\" \/>\n<meta property=\"article:modified_time\" content=\"2026-03-14T09:10:44+00:00\" \/>\n<meta property=\"og:image\" content=\"https:\/\/lavoixdelanation.tg\/wp-content\/uploads\/2026\/03\/Christian-Jove-Ehrhardt-avec-Faure-Gnassingbe-a-Lome.jpg\" \/>\n\t<meta property=\"og:image:width\" content=\"800\" \/>\n\t<meta property=\"og:image:height\" content=\"554\" \/>\n\t<meta property=\"og:image:type\" content=\"image\/jpeg\" \/>\n<meta name=\"author\" content=\"La voix de la nation\" \/>\n<meta name=\"twitter:card\" content=\"summary_large_image\" \/>\n<meta name=\"twitter:label1\" content=\"\u00c9crit par\" \/>\n\t<meta name=\"twitter:data1\" content=\"La voix de la nation\" \/>\n\t<meta name=\"twitter:label2\" content=\"Dur\u00e9e de lecture estim\u00e9e\" \/>\n\t<meta name=\"twitter:data2\" content=\"3 minutes\" \/>\n<script type=\"application\/ld+json\" class=\"yoast-schema-graph\">{\"@context\":\"https:\/\/schema.org\",\"@graph\":[{\"@type\":\"Article\",\"@id\":\"https:\/\/lavoixdelanation.tg\/index.php\/2026\/03\/14\/cooperation-togo-usa-un-representant-de-la-maison-blanche-recu-par-faure-gnassingbe-a-lome\/#article\",\"isPartOf\":{\"@id\":\"https:\/\/lavoixdelanation.tg\/index.php\/2026\/03\/14\/cooperation-togo-usa-un-representant-de-la-maison-blanche-recu-par-faure-gnassingbe-a-lome\/\"},\"author\":{\"name\":\"La voix de la nation\",\"@id\":\"https:\/\/lavoixdelanation.tg\/#\/schema\/person\/6c489293aa38053673a9e554acb6e224\"},\"headline\":\"Coop\u00e9ration Togo-USA\u00a0: Un repr\u00e9sentant de la Maison Blanche re\u00e7u par Faure Gnassingb\u00e9 \u00e0 Lom\u00e9\",\"datePublished\":\"2026-03-14T09:10:12+00:00\",\"dateModified\":\"2026-03-14T09:10:44+00:00\",\"mainEntityOfPage\":{\"@id\":\"https:\/\/lavoixdelanation.tg\/index.php\/2026\/03\/14\/cooperation-togo-usa-un-representant-de-la-maison-blanche-recu-par-faure-gnassingbe-a-lome\/\"},\"wordCount\":393,\"commentCount\":0,\"publisher\":{\"@id\":\"https:\/\/lavoixdelanation.tg\/#organization\"},\"image\":{\"@id\":\"https:\/\/lavoixdelanation.tg\/index.php\/2026\/03\/14\/cooperation-togo-usa-un-representant-de-la-maison-blanche-recu-par-faure-gnassingbe-a-lome\/#primaryimage\"},\"thumbnailUrl\":\"https:\/\/lavoixdelanation.tg\/wp-content\/uploads\/2026\/03\/Christian-Jove-Ehrhardt-avec-Faure-Gnassingbe-a-Lome.jpg\",\"keywords\":[\"Christian Jov\u00e9 Ehrhardt\",\"Diplomatie\",\"Faure Essozimna Gnassingb\u00e9\",\"Togo-USA\"],\"articleSection\":[\"Diplomatie\"],\"inLanguage\":\"fr-FR\",\"potentialAction\":[{\"@type\":\"CommentAction\",\"name\":\"Comment\",\"target\":[\"https:\/\/lavoixdelanation.tg\/index.php\/2026\/03\/14\/cooperation-togo-usa-un-representant-de-la-maison-blanche-recu-par-faure-gnassingbe-a-lome\/#respond\"]}]},{\"@type\":\"WebPage\",\"@id\":\"https:\/\/lavoixdelanation.tg\/index.php\/2026\/03\/14\/cooperation-togo-usa-un-representant-de-la-maison-blanche-recu-par-faure-gnassingbe-a-lome\/\",\"url\":\"https:\/\/lavoixdelanation.tg\/index.php\/2026\/03\/14\/cooperation-togo-usa-un-representant-de-la-maison-blanche-recu-par-faure-gnassingbe-a-lome\/\",\"name\":\"Coop\u00e9ration Togo-USA\u00a0: Un repr\u00e9sentant de la Maison Blanche re\u00e7u par Faure Gnassingb\u00e9 \u00e0 Lom\u00e9 - La Voix de la Nation\",\"isPartOf\":{\"@id\":\"https:\/\/lavoixdelanation.tg\/#website\"},\"primaryImageOfPage\":{\"@id\":\"https:\/\/lavoixdelanation.tg\/index.php\/2026\/03\/14\/cooperation-togo-usa-un-representant-de-la-maison-blanche-recu-par-faure-gnassingbe-a-lome\/#primaryimage\"},\"image\":{\"@id\":\"https:\/\/lavoixdelanation.tg\/index.php\/2026\/03\/14\/cooperation-togo-usa-un-representant-de-la-maison-blanche-recu-par-faure-gnassingbe-a-lome\/#primaryimage\"},\"thumbnailUrl\":\"https:\/\/lavoixdelanation.tg\/wp-content\/uploads\/2026\/03\/Christian-Jove-Ehrhardt-avec-Faure-Gnassingbe-a-Lome.jpg\",\"datePublished\":\"2026-03-14T09:10:12+00:00\",\"dateModified\":\"2026-03-14T09:10:44+00:00\",\"breadcrumb\":{\"@id\":\"https:\/\/lavoixdelanation.tg\/index.php\/2026\/03\/14\/cooperation-togo-usa-un-representant-de-la-maison-blanche-recu-par-faure-gnassingbe-a-lome\/#breadcrumb\"},\"inLanguage\":\"fr-FR\",\"potentialAction\":[{\"@type\":\"ReadAction\",\"target\":[\"https:\/\/lavoixdelanation.tg\/index.php\/2026\/03\/14\/cooperation-togo-usa-un-representant-de-la-maison-blanche-recu-par-faure-gnassingbe-a-lome\/\"]}]},{\"@type\":\"ImageObject\",\"inLanguage\":\"fr-FR\",\"@id\":\"https:\/\/lavoixdelanation.tg\/index.php\/2026\/03\/14\/cooperation-togo-usa-un-representant-de-la-maison-blanche-recu-par-faure-gnassingbe-a-lome\/#primaryimage\",\"url\":\"https:\/\/lavoixdelanation.tg\/wp-content\/uploads\/2026\/03\/Christian-Jove-Ehrhardt-avec-Faure-Gnassingbe-a-Lome.jpg\",\"contentUrl\":\"https:\/\/lavoixdelanation.tg\/wp-content\/uploads\/2026\/03\/Christian-Jove-Ehrhardt-avec-Faure-Gnassingbe-a-Lome.jpg\",\"width\":800,\"height\":554,\"caption\":\"Christian Jov\u00e9 Ehrhardt avec Faure Gnassingb\u00e9 \u00e0 Lom\u00e9\"},{\"@type\":\"BreadcrumbList\",\"@id\":\"https:\/\/lavoixdelanation.tg\/index.php\/2026\/03\/14\/cooperation-togo-usa-un-representant-de-la-maison-blanche-recu-par-faure-gnassingbe-a-lome\/#breadcrumb\",\"itemListElement\":[{\"@type\":\"ListItem\",\"position\":1,\"name\":\"Accueil\",\"item\":\"https:\/\/lavoixdelanation.tg\/\"},{\"@type\":\"ListItem\",\"position\":2,\"name\":\"Coop\u00e9ration Togo-USA\u00a0: Un repr\u00e9sentant de la Maison Blanche re\u00e7u par Faure Gnassingb\u00e9 \u00e0 Lom\u00e9\"}]},{\"@type\":\"WebSite\",\"@id\":\"https:\/\/lavoixdelanation.tg\/#website\",\"url\":\"https:\/\/lavoixdelanation.tg\/\",\"name\":\"La Voix de la Nation\",\"description\":\"R\u00e9c\u00e9piss\u00e9 n\u00b00108\/HAAC\/01-2024\/pl\/P\",\"publisher\":{\"@id\":\"https:\/\/lavoixdelanation.tg\/#organization\"},\"alternateName\":\"VON\",\"potentialAction\":[{\"@type\":\"SearchAction\",\"target\":{\"@type\":\"EntryPoint\",\"urlTemplate\":\"https:\/\/lavoixdelanation.tg\/?s={search_term_string}\"},\"query-input\":{\"@type\":\"PropertyValueSpecification\",\"valueRequired\":true,\"valueName\":\"search_term_string\"}}],\"inLanguage\":\"fr-FR\"},{\"@type\":\"Organization\",\"@id\":\"https:\/\/lavoixdelanation.tg\/#organization\",\"name\":\"La Voix de la Nation\",\"url\":\"https:\/\/lavoixdelanation.tg\/\",\"logo\":{\"@type\":\"ImageObject\",\"inLanguage\":\"fr-FR\",\"@id\":\"https:\/\/lavoixdelanation.tg\/#\/schema\/logo\/image\/\",\"url\":\"https:\/\/lavoixdelanation.tg\/wp-content\/uploads\/2024\/12\/lavn-1.png\",\"contentUrl\":\"https:\/\/lavoixdelanation.tg\/wp-content\/uploads\/2024\/12\/lavn-1.png\",\"width\":1024,\"height\":464,\"caption\":\"La Voix de la Nation\"},\"image\":{\"@id\":\"https:\/\/lavoixdelanation.tg\/#\/schema\/logo\/image\/\"},\"sameAs\":[\"https:\/\/www.facebook.com\/lavoixdelanation\"]},{\"@type\":\"Person\",\"@id\":\"https:\/\/lavoixdelanation.tg\/#\/schema\/person\/6c489293aa38053673a9e554acb6e224\",\"name\":\"La voix de la nation\",\"image\":{\"@type\":\"ImageObject\",\"inLanguage\":\"fr-FR\",\"@id\":\"https:\/\/lavoixdelanation.tg\/#\/schema\/person\/image\/\",\"url\":\"https:\/\/secure.gravatar.com\/avatar\/8aa135d4bbc794494cecaa8d483f6d6cc1023624868deaff686baed5e727a5a1?s=96&d=mm&r=g\",\"contentUrl\":\"https:\/\/secure.gravatar.com\/avatar\/8aa135d4bbc794494cecaa8d483f6d6cc1023624868deaff686baed5e727a5a1?s=96&d=mm&r=g\",\"caption\":\"La voix de la nation\"},\"sameAs\":[\"https:\/\/lavoixdelanation.tg\"],\"url\":\"https:\/\/lavoixdelanation.tg\/index.php\/author\/lavn\/\"}]}<\/script>\n<!-- \/ Yoast SEO plugin. -->","yoast_head_json":{"title":"Coop\u00e9ration Togo-USA\u00a0: Un repr\u00e9sentant de la Maison Blanche re\u00e7u par Faure Gnassingb\u00e9 \u00e0 Lom\u00e9 - La Voix de la Nation","robots":{"index":"index","follow":"follow","max-snippet":"max-snippet:-1","max-image-preview":"max-image-preview:large","max-video-preview":"max-video-preview:-1"},"canonical":"https:\/\/lavoixdelanation.tg\/index.php\/2026\/03\/14\/cooperation-togo-usa-un-representant-de-la-maison-blanche-recu-par-faure-gnassingbe-a-lome\/","og_locale":"fr_FR","og_type":"article","og_title":"Coop\u00e9ration Togo-USA\u00a0: Un repr\u00e9sentant de la Maison Blanche re\u00e7u par Faure Gnassingb\u00e9 \u00e0 Lom\u00e9 - La Voix de la Nation","og_description":"En visite de travail au Togo, le Sous-Secr\u00e9taire d\u2019\u00c9tat adjoint au Bureau de la population, des r\u00e9fugi\u00e9s et des migrations, Christian Jov\u00e9 Ehrhardt a \u00e9t\u00e9 re\u00e7u en audience ce vendredi&hellip;","og_url":"https:\/\/lavoixdelanation.tg\/index.php\/2026\/03\/14\/cooperation-togo-usa-un-representant-de-la-maison-blanche-recu-par-faure-gnassingbe-a-lome\/","og_site_name":"La Voix de la Nation","article_publisher":"https:\/\/www.facebook.com\/lavoixdelanation","article_published_time":"2026-03-14T09:10:12+00:00","article_modified_time":"2026-03-14T09:10:44+00:00","og_image":[{"width":800,"height":554,"url":"https:\/\/lavoixdelanation.tg\/wp-content\/uploads\/2026\/03\/Christian-Jove-Ehrhardt-avec-Faure-Gnassingbe-a-Lome.jpg","type":"image\/jpeg"}],"author":"La voix de la nation","twitter_card":"summary_large_image","twitter_misc":{"\u00c9crit par":"La voix de la nation","Dur\u00e9e de lecture estim\u00e9e":"3 minutes"},"schema":{"@context":"https:\/\/schema.org","@graph":[{"@type":"Article","@id":"https:\/\/lavoixdelanation.tg\/index.php\/2026\/03\/14\/cooperation-togo-usa-un-representant-de-la-maison-blanche-recu-par-faure-gnassingbe-a-lome\/#article","isPartOf":{"@id":"https:\/\/lavoixdelanation.tg\/index.php\/2026\/03\/14\/cooperation-togo-usa-un-representant-de-la-maison-blanche-recu-par-faure-gnassingbe-a-lome\/"},"author":{"name":"La voix de la nation","@id":"https:\/\/lavoixdelanation.tg\/#\/schema\/person\/6c489293aa38053673a9e554acb6e224"},"headline":"Coop\u00e9ration Togo-USA\u00a0: Un repr\u00e9sentant de la Maison Blanche re\u00e7u par Faure Gnassingb\u00e9 \u00e0 Lom\u00e9","datePublished":"2026-03-14T09:10:12+00:00","dateModified":"2026-03-14T09:10:44+00:00","mainEntityOfPage":{"@id":"https:\/\/lavoixdelanation.tg\/index.php\/2026\/03\/14\/cooperation-togo-usa-un-representant-de-la-maison-blanche-recu-par-faure-gnassingbe-a-lome\/"},"wordCount":393,"commentCount":0,"publisher":{"@id":"https:\/\/lavoixdelanation.tg\/#organization"},"image":{"@id":"https:\/\/lavoixdelanation.tg\/index.php\/2026\/03\/14\/cooperation-togo-usa-un-representant-de-la-maison-blanche-recu-par-faure-gnassingbe-a-lome\/#primaryimage"},"thumbnailUrl":"https:\/\/lavoixdelanation.tg\/wp-content\/uploads\/2026\/03\/Christian-Jove-Ehrhardt-avec-Faure-Gnassingbe-a-Lome.jpg","keywords":["Christian Jov\u00e9 Ehrhardt","Diplomatie","Faure Essozimna Gnassingb\u00e9","Togo-USA"],"articleSection":["Diplomatie"],"inLanguage":"fr-FR","potentialAction":[{"@type":"CommentAction","name":"Comment","target":["https:\/\/lavoixdelanation.tg\/index.php\/2026\/03\/14\/cooperation-togo-usa-un-representant-de-la-maison-blanche-recu-par-faure-gnassingbe-a-lome\/#respond"]}]},{"@type":"WebPage","@id":"https:\/\/lavoixdelanation.tg\/index.php\/2026\/03\/14\/cooperation-togo-usa-un-representant-de-la-maison-blanche-recu-par-faure-gnassingbe-a-lome\/","url":"https:\/\/lavoixdelanation.tg\/index.php\/2026\/03\/14\/cooperation-togo-usa-un-representant-de-la-maison-blanche-recu-par-faure-gnassingbe-a-lome\/","name":"Coop\u00e9ration Togo-USA\u00a0: Un repr\u00e9sentant de la Maison Blanche re\u00e7u par Faure Gnassingb\u00e9 \u00e0 Lom\u00e9 - La Voix de la Nation","isPartOf":{"@id":"https:\/\/lavoixdelanation.tg\/#website"},"primaryImageOfPage":{"@id":"https:\/\/lavoixdelanation.tg\/index.php\/2026\/03\/14\/cooperation-togo-usa-un-representant-de-la-maison-blanche-recu-par-faure-gnassingbe-a-lome\/#primaryimage"},"image":{"@id":"https:\/\/lavoixdelanation.tg\/index.php\/2026\/03\/14\/cooperation-togo-usa-un-representant-de-la-maison-blanche-recu-par-faure-gnassingbe-a-lome\/#primaryimage"},"thumbnailUrl":"https:\/\/lavoixdelanation.tg\/wp-content\/uploads\/2026\/03\/Christian-Jove-Ehrhardt-avec-Faure-Gnassingbe-a-Lome.jpg","datePublished":"2026-03-14T09:10:12+00:00","dateModified":"2026-03-14T09:10:44+00:00","breadcrumb":{"@id":"https:\/\/lavoixdelanation.tg\/index.php\/2026\/03\/14\/cooperation-togo-usa-un-representant-de-la-maison-blanche-recu-par-faure-gnassingbe-a-lome\/#breadcrumb"},"inLanguage":"fr-FR","potentialAction":[{"@type":"ReadAction","target":["https:\/\/lavoixdelanation.tg\/index.php\/2026\/03\/14\/cooperation-togo-usa-un-representant-de-la-maison-blanche-recu-par-faure-gnassingbe-a-lome\/"]}]},{"@type":"ImageObject","inLanguage":"fr-FR","@id":"https:\/\/lavoixdelanation.tg\/index.php\/2026\/03\/14\/cooperation-togo-usa-un-representant-de-la-maison-blanche-recu-par-faure-gnassingbe-a-lome\/#primaryimage","url":"https:\/\/lavoixdelanation.tg\/wp-content\/uploads\/2026\/03\/Christian-Jove-Ehrhardt-avec-Faure-Gnassingbe-a-Lome.jpg","contentUrl":"https:\/\/lavoixdelanation.tg\/wp-content\/uploads\/2026\/03\/Christian-Jove-Ehrhardt-avec-Faure-Gnassingbe-a-Lome.jpg","width":800,"height":554,"caption":"Christian Jov\u00e9 Ehrhardt avec Faure Gnassingb\u00e9 \u00e0 Lom\u00e9"},{"@type":"BreadcrumbList","@id":"https:\/\/lavoixdelanation.tg\/index.php\/2026\/03\/14\/cooperation-togo-usa-un-representant-de-la-maison-blanche-recu-par-faure-gnassingbe-a-lome\/#breadcrumb","itemListElement":[{"@type":"ListItem","position":1,"name":"Accueil","item":"https:\/\/lavoixdelanation.tg\/"},{"@type":"ListItem","position":2,"name":"Coop\u00e9ration Togo-USA\u00a0: Un repr\u00e9sentant de la Maison Blanche re\u00e7u par Faure Gnassingb\u00e9 \u00e0 Lom\u00e9"}]},{"@type":"WebSite","@id":"https:\/\/lavoixdelanation.tg\/#website","url":"https:\/\/lavoixdelanation.tg\/","name":"La Voix de la Nation","description":"R\u00e9c\u00e9piss\u00e9 n\u00b00108\/HAAC\/01-2024\/pl\/P","publisher":{"@id":"https:\/\/lavoixdelanation.tg\/#organization"},"alternateName":"VON","potentialAction":[{"@type":"SearchAction","target":{"@type":"EntryPoint","urlTemplate":"https:\/\/lavoixdelanation.tg\/?s={search_term_string}"},"query-input":{"@type":"PropertyValueSpecification","valueRequired":true,"valueName":"search_term_string"}}],"inLanguage":"fr-FR"},{"@type":"Organization","@id":"https:\/\/lavoixdelanation.tg\/#organization","name":"La Voix de la Nation","url":"https:\/\/lavoixdelanation.tg\/","logo":{"@type":"ImageObject","inLanguage":"fr-FR","@id":"https:\/\/lavoixdelanation.tg\/#\/schema\/logo\/image\/","url":"https:\/\/lavoixdelanation.tg\/wp-content\/uploads\/2024\/12\/lavn-1.png","contentUrl":"https:\/\/lavoixdelanation.tg\/wp-content\/uploads\/2024\/12\/lavn-1.png","width":1024,"height":464,"caption":"La Voix de la Nation"},"image":{"@id":"https:\/\/lavoixdelanation.tg\/#\/schema\/logo\/image\/"},"sameAs":["https:\/\/www.facebook.com\/lavoixdelanation"]},{"@type":"Person","@id":"https:\/\/lavoixdelanation.tg\/#\/schema\/person\/6c489293aa38053673a9e554acb6e224","name":"La voix de la nation","image":{"@type":"ImageObject","inLanguage":"fr-FR","@id":"https:\/\/lavoixdelanation.tg\/#\/schema\/person\/image\/","url":"https:\/\/secure.gravatar.com\/avatar\/8aa135d4bbc794494cecaa8d483f6d6cc1023624868deaff686baed5e727a5a1?s=96&d=mm&r=g","contentUrl":"https:\/\/secure.gravatar.com\/avatar\/8aa135d4bbc794494cecaa8d483f6d6cc1023624868deaff686baed5e727a5a1?s=96&d=mm&r=g","caption":"La voix de la nation"},"sameAs":["https:\/\/lavoixdelanation.tg"],"url":"https:\/\/lavoixdelanation.tg\/index.php\/author\/lavn\/"}]}},"_links":{"self":[{"href":"https:\/\/lavoixdelanation.tg\/index.php\/wp-json\/wp\/v2\/posts\/15653","targetHints":{"allow":["GET"]}}],"collection":[{"href":"https:\/\/lavoixdelanation.tg\/index.php\/wp-json\/wp\/v2\/posts"}],"about":[{"href":"https:\/\/lavoixdelanation.tg\/index.php\/wp-json\/wp\/v2\/types\/post"}],"author":[{"embeddable":true,"href":"https:\/\/lavoixdelanation.tg\/index.php\/wp-json\/wp\/v2\/users\/1"}],"replies":[{"embeddable":true,"href":"https:\/\/lavoixdelanation.tg\/index.php\/wp-json\/wp\/v2\/comments?post=15653"}],"version-history":[{"count":2,"href":"https:\/\/lavoixdelanation.tg\/index.php\/wp-json\/wp\/v2\/posts\/15653\/revisions"}],"predecessor-version":[{"id":15657,"href":"https:\/\/lavoixdelanation.tg\/index.php\/wp-json\/wp\/v2\/posts\/15653\/revisions\/15657"}],"wp:featuredmedia":[{"embeddable":true,"href":"https:\/\/lavoixdelanation.tg\/index.php\/wp-json\/wp\/v2\/media\/15654"}],"wp:attachment":[{"href":"https:\/\/lavoixdelanation.tg\/index.php\/wp-json\/wp\/v2\/media?parent=15653"}],"wp:term":[{"taxonomy":"category","embeddable":true,"href":"https:\/\/lavoixdelanation.tg\/index.php\/wp-json\/wp\/v2\/categories?post=15653"},{"taxonomy":"post_tag","embeddable":true,"href":"https:\/\/lavoixdelanation.tg\/index.php\/wp-json\/wp\/v2\/tags?post=15653"}],"curies":[{"name":"wp","href":"https:\/\/api.w.org\/{rel}","templated":true}]}}