{"id":1565,"date":"2024-11-22T21:54:00","date_gmt":"2024-11-22T20:54:00","guid":{"rendered":"https:\/\/lavoixdelanation.tg\/?p=1565"},"modified":"2024-12-16T21:58:09","modified_gmt":"2024-12-16T20:58:09","slug":"togo-objectif-faim-zero-a-lhorizon-2030","status":"publish","type":"post","link":"https:\/\/lavoixdelanation.tg\/index.php\/2024\/11\/22\/togo-objectif-faim-zero-a-lhorizon-2030\/","title":{"rendered":"Togo\u00a0: Objectif \u00ab\u00a0Faim z\u00e9ro\u00a0\u00bb \u00e0 l&rsquo;horizon 2030"},"content":{"rendered":"\n<p><strong>Eradiquer la faim et la malnutrition d&rsquo;ici 2030&nbsp;: tel est l\u2019ambition du gouvernement togolais, une volont\u00e9 conforme avec l&rsquo;Objectif de d\u00e9veloppement durable (ODD) num\u00e9ro 2 qui vise \u00e0 \u00ab&nbsp;\u00e9liminer la faim, \u00e0 assurer la s\u00e9curit\u00e9 alimentaire, \u00e0 am\u00e9liorer la nutrition et \u00e0 promouvoir une agriculture durable&nbsp;\u00bb.<\/strong><\/p>\n\n\n\n<p>Cet objectif traduit le fait de garantir \u00e0 toute la population, peu importe le milieu g\u00e9ographique, un acc\u00e8s \u00e0 une alimentation suffisante et nutritive tout au long de la vie, en particulier pour les groupes vuln\u00e9rables comme les enfants et les femmes enceintes.<\/p>\n\n\n\n<p>Il n&rsquo;\u00e9chappe \u00e0 la connaissance de personne que face aux d\u00e9fis de la s\u00e9curit\u00e9 alimentaire auxquels font face tous les pays, le Togo a entrepris de multiples r\u00e9formes et des initiatives au cours de ces derni\u00e8res ann\u00e9es pour stimuler la production agricole.<\/p>\n\n\n\n<p class=\"has-text-align-center\"><strong>Une bonne couverture des besoins<\/strong><\/p>\n\n\n\n<p>Selon le minist\u00e8re de l&rsquo;Agriculture, le taux de couverture des besoins en produits vivriers est pass\u00e9 de 142 % en 2010 \u00e0 152 % en 2023. En ce qui concerne la croissance agricole, elle a quitt\u00e9 3,95 % en 2010&nbsp;pour s&rsquo;\u00e9tablir \u00e0 environ 5 % en 2023, malgr\u00e9 les impacts n\u00e9gatifs qui ont pu \u00eatre engendr\u00e9s par la maladie \u00e0 coronavirus Covid-19.<\/p>\n\n\n\n<p>Le Togo s&rsquo;accroche \u00e0 son ambition de chasser la faim hors de son territoire. Dans cette optique, le gouvernement a r\u00e9alis\u00e9 en 2018, avec l&rsquo;appui du Programme alimentaire mondial (PAM), une revue strat\u00e9gique ayant permis d&rsquo;identifier les d\u00e9fis et de proposer des r\u00e9ponses en vue de l&rsquo;\u00e9limination compl\u00e8te de la faim sur le territoire.<\/p>\n\n\n\n<p>Avec une contribution \u00e0 40 % du Produit int\u00e9rieur brut (PIB) et une occupation de 65 % de la population active, le secteur agricole devient davantage un v\u00e9ritable moteur de croissance \u00e9conomique, de cr\u00e9ation d&#8217;emplois, de vecteur de s\u00e9curit\u00e9 alimentaire et nutritionnelle et de r\u00e9duction de la pauvret\u00e9 dans les zones.<\/p>\n\n\n\n<p class=\"has-text-align-center\"><strong>Forte production<\/strong><\/p>\n\n\n\n<p>En mars 2022, le minist\u00e8re en charge de l\u2019agriculture a relev\u00e9 une hausse de 30 % de la production de soja qui a \u00e9t\u00e9 de 200 000 tonnes en 2021. Le ma\u00efs, la c\u00e9r\u00e9ale la plus consomm\u00e9e dans le pays, affiche \u00e9galement une augmentation de pr\u00e8s de 14 %. Elle atteint 1,06 million de tonnes en 2023, contre 929 000 tonnes en 2021.<\/p>\n\n\n\n<p>Pour ce qui est de la production de tubercules, une croissance est aussi soulign\u00e9e. Elle est de 7,5 % sur la p\u00e9riode 2022-2023. La quantit\u00e9 produite a atteint&nbsp;2,4 millions de tonnes&nbsp;en 2023, contre 2,23 millions de tonnes de tubercules en 2022.<\/p>\n\n\n\n<p>Les enfants \u00e9tant des \u00eatres vuln\u00e9rables, le projet de Filets sociaux et services de base (FSB) est l&rsquo;une des initiatives mises en place par le gouvernement pour lutter contre l&rsquo;insuffisance alimentaire et la malnutrition chez les \u00e9l\u00e8ves.<\/p>\n\n\n\n<p>Le bilan des 6 ans de mise en \u0153uvre des FSB effectu\u00e9 en mai 2024 d\u00e9montre que le financement final du projet est de 39,32 milliards de francs. De 2017 \u00e0 2023, sur financement de la Banque mondiale, 15 millions de repas scolaires ont \u00e9t\u00e9 fournis \u00e0 52 173 \u00e9l\u00e8ves de 161 \u00e9coles primaires publiques. Sur financement de l&rsquo;\u00c9tat, 157 888 \u00e9l\u00e8ves, dont 76 879 filles, ont b\u00e9n\u00e9fici\u00e9 de repas dans 1 020 \u00e9coles primaires publiques.<\/p>\n","protected":false},"excerpt":{"rendered":"<p>Eradiquer la faim et la malnutrition d&rsquo;ici 2030&nbsp;: tel est l\u2019ambition du gouvernement togolais, une volont\u00e9 conforme avec l&rsquo;Objectif de d\u00e9veloppement durable (ODD) num\u00e9ro 2 qui vise \u00e0 \u00ab&nbsp;\u00e9liminer la&hellip; <\/p>\n","protected":false},"author":1,"featured_media":1566,"comment_status":"closed","ping_status":"closed","sticky":false,"template":"","format":"standard","meta":{"footnotes":""},"categories":[29],"tags":[],"class_list":["post-1565","post","type-post","status-publish","format-standard","has-post-thumbnail","hentry","category-societe"],"yoast_head":"<!-- This site is optimized with the Yoast SEO plugin v26.4 - https:\/\/yoast.com\/wordpress\/plugins\/seo\/ -->\n<title>Togo\u00a0: Objectif \u00ab\u00a0Faim z\u00e9ro\u00a0\u00bb \u00e0 l&#039;horizon 2030 - La Voix de la Nation<\/title>\n<meta name=\"robots\" content=\"index, follow, max-snippet:-1, max-image-preview:large, max-video-preview:-1\" \/>\n<link rel=\"canonical\" href=\"https:\/\/lavoixdelanation.tg\/index.php\/2024\/11\/22\/togo-objectif-faim-zero-a-lhorizon-2030\/\" \/>\n<meta property=\"og:locale\" content=\"fr_FR\" \/>\n<meta property=\"og:type\" content=\"article\" \/>\n<meta property=\"og:title\" content=\"Togo\u00a0: Objectif \u00ab\u00a0Faim z\u00e9ro\u00a0\u00bb \u00e0 l&#039;horizon 2030 - La Voix de la Nation\" \/>\n<meta property=\"og:description\" content=\"Eradiquer la faim et la malnutrition d&rsquo;ici 2030&nbsp;: tel est l\u2019ambition du gouvernement togolais, une volont\u00e9 conforme avec l&rsquo;Objectif de d\u00e9veloppement durable (ODD) num\u00e9ro 2 qui vise \u00e0 \u00ab&nbsp;\u00e9liminer la&hellip;\" \/>\n<meta property=\"og:url\" content=\"https:\/\/lavoixdelanation.tg\/index.php\/2024\/11\/22\/togo-objectif-faim-zero-a-lhorizon-2030\/\" \/>\n<meta property=\"og:site_name\" content=\"La Voix de la Nation\" \/>\n<meta property=\"article:publisher\" content=\"https:\/\/www.facebook.com\/lavoixdelanation\" \/>\n<meta property=\"article:published_time\" content=\"2024-11-22T20:54:00+00:00\" \/>\n<meta property=\"article:modified_time\" content=\"2024-12-16T20:58:09+00:00\" \/>\n<meta property=\"og:image\" content=\"https:\/\/lavoixdelanation.tg\/wp-content\/uploads\/2024\/12\/Objectif-faim-zero-au-Togo.jpg\" \/>\n\t<meta property=\"og:image:width\" content=\"1080\" \/>\n\t<meta property=\"og:image:height\" content=\"926\" \/>\n\t<meta property=\"og:image:type\" content=\"image\/jpeg\" \/>\n<meta name=\"author\" content=\"La voix de la nation\" \/>\n<meta name=\"twitter:card\" content=\"summary_large_image\" \/>\n<meta name=\"twitter:label1\" content=\"\u00c9crit par\" \/>\n\t<meta name=\"twitter:data1\" content=\"La voix de la nation\" \/>\n\t<meta name=\"twitter:label2\" content=\"Dur\u00e9e de lecture estim\u00e9e\" \/>\n\t<meta name=\"twitter:data2\" content=\"3 minutes\" \/>\n<script type=\"application\/ld+json\" class=\"yoast-schema-graph\">{\"@context\":\"https:\/\/schema.org\",\"@graph\":[{\"@type\":\"Article\",\"@id\":\"https:\/\/lavoixdelanation.tg\/index.php\/2024\/11\/22\/togo-objectif-faim-zero-a-lhorizon-2030\/#article\",\"isPartOf\":{\"@id\":\"https:\/\/lavoixdelanation.tg\/index.php\/2024\/11\/22\/togo-objectif-faim-zero-a-lhorizon-2030\/\"},\"author\":{\"name\":\"La voix de la nation\",\"@id\":\"https:\/\/lavoixdelanation.tg\/#\/schema\/person\/6c489293aa38053673a9e554acb6e224\"},\"headline\":\"Togo\u00a0: Objectif \u00ab\u00a0Faim z\u00e9ro\u00a0\u00bb \u00e0 l&rsquo;horizon 2030\",\"datePublished\":\"2024-11-22T20:54:00+00:00\",\"dateModified\":\"2024-12-16T20:58:09+00:00\",\"mainEntityOfPage\":{\"@id\":\"https:\/\/lavoixdelanation.tg\/index.php\/2024\/11\/22\/togo-objectif-faim-zero-a-lhorizon-2030\/\"},\"wordCount\":526,\"publisher\":{\"@id\":\"https:\/\/lavoixdelanation.tg\/#organization\"},\"image\":{\"@id\":\"https:\/\/lavoixdelanation.tg\/index.php\/2024\/11\/22\/togo-objectif-faim-zero-a-lhorizon-2030\/#primaryimage\"},\"thumbnailUrl\":\"https:\/\/lavoixdelanation.tg\/wp-content\/uploads\/2024\/12\/Objectif-faim-zero-au-Togo.jpg\",\"articleSection\":[\"Soci\u00e9t\u00e9\"],\"inLanguage\":\"fr-FR\"},{\"@type\":\"WebPage\",\"@id\":\"https:\/\/lavoixdelanation.tg\/index.php\/2024\/11\/22\/togo-objectif-faim-zero-a-lhorizon-2030\/\",\"url\":\"https:\/\/lavoixdelanation.tg\/index.php\/2024\/11\/22\/togo-objectif-faim-zero-a-lhorizon-2030\/\",\"name\":\"Togo\u00a0: Objectif \u00ab\u00a0Faim z\u00e9ro\u00a0\u00bb \u00e0 l'horizon 2030 - La Voix de la Nation\",\"isPartOf\":{\"@id\":\"https:\/\/lavoixdelanation.tg\/#website\"},\"primaryImageOfPage\":{\"@id\":\"https:\/\/lavoixdelanation.tg\/index.php\/2024\/11\/22\/togo-objectif-faim-zero-a-lhorizon-2030\/#primaryimage\"},\"image\":{\"@id\":\"https:\/\/lavoixdelanation.tg\/index.php\/2024\/11\/22\/togo-objectif-faim-zero-a-lhorizon-2030\/#primaryimage\"},\"thumbnailUrl\":\"https:\/\/lavoixdelanation.tg\/wp-content\/uploads\/2024\/12\/Objectif-faim-zero-au-Togo.jpg\",\"datePublished\":\"2024-11-22T20:54:00+00:00\",\"dateModified\":\"2024-12-16T20:58:09+00:00\",\"breadcrumb\":{\"@id\":\"https:\/\/lavoixdelanation.tg\/index.php\/2024\/11\/22\/togo-objectif-faim-zero-a-lhorizon-2030\/#breadcrumb\"},\"inLanguage\":\"fr-FR\",\"potentialAction\":[{\"@type\":\"ReadAction\",\"target\":[\"https:\/\/lavoixdelanation.tg\/index.php\/2024\/11\/22\/togo-objectif-faim-zero-a-lhorizon-2030\/\"]}]},{\"@type\":\"ImageObject\",\"inLanguage\":\"fr-FR\",\"@id\":\"https:\/\/lavoixdelanation.tg\/index.php\/2024\/11\/22\/togo-objectif-faim-zero-a-lhorizon-2030\/#primaryimage\",\"url\":\"https:\/\/lavoixdelanation.tg\/wp-content\/uploads\/2024\/12\/Objectif-faim-zero-au-Togo.jpg\",\"contentUrl\":\"https:\/\/lavoixdelanation.tg\/wp-content\/uploads\/2024\/12\/Objectif-faim-zero-au-Togo.jpg\",\"width\":1080,\"height\":926},{\"@type\":\"BreadcrumbList\",\"@id\":\"https:\/\/lavoixdelanation.tg\/index.php\/2024\/11\/22\/togo-objectif-faim-zero-a-lhorizon-2030\/#breadcrumb\",\"itemListElement\":[{\"@type\":\"ListItem\",\"position\":1,\"name\":\"Accueil\",\"item\":\"https:\/\/lavoixdelanation.tg\/\"},{\"@type\":\"ListItem\",\"position\":2,\"name\":\"Togo\u00a0: Objectif \u00ab\u00a0Faim z\u00e9ro\u00a0\u00bb \u00e0 l&#8217;horizon 2030\"}]},{\"@type\":\"WebSite\",\"@id\":\"https:\/\/lavoixdelanation.tg\/#website\",\"url\":\"https:\/\/lavoixdelanation.tg\/\",\"name\":\"La Voix de la Nation\",\"description\":\"R\u00e9c\u00e9piss\u00e9 n\u00b00108\/HAAC\/01-2024\/pl\/P\",\"publisher\":{\"@id\":\"https:\/\/lavoixdelanation.tg\/#organization\"},\"alternateName\":\"VON\",\"potentialAction\":[{\"@type\":\"SearchAction\",\"target\":{\"@type\":\"EntryPoint\",\"urlTemplate\":\"https:\/\/lavoixdelanation.tg\/?s={search_term_string}\"},\"query-input\":{\"@type\":\"PropertyValueSpecification\",\"valueRequired\":true,\"valueName\":\"search_term_string\"}}],\"inLanguage\":\"fr-FR\"},{\"@type\":\"Organization\",\"@id\":\"https:\/\/lavoixdelanation.tg\/#organization\",\"name\":\"La Voix de la Nation\",\"url\":\"https:\/\/lavoixdelanation.tg\/\",\"logo\":{\"@type\":\"ImageObject\",\"inLanguage\":\"fr-FR\",\"@id\":\"https:\/\/lavoixdelanation.tg\/#\/schema\/logo\/image\/\",\"url\":\"https:\/\/lavoixdelanation.tg\/wp-content\/uploads\/2024\/12\/lavn-1.png\",\"contentUrl\":\"https:\/\/lavoixdelanation.tg\/wp-content\/uploads\/2024\/12\/lavn-1.png\",\"width\":1024,\"height\":464,\"caption\":\"La Voix de la Nation\"},\"image\":{\"@id\":\"https:\/\/lavoixdelanation.tg\/#\/schema\/logo\/image\/\"},\"sameAs\":[\"https:\/\/www.facebook.com\/lavoixdelanation\"]},{\"@type\":\"Person\",\"@id\":\"https:\/\/lavoixdelanation.tg\/#\/schema\/person\/6c489293aa38053673a9e554acb6e224\",\"name\":\"La voix de la nation\",\"image\":{\"@type\":\"ImageObject\",\"inLanguage\":\"fr-FR\",\"@id\":\"https:\/\/lavoixdelanation.tg\/#\/schema\/person\/image\/\",\"url\":\"https:\/\/secure.gravatar.com\/avatar\/8aa135d4bbc794494cecaa8d483f6d6cc1023624868deaff686baed5e727a5a1?s=96&d=mm&r=g\",\"contentUrl\":\"https:\/\/secure.gravatar.com\/avatar\/8aa135d4bbc794494cecaa8d483f6d6cc1023624868deaff686baed5e727a5a1?s=96&d=mm&r=g\",\"caption\":\"La voix de la nation\"},\"sameAs\":[\"https:\/\/lavoixdelanation.tg\"],\"url\":\"https:\/\/lavoixdelanation.tg\/index.php\/author\/lavn\/\"}]}<\/script>\n<!-- \/ Yoast SEO plugin. -->","yoast_head_json":{"title":"Togo\u00a0: Objectif \u00ab\u00a0Faim z\u00e9ro\u00a0\u00bb \u00e0 l'horizon 2030 - La Voix de la Nation","robots":{"index":"index","follow":"follow","max-snippet":"max-snippet:-1","max-image-preview":"max-image-preview:large","max-video-preview":"max-video-preview:-1"},"canonical":"https:\/\/lavoixdelanation.tg\/index.php\/2024\/11\/22\/togo-objectif-faim-zero-a-lhorizon-2030\/","og_locale":"fr_FR","og_type":"article","og_title":"Togo\u00a0: Objectif \u00ab\u00a0Faim z\u00e9ro\u00a0\u00bb \u00e0 l'horizon 2030 - La Voix de la Nation","og_description":"Eradiquer la faim et la malnutrition d&rsquo;ici 2030&nbsp;: tel est l\u2019ambition du gouvernement togolais, une volont\u00e9 conforme avec l&rsquo;Objectif de d\u00e9veloppement durable (ODD) num\u00e9ro 2 qui vise \u00e0 \u00ab&nbsp;\u00e9liminer la&hellip;","og_url":"https:\/\/lavoixdelanation.tg\/index.php\/2024\/11\/22\/togo-objectif-faim-zero-a-lhorizon-2030\/","og_site_name":"La Voix de la Nation","article_publisher":"https:\/\/www.facebook.com\/lavoixdelanation","article_published_time":"2024-11-22T20:54:00+00:00","article_modified_time":"2024-12-16T20:58:09+00:00","og_image":[{"width":1080,"height":926,"url":"https:\/\/lavoixdelanation.tg\/wp-content\/uploads\/2024\/12\/Objectif-faim-zero-au-Togo.jpg","type":"image\/jpeg"}],"author":"La voix de la nation","twitter_card":"summary_large_image","twitter_misc":{"\u00c9crit par":"La voix de la nation","Dur\u00e9e de lecture estim\u00e9e":"3 minutes"},"schema":{"@context":"https:\/\/schema.org","@graph":[{"@type":"Article","@id":"https:\/\/lavoixdelanation.tg\/index.php\/2024\/11\/22\/togo-objectif-faim-zero-a-lhorizon-2030\/#article","isPartOf":{"@id":"https:\/\/lavoixdelanation.tg\/index.php\/2024\/11\/22\/togo-objectif-faim-zero-a-lhorizon-2030\/"},"author":{"name":"La voix de la nation","@id":"https:\/\/lavoixdelanation.tg\/#\/schema\/person\/6c489293aa38053673a9e554acb6e224"},"headline":"Togo\u00a0: Objectif \u00ab\u00a0Faim z\u00e9ro\u00a0\u00bb \u00e0 l&rsquo;horizon 2030","datePublished":"2024-11-22T20:54:00+00:00","dateModified":"2024-12-16T20:58:09+00:00","mainEntityOfPage":{"@id":"https:\/\/lavoixdelanation.tg\/index.php\/2024\/11\/22\/togo-objectif-faim-zero-a-lhorizon-2030\/"},"wordCount":526,"publisher":{"@id":"https:\/\/lavoixdelanation.tg\/#organization"},"image":{"@id":"https:\/\/lavoixdelanation.tg\/index.php\/2024\/11\/22\/togo-objectif-faim-zero-a-lhorizon-2030\/#primaryimage"},"thumbnailUrl":"https:\/\/lavoixdelanation.tg\/wp-content\/uploads\/2024\/12\/Objectif-faim-zero-au-Togo.jpg","articleSection":["Soci\u00e9t\u00e9"],"inLanguage":"fr-FR"},{"@type":"WebPage","@id":"https:\/\/lavoixdelanation.tg\/index.php\/2024\/11\/22\/togo-objectif-faim-zero-a-lhorizon-2030\/","url":"https:\/\/lavoixdelanation.tg\/index.php\/2024\/11\/22\/togo-objectif-faim-zero-a-lhorizon-2030\/","name":"Togo\u00a0: Objectif \u00ab\u00a0Faim z\u00e9ro\u00a0\u00bb \u00e0 l'horizon 2030 - La Voix de la Nation","isPartOf":{"@id":"https:\/\/lavoixdelanation.tg\/#website"},"primaryImageOfPage":{"@id":"https:\/\/lavoixdelanation.tg\/index.php\/2024\/11\/22\/togo-objectif-faim-zero-a-lhorizon-2030\/#primaryimage"},"image":{"@id":"https:\/\/lavoixdelanation.tg\/index.php\/2024\/11\/22\/togo-objectif-faim-zero-a-lhorizon-2030\/#primaryimage"},"thumbnailUrl":"https:\/\/lavoixdelanation.tg\/wp-content\/uploads\/2024\/12\/Objectif-faim-zero-au-Togo.jpg","datePublished":"2024-11-22T20:54:00+00:00","dateModified":"2024-12-16T20:58:09+00:00","breadcrumb":{"@id":"https:\/\/lavoixdelanation.tg\/index.php\/2024\/11\/22\/togo-objectif-faim-zero-a-lhorizon-2030\/#breadcrumb"},"inLanguage":"fr-FR","potentialAction":[{"@type":"ReadAction","target":["https:\/\/lavoixdelanation.tg\/index.php\/2024\/11\/22\/togo-objectif-faim-zero-a-lhorizon-2030\/"]}]},{"@type":"ImageObject","inLanguage":"fr-FR","@id":"https:\/\/lavoixdelanation.tg\/index.php\/2024\/11\/22\/togo-objectif-faim-zero-a-lhorizon-2030\/#primaryimage","url":"https:\/\/lavoixdelanation.tg\/wp-content\/uploads\/2024\/12\/Objectif-faim-zero-au-Togo.jpg","contentUrl":"https:\/\/lavoixdelanation.tg\/wp-content\/uploads\/2024\/12\/Objectif-faim-zero-au-Togo.jpg","width":1080,"height":926},{"@type":"BreadcrumbList","@id":"https:\/\/lavoixdelanation.tg\/index.php\/2024\/11\/22\/togo-objectif-faim-zero-a-lhorizon-2030\/#breadcrumb","itemListElement":[{"@type":"ListItem","position":1,"name":"Accueil","item":"https:\/\/lavoixdelanation.tg\/"},{"@type":"ListItem","position":2,"name":"Togo\u00a0: Objectif \u00ab\u00a0Faim z\u00e9ro\u00a0\u00bb \u00e0 l&#8217;horizon 2030"}]},{"@type":"WebSite","@id":"https:\/\/lavoixdelanation.tg\/#website","url":"https:\/\/lavoixdelanation.tg\/","name":"La Voix de la Nation","description":"R\u00e9c\u00e9piss\u00e9 n\u00b00108\/HAAC\/01-2024\/pl\/P","publisher":{"@id":"https:\/\/lavoixdelanation.tg\/#organization"},"alternateName":"VON","potentialAction":[{"@type":"SearchAction","target":{"@type":"EntryPoint","urlTemplate":"https:\/\/lavoixdelanation.tg\/?s={search_term_string}"},"query-input":{"@type":"PropertyValueSpecification","valueRequired":true,"valueName":"search_term_string"}}],"inLanguage":"fr-FR"},{"@type":"Organization","@id":"https:\/\/lavoixdelanation.tg\/#organization","name":"La Voix de la Nation","url":"https:\/\/lavoixdelanation.tg\/","logo":{"@type":"ImageObject","inLanguage":"fr-FR","@id":"https:\/\/lavoixdelanation.tg\/#\/schema\/logo\/image\/","url":"https:\/\/lavoixdelanation.tg\/wp-content\/uploads\/2024\/12\/lavn-1.png","contentUrl":"https:\/\/lavoixdelanation.tg\/wp-content\/uploads\/2024\/12\/lavn-1.png","width":1024,"height":464,"caption":"La Voix de la Nation"},"image":{"@id":"https:\/\/lavoixdelanation.tg\/#\/schema\/logo\/image\/"},"sameAs":["https:\/\/www.facebook.com\/lavoixdelanation"]},{"@type":"Person","@id":"https:\/\/lavoixdelanation.tg\/#\/schema\/person\/6c489293aa38053673a9e554acb6e224","name":"La voix de la nation","image":{"@type":"ImageObject","inLanguage":"fr-FR","@id":"https:\/\/lavoixdelanation.tg\/#\/schema\/person\/image\/","url":"https:\/\/secure.gravatar.com\/avatar\/8aa135d4bbc794494cecaa8d483f6d6cc1023624868deaff686baed5e727a5a1?s=96&d=mm&r=g","contentUrl":"https:\/\/secure.gravatar.com\/avatar\/8aa135d4bbc794494cecaa8d483f6d6cc1023624868deaff686baed5e727a5a1?s=96&d=mm&r=g","caption":"La voix de la nation"},"sameAs":["https:\/\/lavoixdelanation.tg"],"url":"https:\/\/lavoixdelanation.tg\/index.php\/author\/lavn\/"}]}},"_links":{"self":[{"href":"https:\/\/lavoixdelanation.tg\/index.php\/wp-json\/wp\/v2\/posts\/1565","targetHints":{"allow":["GET"]}}],"collection":[{"href":"https:\/\/lavoixdelanation.tg\/index.php\/wp-json\/wp\/v2\/posts"}],"about":[{"href":"https:\/\/lavoixdelanation.tg\/index.php\/wp-json\/wp\/v2\/types\/post"}],"author":[{"embeddable":true,"href":"https:\/\/lavoixdelanation.tg\/index.php\/wp-json\/wp\/v2\/users\/1"}],"replies":[{"embeddable":true,"href":"https:\/\/lavoixdelanation.tg\/index.php\/wp-json\/wp\/v2\/comments?post=1565"}],"version-history":[{"count":1,"href":"https:\/\/lavoixdelanation.tg\/index.php\/wp-json\/wp\/v2\/posts\/1565\/revisions"}],"predecessor-version":[{"id":1567,"href":"https:\/\/lavoixdelanation.tg\/index.php\/wp-json\/wp\/v2\/posts\/1565\/revisions\/1567"}],"wp:featuredmedia":[{"embeddable":true,"href":"https:\/\/lavoixdelanation.tg\/index.php\/wp-json\/wp\/v2\/media\/1566"}],"wp:attachment":[{"href":"https:\/\/lavoixdelanation.tg\/index.php\/wp-json\/wp\/v2\/media?parent=1565"}],"wp:term":[{"taxonomy":"category","embeddable":true,"href":"https:\/\/lavoixdelanation.tg\/index.php\/wp-json\/wp\/v2\/categories?post=1565"},{"taxonomy":"post_tag","embeddable":true,"href":"https:\/\/lavoixdelanation.tg\/index.php\/wp-json\/wp\/v2\/tags?post=1565"}],"curies":[{"name":"wp","href":"https:\/\/api.w.org\/{rel}","templated":true}]}}