{"id":15647,"date":"2026-03-12T18:09:18","date_gmt":"2026-03-12T17:09:18","guid":{"rendered":"https:\/\/lavoixdelanation.tg\/?p=15647"},"modified":"2026-03-12T18:10:16","modified_gmt":"2026-03-12T17:10:16","slug":"lome-accueille-une-reunion-de-la-commission-mixte-du-parlement-de-la-cedeao","status":"publish","type":"post","link":"https:\/\/lavoixdelanation.tg\/index.php\/2026\/03\/12\/lome-accueille-une-reunion-de-la-commission-mixte-du-parlement-de-la-cedeao\/","title":{"rendered":"Lom\u00e9 accueille une r\u00e9union de la commission mixte du Parlement de la CEDEAO"},"content":{"rendered":"\n<p><strong>La commission mixte \u00e9ducation, culture, sant\u00e9, t\u00e9l\u00e9communications et technologies de l&rsquo;information du parlement de la CEDEAO<\/strong><strong> tient <\/strong><strong>du 10 au 14 mars 2026 \u00e0 Lom\u00e9, une r\u00e9union d\u00e9localis\u00e9e place sous le th\u00e8me&nbsp;: \u00ab&nbsp;renforcer l&rsquo;alignement des programmes d&rsquo;enseignement sur les besoins socio-\u00e9conomiques de la sous-r\u00e9gion<\/strong><strong>&nbsp;\u00bb.<\/strong><\/p>\n\n\n\n<p>C\u2019est la Pr\u00e9sidente du Parlement de la CEDEAO, Mme Hadja M\u00e9mounatou Ibrahima qui a ouvert les travaux de cette session en pr\u00e9sence de Mama Omorou, ministre de l\u2019\u00c9ducation nationale du Togo, ainsi que d&rsquo;autres parlementaires.<\/p>\n\n\n\n<p>Il est question d\u2019\u00e9valuer la pertinence et l\u2019ad\u00e9quation des programmes d\u2019\u00e9tudes existants aux niveaux \u00e9l\u00e9mentaire, primaire, secondaire et sup\u00e9rieur, au regard des secteurs cl\u00e9s de croissance dans la r\u00e9gion de la CEDEAO.<\/p>\n\n\n\n<p>Il s\u2019agit \u00e9galement de renforcer l\u2019int\u00e9gration de l&rsquo;enseignement et de la formation techniques et professionnels dans les syst\u00e8mes \u00e9ducatifs nationaux, afin d\u2019am\u00e9liorer l\u2019employabilit\u00e9, la productivit\u00e9 et les opportunit\u00e9s de travail ind\u00e9pendant.<\/p>\n\n\n\n<figure class=\"wp-block-image size-large\"><img loading=\"lazy\" decoding=\"async\" width=\"1024\" height=\"682\" src=\"https:\/\/lavoixdelanation.tg\/wp-content\/uploads\/2026\/03\/Session-delocalisee-du-Parlement-de-la-CEDEAO-a-Lome-1024x682.jpeg\" alt=\"\" class=\"wp-image-15650\" srcset=\"https:\/\/lavoixdelanation.tg\/wp-content\/uploads\/2026\/03\/Session-delocalisee-du-Parlement-de-la-CEDEAO-a-Lome-1024x682.jpeg 1024w, https:\/\/lavoixdelanation.tg\/wp-content\/uploads\/2026\/03\/Session-delocalisee-du-Parlement-de-la-CEDEAO-a-Lome-300x200.jpeg 300w, https:\/\/lavoixdelanation.tg\/wp-content\/uploads\/2026\/03\/Session-delocalisee-du-Parlement-de-la-CEDEAO-a-Lome-768x512.jpeg 768w, https:\/\/lavoixdelanation.tg\/wp-content\/uploads\/2026\/03\/Session-delocalisee-du-Parlement-de-la-CEDEAO-a-Lome.jpeg 1280w\" sizes=\"auto, (max-width: 1024px) 100vw, 1024px\" \/><\/figure>\n\n\n\n<p>La rencontre ambitionne par ailleurs de soutenir la transition vers des programmes d\u2019\u00e9tudes ax\u00e9s sur les comp\u00e9tences, mettant l\u2019accent sur l\u2019innovation, la r\u00e9solution de probl\u00e8mes, la pens\u00e9e critique et l\u2019adaptabilit\u00e9 aux mutations du march\u00e9 du travail.<\/p>\n\n\n\n<p>Selon l&rsquo;honorable Soklingb\u00e9 Senou, chef de la d\u00e9l\u00e9gation des d\u00e9put\u00e9s togolais au Parlement de la CEDEAO, le secteur \u00e9ducatif r\u00e9gional ne doit plus para\u00eetre en effet comme une industrie productrice de dipl\u00f4mes mais un catalyseur de comp\u00e9tences pr\u00eates \u00e0 la consommation.<\/p>\n\n\n\n<p>\u00ab Cette rencontre n&rsquo;est pas un simple moment dans le calendrier de notre parlement, elle t\u00e9moigne de notre engagement in\u00e9branlable envers un id\u00e9al fondamental qui d\u00e9terminera l&rsquo;avenir de notre communaut\u00e9. Il ne s&rsquo;agit pas seulement d&rsquo;un engagement politique mais d&rsquo;un investissement \u00e9conomique, intellectuel, acad\u00e9mique, transformationnel et de modernisation du secteur \u00e9ducatif de la r\u00e9gion, une modernisation adapt\u00e9e \u00e0 nos r\u00e9alit\u00e9s et besoins \u00bb a-t-il d\u00e9clar\u00e9.<\/p>\n\n\n\n<p>Le ministre de l\u2019\u00c9ducation nationale du Togo, Mama Omorou a dans son intervention indiqu\u00e9 que le choix du Togo pour accueillir cette r\u00e9union constitue un honneur et une marque de confiance pour le pays avant de saluer la port\u00e9e du th\u00e8me de la r\u00e9union.<\/p>\n\n\n\n<p>&nbsp;\u00ab Selon l&rsquo;organisation internationale du travail, pr\u00e8s d&rsquo;un jeune sur trois en Afrique de l&rsquo;Ouest se trouve en situation de ch\u00f4mage ou de sous-emploi. Parall\u00e8lement, la Banque mondiale indique que plus de 60 % des entreprises subsahariennes rencontrent des difficult\u00e9s \u00e0 recruter des travailleurs poss\u00e9dant les comp\u00e9tences requises. Ce d\u00e9calage entre les comp\u00e9tences disponibles et les besoins du march\u00e9 du travail illustre clairement les d\u00e9fis actuels de nos syst\u00e8mes \u00e9ducatifs et de formation \u00bb, a d\u00e9clar\u00e9 le ministre Mama Omorou.<\/p>\n\n\n\n<p>En ouvrant les travaux, la Pr\u00e9sidente du Parlement de la CEDEAO, M\u00e9mounatou Ibrahima, a rappel\u00e9 dans un premier temps que pour faire face \u00e0 ces d\u00e9fis, il \u00e9tait n\u00e9cessaire de s&rsquo;appuyer sur le Protocole A\/P3\/1\/03 adopt\u00e9 par la Conf\u00e9rence des Chefs d\u2019\u00c9tats et de Gouvernement de la CEDEAO en 2003 et qui offre un cadre juridique solide pour harmoniser les politiques \u00e9ducatives et promouvoir une \u00e9ducation de qualit\u00e9, accessible et pertinente dans la sous-r\u00e9gion.<\/p>\n\n\n\n<p>Elle a \u00e9galement salu\u00e9 les r\u00e9formes entreprises par le Togo sous l\u2019impulsion du Pr\u00e9sident du Conseil Faure Essozimna Gnassingb\u00e9 qui ont permis de jeter les bases d\u2019un syst\u00e8me \u00e9ducatif r\u00e9solument tourn\u00e9 vers l\u2019avenir.<\/p>\n\n\n\n<p>\u00ab Gr\u00e2ce \u00e0 son leadership, nous avons su miser sur des collaborations fructueuses entre les institutions \u00e9ducatives et le secteur priv\u00e9, promouvant ainsi une \u00e9ducation \u00e0 l\u2019entrepreneuriat et un investissement accru dans la formation continue pour r\u00e9pondre aux d\u00e9fis du march\u00e9 de l\u2019emploi \u00bb, a-t-elle soulign\u00e9.<\/p>\n\n\n\n<p>Cette r\u00e9union de la commission marque une \u00e9tape importante dans la volont\u00e9 de la CEDEAO de rapprocher l\u2019\u00e9ducation des r\u00e9alit\u00e9s \u00e9conomiques de la r\u00e9gion, afin de former des jeunes mieux pr\u00e9par\u00e9s aux d\u00e9fis du march\u00e9 du travail et de contribuer au d\u00e9veloppement durable de l\u2019Afrique de l\u2019Ouest.<\/p>\n\n\n\n<p>Il faut souligner que la Communaut\u00e9 \u00c9conomique des \u00c9tats de l&rsquo;Afrique de l&rsquo;Ouest (CEDEAO) fait face \u00e0 des d\u00e9fis structurels. Dans plusieurs pays, les programmes d\u2019enseignement qu&rsquo;ils soient primaires, secondaires, techniques ou sup\u00e9rieurs, ne sont pas suffisamment adapt\u00e9s \u00e0 l\u2019\u00e9volution des exigences du march\u00e9 du travail, aux secteurs \u00e9mergents, aux mutations technologiques et aux contextes socio-\u00e9conomiques locaux.<\/p>\n\n\n\n<p><strong>Cris DADA<\/strong><\/p>\n","protected":false},"excerpt":{"rendered":"<p>La commission mixte \u00e9ducation, culture, sant\u00e9, t\u00e9l\u00e9communications et technologies de l&rsquo;information du parlement de la CEDEAO tient du 10 au 14 mars 2026 \u00e0 Lom\u00e9, une r\u00e9union d\u00e9localis\u00e9e place sous&hellip; <\/p>\n","protected":false},"author":1,"featured_media":15648,"comment_status":"open","ping_status":"closed","sticky":false,"template":"","format":"standard","meta":{"footnotes":""},"categories":[10],"tags":[1341,1145,39],"class_list":["post-15647","post","type-post","status-publish","format-standard","has-post-thumbnail","hentry","category-education","tag-hadja-memounatou-ibrahima","tag-parlement-de-la-cedeao","tag-togo"],"yoast_head":"<!-- This site is optimized with the Yoast SEO plugin v26.4 - https:\/\/yoast.com\/wordpress\/plugins\/seo\/ -->\n<title>Lom\u00e9 accueille une r\u00e9union de la commission mixte du Parlement de la CEDEAO - La Voix de la Nation<\/title>\n<meta name=\"robots\" content=\"index, follow, max-snippet:-1, max-image-preview:large, max-video-preview:-1\" \/>\n<link rel=\"canonical\" href=\"https:\/\/lavoixdelanation.tg\/index.php\/2026\/03\/12\/lome-accueille-une-reunion-de-la-commission-mixte-du-parlement-de-la-cedeao\/\" \/>\n<meta property=\"og:locale\" content=\"fr_FR\" \/>\n<meta property=\"og:type\" content=\"article\" \/>\n<meta property=\"og:title\" content=\"Lom\u00e9 accueille une r\u00e9union de la commission mixte du Parlement de la CEDEAO - La Voix de la Nation\" \/>\n<meta property=\"og:description\" content=\"La commission mixte \u00e9ducation, culture, sant\u00e9, t\u00e9l\u00e9communications et technologies de l&rsquo;information du parlement de la CEDEAO tient du 10 au 14 mars 2026 \u00e0 Lom\u00e9, une r\u00e9union d\u00e9localis\u00e9e place sous&hellip;\" \/>\n<meta property=\"og:url\" content=\"https:\/\/lavoixdelanation.tg\/index.php\/2026\/03\/12\/lome-accueille-une-reunion-de-la-commission-mixte-du-parlement-de-la-cedeao\/\" \/>\n<meta property=\"og:site_name\" content=\"La Voix de la Nation\" \/>\n<meta property=\"article:publisher\" content=\"https:\/\/www.facebook.com\/lavoixdelanation\" \/>\n<meta property=\"article:published_time\" content=\"2026-03-12T17:09:18+00:00\" \/>\n<meta property=\"article:modified_time\" content=\"2026-03-12T17:10:16+00:00\" \/>\n<meta property=\"og:image\" content=\"https:\/\/lavoixdelanation.tg\/wp-content\/uploads\/2026\/03\/Session-delocalisee-du-Parlement-de-la-CEDEAO-a-Lome-au-Togo.jpeg\" \/>\n\t<meta property=\"og:image:width\" content=\"900\" \/>\n\t<meta property=\"og:image:height\" content=\"663\" \/>\n\t<meta property=\"og:image:type\" content=\"image\/jpeg\" \/>\n<meta name=\"author\" content=\"La voix de la nation\" \/>\n<meta name=\"twitter:card\" content=\"summary_large_image\" \/>\n<meta name=\"twitter:label1\" content=\"\u00c9crit par\" \/>\n\t<meta name=\"twitter:data1\" content=\"La voix de la nation\" \/>\n\t<meta name=\"twitter:label2\" content=\"Dur\u00e9e de lecture estim\u00e9e\" \/>\n\t<meta name=\"twitter:data2\" content=\"4 minutes\" \/>\n<script type=\"application\/ld+json\" class=\"yoast-schema-graph\">{\"@context\":\"https:\/\/schema.org\",\"@graph\":[{\"@type\":\"Article\",\"@id\":\"https:\/\/lavoixdelanation.tg\/index.php\/2026\/03\/12\/lome-accueille-une-reunion-de-la-commission-mixte-du-parlement-de-la-cedeao\/#article\",\"isPartOf\":{\"@id\":\"https:\/\/lavoixdelanation.tg\/index.php\/2026\/03\/12\/lome-accueille-une-reunion-de-la-commission-mixte-du-parlement-de-la-cedeao\/\"},\"author\":{\"name\":\"La voix de la nation\",\"@id\":\"https:\/\/lavoixdelanation.tg\/#\/schema\/person\/6c489293aa38053673a9e554acb6e224\"},\"headline\":\"Lom\u00e9 accueille une r\u00e9union de la commission mixte du Parlement de la CEDEAO\",\"datePublished\":\"2026-03-12T17:09:18+00:00\",\"dateModified\":\"2026-03-12T17:10:16+00:00\",\"mainEntityOfPage\":{\"@id\":\"https:\/\/lavoixdelanation.tg\/index.php\/2026\/03\/12\/lome-accueille-une-reunion-de-la-commission-mixte-du-parlement-de-la-cedeao\/\"},\"wordCount\":793,\"commentCount\":0,\"publisher\":{\"@id\":\"https:\/\/lavoixdelanation.tg\/#organization\"},\"image\":{\"@id\":\"https:\/\/lavoixdelanation.tg\/index.php\/2026\/03\/12\/lome-accueille-une-reunion-de-la-commission-mixte-du-parlement-de-la-cedeao\/#primaryimage\"},\"thumbnailUrl\":\"https:\/\/lavoixdelanation.tg\/wp-content\/uploads\/2026\/03\/Session-delocalisee-du-Parlement-de-la-CEDEAO-a-Lome-au-Togo.jpeg\",\"keywords\":[\"Hadja M\u00e9mounatou Ibrahima\",\"Parlement de la CEDEAO\",\"Togo\"],\"articleSection\":[\"Education\"],\"inLanguage\":\"fr-FR\",\"potentialAction\":[{\"@type\":\"CommentAction\",\"name\":\"Comment\",\"target\":[\"https:\/\/lavoixdelanation.tg\/index.php\/2026\/03\/12\/lome-accueille-une-reunion-de-la-commission-mixte-du-parlement-de-la-cedeao\/#respond\"]}]},{\"@type\":\"WebPage\",\"@id\":\"https:\/\/lavoixdelanation.tg\/index.php\/2026\/03\/12\/lome-accueille-une-reunion-de-la-commission-mixte-du-parlement-de-la-cedeao\/\",\"url\":\"https:\/\/lavoixdelanation.tg\/index.php\/2026\/03\/12\/lome-accueille-une-reunion-de-la-commission-mixte-du-parlement-de-la-cedeao\/\",\"name\":\"Lom\u00e9 accueille une r\u00e9union de la commission mixte du Parlement de la CEDEAO - La Voix de la Nation\",\"isPartOf\":{\"@id\":\"https:\/\/lavoixdelanation.tg\/#website\"},\"primaryImageOfPage\":{\"@id\":\"https:\/\/lavoixdelanation.tg\/index.php\/2026\/03\/12\/lome-accueille-une-reunion-de-la-commission-mixte-du-parlement-de-la-cedeao\/#primaryimage\"},\"image\":{\"@id\":\"https:\/\/lavoixdelanation.tg\/index.php\/2026\/03\/12\/lome-accueille-une-reunion-de-la-commission-mixte-du-parlement-de-la-cedeao\/#primaryimage\"},\"thumbnailUrl\":\"https:\/\/lavoixdelanation.tg\/wp-content\/uploads\/2026\/03\/Session-delocalisee-du-Parlement-de-la-CEDEAO-a-Lome-au-Togo.jpeg\",\"datePublished\":\"2026-03-12T17:09:18+00:00\",\"dateModified\":\"2026-03-12T17:10:16+00:00\",\"breadcrumb\":{\"@id\":\"https:\/\/lavoixdelanation.tg\/index.php\/2026\/03\/12\/lome-accueille-une-reunion-de-la-commission-mixte-du-parlement-de-la-cedeao\/#breadcrumb\"},\"inLanguage\":\"fr-FR\",\"potentialAction\":[{\"@type\":\"ReadAction\",\"target\":[\"https:\/\/lavoixdelanation.tg\/index.php\/2026\/03\/12\/lome-accueille-une-reunion-de-la-commission-mixte-du-parlement-de-la-cedeao\/\"]}]},{\"@type\":\"ImageObject\",\"inLanguage\":\"fr-FR\",\"@id\":\"https:\/\/lavoixdelanation.tg\/index.php\/2026\/03\/12\/lome-accueille-une-reunion-de-la-commission-mixte-du-parlement-de-la-cedeao\/#primaryimage\",\"url\":\"https:\/\/lavoixdelanation.tg\/wp-content\/uploads\/2026\/03\/Session-delocalisee-du-Parlement-de-la-CEDEAO-a-Lome-au-Togo.jpeg\",\"contentUrl\":\"https:\/\/lavoixdelanation.tg\/wp-content\/uploads\/2026\/03\/Session-delocalisee-du-Parlement-de-la-CEDEAO-a-Lome-au-Togo.jpeg\",\"width\":900,\"height\":663,\"caption\":\"Mme Hadja M\u00e9mounatou Ibrahima, Pr\u00e9sidente du Parlement de la CEDEAO\"},{\"@type\":\"BreadcrumbList\",\"@id\":\"https:\/\/lavoixdelanation.tg\/index.php\/2026\/03\/12\/lome-accueille-une-reunion-de-la-commission-mixte-du-parlement-de-la-cedeao\/#breadcrumb\",\"itemListElement\":[{\"@type\":\"ListItem\",\"position\":1,\"name\":\"Accueil\",\"item\":\"https:\/\/lavoixdelanation.tg\/\"},{\"@type\":\"ListItem\",\"position\":2,\"name\":\"Lom\u00e9 accueille une r\u00e9union de la commission mixte du Parlement de la CEDEAO\"}]},{\"@type\":\"WebSite\",\"@id\":\"https:\/\/lavoixdelanation.tg\/#website\",\"url\":\"https:\/\/lavoixdelanation.tg\/\",\"name\":\"La Voix de la Nation\",\"description\":\"R\u00e9c\u00e9piss\u00e9 n\u00b00108\/HAAC\/01-2024\/pl\/P\",\"publisher\":{\"@id\":\"https:\/\/lavoixdelanation.tg\/#organization\"},\"alternateName\":\"VON\",\"potentialAction\":[{\"@type\":\"SearchAction\",\"target\":{\"@type\":\"EntryPoint\",\"urlTemplate\":\"https:\/\/lavoixdelanation.tg\/?s={search_term_string}\"},\"query-input\":{\"@type\":\"PropertyValueSpecification\",\"valueRequired\":true,\"valueName\":\"search_term_string\"}}],\"inLanguage\":\"fr-FR\"},{\"@type\":\"Organization\",\"@id\":\"https:\/\/lavoixdelanation.tg\/#organization\",\"name\":\"La Voix de la Nation\",\"url\":\"https:\/\/lavoixdelanation.tg\/\",\"logo\":{\"@type\":\"ImageObject\",\"inLanguage\":\"fr-FR\",\"@id\":\"https:\/\/lavoixdelanation.tg\/#\/schema\/logo\/image\/\",\"url\":\"https:\/\/lavoixdelanation.tg\/wp-content\/uploads\/2024\/12\/lavn-1.png\",\"contentUrl\":\"https:\/\/lavoixdelanation.tg\/wp-content\/uploads\/2024\/12\/lavn-1.png\",\"width\":1024,\"height\":464,\"caption\":\"La Voix de la Nation\"},\"image\":{\"@id\":\"https:\/\/lavoixdelanation.tg\/#\/schema\/logo\/image\/\"},\"sameAs\":[\"https:\/\/www.facebook.com\/lavoixdelanation\"]},{\"@type\":\"Person\",\"@id\":\"https:\/\/lavoixdelanation.tg\/#\/schema\/person\/6c489293aa38053673a9e554acb6e224\",\"name\":\"La voix de la nation\",\"image\":{\"@type\":\"ImageObject\",\"inLanguage\":\"fr-FR\",\"@id\":\"https:\/\/lavoixdelanation.tg\/#\/schema\/person\/image\/\",\"url\":\"https:\/\/secure.gravatar.com\/avatar\/8aa135d4bbc794494cecaa8d483f6d6cc1023624868deaff686baed5e727a5a1?s=96&d=mm&r=g\",\"contentUrl\":\"https:\/\/secure.gravatar.com\/avatar\/8aa135d4bbc794494cecaa8d483f6d6cc1023624868deaff686baed5e727a5a1?s=96&d=mm&r=g\",\"caption\":\"La voix de la nation\"},\"sameAs\":[\"https:\/\/lavoixdelanation.tg\"],\"url\":\"https:\/\/lavoixdelanation.tg\/index.php\/author\/lavn\/\"}]}<\/script>\n<!-- \/ Yoast SEO plugin. -->","yoast_head_json":{"title":"Lom\u00e9 accueille une r\u00e9union de la commission mixte du Parlement de la CEDEAO - La Voix de la Nation","robots":{"index":"index","follow":"follow","max-snippet":"max-snippet:-1","max-image-preview":"max-image-preview:large","max-video-preview":"max-video-preview:-1"},"canonical":"https:\/\/lavoixdelanation.tg\/index.php\/2026\/03\/12\/lome-accueille-une-reunion-de-la-commission-mixte-du-parlement-de-la-cedeao\/","og_locale":"fr_FR","og_type":"article","og_title":"Lom\u00e9 accueille une r\u00e9union de la commission mixte du Parlement de la CEDEAO - La Voix de la Nation","og_description":"La commission mixte \u00e9ducation, culture, sant\u00e9, t\u00e9l\u00e9communications et technologies de l&rsquo;information du parlement de la CEDEAO tient du 10 au 14 mars 2026 \u00e0 Lom\u00e9, une r\u00e9union d\u00e9localis\u00e9e place sous&hellip;","og_url":"https:\/\/lavoixdelanation.tg\/index.php\/2026\/03\/12\/lome-accueille-une-reunion-de-la-commission-mixte-du-parlement-de-la-cedeao\/","og_site_name":"La Voix de la Nation","article_publisher":"https:\/\/www.facebook.com\/lavoixdelanation","article_published_time":"2026-03-12T17:09:18+00:00","article_modified_time":"2026-03-12T17:10:16+00:00","og_image":[{"width":900,"height":663,"url":"https:\/\/lavoixdelanation.tg\/wp-content\/uploads\/2026\/03\/Session-delocalisee-du-Parlement-de-la-CEDEAO-a-Lome-au-Togo.jpeg","type":"image\/jpeg"}],"author":"La voix de la nation","twitter_card":"summary_large_image","twitter_misc":{"\u00c9crit par":"La voix de la nation","Dur\u00e9e de lecture estim\u00e9e":"4 minutes"},"schema":{"@context":"https:\/\/schema.org","@graph":[{"@type":"Article","@id":"https:\/\/lavoixdelanation.tg\/index.php\/2026\/03\/12\/lome-accueille-une-reunion-de-la-commission-mixte-du-parlement-de-la-cedeao\/#article","isPartOf":{"@id":"https:\/\/lavoixdelanation.tg\/index.php\/2026\/03\/12\/lome-accueille-une-reunion-de-la-commission-mixte-du-parlement-de-la-cedeao\/"},"author":{"name":"La voix de la nation","@id":"https:\/\/lavoixdelanation.tg\/#\/schema\/person\/6c489293aa38053673a9e554acb6e224"},"headline":"Lom\u00e9 accueille une r\u00e9union de la commission mixte du Parlement de la CEDEAO","datePublished":"2026-03-12T17:09:18+00:00","dateModified":"2026-03-12T17:10:16+00:00","mainEntityOfPage":{"@id":"https:\/\/lavoixdelanation.tg\/index.php\/2026\/03\/12\/lome-accueille-une-reunion-de-la-commission-mixte-du-parlement-de-la-cedeao\/"},"wordCount":793,"commentCount":0,"publisher":{"@id":"https:\/\/lavoixdelanation.tg\/#organization"},"image":{"@id":"https:\/\/lavoixdelanation.tg\/index.php\/2026\/03\/12\/lome-accueille-une-reunion-de-la-commission-mixte-du-parlement-de-la-cedeao\/#primaryimage"},"thumbnailUrl":"https:\/\/lavoixdelanation.tg\/wp-content\/uploads\/2026\/03\/Session-delocalisee-du-Parlement-de-la-CEDEAO-a-Lome-au-Togo.jpeg","keywords":["Hadja M\u00e9mounatou Ibrahima","Parlement de la CEDEAO","Togo"],"articleSection":["Education"],"inLanguage":"fr-FR","potentialAction":[{"@type":"CommentAction","name":"Comment","target":["https:\/\/lavoixdelanation.tg\/index.php\/2026\/03\/12\/lome-accueille-une-reunion-de-la-commission-mixte-du-parlement-de-la-cedeao\/#respond"]}]},{"@type":"WebPage","@id":"https:\/\/lavoixdelanation.tg\/index.php\/2026\/03\/12\/lome-accueille-une-reunion-de-la-commission-mixte-du-parlement-de-la-cedeao\/","url":"https:\/\/lavoixdelanation.tg\/index.php\/2026\/03\/12\/lome-accueille-une-reunion-de-la-commission-mixte-du-parlement-de-la-cedeao\/","name":"Lom\u00e9 accueille une r\u00e9union de la commission mixte du Parlement de la CEDEAO - La Voix de la Nation","isPartOf":{"@id":"https:\/\/lavoixdelanation.tg\/#website"},"primaryImageOfPage":{"@id":"https:\/\/lavoixdelanation.tg\/index.php\/2026\/03\/12\/lome-accueille-une-reunion-de-la-commission-mixte-du-parlement-de-la-cedeao\/#primaryimage"},"image":{"@id":"https:\/\/lavoixdelanation.tg\/index.php\/2026\/03\/12\/lome-accueille-une-reunion-de-la-commission-mixte-du-parlement-de-la-cedeao\/#primaryimage"},"thumbnailUrl":"https:\/\/lavoixdelanation.tg\/wp-content\/uploads\/2026\/03\/Session-delocalisee-du-Parlement-de-la-CEDEAO-a-Lome-au-Togo.jpeg","datePublished":"2026-03-12T17:09:18+00:00","dateModified":"2026-03-12T17:10:16+00:00","breadcrumb":{"@id":"https:\/\/lavoixdelanation.tg\/index.php\/2026\/03\/12\/lome-accueille-une-reunion-de-la-commission-mixte-du-parlement-de-la-cedeao\/#breadcrumb"},"inLanguage":"fr-FR","potentialAction":[{"@type":"ReadAction","target":["https:\/\/lavoixdelanation.tg\/index.php\/2026\/03\/12\/lome-accueille-une-reunion-de-la-commission-mixte-du-parlement-de-la-cedeao\/"]}]},{"@type":"ImageObject","inLanguage":"fr-FR","@id":"https:\/\/lavoixdelanation.tg\/index.php\/2026\/03\/12\/lome-accueille-une-reunion-de-la-commission-mixte-du-parlement-de-la-cedeao\/#primaryimage","url":"https:\/\/lavoixdelanation.tg\/wp-content\/uploads\/2026\/03\/Session-delocalisee-du-Parlement-de-la-CEDEAO-a-Lome-au-Togo.jpeg","contentUrl":"https:\/\/lavoixdelanation.tg\/wp-content\/uploads\/2026\/03\/Session-delocalisee-du-Parlement-de-la-CEDEAO-a-Lome-au-Togo.jpeg","width":900,"height":663,"caption":"Mme Hadja M\u00e9mounatou Ibrahima, Pr\u00e9sidente du Parlement de la CEDEAO"},{"@type":"BreadcrumbList","@id":"https:\/\/lavoixdelanation.tg\/index.php\/2026\/03\/12\/lome-accueille-une-reunion-de-la-commission-mixte-du-parlement-de-la-cedeao\/#breadcrumb","itemListElement":[{"@type":"ListItem","position":1,"name":"Accueil","item":"https:\/\/lavoixdelanation.tg\/"},{"@type":"ListItem","position":2,"name":"Lom\u00e9 accueille une r\u00e9union de la commission mixte du Parlement de la CEDEAO"}]},{"@type":"WebSite","@id":"https:\/\/lavoixdelanation.tg\/#website","url":"https:\/\/lavoixdelanation.tg\/","name":"La Voix de la Nation","description":"R\u00e9c\u00e9piss\u00e9 n\u00b00108\/HAAC\/01-2024\/pl\/P","publisher":{"@id":"https:\/\/lavoixdelanation.tg\/#organization"},"alternateName":"VON","potentialAction":[{"@type":"SearchAction","target":{"@type":"EntryPoint","urlTemplate":"https:\/\/lavoixdelanation.tg\/?s={search_term_string}"},"query-input":{"@type":"PropertyValueSpecification","valueRequired":true,"valueName":"search_term_string"}}],"inLanguage":"fr-FR"},{"@type":"Organization","@id":"https:\/\/lavoixdelanation.tg\/#organization","name":"La Voix de la Nation","url":"https:\/\/lavoixdelanation.tg\/","logo":{"@type":"ImageObject","inLanguage":"fr-FR","@id":"https:\/\/lavoixdelanation.tg\/#\/schema\/logo\/image\/","url":"https:\/\/lavoixdelanation.tg\/wp-content\/uploads\/2024\/12\/lavn-1.png","contentUrl":"https:\/\/lavoixdelanation.tg\/wp-content\/uploads\/2024\/12\/lavn-1.png","width":1024,"height":464,"caption":"La Voix de la Nation"},"image":{"@id":"https:\/\/lavoixdelanation.tg\/#\/schema\/logo\/image\/"},"sameAs":["https:\/\/www.facebook.com\/lavoixdelanation"]},{"@type":"Person","@id":"https:\/\/lavoixdelanation.tg\/#\/schema\/person\/6c489293aa38053673a9e554acb6e224","name":"La voix de la nation","image":{"@type":"ImageObject","inLanguage":"fr-FR","@id":"https:\/\/lavoixdelanation.tg\/#\/schema\/person\/image\/","url":"https:\/\/secure.gravatar.com\/avatar\/8aa135d4bbc794494cecaa8d483f6d6cc1023624868deaff686baed5e727a5a1?s=96&d=mm&r=g","contentUrl":"https:\/\/secure.gravatar.com\/avatar\/8aa135d4bbc794494cecaa8d483f6d6cc1023624868deaff686baed5e727a5a1?s=96&d=mm&r=g","caption":"La voix de la nation"},"sameAs":["https:\/\/lavoixdelanation.tg"],"url":"https:\/\/lavoixdelanation.tg\/index.php\/author\/lavn\/"}]}},"_links":{"self":[{"href":"https:\/\/lavoixdelanation.tg\/index.php\/wp-json\/wp\/v2\/posts\/15647","targetHints":{"allow":["GET"]}}],"collection":[{"href":"https:\/\/lavoixdelanation.tg\/index.php\/wp-json\/wp\/v2\/posts"}],"about":[{"href":"https:\/\/lavoixdelanation.tg\/index.php\/wp-json\/wp\/v2\/types\/post"}],"author":[{"embeddable":true,"href":"https:\/\/lavoixdelanation.tg\/index.php\/wp-json\/wp\/v2\/users\/1"}],"replies":[{"embeddable":true,"href":"https:\/\/lavoixdelanation.tg\/index.php\/wp-json\/wp\/v2\/comments?post=15647"}],"version-history":[{"count":2,"href":"https:\/\/lavoixdelanation.tg\/index.php\/wp-json\/wp\/v2\/posts\/15647\/revisions"}],"predecessor-version":[{"id":15652,"href":"https:\/\/lavoixdelanation.tg\/index.php\/wp-json\/wp\/v2\/posts\/15647\/revisions\/15652"}],"wp:featuredmedia":[{"embeddable":true,"href":"https:\/\/lavoixdelanation.tg\/index.php\/wp-json\/wp\/v2\/media\/15648"}],"wp:attachment":[{"href":"https:\/\/lavoixdelanation.tg\/index.php\/wp-json\/wp\/v2\/media?parent=15647"}],"wp:term":[{"taxonomy":"category","embeddable":true,"href":"https:\/\/lavoixdelanation.tg\/index.php\/wp-json\/wp\/v2\/categories?post=15647"},{"taxonomy":"post_tag","embeddable":true,"href":"https:\/\/lavoixdelanation.tg\/index.php\/wp-json\/wp\/v2\/tags?post=15647"}],"curies":[{"name":"wp","href":"https:\/\/api.w.org\/{rel}","templated":true}]}}