{"id":15644,"date":"2026-03-11T17:59:34","date_gmt":"2026-03-11T16:59:34","guid":{"rendered":"https:\/\/lavoixdelanation.tg\/?p=15644"},"modified":"2026-03-12T18:03:53","modified_gmt":"2026-03-12T17:03:53","slug":"togo-vers-une-modernisation-du-secteur-de-la-microfinance","status":"publish","type":"post","link":"https:\/\/lavoixdelanation.tg\/index.php\/2026\/03\/11\/togo-vers-une-modernisation-du-secteur-de-la-microfinance\/","title":{"rendered":"Togo\u00a0: Vers une modernisation du secteur de la microfinance"},"content":{"rendered":"\n<p><strong>Face \u00e0 l\u2019essor rapide du secteur de la microfinance au Togo et dans l\u2019espace de l\u2019Union Mon\u00e9taire Ouest Africaine (UMOA), la n\u00e9cessit\u00e9 d\u2019un cadre juridique plus moderne et plus rigoureux s\u2019impose. Les d\u00e9put\u00e9s ont \u00e0 cet effet adopt\u00e9 ce mardi 10 mars 2026 au Palais de l\u2019Assembl\u00e9e nationale, le projet de loi portant r\u00e9glementation de la microfinance en R\u00e9publique togolaise.<\/strong><\/p>\n\n\n\n<p>Les travaux, pr\u00e9sid\u00e9s par Pr Komi Selom Klassou, Pr\u00e9sident de l\u2019Assembl\u00e9e nationale, se sont d\u00e9roul\u00e9s en pr\u00e9sence du ministre des Finances et du Budget, Essow\u00e8 Georges Barcola.<\/p>\n\n\n\n<p>Au Togo, la microfinance joue un r\u00f4le essentiel dans l\u2019inclusion financi\u00e8re et le financement des activit\u00e9s g\u00e9n\u00e9ratrices de revenus, mais elle reste confront\u00e9e \u00e0 plusieurs d\u00e9fis, notamment le manque de gouvernance, des dispositifs de contr\u00f4le parfois faibles et des risques pour la protection des \u00e9pargnants.<\/p>\n\n\n\n<p>Le projet de loi portant r\u00e9glementation de la microfinance vise ainsi \u00e0 moderniser ce secteur strat\u00e9gique, renforcer la supervision et garantir la confiance des usagers.<\/p>\n\n\n\n<p>Le texte, conforme \u00e0 la Constitution togolaise et \u00e0 la loi uniforme adopt\u00e9e au sein de l\u2019UMOA, vise \u00e0 aligner le cadre juridique national sur les standards communautaires et internationaux en mati\u00e8re de r\u00e9gulation financi\u00e8re.<\/p>\n\n\n\n<p>L\u2019examen du projet de loi a permis de mettre en lumi\u00e8re les objectifs majeurs poursuivis par cette r\u00e9forme. Le texte vise notamment \u00e0 moderniser et renforcer le cadre juridique du secteur de la microfinance afin de garantir sa stabilit\u00e9, sa cr\u00e9dibilit\u00e9 et sa r\u00e9silience.<\/p>\n\n\n\n<p>Il pr\u00e9voit en particulier le renforcement de la gouvernance des institutions de microfinance, l\u2019am\u00e9lioration de leur solidit\u00e9 financi\u00e8re, ainsi qu\u2019un dispositif de supervision plus efficace assur\u00e9 par le minist\u00e8re charg\u00e9 des finances, la Banque Centrale des \u00c9tats de l\u2019Afrique de l\u2019Ouest (BCEAO) et la Commission bancaire de l\u2019UMOA.<\/p>\n\n\n\n<p>Le projet de loi introduit \u00e9galement des m\u00e9canismes destin\u00e9s \u00e0 prot\u00e9ger davantage les usagers des services financiers. Il instaure notamment des r\u00e8gles de transparence tarifaire, un encadrement de la gestion des comptes dormants ainsi que des dispositifs de traitement des r\u00e9clamations et de m\u00e9diation.<\/p>\n\n\n\n<p>Par ailleurs, il pr\u00e9voit des m\u00e9canismes d\u2019intervention pr\u00e9coce pour pr\u00e9venir les difficult\u00e9s des institutions de microfinance et garantir la s\u00e9curit\u00e9 des d\u00e9p\u00f4ts des \u00e9pargnants.<\/p>\n\n\n\n<p>Structur\u00e9 en cent soixante-quatorze articles regroup\u00e9s en dix titres, le texte encadre l\u2019ensemble des activit\u00e9s du secteur. Il d\u00e9finit notamment les op\u00e9rations autoris\u00e9es et interdites, pr\u00e9cise les conditions d\u2019agr\u00e9ment et d\u2019exercice des institutions de microfinance, renforce les r\u00e8gles de gouvernance interne et introduit l\u2019encadrement de la finance islamique afin d\u2019\u00e9largir l\u2019offre de services financiers.<\/p>\n\n\n\n<p>Le projet pr\u00e9voit \u00e9galement des dispositions comptables et prudentielles plus strictes, ainsi qu\u2019un dispositif de sanctions gradu\u00e9es en cas de manquement \u00e0 la r\u00e9glementation.<\/p>\n\n\n\n<p>En renfor\u00e7ant l\u2019encadrement du secteur, elle permettra notamment de faciliter l\u2019acc\u00e8s au financement pour les petits commer\u00e7ants, les agriculteurs, les artisans, les femmes entrepreneures et les jeunes porteurs de projets.<\/p>\n\n\n\n<p>Au nom du gouvernement, le ministre des Finances et du Budget, Essow\u00e8 Georges Barcola, a rappel\u00e9 l\u2019importance de la microfinance dans la vie \u00e9conomique du pays.<\/p>\n\n\n\n<p>\u00ab La microfinance est un vecteur puissant d\u2019inclusion financi\u00e8re. Elle permet \u00e0 des millions de nos concitoyens, en particulier les femmes et les jeunes, d\u2019acc\u00e9der aux services financiers de base pour entreprendre, investir et am\u00e9liorer leurs conditions de vie \u00bb, a-t-il indiqu\u00e9.<\/p>\n\n\n\n<p>Essow\u00e8 Georges Barcola a \u00e9galement r\u00e9it\u00e9r\u00e9 l\u2019engagement du gouvernement \u00e0 assurer une mise en \u0153uvre efficace de cette r\u00e9forme, afin de renforcer la confiance dans les institutions financi\u00e8res et soutenir le d\u00e9veloppement \u00e9conomique.<\/p>\n\n\n\n<p>Pour le Pr\u00e9sident de l\u2019Assembl\u00e9e nationale, l\u2019adoption de ce texte marque une \u00e9tape importante dans la consolidation du syst\u00e8me financier national.<\/p>\n\n\n\n<p>\u00ab La loi portant r\u00e9glementation de la microfinance que notre Assembl\u00e9e vient d\u2019adopter appartient \u00e0 ces lois qui changent concr\u00e8tement la vie des citoyens \u00bb, a soulign\u00e9 le Pr Komi Selom Klassou.<\/p>\n","protected":false},"excerpt":{"rendered":"<p>Face \u00e0 l\u2019essor rapide du secteur de la microfinance au Togo et dans l\u2019espace de l\u2019Union Mon\u00e9taire Ouest Africaine (UMOA), la n\u00e9cessit\u00e9 d\u2019un cadre juridique plus moderne et plus rigoureux&hellip; <\/p>\n","protected":false},"author":1,"featured_media":15645,"comment_status":"open","ping_status":"closed","sticky":false,"template":"","format":"standard","meta":{"footnotes":""},"categories":[8],"tags":[1340,39],"class_list":["post-15644","post","type-post","status-publish","format-standard","has-post-thumbnail","hentry","category-economie","tag-microfinance","tag-togo"],"yoast_head":"<!-- This site is optimized with the Yoast SEO plugin v26.4 - https:\/\/yoast.com\/wordpress\/plugins\/seo\/ -->\n<title>Togo\u00a0: Vers une modernisation du secteur de la microfinance - La Voix de la Nation<\/title>\n<meta name=\"robots\" content=\"index, follow, max-snippet:-1, max-image-preview:large, max-video-preview:-1\" \/>\n<link rel=\"canonical\" href=\"https:\/\/lavoixdelanation.tg\/index.php\/2026\/03\/11\/togo-vers-une-modernisation-du-secteur-de-la-microfinance\/\" \/>\n<meta property=\"og:locale\" content=\"fr_FR\" \/>\n<meta property=\"og:type\" content=\"article\" \/>\n<meta property=\"og:title\" content=\"Togo\u00a0: Vers une modernisation du secteur de la microfinance - La Voix de la Nation\" \/>\n<meta property=\"og:description\" content=\"Face \u00e0 l\u2019essor rapide du secteur de la microfinance au Togo et dans l\u2019espace de l\u2019Union Mon\u00e9taire Ouest Africaine (UMOA), la n\u00e9cessit\u00e9 d\u2019un cadre juridique plus moderne et plus rigoureux&hellip;\" \/>\n<meta property=\"og:url\" content=\"https:\/\/lavoixdelanation.tg\/index.php\/2026\/03\/11\/togo-vers-une-modernisation-du-secteur-de-la-microfinance\/\" \/>\n<meta property=\"og:site_name\" content=\"La Voix de la Nation\" \/>\n<meta property=\"article:publisher\" content=\"https:\/\/www.facebook.com\/lavoixdelanation\" \/>\n<meta property=\"article:published_time\" content=\"2026-03-11T16:59:34+00:00\" \/>\n<meta property=\"article:modified_time\" content=\"2026-03-12T17:03:53+00:00\" \/>\n<meta property=\"og:image\" content=\"https:\/\/lavoixdelanation.tg\/wp-content\/uploads\/2026\/03\/Pr-Komi-Selom-Klassou-presidant-la-session.jpg\" \/>\n\t<meta property=\"og:image:width\" content=\"900\" \/>\n\t<meta property=\"og:image:height\" content=\"637\" \/>\n\t<meta property=\"og:image:type\" content=\"image\/jpeg\" \/>\n<meta name=\"author\" content=\"La voix de la nation\" \/>\n<meta name=\"twitter:card\" content=\"summary_large_image\" \/>\n<meta name=\"twitter:label1\" content=\"\u00c9crit par\" \/>\n\t<meta name=\"twitter:data1\" content=\"La voix de la nation\" \/>\n\t<meta name=\"twitter:label2\" content=\"Dur\u00e9e de lecture estim\u00e9e\" \/>\n\t<meta name=\"twitter:data2\" content=\"4 minutes\" \/>\n<script type=\"application\/ld+json\" class=\"yoast-schema-graph\">{\"@context\":\"https:\/\/schema.org\",\"@graph\":[{\"@type\":\"Article\",\"@id\":\"https:\/\/lavoixdelanation.tg\/index.php\/2026\/03\/11\/togo-vers-une-modernisation-du-secteur-de-la-microfinance\/#article\",\"isPartOf\":{\"@id\":\"https:\/\/lavoixdelanation.tg\/index.php\/2026\/03\/11\/togo-vers-une-modernisation-du-secteur-de-la-microfinance\/\"},\"author\":{\"name\":\"La voix de la nation\",\"@id\":\"https:\/\/lavoixdelanation.tg\/#\/schema\/person\/6c489293aa38053673a9e554acb6e224\"},\"headline\":\"Togo\u00a0: Vers une modernisation du secteur de la microfinance\",\"datePublished\":\"2026-03-11T16:59:34+00:00\",\"dateModified\":\"2026-03-12T17:03:53+00:00\",\"mainEntityOfPage\":{\"@id\":\"https:\/\/lavoixdelanation.tg\/index.php\/2026\/03\/11\/togo-vers-une-modernisation-du-secteur-de-la-microfinance\/\"},\"wordCount\":714,\"commentCount\":0,\"publisher\":{\"@id\":\"https:\/\/lavoixdelanation.tg\/#organization\"},\"image\":{\"@id\":\"https:\/\/lavoixdelanation.tg\/index.php\/2026\/03\/11\/togo-vers-une-modernisation-du-secteur-de-la-microfinance\/#primaryimage\"},\"thumbnailUrl\":\"https:\/\/lavoixdelanation.tg\/wp-content\/uploads\/2026\/03\/Pr-Komi-Selom-Klassou-presidant-la-session.jpg\",\"keywords\":[\"microfinance\",\"Togo\"],\"articleSection\":[\"Economie\"],\"inLanguage\":\"fr-FR\",\"potentialAction\":[{\"@type\":\"CommentAction\",\"name\":\"Comment\",\"target\":[\"https:\/\/lavoixdelanation.tg\/index.php\/2026\/03\/11\/togo-vers-une-modernisation-du-secteur-de-la-microfinance\/#respond\"]}]},{\"@type\":\"WebPage\",\"@id\":\"https:\/\/lavoixdelanation.tg\/index.php\/2026\/03\/11\/togo-vers-une-modernisation-du-secteur-de-la-microfinance\/\",\"url\":\"https:\/\/lavoixdelanation.tg\/index.php\/2026\/03\/11\/togo-vers-une-modernisation-du-secteur-de-la-microfinance\/\",\"name\":\"Togo\u00a0: Vers une modernisation du secteur de la microfinance - La Voix de la Nation\",\"isPartOf\":{\"@id\":\"https:\/\/lavoixdelanation.tg\/#website\"},\"primaryImageOfPage\":{\"@id\":\"https:\/\/lavoixdelanation.tg\/index.php\/2026\/03\/11\/togo-vers-une-modernisation-du-secteur-de-la-microfinance\/#primaryimage\"},\"image\":{\"@id\":\"https:\/\/lavoixdelanation.tg\/index.php\/2026\/03\/11\/togo-vers-une-modernisation-du-secteur-de-la-microfinance\/#primaryimage\"},\"thumbnailUrl\":\"https:\/\/lavoixdelanation.tg\/wp-content\/uploads\/2026\/03\/Pr-Komi-Selom-Klassou-presidant-la-session.jpg\",\"datePublished\":\"2026-03-11T16:59:34+00:00\",\"dateModified\":\"2026-03-12T17:03:53+00:00\",\"breadcrumb\":{\"@id\":\"https:\/\/lavoixdelanation.tg\/index.php\/2026\/03\/11\/togo-vers-une-modernisation-du-secteur-de-la-microfinance\/#breadcrumb\"},\"inLanguage\":\"fr-FR\",\"potentialAction\":[{\"@type\":\"ReadAction\",\"target\":[\"https:\/\/lavoixdelanation.tg\/index.php\/2026\/03\/11\/togo-vers-une-modernisation-du-secteur-de-la-microfinance\/\"]}]},{\"@type\":\"ImageObject\",\"inLanguage\":\"fr-FR\",\"@id\":\"https:\/\/lavoixdelanation.tg\/index.php\/2026\/03\/11\/togo-vers-une-modernisation-du-secteur-de-la-microfinance\/#primaryimage\",\"url\":\"https:\/\/lavoixdelanation.tg\/wp-content\/uploads\/2026\/03\/Pr-Komi-Selom-Klassou-presidant-la-session.jpg\",\"contentUrl\":\"https:\/\/lavoixdelanation.tg\/wp-content\/uploads\/2026\/03\/Pr-Komi-Selom-Klassou-presidant-la-session.jpg\",\"width\":900,\"height\":637,\"caption\":\"Pr Komi Selom Klassou pr\u00e9sidant la session\"},{\"@type\":\"BreadcrumbList\",\"@id\":\"https:\/\/lavoixdelanation.tg\/index.php\/2026\/03\/11\/togo-vers-une-modernisation-du-secteur-de-la-microfinance\/#breadcrumb\",\"itemListElement\":[{\"@type\":\"ListItem\",\"position\":1,\"name\":\"Accueil\",\"item\":\"https:\/\/lavoixdelanation.tg\/\"},{\"@type\":\"ListItem\",\"position\":2,\"name\":\"Togo\u00a0: Vers une modernisation du secteur de la microfinance\"}]},{\"@type\":\"WebSite\",\"@id\":\"https:\/\/lavoixdelanation.tg\/#website\",\"url\":\"https:\/\/lavoixdelanation.tg\/\",\"name\":\"La Voix de la Nation\",\"description\":\"R\u00e9c\u00e9piss\u00e9 n\u00b00108\/HAAC\/01-2024\/pl\/P\",\"publisher\":{\"@id\":\"https:\/\/lavoixdelanation.tg\/#organization\"},\"alternateName\":\"VON\",\"potentialAction\":[{\"@type\":\"SearchAction\",\"target\":{\"@type\":\"EntryPoint\",\"urlTemplate\":\"https:\/\/lavoixdelanation.tg\/?s={search_term_string}\"},\"query-input\":{\"@type\":\"PropertyValueSpecification\",\"valueRequired\":true,\"valueName\":\"search_term_string\"}}],\"inLanguage\":\"fr-FR\"},{\"@type\":\"Organization\",\"@id\":\"https:\/\/lavoixdelanation.tg\/#organization\",\"name\":\"La Voix de la Nation\",\"url\":\"https:\/\/lavoixdelanation.tg\/\",\"logo\":{\"@type\":\"ImageObject\",\"inLanguage\":\"fr-FR\",\"@id\":\"https:\/\/lavoixdelanation.tg\/#\/schema\/logo\/image\/\",\"url\":\"https:\/\/lavoixdelanation.tg\/wp-content\/uploads\/2024\/12\/lavn-1.png\",\"contentUrl\":\"https:\/\/lavoixdelanation.tg\/wp-content\/uploads\/2024\/12\/lavn-1.png\",\"width\":1024,\"height\":464,\"caption\":\"La Voix de la Nation\"},\"image\":{\"@id\":\"https:\/\/lavoixdelanation.tg\/#\/schema\/logo\/image\/\"},\"sameAs\":[\"https:\/\/www.facebook.com\/lavoixdelanation\"]},{\"@type\":\"Person\",\"@id\":\"https:\/\/lavoixdelanation.tg\/#\/schema\/person\/6c489293aa38053673a9e554acb6e224\",\"name\":\"La voix de la nation\",\"image\":{\"@type\":\"ImageObject\",\"inLanguage\":\"fr-FR\",\"@id\":\"https:\/\/lavoixdelanation.tg\/#\/schema\/person\/image\/\",\"url\":\"https:\/\/secure.gravatar.com\/avatar\/8aa135d4bbc794494cecaa8d483f6d6cc1023624868deaff686baed5e727a5a1?s=96&d=mm&r=g\",\"contentUrl\":\"https:\/\/secure.gravatar.com\/avatar\/8aa135d4bbc794494cecaa8d483f6d6cc1023624868deaff686baed5e727a5a1?s=96&d=mm&r=g\",\"caption\":\"La voix de la nation\"},\"sameAs\":[\"https:\/\/lavoixdelanation.tg\"],\"url\":\"https:\/\/lavoixdelanation.tg\/index.php\/author\/lavn\/\"}]}<\/script>\n<!-- \/ Yoast SEO plugin. -->","yoast_head_json":{"title":"Togo\u00a0: Vers une modernisation du secteur de la microfinance - La Voix de la Nation","robots":{"index":"index","follow":"follow","max-snippet":"max-snippet:-1","max-image-preview":"max-image-preview:large","max-video-preview":"max-video-preview:-1"},"canonical":"https:\/\/lavoixdelanation.tg\/index.php\/2026\/03\/11\/togo-vers-une-modernisation-du-secteur-de-la-microfinance\/","og_locale":"fr_FR","og_type":"article","og_title":"Togo\u00a0: Vers une modernisation du secteur de la microfinance - La Voix de la Nation","og_description":"Face \u00e0 l\u2019essor rapide du secteur de la microfinance au Togo et dans l\u2019espace de l\u2019Union Mon\u00e9taire Ouest Africaine (UMOA), la n\u00e9cessit\u00e9 d\u2019un cadre juridique plus moderne et plus rigoureux&hellip;","og_url":"https:\/\/lavoixdelanation.tg\/index.php\/2026\/03\/11\/togo-vers-une-modernisation-du-secteur-de-la-microfinance\/","og_site_name":"La Voix de la Nation","article_publisher":"https:\/\/www.facebook.com\/lavoixdelanation","article_published_time":"2026-03-11T16:59:34+00:00","article_modified_time":"2026-03-12T17:03:53+00:00","og_image":[{"width":900,"height":637,"url":"https:\/\/lavoixdelanation.tg\/wp-content\/uploads\/2026\/03\/Pr-Komi-Selom-Klassou-presidant-la-session.jpg","type":"image\/jpeg"}],"author":"La voix de la nation","twitter_card":"summary_large_image","twitter_misc":{"\u00c9crit par":"La voix de la nation","Dur\u00e9e de lecture estim\u00e9e":"4 minutes"},"schema":{"@context":"https:\/\/schema.org","@graph":[{"@type":"Article","@id":"https:\/\/lavoixdelanation.tg\/index.php\/2026\/03\/11\/togo-vers-une-modernisation-du-secteur-de-la-microfinance\/#article","isPartOf":{"@id":"https:\/\/lavoixdelanation.tg\/index.php\/2026\/03\/11\/togo-vers-une-modernisation-du-secteur-de-la-microfinance\/"},"author":{"name":"La voix de la nation","@id":"https:\/\/lavoixdelanation.tg\/#\/schema\/person\/6c489293aa38053673a9e554acb6e224"},"headline":"Togo\u00a0: Vers une modernisation du secteur de la microfinance","datePublished":"2026-03-11T16:59:34+00:00","dateModified":"2026-03-12T17:03:53+00:00","mainEntityOfPage":{"@id":"https:\/\/lavoixdelanation.tg\/index.php\/2026\/03\/11\/togo-vers-une-modernisation-du-secteur-de-la-microfinance\/"},"wordCount":714,"commentCount":0,"publisher":{"@id":"https:\/\/lavoixdelanation.tg\/#organization"},"image":{"@id":"https:\/\/lavoixdelanation.tg\/index.php\/2026\/03\/11\/togo-vers-une-modernisation-du-secteur-de-la-microfinance\/#primaryimage"},"thumbnailUrl":"https:\/\/lavoixdelanation.tg\/wp-content\/uploads\/2026\/03\/Pr-Komi-Selom-Klassou-presidant-la-session.jpg","keywords":["microfinance","Togo"],"articleSection":["Economie"],"inLanguage":"fr-FR","potentialAction":[{"@type":"CommentAction","name":"Comment","target":["https:\/\/lavoixdelanation.tg\/index.php\/2026\/03\/11\/togo-vers-une-modernisation-du-secteur-de-la-microfinance\/#respond"]}]},{"@type":"WebPage","@id":"https:\/\/lavoixdelanation.tg\/index.php\/2026\/03\/11\/togo-vers-une-modernisation-du-secteur-de-la-microfinance\/","url":"https:\/\/lavoixdelanation.tg\/index.php\/2026\/03\/11\/togo-vers-une-modernisation-du-secteur-de-la-microfinance\/","name":"Togo\u00a0: Vers une modernisation du secteur de la microfinance - La Voix de la Nation","isPartOf":{"@id":"https:\/\/lavoixdelanation.tg\/#website"},"primaryImageOfPage":{"@id":"https:\/\/lavoixdelanation.tg\/index.php\/2026\/03\/11\/togo-vers-une-modernisation-du-secteur-de-la-microfinance\/#primaryimage"},"image":{"@id":"https:\/\/lavoixdelanation.tg\/index.php\/2026\/03\/11\/togo-vers-une-modernisation-du-secteur-de-la-microfinance\/#primaryimage"},"thumbnailUrl":"https:\/\/lavoixdelanation.tg\/wp-content\/uploads\/2026\/03\/Pr-Komi-Selom-Klassou-presidant-la-session.jpg","datePublished":"2026-03-11T16:59:34+00:00","dateModified":"2026-03-12T17:03:53+00:00","breadcrumb":{"@id":"https:\/\/lavoixdelanation.tg\/index.php\/2026\/03\/11\/togo-vers-une-modernisation-du-secteur-de-la-microfinance\/#breadcrumb"},"inLanguage":"fr-FR","potentialAction":[{"@type":"ReadAction","target":["https:\/\/lavoixdelanation.tg\/index.php\/2026\/03\/11\/togo-vers-une-modernisation-du-secteur-de-la-microfinance\/"]}]},{"@type":"ImageObject","inLanguage":"fr-FR","@id":"https:\/\/lavoixdelanation.tg\/index.php\/2026\/03\/11\/togo-vers-une-modernisation-du-secteur-de-la-microfinance\/#primaryimage","url":"https:\/\/lavoixdelanation.tg\/wp-content\/uploads\/2026\/03\/Pr-Komi-Selom-Klassou-presidant-la-session.jpg","contentUrl":"https:\/\/lavoixdelanation.tg\/wp-content\/uploads\/2026\/03\/Pr-Komi-Selom-Klassou-presidant-la-session.jpg","width":900,"height":637,"caption":"Pr Komi Selom Klassou pr\u00e9sidant la session"},{"@type":"BreadcrumbList","@id":"https:\/\/lavoixdelanation.tg\/index.php\/2026\/03\/11\/togo-vers-une-modernisation-du-secteur-de-la-microfinance\/#breadcrumb","itemListElement":[{"@type":"ListItem","position":1,"name":"Accueil","item":"https:\/\/lavoixdelanation.tg\/"},{"@type":"ListItem","position":2,"name":"Togo\u00a0: Vers une modernisation du secteur de la microfinance"}]},{"@type":"WebSite","@id":"https:\/\/lavoixdelanation.tg\/#website","url":"https:\/\/lavoixdelanation.tg\/","name":"La Voix de la Nation","description":"R\u00e9c\u00e9piss\u00e9 n\u00b00108\/HAAC\/01-2024\/pl\/P","publisher":{"@id":"https:\/\/lavoixdelanation.tg\/#organization"},"alternateName":"VON","potentialAction":[{"@type":"SearchAction","target":{"@type":"EntryPoint","urlTemplate":"https:\/\/lavoixdelanation.tg\/?s={search_term_string}"},"query-input":{"@type":"PropertyValueSpecification","valueRequired":true,"valueName":"search_term_string"}}],"inLanguage":"fr-FR"},{"@type":"Organization","@id":"https:\/\/lavoixdelanation.tg\/#organization","name":"La Voix de la Nation","url":"https:\/\/lavoixdelanation.tg\/","logo":{"@type":"ImageObject","inLanguage":"fr-FR","@id":"https:\/\/lavoixdelanation.tg\/#\/schema\/logo\/image\/","url":"https:\/\/lavoixdelanation.tg\/wp-content\/uploads\/2024\/12\/lavn-1.png","contentUrl":"https:\/\/lavoixdelanation.tg\/wp-content\/uploads\/2024\/12\/lavn-1.png","width":1024,"height":464,"caption":"La Voix de la Nation"},"image":{"@id":"https:\/\/lavoixdelanation.tg\/#\/schema\/logo\/image\/"},"sameAs":["https:\/\/www.facebook.com\/lavoixdelanation"]},{"@type":"Person","@id":"https:\/\/lavoixdelanation.tg\/#\/schema\/person\/6c489293aa38053673a9e554acb6e224","name":"La voix de la nation","image":{"@type":"ImageObject","inLanguage":"fr-FR","@id":"https:\/\/lavoixdelanation.tg\/#\/schema\/person\/image\/","url":"https:\/\/secure.gravatar.com\/avatar\/8aa135d4bbc794494cecaa8d483f6d6cc1023624868deaff686baed5e727a5a1?s=96&d=mm&r=g","contentUrl":"https:\/\/secure.gravatar.com\/avatar\/8aa135d4bbc794494cecaa8d483f6d6cc1023624868deaff686baed5e727a5a1?s=96&d=mm&r=g","caption":"La voix de la nation"},"sameAs":["https:\/\/lavoixdelanation.tg"],"url":"https:\/\/lavoixdelanation.tg\/index.php\/author\/lavn\/"}]}},"_links":{"self":[{"href":"https:\/\/lavoixdelanation.tg\/index.php\/wp-json\/wp\/v2\/posts\/15644","targetHints":{"allow":["GET"]}}],"collection":[{"href":"https:\/\/lavoixdelanation.tg\/index.php\/wp-json\/wp\/v2\/posts"}],"about":[{"href":"https:\/\/lavoixdelanation.tg\/index.php\/wp-json\/wp\/v2\/types\/post"}],"author":[{"embeddable":true,"href":"https:\/\/lavoixdelanation.tg\/index.php\/wp-json\/wp\/v2\/users\/1"}],"replies":[{"embeddable":true,"href":"https:\/\/lavoixdelanation.tg\/index.php\/wp-json\/wp\/v2\/comments?post=15644"}],"version-history":[{"count":1,"href":"https:\/\/lavoixdelanation.tg\/index.php\/wp-json\/wp\/v2\/posts\/15644\/revisions"}],"predecessor-version":[{"id":15646,"href":"https:\/\/lavoixdelanation.tg\/index.php\/wp-json\/wp\/v2\/posts\/15644\/revisions\/15646"}],"wp:featuredmedia":[{"embeddable":true,"href":"https:\/\/lavoixdelanation.tg\/index.php\/wp-json\/wp\/v2\/media\/15645"}],"wp:attachment":[{"href":"https:\/\/lavoixdelanation.tg\/index.php\/wp-json\/wp\/v2\/media?parent=15644"}],"wp:term":[{"taxonomy":"category","embeddable":true,"href":"https:\/\/lavoixdelanation.tg\/index.php\/wp-json\/wp\/v2\/categories?post=15644"},{"taxonomy":"post_tag","embeddable":true,"href":"https:\/\/lavoixdelanation.tg\/index.php\/wp-json\/wp\/v2\/tags?post=15644"}],"curies":[{"name":"wp","href":"https:\/\/api.w.org\/{rel}","templated":true}]}}