{"id":15633,"date":"2026-03-12T08:38:31","date_gmt":"2026-03-12T07:38:31","guid":{"rendered":"https:\/\/lavoixdelanation.tg\/?p=15633"},"modified":"2026-03-12T08:38:31","modified_gmt":"2026-03-12T07:38:31","slug":"le-medecin-lieutenant-colonel-mouzou-tchilalo-aux-commandes-du-pavillon-militaire-du-chu-so-de-lome","status":"publish","type":"post","link":"https:\/\/lavoixdelanation.tg\/index.php\/2026\/03\/12\/le-medecin-lieutenant-colonel-mouzou-tchilalo-aux-commandes-du-pavillon-militaire-du-chu-so-de-lome\/","title":{"rendered":"Le M\u00e9decin-Lieutenant-Colonel Mouzou Tchilalo aux commandes du Pavillon militaire du CHU SO de Lom\u00e9"},"content":{"rendered":"\n<p><strong>Le <\/strong><strong>M\u00e9decin-Lieutenant-colonel MOUZOU Tchilalo est officiellement le nouveau Directeur g\u00e9n\u00e9ral du pavillon militaire du Centre hospitalier universitaire Sylvanus Olympio (CHU SO) de Lom\u00e9. Nomm\u00e9e par arr\u00eat\u00e9 num\u00e9ro 26-00097\/MDN\/SGA\/DRH\/26 du 02 mars 2026, elle a en effet pris les r\u00eanes du pavillon militaire le 10 mars 2026 \u00e0 l\u2019issue d\u2019une c\u00e9r\u00e9monie de passation de charge.<\/strong><\/p>\n\n\n\n<p>Issue du personnel f\u00e9minin officier, M\u00e9decin-Lieutenant-colonel MOUZOU Tchilalo succ\u00e8de ainsi au M\u00e9decin-Colonel GUMEDZOE Dzidzogb\u00e9 Kokou Eric promu par l\u2019arr\u00eat\u00e9 -n\u00b02600041\/MDN\/SGA\/DRH\/2026 du 22 janvier 2026, nouveau Directeur Central du Service de Sant\u00e9 des Arm\u00e9es (DCSSA).<\/p>\n\n\n\n<p class=\"has-text-align-center\"><strong>A la d\u00e9couverte de MOUZOU Tchilalo<\/strong><\/p>\n\n\n\n<p>Le M\u00e9decin-Lieutenant-colonel MOUZOU Tchilalo a \u00e9t\u00e9 form\u00e9e \u00e0 l\u2019\u00e9cole du service de sant\u00e9 des arm\u00e9es de Lom\u00e9 (ESSAL), et est titulaire d\u2019un doctorat d\u2019Etat en M\u00e9decine depuis 2006.<\/p>\n\n\n\n<p>Elle a par la suite suivi des formations sp\u00e9cialis\u00e9es sanctionn\u00e9es par l\u2019obtention de divers dipl\u00f4mes tels que le Dipl\u00f4me de m\u00e9decine des catastrophes, un brevet de M\u00e9decine Appliqu\u00e9e aux Arm\u00e9es obtenu \u00e0 l\u2019Ecole d\u2019Application du Service de Sant\u00e9 des Arm\u00e9es de Libreville au GABON.<\/p>\n\n\n\n<p>La nouvelle directrice a \u00e9galement obtenu un dipl\u00f4me d\u2019Etudes Sp\u00e9cialis\u00e9es en Sant\u00e9 et S\u00e9curit\u00e9 au Travail \u00e0 l\u2019Universit\u00e9 d\u2019Abomey-Calavi au BENIN en 2019 ; ainsi qu\u2019un dipl\u00f4me d\u2019Etudes Sp\u00e9cialis\u00e9es en pneumo-physiologie \u00e0 l\u2019Universit\u00e9 de Lom\u00e9 en 2023.<\/p>\n\n\n\n<p>Toujours en qu\u00eate de connaissance, en 2025, elle va compl\u00e9ter son parcours acad\u00e9mique par un dipl\u00f4me de m\u00e9decine du sport d\u00e9livr\u00e9 par l\u2019Universit\u00e9 virtuelle de m\u00e9decine du Sport Senghor.<\/p>\n\n\n\n<p>Fort de tous ces dipl\u00f4mes, le M\u00e9decin-Lieutenant-colonel MOUZOU Tchilalo a occup\u00e9 plusieurs postes de responsabilit\u00e9s au sein du service de sant\u00e9 des arm\u00e9es parmi lesquels, les postes de m\u00e9decin-chef des centres m\u00e9dicaux des arm\u00e9es du RCGP et de l\u2019ESSAL avant de prendre la responsabilit\u00e9 m\u00e9dicale des \u00e9tablissements p\u00e9nitentiaires, puis d\u2019\u00eatre nomm\u00e9e Directeur Adjoint de l\u2019ESSAL, poste qu\u2019elle occupait jusqu\u2019\u00e0 sa nomination.<\/p>\n\n\n\n<p>Elle a \u00e9galement effectu\u00e9e des missions \u00e0 l\u2019ext\u00e9rieur du pays notamment en C\u00f4te d\u2019Ivoire et au Mali.<\/p>\n\n\n\n<p>Pour rappel, le pavillon militaire est une formation sanitaire de r\u00e9f\u00e9rence du service de sant\u00e9 des Arm\u00e9es dont la mission fondamentale est d\u2019assurer le soutien m\u00e9dical des forces et de leurs familles, de garantir des soins hospitaliers sp\u00e9cialis\u00e9es de qualit\u00e9 et de contribuer \u00e0 la prise en charge sanitaire des populations, dans le respect des valeurs militaires.<\/p>\n\n\n\n<p><strong>DKS<\/strong><\/p>\n","protected":false},"excerpt":{"rendered":"<p>Le M\u00e9decin-Lieutenant-colonel MOUZOU Tchilalo est officiellement le nouveau Directeur g\u00e9n\u00e9ral du pavillon militaire du Centre hospitalier universitaire Sylvanus Olympio (CHU SO) de Lom\u00e9. Nomm\u00e9e par arr\u00eat\u00e9 num\u00e9ro 26-00097\/MDN\/SGA\/DRH\/26 du 02&hellip; <\/p>\n","protected":false},"author":1,"featured_media":15634,"comment_status":"open","ping_status":"closed","sticky":false,"template":"","format":"standard","meta":{"footnotes":""},"categories":[7],"tags":[1338,1336,1337,39],"class_list":["post-15633","post","type-post","status-publish","format-standard","has-post-thumbnail","hentry","category-sante","tag-chu-sylvanus-olympio","tag-mouzou-tchilalo","tag-pavillon-militaire","tag-togo"],"yoast_head":"<!-- This site is optimized with the Yoast SEO plugin v26.4 - https:\/\/yoast.com\/wordpress\/plugins\/seo\/ -->\n<title>Le M\u00e9decin-Lieutenant-Colonel Mouzou Tchilalo aux commandes du Pavillon militaire du CHU SO de Lom\u00e9 - La Voix de la Nation<\/title>\n<meta name=\"robots\" content=\"index, follow, max-snippet:-1, max-image-preview:large, max-video-preview:-1\" \/>\n<link rel=\"canonical\" href=\"https:\/\/lavoixdelanation.tg\/index.php\/2026\/03\/12\/le-medecin-lieutenant-colonel-mouzou-tchilalo-aux-commandes-du-pavillon-militaire-du-chu-so-de-lome\/\" \/>\n<meta property=\"og:locale\" content=\"fr_FR\" \/>\n<meta property=\"og:type\" content=\"article\" \/>\n<meta property=\"og:title\" content=\"Le M\u00e9decin-Lieutenant-Colonel Mouzou Tchilalo aux commandes du Pavillon militaire du CHU SO de Lom\u00e9 - La Voix de la Nation\" \/>\n<meta property=\"og:description\" content=\"Le M\u00e9decin-Lieutenant-colonel MOUZOU Tchilalo est officiellement le nouveau Directeur g\u00e9n\u00e9ral du pavillon militaire du Centre hospitalier universitaire Sylvanus Olympio (CHU SO) de Lom\u00e9. Nomm\u00e9e par arr\u00eat\u00e9 num\u00e9ro 26-00097\/MDN\/SGA\/DRH\/26 du 02&hellip;\" \/>\n<meta property=\"og:url\" content=\"https:\/\/lavoixdelanation.tg\/index.php\/2026\/03\/12\/le-medecin-lieutenant-colonel-mouzou-tchilalo-aux-commandes-du-pavillon-militaire-du-chu-so-de-lome\/\" \/>\n<meta property=\"og:site_name\" content=\"La Voix de la Nation\" \/>\n<meta property=\"article:publisher\" content=\"https:\/\/www.facebook.com\/lavoixdelanation\" \/>\n<meta property=\"article:published_time\" content=\"2026-03-12T07:38:31+00:00\" \/>\n<meta property=\"og:image\" content=\"https:\/\/lavoixdelanation.tg\/wp-content\/uploads\/2026\/03\/Mouzou-Tchilalo-nouveau-Directeur-du-CHU-SO-de-Lome.jpeg\" \/>\n\t<meta property=\"og:image:width\" content=\"800\" \/>\n\t<meta property=\"og:image:height\" content=\"720\" \/>\n\t<meta property=\"og:image:type\" content=\"image\/jpeg\" \/>\n<meta name=\"author\" content=\"La voix de la nation\" \/>\n<meta name=\"twitter:card\" content=\"summary_large_image\" \/>\n<meta name=\"twitter:label1\" content=\"\u00c9crit par\" \/>\n\t<meta name=\"twitter:data1\" content=\"La voix de la nation\" \/>\n\t<meta name=\"twitter:label2\" content=\"Dur\u00e9e de lecture estim\u00e9e\" \/>\n\t<meta name=\"twitter:data2\" content=\"3 minutes\" \/>\n<script type=\"application\/ld+json\" class=\"yoast-schema-graph\">{\"@context\":\"https:\/\/schema.org\",\"@graph\":[{\"@type\":\"Article\",\"@id\":\"https:\/\/lavoixdelanation.tg\/index.php\/2026\/03\/12\/le-medecin-lieutenant-colonel-mouzou-tchilalo-aux-commandes-du-pavillon-militaire-du-chu-so-de-lome\/#article\",\"isPartOf\":{\"@id\":\"https:\/\/lavoixdelanation.tg\/index.php\/2026\/03\/12\/le-medecin-lieutenant-colonel-mouzou-tchilalo-aux-commandes-du-pavillon-militaire-du-chu-so-de-lome\/\"},\"author\":{\"name\":\"La voix de la nation\",\"@id\":\"https:\/\/lavoixdelanation.tg\/#\/schema\/person\/6c489293aa38053673a9e554acb6e224\"},\"headline\":\"Le M\u00e9decin-Lieutenant-Colonel Mouzou Tchilalo aux commandes du Pavillon militaire du CHU SO de Lom\u00e9\",\"datePublished\":\"2026-03-12T07:38:31+00:00\",\"mainEntityOfPage\":{\"@id\":\"https:\/\/lavoixdelanation.tg\/index.php\/2026\/03\/12\/le-medecin-lieutenant-colonel-mouzou-tchilalo-aux-commandes-du-pavillon-militaire-du-chu-so-de-lome\/\"},\"wordCount\":457,\"commentCount\":0,\"publisher\":{\"@id\":\"https:\/\/lavoixdelanation.tg\/#organization\"},\"image\":{\"@id\":\"https:\/\/lavoixdelanation.tg\/index.php\/2026\/03\/12\/le-medecin-lieutenant-colonel-mouzou-tchilalo-aux-commandes-du-pavillon-militaire-du-chu-so-de-lome\/#primaryimage\"},\"thumbnailUrl\":\"https:\/\/lavoixdelanation.tg\/wp-content\/uploads\/2026\/03\/Mouzou-Tchilalo-nouveau-Directeur-du-CHU-SO-de-Lome.jpeg\",\"keywords\":[\"CHU Sylvanus Olympio\",\"MOUZOU Tchilalo\",\"Pavillon militaire\",\"Togo\"],\"articleSection\":[\"Sant\u00e9\"],\"inLanguage\":\"fr-FR\",\"potentialAction\":[{\"@type\":\"CommentAction\",\"name\":\"Comment\",\"target\":[\"https:\/\/lavoixdelanation.tg\/index.php\/2026\/03\/12\/le-medecin-lieutenant-colonel-mouzou-tchilalo-aux-commandes-du-pavillon-militaire-du-chu-so-de-lome\/#respond\"]}]},{\"@type\":\"WebPage\",\"@id\":\"https:\/\/lavoixdelanation.tg\/index.php\/2026\/03\/12\/le-medecin-lieutenant-colonel-mouzou-tchilalo-aux-commandes-du-pavillon-militaire-du-chu-so-de-lome\/\",\"url\":\"https:\/\/lavoixdelanation.tg\/index.php\/2026\/03\/12\/le-medecin-lieutenant-colonel-mouzou-tchilalo-aux-commandes-du-pavillon-militaire-du-chu-so-de-lome\/\",\"name\":\"Le M\u00e9decin-Lieutenant-Colonel Mouzou Tchilalo aux commandes du Pavillon militaire du CHU SO de Lom\u00e9 - La Voix de la Nation\",\"isPartOf\":{\"@id\":\"https:\/\/lavoixdelanation.tg\/#website\"},\"primaryImageOfPage\":{\"@id\":\"https:\/\/lavoixdelanation.tg\/index.php\/2026\/03\/12\/le-medecin-lieutenant-colonel-mouzou-tchilalo-aux-commandes-du-pavillon-militaire-du-chu-so-de-lome\/#primaryimage\"},\"image\":{\"@id\":\"https:\/\/lavoixdelanation.tg\/index.php\/2026\/03\/12\/le-medecin-lieutenant-colonel-mouzou-tchilalo-aux-commandes-du-pavillon-militaire-du-chu-so-de-lome\/#primaryimage\"},\"thumbnailUrl\":\"https:\/\/lavoixdelanation.tg\/wp-content\/uploads\/2026\/03\/Mouzou-Tchilalo-nouveau-Directeur-du-CHU-SO-de-Lome.jpeg\",\"datePublished\":\"2026-03-12T07:38:31+00:00\",\"breadcrumb\":{\"@id\":\"https:\/\/lavoixdelanation.tg\/index.php\/2026\/03\/12\/le-medecin-lieutenant-colonel-mouzou-tchilalo-aux-commandes-du-pavillon-militaire-du-chu-so-de-lome\/#breadcrumb\"},\"inLanguage\":\"fr-FR\",\"potentialAction\":[{\"@type\":\"ReadAction\",\"target\":[\"https:\/\/lavoixdelanation.tg\/index.php\/2026\/03\/12\/le-medecin-lieutenant-colonel-mouzou-tchilalo-aux-commandes-du-pavillon-militaire-du-chu-so-de-lome\/\"]}]},{\"@type\":\"ImageObject\",\"inLanguage\":\"fr-FR\",\"@id\":\"https:\/\/lavoixdelanation.tg\/index.php\/2026\/03\/12\/le-medecin-lieutenant-colonel-mouzou-tchilalo-aux-commandes-du-pavillon-militaire-du-chu-so-de-lome\/#primaryimage\",\"url\":\"https:\/\/lavoixdelanation.tg\/wp-content\/uploads\/2026\/03\/Mouzou-Tchilalo-nouveau-Directeur-du-CHU-SO-de-Lome.jpeg\",\"contentUrl\":\"https:\/\/lavoixdelanation.tg\/wp-content\/uploads\/2026\/03\/Mouzou-Tchilalo-nouveau-Directeur-du-CHU-SO-de-Lome.jpeg\",\"width\":800,\"height\":720,\"caption\":\"M\u00e9decin-Lieutenant-Colonel MOUZOU Tchilalo\"},{\"@type\":\"BreadcrumbList\",\"@id\":\"https:\/\/lavoixdelanation.tg\/index.php\/2026\/03\/12\/le-medecin-lieutenant-colonel-mouzou-tchilalo-aux-commandes-du-pavillon-militaire-du-chu-so-de-lome\/#breadcrumb\",\"itemListElement\":[{\"@type\":\"ListItem\",\"position\":1,\"name\":\"Accueil\",\"item\":\"https:\/\/lavoixdelanation.tg\/\"},{\"@type\":\"ListItem\",\"position\":2,\"name\":\"Le M\u00e9decin-Lieutenant-Colonel Mouzou Tchilalo aux commandes du Pavillon militaire du CHU SO de Lom\u00e9\"}]},{\"@type\":\"WebSite\",\"@id\":\"https:\/\/lavoixdelanation.tg\/#website\",\"url\":\"https:\/\/lavoixdelanation.tg\/\",\"name\":\"La Voix de la Nation\",\"description\":\"R\u00e9c\u00e9piss\u00e9 n\u00b00108\/HAAC\/01-2024\/pl\/P\",\"publisher\":{\"@id\":\"https:\/\/lavoixdelanation.tg\/#organization\"},\"alternateName\":\"VON\",\"potentialAction\":[{\"@type\":\"SearchAction\",\"target\":{\"@type\":\"EntryPoint\",\"urlTemplate\":\"https:\/\/lavoixdelanation.tg\/?s={search_term_string}\"},\"query-input\":{\"@type\":\"PropertyValueSpecification\",\"valueRequired\":true,\"valueName\":\"search_term_string\"}}],\"inLanguage\":\"fr-FR\"},{\"@type\":\"Organization\",\"@id\":\"https:\/\/lavoixdelanation.tg\/#organization\",\"name\":\"La Voix de la Nation\",\"url\":\"https:\/\/lavoixdelanation.tg\/\",\"logo\":{\"@type\":\"ImageObject\",\"inLanguage\":\"fr-FR\",\"@id\":\"https:\/\/lavoixdelanation.tg\/#\/schema\/logo\/image\/\",\"url\":\"https:\/\/lavoixdelanation.tg\/wp-content\/uploads\/2024\/12\/lavn-1.png\",\"contentUrl\":\"https:\/\/lavoixdelanation.tg\/wp-content\/uploads\/2024\/12\/lavn-1.png\",\"width\":1024,\"height\":464,\"caption\":\"La Voix de la Nation\"},\"image\":{\"@id\":\"https:\/\/lavoixdelanation.tg\/#\/schema\/logo\/image\/\"},\"sameAs\":[\"https:\/\/www.facebook.com\/lavoixdelanation\"]},{\"@type\":\"Person\",\"@id\":\"https:\/\/lavoixdelanation.tg\/#\/schema\/person\/6c489293aa38053673a9e554acb6e224\",\"name\":\"La voix de la nation\",\"image\":{\"@type\":\"ImageObject\",\"inLanguage\":\"fr-FR\",\"@id\":\"https:\/\/lavoixdelanation.tg\/#\/schema\/person\/image\/\",\"url\":\"https:\/\/secure.gravatar.com\/avatar\/8aa135d4bbc794494cecaa8d483f6d6cc1023624868deaff686baed5e727a5a1?s=96&d=mm&r=g\",\"contentUrl\":\"https:\/\/secure.gravatar.com\/avatar\/8aa135d4bbc794494cecaa8d483f6d6cc1023624868deaff686baed5e727a5a1?s=96&d=mm&r=g\",\"caption\":\"La voix de la nation\"},\"sameAs\":[\"https:\/\/lavoixdelanation.tg\"],\"url\":\"https:\/\/lavoixdelanation.tg\/index.php\/author\/lavn\/\"}]}<\/script>\n<!-- \/ Yoast SEO plugin. -->","yoast_head_json":{"title":"Le M\u00e9decin-Lieutenant-Colonel Mouzou Tchilalo aux commandes du Pavillon militaire du CHU SO de Lom\u00e9 - La Voix de la Nation","robots":{"index":"index","follow":"follow","max-snippet":"max-snippet:-1","max-image-preview":"max-image-preview:large","max-video-preview":"max-video-preview:-1"},"canonical":"https:\/\/lavoixdelanation.tg\/index.php\/2026\/03\/12\/le-medecin-lieutenant-colonel-mouzou-tchilalo-aux-commandes-du-pavillon-militaire-du-chu-so-de-lome\/","og_locale":"fr_FR","og_type":"article","og_title":"Le M\u00e9decin-Lieutenant-Colonel Mouzou Tchilalo aux commandes du Pavillon militaire du CHU SO de Lom\u00e9 - La Voix de la Nation","og_description":"Le M\u00e9decin-Lieutenant-colonel MOUZOU Tchilalo est officiellement le nouveau Directeur g\u00e9n\u00e9ral du pavillon militaire du Centre hospitalier universitaire Sylvanus Olympio (CHU SO) de Lom\u00e9. Nomm\u00e9e par arr\u00eat\u00e9 num\u00e9ro 26-00097\/MDN\/SGA\/DRH\/26 du 02&hellip;","og_url":"https:\/\/lavoixdelanation.tg\/index.php\/2026\/03\/12\/le-medecin-lieutenant-colonel-mouzou-tchilalo-aux-commandes-du-pavillon-militaire-du-chu-so-de-lome\/","og_site_name":"La Voix de la Nation","article_publisher":"https:\/\/www.facebook.com\/lavoixdelanation","article_published_time":"2026-03-12T07:38:31+00:00","og_image":[{"width":800,"height":720,"url":"https:\/\/lavoixdelanation.tg\/wp-content\/uploads\/2026\/03\/Mouzou-Tchilalo-nouveau-Directeur-du-CHU-SO-de-Lome.jpeg","type":"image\/jpeg"}],"author":"La voix de la nation","twitter_card":"summary_large_image","twitter_misc":{"\u00c9crit par":"La voix de la nation","Dur\u00e9e de lecture estim\u00e9e":"3 minutes"},"schema":{"@context":"https:\/\/schema.org","@graph":[{"@type":"Article","@id":"https:\/\/lavoixdelanation.tg\/index.php\/2026\/03\/12\/le-medecin-lieutenant-colonel-mouzou-tchilalo-aux-commandes-du-pavillon-militaire-du-chu-so-de-lome\/#article","isPartOf":{"@id":"https:\/\/lavoixdelanation.tg\/index.php\/2026\/03\/12\/le-medecin-lieutenant-colonel-mouzou-tchilalo-aux-commandes-du-pavillon-militaire-du-chu-so-de-lome\/"},"author":{"name":"La voix de la nation","@id":"https:\/\/lavoixdelanation.tg\/#\/schema\/person\/6c489293aa38053673a9e554acb6e224"},"headline":"Le M\u00e9decin-Lieutenant-Colonel Mouzou Tchilalo aux commandes du Pavillon militaire du CHU SO de Lom\u00e9","datePublished":"2026-03-12T07:38:31+00:00","mainEntityOfPage":{"@id":"https:\/\/lavoixdelanation.tg\/index.php\/2026\/03\/12\/le-medecin-lieutenant-colonel-mouzou-tchilalo-aux-commandes-du-pavillon-militaire-du-chu-so-de-lome\/"},"wordCount":457,"commentCount":0,"publisher":{"@id":"https:\/\/lavoixdelanation.tg\/#organization"},"image":{"@id":"https:\/\/lavoixdelanation.tg\/index.php\/2026\/03\/12\/le-medecin-lieutenant-colonel-mouzou-tchilalo-aux-commandes-du-pavillon-militaire-du-chu-so-de-lome\/#primaryimage"},"thumbnailUrl":"https:\/\/lavoixdelanation.tg\/wp-content\/uploads\/2026\/03\/Mouzou-Tchilalo-nouveau-Directeur-du-CHU-SO-de-Lome.jpeg","keywords":["CHU Sylvanus Olympio","MOUZOU Tchilalo","Pavillon militaire","Togo"],"articleSection":["Sant\u00e9"],"inLanguage":"fr-FR","potentialAction":[{"@type":"CommentAction","name":"Comment","target":["https:\/\/lavoixdelanation.tg\/index.php\/2026\/03\/12\/le-medecin-lieutenant-colonel-mouzou-tchilalo-aux-commandes-du-pavillon-militaire-du-chu-so-de-lome\/#respond"]}]},{"@type":"WebPage","@id":"https:\/\/lavoixdelanation.tg\/index.php\/2026\/03\/12\/le-medecin-lieutenant-colonel-mouzou-tchilalo-aux-commandes-du-pavillon-militaire-du-chu-so-de-lome\/","url":"https:\/\/lavoixdelanation.tg\/index.php\/2026\/03\/12\/le-medecin-lieutenant-colonel-mouzou-tchilalo-aux-commandes-du-pavillon-militaire-du-chu-so-de-lome\/","name":"Le M\u00e9decin-Lieutenant-Colonel Mouzou Tchilalo aux commandes du Pavillon militaire du CHU SO de Lom\u00e9 - La Voix de la Nation","isPartOf":{"@id":"https:\/\/lavoixdelanation.tg\/#website"},"primaryImageOfPage":{"@id":"https:\/\/lavoixdelanation.tg\/index.php\/2026\/03\/12\/le-medecin-lieutenant-colonel-mouzou-tchilalo-aux-commandes-du-pavillon-militaire-du-chu-so-de-lome\/#primaryimage"},"image":{"@id":"https:\/\/lavoixdelanation.tg\/index.php\/2026\/03\/12\/le-medecin-lieutenant-colonel-mouzou-tchilalo-aux-commandes-du-pavillon-militaire-du-chu-so-de-lome\/#primaryimage"},"thumbnailUrl":"https:\/\/lavoixdelanation.tg\/wp-content\/uploads\/2026\/03\/Mouzou-Tchilalo-nouveau-Directeur-du-CHU-SO-de-Lome.jpeg","datePublished":"2026-03-12T07:38:31+00:00","breadcrumb":{"@id":"https:\/\/lavoixdelanation.tg\/index.php\/2026\/03\/12\/le-medecin-lieutenant-colonel-mouzou-tchilalo-aux-commandes-du-pavillon-militaire-du-chu-so-de-lome\/#breadcrumb"},"inLanguage":"fr-FR","potentialAction":[{"@type":"ReadAction","target":["https:\/\/lavoixdelanation.tg\/index.php\/2026\/03\/12\/le-medecin-lieutenant-colonel-mouzou-tchilalo-aux-commandes-du-pavillon-militaire-du-chu-so-de-lome\/"]}]},{"@type":"ImageObject","inLanguage":"fr-FR","@id":"https:\/\/lavoixdelanation.tg\/index.php\/2026\/03\/12\/le-medecin-lieutenant-colonel-mouzou-tchilalo-aux-commandes-du-pavillon-militaire-du-chu-so-de-lome\/#primaryimage","url":"https:\/\/lavoixdelanation.tg\/wp-content\/uploads\/2026\/03\/Mouzou-Tchilalo-nouveau-Directeur-du-CHU-SO-de-Lome.jpeg","contentUrl":"https:\/\/lavoixdelanation.tg\/wp-content\/uploads\/2026\/03\/Mouzou-Tchilalo-nouveau-Directeur-du-CHU-SO-de-Lome.jpeg","width":800,"height":720,"caption":"M\u00e9decin-Lieutenant-Colonel MOUZOU Tchilalo"},{"@type":"BreadcrumbList","@id":"https:\/\/lavoixdelanation.tg\/index.php\/2026\/03\/12\/le-medecin-lieutenant-colonel-mouzou-tchilalo-aux-commandes-du-pavillon-militaire-du-chu-so-de-lome\/#breadcrumb","itemListElement":[{"@type":"ListItem","position":1,"name":"Accueil","item":"https:\/\/lavoixdelanation.tg\/"},{"@type":"ListItem","position":2,"name":"Le M\u00e9decin-Lieutenant-Colonel Mouzou Tchilalo aux commandes du Pavillon militaire du CHU SO de Lom\u00e9"}]},{"@type":"WebSite","@id":"https:\/\/lavoixdelanation.tg\/#website","url":"https:\/\/lavoixdelanation.tg\/","name":"La Voix de la Nation","description":"R\u00e9c\u00e9piss\u00e9 n\u00b00108\/HAAC\/01-2024\/pl\/P","publisher":{"@id":"https:\/\/lavoixdelanation.tg\/#organization"},"alternateName":"VON","potentialAction":[{"@type":"SearchAction","target":{"@type":"EntryPoint","urlTemplate":"https:\/\/lavoixdelanation.tg\/?s={search_term_string}"},"query-input":{"@type":"PropertyValueSpecification","valueRequired":true,"valueName":"search_term_string"}}],"inLanguage":"fr-FR"},{"@type":"Organization","@id":"https:\/\/lavoixdelanation.tg\/#organization","name":"La Voix de la Nation","url":"https:\/\/lavoixdelanation.tg\/","logo":{"@type":"ImageObject","inLanguage":"fr-FR","@id":"https:\/\/lavoixdelanation.tg\/#\/schema\/logo\/image\/","url":"https:\/\/lavoixdelanation.tg\/wp-content\/uploads\/2024\/12\/lavn-1.png","contentUrl":"https:\/\/lavoixdelanation.tg\/wp-content\/uploads\/2024\/12\/lavn-1.png","width":1024,"height":464,"caption":"La Voix de la Nation"},"image":{"@id":"https:\/\/lavoixdelanation.tg\/#\/schema\/logo\/image\/"},"sameAs":["https:\/\/www.facebook.com\/lavoixdelanation"]},{"@type":"Person","@id":"https:\/\/lavoixdelanation.tg\/#\/schema\/person\/6c489293aa38053673a9e554acb6e224","name":"La voix de la nation","image":{"@type":"ImageObject","inLanguage":"fr-FR","@id":"https:\/\/lavoixdelanation.tg\/#\/schema\/person\/image\/","url":"https:\/\/secure.gravatar.com\/avatar\/8aa135d4bbc794494cecaa8d483f6d6cc1023624868deaff686baed5e727a5a1?s=96&d=mm&r=g","contentUrl":"https:\/\/secure.gravatar.com\/avatar\/8aa135d4bbc794494cecaa8d483f6d6cc1023624868deaff686baed5e727a5a1?s=96&d=mm&r=g","caption":"La voix de la nation"},"sameAs":["https:\/\/lavoixdelanation.tg"],"url":"https:\/\/lavoixdelanation.tg\/index.php\/author\/lavn\/"}]}},"_links":{"self":[{"href":"https:\/\/lavoixdelanation.tg\/index.php\/wp-json\/wp\/v2\/posts\/15633","targetHints":{"allow":["GET"]}}],"collection":[{"href":"https:\/\/lavoixdelanation.tg\/index.php\/wp-json\/wp\/v2\/posts"}],"about":[{"href":"https:\/\/lavoixdelanation.tg\/index.php\/wp-json\/wp\/v2\/types\/post"}],"author":[{"embeddable":true,"href":"https:\/\/lavoixdelanation.tg\/index.php\/wp-json\/wp\/v2\/users\/1"}],"replies":[{"embeddable":true,"href":"https:\/\/lavoixdelanation.tg\/index.php\/wp-json\/wp\/v2\/comments?post=15633"}],"version-history":[{"count":1,"href":"https:\/\/lavoixdelanation.tg\/index.php\/wp-json\/wp\/v2\/posts\/15633\/revisions"}],"predecessor-version":[{"id":15635,"href":"https:\/\/lavoixdelanation.tg\/index.php\/wp-json\/wp\/v2\/posts\/15633\/revisions\/15635"}],"wp:featuredmedia":[{"embeddable":true,"href":"https:\/\/lavoixdelanation.tg\/index.php\/wp-json\/wp\/v2\/media\/15634"}],"wp:attachment":[{"href":"https:\/\/lavoixdelanation.tg\/index.php\/wp-json\/wp\/v2\/media?parent=15633"}],"wp:term":[{"taxonomy":"category","embeddable":true,"href":"https:\/\/lavoixdelanation.tg\/index.php\/wp-json\/wp\/v2\/categories?post=15633"},{"taxonomy":"post_tag","embeddable":true,"href":"https:\/\/lavoixdelanation.tg\/index.php\/wp-json\/wp\/v2\/tags?post=15633"}],"curies":[{"name":"wp","href":"https:\/\/api.w.org\/{rel}","templated":true}]}}