{"id":15578,"date":"2026-03-04T21:57:00","date_gmt":"2026-03-04T20:57:00","guid":{"rendered":"https:\/\/lavoixdelanation.tg\/?p=15578"},"modified":"2026-03-05T07:04:27","modified_gmt":"2026-03-05T06:04:27","slug":"education-renforcement-de-capacites-des-chefs-detablissements-scolaires-catholiques-a-atakpame","status":"publish","type":"post","link":"https:\/\/lavoixdelanation.tg\/index.php\/2026\/03\/04\/education-renforcement-de-capacites-des-chefs-detablissements-scolaires-catholiques-a-atakpame\/","title":{"rendered":"\u00c9ducation\u00a0: Renforcement de capacit\u00e9s des chefs d\u2019\u00e9tablissements scolaires catholiques \u00e0 Atakpam\u00e9"},"content":{"rendered":"\n<p><strong>La Direction Nationale de l\u2019Education Catholique (DNEC) organise du 3 au 5 mars, un atelier de renforcement de capacit\u00e9s des responsables de coll\u00e8ges et lyc\u00e9es d\u2019enseignement g\u00e9n\u00e9ral et technique.<\/strong><\/p>\n\n\n\n<p>Les travaux de cet atelier ont \u00e9t\u00e9 ouverts \u00e0&nbsp; l\u2019\u00e9v\u00each\u00e9 d\u2019Atakpam\u00e9 par son \u00e9v\u00eaque Monseigneur Touho Mo\u00efse. C\u2019\u00e9tait en pr\u00e9sence du pr\u00e9fet de l\u2019Ogou Ekpe Kodjo Agbeko No\u00ebl repr\u00e9sentant le gouverneur des plateaux, du chef division des formations \u00e0 la DRE plateaux-Est et celui des ressources humaines \u00e0 la DRE plaeaux-ouest respectivement Dr. Dahon Koffi et Agnonvi Michel.<\/p>\n\n\n\n<p>Sixi\u00e8me du genre, cet atelier vise \u00e0 outiller une centaine de participants venus de sept dioc\u00e8ses du Togo en gestion p\u00e9dagogique, administrative, et financi\u00e8re afin de permettre \u00e0 ceux-ci de mieux conduire le monde \u00e9ducatif.<\/p>\n\n\n\n<figure class=\"wp-block-image size-large\"><img loading=\"lazy\" decoding=\"async\" width=\"1024\" height=\"467\" src=\"https:\/\/lavoixdelanation.tg\/wp-content\/uploads\/2026\/03\/Renforcement-de-capacites-des-chefs-detablissements-scolaires-catholique-a-Atakpame-au-Togo-1024x467.jpeg\" alt=\"\" class=\"wp-image-15580\" srcset=\"https:\/\/lavoixdelanation.tg\/wp-content\/uploads\/2026\/03\/Renforcement-de-capacites-des-chefs-detablissements-scolaires-catholique-a-Atakpame-au-Togo-1024x467.jpeg 1024w, https:\/\/lavoixdelanation.tg\/wp-content\/uploads\/2026\/03\/Renforcement-de-capacites-des-chefs-detablissements-scolaires-catholique-a-Atakpame-au-Togo-300x137.jpeg 300w, https:\/\/lavoixdelanation.tg\/wp-content\/uploads\/2026\/03\/Renforcement-de-capacites-des-chefs-detablissements-scolaires-catholique-a-Atakpame-au-Togo-768x350.jpeg 768w, https:\/\/lavoixdelanation.tg\/wp-content\/uploads\/2026\/03\/Renforcement-de-capacites-des-chefs-detablissements-scolaires-catholique-a-Atakpame-au-Togo.jpeg 1280w\" sizes=\"auto, (max-width: 1024px) 100vw, 1024px\" \/><\/figure>\n\n\n\n<p>Il s\u2019agit \u00e9galement pour les organisateurs, d\u2019\u00e9changer avec les participants sur les m\u00e9thodes de r\u00e9solution des conflits, la gestion des ressources humaines et financi\u00e8res dans leurs \u00e9tablissements.<\/p>\n\n\n\n<p>L\u2019approche adopt\u00e9e permet de mettre lesdits chefs dans un cadre d\u2019enseignement scolaire exemplaire pour leur donner l\u2019occasion de toucher du doigt les r\u00e9alit\u00e9s du m\u00e9tier d\u2019enseignant.<\/p>\n\n\n\n<p>A l\u2019ouverture, Monseigneur Touho Mo\u00efse a \u00e9num\u00e9r\u00e9 les d\u00e9fis auxquels fait face l\u2019\u00e9ducation catholique aujourd\u2019hui. Il a invit\u00e9 ces acteurs \u00e0 un enseignement de qualit\u00e9 comme par le pass\u00e9.<\/p>\n\n\n\n<p>\u00ab&nbsp;Les nombreux d\u00e9fis auxquels nous nous sommes confront\u00e9s ne doivent pas nous \u00e9craser et nous pousser \u00e0 baisser les bras&nbsp;\u00bb a-t-il soulign\u00e9. Pour lui, l\u2019heure n\u2019est pas au d\u00e9couragement mais \u00e0 \u00ab&nbsp;une s\u00e9rieuse prise de conscience vis-\u00e0-vis de notre-\u00eatre&nbsp; chr\u00e9tien dans le monde&nbsp;\u00bb.<\/p>\n\n\n\n<p>M. Dahon a remerci\u00e9 les diff\u00e9rents acteurs de la communaut\u00e9 \u00e9ducative qui ont soutenu cette initiative. Il a indiqu\u00e9 que cette formation constitue un moment privil\u00e9gi\u00e9 de partage pour renforcer les capacit\u00e9s des encadreurs p\u00e9dagogiques de proximit\u00e9 et de manager.<\/p>\n\n\n\n<p>\u00ab&nbsp;Le m\u00e9tier d\u2019enseignant est une vocation qui exige un renouvellement constant&nbsp;\u00bb, a-t-il ajout\u00e9. Il a pour finir exhort\u00e9 les s\u00e9minaristes \u00e0 s\u2019engager \u00e0 offrir une \u00e9ducation moderne et adapt\u00e9e aux besoins des apprenants.<\/p>\n\n\n\n<p>Le Directeur National de l\u2019Education Catholique , le R\u00e9v\u00e9rend P\u00e8re Belei Athanase a pour sa part trouv\u00e9 que le r\u00f4le d\u2019un chef d\u2019\u00e9tablissement est d\u2019assurer l\u2019unit\u00e9, de favoriser l\u2019expression des talents et de veiller \u00e0 ce que la foi catholique soit propos\u00e9e \u00e0 tous dans le respect de la libert\u00e9 de conscience.<\/p>\n\n\n\n<p>Pour le R\u00e9v. P\u00e8re Athanase, un chef d\u2019\u00e9tablissement catholique re\u00e7oit une mission eccl\u00e9siale &nbsp;qui l\u2019\u00e9tablit comme le pasteur de sa communaut\u00e9 \u00e9ducative. Ces qualit\u00e9s l\u2019am\u00e8ne \u00e0 former des citoyens \u00ab&nbsp;honn\u00eates et comp\u00e9tents&nbsp;\u00bb, capables &nbsp;de contribuer au d\u00e9veloppement de la nation tout en restant fid\u00e8les aux valeurs de l\u2019Evangile.<\/p>\n\n\n\n<p>La Directrice du coll\u00e8ge P\u00e8re Augustin PLANQUE de B\u00e8 Souza N\u00e9tim\u00e9 (Lom\u00e9), Sr. Bitanga Akou Pauline s\u2019est r\u00e9joui de cette opportunit\u00e9. Elle a au nom de ses coll\u00e8gues exprim\u00e9 ses profondes gratitudes&nbsp; aux organisateurs et promet faire bon usage des enseignements re\u00e7us.<\/p>\n\n\n\n<p>Rappelons que les directeurs dioc\u00e9sains de l\u2019\u00e9ducation catholique d\u2019Aneho R\u00e9v. P\u00e8re Amezoli Luc J\u00e9r\u00e9mie, celui d\u2019Atakpam\u00e9 Dagoudi Norbert et le fr\u00e8re MAPASENE Beno\u00eet de Dapaong prennent \u00e9galement part aux travaux.<\/p>\n\n\n\n<p><strong>Depuis Atakpam\u00e9, Evrard NOMANYO<\/strong><\/p>\n","protected":false},"excerpt":{"rendered":"<p>La Direction Nationale de l\u2019Education Catholique (DNEC) organise du 3 au 5 mars, un atelier de renforcement de capacit\u00e9s des responsables de coll\u00e8ges et lyc\u00e9es d\u2019enseignement g\u00e9n\u00e9ral et technique. Les&hellip; <\/p>\n","protected":false},"author":1,"featured_media":15579,"comment_status":"open","ping_status":"closed","sticky":false,"template":"","format":"standard","meta":{"footnotes":""},"categories":[10],"tags":[140,1328,39],"class_list":["post-15578","post","type-post","status-publish","format-standard","has-post-thumbnail","hentry","category-education","tag-atakpame","tag-etablissements-scolaires-catholique","tag-togo"],"yoast_head":"<!-- This site is optimized with the Yoast SEO plugin v26.4 - https:\/\/yoast.com\/wordpress\/plugins\/seo\/ -->\n<title>\u00c9ducation\u00a0: Renforcement de capacit\u00e9s des chefs d\u2019\u00e9tablissements scolaires catholiques \u00e0 Atakpam\u00e9 - La Voix de la Nation<\/title>\n<meta name=\"robots\" content=\"index, follow, max-snippet:-1, max-image-preview:large, max-video-preview:-1\" \/>\n<link rel=\"canonical\" href=\"https:\/\/lavoixdelanation.tg\/index.php\/2026\/03\/04\/education-renforcement-de-capacites-des-chefs-detablissements-scolaires-catholiques-a-atakpame\/\" \/>\n<meta property=\"og:locale\" content=\"fr_FR\" \/>\n<meta property=\"og:type\" content=\"article\" \/>\n<meta property=\"og:title\" content=\"\u00c9ducation\u00a0: Renforcement de capacit\u00e9s des chefs d\u2019\u00e9tablissements scolaires catholiques \u00e0 Atakpam\u00e9 - La Voix de la Nation\" \/>\n<meta property=\"og:description\" content=\"La Direction Nationale de l\u2019Education Catholique (DNEC) organise du 3 au 5 mars, un atelier de renforcement de capacit\u00e9s des responsables de coll\u00e8ges et lyc\u00e9es d\u2019enseignement g\u00e9n\u00e9ral et technique. Les&hellip;\" \/>\n<meta property=\"og:url\" content=\"https:\/\/lavoixdelanation.tg\/index.php\/2026\/03\/04\/education-renforcement-de-capacites-des-chefs-detablissements-scolaires-catholiques-a-atakpame\/\" \/>\n<meta property=\"og:site_name\" content=\"La Voix de la Nation\" \/>\n<meta property=\"article:publisher\" content=\"https:\/\/www.facebook.com\/lavoixdelanation\" \/>\n<meta property=\"article:published_time\" content=\"2026-03-04T20:57:00+00:00\" \/>\n<meta property=\"article:modified_time\" content=\"2026-03-05T06:04:27+00:00\" \/>\n<meta property=\"og:image\" content=\"https:\/\/lavoixdelanation.tg\/wp-content\/uploads\/2026\/03\/Renforcement-de-capacites-des-chefs-detablissements-scolaires-catholique-a-Atakpame.jpeg\" \/>\n\t<meta property=\"og:image:width\" content=\"900\" \/>\n\t<meta property=\"og:image:height\" content=\"531\" \/>\n\t<meta property=\"og:image:type\" content=\"image\/jpeg\" \/>\n<meta name=\"author\" content=\"La voix de la nation\" \/>\n<meta name=\"twitter:card\" content=\"summary_large_image\" \/>\n<meta name=\"twitter:label1\" content=\"\u00c9crit par\" \/>\n\t<meta name=\"twitter:data1\" content=\"La voix de la nation\" \/>\n\t<meta name=\"twitter:label2\" content=\"Dur\u00e9e de lecture estim\u00e9e\" \/>\n\t<meta name=\"twitter:data2\" content=\"3 minutes\" \/>\n<script type=\"application\/ld+json\" class=\"yoast-schema-graph\">{\"@context\":\"https:\/\/schema.org\",\"@graph\":[{\"@type\":\"Article\",\"@id\":\"https:\/\/lavoixdelanation.tg\/index.php\/2026\/03\/04\/education-renforcement-de-capacites-des-chefs-detablissements-scolaires-catholiques-a-atakpame\/#article\",\"isPartOf\":{\"@id\":\"https:\/\/lavoixdelanation.tg\/index.php\/2026\/03\/04\/education-renforcement-de-capacites-des-chefs-detablissements-scolaires-catholiques-a-atakpame\/\"},\"author\":{\"name\":\"La voix de la nation\",\"@id\":\"https:\/\/lavoixdelanation.tg\/#\/schema\/person\/6c489293aa38053673a9e554acb6e224\"},\"headline\":\"\u00c9ducation\u00a0: Renforcement de capacit\u00e9s des chefs d\u2019\u00e9tablissements scolaires catholiques \u00e0 Atakpam\u00e9\",\"datePublished\":\"2026-03-04T20:57:00+00:00\",\"dateModified\":\"2026-03-05T06:04:27+00:00\",\"mainEntityOfPage\":{\"@id\":\"https:\/\/lavoixdelanation.tg\/index.php\/2026\/03\/04\/education-renforcement-de-capacites-des-chefs-detablissements-scolaires-catholiques-a-atakpame\/\"},\"wordCount\":606,\"commentCount\":0,\"publisher\":{\"@id\":\"https:\/\/lavoixdelanation.tg\/#organization\"},\"image\":{\"@id\":\"https:\/\/lavoixdelanation.tg\/index.php\/2026\/03\/04\/education-renforcement-de-capacites-des-chefs-detablissements-scolaires-catholiques-a-atakpame\/#primaryimage\"},\"thumbnailUrl\":\"https:\/\/lavoixdelanation.tg\/wp-content\/uploads\/2026\/03\/Renforcement-de-capacites-des-chefs-detablissements-scolaires-catholique-a-Atakpame.jpeg\",\"keywords\":[\"Atakpam\u00e9\",\"\u00e9tablissements scolaires catholique\",\"Togo\"],\"articleSection\":[\"Education\"],\"inLanguage\":\"fr-FR\",\"potentialAction\":[{\"@type\":\"CommentAction\",\"name\":\"Comment\",\"target\":[\"https:\/\/lavoixdelanation.tg\/index.php\/2026\/03\/04\/education-renforcement-de-capacites-des-chefs-detablissements-scolaires-catholiques-a-atakpame\/#respond\"]}]},{\"@type\":\"WebPage\",\"@id\":\"https:\/\/lavoixdelanation.tg\/index.php\/2026\/03\/04\/education-renforcement-de-capacites-des-chefs-detablissements-scolaires-catholiques-a-atakpame\/\",\"url\":\"https:\/\/lavoixdelanation.tg\/index.php\/2026\/03\/04\/education-renforcement-de-capacites-des-chefs-detablissements-scolaires-catholiques-a-atakpame\/\",\"name\":\"\u00c9ducation\u00a0: Renforcement de capacit\u00e9s des chefs d\u2019\u00e9tablissements scolaires catholiques \u00e0 Atakpam\u00e9 - La Voix de la Nation\",\"isPartOf\":{\"@id\":\"https:\/\/lavoixdelanation.tg\/#website\"},\"primaryImageOfPage\":{\"@id\":\"https:\/\/lavoixdelanation.tg\/index.php\/2026\/03\/04\/education-renforcement-de-capacites-des-chefs-detablissements-scolaires-catholiques-a-atakpame\/#primaryimage\"},\"image\":{\"@id\":\"https:\/\/lavoixdelanation.tg\/index.php\/2026\/03\/04\/education-renforcement-de-capacites-des-chefs-detablissements-scolaires-catholiques-a-atakpame\/#primaryimage\"},\"thumbnailUrl\":\"https:\/\/lavoixdelanation.tg\/wp-content\/uploads\/2026\/03\/Renforcement-de-capacites-des-chefs-detablissements-scolaires-catholique-a-Atakpame.jpeg\",\"datePublished\":\"2026-03-04T20:57:00+00:00\",\"dateModified\":\"2026-03-05T06:04:27+00:00\",\"breadcrumb\":{\"@id\":\"https:\/\/lavoixdelanation.tg\/index.php\/2026\/03\/04\/education-renforcement-de-capacites-des-chefs-detablissements-scolaires-catholiques-a-atakpame\/#breadcrumb\"},\"inLanguage\":\"fr-FR\",\"potentialAction\":[{\"@type\":\"ReadAction\",\"target\":[\"https:\/\/lavoixdelanation.tg\/index.php\/2026\/03\/04\/education-renforcement-de-capacites-des-chefs-detablissements-scolaires-catholiques-a-atakpame\/\"]}]},{\"@type\":\"ImageObject\",\"inLanguage\":\"fr-FR\",\"@id\":\"https:\/\/lavoixdelanation.tg\/index.php\/2026\/03\/04\/education-renforcement-de-capacites-des-chefs-detablissements-scolaires-catholiques-a-atakpame\/#primaryimage\",\"url\":\"https:\/\/lavoixdelanation.tg\/wp-content\/uploads\/2026\/03\/Renforcement-de-capacites-des-chefs-detablissements-scolaires-catholique-a-Atakpame.jpeg\",\"contentUrl\":\"https:\/\/lavoixdelanation.tg\/wp-content\/uploads\/2026\/03\/Renforcement-de-capacites-des-chefs-detablissements-scolaires-catholique-a-Atakpame.jpeg\",\"width\":900,\"height\":531},{\"@type\":\"BreadcrumbList\",\"@id\":\"https:\/\/lavoixdelanation.tg\/index.php\/2026\/03\/04\/education-renforcement-de-capacites-des-chefs-detablissements-scolaires-catholiques-a-atakpame\/#breadcrumb\",\"itemListElement\":[{\"@type\":\"ListItem\",\"position\":1,\"name\":\"Accueil\",\"item\":\"https:\/\/lavoixdelanation.tg\/\"},{\"@type\":\"ListItem\",\"position\":2,\"name\":\"\u00c9ducation\u00a0: Renforcement de capacit\u00e9s des chefs d\u2019\u00e9tablissements scolaires catholiques \u00e0 Atakpam\u00e9\"}]},{\"@type\":\"WebSite\",\"@id\":\"https:\/\/lavoixdelanation.tg\/#website\",\"url\":\"https:\/\/lavoixdelanation.tg\/\",\"name\":\"La Voix de la Nation\",\"description\":\"R\u00e9c\u00e9piss\u00e9 n\u00b00108\/HAAC\/01-2024\/pl\/P\",\"publisher\":{\"@id\":\"https:\/\/lavoixdelanation.tg\/#organization\"},\"alternateName\":\"VON\",\"potentialAction\":[{\"@type\":\"SearchAction\",\"target\":{\"@type\":\"EntryPoint\",\"urlTemplate\":\"https:\/\/lavoixdelanation.tg\/?s={search_term_string}\"},\"query-input\":{\"@type\":\"PropertyValueSpecification\",\"valueRequired\":true,\"valueName\":\"search_term_string\"}}],\"inLanguage\":\"fr-FR\"},{\"@type\":\"Organization\",\"@id\":\"https:\/\/lavoixdelanation.tg\/#organization\",\"name\":\"La Voix de la Nation\",\"url\":\"https:\/\/lavoixdelanation.tg\/\",\"logo\":{\"@type\":\"ImageObject\",\"inLanguage\":\"fr-FR\",\"@id\":\"https:\/\/lavoixdelanation.tg\/#\/schema\/logo\/image\/\",\"url\":\"https:\/\/lavoixdelanation.tg\/wp-content\/uploads\/2024\/12\/lavn-1.png\",\"contentUrl\":\"https:\/\/lavoixdelanation.tg\/wp-content\/uploads\/2024\/12\/lavn-1.png\",\"width\":1024,\"height\":464,\"caption\":\"La Voix de la Nation\"},\"image\":{\"@id\":\"https:\/\/lavoixdelanation.tg\/#\/schema\/logo\/image\/\"},\"sameAs\":[\"https:\/\/www.facebook.com\/lavoixdelanation\"]},{\"@type\":\"Person\",\"@id\":\"https:\/\/lavoixdelanation.tg\/#\/schema\/person\/6c489293aa38053673a9e554acb6e224\",\"name\":\"La voix de la nation\",\"image\":{\"@type\":\"ImageObject\",\"inLanguage\":\"fr-FR\",\"@id\":\"https:\/\/lavoixdelanation.tg\/#\/schema\/person\/image\/\",\"url\":\"https:\/\/secure.gravatar.com\/avatar\/8aa135d4bbc794494cecaa8d483f6d6cc1023624868deaff686baed5e727a5a1?s=96&d=mm&r=g\",\"contentUrl\":\"https:\/\/secure.gravatar.com\/avatar\/8aa135d4bbc794494cecaa8d483f6d6cc1023624868deaff686baed5e727a5a1?s=96&d=mm&r=g\",\"caption\":\"La voix de la nation\"},\"sameAs\":[\"https:\/\/lavoixdelanation.tg\"],\"url\":\"https:\/\/lavoixdelanation.tg\/index.php\/author\/lavn\/\"}]}<\/script>\n<!-- \/ Yoast SEO plugin. -->","yoast_head_json":{"title":"\u00c9ducation\u00a0: Renforcement de capacit\u00e9s des chefs d\u2019\u00e9tablissements scolaires catholiques \u00e0 Atakpam\u00e9 - La Voix de la Nation","robots":{"index":"index","follow":"follow","max-snippet":"max-snippet:-1","max-image-preview":"max-image-preview:large","max-video-preview":"max-video-preview:-1"},"canonical":"https:\/\/lavoixdelanation.tg\/index.php\/2026\/03\/04\/education-renforcement-de-capacites-des-chefs-detablissements-scolaires-catholiques-a-atakpame\/","og_locale":"fr_FR","og_type":"article","og_title":"\u00c9ducation\u00a0: Renforcement de capacit\u00e9s des chefs d\u2019\u00e9tablissements scolaires catholiques \u00e0 Atakpam\u00e9 - La Voix de la Nation","og_description":"La Direction Nationale de l\u2019Education Catholique (DNEC) organise du 3 au 5 mars, un atelier de renforcement de capacit\u00e9s des responsables de coll\u00e8ges et lyc\u00e9es d\u2019enseignement g\u00e9n\u00e9ral et technique. Les&hellip;","og_url":"https:\/\/lavoixdelanation.tg\/index.php\/2026\/03\/04\/education-renforcement-de-capacites-des-chefs-detablissements-scolaires-catholiques-a-atakpame\/","og_site_name":"La Voix de la Nation","article_publisher":"https:\/\/www.facebook.com\/lavoixdelanation","article_published_time":"2026-03-04T20:57:00+00:00","article_modified_time":"2026-03-05T06:04:27+00:00","og_image":[{"width":900,"height":531,"url":"https:\/\/lavoixdelanation.tg\/wp-content\/uploads\/2026\/03\/Renforcement-de-capacites-des-chefs-detablissements-scolaires-catholique-a-Atakpame.jpeg","type":"image\/jpeg"}],"author":"La voix de la nation","twitter_card":"summary_large_image","twitter_misc":{"\u00c9crit par":"La voix de la nation","Dur\u00e9e de lecture estim\u00e9e":"3 minutes"},"schema":{"@context":"https:\/\/schema.org","@graph":[{"@type":"Article","@id":"https:\/\/lavoixdelanation.tg\/index.php\/2026\/03\/04\/education-renforcement-de-capacites-des-chefs-detablissements-scolaires-catholiques-a-atakpame\/#article","isPartOf":{"@id":"https:\/\/lavoixdelanation.tg\/index.php\/2026\/03\/04\/education-renforcement-de-capacites-des-chefs-detablissements-scolaires-catholiques-a-atakpame\/"},"author":{"name":"La voix de la nation","@id":"https:\/\/lavoixdelanation.tg\/#\/schema\/person\/6c489293aa38053673a9e554acb6e224"},"headline":"\u00c9ducation\u00a0: Renforcement de capacit\u00e9s des chefs d\u2019\u00e9tablissements scolaires catholiques \u00e0 Atakpam\u00e9","datePublished":"2026-03-04T20:57:00+00:00","dateModified":"2026-03-05T06:04:27+00:00","mainEntityOfPage":{"@id":"https:\/\/lavoixdelanation.tg\/index.php\/2026\/03\/04\/education-renforcement-de-capacites-des-chefs-detablissements-scolaires-catholiques-a-atakpame\/"},"wordCount":606,"commentCount":0,"publisher":{"@id":"https:\/\/lavoixdelanation.tg\/#organization"},"image":{"@id":"https:\/\/lavoixdelanation.tg\/index.php\/2026\/03\/04\/education-renforcement-de-capacites-des-chefs-detablissements-scolaires-catholiques-a-atakpame\/#primaryimage"},"thumbnailUrl":"https:\/\/lavoixdelanation.tg\/wp-content\/uploads\/2026\/03\/Renforcement-de-capacites-des-chefs-detablissements-scolaires-catholique-a-Atakpame.jpeg","keywords":["Atakpam\u00e9","\u00e9tablissements scolaires catholique","Togo"],"articleSection":["Education"],"inLanguage":"fr-FR","potentialAction":[{"@type":"CommentAction","name":"Comment","target":["https:\/\/lavoixdelanation.tg\/index.php\/2026\/03\/04\/education-renforcement-de-capacites-des-chefs-detablissements-scolaires-catholiques-a-atakpame\/#respond"]}]},{"@type":"WebPage","@id":"https:\/\/lavoixdelanation.tg\/index.php\/2026\/03\/04\/education-renforcement-de-capacites-des-chefs-detablissements-scolaires-catholiques-a-atakpame\/","url":"https:\/\/lavoixdelanation.tg\/index.php\/2026\/03\/04\/education-renforcement-de-capacites-des-chefs-detablissements-scolaires-catholiques-a-atakpame\/","name":"\u00c9ducation\u00a0: Renforcement de capacit\u00e9s des chefs d\u2019\u00e9tablissements scolaires catholiques \u00e0 Atakpam\u00e9 - La Voix de la Nation","isPartOf":{"@id":"https:\/\/lavoixdelanation.tg\/#website"},"primaryImageOfPage":{"@id":"https:\/\/lavoixdelanation.tg\/index.php\/2026\/03\/04\/education-renforcement-de-capacites-des-chefs-detablissements-scolaires-catholiques-a-atakpame\/#primaryimage"},"image":{"@id":"https:\/\/lavoixdelanation.tg\/index.php\/2026\/03\/04\/education-renforcement-de-capacites-des-chefs-detablissements-scolaires-catholiques-a-atakpame\/#primaryimage"},"thumbnailUrl":"https:\/\/lavoixdelanation.tg\/wp-content\/uploads\/2026\/03\/Renforcement-de-capacites-des-chefs-detablissements-scolaires-catholique-a-Atakpame.jpeg","datePublished":"2026-03-04T20:57:00+00:00","dateModified":"2026-03-05T06:04:27+00:00","breadcrumb":{"@id":"https:\/\/lavoixdelanation.tg\/index.php\/2026\/03\/04\/education-renforcement-de-capacites-des-chefs-detablissements-scolaires-catholiques-a-atakpame\/#breadcrumb"},"inLanguage":"fr-FR","potentialAction":[{"@type":"ReadAction","target":["https:\/\/lavoixdelanation.tg\/index.php\/2026\/03\/04\/education-renforcement-de-capacites-des-chefs-detablissements-scolaires-catholiques-a-atakpame\/"]}]},{"@type":"ImageObject","inLanguage":"fr-FR","@id":"https:\/\/lavoixdelanation.tg\/index.php\/2026\/03\/04\/education-renforcement-de-capacites-des-chefs-detablissements-scolaires-catholiques-a-atakpame\/#primaryimage","url":"https:\/\/lavoixdelanation.tg\/wp-content\/uploads\/2026\/03\/Renforcement-de-capacites-des-chefs-detablissements-scolaires-catholique-a-Atakpame.jpeg","contentUrl":"https:\/\/lavoixdelanation.tg\/wp-content\/uploads\/2026\/03\/Renforcement-de-capacites-des-chefs-detablissements-scolaires-catholique-a-Atakpame.jpeg","width":900,"height":531},{"@type":"BreadcrumbList","@id":"https:\/\/lavoixdelanation.tg\/index.php\/2026\/03\/04\/education-renforcement-de-capacites-des-chefs-detablissements-scolaires-catholiques-a-atakpame\/#breadcrumb","itemListElement":[{"@type":"ListItem","position":1,"name":"Accueil","item":"https:\/\/lavoixdelanation.tg\/"},{"@type":"ListItem","position":2,"name":"\u00c9ducation\u00a0: Renforcement de capacit\u00e9s des chefs d\u2019\u00e9tablissements scolaires catholiques \u00e0 Atakpam\u00e9"}]},{"@type":"WebSite","@id":"https:\/\/lavoixdelanation.tg\/#website","url":"https:\/\/lavoixdelanation.tg\/","name":"La Voix de la Nation","description":"R\u00e9c\u00e9piss\u00e9 n\u00b00108\/HAAC\/01-2024\/pl\/P","publisher":{"@id":"https:\/\/lavoixdelanation.tg\/#organization"},"alternateName":"VON","potentialAction":[{"@type":"SearchAction","target":{"@type":"EntryPoint","urlTemplate":"https:\/\/lavoixdelanation.tg\/?s={search_term_string}"},"query-input":{"@type":"PropertyValueSpecification","valueRequired":true,"valueName":"search_term_string"}}],"inLanguage":"fr-FR"},{"@type":"Organization","@id":"https:\/\/lavoixdelanation.tg\/#organization","name":"La Voix de la Nation","url":"https:\/\/lavoixdelanation.tg\/","logo":{"@type":"ImageObject","inLanguage":"fr-FR","@id":"https:\/\/lavoixdelanation.tg\/#\/schema\/logo\/image\/","url":"https:\/\/lavoixdelanation.tg\/wp-content\/uploads\/2024\/12\/lavn-1.png","contentUrl":"https:\/\/lavoixdelanation.tg\/wp-content\/uploads\/2024\/12\/lavn-1.png","width":1024,"height":464,"caption":"La Voix de la Nation"},"image":{"@id":"https:\/\/lavoixdelanation.tg\/#\/schema\/logo\/image\/"},"sameAs":["https:\/\/www.facebook.com\/lavoixdelanation"]},{"@type":"Person","@id":"https:\/\/lavoixdelanation.tg\/#\/schema\/person\/6c489293aa38053673a9e554acb6e224","name":"La voix de la nation","image":{"@type":"ImageObject","inLanguage":"fr-FR","@id":"https:\/\/lavoixdelanation.tg\/#\/schema\/person\/image\/","url":"https:\/\/secure.gravatar.com\/avatar\/8aa135d4bbc794494cecaa8d483f6d6cc1023624868deaff686baed5e727a5a1?s=96&d=mm&r=g","contentUrl":"https:\/\/secure.gravatar.com\/avatar\/8aa135d4bbc794494cecaa8d483f6d6cc1023624868deaff686baed5e727a5a1?s=96&d=mm&r=g","caption":"La voix de la nation"},"sameAs":["https:\/\/lavoixdelanation.tg"],"url":"https:\/\/lavoixdelanation.tg\/index.php\/author\/lavn\/"}]}},"_links":{"self":[{"href":"https:\/\/lavoixdelanation.tg\/index.php\/wp-json\/wp\/v2\/posts\/15578","targetHints":{"allow":["GET"]}}],"collection":[{"href":"https:\/\/lavoixdelanation.tg\/index.php\/wp-json\/wp\/v2\/posts"}],"about":[{"href":"https:\/\/lavoixdelanation.tg\/index.php\/wp-json\/wp\/v2\/types\/post"}],"author":[{"embeddable":true,"href":"https:\/\/lavoixdelanation.tg\/index.php\/wp-json\/wp\/v2\/users\/1"}],"replies":[{"embeddable":true,"href":"https:\/\/lavoixdelanation.tg\/index.php\/wp-json\/wp\/v2\/comments?post=15578"}],"version-history":[{"count":2,"href":"https:\/\/lavoixdelanation.tg\/index.php\/wp-json\/wp\/v2\/posts\/15578\/revisions"}],"predecessor-version":[{"id":15582,"href":"https:\/\/lavoixdelanation.tg\/index.php\/wp-json\/wp\/v2\/posts\/15578\/revisions\/15582"}],"wp:featuredmedia":[{"embeddable":true,"href":"https:\/\/lavoixdelanation.tg\/index.php\/wp-json\/wp\/v2\/media\/15579"}],"wp:attachment":[{"href":"https:\/\/lavoixdelanation.tg\/index.php\/wp-json\/wp\/v2\/media?parent=15578"}],"wp:term":[{"taxonomy":"category","embeddable":true,"href":"https:\/\/lavoixdelanation.tg\/index.php\/wp-json\/wp\/v2\/categories?post=15578"},{"taxonomy":"post_tag","embeddable":true,"href":"https:\/\/lavoixdelanation.tg\/index.php\/wp-json\/wp\/v2\/tags?post=15578"}],"curies":[{"name":"wp","href":"https:\/\/api.w.org\/{rel}","templated":true}]}}