{"id":1540,"date":"2024-11-30T12:42:00","date_gmt":"2024-11-30T11:42:00","guid":{"rendered":"https:\/\/lavoixdelanation.tg\/?p=1540"},"modified":"2024-12-16T12:47:54","modified_gmt":"2024-12-16T11:47:54","slug":"region-des-savanes-renforcement-de-lacces-a-leau-potable-grace-au-purs","status":"publish","type":"post","link":"https:\/\/lavoixdelanation.tg\/index.php\/2024\/11\/30\/region-des-savanes-renforcement-de-lacces-a-leau-potable-grace-au-purs\/","title":{"rendered":"R\u00e9gion des savanes\u00a0: Renforcement de l\u2019acc\u00e8s \u00e0 l&rsquo;eau potable\u00a0gr\u00e2ce au PURS"},"content":{"rendered":"\n<p><strong>Le Programme d&rsquo;urgence pour la r\u00e9gion des Savanes (PURS) lanc\u00e9 en d\u00e9but de l&rsquo;ann\u00e9e 2022, se pr\u00e9sente comme un levier de transformation des conditions de vie des populations. Au rang des nombreux objectifs du programme, l&rsquo;acc\u00e8s \u00e0 l&rsquo;eau potable figure en bonne place, \u00e9tant donn\u00e9 son r\u00f4le sensible dans le bien-\u00eatre, la sant\u00e9 publique et le d\u00e9veloppement.<\/strong><\/p>\n\n\n\n<p>En effet, gr\u00e2ce au PURS, des solutions concr\u00e8tes et surtout durables sont trouv\u00e9es et mises en \u0153uvre pour am\u00e9liorer la disponibilit\u00e9 de l&rsquo;eau potable dans les zones rurales et urbaines de la r\u00e9gion des Savanes qui totalisait 1 143&nbsp;520 habitants selon le 5e recensement g\u00e9n\u00e9ral.<\/p>\n\n\n\n<p>Situ\u00e9e \u00e0 l&rsquo;extr\u00eame nord du pays, la r\u00e9gion des Savanes a toujours \u00e9t\u00e9 confront\u00e9e \u00e0 des p\u00e9nuries d&rsquo;eau accentu\u00e9es par le changement climatique, des p\u00e9riodes prolong\u00e9es de s\u00e9cheresse et \u00e9galement par l&rsquo;insuffisance des infrastructures hydrauliques.<\/p>\n\n\n\n<p>Avant la mise en place du PURS, plusieurs villages de la r\u00e9gion manquaient de points d&rsquo;eau potable, ce qui oblige les habitants \u00e0 parcourir de longues distances pour s&rsquo;approvisionner.<\/p>\n\n\n\n<p>L&rsquo;eau disponible provenait souvent de sources non s\u00e9curis\u00e9es comme des puits traditionnels ou des rivi\u00e8res, augmentant ainsi les risques de maladies hydriques telles que la diarrh\u00e9e, le chol\u00e9ra et la typho\u00efde. C&rsquo;est donc tout naturellement que les autorit\u00e9s ont jug\u00e9 bon d&rsquo;am\u00e9liorer l&rsquo;acc\u00e8s \u00e0 l&rsquo;eau \u00e0 travers le Programme d&rsquo;urgence pour la r\u00e9gion des Savanes.<\/p>\n\n\n\n<p class=\"has-text-align-center\"><strong>Augmentation du taux de desserte<\/strong><\/p>\n\n\n\n<p>Les actions du PURS pour am\u00e9liorer l&rsquo;acc\u00e8s \u00e0 l&rsquo;eau potable concernent la construction et la r\u00e9habilitation de forages, l&rsquo;installation de syst\u00e8mes d&rsquo;adduction d&rsquo;eau potable, la mise en place de bornes fontaines, la promotion de la gestion durable des ressources en eau, entre autres<\/p>\n\n\n\n<p>Les r\u00e9sultats sont tangibles sur ce volet. Sur le plan de l&rsquo;acc\u00e8s \u00e0 l&rsquo;eau, pr\u00e8s de 80&nbsp;000 personnes ont b\u00e9n\u00e9fici\u00e9 des infrastructures hydrauliques, ce qui a fait passer le taux de desserte en milieu rural de 64 % en 2021 \u00e0 73,5 % en 2022.<\/p>\n\n\n\n<p>Les r\u00e9alisations du PURS \u00e9pousent celles qui sont mises en \u0153uvre par l&rsquo;\u00c9tat sur tout le territoire, faisant passer le taux de desserte en eau potable est pass\u00e9 \u00e0 69 % en 2023, contre 47,6 % en 2014, selon le minist\u00e8re de l&rsquo;Eau et de l&rsquo;Hydraulique villageoise.<\/p>\n\n\n\n<p>Il faut souligner que l&rsquo;ambition des dirigeants est de parvenir \u00e0 une couverture nationale de 85 % de l&rsquo;eau potable \u00e0 l&rsquo;horizon 2025 et de 100 % d&rsquo;ici 2030.<\/p>\n\n\n\n<p><strong>La R\u00e9daction<\/strong><\/p>\n","protected":false},"excerpt":{"rendered":"<p>Le Programme d&rsquo;urgence pour la r\u00e9gion des Savanes (PURS) lanc\u00e9 en d\u00e9but de l&rsquo;ann\u00e9e 2022, se pr\u00e9sente comme un levier de transformation des conditions de vie des populations. Au rang&hellip; <\/p>\n","protected":false},"author":1,"featured_media":1541,"comment_status":"closed","ping_status":"closed","sticky":false,"template":"","format":"standard","meta":{"footnotes":""},"categories":[29],"tags":[],"class_list":["post-1540","post","type-post","status-publish","format-standard","has-post-thumbnail","hentry","category-societe"],"yoast_head":"<!-- This site is optimized with the Yoast SEO plugin v26.4 - https:\/\/yoast.com\/wordpress\/plugins\/seo\/ -->\n<title>R\u00e9gion des savanes\u00a0: Renforcement de l\u2019acc\u00e8s \u00e0 l&#039;eau potable\u00a0gr\u00e2ce au PURS - La Voix de la Nation<\/title>\n<meta name=\"robots\" content=\"index, follow, max-snippet:-1, max-image-preview:large, max-video-preview:-1\" \/>\n<link rel=\"canonical\" href=\"https:\/\/lavoixdelanation.tg\/index.php\/2024\/11\/30\/region-des-savanes-renforcement-de-lacces-a-leau-potable-grace-au-purs\/\" \/>\n<meta property=\"og:locale\" content=\"fr_FR\" \/>\n<meta property=\"og:type\" content=\"article\" \/>\n<meta property=\"og:title\" content=\"R\u00e9gion des savanes\u00a0: Renforcement de l\u2019acc\u00e8s \u00e0 l&#039;eau potable\u00a0gr\u00e2ce au PURS - La Voix de la Nation\" \/>\n<meta property=\"og:description\" content=\"Le Programme d&rsquo;urgence pour la r\u00e9gion des Savanes (PURS) lanc\u00e9 en d\u00e9but de l&rsquo;ann\u00e9e 2022, se pr\u00e9sente comme un levier de transformation des conditions de vie des populations. Au rang&hellip;\" \/>\n<meta property=\"og:url\" content=\"https:\/\/lavoixdelanation.tg\/index.php\/2024\/11\/30\/region-des-savanes-renforcement-de-lacces-a-leau-potable-grace-au-purs\/\" \/>\n<meta property=\"og:site_name\" content=\"La Voix de la Nation\" \/>\n<meta property=\"article:publisher\" content=\"https:\/\/www.facebook.com\/lavoixdelanation\" \/>\n<meta property=\"article:published_time\" content=\"2024-11-30T11:42:00+00:00\" \/>\n<meta property=\"article:modified_time\" content=\"2024-12-16T11:47:54+00:00\" \/>\n<meta property=\"og:image\" content=\"https:\/\/lavoixdelanation.tg\/wp-content\/uploads\/2024\/12\/Acces-a-leau-potable-dans-la-region-des-savanes-au-Togo.jpg\" \/>\n\t<meta property=\"og:image:width\" content=\"696\" \/>\n\t<meta property=\"og:image:height\" content=\"391\" \/>\n\t<meta property=\"og:image:type\" content=\"image\/jpeg\" \/>\n<meta name=\"author\" content=\"La voix de la nation\" \/>\n<meta name=\"twitter:card\" content=\"summary_large_image\" \/>\n<meta name=\"twitter:label1\" content=\"\u00c9crit par\" \/>\n\t<meta name=\"twitter:data1\" content=\"La voix de la nation\" \/>\n\t<meta name=\"twitter:label2\" content=\"Dur\u00e9e de lecture estim\u00e9e\" \/>\n\t<meta name=\"twitter:data2\" content=\"2 minutes\" \/>\n<script type=\"application\/ld+json\" class=\"yoast-schema-graph\">{\"@context\":\"https:\/\/schema.org\",\"@graph\":[{\"@type\":\"Article\",\"@id\":\"https:\/\/lavoixdelanation.tg\/index.php\/2024\/11\/30\/region-des-savanes-renforcement-de-lacces-a-leau-potable-grace-au-purs\/#article\",\"isPartOf\":{\"@id\":\"https:\/\/lavoixdelanation.tg\/index.php\/2024\/11\/30\/region-des-savanes-renforcement-de-lacces-a-leau-potable-grace-au-purs\/\"},\"author\":{\"name\":\"La voix de la nation\",\"@id\":\"https:\/\/lavoixdelanation.tg\/#\/schema\/person\/6c489293aa38053673a9e554acb6e224\"},\"headline\":\"R\u00e9gion des savanes\u00a0: Renforcement de l\u2019acc\u00e8s \u00e0 l&rsquo;eau potable\u00a0gr\u00e2ce au PURS\",\"datePublished\":\"2024-11-30T11:42:00+00:00\",\"dateModified\":\"2024-12-16T11:47:54+00:00\",\"mainEntityOfPage\":{\"@id\":\"https:\/\/lavoixdelanation.tg\/index.php\/2024\/11\/30\/region-des-savanes-renforcement-de-lacces-a-leau-potable-grace-au-purs\/\"},\"wordCount\":453,\"publisher\":{\"@id\":\"https:\/\/lavoixdelanation.tg\/#organization\"},\"image\":{\"@id\":\"https:\/\/lavoixdelanation.tg\/index.php\/2024\/11\/30\/region-des-savanes-renforcement-de-lacces-a-leau-potable-grace-au-purs\/#primaryimage\"},\"thumbnailUrl\":\"https:\/\/lavoixdelanation.tg\/wp-content\/uploads\/2024\/12\/Acces-a-leau-potable-dans-la-region-des-savanes-au-Togo.jpg\",\"articleSection\":[\"Soci\u00e9t\u00e9\"],\"inLanguage\":\"fr-FR\"},{\"@type\":\"WebPage\",\"@id\":\"https:\/\/lavoixdelanation.tg\/index.php\/2024\/11\/30\/region-des-savanes-renforcement-de-lacces-a-leau-potable-grace-au-purs\/\",\"url\":\"https:\/\/lavoixdelanation.tg\/index.php\/2024\/11\/30\/region-des-savanes-renforcement-de-lacces-a-leau-potable-grace-au-purs\/\",\"name\":\"R\u00e9gion des savanes\u00a0: Renforcement de l\u2019acc\u00e8s \u00e0 l'eau potable\u00a0gr\u00e2ce au PURS - La Voix de la Nation\",\"isPartOf\":{\"@id\":\"https:\/\/lavoixdelanation.tg\/#website\"},\"primaryImageOfPage\":{\"@id\":\"https:\/\/lavoixdelanation.tg\/index.php\/2024\/11\/30\/region-des-savanes-renforcement-de-lacces-a-leau-potable-grace-au-purs\/#primaryimage\"},\"image\":{\"@id\":\"https:\/\/lavoixdelanation.tg\/index.php\/2024\/11\/30\/region-des-savanes-renforcement-de-lacces-a-leau-potable-grace-au-purs\/#primaryimage\"},\"thumbnailUrl\":\"https:\/\/lavoixdelanation.tg\/wp-content\/uploads\/2024\/12\/Acces-a-leau-potable-dans-la-region-des-savanes-au-Togo.jpg\",\"datePublished\":\"2024-11-30T11:42:00+00:00\",\"dateModified\":\"2024-12-16T11:47:54+00:00\",\"breadcrumb\":{\"@id\":\"https:\/\/lavoixdelanation.tg\/index.php\/2024\/11\/30\/region-des-savanes-renforcement-de-lacces-a-leau-potable-grace-au-purs\/#breadcrumb\"},\"inLanguage\":\"fr-FR\",\"potentialAction\":[{\"@type\":\"ReadAction\",\"target\":[\"https:\/\/lavoixdelanation.tg\/index.php\/2024\/11\/30\/region-des-savanes-renforcement-de-lacces-a-leau-potable-grace-au-purs\/\"]}]},{\"@type\":\"ImageObject\",\"inLanguage\":\"fr-FR\",\"@id\":\"https:\/\/lavoixdelanation.tg\/index.php\/2024\/11\/30\/region-des-savanes-renforcement-de-lacces-a-leau-potable-grace-au-purs\/#primaryimage\",\"url\":\"https:\/\/lavoixdelanation.tg\/wp-content\/uploads\/2024\/12\/Acces-a-leau-potable-dans-la-region-des-savanes-au-Togo.jpg\",\"contentUrl\":\"https:\/\/lavoixdelanation.tg\/wp-content\/uploads\/2024\/12\/Acces-a-leau-potable-dans-la-region-des-savanes-au-Togo.jpg\",\"width\":696,\"height\":391},{\"@type\":\"BreadcrumbList\",\"@id\":\"https:\/\/lavoixdelanation.tg\/index.php\/2024\/11\/30\/region-des-savanes-renforcement-de-lacces-a-leau-potable-grace-au-purs\/#breadcrumb\",\"itemListElement\":[{\"@type\":\"ListItem\",\"position\":1,\"name\":\"Accueil\",\"item\":\"https:\/\/lavoixdelanation.tg\/\"},{\"@type\":\"ListItem\",\"position\":2,\"name\":\"R\u00e9gion des savanes\u00a0: Renforcement de l\u2019acc\u00e8s \u00e0 l&#8217;eau potable\u00a0gr\u00e2ce au PURS\"}]},{\"@type\":\"WebSite\",\"@id\":\"https:\/\/lavoixdelanation.tg\/#website\",\"url\":\"https:\/\/lavoixdelanation.tg\/\",\"name\":\"La Voix de la Nation\",\"description\":\"R\u00e9c\u00e9piss\u00e9 n\u00b00108\/HAAC\/01-2024\/pl\/P\",\"publisher\":{\"@id\":\"https:\/\/lavoixdelanation.tg\/#organization\"},\"alternateName\":\"VON\",\"potentialAction\":[{\"@type\":\"SearchAction\",\"target\":{\"@type\":\"EntryPoint\",\"urlTemplate\":\"https:\/\/lavoixdelanation.tg\/?s={search_term_string}\"},\"query-input\":{\"@type\":\"PropertyValueSpecification\",\"valueRequired\":true,\"valueName\":\"search_term_string\"}}],\"inLanguage\":\"fr-FR\"},{\"@type\":\"Organization\",\"@id\":\"https:\/\/lavoixdelanation.tg\/#organization\",\"name\":\"La Voix de la Nation\",\"url\":\"https:\/\/lavoixdelanation.tg\/\",\"logo\":{\"@type\":\"ImageObject\",\"inLanguage\":\"fr-FR\",\"@id\":\"https:\/\/lavoixdelanation.tg\/#\/schema\/logo\/image\/\",\"url\":\"https:\/\/lavoixdelanation.tg\/wp-content\/uploads\/2024\/12\/lavn-1.png\",\"contentUrl\":\"https:\/\/lavoixdelanation.tg\/wp-content\/uploads\/2024\/12\/lavn-1.png\",\"width\":1024,\"height\":464,\"caption\":\"La Voix de la Nation\"},\"image\":{\"@id\":\"https:\/\/lavoixdelanation.tg\/#\/schema\/logo\/image\/\"},\"sameAs\":[\"https:\/\/www.facebook.com\/lavoixdelanation\"]},{\"@type\":\"Person\",\"@id\":\"https:\/\/lavoixdelanation.tg\/#\/schema\/person\/6c489293aa38053673a9e554acb6e224\",\"name\":\"La voix de la nation\",\"image\":{\"@type\":\"ImageObject\",\"inLanguage\":\"fr-FR\",\"@id\":\"https:\/\/lavoixdelanation.tg\/#\/schema\/person\/image\/\",\"url\":\"https:\/\/secure.gravatar.com\/avatar\/8aa135d4bbc794494cecaa8d483f6d6cc1023624868deaff686baed5e727a5a1?s=96&d=mm&r=g\",\"contentUrl\":\"https:\/\/secure.gravatar.com\/avatar\/8aa135d4bbc794494cecaa8d483f6d6cc1023624868deaff686baed5e727a5a1?s=96&d=mm&r=g\",\"caption\":\"La voix de la nation\"},\"sameAs\":[\"https:\/\/lavoixdelanation.tg\"],\"url\":\"https:\/\/lavoixdelanation.tg\/index.php\/author\/lavn\/\"}]}<\/script>\n<!-- \/ Yoast SEO plugin. -->","yoast_head_json":{"title":"R\u00e9gion des savanes\u00a0: Renforcement de l\u2019acc\u00e8s \u00e0 l'eau potable\u00a0gr\u00e2ce au PURS - La Voix de la Nation","robots":{"index":"index","follow":"follow","max-snippet":"max-snippet:-1","max-image-preview":"max-image-preview:large","max-video-preview":"max-video-preview:-1"},"canonical":"https:\/\/lavoixdelanation.tg\/index.php\/2024\/11\/30\/region-des-savanes-renforcement-de-lacces-a-leau-potable-grace-au-purs\/","og_locale":"fr_FR","og_type":"article","og_title":"R\u00e9gion des savanes\u00a0: Renforcement de l\u2019acc\u00e8s \u00e0 l'eau potable\u00a0gr\u00e2ce au PURS - La Voix de la Nation","og_description":"Le Programme d&rsquo;urgence pour la r\u00e9gion des Savanes (PURS) lanc\u00e9 en d\u00e9but de l&rsquo;ann\u00e9e 2022, se pr\u00e9sente comme un levier de transformation des conditions de vie des populations. Au rang&hellip;","og_url":"https:\/\/lavoixdelanation.tg\/index.php\/2024\/11\/30\/region-des-savanes-renforcement-de-lacces-a-leau-potable-grace-au-purs\/","og_site_name":"La Voix de la Nation","article_publisher":"https:\/\/www.facebook.com\/lavoixdelanation","article_published_time":"2024-11-30T11:42:00+00:00","article_modified_time":"2024-12-16T11:47:54+00:00","og_image":[{"width":696,"height":391,"url":"https:\/\/lavoixdelanation.tg\/wp-content\/uploads\/2024\/12\/Acces-a-leau-potable-dans-la-region-des-savanes-au-Togo.jpg","type":"image\/jpeg"}],"author":"La voix de la nation","twitter_card":"summary_large_image","twitter_misc":{"\u00c9crit par":"La voix de la nation","Dur\u00e9e de lecture estim\u00e9e":"2 minutes"},"schema":{"@context":"https:\/\/schema.org","@graph":[{"@type":"Article","@id":"https:\/\/lavoixdelanation.tg\/index.php\/2024\/11\/30\/region-des-savanes-renforcement-de-lacces-a-leau-potable-grace-au-purs\/#article","isPartOf":{"@id":"https:\/\/lavoixdelanation.tg\/index.php\/2024\/11\/30\/region-des-savanes-renforcement-de-lacces-a-leau-potable-grace-au-purs\/"},"author":{"name":"La voix de la nation","@id":"https:\/\/lavoixdelanation.tg\/#\/schema\/person\/6c489293aa38053673a9e554acb6e224"},"headline":"R\u00e9gion des savanes\u00a0: Renforcement de l\u2019acc\u00e8s \u00e0 l&rsquo;eau potable\u00a0gr\u00e2ce au PURS","datePublished":"2024-11-30T11:42:00+00:00","dateModified":"2024-12-16T11:47:54+00:00","mainEntityOfPage":{"@id":"https:\/\/lavoixdelanation.tg\/index.php\/2024\/11\/30\/region-des-savanes-renforcement-de-lacces-a-leau-potable-grace-au-purs\/"},"wordCount":453,"publisher":{"@id":"https:\/\/lavoixdelanation.tg\/#organization"},"image":{"@id":"https:\/\/lavoixdelanation.tg\/index.php\/2024\/11\/30\/region-des-savanes-renforcement-de-lacces-a-leau-potable-grace-au-purs\/#primaryimage"},"thumbnailUrl":"https:\/\/lavoixdelanation.tg\/wp-content\/uploads\/2024\/12\/Acces-a-leau-potable-dans-la-region-des-savanes-au-Togo.jpg","articleSection":["Soci\u00e9t\u00e9"],"inLanguage":"fr-FR"},{"@type":"WebPage","@id":"https:\/\/lavoixdelanation.tg\/index.php\/2024\/11\/30\/region-des-savanes-renforcement-de-lacces-a-leau-potable-grace-au-purs\/","url":"https:\/\/lavoixdelanation.tg\/index.php\/2024\/11\/30\/region-des-savanes-renforcement-de-lacces-a-leau-potable-grace-au-purs\/","name":"R\u00e9gion des savanes\u00a0: Renforcement de l\u2019acc\u00e8s \u00e0 l'eau potable\u00a0gr\u00e2ce au PURS - La Voix de la Nation","isPartOf":{"@id":"https:\/\/lavoixdelanation.tg\/#website"},"primaryImageOfPage":{"@id":"https:\/\/lavoixdelanation.tg\/index.php\/2024\/11\/30\/region-des-savanes-renforcement-de-lacces-a-leau-potable-grace-au-purs\/#primaryimage"},"image":{"@id":"https:\/\/lavoixdelanation.tg\/index.php\/2024\/11\/30\/region-des-savanes-renforcement-de-lacces-a-leau-potable-grace-au-purs\/#primaryimage"},"thumbnailUrl":"https:\/\/lavoixdelanation.tg\/wp-content\/uploads\/2024\/12\/Acces-a-leau-potable-dans-la-region-des-savanes-au-Togo.jpg","datePublished":"2024-11-30T11:42:00+00:00","dateModified":"2024-12-16T11:47:54+00:00","breadcrumb":{"@id":"https:\/\/lavoixdelanation.tg\/index.php\/2024\/11\/30\/region-des-savanes-renforcement-de-lacces-a-leau-potable-grace-au-purs\/#breadcrumb"},"inLanguage":"fr-FR","potentialAction":[{"@type":"ReadAction","target":["https:\/\/lavoixdelanation.tg\/index.php\/2024\/11\/30\/region-des-savanes-renforcement-de-lacces-a-leau-potable-grace-au-purs\/"]}]},{"@type":"ImageObject","inLanguage":"fr-FR","@id":"https:\/\/lavoixdelanation.tg\/index.php\/2024\/11\/30\/region-des-savanes-renforcement-de-lacces-a-leau-potable-grace-au-purs\/#primaryimage","url":"https:\/\/lavoixdelanation.tg\/wp-content\/uploads\/2024\/12\/Acces-a-leau-potable-dans-la-region-des-savanes-au-Togo.jpg","contentUrl":"https:\/\/lavoixdelanation.tg\/wp-content\/uploads\/2024\/12\/Acces-a-leau-potable-dans-la-region-des-savanes-au-Togo.jpg","width":696,"height":391},{"@type":"BreadcrumbList","@id":"https:\/\/lavoixdelanation.tg\/index.php\/2024\/11\/30\/region-des-savanes-renforcement-de-lacces-a-leau-potable-grace-au-purs\/#breadcrumb","itemListElement":[{"@type":"ListItem","position":1,"name":"Accueil","item":"https:\/\/lavoixdelanation.tg\/"},{"@type":"ListItem","position":2,"name":"R\u00e9gion des savanes\u00a0: Renforcement de l\u2019acc\u00e8s \u00e0 l&#8217;eau potable\u00a0gr\u00e2ce au PURS"}]},{"@type":"WebSite","@id":"https:\/\/lavoixdelanation.tg\/#website","url":"https:\/\/lavoixdelanation.tg\/","name":"La Voix de la Nation","description":"R\u00e9c\u00e9piss\u00e9 n\u00b00108\/HAAC\/01-2024\/pl\/P","publisher":{"@id":"https:\/\/lavoixdelanation.tg\/#organization"},"alternateName":"VON","potentialAction":[{"@type":"SearchAction","target":{"@type":"EntryPoint","urlTemplate":"https:\/\/lavoixdelanation.tg\/?s={search_term_string}"},"query-input":{"@type":"PropertyValueSpecification","valueRequired":true,"valueName":"search_term_string"}}],"inLanguage":"fr-FR"},{"@type":"Organization","@id":"https:\/\/lavoixdelanation.tg\/#organization","name":"La Voix de la Nation","url":"https:\/\/lavoixdelanation.tg\/","logo":{"@type":"ImageObject","inLanguage":"fr-FR","@id":"https:\/\/lavoixdelanation.tg\/#\/schema\/logo\/image\/","url":"https:\/\/lavoixdelanation.tg\/wp-content\/uploads\/2024\/12\/lavn-1.png","contentUrl":"https:\/\/lavoixdelanation.tg\/wp-content\/uploads\/2024\/12\/lavn-1.png","width":1024,"height":464,"caption":"La Voix de la Nation"},"image":{"@id":"https:\/\/lavoixdelanation.tg\/#\/schema\/logo\/image\/"},"sameAs":["https:\/\/www.facebook.com\/lavoixdelanation"]},{"@type":"Person","@id":"https:\/\/lavoixdelanation.tg\/#\/schema\/person\/6c489293aa38053673a9e554acb6e224","name":"La voix de la nation","image":{"@type":"ImageObject","inLanguage":"fr-FR","@id":"https:\/\/lavoixdelanation.tg\/#\/schema\/person\/image\/","url":"https:\/\/secure.gravatar.com\/avatar\/8aa135d4bbc794494cecaa8d483f6d6cc1023624868deaff686baed5e727a5a1?s=96&d=mm&r=g","contentUrl":"https:\/\/secure.gravatar.com\/avatar\/8aa135d4bbc794494cecaa8d483f6d6cc1023624868deaff686baed5e727a5a1?s=96&d=mm&r=g","caption":"La voix de la nation"},"sameAs":["https:\/\/lavoixdelanation.tg"],"url":"https:\/\/lavoixdelanation.tg\/index.php\/author\/lavn\/"}]}},"_links":{"self":[{"href":"https:\/\/lavoixdelanation.tg\/index.php\/wp-json\/wp\/v2\/posts\/1540","targetHints":{"allow":["GET"]}}],"collection":[{"href":"https:\/\/lavoixdelanation.tg\/index.php\/wp-json\/wp\/v2\/posts"}],"about":[{"href":"https:\/\/lavoixdelanation.tg\/index.php\/wp-json\/wp\/v2\/types\/post"}],"author":[{"embeddable":true,"href":"https:\/\/lavoixdelanation.tg\/index.php\/wp-json\/wp\/v2\/users\/1"}],"replies":[{"embeddable":true,"href":"https:\/\/lavoixdelanation.tg\/index.php\/wp-json\/wp\/v2\/comments?post=1540"}],"version-history":[{"count":1,"href":"https:\/\/lavoixdelanation.tg\/index.php\/wp-json\/wp\/v2\/posts\/1540\/revisions"}],"predecessor-version":[{"id":1542,"href":"https:\/\/lavoixdelanation.tg\/index.php\/wp-json\/wp\/v2\/posts\/1540\/revisions\/1542"}],"wp:featuredmedia":[{"embeddable":true,"href":"https:\/\/lavoixdelanation.tg\/index.php\/wp-json\/wp\/v2\/media\/1541"}],"wp:attachment":[{"href":"https:\/\/lavoixdelanation.tg\/index.php\/wp-json\/wp\/v2\/media?parent=1540"}],"wp:term":[{"taxonomy":"category","embeddable":true,"href":"https:\/\/lavoixdelanation.tg\/index.php\/wp-json\/wp\/v2\/categories?post=1540"},{"taxonomy":"post_tag","embeddable":true,"href":"https:\/\/lavoixdelanation.tg\/index.php\/wp-json\/wp\/v2\/tags?post=1540"}],"curies":[{"name":"wp","href":"https:\/\/api.w.org\/{rel}","templated":true}]}}