{"id":15360,"date":"2026-02-04T05:56:00","date_gmt":"2026-02-04T04:56:00","guid":{"rendered":"https:\/\/lavoixdelanation.tg\/?p=15360"},"modified":"2026-02-04T06:58:47","modified_gmt":"2026-02-04T05:58:47","slug":"medias-yawa-kouigan-echange-avec-les-organisations-professionnelles-de-la-presse","status":"publish","type":"post","link":"https:\/\/lavoixdelanation.tg\/index.php\/2026\/02\/04\/medias-yawa-kouigan-echange-avec-les-organisations-professionnelles-de-la-presse\/","title":{"rendered":"M\u00e9dias\u00a0: Yawa Kouigan \u00e9change avec les organisations professionnelles de la presse"},"content":{"rendered":"\n<p><strong>La ministre de la communication Mme Yawa Kouigan a \u00e9chang\u00e9 ce mardi 03 f\u00e9vrier 2026 \u00e0 Lom\u00e9, avec les repr\u00e9sentants des organisations professionnelles de la presse (OTM, CONAPP, URATEL, PPT, ATOPEL, OPPEL, UJIT, SYNJIT).<\/strong><\/p>\n\n\n\n<p>La s\u00e9ance s\u2019inscrit dans le cadre d\u2019une rencontre d\u2019\u00e9changes consacr\u00e9e aux enjeux actuels du secteur des m\u00e9dias au Togo, selon une note publi\u00e9e \u00e0 cet effet par le minist\u00e8re.<\/p>\n\n\n\n<p>Le document pr\u00e9cise que cette s\u00e9ance de travail qui rel\u00e8ve du dialogue permanent entre le gouvernement et les acteurs de la presse, a servi de cadre pour des discussions constructives sur les r\u00e9alit\u00e9s \u00e9conomiques, professionnelles et \u00e9thiques auxquelles font face les entreprises de presse.<\/p>\n\n\n\n<figure class=\"wp-block-image size-large\"><img loading=\"lazy\" decoding=\"async\" width=\"1024\" height=\"683\" src=\"https:\/\/lavoixdelanation.tg\/wp-content\/uploads\/2026\/02\/Mme-Yawa-Kouigan-echange-avec-les-organisations-professionnelles-de-la-presse-1024x683.jpeg\" alt=\"\" class=\"wp-image-15362\" srcset=\"https:\/\/lavoixdelanation.tg\/wp-content\/uploads\/2026\/02\/Mme-Yawa-Kouigan-echange-avec-les-organisations-professionnelles-de-la-presse-1024x683.jpeg 1024w, https:\/\/lavoixdelanation.tg\/wp-content\/uploads\/2026\/02\/Mme-Yawa-Kouigan-echange-avec-les-organisations-professionnelles-de-la-presse-300x200.jpeg 300w, https:\/\/lavoixdelanation.tg\/wp-content\/uploads\/2026\/02\/Mme-Yawa-Kouigan-echange-avec-les-organisations-professionnelles-de-la-presse-768x512.jpeg 768w, https:\/\/lavoixdelanation.tg\/wp-content\/uploads\/2026\/02\/Mme-Yawa-Kouigan-echange-avec-les-organisations-professionnelles-de-la-presse.jpeg 1080w\" sizes=\"auto, (max-width: 1024px) 100vw, 1024px\" \/><\/figure>\n\n\n\n<p>Au regard des mutations profondes de l\u2019\u00e9cosyst\u00e8me m\u00e9diatique, les participants ont notamment \u00e9voqu\u00e9 la fragilisation \u00e9conomique du secteur, l\u2019impact croissant des plateformes num\u00e9riques sur les mod\u00e8les de financement des m\u00e9dias, ainsi que les d\u00e9fis li\u00e9s \u00e0 la qualit\u00e9 de l\u2019information et \u00e0 la lutte contre la d\u00e9sinformation.<\/p>\n\n\n\n<p>Par ailleurs, la question du Fonds d\u2019appui \u00e0 la presse a \u00e9galement \u00e9t\u00e9 abord\u00e9e, de m\u00eame que les attentes relatives \u00e0 la relecture des textes r\u00e9gissant l\u2019exercice de la profession, dans le contexte institutionnel de la Ve R\u00e9publique.<\/p>\n\n\n\n<p>La ministre Yawa Kouigan a r\u00e9affirm\u00e9 l\u2019attachement du gouvernement \u00e0 une presse libre, responsable et professionnelle, socle d\u2019un d\u00e9bat d\u00e9mocratique sain et de la coh\u00e9sion sociale. Elle a en outre rappel\u00e9 l\u2019importance du dialogue r\u00e9gulier et structur\u00e9 avec les organisations professionnelles, en vue de b\u00e2tir des r\u00e9formes adapt\u00e9es, inclusives et en phase avec les \u00e9volutions du secteur de la communication et des m\u00e9dias.<\/p>\n\n\n\n<p>Les \u00e9changes ont \u00e9galement permis de r\u00e9it\u00e9rer la n\u00e9cessit\u00e9 de l\u2019implication des professionnels des m\u00e9dias dans les processus de r\u00e9flexion et de r\u00e9forme en cours, dans une approche de concertation et de co-construction.<\/p>\n\n\n\n<p>Au terme des \u00e9changes, les parties ont exprim\u00e9 leur volont\u00e9 commune de maintenir ce cadre d\u2019\u00e9changes ouvert et constructif, au service du renforcement de l\u2019\u00e9cosyst\u00e8me m\u00e9diatique du Togo.<\/p>\n\n\n\n<p><strong>La R\u00e9daction<\/strong><\/p>\n","protected":false},"excerpt":{"rendered":"<p>La ministre de la communication Mme Yawa Kouigan a \u00e9chang\u00e9 ce mardi 03 f\u00e9vrier 2026 \u00e0 Lom\u00e9, avec les repr\u00e9sentants des organisations professionnelles de la presse (OTM, CONAPP, URATEL, PPT,&hellip; <\/p>\n","protected":false},"author":1,"featured_media":15361,"comment_status":"open","ping_status":"closed","sticky":false,"template":"","format":"standard","meta":{"footnotes":""},"categories":[24],"tags":[1256,1257,39,155],"class_list":["post-15360","post","type-post","status-publish","format-standard","has-post-thumbnail","hentry","category-medias","tag-medias","tag-organisations-de-presse","tag-togo","tag-yawa-kouigan"],"yoast_head":"<!-- This site is optimized with the Yoast SEO plugin v26.4 - https:\/\/yoast.com\/wordpress\/plugins\/seo\/ -->\n<title>M\u00e9dias\u00a0: Yawa Kouigan \u00e9change avec les organisations professionnelles de la presse - La Voix de la Nation<\/title>\n<meta name=\"robots\" content=\"index, follow, max-snippet:-1, max-image-preview:large, max-video-preview:-1\" \/>\n<link rel=\"canonical\" href=\"https:\/\/lavoixdelanation.tg\/index.php\/2026\/02\/04\/medias-yawa-kouigan-echange-avec-les-organisations-professionnelles-de-la-presse\/\" \/>\n<meta property=\"og:locale\" content=\"fr_FR\" \/>\n<meta property=\"og:type\" content=\"article\" \/>\n<meta property=\"og:title\" content=\"M\u00e9dias\u00a0: Yawa Kouigan \u00e9change avec les organisations professionnelles de la presse - La Voix de la Nation\" \/>\n<meta property=\"og:description\" content=\"La ministre de la communication Mme Yawa Kouigan a \u00e9chang\u00e9 ce mardi 03 f\u00e9vrier 2026 \u00e0 Lom\u00e9, avec les repr\u00e9sentants des organisations professionnelles de la presse (OTM, CONAPP, URATEL, PPT,&hellip;\" \/>\n<meta property=\"og:url\" content=\"https:\/\/lavoixdelanation.tg\/index.php\/2026\/02\/04\/medias-yawa-kouigan-echange-avec-les-organisations-professionnelles-de-la-presse\/\" \/>\n<meta property=\"og:site_name\" content=\"La Voix de la Nation\" \/>\n<meta property=\"article:publisher\" content=\"https:\/\/www.facebook.com\/lavoixdelanation\" \/>\n<meta property=\"article:published_time\" content=\"2026-02-04T04:56:00+00:00\" \/>\n<meta property=\"article:modified_time\" content=\"2026-02-04T05:58:47+00:00\" \/>\n<meta property=\"og:image\" content=\"https:\/\/lavoixdelanation.tg\/wp-content\/uploads\/2026\/02\/Yawa-Kouigan-echange-avec-les-organisations-professionnelles-de-la-presse-au-Togo.jpeg\" \/>\n\t<meta property=\"og:image:width\" content=\"1280\" \/>\n\t<meta property=\"og:image:height\" content=\"853\" \/>\n\t<meta property=\"og:image:type\" content=\"image\/jpeg\" \/>\n<meta name=\"author\" content=\"La voix de la nation\" \/>\n<meta name=\"twitter:card\" content=\"summary_large_image\" \/>\n<meta name=\"twitter:label1\" content=\"\u00c9crit par\" \/>\n\t<meta name=\"twitter:data1\" content=\"La voix de la nation\" \/>\n\t<meta name=\"twitter:label2\" content=\"Dur\u00e9e de lecture estim\u00e9e\" \/>\n\t<meta name=\"twitter:data2\" content=\"3 minutes\" \/>\n<script type=\"application\/ld+json\" class=\"yoast-schema-graph\">{\"@context\":\"https:\/\/schema.org\",\"@graph\":[{\"@type\":\"Article\",\"@id\":\"https:\/\/lavoixdelanation.tg\/index.php\/2026\/02\/04\/medias-yawa-kouigan-echange-avec-les-organisations-professionnelles-de-la-presse\/#article\",\"isPartOf\":{\"@id\":\"https:\/\/lavoixdelanation.tg\/index.php\/2026\/02\/04\/medias-yawa-kouigan-echange-avec-les-organisations-professionnelles-de-la-presse\/\"},\"author\":{\"name\":\"La voix de la nation\",\"@id\":\"https:\/\/lavoixdelanation.tg\/#\/schema\/person\/6c489293aa38053673a9e554acb6e224\"},\"headline\":\"M\u00e9dias\u00a0: Yawa Kouigan \u00e9change avec les organisations professionnelles de la presse\",\"datePublished\":\"2026-02-04T04:56:00+00:00\",\"dateModified\":\"2026-02-04T05:58:47+00:00\",\"mainEntityOfPage\":{\"@id\":\"https:\/\/lavoixdelanation.tg\/index.php\/2026\/02\/04\/medias-yawa-kouigan-echange-avec-les-organisations-professionnelles-de-la-presse\/\"},\"wordCount\":377,\"commentCount\":0,\"publisher\":{\"@id\":\"https:\/\/lavoixdelanation.tg\/#organization\"},\"image\":{\"@id\":\"https:\/\/lavoixdelanation.tg\/index.php\/2026\/02\/04\/medias-yawa-kouigan-echange-avec-les-organisations-professionnelles-de-la-presse\/#primaryimage\"},\"thumbnailUrl\":\"https:\/\/lavoixdelanation.tg\/wp-content\/uploads\/2026\/02\/Yawa-Kouigan-echange-avec-les-organisations-professionnelles-de-la-presse-au-Togo.jpeg\",\"keywords\":[\"M\u00e9dias\",\"organisations de presse\",\"Togo\",\"Yawa Kouigan\"],\"articleSection\":[\"M\u00e9dias\"],\"inLanguage\":\"fr-FR\",\"potentialAction\":[{\"@type\":\"CommentAction\",\"name\":\"Comment\",\"target\":[\"https:\/\/lavoixdelanation.tg\/index.php\/2026\/02\/04\/medias-yawa-kouigan-echange-avec-les-organisations-professionnelles-de-la-presse\/#respond\"]}]},{\"@type\":\"WebPage\",\"@id\":\"https:\/\/lavoixdelanation.tg\/index.php\/2026\/02\/04\/medias-yawa-kouigan-echange-avec-les-organisations-professionnelles-de-la-presse\/\",\"url\":\"https:\/\/lavoixdelanation.tg\/index.php\/2026\/02\/04\/medias-yawa-kouigan-echange-avec-les-organisations-professionnelles-de-la-presse\/\",\"name\":\"M\u00e9dias\u00a0: Yawa Kouigan \u00e9change avec les organisations professionnelles de la presse - La Voix de la Nation\",\"isPartOf\":{\"@id\":\"https:\/\/lavoixdelanation.tg\/#website\"},\"primaryImageOfPage\":{\"@id\":\"https:\/\/lavoixdelanation.tg\/index.php\/2026\/02\/04\/medias-yawa-kouigan-echange-avec-les-organisations-professionnelles-de-la-presse\/#primaryimage\"},\"image\":{\"@id\":\"https:\/\/lavoixdelanation.tg\/index.php\/2026\/02\/04\/medias-yawa-kouigan-echange-avec-les-organisations-professionnelles-de-la-presse\/#primaryimage\"},\"thumbnailUrl\":\"https:\/\/lavoixdelanation.tg\/wp-content\/uploads\/2026\/02\/Yawa-Kouigan-echange-avec-les-organisations-professionnelles-de-la-presse-au-Togo.jpeg\",\"datePublished\":\"2026-02-04T04:56:00+00:00\",\"dateModified\":\"2026-02-04T05:58:47+00:00\",\"breadcrumb\":{\"@id\":\"https:\/\/lavoixdelanation.tg\/index.php\/2026\/02\/04\/medias-yawa-kouigan-echange-avec-les-organisations-professionnelles-de-la-presse\/#breadcrumb\"},\"inLanguage\":\"fr-FR\",\"potentialAction\":[{\"@type\":\"ReadAction\",\"target\":[\"https:\/\/lavoixdelanation.tg\/index.php\/2026\/02\/04\/medias-yawa-kouigan-echange-avec-les-organisations-professionnelles-de-la-presse\/\"]}]},{\"@type\":\"ImageObject\",\"inLanguage\":\"fr-FR\",\"@id\":\"https:\/\/lavoixdelanation.tg\/index.php\/2026\/02\/04\/medias-yawa-kouigan-echange-avec-les-organisations-professionnelles-de-la-presse\/#primaryimage\",\"url\":\"https:\/\/lavoixdelanation.tg\/wp-content\/uploads\/2026\/02\/Yawa-Kouigan-echange-avec-les-organisations-professionnelles-de-la-presse-au-Togo.jpeg\",\"contentUrl\":\"https:\/\/lavoixdelanation.tg\/wp-content\/uploads\/2026\/02\/Yawa-Kouigan-echange-avec-les-organisations-professionnelles-de-la-presse-au-Togo.jpeg\",\"width\":1280,\"height\":853},{\"@type\":\"BreadcrumbList\",\"@id\":\"https:\/\/lavoixdelanation.tg\/index.php\/2026\/02\/04\/medias-yawa-kouigan-echange-avec-les-organisations-professionnelles-de-la-presse\/#breadcrumb\",\"itemListElement\":[{\"@type\":\"ListItem\",\"position\":1,\"name\":\"Accueil\",\"item\":\"https:\/\/lavoixdelanation.tg\/\"},{\"@type\":\"ListItem\",\"position\":2,\"name\":\"M\u00e9dias\u00a0: Yawa Kouigan \u00e9change avec les organisations professionnelles de la presse\"}]},{\"@type\":\"WebSite\",\"@id\":\"https:\/\/lavoixdelanation.tg\/#website\",\"url\":\"https:\/\/lavoixdelanation.tg\/\",\"name\":\"La Voix de la Nation\",\"description\":\"R\u00e9c\u00e9piss\u00e9 n\u00b00108\/HAAC\/01-2024\/pl\/P\",\"publisher\":{\"@id\":\"https:\/\/lavoixdelanation.tg\/#organization\"},\"alternateName\":\"VON\",\"potentialAction\":[{\"@type\":\"SearchAction\",\"target\":{\"@type\":\"EntryPoint\",\"urlTemplate\":\"https:\/\/lavoixdelanation.tg\/?s={search_term_string}\"},\"query-input\":{\"@type\":\"PropertyValueSpecification\",\"valueRequired\":true,\"valueName\":\"search_term_string\"}}],\"inLanguage\":\"fr-FR\"},{\"@type\":\"Organization\",\"@id\":\"https:\/\/lavoixdelanation.tg\/#organization\",\"name\":\"La Voix de la Nation\",\"url\":\"https:\/\/lavoixdelanation.tg\/\",\"logo\":{\"@type\":\"ImageObject\",\"inLanguage\":\"fr-FR\",\"@id\":\"https:\/\/lavoixdelanation.tg\/#\/schema\/logo\/image\/\",\"url\":\"https:\/\/lavoixdelanation.tg\/wp-content\/uploads\/2024\/12\/lavn-1.png\",\"contentUrl\":\"https:\/\/lavoixdelanation.tg\/wp-content\/uploads\/2024\/12\/lavn-1.png\",\"width\":1024,\"height\":464,\"caption\":\"La Voix de la Nation\"},\"image\":{\"@id\":\"https:\/\/lavoixdelanation.tg\/#\/schema\/logo\/image\/\"},\"sameAs\":[\"https:\/\/www.facebook.com\/lavoixdelanation\"]},{\"@type\":\"Person\",\"@id\":\"https:\/\/lavoixdelanation.tg\/#\/schema\/person\/6c489293aa38053673a9e554acb6e224\",\"name\":\"La voix de la nation\",\"image\":{\"@type\":\"ImageObject\",\"inLanguage\":\"fr-FR\",\"@id\":\"https:\/\/lavoixdelanation.tg\/#\/schema\/person\/image\/\",\"url\":\"https:\/\/secure.gravatar.com\/avatar\/8aa135d4bbc794494cecaa8d483f6d6cc1023624868deaff686baed5e727a5a1?s=96&d=mm&r=g\",\"contentUrl\":\"https:\/\/secure.gravatar.com\/avatar\/8aa135d4bbc794494cecaa8d483f6d6cc1023624868deaff686baed5e727a5a1?s=96&d=mm&r=g\",\"caption\":\"La voix de la nation\"},\"sameAs\":[\"https:\/\/lavoixdelanation.tg\"],\"url\":\"https:\/\/lavoixdelanation.tg\/index.php\/author\/lavn\/\"}]}<\/script>\n<!-- \/ Yoast SEO plugin. -->","yoast_head_json":{"title":"M\u00e9dias\u00a0: Yawa Kouigan \u00e9change avec les organisations professionnelles de la presse - La Voix de la Nation","robots":{"index":"index","follow":"follow","max-snippet":"max-snippet:-1","max-image-preview":"max-image-preview:large","max-video-preview":"max-video-preview:-1"},"canonical":"https:\/\/lavoixdelanation.tg\/index.php\/2026\/02\/04\/medias-yawa-kouigan-echange-avec-les-organisations-professionnelles-de-la-presse\/","og_locale":"fr_FR","og_type":"article","og_title":"M\u00e9dias\u00a0: Yawa Kouigan \u00e9change avec les organisations professionnelles de la presse - La Voix de la Nation","og_description":"La ministre de la communication Mme Yawa Kouigan a \u00e9chang\u00e9 ce mardi 03 f\u00e9vrier 2026 \u00e0 Lom\u00e9, avec les repr\u00e9sentants des organisations professionnelles de la presse (OTM, CONAPP, URATEL, PPT,&hellip;","og_url":"https:\/\/lavoixdelanation.tg\/index.php\/2026\/02\/04\/medias-yawa-kouigan-echange-avec-les-organisations-professionnelles-de-la-presse\/","og_site_name":"La Voix de la Nation","article_publisher":"https:\/\/www.facebook.com\/lavoixdelanation","article_published_time":"2026-02-04T04:56:00+00:00","article_modified_time":"2026-02-04T05:58:47+00:00","og_image":[{"width":1280,"height":853,"url":"https:\/\/lavoixdelanation.tg\/wp-content\/uploads\/2026\/02\/Yawa-Kouigan-echange-avec-les-organisations-professionnelles-de-la-presse-au-Togo.jpeg","type":"image\/jpeg"}],"author":"La voix de la nation","twitter_card":"summary_large_image","twitter_misc":{"\u00c9crit par":"La voix de la nation","Dur\u00e9e de lecture estim\u00e9e":"3 minutes"},"schema":{"@context":"https:\/\/schema.org","@graph":[{"@type":"Article","@id":"https:\/\/lavoixdelanation.tg\/index.php\/2026\/02\/04\/medias-yawa-kouigan-echange-avec-les-organisations-professionnelles-de-la-presse\/#article","isPartOf":{"@id":"https:\/\/lavoixdelanation.tg\/index.php\/2026\/02\/04\/medias-yawa-kouigan-echange-avec-les-organisations-professionnelles-de-la-presse\/"},"author":{"name":"La voix de la nation","@id":"https:\/\/lavoixdelanation.tg\/#\/schema\/person\/6c489293aa38053673a9e554acb6e224"},"headline":"M\u00e9dias\u00a0: Yawa Kouigan \u00e9change avec les organisations professionnelles de la presse","datePublished":"2026-02-04T04:56:00+00:00","dateModified":"2026-02-04T05:58:47+00:00","mainEntityOfPage":{"@id":"https:\/\/lavoixdelanation.tg\/index.php\/2026\/02\/04\/medias-yawa-kouigan-echange-avec-les-organisations-professionnelles-de-la-presse\/"},"wordCount":377,"commentCount":0,"publisher":{"@id":"https:\/\/lavoixdelanation.tg\/#organization"},"image":{"@id":"https:\/\/lavoixdelanation.tg\/index.php\/2026\/02\/04\/medias-yawa-kouigan-echange-avec-les-organisations-professionnelles-de-la-presse\/#primaryimage"},"thumbnailUrl":"https:\/\/lavoixdelanation.tg\/wp-content\/uploads\/2026\/02\/Yawa-Kouigan-echange-avec-les-organisations-professionnelles-de-la-presse-au-Togo.jpeg","keywords":["M\u00e9dias","organisations de presse","Togo","Yawa Kouigan"],"articleSection":["M\u00e9dias"],"inLanguage":"fr-FR","potentialAction":[{"@type":"CommentAction","name":"Comment","target":["https:\/\/lavoixdelanation.tg\/index.php\/2026\/02\/04\/medias-yawa-kouigan-echange-avec-les-organisations-professionnelles-de-la-presse\/#respond"]}]},{"@type":"WebPage","@id":"https:\/\/lavoixdelanation.tg\/index.php\/2026\/02\/04\/medias-yawa-kouigan-echange-avec-les-organisations-professionnelles-de-la-presse\/","url":"https:\/\/lavoixdelanation.tg\/index.php\/2026\/02\/04\/medias-yawa-kouigan-echange-avec-les-organisations-professionnelles-de-la-presse\/","name":"M\u00e9dias\u00a0: Yawa Kouigan \u00e9change avec les organisations professionnelles de la presse - La Voix de la Nation","isPartOf":{"@id":"https:\/\/lavoixdelanation.tg\/#website"},"primaryImageOfPage":{"@id":"https:\/\/lavoixdelanation.tg\/index.php\/2026\/02\/04\/medias-yawa-kouigan-echange-avec-les-organisations-professionnelles-de-la-presse\/#primaryimage"},"image":{"@id":"https:\/\/lavoixdelanation.tg\/index.php\/2026\/02\/04\/medias-yawa-kouigan-echange-avec-les-organisations-professionnelles-de-la-presse\/#primaryimage"},"thumbnailUrl":"https:\/\/lavoixdelanation.tg\/wp-content\/uploads\/2026\/02\/Yawa-Kouigan-echange-avec-les-organisations-professionnelles-de-la-presse-au-Togo.jpeg","datePublished":"2026-02-04T04:56:00+00:00","dateModified":"2026-02-04T05:58:47+00:00","breadcrumb":{"@id":"https:\/\/lavoixdelanation.tg\/index.php\/2026\/02\/04\/medias-yawa-kouigan-echange-avec-les-organisations-professionnelles-de-la-presse\/#breadcrumb"},"inLanguage":"fr-FR","potentialAction":[{"@type":"ReadAction","target":["https:\/\/lavoixdelanation.tg\/index.php\/2026\/02\/04\/medias-yawa-kouigan-echange-avec-les-organisations-professionnelles-de-la-presse\/"]}]},{"@type":"ImageObject","inLanguage":"fr-FR","@id":"https:\/\/lavoixdelanation.tg\/index.php\/2026\/02\/04\/medias-yawa-kouigan-echange-avec-les-organisations-professionnelles-de-la-presse\/#primaryimage","url":"https:\/\/lavoixdelanation.tg\/wp-content\/uploads\/2026\/02\/Yawa-Kouigan-echange-avec-les-organisations-professionnelles-de-la-presse-au-Togo.jpeg","contentUrl":"https:\/\/lavoixdelanation.tg\/wp-content\/uploads\/2026\/02\/Yawa-Kouigan-echange-avec-les-organisations-professionnelles-de-la-presse-au-Togo.jpeg","width":1280,"height":853},{"@type":"BreadcrumbList","@id":"https:\/\/lavoixdelanation.tg\/index.php\/2026\/02\/04\/medias-yawa-kouigan-echange-avec-les-organisations-professionnelles-de-la-presse\/#breadcrumb","itemListElement":[{"@type":"ListItem","position":1,"name":"Accueil","item":"https:\/\/lavoixdelanation.tg\/"},{"@type":"ListItem","position":2,"name":"M\u00e9dias\u00a0: Yawa Kouigan \u00e9change avec les organisations professionnelles de la presse"}]},{"@type":"WebSite","@id":"https:\/\/lavoixdelanation.tg\/#website","url":"https:\/\/lavoixdelanation.tg\/","name":"La Voix de la Nation","description":"R\u00e9c\u00e9piss\u00e9 n\u00b00108\/HAAC\/01-2024\/pl\/P","publisher":{"@id":"https:\/\/lavoixdelanation.tg\/#organization"},"alternateName":"VON","potentialAction":[{"@type":"SearchAction","target":{"@type":"EntryPoint","urlTemplate":"https:\/\/lavoixdelanation.tg\/?s={search_term_string}"},"query-input":{"@type":"PropertyValueSpecification","valueRequired":true,"valueName":"search_term_string"}}],"inLanguage":"fr-FR"},{"@type":"Organization","@id":"https:\/\/lavoixdelanation.tg\/#organization","name":"La Voix de la Nation","url":"https:\/\/lavoixdelanation.tg\/","logo":{"@type":"ImageObject","inLanguage":"fr-FR","@id":"https:\/\/lavoixdelanation.tg\/#\/schema\/logo\/image\/","url":"https:\/\/lavoixdelanation.tg\/wp-content\/uploads\/2024\/12\/lavn-1.png","contentUrl":"https:\/\/lavoixdelanation.tg\/wp-content\/uploads\/2024\/12\/lavn-1.png","width":1024,"height":464,"caption":"La Voix de la Nation"},"image":{"@id":"https:\/\/lavoixdelanation.tg\/#\/schema\/logo\/image\/"},"sameAs":["https:\/\/www.facebook.com\/lavoixdelanation"]},{"@type":"Person","@id":"https:\/\/lavoixdelanation.tg\/#\/schema\/person\/6c489293aa38053673a9e554acb6e224","name":"La voix de la nation","image":{"@type":"ImageObject","inLanguage":"fr-FR","@id":"https:\/\/lavoixdelanation.tg\/#\/schema\/person\/image\/","url":"https:\/\/secure.gravatar.com\/avatar\/8aa135d4bbc794494cecaa8d483f6d6cc1023624868deaff686baed5e727a5a1?s=96&d=mm&r=g","contentUrl":"https:\/\/secure.gravatar.com\/avatar\/8aa135d4bbc794494cecaa8d483f6d6cc1023624868deaff686baed5e727a5a1?s=96&d=mm&r=g","caption":"La voix de la nation"},"sameAs":["https:\/\/lavoixdelanation.tg"],"url":"https:\/\/lavoixdelanation.tg\/index.php\/author\/lavn\/"}]}},"_links":{"self":[{"href":"https:\/\/lavoixdelanation.tg\/index.php\/wp-json\/wp\/v2\/posts\/15360","targetHints":{"allow":["GET"]}}],"collection":[{"href":"https:\/\/lavoixdelanation.tg\/index.php\/wp-json\/wp\/v2\/posts"}],"about":[{"href":"https:\/\/lavoixdelanation.tg\/index.php\/wp-json\/wp\/v2\/types\/post"}],"author":[{"embeddable":true,"href":"https:\/\/lavoixdelanation.tg\/index.php\/wp-json\/wp\/v2\/users\/1"}],"replies":[{"embeddable":true,"href":"https:\/\/lavoixdelanation.tg\/index.php\/wp-json\/wp\/v2\/comments?post=15360"}],"version-history":[{"count":2,"href":"https:\/\/lavoixdelanation.tg\/index.php\/wp-json\/wp\/v2\/posts\/15360\/revisions"}],"predecessor-version":[{"id":15364,"href":"https:\/\/lavoixdelanation.tg\/index.php\/wp-json\/wp\/v2\/posts\/15360\/revisions\/15364"}],"wp:featuredmedia":[{"embeddable":true,"href":"https:\/\/lavoixdelanation.tg\/index.php\/wp-json\/wp\/v2\/media\/15361"}],"wp:attachment":[{"href":"https:\/\/lavoixdelanation.tg\/index.php\/wp-json\/wp\/v2\/media?parent=15360"}],"wp:term":[{"taxonomy":"category","embeddable":true,"href":"https:\/\/lavoixdelanation.tg\/index.php\/wp-json\/wp\/v2\/categories?post=15360"},{"taxonomy":"post_tag","embeddable":true,"href":"https:\/\/lavoixdelanation.tg\/index.php\/wp-json\/wp\/v2\/tags?post=15360"}],"curies":[{"name":"wp","href":"https:\/\/api.w.org\/{rel}","templated":true}]}}