{"id":15353,"date":"2026-02-04T01:08:11","date_gmt":"2026-02-04T00:08:11","guid":{"rendered":"https:\/\/lavoixdelanation.tg\/?p=15353"},"modified":"2026-02-04T01:08:12","modified_gmt":"2026-02-04T00:08:12","slug":"paix-dans-les-grands-lacs-mission-diplomatique-de-faure-gnassingbe-en-ouganda","status":"publish","type":"post","link":"https:\/\/lavoixdelanation.tg\/index.php\/2026\/02\/04\/paix-dans-les-grands-lacs-mission-diplomatique-de-faure-gnassingbe-en-ouganda\/","title":{"rendered":"Paix dans les Grands Lacs\u00a0: Mission diplomatique de Faure Gnassingb\u00e9 en Ouganda"},"content":{"rendered":"\n<p><strong>Dans ses efforts de m\u00e9diation an faveur d\u2019une paix durable dans la r\u00e9gion des grands Lacs, <\/strong><strong>le Pr\u00e9sident du Conseil Faure Gnassingb\u00e9, a effectu\u00e9 ce mardi 03 f\u00e9vrier 2026, une visite de travail \u00e0 Entebbe en Ouganda.<\/strong><\/p>\n\n\n\n<p>Cette mission ougandaise d\u2019une port\u00e9e majeure dans la dynamique de recherche de solutions africaines \u00e0 la crise dans les Grands Lacs, s\u2019inscrit dans le prolongement logique des r\u00e9centes consultations men\u00e9es par le Pr\u00e9sident du Conseil au Rwanda et au Burundi.<\/p>\n\n\n\n<p>En Ouganda, il \u00e9tait question non seulement de poursuivre les concertations, mais aussi d\u2019enrichir la r\u00e9flexion strat\u00e9gique par l\u2019apport d\u2019un acteur r\u00e9gional central notamment le Pr\u00e9sident ougandais Yoweri Museveni.<\/p>\n\n\n\n<p>Selon une note de la Pr\u00e9sidence du Conseil, Faure Essozimna Gnassingb\u00e9 a au cours de l\u2019entretien en t\u00eate-\u00e0-t\u00eate, expos\u00e9 l\u2019\u00e9tat des discussions engag\u00e9es avec l\u2019ensemble des acteurs impliqu\u00e9s dans la crise des Grands Lacs.<\/p>\n\n\n\n<p>\u00ab&nbsp;La coh\u00e9rence et la consolidation du processus de paix dans l\u2019Est de la R\u00e9publique D\u00e9mocratique du Congo et dans l\u2019ensemble de la r\u00e9gion ont \u00e9t\u00e9 au c\u0153ur de nos \u00e9changes, conform\u00e9ment aux recommandations du sommet de Lom\u00e9, avec pour objectif de renforcer le dialogue, la confiance mutuelle et la stabilit\u00e9 r\u00e9gionale&nbsp;\u00bb, a indiqu\u00e9 Faure Gnassingb\u00e9.<\/p>\n\n\n\n<figure class=\"wp-block-image size-large\"><img loading=\"lazy\" decoding=\"async\" width=\"1024\" height=\"654\" src=\"https:\/\/lavoixdelanation.tg\/wp-content\/uploads\/2026\/02\/Visite-de-Faure-Gnassingbe-en-Ouganda-1024x654.jpg\" alt=\"\" class=\"wp-image-15355\" srcset=\"https:\/\/lavoixdelanation.tg\/wp-content\/uploads\/2026\/02\/Visite-de-Faure-Gnassingbe-en-Ouganda-1024x654.jpg 1024w, https:\/\/lavoixdelanation.tg\/wp-content\/uploads\/2026\/02\/Visite-de-Faure-Gnassingbe-en-Ouganda-300x192.jpg 300w, https:\/\/lavoixdelanation.tg\/wp-content\/uploads\/2026\/02\/Visite-de-Faure-Gnassingbe-en-Ouganda-768x491.jpg 768w, https:\/\/lavoixdelanation.tg\/wp-content\/uploads\/2026\/02\/Visite-de-Faure-Gnassingbe-en-Ouganda-1536x981.jpg 1536w, https:\/\/lavoixdelanation.tg\/wp-content\/uploads\/2026\/02\/Visite-de-Faure-Gnassingbe-en-Ouganda.jpg 1600w\" sizes=\"auto, (max-width: 1024px) 100vw, 1024px\" \/><\/figure>\n\n\n\n<p>L\u2019entretien a \u00e9t\u00e9 suivi d\u2019une s\u00e9ance de travail \u00e9largie aux membres du panel des facilitateurs continentaux, notamment les anciens chefs d\u2019\u00c9tat Olusegun Obasanjo du Nig\u00e9ria, Uhuru Kenyatta du Kenya et Mokgweetsi Masisi du Botswana en pr\u00e9sence des anciennes pr\u00e9sidentes Sahle-Work Zewde d\u2019\u00c9thiopie et Catherine Samba-Panza de la R\u00e9publique centrafricaine.<\/p>\n\n\n\n<p>Il faut souligner que l\u2019\u00e9quipe de la m\u00e9diation de l\u2019Union africaine, les d\u00e9l\u00e9gations togolaise et ougandaise, ont aussi pris part \u00e0 cette rencontre de haut niveau.<\/p>\n\n\n\n<p>Le 30 janvier dernier, le Pr\u00e9sident du Conseil Faure Gnassingb\u00e9 en sa qualit\u00e9 de m\u00e9diateur de l\u2019Union africaine, \u00e9tait en d\u00e9placement au Rwanda et au Burundi pour les m\u00eames missions de n\u00e9gociation en faveur d\u2019une paix durable dans l\u2019Est de la RDC et plus globalement dans la r\u00e9gion des Grands Lacs.<\/p>\n\n\n\n<p><strong>DKS<\/strong><\/p>\n","protected":false},"excerpt":{"rendered":"<p>Dans ses efforts de m\u00e9diation an faveur d\u2019une paix durable dans la r\u00e9gion des grands Lacs, le Pr\u00e9sident du Conseil Faure Gnassingb\u00e9, a effectu\u00e9 ce mardi 03 f\u00e9vrier 2026, une&hellip; <\/p>\n","protected":false},"author":1,"featured_media":15354,"comment_status":"open","ping_status":"closed","sticky":false,"template":"","format":"standard","meta":{"footnotes":""},"categories":[12],"tags":[1078,1008,622,1254],"class_list":["post-15353","post","type-post","status-publish","format-standard","has-post-thumbnail","hentry","category-diplomatie","tag-faure-essozimna-gnassingbe","tag-grands-lacs","tag-mission-diplomatique","tag-ouganda"],"yoast_head":"<!-- This site is optimized with the Yoast SEO plugin v26.4 - https:\/\/yoast.com\/wordpress\/plugins\/seo\/ -->\n<title>Paix dans les Grands Lacs\u00a0: Mission diplomatique de Faure Gnassingb\u00e9 en Ouganda - La Voix de la Nation<\/title>\n<meta name=\"robots\" content=\"index, follow, max-snippet:-1, max-image-preview:large, max-video-preview:-1\" \/>\n<link rel=\"canonical\" href=\"https:\/\/lavoixdelanation.tg\/index.php\/2026\/02\/04\/paix-dans-les-grands-lacs-mission-diplomatique-de-faure-gnassingbe-en-ouganda\/\" \/>\n<meta property=\"og:locale\" content=\"fr_FR\" \/>\n<meta property=\"og:type\" content=\"article\" \/>\n<meta property=\"og:title\" content=\"Paix dans les Grands Lacs\u00a0: Mission diplomatique de Faure Gnassingb\u00e9 en Ouganda - La Voix de la Nation\" \/>\n<meta property=\"og:description\" content=\"Dans ses efforts de m\u00e9diation an faveur d\u2019une paix durable dans la r\u00e9gion des grands Lacs, le Pr\u00e9sident du Conseil Faure Gnassingb\u00e9, a effectu\u00e9 ce mardi 03 f\u00e9vrier 2026, une&hellip;\" \/>\n<meta property=\"og:url\" content=\"https:\/\/lavoixdelanation.tg\/index.php\/2026\/02\/04\/paix-dans-les-grands-lacs-mission-diplomatique-de-faure-gnassingbe-en-ouganda\/\" \/>\n<meta property=\"og:site_name\" content=\"La Voix de la Nation\" \/>\n<meta property=\"article:publisher\" content=\"https:\/\/www.facebook.com\/lavoixdelanation\" \/>\n<meta property=\"article:published_time\" content=\"2026-02-04T00:08:11+00:00\" \/>\n<meta property=\"article:modified_time\" content=\"2026-02-04T00:08:12+00:00\" \/>\n<meta property=\"og:image\" content=\"https:\/\/lavoixdelanation.tg\/wp-content\/uploads\/2026\/02\/Faure-Gnassingbe-et-Yoweri-Museveni.jpg\" \/>\n\t<meta property=\"og:image:width\" content=\"900\" \/>\n\t<meta property=\"og:image:height\" content=\"574\" \/>\n\t<meta property=\"og:image:type\" content=\"image\/jpeg\" \/>\n<meta name=\"author\" content=\"La voix de la nation\" \/>\n<meta name=\"twitter:card\" content=\"summary_large_image\" \/>\n<meta name=\"twitter:label1\" content=\"\u00c9crit par\" \/>\n\t<meta name=\"twitter:data1\" content=\"La voix de la nation\" \/>\n\t<meta name=\"twitter:label2\" content=\"Dur\u00e9e de lecture estim\u00e9e\" \/>\n\t<meta name=\"twitter:data2\" content=\"3 minutes\" \/>\n<script type=\"application\/ld+json\" class=\"yoast-schema-graph\">{\"@context\":\"https:\/\/schema.org\",\"@graph\":[{\"@type\":\"Article\",\"@id\":\"https:\/\/lavoixdelanation.tg\/index.php\/2026\/02\/04\/paix-dans-les-grands-lacs-mission-diplomatique-de-faure-gnassingbe-en-ouganda\/#article\",\"isPartOf\":{\"@id\":\"https:\/\/lavoixdelanation.tg\/index.php\/2026\/02\/04\/paix-dans-les-grands-lacs-mission-diplomatique-de-faure-gnassingbe-en-ouganda\/\"},\"author\":{\"name\":\"La voix de la nation\",\"@id\":\"https:\/\/lavoixdelanation.tg\/#\/schema\/person\/6c489293aa38053673a9e554acb6e224\"},\"headline\":\"Paix dans les Grands Lacs\u00a0: Mission diplomatique de Faure Gnassingb\u00e9 en Ouganda\",\"datePublished\":\"2026-02-04T00:08:11+00:00\",\"dateModified\":\"2026-02-04T00:08:12+00:00\",\"mainEntityOfPage\":{\"@id\":\"https:\/\/lavoixdelanation.tg\/index.php\/2026\/02\/04\/paix-dans-les-grands-lacs-mission-diplomatique-de-faure-gnassingbe-en-ouganda\/\"},\"wordCount\":389,\"commentCount\":0,\"publisher\":{\"@id\":\"https:\/\/lavoixdelanation.tg\/#organization\"},\"image\":{\"@id\":\"https:\/\/lavoixdelanation.tg\/index.php\/2026\/02\/04\/paix-dans-les-grands-lacs-mission-diplomatique-de-faure-gnassingbe-en-ouganda\/#primaryimage\"},\"thumbnailUrl\":\"https:\/\/lavoixdelanation.tg\/wp-content\/uploads\/2026\/02\/Faure-Gnassingbe-et-Yoweri-Museveni.jpg\",\"keywords\":[\"Faure Essozimna GNASSINGBE\",\"Grands Lacs\",\"mission diplomatique\",\"Ouganda\"],\"articleSection\":[\"Diplomatie\"],\"inLanguage\":\"fr-FR\",\"potentialAction\":[{\"@type\":\"CommentAction\",\"name\":\"Comment\",\"target\":[\"https:\/\/lavoixdelanation.tg\/index.php\/2026\/02\/04\/paix-dans-les-grands-lacs-mission-diplomatique-de-faure-gnassingbe-en-ouganda\/#respond\"]}]},{\"@type\":\"WebPage\",\"@id\":\"https:\/\/lavoixdelanation.tg\/index.php\/2026\/02\/04\/paix-dans-les-grands-lacs-mission-diplomatique-de-faure-gnassingbe-en-ouganda\/\",\"url\":\"https:\/\/lavoixdelanation.tg\/index.php\/2026\/02\/04\/paix-dans-les-grands-lacs-mission-diplomatique-de-faure-gnassingbe-en-ouganda\/\",\"name\":\"Paix dans les Grands Lacs\u00a0: Mission diplomatique de Faure Gnassingb\u00e9 en Ouganda - La Voix de la Nation\",\"isPartOf\":{\"@id\":\"https:\/\/lavoixdelanation.tg\/#website\"},\"primaryImageOfPage\":{\"@id\":\"https:\/\/lavoixdelanation.tg\/index.php\/2026\/02\/04\/paix-dans-les-grands-lacs-mission-diplomatique-de-faure-gnassingbe-en-ouganda\/#primaryimage\"},\"image\":{\"@id\":\"https:\/\/lavoixdelanation.tg\/index.php\/2026\/02\/04\/paix-dans-les-grands-lacs-mission-diplomatique-de-faure-gnassingbe-en-ouganda\/#primaryimage\"},\"thumbnailUrl\":\"https:\/\/lavoixdelanation.tg\/wp-content\/uploads\/2026\/02\/Faure-Gnassingbe-et-Yoweri-Museveni.jpg\",\"datePublished\":\"2026-02-04T00:08:11+00:00\",\"dateModified\":\"2026-02-04T00:08:12+00:00\",\"breadcrumb\":{\"@id\":\"https:\/\/lavoixdelanation.tg\/index.php\/2026\/02\/04\/paix-dans-les-grands-lacs-mission-diplomatique-de-faure-gnassingbe-en-ouganda\/#breadcrumb\"},\"inLanguage\":\"fr-FR\",\"potentialAction\":[{\"@type\":\"ReadAction\",\"target\":[\"https:\/\/lavoixdelanation.tg\/index.php\/2026\/02\/04\/paix-dans-les-grands-lacs-mission-diplomatique-de-faure-gnassingbe-en-ouganda\/\"]}]},{\"@type\":\"ImageObject\",\"inLanguage\":\"fr-FR\",\"@id\":\"https:\/\/lavoixdelanation.tg\/index.php\/2026\/02\/04\/paix-dans-les-grands-lacs-mission-diplomatique-de-faure-gnassingbe-en-ouganda\/#primaryimage\",\"url\":\"https:\/\/lavoixdelanation.tg\/wp-content\/uploads\/2026\/02\/Faure-Gnassingbe-et-Yoweri-Museveni.jpg\",\"contentUrl\":\"https:\/\/lavoixdelanation.tg\/wp-content\/uploads\/2026\/02\/Faure-Gnassingbe-et-Yoweri-Museveni.jpg\",\"width\":900,\"height\":574,\"caption\":\"Faure Gnassingb\u00e9 et Yoweri Museveni\"},{\"@type\":\"BreadcrumbList\",\"@id\":\"https:\/\/lavoixdelanation.tg\/index.php\/2026\/02\/04\/paix-dans-les-grands-lacs-mission-diplomatique-de-faure-gnassingbe-en-ouganda\/#breadcrumb\",\"itemListElement\":[{\"@type\":\"ListItem\",\"position\":1,\"name\":\"Accueil\",\"item\":\"https:\/\/lavoixdelanation.tg\/\"},{\"@type\":\"ListItem\",\"position\":2,\"name\":\"Paix dans les Grands Lacs\u00a0: Mission diplomatique de Faure Gnassingb\u00e9 en Ouganda\"}]},{\"@type\":\"WebSite\",\"@id\":\"https:\/\/lavoixdelanation.tg\/#website\",\"url\":\"https:\/\/lavoixdelanation.tg\/\",\"name\":\"La Voix de la Nation\",\"description\":\"R\u00e9c\u00e9piss\u00e9 n\u00b00108\/HAAC\/01-2024\/pl\/P\",\"publisher\":{\"@id\":\"https:\/\/lavoixdelanation.tg\/#organization\"},\"alternateName\":\"VON\",\"potentialAction\":[{\"@type\":\"SearchAction\",\"target\":{\"@type\":\"EntryPoint\",\"urlTemplate\":\"https:\/\/lavoixdelanation.tg\/?s={search_term_string}\"},\"query-input\":{\"@type\":\"PropertyValueSpecification\",\"valueRequired\":true,\"valueName\":\"search_term_string\"}}],\"inLanguage\":\"fr-FR\"},{\"@type\":\"Organization\",\"@id\":\"https:\/\/lavoixdelanation.tg\/#organization\",\"name\":\"La Voix de la Nation\",\"url\":\"https:\/\/lavoixdelanation.tg\/\",\"logo\":{\"@type\":\"ImageObject\",\"inLanguage\":\"fr-FR\",\"@id\":\"https:\/\/lavoixdelanation.tg\/#\/schema\/logo\/image\/\",\"url\":\"https:\/\/lavoixdelanation.tg\/wp-content\/uploads\/2024\/12\/lavn-1.png\",\"contentUrl\":\"https:\/\/lavoixdelanation.tg\/wp-content\/uploads\/2024\/12\/lavn-1.png\",\"width\":1024,\"height\":464,\"caption\":\"La Voix de la Nation\"},\"image\":{\"@id\":\"https:\/\/lavoixdelanation.tg\/#\/schema\/logo\/image\/\"},\"sameAs\":[\"https:\/\/www.facebook.com\/lavoixdelanation\"]},{\"@type\":\"Person\",\"@id\":\"https:\/\/lavoixdelanation.tg\/#\/schema\/person\/6c489293aa38053673a9e554acb6e224\",\"name\":\"La voix de la nation\",\"image\":{\"@type\":\"ImageObject\",\"inLanguage\":\"fr-FR\",\"@id\":\"https:\/\/lavoixdelanation.tg\/#\/schema\/person\/image\/\",\"url\":\"https:\/\/secure.gravatar.com\/avatar\/8aa135d4bbc794494cecaa8d483f6d6cc1023624868deaff686baed5e727a5a1?s=96&d=mm&r=g\",\"contentUrl\":\"https:\/\/secure.gravatar.com\/avatar\/8aa135d4bbc794494cecaa8d483f6d6cc1023624868deaff686baed5e727a5a1?s=96&d=mm&r=g\",\"caption\":\"La voix de la nation\"},\"sameAs\":[\"https:\/\/lavoixdelanation.tg\"],\"url\":\"https:\/\/lavoixdelanation.tg\/index.php\/author\/lavn\/\"}]}<\/script>\n<!-- \/ Yoast SEO plugin. -->","yoast_head_json":{"title":"Paix dans les Grands Lacs\u00a0: Mission diplomatique de Faure Gnassingb\u00e9 en Ouganda - La Voix de la Nation","robots":{"index":"index","follow":"follow","max-snippet":"max-snippet:-1","max-image-preview":"max-image-preview:large","max-video-preview":"max-video-preview:-1"},"canonical":"https:\/\/lavoixdelanation.tg\/index.php\/2026\/02\/04\/paix-dans-les-grands-lacs-mission-diplomatique-de-faure-gnassingbe-en-ouganda\/","og_locale":"fr_FR","og_type":"article","og_title":"Paix dans les Grands Lacs\u00a0: Mission diplomatique de Faure Gnassingb\u00e9 en Ouganda - La Voix de la Nation","og_description":"Dans ses efforts de m\u00e9diation an faveur d\u2019une paix durable dans la r\u00e9gion des grands Lacs, le Pr\u00e9sident du Conseil Faure Gnassingb\u00e9, a effectu\u00e9 ce mardi 03 f\u00e9vrier 2026, une&hellip;","og_url":"https:\/\/lavoixdelanation.tg\/index.php\/2026\/02\/04\/paix-dans-les-grands-lacs-mission-diplomatique-de-faure-gnassingbe-en-ouganda\/","og_site_name":"La Voix de la Nation","article_publisher":"https:\/\/www.facebook.com\/lavoixdelanation","article_published_time":"2026-02-04T00:08:11+00:00","article_modified_time":"2026-02-04T00:08:12+00:00","og_image":[{"width":900,"height":574,"url":"https:\/\/lavoixdelanation.tg\/wp-content\/uploads\/2026\/02\/Faure-Gnassingbe-et-Yoweri-Museveni.jpg","type":"image\/jpeg"}],"author":"La voix de la nation","twitter_card":"summary_large_image","twitter_misc":{"\u00c9crit par":"La voix de la nation","Dur\u00e9e de lecture estim\u00e9e":"3 minutes"},"schema":{"@context":"https:\/\/schema.org","@graph":[{"@type":"Article","@id":"https:\/\/lavoixdelanation.tg\/index.php\/2026\/02\/04\/paix-dans-les-grands-lacs-mission-diplomatique-de-faure-gnassingbe-en-ouganda\/#article","isPartOf":{"@id":"https:\/\/lavoixdelanation.tg\/index.php\/2026\/02\/04\/paix-dans-les-grands-lacs-mission-diplomatique-de-faure-gnassingbe-en-ouganda\/"},"author":{"name":"La voix de la nation","@id":"https:\/\/lavoixdelanation.tg\/#\/schema\/person\/6c489293aa38053673a9e554acb6e224"},"headline":"Paix dans les Grands Lacs\u00a0: Mission diplomatique de Faure Gnassingb\u00e9 en Ouganda","datePublished":"2026-02-04T00:08:11+00:00","dateModified":"2026-02-04T00:08:12+00:00","mainEntityOfPage":{"@id":"https:\/\/lavoixdelanation.tg\/index.php\/2026\/02\/04\/paix-dans-les-grands-lacs-mission-diplomatique-de-faure-gnassingbe-en-ouganda\/"},"wordCount":389,"commentCount":0,"publisher":{"@id":"https:\/\/lavoixdelanation.tg\/#organization"},"image":{"@id":"https:\/\/lavoixdelanation.tg\/index.php\/2026\/02\/04\/paix-dans-les-grands-lacs-mission-diplomatique-de-faure-gnassingbe-en-ouganda\/#primaryimage"},"thumbnailUrl":"https:\/\/lavoixdelanation.tg\/wp-content\/uploads\/2026\/02\/Faure-Gnassingbe-et-Yoweri-Museveni.jpg","keywords":["Faure Essozimna GNASSINGBE","Grands Lacs","mission diplomatique","Ouganda"],"articleSection":["Diplomatie"],"inLanguage":"fr-FR","potentialAction":[{"@type":"CommentAction","name":"Comment","target":["https:\/\/lavoixdelanation.tg\/index.php\/2026\/02\/04\/paix-dans-les-grands-lacs-mission-diplomatique-de-faure-gnassingbe-en-ouganda\/#respond"]}]},{"@type":"WebPage","@id":"https:\/\/lavoixdelanation.tg\/index.php\/2026\/02\/04\/paix-dans-les-grands-lacs-mission-diplomatique-de-faure-gnassingbe-en-ouganda\/","url":"https:\/\/lavoixdelanation.tg\/index.php\/2026\/02\/04\/paix-dans-les-grands-lacs-mission-diplomatique-de-faure-gnassingbe-en-ouganda\/","name":"Paix dans les Grands Lacs\u00a0: Mission diplomatique de Faure Gnassingb\u00e9 en Ouganda - La Voix de la Nation","isPartOf":{"@id":"https:\/\/lavoixdelanation.tg\/#website"},"primaryImageOfPage":{"@id":"https:\/\/lavoixdelanation.tg\/index.php\/2026\/02\/04\/paix-dans-les-grands-lacs-mission-diplomatique-de-faure-gnassingbe-en-ouganda\/#primaryimage"},"image":{"@id":"https:\/\/lavoixdelanation.tg\/index.php\/2026\/02\/04\/paix-dans-les-grands-lacs-mission-diplomatique-de-faure-gnassingbe-en-ouganda\/#primaryimage"},"thumbnailUrl":"https:\/\/lavoixdelanation.tg\/wp-content\/uploads\/2026\/02\/Faure-Gnassingbe-et-Yoweri-Museveni.jpg","datePublished":"2026-02-04T00:08:11+00:00","dateModified":"2026-02-04T00:08:12+00:00","breadcrumb":{"@id":"https:\/\/lavoixdelanation.tg\/index.php\/2026\/02\/04\/paix-dans-les-grands-lacs-mission-diplomatique-de-faure-gnassingbe-en-ouganda\/#breadcrumb"},"inLanguage":"fr-FR","potentialAction":[{"@type":"ReadAction","target":["https:\/\/lavoixdelanation.tg\/index.php\/2026\/02\/04\/paix-dans-les-grands-lacs-mission-diplomatique-de-faure-gnassingbe-en-ouganda\/"]}]},{"@type":"ImageObject","inLanguage":"fr-FR","@id":"https:\/\/lavoixdelanation.tg\/index.php\/2026\/02\/04\/paix-dans-les-grands-lacs-mission-diplomatique-de-faure-gnassingbe-en-ouganda\/#primaryimage","url":"https:\/\/lavoixdelanation.tg\/wp-content\/uploads\/2026\/02\/Faure-Gnassingbe-et-Yoweri-Museveni.jpg","contentUrl":"https:\/\/lavoixdelanation.tg\/wp-content\/uploads\/2026\/02\/Faure-Gnassingbe-et-Yoweri-Museveni.jpg","width":900,"height":574,"caption":"Faure Gnassingb\u00e9 et Yoweri Museveni"},{"@type":"BreadcrumbList","@id":"https:\/\/lavoixdelanation.tg\/index.php\/2026\/02\/04\/paix-dans-les-grands-lacs-mission-diplomatique-de-faure-gnassingbe-en-ouganda\/#breadcrumb","itemListElement":[{"@type":"ListItem","position":1,"name":"Accueil","item":"https:\/\/lavoixdelanation.tg\/"},{"@type":"ListItem","position":2,"name":"Paix dans les Grands Lacs\u00a0: Mission diplomatique de Faure Gnassingb\u00e9 en Ouganda"}]},{"@type":"WebSite","@id":"https:\/\/lavoixdelanation.tg\/#website","url":"https:\/\/lavoixdelanation.tg\/","name":"La Voix de la Nation","description":"R\u00e9c\u00e9piss\u00e9 n\u00b00108\/HAAC\/01-2024\/pl\/P","publisher":{"@id":"https:\/\/lavoixdelanation.tg\/#organization"},"alternateName":"VON","potentialAction":[{"@type":"SearchAction","target":{"@type":"EntryPoint","urlTemplate":"https:\/\/lavoixdelanation.tg\/?s={search_term_string}"},"query-input":{"@type":"PropertyValueSpecification","valueRequired":true,"valueName":"search_term_string"}}],"inLanguage":"fr-FR"},{"@type":"Organization","@id":"https:\/\/lavoixdelanation.tg\/#organization","name":"La Voix de la Nation","url":"https:\/\/lavoixdelanation.tg\/","logo":{"@type":"ImageObject","inLanguage":"fr-FR","@id":"https:\/\/lavoixdelanation.tg\/#\/schema\/logo\/image\/","url":"https:\/\/lavoixdelanation.tg\/wp-content\/uploads\/2024\/12\/lavn-1.png","contentUrl":"https:\/\/lavoixdelanation.tg\/wp-content\/uploads\/2024\/12\/lavn-1.png","width":1024,"height":464,"caption":"La Voix de la Nation"},"image":{"@id":"https:\/\/lavoixdelanation.tg\/#\/schema\/logo\/image\/"},"sameAs":["https:\/\/www.facebook.com\/lavoixdelanation"]},{"@type":"Person","@id":"https:\/\/lavoixdelanation.tg\/#\/schema\/person\/6c489293aa38053673a9e554acb6e224","name":"La voix de la nation","image":{"@type":"ImageObject","inLanguage":"fr-FR","@id":"https:\/\/lavoixdelanation.tg\/#\/schema\/person\/image\/","url":"https:\/\/secure.gravatar.com\/avatar\/8aa135d4bbc794494cecaa8d483f6d6cc1023624868deaff686baed5e727a5a1?s=96&d=mm&r=g","contentUrl":"https:\/\/secure.gravatar.com\/avatar\/8aa135d4bbc794494cecaa8d483f6d6cc1023624868deaff686baed5e727a5a1?s=96&d=mm&r=g","caption":"La voix de la nation"},"sameAs":["https:\/\/lavoixdelanation.tg"],"url":"https:\/\/lavoixdelanation.tg\/index.php\/author\/lavn\/"}]}},"_links":{"self":[{"href":"https:\/\/lavoixdelanation.tg\/index.php\/wp-json\/wp\/v2\/posts\/15353","targetHints":{"allow":["GET"]}}],"collection":[{"href":"https:\/\/lavoixdelanation.tg\/index.php\/wp-json\/wp\/v2\/posts"}],"about":[{"href":"https:\/\/lavoixdelanation.tg\/index.php\/wp-json\/wp\/v2\/types\/post"}],"author":[{"embeddable":true,"href":"https:\/\/lavoixdelanation.tg\/index.php\/wp-json\/wp\/v2\/users\/1"}],"replies":[{"embeddable":true,"href":"https:\/\/lavoixdelanation.tg\/index.php\/wp-json\/wp\/v2\/comments?post=15353"}],"version-history":[{"count":1,"href":"https:\/\/lavoixdelanation.tg\/index.php\/wp-json\/wp\/v2\/posts\/15353\/revisions"}],"predecessor-version":[{"id":15356,"href":"https:\/\/lavoixdelanation.tg\/index.php\/wp-json\/wp\/v2\/posts\/15353\/revisions\/15356"}],"wp:featuredmedia":[{"embeddable":true,"href":"https:\/\/lavoixdelanation.tg\/index.php\/wp-json\/wp\/v2\/media\/15354"}],"wp:attachment":[{"href":"https:\/\/lavoixdelanation.tg\/index.php\/wp-json\/wp\/v2\/media?parent=15353"}],"wp:term":[{"taxonomy":"category","embeddable":true,"href":"https:\/\/lavoixdelanation.tg\/index.php\/wp-json\/wp\/v2\/categories?post=15353"},{"taxonomy":"post_tag","embeddable":true,"href":"https:\/\/lavoixdelanation.tg\/index.php\/wp-json\/wp\/v2\/tags?post=15353"}],"curies":[{"name":"wp","href":"https:\/\/api.w.org\/{rel}","templated":true}]}}