{"id":1534,"date":"2024-11-11T01:00:00","date_gmt":"2024-11-11T00:00:00","guid":{"rendered":"https:\/\/lavoixdelanation.tg\/?p=1534"},"modified":"2024-12-16T01:04:17","modified_gmt":"2024-12-16T00:04:17","slug":"le-togo-present-a-la-15e-reunion-du-conseil-des-ministres-du-commerce-de-lunion-africaine","status":"publish","type":"post","link":"https:\/\/lavoixdelanation.tg\/index.php\/2024\/11\/11\/le-togo-present-a-la-15e-reunion-du-conseil-des-ministres-du-commerce-de-lunion-africaine\/","title":{"rendered":"Le Togo pr\u00e9sent \u00e0 la 15e r\u00e9union du Conseil des Ministres du commerce de l\u2019Union Africaine"},"content":{"rendered":"\n<p><strong>Au nom du gouvernement togolais, la m<\/strong><strong>inistre du commerce, de l\u2019artisanat et de la consommation locale Mme Kayi Mivedor-Sambiani a pris part du 09 au 10 novembre 2024, aux travaux de la 15e r\u00e9union du Conseil des Ministres charg\u00e9s du commerce de l\u2019Union Africaine sur la mise en \u0153uvre de la Zone de libre-\u00e9change continentale africaine (ZLECAf).<\/strong><\/p>\n\n\n\n<p>Organis\u00e9e par le Secr\u00e9tariat de la ZLECAf en collaboration avec la R\u00e9publique F\u00e9d\u00e9rale D\u00e9mocratique d\u2019\u00c9thiopie, cette assise continentale fait suite aux d\u00e9cisions du Conseil des Ministres charg\u00e9s du commerce lors de sa 14e r\u00e9union, de disposer d\u2019un calendrier annuel de travail du Secr\u00e9tariat plus dynamique pour une bonne effectivit\u00e9 de la mise en \u0153uvre de l\u2019accord sur la ZLECAf.<\/p>\n\n\n\n<p>En dehors des Ministres, les travaux ont \u00e9galement connu la participation de hauts fonctionnaires intervenant dans les domaines du commerce des \u00c9tats membres.<\/p>\n\n\n\n<p>Il s\u2019est agi durant les deux jours de travaux, d\u2019examiner le rapport du Secr\u00e9tariat g\u00e9n\u00e9ral sur les progr\u00e8s r\u00e9alis\u00e9s dans la mise en \u0153uvre de la ZLECAf, les rapports des 18e et 19e r\u00e9unions du Comit\u00e9 des hauts fonctionnaires charg\u00e9s du Commerce (HFC), le rapport de la 12e r\u00e9union de l\u2019Organe de r\u00e8glement des diff\u00e9rends (ORD) et de finaliser ensuite les questions en suspens concernant les r\u00e8gles d\u2019origine.<\/p>\n\n\n\n<p>Par ailleurs, le Secr\u00e9tariat g\u00e9n\u00e9ral de la ZLECAf a fait le point des n\u00e9gociations en cours sur les r\u00e8gles d\u2019origine, le r\u00e8glement minist\u00e9riel sur l\u2019acc\u00e8s pr\u00e9f\u00e9rentiel aux march\u00e9s pour les femmes et les jeunes dans le commerce ainsi que les annexes aux Protocoles sur l\u2019investissement, la propri\u00e9t\u00e9 intellectuelle et le commerce num\u00e9rique.<\/p>\n\n\n\n<p><strong>La R\u00e9daction<\/strong><\/p>\n","protected":false},"excerpt":{"rendered":"<p>Au nom du gouvernement togolais, la ministre du commerce, de l\u2019artisanat et de la consommation locale Mme Kayi Mivedor-Sambiani a pris part du 09 au 10 novembre 2024, aux travaux&hellip; <\/p>\n","protected":false},"author":1,"featured_media":1535,"comment_status":"closed","ping_status":"closed","sticky":false,"template":"","format":"standard","meta":{"footnotes":""},"categories":[8],"tags":[],"class_list":["post-1534","post","type-post","status-publish","format-standard","has-post-thumbnail","hentry","category-economie"],"yoast_head":"<!-- This site is optimized with the Yoast SEO plugin v26.4 - https:\/\/yoast.com\/wordpress\/plugins\/seo\/ -->\n<title>Le Togo pr\u00e9sent \u00e0 la 15e r\u00e9union du Conseil des Ministres du commerce de l\u2019Union Africaine - La Voix de la Nation<\/title>\n<meta name=\"robots\" content=\"index, follow, max-snippet:-1, max-image-preview:large, max-video-preview:-1\" \/>\n<link rel=\"canonical\" href=\"https:\/\/lavoixdelanation.tg\/index.php\/2024\/11\/11\/le-togo-present-a-la-15e-reunion-du-conseil-des-ministres-du-commerce-de-lunion-africaine\/\" \/>\n<meta property=\"og:locale\" content=\"fr_FR\" \/>\n<meta property=\"og:type\" content=\"article\" \/>\n<meta property=\"og:title\" content=\"Le Togo pr\u00e9sent \u00e0 la 15e r\u00e9union du Conseil des Ministres du commerce de l\u2019Union Africaine - La Voix de la Nation\" \/>\n<meta property=\"og:description\" content=\"Au nom du gouvernement togolais, la ministre du commerce, de l\u2019artisanat et de la consommation locale Mme Kayi Mivedor-Sambiani a pris part du 09 au 10 novembre 2024, aux travaux&hellip;\" \/>\n<meta property=\"og:url\" content=\"https:\/\/lavoixdelanation.tg\/index.php\/2024\/11\/11\/le-togo-present-a-la-15e-reunion-du-conseil-des-ministres-du-commerce-de-lunion-africaine\/\" \/>\n<meta property=\"og:site_name\" content=\"La Voix de la Nation\" \/>\n<meta property=\"article:publisher\" content=\"https:\/\/www.facebook.com\/lavoixdelanation\" \/>\n<meta property=\"article:published_time\" content=\"2024-11-11T00:00:00+00:00\" \/>\n<meta property=\"article:modified_time\" content=\"2024-12-16T00:04:17+00:00\" \/>\n<meta property=\"og:image\" content=\"https:\/\/lavoixdelanation.tg\/wp-content\/uploads\/2024\/12\/Kayi-Mivedor-Sambiani-a-la-15e-reunion-du-Conseil-des-Ministres-du-commerce-de-lUA.jpg\" \/>\n\t<meta property=\"og:image:width\" content=\"1000\" \/>\n\t<meta property=\"og:image:height\" content=\"467\" \/>\n\t<meta property=\"og:image:type\" content=\"image\/jpeg\" \/>\n<meta name=\"author\" content=\"La voix de la nation\" \/>\n<meta name=\"twitter:card\" content=\"summary_large_image\" \/>\n<meta name=\"twitter:label1\" content=\"\u00c9crit par\" \/>\n\t<meta name=\"twitter:data1\" content=\"La voix de la nation\" \/>\n\t<meta name=\"twitter:label2\" content=\"Dur\u00e9e de lecture estim\u00e9e\" \/>\n\t<meta name=\"twitter:data2\" content=\"2 minutes\" \/>\n<script type=\"application\/ld+json\" class=\"yoast-schema-graph\">{\"@context\":\"https:\/\/schema.org\",\"@graph\":[{\"@type\":\"Article\",\"@id\":\"https:\/\/lavoixdelanation.tg\/index.php\/2024\/11\/11\/le-togo-present-a-la-15e-reunion-du-conseil-des-ministres-du-commerce-de-lunion-africaine\/#article\",\"isPartOf\":{\"@id\":\"https:\/\/lavoixdelanation.tg\/index.php\/2024\/11\/11\/le-togo-present-a-la-15e-reunion-du-conseil-des-ministres-du-commerce-de-lunion-africaine\/\"},\"author\":{\"name\":\"La voix de la nation\",\"@id\":\"https:\/\/lavoixdelanation.tg\/#\/schema\/person\/6c489293aa38053673a9e554acb6e224\"},\"headline\":\"Le Togo pr\u00e9sent \u00e0 la 15e r\u00e9union du Conseil des Ministres du commerce de l\u2019Union Africaine\",\"datePublished\":\"2024-11-11T00:00:00+00:00\",\"dateModified\":\"2024-12-16T00:04:17+00:00\",\"mainEntityOfPage\":{\"@id\":\"https:\/\/lavoixdelanation.tg\/index.php\/2024\/11\/11\/le-togo-present-a-la-15e-reunion-du-conseil-des-ministres-du-commerce-de-lunion-africaine\/\"},\"wordCount\":328,\"publisher\":{\"@id\":\"https:\/\/lavoixdelanation.tg\/#organization\"},\"image\":{\"@id\":\"https:\/\/lavoixdelanation.tg\/index.php\/2024\/11\/11\/le-togo-present-a-la-15e-reunion-du-conseil-des-ministres-du-commerce-de-lunion-africaine\/#primaryimage\"},\"thumbnailUrl\":\"https:\/\/lavoixdelanation.tg\/wp-content\/uploads\/2024\/12\/Kayi-Mivedor-Sambiani-a-la-15e-reunion-du-Conseil-des-Ministres-du-commerce-de-lUA.jpg\",\"articleSection\":[\"Economie\"],\"inLanguage\":\"fr-FR\"},{\"@type\":\"WebPage\",\"@id\":\"https:\/\/lavoixdelanation.tg\/index.php\/2024\/11\/11\/le-togo-present-a-la-15e-reunion-du-conseil-des-ministres-du-commerce-de-lunion-africaine\/\",\"url\":\"https:\/\/lavoixdelanation.tg\/index.php\/2024\/11\/11\/le-togo-present-a-la-15e-reunion-du-conseil-des-ministres-du-commerce-de-lunion-africaine\/\",\"name\":\"Le Togo pr\u00e9sent \u00e0 la 15e r\u00e9union du Conseil des Ministres du commerce de l\u2019Union Africaine - La Voix de la Nation\",\"isPartOf\":{\"@id\":\"https:\/\/lavoixdelanation.tg\/#website\"},\"primaryImageOfPage\":{\"@id\":\"https:\/\/lavoixdelanation.tg\/index.php\/2024\/11\/11\/le-togo-present-a-la-15e-reunion-du-conseil-des-ministres-du-commerce-de-lunion-africaine\/#primaryimage\"},\"image\":{\"@id\":\"https:\/\/lavoixdelanation.tg\/index.php\/2024\/11\/11\/le-togo-present-a-la-15e-reunion-du-conseil-des-ministres-du-commerce-de-lunion-africaine\/#primaryimage\"},\"thumbnailUrl\":\"https:\/\/lavoixdelanation.tg\/wp-content\/uploads\/2024\/12\/Kayi-Mivedor-Sambiani-a-la-15e-reunion-du-Conseil-des-Ministres-du-commerce-de-lUA.jpg\",\"datePublished\":\"2024-11-11T00:00:00+00:00\",\"dateModified\":\"2024-12-16T00:04:17+00:00\",\"breadcrumb\":{\"@id\":\"https:\/\/lavoixdelanation.tg\/index.php\/2024\/11\/11\/le-togo-present-a-la-15e-reunion-du-conseil-des-ministres-du-commerce-de-lunion-africaine\/#breadcrumb\"},\"inLanguage\":\"fr-FR\",\"potentialAction\":[{\"@type\":\"ReadAction\",\"target\":[\"https:\/\/lavoixdelanation.tg\/index.php\/2024\/11\/11\/le-togo-present-a-la-15e-reunion-du-conseil-des-ministres-du-commerce-de-lunion-africaine\/\"]}]},{\"@type\":\"ImageObject\",\"inLanguage\":\"fr-FR\",\"@id\":\"https:\/\/lavoixdelanation.tg\/index.php\/2024\/11\/11\/le-togo-present-a-la-15e-reunion-du-conseil-des-ministres-du-commerce-de-lunion-africaine\/#primaryimage\",\"url\":\"https:\/\/lavoixdelanation.tg\/wp-content\/uploads\/2024\/12\/Kayi-Mivedor-Sambiani-a-la-15e-reunion-du-Conseil-des-Ministres-du-commerce-de-lUA.jpg\",\"contentUrl\":\"https:\/\/lavoixdelanation.tg\/wp-content\/uploads\/2024\/12\/Kayi-Mivedor-Sambiani-a-la-15e-reunion-du-Conseil-des-Ministres-du-commerce-de-lUA.jpg\",\"width\":1000,\"height\":467,\"caption\":\"Kayi Mivedor-Sambiani \u00e0 la 15e r\u00e9union du Conseil des Ministres du commerce de l\u2019UA\"},{\"@type\":\"BreadcrumbList\",\"@id\":\"https:\/\/lavoixdelanation.tg\/index.php\/2024\/11\/11\/le-togo-present-a-la-15e-reunion-du-conseil-des-ministres-du-commerce-de-lunion-africaine\/#breadcrumb\",\"itemListElement\":[{\"@type\":\"ListItem\",\"position\":1,\"name\":\"Accueil\",\"item\":\"https:\/\/lavoixdelanation.tg\/\"},{\"@type\":\"ListItem\",\"position\":2,\"name\":\"Le Togo pr\u00e9sent \u00e0 la 15e r\u00e9union du Conseil des Ministres du commerce de l\u2019Union Africaine\"}]},{\"@type\":\"WebSite\",\"@id\":\"https:\/\/lavoixdelanation.tg\/#website\",\"url\":\"https:\/\/lavoixdelanation.tg\/\",\"name\":\"La Voix de la Nation\",\"description\":\"R\u00e9c\u00e9piss\u00e9 n\u00b00108\/HAAC\/01-2024\/pl\/P\",\"publisher\":{\"@id\":\"https:\/\/lavoixdelanation.tg\/#organization\"},\"alternateName\":\"VON\",\"potentialAction\":[{\"@type\":\"SearchAction\",\"target\":{\"@type\":\"EntryPoint\",\"urlTemplate\":\"https:\/\/lavoixdelanation.tg\/?s={search_term_string}\"},\"query-input\":{\"@type\":\"PropertyValueSpecification\",\"valueRequired\":true,\"valueName\":\"search_term_string\"}}],\"inLanguage\":\"fr-FR\"},{\"@type\":\"Organization\",\"@id\":\"https:\/\/lavoixdelanation.tg\/#organization\",\"name\":\"La Voix de la Nation\",\"url\":\"https:\/\/lavoixdelanation.tg\/\",\"logo\":{\"@type\":\"ImageObject\",\"inLanguage\":\"fr-FR\",\"@id\":\"https:\/\/lavoixdelanation.tg\/#\/schema\/logo\/image\/\",\"url\":\"https:\/\/lavoixdelanation.tg\/wp-content\/uploads\/2024\/12\/lavn-1.png\",\"contentUrl\":\"https:\/\/lavoixdelanation.tg\/wp-content\/uploads\/2024\/12\/lavn-1.png\",\"width\":1024,\"height\":464,\"caption\":\"La Voix de la Nation\"},\"image\":{\"@id\":\"https:\/\/lavoixdelanation.tg\/#\/schema\/logo\/image\/\"},\"sameAs\":[\"https:\/\/www.facebook.com\/lavoixdelanation\"]},{\"@type\":\"Person\",\"@id\":\"https:\/\/lavoixdelanation.tg\/#\/schema\/person\/6c489293aa38053673a9e554acb6e224\",\"name\":\"La voix de la nation\",\"image\":{\"@type\":\"ImageObject\",\"inLanguage\":\"fr-FR\",\"@id\":\"https:\/\/lavoixdelanation.tg\/#\/schema\/person\/image\/\",\"url\":\"https:\/\/secure.gravatar.com\/avatar\/8aa135d4bbc794494cecaa8d483f6d6cc1023624868deaff686baed5e727a5a1?s=96&d=mm&r=g\",\"contentUrl\":\"https:\/\/secure.gravatar.com\/avatar\/8aa135d4bbc794494cecaa8d483f6d6cc1023624868deaff686baed5e727a5a1?s=96&d=mm&r=g\",\"caption\":\"La voix de la nation\"},\"sameAs\":[\"https:\/\/lavoixdelanation.tg\"],\"url\":\"https:\/\/lavoixdelanation.tg\/index.php\/author\/lavn\/\"}]}<\/script>\n<!-- \/ Yoast SEO plugin. -->","yoast_head_json":{"title":"Le Togo pr\u00e9sent \u00e0 la 15e r\u00e9union du Conseil des Ministres du commerce de l\u2019Union Africaine - La Voix de la Nation","robots":{"index":"index","follow":"follow","max-snippet":"max-snippet:-1","max-image-preview":"max-image-preview:large","max-video-preview":"max-video-preview:-1"},"canonical":"https:\/\/lavoixdelanation.tg\/index.php\/2024\/11\/11\/le-togo-present-a-la-15e-reunion-du-conseil-des-ministres-du-commerce-de-lunion-africaine\/","og_locale":"fr_FR","og_type":"article","og_title":"Le Togo pr\u00e9sent \u00e0 la 15e r\u00e9union du Conseil des Ministres du commerce de l\u2019Union Africaine - La Voix de la Nation","og_description":"Au nom du gouvernement togolais, la ministre du commerce, de l\u2019artisanat et de la consommation locale Mme Kayi Mivedor-Sambiani a pris part du 09 au 10 novembre 2024, aux travaux&hellip;","og_url":"https:\/\/lavoixdelanation.tg\/index.php\/2024\/11\/11\/le-togo-present-a-la-15e-reunion-du-conseil-des-ministres-du-commerce-de-lunion-africaine\/","og_site_name":"La Voix de la Nation","article_publisher":"https:\/\/www.facebook.com\/lavoixdelanation","article_published_time":"2024-11-11T00:00:00+00:00","article_modified_time":"2024-12-16T00:04:17+00:00","og_image":[{"width":1000,"height":467,"url":"https:\/\/lavoixdelanation.tg\/wp-content\/uploads\/2024\/12\/Kayi-Mivedor-Sambiani-a-la-15e-reunion-du-Conseil-des-Ministres-du-commerce-de-lUA.jpg","type":"image\/jpeg"}],"author":"La voix de la nation","twitter_card":"summary_large_image","twitter_misc":{"\u00c9crit par":"La voix de la nation","Dur\u00e9e de lecture estim\u00e9e":"2 minutes"},"schema":{"@context":"https:\/\/schema.org","@graph":[{"@type":"Article","@id":"https:\/\/lavoixdelanation.tg\/index.php\/2024\/11\/11\/le-togo-present-a-la-15e-reunion-du-conseil-des-ministres-du-commerce-de-lunion-africaine\/#article","isPartOf":{"@id":"https:\/\/lavoixdelanation.tg\/index.php\/2024\/11\/11\/le-togo-present-a-la-15e-reunion-du-conseil-des-ministres-du-commerce-de-lunion-africaine\/"},"author":{"name":"La voix de la nation","@id":"https:\/\/lavoixdelanation.tg\/#\/schema\/person\/6c489293aa38053673a9e554acb6e224"},"headline":"Le Togo pr\u00e9sent \u00e0 la 15e r\u00e9union du Conseil des Ministres du commerce de l\u2019Union Africaine","datePublished":"2024-11-11T00:00:00+00:00","dateModified":"2024-12-16T00:04:17+00:00","mainEntityOfPage":{"@id":"https:\/\/lavoixdelanation.tg\/index.php\/2024\/11\/11\/le-togo-present-a-la-15e-reunion-du-conseil-des-ministres-du-commerce-de-lunion-africaine\/"},"wordCount":328,"publisher":{"@id":"https:\/\/lavoixdelanation.tg\/#organization"},"image":{"@id":"https:\/\/lavoixdelanation.tg\/index.php\/2024\/11\/11\/le-togo-present-a-la-15e-reunion-du-conseil-des-ministres-du-commerce-de-lunion-africaine\/#primaryimage"},"thumbnailUrl":"https:\/\/lavoixdelanation.tg\/wp-content\/uploads\/2024\/12\/Kayi-Mivedor-Sambiani-a-la-15e-reunion-du-Conseil-des-Ministres-du-commerce-de-lUA.jpg","articleSection":["Economie"],"inLanguage":"fr-FR"},{"@type":"WebPage","@id":"https:\/\/lavoixdelanation.tg\/index.php\/2024\/11\/11\/le-togo-present-a-la-15e-reunion-du-conseil-des-ministres-du-commerce-de-lunion-africaine\/","url":"https:\/\/lavoixdelanation.tg\/index.php\/2024\/11\/11\/le-togo-present-a-la-15e-reunion-du-conseil-des-ministres-du-commerce-de-lunion-africaine\/","name":"Le Togo pr\u00e9sent \u00e0 la 15e r\u00e9union du Conseil des Ministres du commerce de l\u2019Union Africaine - La Voix de la Nation","isPartOf":{"@id":"https:\/\/lavoixdelanation.tg\/#website"},"primaryImageOfPage":{"@id":"https:\/\/lavoixdelanation.tg\/index.php\/2024\/11\/11\/le-togo-present-a-la-15e-reunion-du-conseil-des-ministres-du-commerce-de-lunion-africaine\/#primaryimage"},"image":{"@id":"https:\/\/lavoixdelanation.tg\/index.php\/2024\/11\/11\/le-togo-present-a-la-15e-reunion-du-conseil-des-ministres-du-commerce-de-lunion-africaine\/#primaryimage"},"thumbnailUrl":"https:\/\/lavoixdelanation.tg\/wp-content\/uploads\/2024\/12\/Kayi-Mivedor-Sambiani-a-la-15e-reunion-du-Conseil-des-Ministres-du-commerce-de-lUA.jpg","datePublished":"2024-11-11T00:00:00+00:00","dateModified":"2024-12-16T00:04:17+00:00","breadcrumb":{"@id":"https:\/\/lavoixdelanation.tg\/index.php\/2024\/11\/11\/le-togo-present-a-la-15e-reunion-du-conseil-des-ministres-du-commerce-de-lunion-africaine\/#breadcrumb"},"inLanguage":"fr-FR","potentialAction":[{"@type":"ReadAction","target":["https:\/\/lavoixdelanation.tg\/index.php\/2024\/11\/11\/le-togo-present-a-la-15e-reunion-du-conseil-des-ministres-du-commerce-de-lunion-africaine\/"]}]},{"@type":"ImageObject","inLanguage":"fr-FR","@id":"https:\/\/lavoixdelanation.tg\/index.php\/2024\/11\/11\/le-togo-present-a-la-15e-reunion-du-conseil-des-ministres-du-commerce-de-lunion-africaine\/#primaryimage","url":"https:\/\/lavoixdelanation.tg\/wp-content\/uploads\/2024\/12\/Kayi-Mivedor-Sambiani-a-la-15e-reunion-du-Conseil-des-Ministres-du-commerce-de-lUA.jpg","contentUrl":"https:\/\/lavoixdelanation.tg\/wp-content\/uploads\/2024\/12\/Kayi-Mivedor-Sambiani-a-la-15e-reunion-du-Conseil-des-Ministres-du-commerce-de-lUA.jpg","width":1000,"height":467,"caption":"Kayi Mivedor-Sambiani \u00e0 la 15e r\u00e9union du Conseil des Ministres du commerce de l\u2019UA"},{"@type":"BreadcrumbList","@id":"https:\/\/lavoixdelanation.tg\/index.php\/2024\/11\/11\/le-togo-present-a-la-15e-reunion-du-conseil-des-ministres-du-commerce-de-lunion-africaine\/#breadcrumb","itemListElement":[{"@type":"ListItem","position":1,"name":"Accueil","item":"https:\/\/lavoixdelanation.tg\/"},{"@type":"ListItem","position":2,"name":"Le Togo pr\u00e9sent \u00e0 la 15e r\u00e9union du Conseil des Ministres du commerce de l\u2019Union Africaine"}]},{"@type":"WebSite","@id":"https:\/\/lavoixdelanation.tg\/#website","url":"https:\/\/lavoixdelanation.tg\/","name":"La Voix de la Nation","description":"R\u00e9c\u00e9piss\u00e9 n\u00b00108\/HAAC\/01-2024\/pl\/P","publisher":{"@id":"https:\/\/lavoixdelanation.tg\/#organization"},"alternateName":"VON","potentialAction":[{"@type":"SearchAction","target":{"@type":"EntryPoint","urlTemplate":"https:\/\/lavoixdelanation.tg\/?s={search_term_string}"},"query-input":{"@type":"PropertyValueSpecification","valueRequired":true,"valueName":"search_term_string"}}],"inLanguage":"fr-FR"},{"@type":"Organization","@id":"https:\/\/lavoixdelanation.tg\/#organization","name":"La Voix de la Nation","url":"https:\/\/lavoixdelanation.tg\/","logo":{"@type":"ImageObject","inLanguage":"fr-FR","@id":"https:\/\/lavoixdelanation.tg\/#\/schema\/logo\/image\/","url":"https:\/\/lavoixdelanation.tg\/wp-content\/uploads\/2024\/12\/lavn-1.png","contentUrl":"https:\/\/lavoixdelanation.tg\/wp-content\/uploads\/2024\/12\/lavn-1.png","width":1024,"height":464,"caption":"La Voix de la Nation"},"image":{"@id":"https:\/\/lavoixdelanation.tg\/#\/schema\/logo\/image\/"},"sameAs":["https:\/\/www.facebook.com\/lavoixdelanation"]},{"@type":"Person","@id":"https:\/\/lavoixdelanation.tg\/#\/schema\/person\/6c489293aa38053673a9e554acb6e224","name":"La voix de la nation","image":{"@type":"ImageObject","inLanguage":"fr-FR","@id":"https:\/\/lavoixdelanation.tg\/#\/schema\/person\/image\/","url":"https:\/\/secure.gravatar.com\/avatar\/8aa135d4bbc794494cecaa8d483f6d6cc1023624868deaff686baed5e727a5a1?s=96&d=mm&r=g","contentUrl":"https:\/\/secure.gravatar.com\/avatar\/8aa135d4bbc794494cecaa8d483f6d6cc1023624868deaff686baed5e727a5a1?s=96&d=mm&r=g","caption":"La voix de la nation"},"sameAs":["https:\/\/lavoixdelanation.tg"],"url":"https:\/\/lavoixdelanation.tg\/index.php\/author\/lavn\/"}]}},"_links":{"self":[{"href":"https:\/\/lavoixdelanation.tg\/index.php\/wp-json\/wp\/v2\/posts\/1534","targetHints":{"allow":["GET"]}}],"collection":[{"href":"https:\/\/lavoixdelanation.tg\/index.php\/wp-json\/wp\/v2\/posts"}],"about":[{"href":"https:\/\/lavoixdelanation.tg\/index.php\/wp-json\/wp\/v2\/types\/post"}],"author":[{"embeddable":true,"href":"https:\/\/lavoixdelanation.tg\/index.php\/wp-json\/wp\/v2\/users\/1"}],"replies":[{"embeddable":true,"href":"https:\/\/lavoixdelanation.tg\/index.php\/wp-json\/wp\/v2\/comments?post=1534"}],"version-history":[{"count":1,"href":"https:\/\/lavoixdelanation.tg\/index.php\/wp-json\/wp\/v2\/posts\/1534\/revisions"}],"predecessor-version":[{"id":1536,"href":"https:\/\/lavoixdelanation.tg\/index.php\/wp-json\/wp\/v2\/posts\/1534\/revisions\/1536"}],"wp:featuredmedia":[{"embeddable":true,"href":"https:\/\/lavoixdelanation.tg\/index.php\/wp-json\/wp\/v2\/media\/1535"}],"wp:attachment":[{"href":"https:\/\/lavoixdelanation.tg\/index.php\/wp-json\/wp\/v2\/media?parent=1534"}],"wp:term":[{"taxonomy":"category","embeddable":true,"href":"https:\/\/lavoixdelanation.tg\/index.php\/wp-json\/wp\/v2\/categories?post=1534"},{"taxonomy":"post_tag","embeddable":true,"href":"https:\/\/lavoixdelanation.tg\/index.php\/wp-json\/wp\/v2\/tags?post=1534"}],"curies":[{"name":"wp","href":"https:\/\/api.w.org\/{rel}","templated":true}]}}