{"id":1531,"date":"2024-11-30T00:34:00","date_gmt":"2024-11-29T23:34:00","guid":{"rendered":"https:\/\/lavoixdelanation.tg\/?p=1531"},"modified":"2024-12-16T00:47:59","modified_gmt":"2024-12-15T23:47:59","slug":"controle-des-prix-la-ministre-kayi-mivedor-fait-une-descente-dans-les-marches-de-lome","status":"publish","type":"post","link":"https:\/\/lavoixdelanation.tg\/index.php\/2024\/11\/30\/controle-des-prix-la-ministre-kayi-mivedor-fait-une-descente-dans-les-marches-de-lome\/","title":{"rendered":"Contr\u00f4le des prix\u00a0: La ministre Kayi MIVEDOR fait une descente dans les march\u00e9s de Lom\u00e9"},"content":{"rendered":"\n<p><strong>La ministre du commerce, de l\u2019artisanat et de la consommation locale, Kayi Mivedor-Sambiani a effectu\u00e9 ce samedi 30 novembre 2024 une descente dans les march\u00e9s du Grand Lom\u00e9 notamment d\u2019Adawlato et d\u2019Adidogom\u00e9.<\/strong><\/p>\n\n\n\n<p>Cette op\u00e9ration de terrain men\u00e9e avec une \u00e9quipe d\u2019inspecteurs et de contr\u00f4leurs de commerce de son minist\u00e8re, s\u2019inscrit dans le cadre de la surveillance du march\u00e9 et du contr\u00f4le des prix et la qualit\u00e9 des denr\u00e9es alimentaires de premi\u00e8re n\u00e9cessit\u00e9.<\/p>\n\n\n\n<p>Il s\u2019agit d\u2019une sortie inopin\u00e9e qui a \u00e9t\u00e9 pour la ministre, l\u2019occasion de s\u2019assurer du respect des r\u00e9glementations en vigueur relatives notamment aux prix des produits, \u00e0 leurs qualit\u00e9s, ainsi que le niveau de protection des denr\u00e9es p\u00e9rissables pour garantir la sant\u00e9 et la s\u00e9curit\u00e9 des consommateurs.<\/p>\n\n\n\n<p>\u00ab&nbsp;En cette p\u00e9riode de f\u00eates, les op\u00e9rateurs \u00e9conomiques font du d\u00e9stockage. Malheureusement, certains produits mis en vente se trouvent \u00eatre des produits p\u00e9rim\u00e9s, nuisibles \u00e0 la sant\u00e9. Nous avons profit\u00e9 de notre sortie inopin\u00e9e pour v\u00e9rifier les stocks et rappeler aux op\u00e9rateurs que le non-respect des dispositions officielles est passible de sanctions. Notre d\u00e9marche vise aussi \u00e0 emmener les consommateurs \u00e0 faire confiance aux produits locaux et \u00e0 les acheter en priorit\u00e9 dans le cadre de leur approvisionnement dans l\u2019optique de soutenir la croissance des entreprises&nbsp;\u00bb, a expliqu\u00e9 Mme Kayi Mivedor-Sambiani.<\/p>\n\n\n\n<p>Ces actions d\u2019inspection et de contr\u00f4le des march\u00e9s se poursuivront sur toute l\u2019\u00e9tendue du territoire national.<\/p>\n\n\n\n<p><strong>David Soklou<\/strong><\/p>\n","protected":false},"excerpt":{"rendered":"<p>La ministre du commerce, de l\u2019artisanat et de la consommation locale, Kayi Mivedor-Sambiani a effectu\u00e9 ce samedi 30 novembre 2024 une descente dans les march\u00e9s du Grand Lom\u00e9 notamment d\u2019Adawlato&hellip; <\/p>\n","protected":false},"author":1,"featured_media":1532,"comment_status":"closed","ping_status":"closed","sticky":false,"template":"","format":"standard","meta":{"footnotes":""},"categories":[8],"tags":[],"class_list":["post-1531","post","type-post","status-publish","format-standard","has-post-thumbnail","hentry","category-economie"],"yoast_head":"<!-- This site is optimized with the Yoast SEO plugin v26.4 - https:\/\/yoast.com\/wordpress\/plugins\/seo\/ -->\n<title>Contr\u00f4le des prix\u00a0: La ministre Kayi MIVEDOR fait une descente dans les march\u00e9s de Lom\u00e9 - La Voix de la Nation<\/title>\n<meta name=\"robots\" content=\"index, follow, max-snippet:-1, max-image-preview:large, max-video-preview:-1\" \/>\n<link rel=\"canonical\" href=\"https:\/\/lavoixdelanation.tg\/index.php\/2024\/11\/30\/controle-des-prix-la-ministre-kayi-mivedor-fait-une-descente-dans-les-marches-de-lome\/\" \/>\n<meta property=\"og:locale\" content=\"fr_FR\" \/>\n<meta property=\"og:type\" content=\"article\" \/>\n<meta property=\"og:title\" content=\"Contr\u00f4le des prix\u00a0: La ministre Kayi MIVEDOR fait une descente dans les march\u00e9s de Lom\u00e9 - La Voix de la Nation\" \/>\n<meta property=\"og:description\" content=\"La ministre du commerce, de l\u2019artisanat et de la consommation locale, Kayi Mivedor-Sambiani a effectu\u00e9 ce samedi 30 novembre 2024 une descente dans les march\u00e9s du Grand Lom\u00e9 notamment d\u2019Adawlato&hellip;\" \/>\n<meta property=\"og:url\" content=\"https:\/\/lavoixdelanation.tg\/index.php\/2024\/11\/30\/controle-des-prix-la-ministre-kayi-mivedor-fait-une-descente-dans-les-marches-de-lome\/\" \/>\n<meta property=\"og:site_name\" content=\"La Voix de la Nation\" \/>\n<meta property=\"article:publisher\" content=\"https:\/\/www.facebook.com\/lavoixdelanation\" \/>\n<meta property=\"article:published_time\" content=\"2024-11-29T23:34:00+00:00\" \/>\n<meta property=\"article:modified_time\" content=\"2024-12-15T23:47:59+00:00\" \/>\n<meta property=\"og:image\" content=\"https:\/\/lavoixdelanation.tg\/wp-content\/uploads\/2024\/12\/Kayi-MIVEDOR-SAMBIANI-dans-les-marches-de-Lome.jpg\" \/>\n\t<meta property=\"og:image:width\" content=\"1600\" \/>\n\t<meta property=\"og:image:height\" content=\"1062\" \/>\n\t<meta property=\"og:image:type\" content=\"image\/jpeg\" \/>\n<meta name=\"author\" content=\"La voix de la nation\" \/>\n<meta name=\"twitter:card\" content=\"summary_large_image\" \/>\n<meta name=\"twitter:label1\" content=\"\u00c9crit par\" \/>\n\t<meta name=\"twitter:data1\" content=\"La voix de la nation\" \/>\n\t<meta name=\"twitter:label2\" content=\"Dur\u00e9e de lecture estim\u00e9e\" \/>\n\t<meta name=\"twitter:data2\" content=\"1 minute\" \/>\n<script type=\"application\/ld+json\" class=\"yoast-schema-graph\">{\"@context\":\"https:\/\/schema.org\",\"@graph\":[{\"@type\":\"Article\",\"@id\":\"https:\/\/lavoixdelanation.tg\/index.php\/2024\/11\/30\/controle-des-prix-la-ministre-kayi-mivedor-fait-une-descente-dans-les-marches-de-lome\/#article\",\"isPartOf\":{\"@id\":\"https:\/\/lavoixdelanation.tg\/index.php\/2024\/11\/30\/controle-des-prix-la-ministre-kayi-mivedor-fait-une-descente-dans-les-marches-de-lome\/\"},\"author\":{\"name\":\"La voix de la nation\",\"@id\":\"https:\/\/lavoixdelanation.tg\/#\/schema\/person\/6c489293aa38053673a9e554acb6e224\"},\"headline\":\"Contr\u00f4le des prix\u00a0: La ministre Kayi MIVEDOR fait une descente dans les march\u00e9s de Lom\u00e9\",\"datePublished\":\"2024-11-29T23:34:00+00:00\",\"dateModified\":\"2024-12-15T23:47:59+00:00\",\"mainEntityOfPage\":{\"@id\":\"https:\/\/lavoixdelanation.tg\/index.php\/2024\/11\/30\/controle-des-prix-la-ministre-kayi-mivedor-fait-une-descente-dans-les-marches-de-lome\/\"},\"wordCount\":279,\"publisher\":{\"@id\":\"https:\/\/lavoixdelanation.tg\/#organization\"},\"image\":{\"@id\":\"https:\/\/lavoixdelanation.tg\/index.php\/2024\/11\/30\/controle-des-prix-la-ministre-kayi-mivedor-fait-une-descente-dans-les-marches-de-lome\/#primaryimage\"},\"thumbnailUrl\":\"https:\/\/lavoixdelanation.tg\/wp-content\/uploads\/2024\/12\/Kayi-MIVEDOR-SAMBIANI-dans-les-marches-de-Lome.jpg\",\"articleSection\":[\"Economie\"],\"inLanguage\":\"fr-FR\"},{\"@type\":\"WebPage\",\"@id\":\"https:\/\/lavoixdelanation.tg\/index.php\/2024\/11\/30\/controle-des-prix-la-ministre-kayi-mivedor-fait-une-descente-dans-les-marches-de-lome\/\",\"url\":\"https:\/\/lavoixdelanation.tg\/index.php\/2024\/11\/30\/controle-des-prix-la-ministre-kayi-mivedor-fait-une-descente-dans-les-marches-de-lome\/\",\"name\":\"Contr\u00f4le des prix\u00a0: La ministre Kayi MIVEDOR fait une descente dans les march\u00e9s de Lom\u00e9 - La Voix de la Nation\",\"isPartOf\":{\"@id\":\"https:\/\/lavoixdelanation.tg\/#website\"},\"primaryImageOfPage\":{\"@id\":\"https:\/\/lavoixdelanation.tg\/index.php\/2024\/11\/30\/controle-des-prix-la-ministre-kayi-mivedor-fait-une-descente-dans-les-marches-de-lome\/#primaryimage\"},\"image\":{\"@id\":\"https:\/\/lavoixdelanation.tg\/index.php\/2024\/11\/30\/controle-des-prix-la-ministre-kayi-mivedor-fait-une-descente-dans-les-marches-de-lome\/#primaryimage\"},\"thumbnailUrl\":\"https:\/\/lavoixdelanation.tg\/wp-content\/uploads\/2024\/12\/Kayi-MIVEDOR-SAMBIANI-dans-les-marches-de-Lome.jpg\",\"datePublished\":\"2024-11-29T23:34:00+00:00\",\"dateModified\":\"2024-12-15T23:47:59+00:00\",\"breadcrumb\":{\"@id\":\"https:\/\/lavoixdelanation.tg\/index.php\/2024\/11\/30\/controle-des-prix-la-ministre-kayi-mivedor-fait-une-descente-dans-les-marches-de-lome\/#breadcrumb\"},\"inLanguage\":\"fr-FR\",\"potentialAction\":[{\"@type\":\"ReadAction\",\"target\":[\"https:\/\/lavoixdelanation.tg\/index.php\/2024\/11\/30\/controle-des-prix-la-ministre-kayi-mivedor-fait-une-descente-dans-les-marches-de-lome\/\"]}]},{\"@type\":\"ImageObject\",\"inLanguage\":\"fr-FR\",\"@id\":\"https:\/\/lavoixdelanation.tg\/index.php\/2024\/11\/30\/controle-des-prix-la-ministre-kayi-mivedor-fait-une-descente-dans-les-marches-de-lome\/#primaryimage\",\"url\":\"https:\/\/lavoixdelanation.tg\/wp-content\/uploads\/2024\/12\/Kayi-MIVEDOR-SAMBIANI-dans-les-marches-de-Lome.jpg\",\"contentUrl\":\"https:\/\/lavoixdelanation.tg\/wp-content\/uploads\/2024\/12\/Kayi-MIVEDOR-SAMBIANI-dans-les-marches-de-Lome.jpg\",\"width\":1600,\"height\":1062},{\"@type\":\"BreadcrumbList\",\"@id\":\"https:\/\/lavoixdelanation.tg\/index.php\/2024\/11\/30\/controle-des-prix-la-ministre-kayi-mivedor-fait-une-descente-dans-les-marches-de-lome\/#breadcrumb\",\"itemListElement\":[{\"@type\":\"ListItem\",\"position\":1,\"name\":\"Accueil\",\"item\":\"https:\/\/lavoixdelanation.tg\/\"},{\"@type\":\"ListItem\",\"position\":2,\"name\":\"Contr\u00f4le des prix\u00a0: La ministre Kayi MIVEDOR fait une descente dans les march\u00e9s de Lom\u00e9\"}]},{\"@type\":\"WebSite\",\"@id\":\"https:\/\/lavoixdelanation.tg\/#website\",\"url\":\"https:\/\/lavoixdelanation.tg\/\",\"name\":\"La Voix de la Nation\",\"description\":\"R\u00e9c\u00e9piss\u00e9 n\u00b00108\/HAAC\/01-2024\/pl\/P\",\"publisher\":{\"@id\":\"https:\/\/lavoixdelanation.tg\/#organization\"},\"alternateName\":\"VON\",\"potentialAction\":[{\"@type\":\"SearchAction\",\"target\":{\"@type\":\"EntryPoint\",\"urlTemplate\":\"https:\/\/lavoixdelanation.tg\/?s={search_term_string}\"},\"query-input\":{\"@type\":\"PropertyValueSpecification\",\"valueRequired\":true,\"valueName\":\"search_term_string\"}}],\"inLanguage\":\"fr-FR\"},{\"@type\":\"Organization\",\"@id\":\"https:\/\/lavoixdelanation.tg\/#organization\",\"name\":\"La Voix de la Nation\",\"url\":\"https:\/\/lavoixdelanation.tg\/\",\"logo\":{\"@type\":\"ImageObject\",\"inLanguage\":\"fr-FR\",\"@id\":\"https:\/\/lavoixdelanation.tg\/#\/schema\/logo\/image\/\",\"url\":\"https:\/\/lavoixdelanation.tg\/wp-content\/uploads\/2024\/12\/lavn-1.png\",\"contentUrl\":\"https:\/\/lavoixdelanation.tg\/wp-content\/uploads\/2024\/12\/lavn-1.png\",\"width\":1024,\"height\":464,\"caption\":\"La Voix de la Nation\"},\"image\":{\"@id\":\"https:\/\/lavoixdelanation.tg\/#\/schema\/logo\/image\/\"},\"sameAs\":[\"https:\/\/www.facebook.com\/lavoixdelanation\"]},{\"@type\":\"Person\",\"@id\":\"https:\/\/lavoixdelanation.tg\/#\/schema\/person\/6c489293aa38053673a9e554acb6e224\",\"name\":\"La voix de la nation\",\"image\":{\"@type\":\"ImageObject\",\"inLanguage\":\"fr-FR\",\"@id\":\"https:\/\/lavoixdelanation.tg\/#\/schema\/person\/image\/\",\"url\":\"https:\/\/secure.gravatar.com\/avatar\/8aa135d4bbc794494cecaa8d483f6d6cc1023624868deaff686baed5e727a5a1?s=96&d=mm&r=g\",\"contentUrl\":\"https:\/\/secure.gravatar.com\/avatar\/8aa135d4bbc794494cecaa8d483f6d6cc1023624868deaff686baed5e727a5a1?s=96&d=mm&r=g\",\"caption\":\"La voix de la nation\"},\"sameAs\":[\"https:\/\/lavoixdelanation.tg\"],\"url\":\"https:\/\/lavoixdelanation.tg\/index.php\/author\/lavn\/\"}]}<\/script>\n<!-- \/ Yoast SEO plugin. -->","yoast_head_json":{"title":"Contr\u00f4le des prix\u00a0: La ministre Kayi MIVEDOR fait une descente dans les march\u00e9s de Lom\u00e9 - La Voix de la Nation","robots":{"index":"index","follow":"follow","max-snippet":"max-snippet:-1","max-image-preview":"max-image-preview:large","max-video-preview":"max-video-preview:-1"},"canonical":"https:\/\/lavoixdelanation.tg\/index.php\/2024\/11\/30\/controle-des-prix-la-ministre-kayi-mivedor-fait-une-descente-dans-les-marches-de-lome\/","og_locale":"fr_FR","og_type":"article","og_title":"Contr\u00f4le des prix\u00a0: La ministre Kayi MIVEDOR fait une descente dans les march\u00e9s de Lom\u00e9 - La Voix de la Nation","og_description":"La ministre du commerce, de l\u2019artisanat et de la consommation locale, Kayi Mivedor-Sambiani a effectu\u00e9 ce samedi 30 novembre 2024 une descente dans les march\u00e9s du Grand Lom\u00e9 notamment d\u2019Adawlato&hellip;","og_url":"https:\/\/lavoixdelanation.tg\/index.php\/2024\/11\/30\/controle-des-prix-la-ministre-kayi-mivedor-fait-une-descente-dans-les-marches-de-lome\/","og_site_name":"La Voix de la Nation","article_publisher":"https:\/\/www.facebook.com\/lavoixdelanation","article_published_time":"2024-11-29T23:34:00+00:00","article_modified_time":"2024-12-15T23:47:59+00:00","og_image":[{"width":1600,"height":1062,"url":"https:\/\/lavoixdelanation.tg\/wp-content\/uploads\/2024\/12\/Kayi-MIVEDOR-SAMBIANI-dans-les-marches-de-Lome.jpg","type":"image\/jpeg"}],"author":"La voix de la nation","twitter_card":"summary_large_image","twitter_misc":{"\u00c9crit par":"La voix de la nation","Dur\u00e9e de lecture estim\u00e9e":"1 minute"},"schema":{"@context":"https:\/\/schema.org","@graph":[{"@type":"Article","@id":"https:\/\/lavoixdelanation.tg\/index.php\/2024\/11\/30\/controle-des-prix-la-ministre-kayi-mivedor-fait-une-descente-dans-les-marches-de-lome\/#article","isPartOf":{"@id":"https:\/\/lavoixdelanation.tg\/index.php\/2024\/11\/30\/controle-des-prix-la-ministre-kayi-mivedor-fait-une-descente-dans-les-marches-de-lome\/"},"author":{"name":"La voix de la nation","@id":"https:\/\/lavoixdelanation.tg\/#\/schema\/person\/6c489293aa38053673a9e554acb6e224"},"headline":"Contr\u00f4le des prix\u00a0: La ministre Kayi MIVEDOR fait une descente dans les march\u00e9s de Lom\u00e9","datePublished":"2024-11-29T23:34:00+00:00","dateModified":"2024-12-15T23:47:59+00:00","mainEntityOfPage":{"@id":"https:\/\/lavoixdelanation.tg\/index.php\/2024\/11\/30\/controle-des-prix-la-ministre-kayi-mivedor-fait-une-descente-dans-les-marches-de-lome\/"},"wordCount":279,"publisher":{"@id":"https:\/\/lavoixdelanation.tg\/#organization"},"image":{"@id":"https:\/\/lavoixdelanation.tg\/index.php\/2024\/11\/30\/controle-des-prix-la-ministre-kayi-mivedor-fait-une-descente-dans-les-marches-de-lome\/#primaryimage"},"thumbnailUrl":"https:\/\/lavoixdelanation.tg\/wp-content\/uploads\/2024\/12\/Kayi-MIVEDOR-SAMBIANI-dans-les-marches-de-Lome.jpg","articleSection":["Economie"],"inLanguage":"fr-FR"},{"@type":"WebPage","@id":"https:\/\/lavoixdelanation.tg\/index.php\/2024\/11\/30\/controle-des-prix-la-ministre-kayi-mivedor-fait-une-descente-dans-les-marches-de-lome\/","url":"https:\/\/lavoixdelanation.tg\/index.php\/2024\/11\/30\/controle-des-prix-la-ministre-kayi-mivedor-fait-une-descente-dans-les-marches-de-lome\/","name":"Contr\u00f4le des prix\u00a0: La ministre Kayi MIVEDOR fait une descente dans les march\u00e9s de Lom\u00e9 - La Voix de la Nation","isPartOf":{"@id":"https:\/\/lavoixdelanation.tg\/#website"},"primaryImageOfPage":{"@id":"https:\/\/lavoixdelanation.tg\/index.php\/2024\/11\/30\/controle-des-prix-la-ministre-kayi-mivedor-fait-une-descente-dans-les-marches-de-lome\/#primaryimage"},"image":{"@id":"https:\/\/lavoixdelanation.tg\/index.php\/2024\/11\/30\/controle-des-prix-la-ministre-kayi-mivedor-fait-une-descente-dans-les-marches-de-lome\/#primaryimage"},"thumbnailUrl":"https:\/\/lavoixdelanation.tg\/wp-content\/uploads\/2024\/12\/Kayi-MIVEDOR-SAMBIANI-dans-les-marches-de-Lome.jpg","datePublished":"2024-11-29T23:34:00+00:00","dateModified":"2024-12-15T23:47:59+00:00","breadcrumb":{"@id":"https:\/\/lavoixdelanation.tg\/index.php\/2024\/11\/30\/controle-des-prix-la-ministre-kayi-mivedor-fait-une-descente-dans-les-marches-de-lome\/#breadcrumb"},"inLanguage":"fr-FR","potentialAction":[{"@type":"ReadAction","target":["https:\/\/lavoixdelanation.tg\/index.php\/2024\/11\/30\/controle-des-prix-la-ministre-kayi-mivedor-fait-une-descente-dans-les-marches-de-lome\/"]}]},{"@type":"ImageObject","inLanguage":"fr-FR","@id":"https:\/\/lavoixdelanation.tg\/index.php\/2024\/11\/30\/controle-des-prix-la-ministre-kayi-mivedor-fait-une-descente-dans-les-marches-de-lome\/#primaryimage","url":"https:\/\/lavoixdelanation.tg\/wp-content\/uploads\/2024\/12\/Kayi-MIVEDOR-SAMBIANI-dans-les-marches-de-Lome.jpg","contentUrl":"https:\/\/lavoixdelanation.tg\/wp-content\/uploads\/2024\/12\/Kayi-MIVEDOR-SAMBIANI-dans-les-marches-de-Lome.jpg","width":1600,"height":1062},{"@type":"BreadcrumbList","@id":"https:\/\/lavoixdelanation.tg\/index.php\/2024\/11\/30\/controle-des-prix-la-ministre-kayi-mivedor-fait-une-descente-dans-les-marches-de-lome\/#breadcrumb","itemListElement":[{"@type":"ListItem","position":1,"name":"Accueil","item":"https:\/\/lavoixdelanation.tg\/"},{"@type":"ListItem","position":2,"name":"Contr\u00f4le des prix\u00a0: La ministre Kayi MIVEDOR fait une descente dans les march\u00e9s de Lom\u00e9"}]},{"@type":"WebSite","@id":"https:\/\/lavoixdelanation.tg\/#website","url":"https:\/\/lavoixdelanation.tg\/","name":"La Voix de la Nation","description":"R\u00e9c\u00e9piss\u00e9 n\u00b00108\/HAAC\/01-2024\/pl\/P","publisher":{"@id":"https:\/\/lavoixdelanation.tg\/#organization"},"alternateName":"VON","potentialAction":[{"@type":"SearchAction","target":{"@type":"EntryPoint","urlTemplate":"https:\/\/lavoixdelanation.tg\/?s={search_term_string}"},"query-input":{"@type":"PropertyValueSpecification","valueRequired":true,"valueName":"search_term_string"}}],"inLanguage":"fr-FR"},{"@type":"Organization","@id":"https:\/\/lavoixdelanation.tg\/#organization","name":"La Voix de la Nation","url":"https:\/\/lavoixdelanation.tg\/","logo":{"@type":"ImageObject","inLanguage":"fr-FR","@id":"https:\/\/lavoixdelanation.tg\/#\/schema\/logo\/image\/","url":"https:\/\/lavoixdelanation.tg\/wp-content\/uploads\/2024\/12\/lavn-1.png","contentUrl":"https:\/\/lavoixdelanation.tg\/wp-content\/uploads\/2024\/12\/lavn-1.png","width":1024,"height":464,"caption":"La Voix de la Nation"},"image":{"@id":"https:\/\/lavoixdelanation.tg\/#\/schema\/logo\/image\/"},"sameAs":["https:\/\/www.facebook.com\/lavoixdelanation"]},{"@type":"Person","@id":"https:\/\/lavoixdelanation.tg\/#\/schema\/person\/6c489293aa38053673a9e554acb6e224","name":"La voix de la nation","image":{"@type":"ImageObject","inLanguage":"fr-FR","@id":"https:\/\/lavoixdelanation.tg\/#\/schema\/person\/image\/","url":"https:\/\/secure.gravatar.com\/avatar\/8aa135d4bbc794494cecaa8d483f6d6cc1023624868deaff686baed5e727a5a1?s=96&d=mm&r=g","contentUrl":"https:\/\/secure.gravatar.com\/avatar\/8aa135d4bbc794494cecaa8d483f6d6cc1023624868deaff686baed5e727a5a1?s=96&d=mm&r=g","caption":"La voix de la nation"},"sameAs":["https:\/\/lavoixdelanation.tg"],"url":"https:\/\/lavoixdelanation.tg\/index.php\/author\/lavn\/"}]}},"_links":{"self":[{"href":"https:\/\/lavoixdelanation.tg\/index.php\/wp-json\/wp\/v2\/posts\/1531","targetHints":{"allow":["GET"]}}],"collection":[{"href":"https:\/\/lavoixdelanation.tg\/index.php\/wp-json\/wp\/v2\/posts"}],"about":[{"href":"https:\/\/lavoixdelanation.tg\/index.php\/wp-json\/wp\/v2\/types\/post"}],"author":[{"embeddable":true,"href":"https:\/\/lavoixdelanation.tg\/index.php\/wp-json\/wp\/v2\/users\/1"}],"replies":[{"embeddable":true,"href":"https:\/\/lavoixdelanation.tg\/index.php\/wp-json\/wp\/v2\/comments?post=1531"}],"version-history":[{"count":1,"href":"https:\/\/lavoixdelanation.tg\/index.php\/wp-json\/wp\/v2\/posts\/1531\/revisions"}],"predecessor-version":[{"id":1533,"href":"https:\/\/lavoixdelanation.tg\/index.php\/wp-json\/wp\/v2\/posts\/1531\/revisions\/1533"}],"wp:featuredmedia":[{"embeddable":true,"href":"https:\/\/lavoixdelanation.tg\/index.php\/wp-json\/wp\/v2\/media\/1532"}],"wp:attachment":[{"href":"https:\/\/lavoixdelanation.tg\/index.php\/wp-json\/wp\/v2\/media?parent=1531"}],"wp:term":[{"taxonomy":"category","embeddable":true,"href":"https:\/\/lavoixdelanation.tg\/index.php\/wp-json\/wp\/v2\/categories?post=1531"},{"taxonomy":"post_tag","embeddable":true,"href":"https:\/\/lavoixdelanation.tg\/index.php\/wp-json\/wp\/v2\/tags?post=1531"}],"curies":[{"name":"wp","href":"https:\/\/api.w.org\/{rel}","templated":true}]}}