{"id":15274,"date":"2026-01-22T19:06:43","date_gmt":"2026-01-22T18:06:43","guid":{"rendered":"https:\/\/lavoixdelanation.tg\/?p=15274"},"modified":"2026-01-22T19:06:44","modified_gmt":"2026-01-22T18:06:44","slug":"le-togo-se-prepare-a-commemorer-le-52eme-anniversaire-de-lattentat-de-sarakawa","status":"publish","type":"post","link":"https:\/\/lavoixdelanation.tg\/index.php\/2026\/01\/22\/le-togo-se-prepare-a-commemorer-le-52eme-anniversaire-de-lattentat-de-sarakawa\/","title":{"rendered":"Le Togo se pr\u00e9pare \u00e0 comm\u00e9morer le 52\u00e8me anniversaire de l\u2019attentat de Sarakawa"},"content":{"rendered":"\n<p>Le Togo s\u2019appr\u00eate \u00e0 comm\u00e9morer le samedi 24 janvier prochain, le 52\u00e8me anniversaire de l\u2019attentat de Sarakawa. Dans un communiqu\u00e9 publi\u00e9 \u00e0 cet effet ce mercredi 21 janvier, le ministre de l\u2019administration territoriale, Hodabalo Awate, a d\u00e9voil\u00e9 le programme officiel de l\u2019\u00e9v\u00e8nement.<\/p>\n\n\n\n<p>Selon le programme, une conf\u00e9rence publique est pr\u00e9vue le mercredi 23 janvier au Coll\u00e8ge Militaire Eyadema de Tchitchao \u00e0 Kara. L\u2019\u00e9v\u00e9nement, centr\u00e9 sur l\u2019histoire et la vision du P\u00e8re de la Nation G\u00e9n\u00e9ral Gnassingb\u00e9 Eyadema, sera \u00e9galement marqu\u00e9 par le d\u00e9voilement d\u2019un buste.<\/p>\n\n\n\n<p>Le samedi 24 janvier, jour de comm\u00e9moration, une c\u00e9r\u00e9monie officielle de recueillement et d\u2019hommage se d\u00e9roulera \u00e0 15h37 pr\u00e9cises au Mausol\u00e9e de Sarakawa, sous la conduite du Pr\u00e9sident du Conseil ou de son repr\u00e9sentant.<\/p>\n\n\n\n<p>A Lom\u00e9 et dans les chefs-lieux de r\u00e9gion, la c\u00e9r\u00e9monie se d\u00e9roulera simultan\u00e9ment, dans les conditions habituelles sous la direction des autorit\u00e9s indiqu\u00e9es pour la circonstance.<\/p>\n\n\n\n<p>Pour rappel, l\u2019attentat de Sarakawa est un accident a\u00e9rien survenu le 24 janvier 1974 \u00e0 proximit\u00e9 de la petite localit\u00e9 de Sarakawa, situ\u00e9e dans la pr\u00e9fecture de la Kozah au nord Togo. Ce jour-l\u00e0, l\u2019a\u00e9ronef pr\u00e9sidentiel s\u2019est en effet \u00e9cras\u00e9 dans la localit\u00e9, victime d\u2019un sabotage selon les informations officielles, dans un contexte de n\u00e9gociations engag\u00e9es par la jeune nation togolaise pour une gestion plus \u00e9quitable de ses ressources mini\u00e8res.<\/p>\n\n\n\n<p>Si le chef de l\u2019Etat, Gnassingb\u00e9 Eyadema, s\u2019en est sorti indemne, plusieurs de ses collaborateurs et des compatriotes y ont perdu la vie.<\/p>\n","protected":false},"excerpt":{"rendered":"<p>Le Togo s\u2019appr\u00eate \u00e0 comm\u00e9morer le samedi 24 janvier prochain, le 52\u00e8me anniversaire de l\u2019attentat de Sarakawa. Dans un communiqu\u00e9 publi\u00e9 \u00e0 cet effet ce mercredi 21 janvier, le ministre&hellip; <\/p>\n","protected":false},"author":1,"featured_media":15275,"comment_status":"open","ping_status":"closed","sticky":false,"template":"","format":"standard","meta":{"footnotes":""},"categories":[21],"tags":[1233,1077,39],"class_list":["post-15274","post","type-post","status-publish","format-standard","has-post-thumbnail","hentry","category-politique","tag-attentat-de-sarakawa","tag-gnassingbe-eyadema-3","tag-togo"],"yoast_head":"<!-- This site is optimized with the Yoast SEO plugin v26.4 - https:\/\/yoast.com\/wordpress\/plugins\/seo\/ -->\n<title>Le Togo se pr\u00e9pare \u00e0 comm\u00e9morer le 52\u00e8me anniversaire de l\u2019attentat de Sarakawa - La Voix de la Nation<\/title>\n<meta name=\"robots\" content=\"index, follow, max-snippet:-1, max-image-preview:large, max-video-preview:-1\" \/>\n<link rel=\"canonical\" href=\"https:\/\/lavoixdelanation.tg\/index.php\/2026\/01\/22\/le-togo-se-prepare-a-commemorer-le-52eme-anniversaire-de-lattentat-de-sarakawa\/\" \/>\n<meta property=\"og:locale\" content=\"fr_FR\" \/>\n<meta property=\"og:type\" content=\"article\" \/>\n<meta property=\"og:title\" content=\"Le Togo se pr\u00e9pare \u00e0 comm\u00e9morer le 52\u00e8me anniversaire de l\u2019attentat de Sarakawa - La Voix de la Nation\" \/>\n<meta property=\"og:description\" content=\"Le Togo s\u2019appr\u00eate \u00e0 comm\u00e9morer le samedi 24 janvier prochain, le 52\u00e8me anniversaire de l\u2019attentat de Sarakawa. Dans un communiqu\u00e9 publi\u00e9 \u00e0 cet effet ce mercredi 21 janvier, le ministre&hellip;\" \/>\n<meta property=\"og:url\" content=\"https:\/\/lavoixdelanation.tg\/index.php\/2026\/01\/22\/le-togo-se-prepare-a-commemorer-le-52eme-anniversaire-de-lattentat-de-sarakawa\/\" \/>\n<meta property=\"og:site_name\" content=\"La Voix de la Nation\" \/>\n<meta property=\"article:publisher\" content=\"https:\/\/www.facebook.com\/lavoixdelanation\" \/>\n<meta property=\"article:published_time\" content=\"2026-01-22T18:06:43+00:00\" \/>\n<meta property=\"article:modified_time\" content=\"2026-01-22T18:06:44+00:00\" \/>\n<meta property=\"og:image\" content=\"https:\/\/lavoixdelanation.tg\/wp-content\/uploads\/2026\/01\/Le-Togo-se-prepare-a-commemorer-le-52eme-anniversaire-de-lattentat-de-Sarakawa.jpg\" \/>\n\t<meta property=\"og:image:width\" content=\"968\" \/>\n\t<meta property=\"og:image:height\" content=\"674\" \/>\n\t<meta property=\"og:image:type\" content=\"image\/jpeg\" \/>\n<meta name=\"author\" content=\"La voix de la nation\" \/>\n<meta name=\"twitter:card\" content=\"summary_large_image\" \/>\n<meta name=\"twitter:label1\" content=\"\u00c9crit par\" \/>\n\t<meta name=\"twitter:data1\" content=\"La voix de la nation\" \/>\n\t<meta name=\"twitter:label2\" content=\"Dur\u00e9e de lecture estim\u00e9e\" \/>\n\t<meta name=\"twitter:data2\" content=\"2 minutes\" \/>\n<script type=\"application\/ld+json\" class=\"yoast-schema-graph\">{\"@context\":\"https:\/\/schema.org\",\"@graph\":[{\"@type\":\"Article\",\"@id\":\"https:\/\/lavoixdelanation.tg\/index.php\/2026\/01\/22\/le-togo-se-prepare-a-commemorer-le-52eme-anniversaire-de-lattentat-de-sarakawa\/#article\",\"isPartOf\":{\"@id\":\"https:\/\/lavoixdelanation.tg\/index.php\/2026\/01\/22\/le-togo-se-prepare-a-commemorer-le-52eme-anniversaire-de-lattentat-de-sarakawa\/\"},\"author\":{\"name\":\"La voix de la nation\",\"@id\":\"https:\/\/lavoixdelanation.tg\/#\/schema\/person\/6c489293aa38053673a9e554acb6e224\"},\"headline\":\"Le Togo se pr\u00e9pare \u00e0 comm\u00e9morer le 52\u00e8me anniversaire de l\u2019attentat de Sarakawa\",\"datePublished\":\"2026-01-22T18:06:43+00:00\",\"dateModified\":\"2026-01-22T18:06:44+00:00\",\"mainEntityOfPage\":{\"@id\":\"https:\/\/lavoixdelanation.tg\/index.php\/2026\/01\/22\/le-togo-se-prepare-a-commemorer-le-52eme-anniversaire-de-lattentat-de-sarakawa\/\"},\"wordCount\":291,\"commentCount\":0,\"publisher\":{\"@id\":\"https:\/\/lavoixdelanation.tg\/#organization\"},\"image\":{\"@id\":\"https:\/\/lavoixdelanation.tg\/index.php\/2026\/01\/22\/le-togo-se-prepare-a-commemorer-le-52eme-anniversaire-de-lattentat-de-sarakawa\/#primaryimage\"},\"thumbnailUrl\":\"https:\/\/lavoixdelanation.tg\/wp-content\/uploads\/2026\/01\/Le-Togo-se-prepare-a-commemorer-le-52eme-anniversaire-de-lattentat-de-Sarakawa.jpg\",\"keywords\":[\"Attentat de Sarakawa\",\"GNASSINGBE Eyadema\",\"Togo\"],\"articleSection\":[\"Politique\"],\"inLanguage\":\"fr-FR\",\"potentialAction\":[{\"@type\":\"CommentAction\",\"name\":\"Comment\",\"target\":[\"https:\/\/lavoixdelanation.tg\/index.php\/2026\/01\/22\/le-togo-se-prepare-a-commemorer-le-52eme-anniversaire-de-lattentat-de-sarakawa\/#respond\"]}]},{\"@type\":\"WebPage\",\"@id\":\"https:\/\/lavoixdelanation.tg\/index.php\/2026\/01\/22\/le-togo-se-prepare-a-commemorer-le-52eme-anniversaire-de-lattentat-de-sarakawa\/\",\"url\":\"https:\/\/lavoixdelanation.tg\/index.php\/2026\/01\/22\/le-togo-se-prepare-a-commemorer-le-52eme-anniversaire-de-lattentat-de-sarakawa\/\",\"name\":\"Le Togo se pr\u00e9pare \u00e0 comm\u00e9morer le 52\u00e8me anniversaire de l\u2019attentat de Sarakawa - La Voix de la Nation\",\"isPartOf\":{\"@id\":\"https:\/\/lavoixdelanation.tg\/#website\"},\"primaryImageOfPage\":{\"@id\":\"https:\/\/lavoixdelanation.tg\/index.php\/2026\/01\/22\/le-togo-se-prepare-a-commemorer-le-52eme-anniversaire-de-lattentat-de-sarakawa\/#primaryimage\"},\"image\":{\"@id\":\"https:\/\/lavoixdelanation.tg\/index.php\/2026\/01\/22\/le-togo-se-prepare-a-commemorer-le-52eme-anniversaire-de-lattentat-de-sarakawa\/#primaryimage\"},\"thumbnailUrl\":\"https:\/\/lavoixdelanation.tg\/wp-content\/uploads\/2026\/01\/Le-Togo-se-prepare-a-commemorer-le-52eme-anniversaire-de-lattentat-de-Sarakawa.jpg\",\"datePublished\":\"2026-01-22T18:06:43+00:00\",\"dateModified\":\"2026-01-22T18:06:44+00:00\",\"breadcrumb\":{\"@id\":\"https:\/\/lavoixdelanation.tg\/index.php\/2026\/01\/22\/le-togo-se-prepare-a-commemorer-le-52eme-anniversaire-de-lattentat-de-sarakawa\/#breadcrumb\"},\"inLanguage\":\"fr-FR\",\"potentialAction\":[{\"@type\":\"ReadAction\",\"target\":[\"https:\/\/lavoixdelanation.tg\/index.php\/2026\/01\/22\/le-togo-se-prepare-a-commemorer-le-52eme-anniversaire-de-lattentat-de-sarakawa\/\"]}]},{\"@type\":\"ImageObject\",\"inLanguage\":\"fr-FR\",\"@id\":\"https:\/\/lavoixdelanation.tg\/index.php\/2026\/01\/22\/le-togo-se-prepare-a-commemorer-le-52eme-anniversaire-de-lattentat-de-sarakawa\/#primaryimage\",\"url\":\"https:\/\/lavoixdelanation.tg\/wp-content\/uploads\/2026\/01\/Le-Togo-se-prepare-a-commemorer-le-52eme-anniversaire-de-lattentat-de-Sarakawa.jpg\",\"contentUrl\":\"https:\/\/lavoixdelanation.tg\/wp-content\/uploads\/2026\/01\/Le-Togo-se-prepare-a-commemorer-le-52eme-anniversaire-de-lattentat-de-Sarakawa.jpg\",\"width\":968,\"height\":674},{\"@type\":\"BreadcrumbList\",\"@id\":\"https:\/\/lavoixdelanation.tg\/index.php\/2026\/01\/22\/le-togo-se-prepare-a-commemorer-le-52eme-anniversaire-de-lattentat-de-sarakawa\/#breadcrumb\",\"itemListElement\":[{\"@type\":\"ListItem\",\"position\":1,\"name\":\"Accueil\",\"item\":\"https:\/\/lavoixdelanation.tg\/\"},{\"@type\":\"ListItem\",\"position\":2,\"name\":\"Le Togo se pr\u00e9pare \u00e0 comm\u00e9morer le 52\u00e8me anniversaire de l\u2019attentat de Sarakawa\"}]},{\"@type\":\"WebSite\",\"@id\":\"https:\/\/lavoixdelanation.tg\/#website\",\"url\":\"https:\/\/lavoixdelanation.tg\/\",\"name\":\"La Voix de la Nation\",\"description\":\"R\u00e9c\u00e9piss\u00e9 n\u00b00108\/HAAC\/01-2024\/pl\/P\",\"publisher\":{\"@id\":\"https:\/\/lavoixdelanation.tg\/#organization\"},\"alternateName\":\"VON\",\"potentialAction\":[{\"@type\":\"SearchAction\",\"target\":{\"@type\":\"EntryPoint\",\"urlTemplate\":\"https:\/\/lavoixdelanation.tg\/?s={search_term_string}\"},\"query-input\":{\"@type\":\"PropertyValueSpecification\",\"valueRequired\":true,\"valueName\":\"search_term_string\"}}],\"inLanguage\":\"fr-FR\"},{\"@type\":\"Organization\",\"@id\":\"https:\/\/lavoixdelanation.tg\/#organization\",\"name\":\"La Voix de la Nation\",\"url\":\"https:\/\/lavoixdelanation.tg\/\",\"logo\":{\"@type\":\"ImageObject\",\"inLanguage\":\"fr-FR\",\"@id\":\"https:\/\/lavoixdelanation.tg\/#\/schema\/logo\/image\/\",\"url\":\"https:\/\/lavoixdelanation.tg\/wp-content\/uploads\/2024\/12\/lavn-1.png\",\"contentUrl\":\"https:\/\/lavoixdelanation.tg\/wp-content\/uploads\/2024\/12\/lavn-1.png\",\"width\":1024,\"height\":464,\"caption\":\"La Voix de la Nation\"},\"image\":{\"@id\":\"https:\/\/lavoixdelanation.tg\/#\/schema\/logo\/image\/\"},\"sameAs\":[\"https:\/\/www.facebook.com\/lavoixdelanation\"]},{\"@type\":\"Person\",\"@id\":\"https:\/\/lavoixdelanation.tg\/#\/schema\/person\/6c489293aa38053673a9e554acb6e224\",\"name\":\"La voix de la nation\",\"image\":{\"@type\":\"ImageObject\",\"inLanguage\":\"fr-FR\",\"@id\":\"https:\/\/lavoixdelanation.tg\/#\/schema\/person\/image\/\",\"url\":\"https:\/\/secure.gravatar.com\/avatar\/8aa135d4bbc794494cecaa8d483f6d6cc1023624868deaff686baed5e727a5a1?s=96&d=mm&r=g\",\"contentUrl\":\"https:\/\/secure.gravatar.com\/avatar\/8aa135d4bbc794494cecaa8d483f6d6cc1023624868deaff686baed5e727a5a1?s=96&d=mm&r=g\",\"caption\":\"La voix de la nation\"},\"sameAs\":[\"https:\/\/lavoixdelanation.tg\"],\"url\":\"https:\/\/lavoixdelanation.tg\/index.php\/author\/lavn\/\"}]}<\/script>\n<!-- \/ Yoast SEO plugin. -->","yoast_head_json":{"title":"Le Togo se pr\u00e9pare \u00e0 comm\u00e9morer le 52\u00e8me anniversaire de l\u2019attentat de Sarakawa - La Voix de la Nation","robots":{"index":"index","follow":"follow","max-snippet":"max-snippet:-1","max-image-preview":"max-image-preview:large","max-video-preview":"max-video-preview:-1"},"canonical":"https:\/\/lavoixdelanation.tg\/index.php\/2026\/01\/22\/le-togo-se-prepare-a-commemorer-le-52eme-anniversaire-de-lattentat-de-sarakawa\/","og_locale":"fr_FR","og_type":"article","og_title":"Le Togo se pr\u00e9pare \u00e0 comm\u00e9morer le 52\u00e8me anniversaire de l\u2019attentat de Sarakawa - La Voix de la Nation","og_description":"Le Togo s\u2019appr\u00eate \u00e0 comm\u00e9morer le samedi 24 janvier prochain, le 52\u00e8me anniversaire de l\u2019attentat de Sarakawa. Dans un communiqu\u00e9 publi\u00e9 \u00e0 cet effet ce mercredi 21 janvier, le ministre&hellip;","og_url":"https:\/\/lavoixdelanation.tg\/index.php\/2026\/01\/22\/le-togo-se-prepare-a-commemorer-le-52eme-anniversaire-de-lattentat-de-sarakawa\/","og_site_name":"La Voix de la Nation","article_publisher":"https:\/\/www.facebook.com\/lavoixdelanation","article_published_time":"2026-01-22T18:06:43+00:00","article_modified_time":"2026-01-22T18:06:44+00:00","og_image":[{"width":968,"height":674,"url":"https:\/\/lavoixdelanation.tg\/wp-content\/uploads\/2026\/01\/Le-Togo-se-prepare-a-commemorer-le-52eme-anniversaire-de-lattentat-de-Sarakawa.jpg","type":"image\/jpeg"}],"author":"La voix de la nation","twitter_card":"summary_large_image","twitter_misc":{"\u00c9crit par":"La voix de la nation","Dur\u00e9e de lecture estim\u00e9e":"2 minutes"},"schema":{"@context":"https:\/\/schema.org","@graph":[{"@type":"Article","@id":"https:\/\/lavoixdelanation.tg\/index.php\/2026\/01\/22\/le-togo-se-prepare-a-commemorer-le-52eme-anniversaire-de-lattentat-de-sarakawa\/#article","isPartOf":{"@id":"https:\/\/lavoixdelanation.tg\/index.php\/2026\/01\/22\/le-togo-se-prepare-a-commemorer-le-52eme-anniversaire-de-lattentat-de-sarakawa\/"},"author":{"name":"La voix de la nation","@id":"https:\/\/lavoixdelanation.tg\/#\/schema\/person\/6c489293aa38053673a9e554acb6e224"},"headline":"Le Togo se pr\u00e9pare \u00e0 comm\u00e9morer le 52\u00e8me anniversaire de l\u2019attentat de Sarakawa","datePublished":"2026-01-22T18:06:43+00:00","dateModified":"2026-01-22T18:06:44+00:00","mainEntityOfPage":{"@id":"https:\/\/lavoixdelanation.tg\/index.php\/2026\/01\/22\/le-togo-se-prepare-a-commemorer-le-52eme-anniversaire-de-lattentat-de-sarakawa\/"},"wordCount":291,"commentCount":0,"publisher":{"@id":"https:\/\/lavoixdelanation.tg\/#organization"},"image":{"@id":"https:\/\/lavoixdelanation.tg\/index.php\/2026\/01\/22\/le-togo-se-prepare-a-commemorer-le-52eme-anniversaire-de-lattentat-de-sarakawa\/#primaryimage"},"thumbnailUrl":"https:\/\/lavoixdelanation.tg\/wp-content\/uploads\/2026\/01\/Le-Togo-se-prepare-a-commemorer-le-52eme-anniversaire-de-lattentat-de-Sarakawa.jpg","keywords":["Attentat de Sarakawa","GNASSINGBE Eyadema","Togo"],"articleSection":["Politique"],"inLanguage":"fr-FR","potentialAction":[{"@type":"CommentAction","name":"Comment","target":["https:\/\/lavoixdelanation.tg\/index.php\/2026\/01\/22\/le-togo-se-prepare-a-commemorer-le-52eme-anniversaire-de-lattentat-de-sarakawa\/#respond"]}]},{"@type":"WebPage","@id":"https:\/\/lavoixdelanation.tg\/index.php\/2026\/01\/22\/le-togo-se-prepare-a-commemorer-le-52eme-anniversaire-de-lattentat-de-sarakawa\/","url":"https:\/\/lavoixdelanation.tg\/index.php\/2026\/01\/22\/le-togo-se-prepare-a-commemorer-le-52eme-anniversaire-de-lattentat-de-sarakawa\/","name":"Le Togo se pr\u00e9pare \u00e0 comm\u00e9morer le 52\u00e8me anniversaire de l\u2019attentat de Sarakawa - La Voix de la Nation","isPartOf":{"@id":"https:\/\/lavoixdelanation.tg\/#website"},"primaryImageOfPage":{"@id":"https:\/\/lavoixdelanation.tg\/index.php\/2026\/01\/22\/le-togo-se-prepare-a-commemorer-le-52eme-anniversaire-de-lattentat-de-sarakawa\/#primaryimage"},"image":{"@id":"https:\/\/lavoixdelanation.tg\/index.php\/2026\/01\/22\/le-togo-se-prepare-a-commemorer-le-52eme-anniversaire-de-lattentat-de-sarakawa\/#primaryimage"},"thumbnailUrl":"https:\/\/lavoixdelanation.tg\/wp-content\/uploads\/2026\/01\/Le-Togo-se-prepare-a-commemorer-le-52eme-anniversaire-de-lattentat-de-Sarakawa.jpg","datePublished":"2026-01-22T18:06:43+00:00","dateModified":"2026-01-22T18:06:44+00:00","breadcrumb":{"@id":"https:\/\/lavoixdelanation.tg\/index.php\/2026\/01\/22\/le-togo-se-prepare-a-commemorer-le-52eme-anniversaire-de-lattentat-de-sarakawa\/#breadcrumb"},"inLanguage":"fr-FR","potentialAction":[{"@type":"ReadAction","target":["https:\/\/lavoixdelanation.tg\/index.php\/2026\/01\/22\/le-togo-se-prepare-a-commemorer-le-52eme-anniversaire-de-lattentat-de-sarakawa\/"]}]},{"@type":"ImageObject","inLanguage":"fr-FR","@id":"https:\/\/lavoixdelanation.tg\/index.php\/2026\/01\/22\/le-togo-se-prepare-a-commemorer-le-52eme-anniversaire-de-lattentat-de-sarakawa\/#primaryimage","url":"https:\/\/lavoixdelanation.tg\/wp-content\/uploads\/2026\/01\/Le-Togo-se-prepare-a-commemorer-le-52eme-anniversaire-de-lattentat-de-Sarakawa.jpg","contentUrl":"https:\/\/lavoixdelanation.tg\/wp-content\/uploads\/2026\/01\/Le-Togo-se-prepare-a-commemorer-le-52eme-anniversaire-de-lattentat-de-Sarakawa.jpg","width":968,"height":674},{"@type":"BreadcrumbList","@id":"https:\/\/lavoixdelanation.tg\/index.php\/2026\/01\/22\/le-togo-se-prepare-a-commemorer-le-52eme-anniversaire-de-lattentat-de-sarakawa\/#breadcrumb","itemListElement":[{"@type":"ListItem","position":1,"name":"Accueil","item":"https:\/\/lavoixdelanation.tg\/"},{"@type":"ListItem","position":2,"name":"Le Togo se pr\u00e9pare \u00e0 comm\u00e9morer le 52\u00e8me anniversaire de l\u2019attentat de Sarakawa"}]},{"@type":"WebSite","@id":"https:\/\/lavoixdelanation.tg\/#website","url":"https:\/\/lavoixdelanation.tg\/","name":"La Voix de la Nation","description":"R\u00e9c\u00e9piss\u00e9 n\u00b00108\/HAAC\/01-2024\/pl\/P","publisher":{"@id":"https:\/\/lavoixdelanation.tg\/#organization"},"alternateName":"VON","potentialAction":[{"@type":"SearchAction","target":{"@type":"EntryPoint","urlTemplate":"https:\/\/lavoixdelanation.tg\/?s={search_term_string}"},"query-input":{"@type":"PropertyValueSpecification","valueRequired":true,"valueName":"search_term_string"}}],"inLanguage":"fr-FR"},{"@type":"Organization","@id":"https:\/\/lavoixdelanation.tg\/#organization","name":"La Voix de la Nation","url":"https:\/\/lavoixdelanation.tg\/","logo":{"@type":"ImageObject","inLanguage":"fr-FR","@id":"https:\/\/lavoixdelanation.tg\/#\/schema\/logo\/image\/","url":"https:\/\/lavoixdelanation.tg\/wp-content\/uploads\/2024\/12\/lavn-1.png","contentUrl":"https:\/\/lavoixdelanation.tg\/wp-content\/uploads\/2024\/12\/lavn-1.png","width":1024,"height":464,"caption":"La Voix de la Nation"},"image":{"@id":"https:\/\/lavoixdelanation.tg\/#\/schema\/logo\/image\/"},"sameAs":["https:\/\/www.facebook.com\/lavoixdelanation"]},{"@type":"Person","@id":"https:\/\/lavoixdelanation.tg\/#\/schema\/person\/6c489293aa38053673a9e554acb6e224","name":"La voix de la nation","image":{"@type":"ImageObject","inLanguage":"fr-FR","@id":"https:\/\/lavoixdelanation.tg\/#\/schema\/person\/image\/","url":"https:\/\/secure.gravatar.com\/avatar\/8aa135d4bbc794494cecaa8d483f6d6cc1023624868deaff686baed5e727a5a1?s=96&d=mm&r=g","contentUrl":"https:\/\/secure.gravatar.com\/avatar\/8aa135d4bbc794494cecaa8d483f6d6cc1023624868deaff686baed5e727a5a1?s=96&d=mm&r=g","caption":"La voix de la nation"},"sameAs":["https:\/\/lavoixdelanation.tg"],"url":"https:\/\/lavoixdelanation.tg\/index.php\/author\/lavn\/"}]}},"_links":{"self":[{"href":"https:\/\/lavoixdelanation.tg\/index.php\/wp-json\/wp\/v2\/posts\/15274","targetHints":{"allow":["GET"]}}],"collection":[{"href":"https:\/\/lavoixdelanation.tg\/index.php\/wp-json\/wp\/v2\/posts"}],"about":[{"href":"https:\/\/lavoixdelanation.tg\/index.php\/wp-json\/wp\/v2\/types\/post"}],"author":[{"embeddable":true,"href":"https:\/\/lavoixdelanation.tg\/index.php\/wp-json\/wp\/v2\/users\/1"}],"replies":[{"embeddable":true,"href":"https:\/\/lavoixdelanation.tg\/index.php\/wp-json\/wp\/v2\/comments?post=15274"}],"version-history":[{"count":1,"href":"https:\/\/lavoixdelanation.tg\/index.php\/wp-json\/wp\/v2\/posts\/15274\/revisions"}],"predecessor-version":[{"id":15276,"href":"https:\/\/lavoixdelanation.tg\/index.php\/wp-json\/wp\/v2\/posts\/15274\/revisions\/15276"}],"wp:featuredmedia":[{"embeddable":true,"href":"https:\/\/lavoixdelanation.tg\/index.php\/wp-json\/wp\/v2\/media\/15275"}],"wp:attachment":[{"href":"https:\/\/lavoixdelanation.tg\/index.php\/wp-json\/wp\/v2\/media?parent=15274"}],"wp:term":[{"taxonomy":"category","embeddable":true,"href":"https:\/\/lavoixdelanation.tg\/index.php\/wp-json\/wp\/v2\/categories?post=15274"},{"taxonomy":"post_tag","embeddable":true,"href":"https:\/\/lavoixdelanation.tg\/index.php\/wp-json\/wp\/v2\/tags?post=15274"}],"curies":[{"name":"wp","href":"https:\/\/api.w.org\/{rel}","templated":true}]}}