{"id":15268,"date":"2026-01-22T18:37:46","date_gmt":"2026-01-22T17:37:46","guid":{"rendered":"https:\/\/lavoixdelanation.tg\/?p=15268"},"modified":"2026-01-22T18:40:39","modified_gmt":"2026-01-22T17:40:39","slug":"cooperation-komi-selom-klassou-a-linvestiture-de-mamadi-doumbouya-en-guinee","status":"publish","type":"post","link":"https:\/\/lavoixdelanation.tg\/index.php\/2026\/01\/22\/cooperation-komi-selom-klassou-a-linvestiture-de-mamadi-doumbouya-en-guinee\/","title":{"rendered":"Coop\u00e9ration : Komi Selom Klassou \u00e0 l\u2019investiture de Mamadi Doumbouya en Guin\u00e9e"},"content":{"rendered":"\n<p><strong>Au nom du Pr\u00e9sident du Conseil Faure Gnassingb\u00e9, le Pr\u00e9sident de l\u2019Assembl\u00e9e nationale Pr Komi Selom Klassou a pris part <\/strong><strong>ce samedi 17 janvier 2026 \u00e0 Conakry en Guin\u00e9e, \u00e0 la c\u00e9r\u00e9monie d\u2019investiture du nouveau Pr\u00e9sident guin\u00e9en Mamadi Doumbouya.<\/strong><\/p>\n\n\n\n<p>C\u2019est le stade G\u00e9n\u00e9ral Lansana Cont\u00e9 de Nongo \u00e0 Conakry qui a servi de cadre \u00e0 cette c\u00e9r\u00e9monie de prestation de serment qui a rassembl\u00e9 des milliers de Guin\u00e9ens et d\u2019autres d\u00e9l\u00e9gations de pays africains dont le Togo, ainsi que des repr\u00e9sentants d\u2019institutions internationales.<\/p>\n\n\n\n<p>La main droite lev\u00e9e, le Pr\u00e9sident Mamadi Doumbouya a pr\u00eat\u00e9 serment devant les membres de la Cour Supr\u00eame en audience solennelle d\u00e9localis\u00e9e, et sous le regard du Pr\u00e9sident de l\u2019Assembl\u00e9e nationale du Togo Komi Selom Klassou, et des autres d\u00e9l\u00e9gations de chefs d\u2019\u00c9tat et de gouvernement.<\/p>\n\n\n\n<figure class=\"wp-block-image size-full\"><img loading=\"lazy\" decoding=\"async\" width=\"800\" height=\"514\" src=\"https:\/\/lavoixdelanation.tg\/wp-content\/uploads\/2026\/01\/Komi-Selom-Klassou-present-a-linvestiture-de-Mamadi-Doumbouya-en-Guinee.jpg\" alt=\"\" class=\"wp-image-15272\" srcset=\"https:\/\/lavoixdelanation.tg\/wp-content\/uploads\/2026\/01\/Komi-Selom-Klassou-present-a-linvestiture-de-Mamadi-Doumbouya-en-Guinee.jpg 800w, https:\/\/lavoixdelanation.tg\/wp-content\/uploads\/2026\/01\/Komi-Selom-Klassou-present-a-linvestiture-de-Mamadi-Doumbouya-en-Guinee-300x193.jpg 300w, https:\/\/lavoixdelanation.tg\/wp-content\/uploads\/2026\/01\/Komi-Selom-Klassou-present-a-linvestiture-de-Mamadi-Doumbouya-en-Guinee-768x493.jpg 768w\" sizes=\"auto, (max-width: 800px) 100vw, 800px\" \/><\/figure>\n\n\n\n<p>\u00ab Je jure devant Dieu et devant le peuple de Guin\u00e9e, sur mon honneur de respecter et de faire respecter scrupuleusement la constitution, les lois, les r\u00e8glements et les d\u00e9cisions de justice, d\u2019exercer loyalement et dignement les fonctions qui me sont conf\u00e9r\u00e9es dans l\u2019int\u00e9r\u00eat sup\u00e9rieur de la nation, de ne jamais recourir aux pouvoirs qui me sont d\u00e9volus \u00e0 des fins personnelles, de pr\u00e9server en tout lieu et en toutes circonstances la paix, la coh\u00e9sion sociale et l\u2019unit\u00e9 nationale, de d\u00e9fendre les institutions de la R\u00e9publique, l\u2019int\u00e9grit\u00e9 du territoire et l\u2019ind\u00e9pendance nationale en cas de parjure que je subisse la rigueur de la loi \u00bb, a d\u00e9clar\u00e9 Mamadi Doumbouya, Pr\u00e9sident de la R\u00e9publique de Guin\u00e9e.<\/p>\n\n\n\n<p>Le Pr\u00e9sident investi mesure d\u00e9j\u00e0 l\u2019immensit\u00e9 de la charge qui p\u00e8se d\u00e9sormais sur lui en tant que garant de l\u2019unit\u00e9 nationale. Il s\u2019engage \u00e0 prot\u00e9ger les libert\u00e9s politiques et fondamentales, \u00e0 garantir l\u2019ind\u00e9pendance et la continuit\u00e9 de l\u2019\u00c9tat, et \u00e0 \u0153uvrer pour le bien-\u00eatre de tous les Guin\u00e9ens.<\/p>\n\n\n\n<p>Avant d\u2019\u00eatre renvoy\u00e9 dans l\u2019exercice de ses fonctions, le Pr\u00e9sident Guin\u00e9en a re\u00e7u les attributs de l\u2019\u00c9tat des mains du Grand chancelier de la R\u00e9publique de Guin\u00e9e.<\/p>\n\n\n\n<p>Au demeurant, la pr\u00e9sence du Togo \u00e0 cet \u00e9v\u00e9nement historique illustre l\u2019attachement des plus hautes autorit\u00e9s togolaises aux valeurs d\u00e9mocratiques et r\u00e9publicaines, ainsi qu\u2019au renforcement de la coop\u00e9ration bilat\u00e9rale.<\/p>\n\n\n\n<p>A cette occasion, le Pr\u00e9sident de l\u2019Assembl\u00e9e a transmis les chaleureuses f\u00e9licitations de Faure Gnassingb\u00e9 au nouveau Pr\u00e9sident de la R\u00e9publique de Guin\u00e9e.<\/p>\n\n\n\n<p><strong>La R\u00e9daction<\/strong><\/p>\n","protected":false},"excerpt":{"rendered":"<p>Au nom du Pr\u00e9sident du Conseil Faure Gnassingb\u00e9, le Pr\u00e9sident de l\u2019Assembl\u00e9e nationale Pr Komi Selom Klassou a pris part ce samedi 17 janvier 2026 \u00e0 Conakry en Guin\u00e9e, \u00e0&hellip; <\/p>\n","protected":false},"author":1,"featured_media":15269,"comment_status":"open","ping_status":"closed","sticky":false,"template":"","format":"standard","meta":{"footnotes":""},"categories":[12],"tags":[1232,283,1107,1231],"class_list":["post-15268","post","type-post","status-publish","format-standard","has-post-thumbnail","hentry","category-diplomatie","tag-guinee","tag-investiture","tag-komi-selom-klassou-2","tag-mamadi-doumbouya"],"yoast_head":"<!-- This site is optimized with the Yoast SEO plugin v26.4 - https:\/\/yoast.com\/wordpress\/plugins\/seo\/ -->\n<title>Coop\u00e9ration : Komi Selom Klassou \u00e0 l\u2019investiture de Mamadi Doumbouya en Guin\u00e9e - La Voix de la Nation<\/title>\n<meta name=\"robots\" content=\"index, follow, max-snippet:-1, max-image-preview:large, max-video-preview:-1\" \/>\n<link rel=\"canonical\" href=\"https:\/\/lavoixdelanation.tg\/index.php\/2026\/01\/22\/cooperation-komi-selom-klassou-a-linvestiture-de-mamadi-doumbouya-en-guinee\/\" \/>\n<meta property=\"og:locale\" content=\"fr_FR\" \/>\n<meta property=\"og:type\" content=\"article\" \/>\n<meta property=\"og:title\" content=\"Coop\u00e9ration : Komi Selom Klassou \u00e0 l\u2019investiture de Mamadi Doumbouya en Guin\u00e9e - La Voix de la Nation\" \/>\n<meta property=\"og:description\" content=\"Au nom du Pr\u00e9sident du Conseil Faure Gnassingb\u00e9, le Pr\u00e9sident de l\u2019Assembl\u00e9e nationale Pr Komi Selom Klassou a pris part ce samedi 17 janvier 2026 \u00e0 Conakry en Guin\u00e9e, \u00e0&hellip;\" \/>\n<meta property=\"og:url\" content=\"https:\/\/lavoixdelanation.tg\/index.php\/2026\/01\/22\/cooperation-komi-selom-klassou-a-linvestiture-de-mamadi-doumbouya-en-guinee\/\" \/>\n<meta property=\"og:site_name\" content=\"La Voix de la Nation\" \/>\n<meta property=\"article:publisher\" content=\"https:\/\/www.facebook.com\/lavoixdelanation\" \/>\n<meta property=\"article:published_time\" content=\"2026-01-22T17:37:46+00:00\" \/>\n<meta property=\"article:modified_time\" content=\"2026-01-22T17:40:39+00:00\" \/>\n<meta property=\"og:image\" content=\"https:\/\/lavoixdelanation.tg\/wp-content\/uploads\/2026\/01\/Komi-Selom-Klassou-a-linvestiture-de-Mamadi-Doumbouya-en-Guinee.jpg\" \/>\n\t<meta property=\"og:image:width\" content=\"752\" \/>\n\t<meta property=\"og:image:height\" content=\"505\" \/>\n\t<meta property=\"og:image:type\" content=\"image\/jpeg\" \/>\n<meta name=\"author\" content=\"La voix de la nation\" \/>\n<meta name=\"twitter:card\" content=\"summary_large_image\" \/>\n<meta name=\"twitter:label1\" content=\"\u00c9crit par\" \/>\n\t<meta name=\"twitter:data1\" content=\"La voix de la nation\" \/>\n\t<meta name=\"twitter:label2\" content=\"Dur\u00e9e de lecture estim\u00e9e\" \/>\n\t<meta name=\"twitter:data2\" content=\"3 minutes\" \/>\n<script type=\"application\/ld+json\" class=\"yoast-schema-graph\">{\"@context\":\"https:\/\/schema.org\",\"@graph\":[{\"@type\":\"Article\",\"@id\":\"https:\/\/lavoixdelanation.tg\/index.php\/2026\/01\/22\/cooperation-komi-selom-klassou-a-linvestiture-de-mamadi-doumbouya-en-guinee\/#article\",\"isPartOf\":{\"@id\":\"https:\/\/lavoixdelanation.tg\/index.php\/2026\/01\/22\/cooperation-komi-selom-klassou-a-linvestiture-de-mamadi-doumbouya-en-guinee\/\"},\"author\":{\"name\":\"La voix de la nation\",\"@id\":\"https:\/\/lavoixdelanation.tg\/#\/schema\/person\/6c489293aa38053673a9e554acb6e224\"},\"headline\":\"Coop\u00e9ration : Komi Selom Klassou \u00e0 l\u2019investiture de Mamadi Doumbouya en Guin\u00e9e\",\"datePublished\":\"2026-01-22T17:37:46+00:00\",\"dateModified\":\"2026-01-22T17:40:39+00:00\",\"mainEntityOfPage\":{\"@id\":\"https:\/\/lavoixdelanation.tg\/index.php\/2026\/01\/22\/cooperation-komi-selom-klassou-a-linvestiture-de-mamadi-doumbouya-en-guinee\/\"},\"wordCount\":469,\"commentCount\":0,\"publisher\":{\"@id\":\"https:\/\/lavoixdelanation.tg\/#organization\"},\"image\":{\"@id\":\"https:\/\/lavoixdelanation.tg\/index.php\/2026\/01\/22\/cooperation-komi-selom-klassou-a-linvestiture-de-mamadi-doumbouya-en-guinee\/#primaryimage\"},\"thumbnailUrl\":\"https:\/\/lavoixdelanation.tg\/wp-content\/uploads\/2026\/01\/Komi-Selom-Klassou-a-linvestiture-de-Mamadi-Doumbouya-en-Guinee.jpg\",\"keywords\":[\"Guin\u00e9e\",\"investiture\",\"Komi Selom Klassou\",\"Mamadi Doumbouya\"],\"articleSection\":[\"Diplomatie\"],\"inLanguage\":\"fr-FR\",\"potentialAction\":[{\"@type\":\"CommentAction\",\"name\":\"Comment\",\"target\":[\"https:\/\/lavoixdelanation.tg\/index.php\/2026\/01\/22\/cooperation-komi-selom-klassou-a-linvestiture-de-mamadi-doumbouya-en-guinee\/#respond\"]}]},{\"@type\":\"WebPage\",\"@id\":\"https:\/\/lavoixdelanation.tg\/index.php\/2026\/01\/22\/cooperation-komi-selom-klassou-a-linvestiture-de-mamadi-doumbouya-en-guinee\/\",\"url\":\"https:\/\/lavoixdelanation.tg\/index.php\/2026\/01\/22\/cooperation-komi-selom-klassou-a-linvestiture-de-mamadi-doumbouya-en-guinee\/\",\"name\":\"Coop\u00e9ration : Komi Selom Klassou \u00e0 l\u2019investiture de Mamadi Doumbouya en Guin\u00e9e - La Voix de la Nation\",\"isPartOf\":{\"@id\":\"https:\/\/lavoixdelanation.tg\/#website\"},\"primaryImageOfPage\":{\"@id\":\"https:\/\/lavoixdelanation.tg\/index.php\/2026\/01\/22\/cooperation-komi-selom-klassou-a-linvestiture-de-mamadi-doumbouya-en-guinee\/#primaryimage\"},\"image\":{\"@id\":\"https:\/\/lavoixdelanation.tg\/index.php\/2026\/01\/22\/cooperation-komi-selom-klassou-a-linvestiture-de-mamadi-doumbouya-en-guinee\/#primaryimage\"},\"thumbnailUrl\":\"https:\/\/lavoixdelanation.tg\/wp-content\/uploads\/2026\/01\/Komi-Selom-Klassou-a-linvestiture-de-Mamadi-Doumbouya-en-Guinee.jpg\",\"datePublished\":\"2026-01-22T17:37:46+00:00\",\"dateModified\":\"2026-01-22T17:40:39+00:00\",\"breadcrumb\":{\"@id\":\"https:\/\/lavoixdelanation.tg\/index.php\/2026\/01\/22\/cooperation-komi-selom-klassou-a-linvestiture-de-mamadi-doumbouya-en-guinee\/#breadcrumb\"},\"inLanguage\":\"fr-FR\",\"potentialAction\":[{\"@type\":\"ReadAction\",\"target\":[\"https:\/\/lavoixdelanation.tg\/index.php\/2026\/01\/22\/cooperation-komi-selom-klassou-a-linvestiture-de-mamadi-doumbouya-en-guinee\/\"]}]},{\"@type\":\"ImageObject\",\"inLanguage\":\"fr-FR\",\"@id\":\"https:\/\/lavoixdelanation.tg\/index.php\/2026\/01\/22\/cooperation-komi-selom-klassou-a-linvestiture-de-mamadi-doumbouya-en-guinee\/#primaryimage\",\"url\":\"https:\/\/lavoixdelanation.tg\/wp-content\/uploads\/2026\/01\/Komi-Selom-Klassou-a-linvestiture-de-Mamadi-Doumbouya-en-Guinee.jpg\",\"contentUrl\":\"https:\/\/lavoixdelanation.tg\/wp-content\/uploads\/2026\/01\/Komi-Selom-Klassou-a-linvestiture-de-Mamadi-Doumbouya-en-Guinee.jpg\",\"width\":752,\"height\":505},{\"@type\":\"BreadcrumbList\",\"@id\":\"https:\/\/lavoixdelanation.tg\/index.php\/2026\/01\/22\/cooperation-komi-selom-klassou-a-linvestiture-de-mamadi-doumbouya-en-guinee\/#breadcrumb\",\"itemListElement\":[{\"@type\":\"ListItem\",\"position\":1,\"name\":\"Accueil\",\"item\":\"https:\/\/lavoixdelanation.tg\/\"},{\"@type\":\"ListItem\",\"position\":2,\"name\":\"Coop\u00e9ration : Komi Selom Klassou \u00e0 l\u2019investiture de Mamadi Doumbouya en Guin\u00e9e\"}]},{\"@type\":\"WebSite\",\"@id\":\"https:\/\/lavoixdelanation.tg\/#website\",\"url\":\"https:\/\/lavoixdelanation.tg\/\",\"name\":\"La Voix de la Nation\",\"description\":\"R\u00e9c\u00e9piss\u00e9 n\u00b00108\/HAAC\/01-2024\/pl\/P\",\"publisher\":{\"@id\":\"https:\/\/lavoixdelanation.tg\/#organization\"},\"alternateName\":\"VON\",\"potentialAction\":[{\"@type\":\"SearchAction\",\"target\":{\"@type\":\"EntryPoint\",\"urlTemplate\":\"https:\/\/lavoixdelanation.tg\/?s={search_term_string}\"},\"query-input\":{\"@type\":\"PropertyValueSpecification\",\"valueRequired\":true,\"valueName\":\"search_term_string\"}}],\"inLanguage\":\"fr-FR\"},{\"@type\":\"Organization\",\"@id\":\"https:\/\/lavoixdelanation.tg\/#organization\",\"name\":\"La Voix de la Nation\",\"url\":\"https:\/\/lavoixdelanation.tg\/\",\"logo\":{\"@type\":\"ImageObject\",\"inLanguage\":\"fr-FR\",\"@id\":\"https:\/\/lavoixdelanation.tg\/#\/schema\/logo\/image\/\",\"url\":\"https:\/\/lavoixdelanation.tg\/wp-content\/uploads\/2024\/12\/lavn-1.png\",\"contentUrl\":\"https:\/\/lavoixdelanation.tg\/wp-content\/uploads\/2024\/12\/lavn-1.png\",\"width\":1024,\"height\":464,\"caption\":\"La Voix de la Nation\"},\"image\":{\"@id\":\"https:\/\/lavoixdelanation.tg\/#\/schema\/logo\/image\/\"},\"sameAs\":[\"https:\/\/www.facebook.com\/lavoixdelanation\"]},{\"@type\":\"Person\",\"@id\":\"https:\/\/lavoixdelanation.tg\/#\/schema\/person\/6c489293aa38053673a9e554acb6e224\",\"name\":\"La voix de la nation\",\"image\":{\"@type\":\"ImageObject\",\"inLanguage\":\"fr-FR\",\"@id\":\"https:\/\/lavoixdelanation.tg\/#\/schema\/person\/image\/\",\"url\":\"https:\/\/secure.gravatar.com\/avatar\/8aa135d4bbc794494cecaa8d483f6d6cc1023624868deaff686baed5e727a5a1?s=96&d=mm&r=g\",\"contentUrl\":\"https:\/\/secure.gravatar.com\/avatar\/8aa135d4bbc794494cecaa8d483f6d6cc1023624868deaff686baed5e727a5a1?s=96&d=mm&r=g\",\"caption\":\"La voix de la nation\"},\"sameAs\":[\"https:\/\/lavoixdelanation.tg\"],\"url\":\"https:\/\/lavoixdelanation.tg\/index.php\/author\/lavn\/\"}]}<\/script>\n<!-- \/ Yoast SEO plugin. -->","yoast_head_json":{"title":"Coop\u00e9ration : Komi Selom Klassou \u00e0 l\u2019investiture de Mamadi Doumbouya en Guin\u00e9e - La Voix de la Nation","robots":{"index":"index","follow":"follow","max-snippet":"max-snippet:-1","max-image-preview":"max-image-preview:large","max-video-preview":"max-video-preview:-1"},"canonical":"https:\/\/lavoixdelanation.tg\/index.php\/2026\/01\/22\/cooperation-komi-selom-klassou-a-linvestiture-de-mamadi-doumbouya-en-guinee\/","og_locale":"fr_FR","og_type":"article","og_title":"Coop\u00e9ration : Komi Selom Klassou \u00e0 l\u2019investiture de Mamadi Doumbouya en Guin\u00e9e - La Voix de la Nation","og_description":"Au nom du Pr\u00e9sident du Conseil Faure Gnassingb\u00e9, le Pr\u00e9sident de l\u2019Assembl\u00e9e nationale Pr Komi Selom Klassou a pris part ce samedi 17 janvier 2026 \u00e0 Conakry en Guin\u00e9e, \u00e0&hellip;","og_url":"https:\/\/lavoixdelanation.tg\/index.php\/2026\/01\/22\/cooperation-komi-selom-klassou-a-linvestiture-de-mamadi-doumbouya-en-guinee\/","og_site_name":"La Voix de la Nation","article_publisher":"https:\/\/www.facebook.com\/lavoixdelanation","article_published_time":"2026-01-22T17:37:46+00:00","article_modified_time":"2026-01-22T17:40:39+00:00","og_image":[{"width":752,"height":505,"url":"https:\/\/lavoixdelanation.tg\/wp-content\/uploads\/2026\/01\/Komi-Selom-Klassou-a-linvestiture-de-Mamadi-Doumbouya-en-Guinee.jpg","type":"image\/jpeg"}],"author":"La voix de la nation","twitter_card":"summary_large_image","twitter_misc":{"\u00c9crit par":"La voix de la nation","Dur\u00e9e de lecture estim\u00e9e":"3 minutes"},"schema":{"@context":"https:\/\/schema.org","@graph":[{"@type":"Article","@id":"https:\/\/lavoixdelanation.tg\/index.php\/2026\/01\/22\/cooperation-komi-selom-klassou-a-linvestiture-de-mamadi-doumbouya-en-guinee\/#article","isPartOf":{"@id":"https:\/\/lavoixdelanation.tg\/index.php\/2026\/01\/22\/cooperation-komi-selom-klassou-a-linvestiture-de-mamadi-doumbouya-en-guinee\/"},"author":{"name":"La voix de la nation","@id":"https:\/\/lavoixdelanation.tg\/#\/schema\/person\/6c489293aa38053673a9e554acb6e224"},"headline":"Coop\u00e9ration : Komi Selom Klassou \u00e0 l\u2019investiture de Mamadi Doumbouya en Guin\u00e9e","datePublished":"2026-01-22T17:37:46+00:00","dateModified":"2026-01-22T17:40:39+00:00","mainEntityOfPage":{"@id":"https:\/\/lavoixdelanation.tg\/index.php\/2026\/01\/22\/cooperation-komi-selom-klassou-a-linvestiture-de-mamadi-doumbouya-en-guinee\/"},"wordCount":469,"commentCount":0,"publisher":{"@id":"https:\/\/lavoixdelanation.tg\/#organization"},"image":{"@id":"https:\/\/lavoixdelanation.tg\/index.php\/2026\/01\/22\/cooperation-komi-selom-klassou-a-linvestiture-de-mamadi-doumbouya-en-guinee\/#primaryimage"},"thumbnailUrl":"https:\/\/lavoixdelanation.tg\/wp-content\/uploads\/2026\/01\/Komi-Selom-Klassou-a-linvestiture-de-Mamadi-Doumbouya-en-Guinee.jpg","keywords":["Guin\u00e9e","investiture","Komi Selom Klassou","Mamadi Doumbouya"],"articleSection":["Diplomatie"],"inLanguage":"fr-FR","potentialAction":[{"@type":"CommentAction","name":"Comment","target":["https:\/\/lavoixdelanation.tg\/index.php\/2026\/01\/22\/cooperation-komi-selom-klassou-a-linvestiture-de-mamadi-doumbouya-en-guinee\/#respond"]}]},{"@type":"WebPage","@id":"https:\/\/lavoixdelanation.tg\/index.php\/2026\/01\/22\/cooperation-komi-selom-klassou-a-linvestiture-de-mamadi-doumbouya-en-guinee\/","url":"https:\/\/lavoixdelanation.tg\/index.php\/2026\/01\/22\/cooperation-komi-selom-klassou-a-linvestiture-de-mamadi-doumbouya-en-guinee\/","name":"Coop\u00e9ration : Komi Selom Klassou \u00e0 l\u2019investiture de Mamadi Doumbouya en Guin\u00e9e - La Voix de la Nation","isPartOf":{"@id":"https:\/\/lavoixdelanation.tg\/#website"},"primaryImageOfPage":{"@id":"https:\/\/lavoixdelanation.tg\/index.php\/2026\/01\/22\/cooperation-komi-selom-klassou-a-linvestiture-de-mamadi-doumbouya-en-guinee\/#primaryimage"},"image":{"@id":"https:\/\/lavoixdelanation.tg\/index.php\/2026\/01\/22\/cooperation-komi-selom-klassou-a-linvestiture-de-mamadi-doumbouya-en-guinee\/#primaryimage"},"thumbnailUrl":"https:\/\/lavoixdelanation.tg\/wp-content\/uploads\/2026\/01\/Komi-Selom-Klassou-a-linvestiture-de-Mamadi-Doumbouya-en-Guinee.jpg","datePublished":"2026-01-22T17:37:46+00:00","dateModified":"2026-01-22T17:40:39+00:00","breadcrumb":{"@id":"https:\/\/lavoixdelanation.tg\/index.php\/2026\/01\/22\/cooperation-komi-selom-klassou-a-linvestiture-de-mamadi-doumbouya-en-guinee\/#breadcrumb"},"inLanguage":"fr-FR","potentialAction":[{"@type":"ReadAction","target":["https:\/\/lavoixdelanation.tg\/index.php\/2026\/01\/22\/cooperation-komi-selom-klassou-a-linvestiture-de-mamadi-doumbouya-en-guinee\/"]}]},{"@type":"ImageObject","inLanguage":"fr-FR","@id":"https:\/\/lavoixdelanation.tg\/index.php\/2026\/01\/22\/cooperation-komi-selom-klassou-a-linvestiture-de-mamadi-doumbouya-en-guinee\/#primaryimage","url":"https:\/\/lavoixdelanation.tg\/wp-content\/uploads\/2026\/01\/Komi-Selom-Klassou-a-linvestiture-de-Mamadi-Doumbouya-en-Guinee.jpg","contentUrl":"https:\/\/lavoixdelanation.tg\/wp-content\/uploads\/2026\/01\/Komi-Selom-Klassou-a-linvestiture-de-Mamadi-Doumbouya-en-Guinee.jpg","width":752,"height":505},{"@type":"BreadcrumbList","@id":"https:\/\/lavoixdelanation.tg\/index.php\/2026\/01\/22\/cooperation-komi-selom-klassou-a-linvestiture-de-mamadi-doumbouya-en-guinee\/#breadcrumb","itemListElement":[{"@type":"ListItem","position":1,"name":"Accueil","item":"https:\/\/lavoixdelanation.tg\/"},{"@type":"ListItem","position":2,"name":"Coop\u00e9ration : Komi Selom Klassou \u00e0 l\u2019investiture de Mamadi Doumbouya en Guin\u00e9e"}]},{"@type":"WebSite","@id":"https:\/\/lavoixdelanation.tg\/#website","url":"https:\/\/lavoixdelanation.tg\/","name":"La Voix de la Nation","description":"R\u00e9c\u00e9piss\u00e9 n\u00b00108\/HAAC\/01-2024\/pl\/P","publisher":{"@id":"https:\/\/lavoixdelanation.tg\/#organization"},"alternateName":"VON","potentialAction":[{"@type":"SearchAction","target":{"@type":"EntryPoint","urlTemplate":"https:\/\/lavoixdelanation.tg\/?s={search_term_string}"},"query-input":{"@type":"PropertyValueSpecification","valueRequired":true,"valueName":"search_term_string"}}],"inLanguage":"fr-FR"},{"@type":"Organization","@id":"https:\/\/lavoixdelanation.tg\/#organization","name":"La Voix de la Nation","url":"https:\/\/lavoixdelanation.tg\/","logo":{"@type":"ImageObject","inLanguage":"fr-FR","@id":"https:\/\/lavoixdelanation.tg\/#\/schema\/logo\/image\/","url":"https:\/\/lavoixdelanation.tg\/wp-content\/uploads\/2024\/12\/lavn-1.png","contentUrl":"https:\/\/lavoixdelanation.tg\/wp-content\/uploads\/2024\/12\/lavn-1.png","width":1024,"height":464,"caption":"La Voix de la Nation"},"image":{"@id":"https:\/\/lavoixdelanation.tg\/#\/schema\/logo\/image\/"},"sameAs":["https:\/\/www.facebook.com\/lavoixdelanation"]},{"@type":"Person","@id":"https:\/\/lavoixdelanation.tg\/#\/schema\/person\/6c489293aa38053673a9e554acb6e224","name":"La voix de la nation","image":{"@type":"ImageObject","inLanguage":"fr-FR","@id":"https:\/\/lavoixdelanation.tg\/#\/schema\/person\/image\/","url":"https:\/\/secure.gravatar.com\/avatar\/8aa135d4bbc794494cecaa8d483f6d6cc1023624868deaff686baed5e727a5a1?s=96&d=mm&r=g","contentUrl":"https:\/\/secure.gravatar.com\/avatar\/8aa135d4bbc794494cecaa8d483f6d6cc1023624868deaff686baed5e727a5a1?s=96&d=mm&r=g","caption":"La voix de la nation"},"sameAs":["https:\/\/lavoixdelanation.tg"],"url":"https:\/\/lavoixdelanation.tg\/index.php\/author\/lavn\/"}]}},"_links":{"self":[{"href":"https:\/\/lavoixdelanation.tg\/index.php\/wp-json\/wp\/v2\/posts\/15268","targetHints":{"allow":["GET"]}}],"collection":[{"href":"https:\/\/lavoixdelanation.tg\/index.php\/wp-json\/wp\/v2\/posts"}],"about":[{"href":"https:\/\/lavoixdelanation.tg\/index.php\/wp-json\/wp\/v2\/types\/post"}],"author":[{"embeddable":true,"href":"https:\/\/lavoixdelanation.tg\/index.php\/wp-json\/wp\/v2\/users\/1"}],"replies":[{"embeddable":true,"href":"https:\/\/lavoixdelanation.tg\/index.php\/wp-json\/wp\/v2\/comments?post=15268"}],"version-history":[{"count":2,"href":"https:\/\/lavoixdelanation.tg\/index.php\/wp-json\/wp\/v2\/posts\/15268\/revisions"}],"predecessor-version":[{"id":15273,"href":"https:\/\/lavoixdelanation.tg\/index.php\/wp-json\/wp\/v2\/posts\/15268\/revisions\/15273"}],"wp:featuredmedia":[{"embeddable":true,"href":"https:\/\/lavoixdelanation.tg\/index.php\/wp-json\/wp\/v2\/media\/15269"}],"wp:attachment":[{"href":"https:\/\/lavoixdelanation.tg\/index.php\/wp-json\/wp\/v2\/media?parent=15268"}],"wp:term":[{"taxonomy":"category","embeddable":true,"href":"https:\/\/lavoixdelanation.tg\/index.php\/wp-json\/wp\/v2\/categories?post=15268"},{"taxonomy":"post_tag","embeddable":true,"href":"https:\/\/lavoixdelanation.tg\/index.php\/wp-json\/wp\/v2\/tags?post=15268"}],"curies":[{"name":"wp","href":"https:\/\/api.w.org\/{rel}","templated":true}]}}