{"id":15264,"date":"2026-01-21T09:56:56","date_gmt":"2026-01-21T08:56:56","guid":{"rendered":"https:\/\/lavoixdelanation.tg\/?p=15264"},"modified":"2026-01-21T09:56:57","modified_gmt":"2026-01-21T08:56:57","slug":"togo-concours-de-recrutement-des-eleves-officiers-a-lessal","status":"publish","type":"post","link":"https:\/\/lavoixdelanation.tg\/index.php\/2026\/01\/21\/togo-concours-de-recrutement-des-eleves-officiers-a-lessal\/","title":{"rendered":"Togo\u00a0: Concours de recrutement des \u00e9l\u00e8ves officiers \u00e0 l\u2019ESSAL"},"content":{"rendered":"\n<p><strong>Le Minist\u00e8re de la d\u00e9fense nationale annonce l\u2019ouverture de l\u2019\u00e9dition 2026 du concours de recrutement des \u00e9l\u00e8ves officiers m\u00e9decins, pharmaciens, v\u00e9t\u00e9rinaires et odontostomatologues de l\u2019Ecole du Service de Sant\u00e9 des Arm\u00e9es de Lom\u00e9 (ESSAL).<\/strong><\/p>\n\n\n\n<p>Le concours est ouvert aux jeunes togolais des deux (02) sexes, et se d\u00e9roulera les mercredi 08 et jeudi 09 avril 2026 au Lyc\u00e9e de Tokoin I \u00e0 Lom\u00e9.<\/p>\n\n\n\n<p>Les candidats doivent \u00eatre \u00e2g\u00e9 de 21 ans au plus \u00e0 la date du concours, \u00eatre titulaire du BAC II des s\u00e9ries C ou D de la session 2025 ou \u00eatre r\u00e9guli\u00e8rement inscrit en classe de terminale C ou D, avoir d\u00e9pos\u00e9 un dossier complet de candidature.<\/p>\n\n\n\n<p>Les dossiers de candidature doivent \u00eatre d\u00e9pos\u00e9s au secr\u00e9tariat de l&rsquo;\u00e9cole du service de sant\u00e9 des arm\u00e9es de Lom\u00e9 (ESSAL).<\/p>\n\n\n\n<p>Pour les candidats des \u00e9tablissements de l&rsquo;int\u00e9rieur du pays, ils peuvent d\u00e9poser leurs dossiers de candidature complets dans les brigades territoriales de gendarmerie de leurs localit\u00e9s qui se chargeront de les acheminer \u00e0 l&rsquo;ESSAL.<\/p>\n\n\n\n<p>La p\u00e9riode pr\u00e9vue pour le d\u00e9p\u00f4t des dossiers va du lundi 02 f\u00e9vrier \u00e0 07h 00 au lundi 02 mars 2026 \u00e0 17h 00.<\/p>\n\n\n\n<p>Les autres informations relatives \u00e0 la composition du dossier de candidature et aux \u00e9preuves \u00e9crites peuvent \u00eatre consult\u00e9s dans le <strong>document PDF<\/strong> ci-dessous ou en cliquant <strong><a href=\"https:\/\/defense.gouv.tg\/communique-du-ministere-de-la-defense-nationale-relatif-au-concours-de-recrutement-des-eleves-officiers-medecins-pharmaciens-veterinaires-et-odontostomatologues-de-lecole-du-service-de-sant\/?fbclid=IwY2xjawPcKOhleHRuA2FlbQIxMABicmlkETFOTmNTdUxXRnVqWU9pb1Fvc3J0YwZhcHBfaWQQMjIyMDM5MTc4ODIwMDg5MgABHrkUqskZh3Ybe1GIWu5YYxwHDaupz_NSXpsAsTwWf4N7Qc7Hzxry79c6C9th_aem_5saBhZER0F4i71Qk4HbqDg\">ICI<\/a><\/strong>.<\/p>\n\n\n\n<div data-wp-interactive=\"core\/file\" class=\"wp-block-file\"><object data-wp-bind--hidden=\"!state.hasPdfPreview\" hidden class=\"wp-block-file__embed\" data=\"https:\/\/lavoixdelanation.tg\/wp-content\/uploads\/2026\/01\/Communique-relatif-au-concours-dentree-a-lESSAL-Session-2026.pdf\" type=\"application\/pdf\" style=\"width:100%;height:600px\" aria-label=\"Contenu embarqu\u00e9 Communique\u0301-relatif-au-concours-dentre\u0301e-a\u0300-lESSAL-Session-2026.\"><\/object><a id=\"wp-block-file--media-89d0fd53-6e3e-45b1-a48b-69482042d6a3\" href=\"https:\/\/lavoixdelanation.tg\/wp-content\/uploads\/2026\/01\/Communique-relatif-au-concours-dentree-a-lESSAL-Session-2026.pdf\">Communique\u0301-relatif-au-concours-dentre\u0301e-a\u0300-lESSAL-Session-2026<\/a><a href=\"https:\/\/lavoixdelanation.tg\/wp-content\/uploads\/2026\/01\/Communique-relatif-au-concours-dentree-a-lESSAL-Session-2026.pdf\" class=\"wp-block-file__button wp-element-button\" download aria-describedby=\"wp-block-file--media-89d0fd53-6e3e-45b1-a48b-69482042d6a3\">T\u00e9l\u00e9charger<\/a><\/div>\n","protected":false},"excerpt":{"rendered":"<p>Le Minist\u00e8re de la d\u00e9fense nationale annonce l\u2019ouverture de l\u2019\u00e9dition 2026 du concours de recrutement des \u00e9l\u00e8ves officiers m\u00e9decins, pharmaciens, v\u00e9t\u00e9rinaires et odontostomatologues de l\u2019Ecole du Service de Sant\u00e9 des&hellip; <\/p>\n","protected":false},"author":1,"featured_media":15266,"comment_status":"open","ping_status":"closed","sticky":false,"template":"","format":"standard","meta":{"footnotes":""},"categories":[10],"tags":[487,39],"class_list":["post-15264","post","type-post","status-publish","format-standard","has-post-thumbnail","hentry","category-education","tag-concours-essal","tag-togo"],"yoast_head":"<!-- This site is optimized with the Yoast SEO plugin v26.4 - https:\/\/yoast.com\/wordpress\/plugins\/seo\/ -->\n<title>Togo\u00a0: Concours de recrutement des \u00e9l\u00e8ves officiers \u00e0 l\u2019ESSAL - La Voix de la Nation<\/title>\n<meta name=\"robots\" content=\"index, follow, max-snippet:-1, max-image-preview:large, max-video-preview:-1\" \/>\n<link rel=\"canonical\" href=\"https:\/\/lavoixdelanation.tg\/index.php\/2026\/01\/21\/togo-concours-de-recrutement-des-eleves-officiers-a-lessal\/\" \/>\n<meta property=\"og:locale\" content=\"fr_FR\" \/>\n<meta property=\"og:type\" content=\"article\" \/>\n<meta property=\"og:title\" content=\"Togo\u00a0: Concours de recrutement des \u00e9l\u00e8ves officiers \u00e0 l\u2019ESSAL - La Voix de la Nation\" \/>\n<meta property=\"og:description\" content=\"Le Minist\u00e8re de la d\u00e9fense nationale annonce l\u2019ouverture de l\u2019\u00e9dition 2026 du concours de recrutement des \u00e9l\u00e8ves officiers m\u00e9decins, pharmaciens, v\u00e9t\u00e9rinaires et odontostomatologues de l\u2019Ecole du Service de Sant\u00e9 des&hellip;\" \/>\n<meta property=\"og:url\" content=\"https:\/\/lavoixdelanation.tg\/index.php\/2026\/01\/21\/togo-concours-de-recrutement-des-eleves-officiers-a-lessal\/\" \/>\n<meta property=\"og:site_name\" content=\"La Voix de la Nation\" \/>\n<meta property=\"article:publisher\" content=\"https:\/\/www.facebook.com\/lavoixdelanation\" \/>\n<meta property=\"article:published_time\" content=\"2026-01-21T08:56:56+00:00\" \/>\n<meta property=\"article:modified_time\" content=\"2026-01-21T08:56:57+00:00\" \/>\n<meta property=\"og:image\" content=\"https:\/\/lavoixdelanation.tg\/wp-content\/uploads\/2026\/01\/Concours-ESSAL-2026.jpeg\" \/>\n\t<meta property=\"og:image:width\" content=\"1080\" \/>\n\t<meta property=\"og:image:height\" content=\"720\" \/>\n\t<meta property=\"og:image:type\" content=\"image\/jpeg\" \/>\n<meta name=\"author\" content=\"La voix de la nation\" \/>\n<meta name=\"twitter:card\" content=\"summary_large_image\" \/>\n<meta name=\"twitter:label1\" content=\"\u00c9crit par\" \/>\n\t<meta name=\"twitter:data1\" content=\"La voix de la nation\" \/>\n\t<meta name=\"twitter:label2\" content=\"Dur\u00e9e de lecture estim\u00e9e\" \/>\n\t<meta name=\"twitter:data2\" content=\"2 minutes\" \/>\n<script type=\"application\/ld+json\" class=\"yoast-schema-graph\">{\"@context\":\"https:\/\/schema.org\",\"@graph\":[{\"@type\":\"Article\",\"@id\":\"https:\/\/lavoixdelanation.tg\/index.php\/2026\/01\/21\/togo-concours-de-recrutement-des-eleves-officiers-a-lessal\/#article\",\"isPartOf\":{\"@id\":\"https:\/\/lavoixdelanation.tg\/index.php\/2026\/01\/21\/togo-concours-de-recrutement-des-eleves-officiers-a-lessal\/\"},\"author\":{\"name\":\"La voix de la nation\",\"@id\":\"https:\/\/lavoixdelanation.tg\/#\/schema\/person\/6c489293aa38053673a9e554acb6e224\"},\"headline\":\"Togo\u00a0: Concours de recrutement des \u00e9l\u00e8ves officiers \u00e0 l\u2019ESSAL\",\"datePublished\":\"2026-01-21T08:56:56+00:00\",\"dateModified\":\"2026-01-21T08:56:57+00:00\",\"mainEntityOfPage\":{\"@id\":\"https:\/\/lavoixdelanation.tg\/index.php\/2026\/01\/21\/togo-concours-de-recrutement-des-eleves-officiers-a-lessal\/\"},\"wordCount\":246,\"commentCount\":0,\"publisher\":{\"@id\":\"https:\/\/lavoixdelanation.tg\/#organization\"},\"image\":{\"@id\":\"https:\/\/lavoixdelanation.tg\/index.php\/2026\/01\/21\/togo-concours-de-recrutement-des-eleves-officiers-a-lessal\/#primaryimage\"},\"thumbnailUrl\":\"https:\/\/lavoixdelanation.tg\/wp-content\/uploads\/2026\/01\/Concours-ESSAL-2026.jpeg\",\"keywords\":[\"Concours ESSAL\",\"Togo\"],\"articleSection\":[\"Education\"],\"inLanguage\":\"fr-FR\",\"potentialAction\":[{\"@type\":\"CommentAction\",\"name\":\"Comment\",\"target\":[\"https:\/\/lavoixdelanation.tg\/index.php\/2026\/01\/21\/togo-concours-de-recrutement-des-eleves-officiers-a-lessal\/#respond\"]}]},{\"@type\":\"WebPage\",\"@id\":\"https:\/\/lavoixdelanation.tg\/index.php\/2026\/01\/21\/togo-concours-de-recrutement-des-eleves-officiers-a-lessal\/\",\"url\":\"https:\/\/lavoixdelanation.tg\/index.php\/2026\/01\/21\/togo-concours-de-recrutement-des-eleves-officiers-a-lessal\/\",\"name\":\"Togo\u00a0: Concours de recrutement des \u00e9l\u00e8ves officiers \u00e0 l\u2019ESSAL - La Voix de la Nation\",\"isPartOf\":{\"@id\":\"https:\/\/lavoixdelanation.tg\/#website\"},\"primaryImageOfPage\":{\"@id\":\"https:\/\/lavoixdelanation.tg\/index.php\/2026\/01\/21\/togo-concours-de-recrutement-des-eleves-officiers-a-lessal\/#primaryimage\"},\"image\":{\"@id\":\"https:\/\/lavoixdelanation.tg\/index.php\/2026\/01\/21\/togo-concours-de-recrutement-des-eleves-officiers-a-lessal\/#primaryimage\"},\"thumbnailUrl\":\"https:\/\/lavoixdelanation.tg\/wp-content\/uploads\/2026\/01\/Concours-ESSAL-2026.jpeg\",\"datePublished\":\"2026-01-21T08:56:56+00:00\",\"dateModified\":\"2026-01-21T08:56:57+00:00\",\"breadcrumb\":{\"@id\":\"https:\/\/lavoixdelanation.tg\/index.php\/2026\/01\/21\/togo-concours-de-recrutement-des-eleves-officiers-a-lessal\/#breadcrumb\"},\"inLanguage\":\"fr-FR\",\"potentialAction\":[{\"@type\":\"ReadAction\",\"target\":[\"https:\/\/lavoixdelanation.tg\/index.php\/2026\/01\/21\/togo-concours-de-recrutement-des-eleves-officiers-a-lessal\/\"]}]},{\"@type\":\"ImageObject\",\"inLanguage\":\"fr-FR\",\"@id\":\"https:\/\/lavoixdelanation.tg\/index.php\/2026\/01\/21\/togo-concours-de-recrutement-des-eleves-officiers-a-lessal\/#primaryimage\",\"url\":\"https:\/\/lavoixdelanation.tg\/wp-content\/uploads\/2026\/01\/Concours-ESSAL-2026.jpeg\",\"contentUrl\":\"https:\/\/lavoixdelanation.tg\/wp-content\/uploads\/2026\/01\/Concours-ESSAL-2026.jpeg\",\"width\":1080,\"height\":720},{\"@type\":\"BreadcrumbList\",\"@id\":\"https:\/\/lavoixdelanation.tg\/index.php\/2026\/01\/21\/togo-concours-de-recrutement-des-eleves-officiers-a-lessal\/#breadcrumb\",\"itemListElement\":[{\"@type\":\"ListItem\",\"position\":1,\"name\":\"Accueil\",\"item\":\"https:\/\/lavoixdelanation.tg\/\"},{\"@type\":\"ListItem\",\"position\":2,\"name\":\"Togo\u00a0: Concours de recrutement des \u00e9l\u00e8ves officiers \u00e0 l\u2019ESSAL\"}]},{\"@type\":\"WebSite\",\"@id\":\"https:\/\/lavoixdelanation.tg\/#website\",\"url\":\"https:\/\/lavoixdelanation.tg\/\",\"name\":\"La Voix de la Nation\",\"description\":\"R\u00e9c\u00e9piss\u00e9 n\u00b00108\/HAAC\/01-2024\/pl\/P\",\"publisher\":{\"@id\":\"https:\/\/lavoixdelanation.tg\/#organization\"},\"alternateName\":\"VON\",\"potentialAction\":[{\"@type\":\"SearchAction\",\"target\":{\"@type\":\"EntryPoint\",\"urlTemplate\":\"https:\/\/lavoixdelanation.tg\/?s={search_term_string}\"},\"query-input\":{\"@type\":\"PropertyValueSpecification\",\"valueRequired\":true,\"valueName\":\"search_term_string\"}}],\"inLanguage\":\"fr-FR\"},{\"@type\":\"Organization\",\"@id\":\"https:\/\/lavoixdelanation.tg\/#organization\",\"name\":\"La Voix de la Nation\",\"url\":\"https:\/\/lavoixdelanation.tg\/\",\"logo\":{\"@type\":\"ImageObject\",\"inLanguage\":\"fr-FR\",\"@id\":\"https:\/\/lavoixdelanation.tg\/#\/schema\/logo\/image\/\",\"url\":\"https:\/\/lavoixdelanation.tg\/wp-content\/uploads\/2024\/12\/lavn-1.png\",\"contentUrl\":\"https:\/\/lavoixdelanation.tg\/wp-content\/uploads\/2024\/12\/lavn-1.png\",\"width\":1024,\"height\":464,\"caption\":\"La Voix de la Nation\"},\"image\":{\"@id\":\"https:\/\/lavoixdelanation.tg\/#\/schema\/logo\/image\/\"},\"sameAs\":[\"https:\/\/www.facebook.com\/lavoixdelanation\"]},{\"@type\":\"Person\",\"@id\":\"https:\/\/lavoixdelanation.tg\/#\/schema\/person\/6c489293aa38053673a9e554acb6e224\",\"name\":\"La voix de la nation\",\"image\":{\"@type\":\"ImageObject\",\"inLanguage\":\"fr-FR\",\"@id\":\"https:\/\/lavoixdelanation.tg\/#\/schema\/person\/image\/\",\"url\":\"https:\/\/secure.gravatar.com\/avatar\/8aa135d4bbc794494cecaa8d483f6d6cc1023624868deaff686baed5e727a5a1?s=96&d=mm&r=g\",\"contentUrl\":\"https:\/\/secure.gravatar.com\/avatar\/8aa135d4bbc794494cecaa8d483f6d6cc1023624868deaff686baed5e727a5a1?s=96&d=mm&r=g\",\"caption\":\"La voix de la nation\"},\"sameAs\":[\"https:\/\/lavoixdelanation.tg\"],\"url\":\"https:\/\/lavoixdelanation.tg\/index.php\/author\/lavn\/\"}]}<\/script>\n<!-- \/ Yoast SEO plugin. -->","yoast_head_json":{"title":"Togo\u00a0: Concours de recrutement des \u00e9l\u00e8ves officiers \u00e0 l\u2019ESSAL - La Voix de la Nation","robots":{"index":"index","follow":"follow","max-snippet":"max-snippet:-1","max-image-preview":"max-image-preview:large","max-video-preview":"max-video-preview:-1"},"canonical":"https:\/\/lavoixdelanation.tg\/index.php\/2026\/01\/21\/togo-concours-de-recrutement-des-eleves-officiers-a-lessal\/","og_locale":"fr_FR","og_type":"article","og_title":"Togo\u00a0: Concours de recrutement des \u00e9l\u00e8ves officiers \u00e0 l\u2019ESSAL - La Voix de la Nation","og_description":"Le Minist\u00e8re de la d\u00e9fense nationale annonce l\u2019ouverture de l\u2019\u00e9dition 2026 du concours de recrutement des \u00e9l\u00e8ves officiers m\u00e9decins, pharmaciens, v\u00e9t\u00e9rinaires et odontostomatologues de l\u2019Ecole du Service de Sant\u00e9 des&hellip;","og_url":"https:\/\/lavoixdelanation.tg\/index.php\/2026\/01\/21\/togo-concours-de-recrutement-des-eleves-officiers-a-lessal\/","og_site_name":"La Voix de la Nation","article_publisher":"https:\/\/www.facebook.com\/lavoixdelanation","article_published_time":"2026-01-21T08:56:56+00:00","article_modified_time":"2026-01-21T08:56:57+00:00","og_image":[{"width":1080,"height":720,"url":"https:\/\/lavoixdelanation.tg\/wp-content\/uploads\/2026\/01\/Concours-ESSAL-2026.jpeg","type":"image\/jpeg"}],"author":"La voix de la nation","twitter_card":"summary_large_image","twitter_misc":{"\u00c9crit par":"La voix de la nation","Dur\u00e9e de lecture estim\u00e9e":"2 minutes"},"schema":{"@context":"https:\/\/schema.org","@graph":[{"@type":"Article","@id":"https:\/\/lavoixdelanation.tg\/index.php\/2026\/01\/21\/togo-concours-de-recrutement-des-eleves-officiers-a-lessal\/#article","isPartOf":{"@id":"https:\/\/lavoixdelanation.tg\/index.php\/2026\/01\/21\/togo-concours-de-recrutement-des-eleves-officiers-a-lessal\/"},"author":{"name":"La voix de la nation","@id":"https:\/\/lavoixdelanation.tg\/#\/schema\/person\/6c489293aa38053673a9e554acb6e224"},"headline":"Togo\u00a0: Concours de recrutement des \u00e9l\u00e8ves officiers \u00e0 l\u2019ESSAL","datePublished":"2026-01-21T08:56:56+00:00","dateModified":"2026-01-21T08:56:57+00:00","mainEntityOfPage":{"@id":"https:\/\/lavoixdelanation.tg\/index.php\/2026\/01\/21\/togo-concours-de-recrutement-des-eleves-officiers-a-lessal\/"},"wordCount":246,"commentCount":0,"publisher":{"@id":"https:\/\/lavoixdelanation.tg\/#organization"},"image":{"@id":"https:\/\/lavoixdelanation.tg\/index.php\/2026\/01\/21\/togo-concours-de-recrutement-des-eleves-officiers-a-lessal\/#primaryimage"},"thumbnailUrl":"https:\/\/lavoixdelanation.tg\/wp-content\/uploads\/2026\/01\/Concours-ESSAL-2026.jpeg","keywords":["Concours ESSAL","Togo"],"articleSection":["Education"],"inLanguage":"fr-FR","potentialAction":[{"@type":"CommentAction","name":"Comment","target":["https:\/\/lavoixdelanation.tg\/index.php\/2026\/01\/21\/togo-concours-de-recrutement-des-eleves-officiers-a-lessal\/#respond"]}]},{"@type":"WebPage","@id":"https:\/\/lavoixdelanation.tg\/index.php\/2026\/01\/21\/togo-concours-de-recrutement-des-eleves-officiers-a-lessal\/","url":"https:\/\/lavoixdelanation.tg\/index.php\/2026\/01\/21\/togo-concours-de-recrutement-des-eleves-officiers-a-lessal\/","name":"Togo\u00a0: Concours de recrutement des \u00e9l\u00e8ves officiers \u00e0 l\u2019ESSAL - La Voix de la Nation","isPartOf":{"@id":"https:\/\/lavoixdelanation.tg\/#website"},"primaryImageOfPage":{"@id":"https:\/\/lavoixdelanation.tg\/index.php\/2026\/01\/21\/togo-concours-de-recrutement-des-eleves-officiers-a-lessal\/#primaryimage"},"image":{"@id":"https:\/\/lavoixdelanation.tg\/index.php\/2026\/01\/21\/togo-concours-de-recrutement-des-eleves-officiers-a-lessal\/#primaryimage"},"thumbnailUrl":"https:\/\/lavoixdelanation.tg\/wp-content\/uploads\/2026\/01\/Concours-ESSAL-2026.jpeg","datePublished":"2026-01-21T08:56:56+00:00","dateModified":"2026-01-21T08:56:57+00:00","breadcrumb":{"@id":"https:\/\/lavoixdelanation.tg\/index.php\/2026\/01\/21\/togo-concours-de-recrutement-des-eleves-officiers-a-lessal\/#breadcrumb"},"inLanguage":"fr-FR","potentialAction":[{"@type":"ReadAction","target":["https:\/\/lavoixdelanation.tg\/index.php\/2026\/01\/21\/togo-concours-de-recrutement-des-eleves-officiers-a-lessal\/"]}]},{"@type":"ImageObject","inLanguage":"fr-FR","@id":"https:\/\/lavoixdelanation.tg\/index.php\/2026\/01\/21\/togo-concours-de-recrutement-des-eleves-officiers-a-lessal\/#primaryimage","url":"https:\/\/lavoixdelanation.tg\/wp-content\/uploads\/2026\/01\/Concours-ESSAL-2026.jpeg","contentUrl":"https:\/\/lavoixdelanation.tg\/wp-content\/uploads\/2026\/01\/Concours-ESSAL-2026.jpeg","width":1080,"height":720},{"@type":"BreadcrumbList","@id":"https:\/\/lavoixdelanation.tg\/index.php\/2026\/01\/21\/togo-concours-de-recrutement-des-eleves-officiers-a-lessal\/#breadcrumb","itemListElement":[{"@type":"ListItem","position":1,"name":"Accueil","item":"https:\/\/lavoixdelanation.tg\/"},{"@type":"ListItem","position":2,"name":"Togo\u00a0: Concours de recrutement des \u00e9l\u00e8ves officiers \u00e0 l\u2019ESSAL"}]},{"@type":"WebSite","@id":"https:\/\/lavoixdelanation.tg\/#website","url":"https:\/\/lavoixdelanation.tg\/","name":"La Voix de la Nation","description":"R\u00e9c\u00e9piss\u00e9 n\u00b00108\/HAAC\/01-2024\/pl\/P","publisher":{"@id":"https:\/\/lavoixdelanation.tg\/#organization"},"alternateName":"VON","potentialAction":[{"@type":"SearchAction","target":{"@type":"EntryPoint","urlTemplate":"https:\/\/lavoixdelanation.tg\/?s={search_term_string}"},"query-input":{"@type":"PropertyValueSpecification","valueRequired":true,"valueName":"search_term_string"}}],"inLanguage":"fr-FR"},{"@type":"Organization","@id":"https:\/\/lavoixdelanation.tg\/#organization","name":"La Voix de la Nation","url":"https:\/\/lavoixdelanation.tg\/","logo":{"@type":"ImageObject","inLanguage":"fr-FR","@id":"https:\/\/lavoixdelanation.tg\/#\/schema\/logo\/image\/","url":"https:\/\/lavoixdelanation.tg\/wp-content\/uploads\/2024\/12\/lavn-1.png","contentUrl":"https:\/\/lavoixdelanation.tg\/wp-content\/uploads\/2024\/12\/lavn-1.png","width":1024,"height":464,"caption":"La Voix de la Nation"},"image":{"@id":"https:\/\/lavoixdelanation.tg\/#\/schema\/logo\/image\/"},"sameAs":["https:\/\/www.facebook.com\/lavoixdelanation"]},{"@type":"Person","@id":"https:\/\/lavoixdelanation.tg\/#\/schema\/person\/6c489293aa38053673a9e554acb6e224","name":"La voix de la nation","image":{"@type":"ImageObject","inLanguage":"fr-FR","@id":"https:\/\/lavoixdelanation.tg\/#\/schema\/person\/image\/","url":"https:\/\/secure.gravatar.com\/avatar\/8aa135d4bbc794494cecaa8d483f6d6cc1023624868deaff686baed5e727a5a1?s=96&d=mm&r=g","contentUrl":"https:\/\/secure.gravatar.com\/avatar\/8aa135d4bbc794494cecaa8d483f6d6cc1023624868deaff686baed5e727a5a1?s=96&d=mm&r=g","caption":"La voix de la nation"},"sameAs":["https:\/\/lavoixdelanation.tg"],"url":"https:\/\/lavoixdelanation.tg\/index.php\/author\/lavn\/"}]}},"_links":{"self":[{"href":"https:\/\/lavoixdelanation.tg\/index.php\/wp-json\/wp\/v2\/posts\/15264","targetHints":{"allow":["GET"]}}],"collection":[{"href":"https:\/\/lavoixdelanation.tg\/index.php\/wp-json\/wp\/v2\/posts"}],"about":[{"href":"https:\/\/lavoixdelanation.tg\/index.php\/wp-json\/wp\/v2\/types\/post"}],"author":[{"embeddable":true,"href":"https:\/\/lavoixdelanation.tg\/index.php\/wp-json\/wp\/v2\/users\/1"}],"replies":[{"embeddable":true,"href":"https:\/\/lavoixdelanation.tg\/index.php\/wp-json\/wp\/v2\/comments?post=15264"}],"version-history":[{"count":1,"href":"https:\/\/lavoixdelanation.tg\/index.php\/wp-json\/wp\/v2\/posts\/15264\/revisions"}],"predecessor-version":[{"id":15267,"href":"https:\/\/lavoixdelanation.tg\/index.php\/wp-json\/wp\/v2\/posts\/15264\/revisions\/15267"}],"wp:featuredmedia":[{"embeddable":true,"href":"https:\/\/lavoixdelanation.tg\/index.php\/wp-json\/wp\/v2\/media\/15266"}],"wp:attachment":[{"href":"https:\/\/lavoixdelanation.tg\/index.php\/wp-json\/wp\/v2\/media?parent=15264"}],"wp:term":[{"taxonomy":"category","embeddable":true,"href":"https:\/\/lavoixdelanation.tg\/index.php\/wp-json\/wp\/v2\/categories?post=15264"},{"taxonomy":"post_tag","embeddable":true,"href":"https:\/\/lavoixdelanation.tg\/index.php\/wp-json\/wp\/v2\/tags?post=15264"}],"curies":[{"name":"wp","href":"https:\/\/api.w.org\/{rel}","templated":true}]}}