{"id":15260,"date":"2026-01-20T09:18:24","date_gmt":"2026-01-20T08:18:24","guid":{"rendered":"https:\/\/lavoixdelanation.tg\/?p=15260"},"modified":"2026-01-20T09:18:24","modified_gmt":"2026-01-20T08:18:24","slug":"togo-le-ministere-du-tourisme-dote-dune-salle-intelligente-pour-des-analyses-strategiques","status":"publish","type":"post","link":"https:\/\/lavoixdelanation.tg\/index.php\/2026\/01\/20\/togo-le-ministere-du-tourisme-dote-dune-salle-intelligente-pour-des-analyses-strategiques\/","title":{"rendered":"Togo\u00a0: Le minist\u00e8re du Tourisme dot\u00e9 d\u2019une \u00ab salle intelligente \u00bb pour des analyses strat\u00e9giques"},"content":{"rendered":"\n<p><strong>Une <\/strong><strong>salle d\u2019Analyse Strat\u00e9gique, \u00e9galement appel\u00e9e \u00ab salle intelligente \u00bb, \u00e9quip\u00e9e d\u2019\u00e9crans et de tableaux de bord permettant le suivi en temps r\u00e9el des performances des projets et services digitalis\u00e9s du Minist\u00e8re du tourisme, de la culture et des arts (MTCA).<\/strong><\/p>\n\n\n\n<p>C\u2019est l\u2019une des principales r\u00e9alisations du projet de digitalisation acc\u00e9l\u00e9r\u00e9e de ce d\u00e9partement minist\u00e9riel pr\u00e9sent\u00e9 le vendredi 16 janvier 2026 apr\u00e8s 04 semaines d\u2019intenses travaux conduits par le Minist\u00e8re de l\u2019Efficacit\u00e9 du Service Public \u00e0 travers l\u2019Agence Togo Digital (ATD).<\/p>\n\n\n\n<p>Cette \u00ab salle intelligente \u00bb permet \u00e9galement de suivre les d\u00e9marches administratives du minist\u00e8re et de ses entit\u00e9s sous tutelle, d\u00e9sormais accessibles sur la plateforme nationale des services publics \u00e0 l\u2019adresse :&nbsp;<strong>service-public.gouv.tg\/mtca<\/strong><\/p>\n\n\n\n<figure class=\"wp-block-image size-full\"><img loading=\"lazy\" decoding=\"async\" width=\"900\" height=\"533\" src=\"https:\/\/lavoixdelanation.tg\/wp-content\/uploads\/2026\/01\/Les-Ministres-Cina-Lawson-et-Isaak-Tchiakpe-lors-de-la-ceremonie.jpg\" alt=\"\" class=\"wp-image-15262\" srcset=\"https:\/\/lavoixdelanation.tg\/wp-content\/uploads\/2026\/01\/Les-Ministres-Cina-Lawson-et-Isaak-Tchiakpe-lors-de-la-ceremonie.jpg 900w, https:\/\/lavoixdelanation.tg\/wp-content\/uploads\/2026\/01\/Les-Ministres-Cina-Lawson-et-Isaak-Tchiakpe-lors-de-la-ceremonie-300x178.jpg 300w, https:\/\/lavoixdelanation.tg\/wp-content\/uploads\/2026\/01\/Les-Ministres-Cina-Lawson-et-Isaak-Tchiakpe-lors-de-la-ceremonie-768x455.jpg 768w\" sizes=\"auto, (max-width: 900px) 100vw, 900px\" \/><figcaption class=\"wp-element-caption\"><em>Les Ministres Cina Lawson et Isaak Tchiakp\u00e9 lors de la c\u00e9r\u00e9monie<\/em><\/figcaption><\/figure>\n\n\n\n<p>Le projet a \u00e9galement pris en compte les besoins internes du minist\u00e8re, \u00e0 travers le d\u00e9ploiement de plusieurs outils num\u00e9riques destin\u00e9s \u00e0 la digitalisation des proc\u00e9dures administratives internes, notamment la gestion \u00e9lectronique du courrier et des documents.<\/p>\n\n\n\n<p>La c\u00e9r\u00e9monie de pr\u00e9sentation de ces travaux de digitalisation a \u00e9t\u00e9 pr\u00e9sid\u00e9e par Mme Cina Lawson, Ministre de l\u2019Efficacit\u00e9 du Service Public et de la Transformation Num\u00e9rique, et Isaak Tchiakp\u00e9, Ministre du Tourisme, de la Culture et des Arts.<\/p>\n\n\n\n<p>Elle a permis de pr\u00e9senter les r\u00e9sultats obtenus, les solutions num\u00e9riques d\u00e9ploy\u00e9es, ainsi que les perspectives d\u2019op\u00e9rationnalisation et de p\u00e9rennisation du projet.<\/p>\n\n\n\n<p>\u00c0 travers cette initiative, le Gouvernement togolais r\u00e9affirme ainsi sa volont\u00e9 de b\u00e2tir une administration publique moderne, inclusive et orient\u00e9e vers la performance, conform\u00e9ment aux orientations de la feuille de route gouvernementale en mati\u00e8re de transformation digitale.<\/p>\n\n\n\n<p>Il faut souligner que ce minist\u00e8re est le deuxi\u00e8me \u00e0 b\u00e9n\u00e9ficier du plan d\u2019actions pour une digitalisation en quatre semaines, lanc\u00e9 le 16 d\u00e9cembre 2025, apr\u00e8s celui des mines et des ressources \u00e9nerg\u00e9tiques.<\/p>\n\n\n\n<p><strong>DKS<\/strong><\/p>\n","protected":false},"excerpt":{"rendered":"<p>Une salle d\u2019Analyse Strat\u00e9gique, \u00e9galement appel\u00e9e \u00ab salle intelligente \u00bb, \u00e9quip\u00e9e d\u2019\u00e9crans et de tableaux de bord permettant le suivi en temps r\u00e9el des performances des projets et services digitalis\u00e9s&hellip; <\/p>\n","protected":false},"author":1,"featured_media":15261,"comment_status":"open","ping_status":"closed","sticky":false,"template":"","format":"standard","meta":{"footnotes":""},"categories":[8,36],"tags":[569,58,1230,39,829],"class_list":["post-15260","post","type-post","status-publish","format-standard","has-post-thumbnail","hentry","category-economie","category-tech","tag-agence-togo-digital","tag-digitalisation","tag-salle-intelligente","tag-togo","tag-tourisme"],"yoast_head":"<!-- This site is optimized with the Yoast SEO plugin v26.4 - https:\/\/yoast.com\/wordpress\/plugins\/seo\/ -->\n<title>Togo\u00a0: Le minist\u00e8re du Tourisme dot\u00e9 d\u2019une \u00ab salle intelligente \u00bb pour des analyses strat\u00e9giques - La Voix de la Nation<\/title>\n<meta name=\"robots\" content=\"index, follow, max-snippet:-1, max-image-preview:large, max-video-preview:-1\" \/>\n<link rel=\"canonical\" href=\"https:\/\/lavoixdelanation.tg\/index.php\/2026\/01\/20\/togo-le-ministere-du-tourisme-dote-dune-salle-intelligente-pour-des-analyses-strategiques\/\" \/>\n<meta property=\"og:locale\" content=\"fr_FR\" \/>\n<meta property=\"og:type\" content=\"article\" \/>\n<meta property=\"og:title\" content=\"Togo\u00a0: Le minist\u00e8re du Tourisme dot\u00e9 d\u2019une \u00ab salle intelligente \u00bb pour des analyses strat\u00e9giques - La Voix de la Nation\" \/>\n<meta property=\"og:description\" content=\"Une salle d\u2019Analyse Strat\u00e9gique, \u00e9galement appel\u00e9e \u00ab salle intelligente \u00bb, \u00e9quip\u00e9e d\u2019\u00e9crans et de tableaux de bord permettant le suivi en temps r\u00e9el des performances des projets et services digitalis\u00e9s&hellip;\" \/>\n<meta property=\"og:url\" content=\"https:\/\/lavoixdelanation.tg\/index.php\/2026\/01\/20\/togo-le-ministere-du-tourisme-dote-dune-salle-intelligente-pour-des-analyses-strategiques\/\" \/>\n<meta property=\"og:site_name\" content=\"La Voix de la Nation\" \/>\n<meta property=\"article:publisher\" content=\"https:\/\/www.facebook.com\/lavoixdelanation\" \/>\n<meta property=\"article:published_time\" content=\"2026-01-20T08:18:24+00:00\" \/>\n<meta property=\"og:image\" content=\"https:\/\/lavoixdelanation.tg\/wp-content\/uploads\/2026\/01\/Digitalisation-du-ministere-du-Tourisme-au-Togo.jpg\" \/>\n\t<meta property=\"og:image:width\" content=\"900\" \/>\n\t<meta property=\"og:image:height\" content=\"565\" \/>\n\t<meta property=\"og:image:type\" content=\"image\/jpeg\" \/>\n<meta name=\"author\" content=\"La voix de la nation\" \/>\n<meta name=\"twitter:card\" content=\"summary_large_image\" \/>\n<meta name=\"twitter:label1\" content=\"\u00c9crit par\" \/>\n\t<meta name=\"twitter:data1\" content=\"La voix de la nation\" \/>\n\t<meta name=\"twitter:label2\" content=\"Dur\u00e9e de lecture estim\u00e9e\" \/>\n\t<meta name=\"twitter:data2\" content=\"2 minutes\" \/>\n<script type=\"application\/ld+json\" class=\"yoast-schema-graph\">{\"@context\":\"https:\/\/schema.org\",\"@graph\":[{\"@type\":\"Article\",\"@id\":\"https:\/\/lavoixdelanation.tg\/index.php\/2026\/01\/20\/togo-le-ministere-du-tourisme-dote-dune-salle-intelligente-pour-des-analyses-strategiques\/#article\",\"isPartOf\":{\"@id\":\"https:\/\/lavoixdelanation.tg\/index.php\/2026\/01\/20\/togo-le-ministere-du-tourisme-dote-dune-salle-intelligente-pour-des-analyses-strategiques\/\"},\"author\":{\"name\":\"La voix de la nation\",\"@id\":\"https:\/\/lavoixdelanation.tg\/#\/schema\/person\/6c489293aa38053673a9e554acb6e224\"},\"headline\":\"Togo\u00a0: Le minist\u00e8re du Tourisme dot\u00e9 d\u2019une \u00ab salle intelligente \u00bb pour des analyses strat\u00e9giques\",\"datePublished\":\"2026-01-20T08:18:24+00:00\",\"mainEntityOfPage\":{\"@id\":\"https:\/\/lavoixdelanation.tg\/index.php\/2026\/01\/20\/togo-le-ministere-du-tourisme-dote-dune-salle-intelligente-pour-des-analyses-strategiques\/\"},\"wordCount\":360,\"commentCount\":0,\"publisher\":{\"@id\":\"https:\/\/lavoixdelanation.tg\/#organization\"},\"image\":{\"@id\":\"https:\/\/lavoixdelanation.tg\/index.php\/2026\/01\/20\/togo-le-ministere-du-tourisme-dote-dune-salle-intelligente-pour-des-analyses-strategiques\/#primaryimage\"},\"thumbnailUrl\":\"https:\/\/lavoixdelanation.tg\/wp-content\/uploads\/2026\/01\/Digitalisation-du-ministere-du-Tourisme-au-Togo.jpg\",\"keywords\":[\"Agence Togo Digital\",\"Digitalisation\",\"salle intelligente\",\"Togo\",\"Tourisme\"],\"articleSection\":[\"Economie\",\"Tech\"],\"inLanguage\":\"fr-FR\",\"potentialAction\":[{\"@type\":\"CommentAction\",\"name\":\"Comment\",\"target\":[\"https:\/\/lavoixdelanation.tg\/index.php\/2026\/01\/20\/togo-le-ministere-du-tourisme-dote-dune-salle-intelligente-pour-des-analyses-strategiques\/#respond\"]}]},{\"@type\":\"WebPage\",\"@id\":\"https:\/\/lavoixdelanation.tg\/index.php\/2026\/01\/20\/togo-le-ministere-du-tourisme-dote-dune-salle-intelligente-pour-des-analyses-strategiques\/\",\"url\":\"https:\/\/lavoixdelanation.tg\/index.php\/2026\/01\/20\/togo-le-ministere-du-tourisme-dote-dune-salle-intelligente-pour-des-analyses-strategiques\/\",\"name\":\"Togo\u00a0: Le minist\u00e8re du Tourisme dot\u00e9 d\u2019une \u00ab salle intelligente \u00bb pour des analyses strat\u00e9giques - La Voix de la Nation\",\"isPartOf\":{\"@id\":\"https:\/\/lavoixdelanation.tg\/#website\"},\"primaryImageOfPage\":{\"@id\":\"https:\/\/lavoixdelanation.tg\/index.php\/2026\/01\/20\/togo-le-ministere-du-tourisme-dote-dune-salle-intelligente-pour-des-analyses-strategiques\/#primaryimage\"},\"image\":{\"@id\":\"https:\/\/lavoixdelanation.tg\/index.php\/2026\/01\/20\/togo-le-ministere-du-tourisme-dote-dune-salle-intelligente-pour-des-analyses-strategiques\/#primaryimage\"},\"thumbnailUrl\":\"https:\/\/lavoixdelanation.tg\/wp-content\/uploads\/2026\/01\/Digitalisation-du-ministere-du-Tourisme-au-Togo.jpg\",\"datePublished\":\"2026-01-20T08:18:24+00:00\",\"breadcrumb\":{\"@id\":\"https:\/\/lavoixdelanation.tg\/index.php\/2026\/01\/20\/togo-le-ministere-du-tourisme-dote-dune-salle-intelligente-pour-des-analyses-strategiques\/#breadcrumb\"},\"inLanguage\":\"fr-FR\",\"potentialAction\":[{\"@type\":\"ReadAction\",\"target\":[\"https:\/\/lavoixdelanation.tg\/index.php\/2026\/01\/20\/togo-le-ministere-du-tourisme-dote-dune-salle-intelligente-pour-des-analyses-strategiques\/\"]}]},{\"@type\":\"ImageObject\",\"inLanguage\":\"fr-FR\",\"@id\":\"https:\/\/lavoixdelanation.tg\/index.php\/2026\/01\/20\/togo-le-ministere-du-tourisme-dote-dune-salle-intelligente-pour-des-analyses-strategiques\/#primaryimage\",\"url\":\"https:\/\/lavoixdelanation.tg\/wp-content\/uploads\/2026\/01\/Digitalisation-du-ministere-du-Tourisme-au-Togo.jpg\",\"contentUrl\":\"https:\/\/lavoixdelanation.tg\/wp-content\/uploads\/2026\/01\/Digitalisation-du-ministere-du-Tourisme-au-Togo.jpg\",\"width\":900,\"height\":565},{\"@type\":\"BreadcrumbList\",\"@id\":\"https:\/\/lavoixdelanation.tg\/index.php\/2026\/01\/20\/togo-le-ministere-du-tourisme-dote-dune-salle-intelligente-pour-des-analyses-strategiques\/#breadcrumb\",\"itemListElement\":[{\"@type\":\"ListItem\",\"position\":1,\"name\":\"Accueil\",\"item\":\"https:\/\/lavoixdelanation.tg\/\"},{\"@type\":\"ListItem\",\"position\":2,\"name\":\"Togo\u00a0: Le minist\u00e8re du Tourisme dot\u00e9 d\u2019une \u00ab salle intelligente \u00bb pour des analyses strat\u00e9giques\"}]},{\"@type\":\"WebSite\",\"@id\":\"https:\/\/lavoixdelanation.tg\/#website\",\"url\":\"https:\/\/lavoixdelanation.tg\/\",\"name\":\"La Voix de la Nation\",\"description\":\"R\u00e9c\u00e9piss\u00e9 n\u00b00108\/HAAC\/01-2024\/pl\/P\",\"publisher\":{\"@id\":\"https:\/\/lavoixdelanation.tg\/#organization\"},\"alternateName\":\"VON\",\"potentialAction\":[{\"@type\":\"SearchAction\",\"target\":{\"@type\":\"EntryPoint\",\"urlTemplate\":\"https:\/\/lavoixdelanation.tg\/?s={search_term_string}\"},\"query-input\":{\"@type\":\"PropertyValueSpecification\",\"valueRequired\":true,\"valueName\":\"search_term_string\"}}],\"inLanguage\":\"fr-FR\"},{\"@type\":\"Organization\",\"@id\":\"https:\/\/lavoixdelanation.tg\/#organization\",\"name\":\"La Voix de la Nation\",\"url\":\"https:\/\/lavoixdelanation.tg\/\",\"logo\":{\"@type\":\"ImageObject\",\"inLanguage\":\"fr-FR\",\"@id\":\"https:\/\/lavoixdelanation.tg\/#\/schema\/logo\/image\/\",\"url\":\"https:\/\/lavoixdelanation.tg\/wp-content\/uploads\/2024\/12\/lavn-1.png\",\"contentUrl\":\"https:\/\/lavoixdelanation.tg\/wp-content\/uploads\/2024\/12\/lavn-1.png\",\"width\":1024,\"height\":464,\"caption\":\"La Voix de la Nation\"},\"image\":{\"@id\":\"https:\/\/lavoixdelanation.tg\/#\/schema\/logo\/image\/\"},\"sameAs\":[\"https:\/\/www.facebook.com\/lavoixdelanation\"]},{\"@type\":\"Person\",\"@id\":\"https:\/\/lavoixdelanation.tg\/#\/schema\/person\/6c489293aa38053673a9e554acb6e224\",\"name\":\"La voix de la nation\",\"image\":{\"@type\":\"ImageObject\",\"inLanguage\":\"fr-FR\",\"@id\":\"https:\/\/lavoixdelanation.tg\/#\/schema\/person\/image\/\",\"url\":\"https:\/\/secure.gravatar.com\/avatar\/8aa135d4bbc794494cecaa8d483f6d6cc1023624868deaff686baed5e727a5a1?s=96&d=mm&r=g\",\"contentUrl\":\"https:\/\/secure.gravatar.com\/avatar\/8aa135d4bbc794494cecaa8d483f6d6cc1023624868deaff686baed5e727a5a1?s=96&d=mm&r=g\",\"caption\":\"La voix de la nation\"},\"sameAs\":[\"https:\/\/lavoixdelanation.tg\"],\"url\":\"https:\/\/lavoixdelanation.tg\/index.php\/author\/lavn\/\"}]}<\/script>\n<!-- \/ Yoast SEO plugin. -->","yoast_head_json":{"title":"Togo\u00a0: Le minist\u00e8re du Tourisme dot\u00e9 d\u2019une \u00ab salle intelligente \u00bb pour des analyses strat\u00e9giques - La Voix de la Nation","robots":{"index":"index","follow":"follow","max-snippet":"max-snippet:-1","max-image-preview":"max-image-preview:large","max-video-preview":"max-video-preview:-1"},"canonical":"https:\/\/lavoixdelanation.tg\/index.php\/2026\/01\/20\/togo-le-ministere-du-tourisme-dote-dune-salle-intelligente-pour-des-analyses-strategiques\/","og_locale":"fr_FR","og_type":"article","og_title":"Togo\u00a0: Le minist\u00e8re du Tourisme dot\u00e9 d\u2019une \u00ab salle intelligente \u00bb pour des analyses strat\u00e9giques - La Voix de la Nation","og_description":"Une salle d\u2019Analyse Strat\u00e9gique, \u00e9galement appel\u00e9e \u00ab salle intelligente \u00bb, \u00e9quip\u00e9e d\u2019\u00e9crans et de tableaux de bord permettant le suivi en temps r\u00e9el des performances des projets et services digitalis\u00e9s&hellip;","og_url":"https:\/\/lavoixdelanation.tg\/index.php\/2026\/01\/20\/togo-le-ministere-du-tourisme-dote-dune-salle-intelligente-pour-des-analyses-strategiques\/","og_site_name":"La Voix de la Nation","article_publisher":"https:\/\/www.facebook.com\/lavoixdelanation","article_published_time":"2026-01-20T08:18:24+00:00","og_image":[{"width":900,"height":565,"url":"https:\/\/lavoixdelanation.tg\/wp-content\/uploads\/2026\/01\/Digitalisation-du-ministere-du-Tourisme-au-Togo.jpg","type":"image\/jpeg"}],"author":"La voix de la nation","twitter_card":"summary_large_image","twitter_misc":{"\u00c9crit par":"La voix de la nation","Dur\u00e9e de lecture estim\u00e9e":"2 minutes"},"schema":{"@context":"https:\/\/schema.org","@graph":[{"@type":"Article","@id":"https:\/\/lavoixdelanation.tg\/index.php\/2026\/01\/20\/togo-le-ministere-du-tourisme-dote-dune-salle-intelligente-pour-des-analyses-strategiques\/#article","isPartOf":{"@id":"https:\/\/lavoixdelanation.tg\/index.php\/2026\/01\/20\/togo-le-ministere-du-tourisme-dote-dune-salle-intelligente-pour-des-analyses-strategiques\/"},"author":{"name":"La voix de la nation","@id":"https:\/\/lavoixdelanation.tg\/#\/schema\/person\/6c489293aa38053673a9e554acb6e224"},"headline":"Togo\u00a0: Le minist\u00e8re du Tourisme dot\u00e9 d\u2019une \u00ab salle intelligente \u00bb pour des analyses strat\u00e9giques","datePublished":"2026-01-20T08:18:24+00:00","mainEntityOfPage":{"@id":"https:\/\/lavoixdelanation.tg\/index.php\/2026\/01\/20\/togo-le-ministere-du-tourisme-dote-dune-salle-intelligente-pour-des-analyses-strategiques\/"},"wordCount":360,"commentCount":0,"publisher":{"@id":"https:\/\/lavoixdelanation.tg\/#organization"},"image":{"@id":"https:\/\/lavoixdelanation.tg\/index.php\/2026\/01\/20\/togo-le-ministere-du-tourisme-dote-dune-salle-intelligente-pour-des-analyses-strategiques\/#primaryimage"},"thumbnailUrl":"https:\/\/lavoixdelanation.tg\/wp-content\/uploads\/2026\/01\/Digitalisation-du-ministere-du-Tourisme-au-Togo.jpg","keywords":["Agence Togo Digital","Digitalisation","salle intelligente","Togo","Tourisme"],"articleSection":["Economie","Tech"],"inLanguage":"fr-FR","potentialAction":[{"@type":"CommentAction","name":"Comment","target":["https:\/\/lavoixdelanation.tg\/index.php\/2026\/01\/20\/togo-le-ministere-du-tourisme-dote-dune-salle-intelligente-pour-des-analyses-strategiques\/#respond"]}]},{"@type":"WebPage","@id":"https:\/\/lavoixdelanation.tg\/index.php\/2026\/01\/20\/togo-le-ministere-du-tourisme-dote-dune-salle-intelligente-pour-des-analyses-strategiques\/","url":"https:\/\/lavoixdelanation.tg\/index.php\/2026\/01\/20\/togo-le-ministere-du-tourisme-dote-dune-salle-intelligente-pour-des-analyses-strategiques\/","name":"Togo\u00a0: Le minist\u00e8re du Tourisme dot\u00e9 d\u2019une \u00ab salle intelligente \u00bb pour des analyses strat\u00e9giques - La Voix de la Nation","isPartOf":{"@id":"https:\/\/lavoixdelanation.tg\/#website"},"primaryImageOfPage":{"@id":"https:\/\/lavoixdelanation.tg\/index.php\/2026\/01\/20\/togo-le-ministere-du-tourisme-dote-dune-salle-intelligente-pour-des-analyses-strategiques\/#primaryimage"},"image":{"@id":"https:\/\/lavoixdelanation.tg\/index.php\/2026\/01\/20\/togo-le-ministere-du-tourisme-dote-dune-salle-intelligente-pour-des-analyses-strategiques\/#primaryimage"},"thumbnailUrl":"https:\/\/lavoixdelanation.tg\/wp-content\/uploads\/2026\/01\/Digitalisation-du-ministere-du-Tourisme-au-Togo.jpg","datePublished":"2026-01-20T08:18:24+00:00","breadcrumb":{"@id":"https:\/\/lavoixdelanation.tg\/index.php\/2026\/01\/20\/togo-le-ministere-du-tourisme-dote-dune-salle-intelligente-pour-des-analyses-strategiques\/#breadcrumb"},"inLanguage":"fr-FR","potentialAction":[{"@type":"ReadAction","target":["https:\/\/lavoixdelanation.tg\/index.php\/2026\/01\/20\/togo-le-ministere-du-tourisme-dote-dune-salle-intelligente-pour-des-analyses-strategiques\/"]}]},{"@type":"ImageObject","inLanguage":"fr-FR","@id":"https:\/\/lavoixdelanation.tg\/index.php\/2026\/01\/20\/togo-le-ministere-du-tourisme-dote-dune-salle-intelligente-pour-des-analyses-strategiques\/#primaryimage","url":"https:\/\/lavoixdelanation.tg\/wp-content\/uploads\/2026\/01\/Digitalisation-du-ministere-du-Tourisme-au-Togo.jpg","contentUrl":"https:\/\/lavoixdelanation.tg\/wp-content\/uploads\/2026\/01\/Digitalisation-du-ministere-du-Tourisme-au-Togo.jpg","width":900,"height":565},{"@type":"BreadcrumbList","@id":"https:\/\/lavoixdelanation.tg\/index.php\/2026\/01\/20\/togo-le-ministere-du-tourisme-dote-dune-salle-intelligente-pour-des-analyses-strategiques\/#breadcrumb","itemListElement":[{"@type":"ListItem","position":1,"name":"Accueil","item":"https:\/\/lavoixdelanation.tg\/"},{"@type":"ListItem","position":2,"name":"Togo\u00a0: Le minist\u00e8re du Tourisme dot\u00e9 d\u2019une \u00ab salle intelligente \u00bb pour des analyses strat\u00e9giques"}]},{"@type":"WebSite","@id":"https:\/\/lavoixdelanation.tg\/#website","url":"https:\/\/lavoixdelanation.tg\/","name":"La Voix de la Nation","description":"R\u00e9c\u00e9piss\u00e9 n\u00b00108\/HAAC\/01-2024\/pl\/P","publisher":{"@id":"https:\/\/lavoixdelanation.tg\/#organization"},"alternateName":"VON","potentialAction":[{"@type":"SearchAction","target":{"@type":"EntryPoint","urlTemplate":"https:\/\/lavoixdelanation.tg\/?s={search_term_string}"},"query-input":{"@type":"PropertyValueSpecification","valueRequired":true,"valueName":"search_term_string"}}],"inLanguage":"fr-FR"},{"@type":"Organization","@id":"https:\/\/lavoixdelanation.tg\/#organization","name":"La Voix de la Nation","url":"https:\/\/lavoixdelanation.tg\/","logo":{"@type":"ImageObject","inLanguage":"fr-FR","@id":"https:\/\/lavoixdelanation.tg\/#\/schema\/logo\/image\/","url":"https:\/\/lavoixdelanation.tg\/wp-content\/uploads\/2024\/12\/lavn-1.png","contentUrl":"https:\/\/lavoixdelanation.tg\/wp-content\/uploads\/2024\/12\/lavn-1.png","width":1024,"height":464,"caption":"La Voix de la Nation"},"image":{"@id":"https:\/\/lavoixdelanation.tg\/#\/schema\/logo\/image\/"},"sameAs":["https:\/\/www.facebook.com\/lavoixdelanation"]},{"@type":"Person","@id":"https:\/\/lavoixdelanation.tg\/#\/schema\/person\/6c489293aa38053673a9e554acb6e224","name":"La voix de la nation","image":{"@type":"ImageObject","inLanguage":"fr-FR","@id":"https:\/\/lavoixdelanation.tg\/#\/schema\/person\/image\/","url":"https:\/\/secure.gravatar.com\/avatar\/8aa135d4bbc794494cecaa8d483f6d6cc1023624868deaff686baed5e727a5a1?s=96&d=mm&r=g","contentUrl":"https:\/\/secure.gravatar.com\/avatar\/8aa135d4bbc794494cecaa8d483f6d6cc1023624868deaff686baed5e727a5a1?s=96&d=mm&r=g","caption":"La voix de la nation"},"sameAs":["https:\/\/lavoixdelanation.tg"],"url":"https:\/\/lavoixdelanation.tg\/index.php\/author\/lavn\/"}]}},"_links":{"self":[{"href":"https:\/\/lavoixdelanation.tg\/index.php\/wp-json\/wp\/v2\/posts\/15260","targetHints":{"allow":["GET"]}}],"collection":[{"href":"https:\/\/lavoixdelanation.tg\/index.php\/wp-json\/wp\/v2\/posts"}],"about":[{"href":"https:\/\/lavoixdelanation.tg\/index.php\/wp-json\/wp\/v2\/types\/post"}],"author":[{"embeddable":true,"href":"https:\/\/lavoixdelanation.tg\/index.php\/wp-json\/wp\/v2\/users\/1"}],"replies":[{"embeddable":true,"href":"https:\/\/lavoixdelanation.tg\/index.php\/wp-json\/wp\/v2\/comments?post=15260"}],"version-history":[{"count":1,"href":"https:\/\/lavoixdelanation.tg\/index.php\/wp-json\/wp\/v2\/posts\/15260\/revisions"}],"predecessor-version":[{"id":15263,"href":"https:\/\/lavoixdelanation.tg\/index.php\/wp-json\/wp\/v2\/posts\/15260\/revisions\/15263"}],"wp:featuredmedia":[{"embeddable":true,"href":"https:\/\/lavoixdelanation.tg\/index.php\/wp-json\/wp\/v2\/media\/15261"}],"wp:attachment":[{"href":"https:\/\/lavoixdelanation.tg\/index.php\/wp-json\/wp\/v2\/media?parent=15260"}],"wp:term":[{"taxonomy":"category","embeddable":true,"href":"https:\/\/lavoixdelanation.tg\/index.php\/wp-json\/wp\/v2\/categories?post=15260"},{"taxonomy":"post_tag","embeddable":true,"href":"https:\/\/lavoixdelanation.tg\/index.php\/wp-json\/wp\/v2\/tags?post=15260"}],"curies":[{"name":"wp","href":"https:\/\/api.w.org\/{rel}","templated":true}]}}