{"id":15254,"date":"2026-01-19T08:16:02","date_gmt":"2026-01-19T07:16:02","guid":{"rendered":"https:\/\/lavoixdelanation.tg\/?p=15254"},"modified":"2026-01-19T08:16:03","modified_gmt":"2026-01-19T07:16:03","slug":"cooperation-accord-dexemption-de-visa-entre-le-togo-et-le-rwanda","status":"publish","type":"post","link":"https:\/\/lavoixdelanation.tg\/index.php\/2026\/01\/19\/cooperation-accord-dexemption-de-visa-entre-le-togo-et-le-rwanda\/","title":{"rendered":"Coop\u00e9ration\u00a0: Accord d\u2019exemption de visa entre le Togo et le Rwanda"},"content":{"rendered":"\n<p>Le Togo et le Rwanda ont sign\u00e9 le 17 Janvier 2026 \u00e0 Lom\u00e9, un accord d\u2019exemption de visa pour toutes les cat\u00e9gories de passeports. Les documents ont \u00e9t\u00e9 paraph\u00e9s par le Ministre togolais des Affaires \u00e9trang\u00e8res Pr Robert Dussey, et son homologue rwandais Olivier Nduhungirehe.<\/p>\n\n\n\n<p>L\u2019accord est intervenu en marge des travaux de la r\u00e9union de haut niveau sur la coh\u00e9rence et la consolidation du processus de paix en R\u00e9publique D\u00e9mocratique du Congo (RDC) et dans la r\u00e9gion des Grands Lacs.<\/p>\n\n\n\n<p>Les informations font \u00e9tat de ce que cet accord s\u2019inscrit dans le cadre d\u2019une exemption r\u00e9ciproque, car il permet notamment aux citoyens rwandais et togolais de voyager entre les deux pays sans visa.<\/p>\n\n\n\n<p>Il s\u2019agit de promouvoir la libre circulation des personnes, dynamiser les \u00e9changes \u00e9conomiques, renforcer les relations diplomatiques et encourager les rapprochements culturels entre Lom\u00e9 et Kigali.<\/p>\n\n\n\n<p>L\u2019accord traduit en outre une volont\u00e9 politique claire de b\u00e2tir une coop\u00e9ration plus fluide et plus ambitieuse. Il s\u2019inscrit \u00e9galement dans la vision continentale port\u00e9e par l\u2019Union africaine en faveur de l\u2019int\u00e9gration et de la mobilit\u00e9 intra-africaine.<\/p>\n\n\n\n<p>Il faut souligner que le Togo et le Rwanda entretiennent de tr\u00e8s bonnes relations de coop\u00e9ration. En janvier 2025, le Pr\u00e9sident du Conseil du Togo Faure Gnassingb\u00e9 avait effectu\u00e9 une visite officielle au Rwanda avec l\u2019objectif de promouvoir davantage les relations bilat\u00e9rales, acc\u00e9l\u00e9rer la mise en \u0153uvre des accords de partenariat et explorer de nouveaux domaines de coop\u00e9ration.<\/p>\n\n\n\n<p><strong>Cris DADA<\/strong><\/p>\n","protected":false},"excerpt":{"rendered":"<p>Le Togo et le Rwanda ont sign\u00e9 le 17 Janvier 2026 \u00e0 Lom\u00e9, un accord d\u2019exemption de visa pour toutes les cat\u00e9gories de passeports. Les documents ont \u00e9t\u00e9 paraph\u00e9s par&hellip; <\/p>\n","protected":false},"author":1,"featured_media":15255,"comment_status":"open","ping_status":"closed","sticky":false,"template":"","format":"standard","meta":{"footnotes":""},"categories":[12],"tags":[1228,95,39],"class_list":["post-15254","post","type-post","status-publish","format-standard","has-post-thumbnail","hentry","category-diplomatie","tag-exemption-de-visa","tag-rwanda","tag-togo"],"yoast_head":"<!-- This site is optimized with the Yoast SEO plugin v26.4 - https:\/\/yoast.com\/wordpress\/plugins\/seo\/ -->\n<title>Coop\u00e9ration\u00a0: Accord d\u2019exemption de visa entre le Togo et le Rwanda - La Voix de la Nation<\/title>\n<meta name=\"robots\" content=\"index, follow, max-snippet:-1, max-image-preview:large, max-video-preview:-1\" \/>\n<link rel=\"canonical\" href=\"https:\/\/lavoixdelanation.tg\/index.php\/2026\/01\/19\/cooperation-accord-dexemption-de-visa-entre-le-togo-et-le-rwanda\/\" \/>\n<meta property=\"og:locale\" content=\"fr_FR\" \/>\n<meta property=\"og:type\" content=\"article\" \/>\n<meta property=\"og:title\" content=\"Coop\u00e9ration\u00a0: Accord d\u2019exemption de visa entre le Togo et le Rwanda - La Voix de la Nation\" \/>\n<meta property=\"og:description\" content=\"Le Togo et le Rwanda ont sign\u00e9 le 17 Janvier 2026 \u00e0 Lom\u00e9, un accord d\u2019exemption de visa pour toutes les cat\u00e9gories de passeports. Les documents ont \u00e9t\u00e9 paraph\u00e9s par&hellip;\" \/>\n<meta property=\"og:url\" content=\"https:\/\/lavoixdelanation.tg\/index.php\/2026\/01\/19\/cooperation-accord-dexemption-de-visa-entre-le-togo-et-le-rwanda\/\" \/>\n<meta property=\"og:site_name\" content=\"La Voix de la Nation\" \/>\n<meta property=\"article:publisher\" content=\"https:\/\/www.facebook.com\/lavoixdelanation\" \/>\n<meta property=\"article:published_time\" content=\"2026-01-19T07:16:02+00:00\" \/>\n<meta property=\"article:modified_time\" content=\"2026-01-19T07:16:03+00:00\" \/>\n<meta property=\"og:image\" content=\"https:\/\/lavoixdelanation.tg\/wp-content\/uploads\/2026\/01\/Accord-dexemption-de-visa-entre-le-Togo-et-le-Rwanda.jpg\" \/>\n\t<meta property=\"og:image:width\" content=\"700\" \/>\n\t<meta property=\"og:image:height\" content=\"497\" \/>\n\t<meta property=\"og:image:type\" content=\"image\/jpeg\" \/>\n<meta name=\"author\" content=\"La voix de la nation\" \/>\n<meta name=\"twitter:card\" content=\"summary_large_image\" \/>\n<meta name=\"twitter:label1\" content=\"\u00c9crit par\" \/>\n\t<meta name=\"twitter:data1\" content=\"La voix de la nation\" \/>\n\t<meta name=\"twitter:label2\" content=\"Dur\u00e9e de lecture estim\u00e9e\" \/>\n\t<meta name=\"twitter:data2\" content=\"2 minutes\" \/>\n<script type=\"application\/ld+json\" class=\"yoast-schema-graph\">{\"@context\":\"https:\/\/schema.org\",\"@graph\":[{\"@type\":\"Article\",\"@id\":\"https:\/\/lavoixdelanation.tg\/index.php\/2026\/01\/19\/cooperation-accord-dexemption-de-visa-entre-le-togo-et-le-rwanda\/#article\",\"isPartOf\":{\"@id\":\"https:\/\/lavoixdelanation.tg\/index.php\/2026\/01\/19\/cooperation-accord-dexemption-de-visa-entre-le-togo-et-le-rwanda\/\"},\"author\":{\"name\":\"La voix de la nation\",\"@id\":\"https:\/\/lavoixdelanation.tg\/#\/schema\/person\/6c489293aa38053673a9e554acb6e224\"},\"headline\":\"Coop\u00e9ration\u00a0: Accord d\u2019exemption de visa entre le Togo et le Rwanda\",\"datePublished\":\"2026-01-19T07:16:02+00:00\",\"dateModified\":\"2026-01-19T07:16:03+00:00\",\"mainEntityOfPage\":{\"@id\":\"https:\/\/lavoixdelanation.tg\/index.php\/2026\/01\/19\/cooperation-accord-dexemption-de-visa-entre-le-togo-et-le-rwanda\/\"},\"wordCount\":276,\"commentCount\":0,\"publisher\":{\"@id\":\"https:\/\/lavoixdelanation.tg\/#organization\"},\"image\":{\"@id\":\"https:\/\/lavoixdelanation.tg\/index.php\/2026\/01\/19\/cooperation-accord-dexemption-de-visa-entre-le-togo-et-le-rwanda\/#primaryimage\"},\"thumbnailUrl\":\"https:\/\/lavoixdelanation.tg\/wp-content\/uploads\/2026\/01\/Accord-dexemption-de-visa-entre-le-Togo-et-le-Rwanda.jpg\",\"keywords\":[\"exemption de visa\",\"Rwanda\",\"Togo\"],\"articleSection\":[\"Diplomatie\"],\"inLanguage\":\"fr-FR\",\"potentialAction\":[{\"@type\":\"CommentAction\",\"name\":\"Comment\",\"target\":[\"https:\/\/lavoixdelanation.tg\/index.php\/2026\/01\/19\/cooperation-accord-dexemption-de-visa-entre-le-togo-et-le-rwanda\/#respond\"]}]},{\"@type\":\"WebPage\",\"@id\":\"https:\/\/lavoixdelanation.tg\/index.php\/2026\/01\/19\/cooperation-accord-dexemption-de-visa-entre-le-togo-et-le-rwanda\/\",\"url\":\"https:\/\/lavoixdelanation.tg\/index.php\/2026\/01\/19\/cooperation-accord-dexemption-de-visa-entre-le-togo-et-le-rwanda\/\",\"name\":\"Coop\u00e9ration\u00a0: Accord d\u2019exemption de visa entre le Togo et le Rwanda - La Voix de la Nation\",\"isPartOf\":{\"@id\":\"https:\/\/lavoixdelanation.tg\/#website\"},\"primaryImageOfPage\":{\"@id\":\"https:\/\/lavoixdelanation.tg\/index.php\/2026\/01\/19\/cooperation-accord-dexemption-de-visa-entre-le-togo-et-le-rwanda\/#primaryimage\"},\"image\":{\"@id\":\"https:\/\/lavoixdelanation.tg\/index.php\/2026\/01\/19\/cooperation-accord-dexemption-de-visa-entre-le-togo-et-le-rwanda\/#primaryimage\"},\"thumbnailUrl\":\"https:\/\/lavoixdelanation.tg\/wp-content\/uploads\/2026\/01\/Accord-dexemption-de-visa-entre-le-Togo-et-le-Rwanda.jpg\",\"datePublished\":\"2026-01-19T07:16:02+00:00\",\"dateModified\":\"2026-01-19T07:16:03+00:00\",\"breadcrumb\":{\"@id\":\"https:\/\/lavoixdelanation.tg\/index.php\/2026\/01\/19\/cooperation-accord-dexemption-de-visa-entre-le-togo-et-le-rwanda\/#breadcrumb\"},\"inLanguage\":\"fr-FR\",\"potentialAction\":[{\"@type\":\"ReadAction\",\"target\":[\"https:\/\/lavoixdelanation.tg\/index.php\/2026\/01\/19\/cooperation-accord-dexemption-de-visa-entre-le-togo-et-le-rwanda\/\"]}]},{\"@type\":\"ImageObject\",\"inLanguage\":\"fr-FR\",\"@id\":\"https:\/\/lavoixdelanation.tg\/index.php\/2026\/01\/19\/cooperation-accord-dexemption-de-visa-entre-le-togo-et-le-rwanda\/#primaryimage\",\"url\":\"https:\/\/lavoixdelanation.tg\/wp-content\/uploads\/2026\/01\/Accord-dexemption-de-visa-entre-le-Togo-et-le-Rwanda.jpg\",\"contentUrl\":\"https:\/\/lavoixdelanation.tg\/wp-content\/uploads\/2026\/01\/Accord-dexemption-de-visa-entre-le-Togo-et-le-Rwanda.jpg\",\"width\":700,\"height\":497,\"caption\":\"Pr Robert Dussey, et son homologue rwandais Olivier Nduhungirehe\"},{\"@type\":\"BreadcrumbList\",\"@id\":\"https:\/\/lavoixdelanation.tg\/index.php\/2026\/01\/19\/cooperation-accord-dexemption-de-visa-entre-le-togo-et-le-rwanda\/#breadcrumb\",\"itemListElement\":[{\"@type\":\"ListItem\",\"position\":1,\"name\":\"Accueil\",\"item\":\"https:\/\/lavoixdelanation.tg\/\"},{\"@type\":\"ListItem\",\"position\":2,\"name\":\"Coop\u00e9ration\u00a0: Accord d\u2019exemption de visa entre le Togo et le Rwanda\"}]},{\"@type\":\"WebSite\",\"@id\":\"https:\/\/lavoixdelanation.tg\/#website\",\"url\":\"https:\/\/lavoixdelanation.tg\/\",\"name\":\"La Voix de la Nation\",\"description\":\"R\u00e9c\u00e9piss\u00e9 n\u00b00108\/HAAC\/01-2024\/pl\/P\",\"publisher\":{\"@id\":\"https:\/\/lavoixdelanation.tg\/#organization\"},\"alternateName\":\"VON\",\"potentialAction\":[{\"@type\":\"SearchAction\",\"target\":{\"@type\":\"EntryPoint\",\"urlTemplate\":\"https:\/\/lavoixdelanation.tg\/?s={search_term_string}\"},\"query-input\":{\"@type\":\"PropertyValueSpecification\",\"valueRequired\":true,\"valueName\":\"search_term_string\"}}],\"inLanguage\":\"fr-FR\"},{\"@type\":\"Organization\",\"@id\":\"https:\/\/lavoixdelanation.tg\/#organization\",\"name\":\"La Voix de la Nation\",\"url\":\"https:\/\/lavoixdelanation.tg\/\",\"logo\":{\"@type\":\"ImageObject\",\"inLanguage\":\"fr-FR\",\"@id\":\"https:\/\/lavoixdelanation.tg\/#\/schema\/logo\/image\/\",\"url\":\"https:\/\/lavoixdelanation.tg\/wp-content\/uploads\/2024\/12\/lavn-1.png\",\"contentUrl\":\"https:\/\/lavoixdelanation.tg\/wp-content\/uploads\/2024\/12\/lavn-1.png\",\"width\":1024,\"height\":464,\"caption\":\"La Voix de la Nation\"},\"image\":{\"@id\":\"https:\/\/lavoixdelanation.tg\/#\/schema\/logo\/image\/\"},\"sameAs\":[\"https:\/\/www.facebook.com\/lavoixdelanation\"]},{\"@type\":\"Person\",\"@id\":\"https:\/\/lavoixdelanation.tg\/#\/schema\/person\/6c489293aa38053673a9e554acb6e224\",\"name\":\"La voix de la nation\",\"image\":{\"@type\":\"ImageObject\",\"inLanguage\":\"fr-FR\",\"@id\":\"https:\/\/lavoixdelanation.tg\/#\/schema\/person\/image\/\",\"url\":\"https:\/\/secure.gravatar.com\/avatar\/8aa135d4bbc794494cecaa8d483f6d6cc1023624868deaff686baed5e727a5a1?s=96&d=mm&r=g\",\"contentUrl\":\"https:\/\/secure.gravatar.com\/avatar\/8aa135d4bbc794494cecaa8d483f6d6cc1023624868deaff686baed5e727a5a1?s=96&d=mm&r=g\",\"caption\":\"La voix de la nation\"},\"sameAs\":[\"https:\/\/lavoixdelanation.tg\"],\"url\":\"https:\/\/lavoixdelanation.tg\/index.php\/author\/lavn\/\"}]}<\/script>\n<!-- \/ Yoast SEO plugin. -->","yoast_head_json":{"title":"Coop\u00e9ration\u00a0: Accord d\u2019exemption de visa entre le Togo et le Rwanda - La Voix de la Nation","robots":{"index":"index","follow":"follow","max-snippet":"max-snippet:-1","max-image-preview":"max-image-preview:large","max-video-preview":"max-video-preview:-1"},"canonical":"https:\/\/lavoixdelanation.tg\/index.php\/2026\/01\/19\/cooperation-accord-dexemption-de-visa-entre-le-togo-et-le-rwanda\/","og_locale":"fr_FR","og_type":"article","og_title":"Coop\u00e9ration\u00a0: Accord d\u2019exemption de visa entre le Togo et le Rwanda - La Voix de la Nation","og_description":"Le Togo et le Rwanda ont sign\u00e9 le 17 Janvier 2026 \u00e0 Lom\u00e9, un accord d\u2019exemption de visa pour toutes les cat\u00e9gories de passeports. Les documents ont \u00e9t\u00e9 paraph\u00e9s par&hellip;","og_url":"https:\/\/lavoixdelanation.tg\/index.php\/2026\/01\/19\/cooperation-accord-dexemption-de-visa-entre-le-togo-et-le-rwanda\/","og_site_name":"La Voix de la Nation","article_publisher":"https:\/\/www.facebook.com\/lavoixdelanation","article_published_time":"2026-01-19T07:16:02+00:00","article_modified_time":"2026-01-19T07:16:03+00:00","og_image":[{"width":700,"height":497,"url":"https:\/\/lavoixdelanation.tg\/wp-content\/uploads\/2026\/01\/Accord-dexemption-de-visa-entre-le-Togo-et-le-Rwanda.jpg","type":"image\/jpeg"}],"author":"La voix de la nation","twitter_card":"summary_large_image","twitter_misc":{"\u00c9crit par":"La voix de la nation","Dur\u00e9e de lecture estim\u00e9e":"2 minutes"},"schema":{"@context":"https:\/\/schema.org","@graph":[{"@type":"Article","@id":"https:\/\/lavoixdelanation.tg\/index.php\/2026\/01\/19\/cooperation-accord-dexemption-de-visa-entre-le-togo-et-le-rwanda\/#article","isPartOf":{"@id":"https:\/\/lavoixdelanation.tg\/index.php\/2026\/01\/19\/cooperation-accord-dexemption-de-visa-entre-le-togo-et-le-rwanda\/"},"author":{"name":"La voix de la nation","@id":"https:\/\/lavoixdelanation.tg\/#\/schema\/person\/6c489293aa38053673a9e554acb6e224"},"headline":"Coop\u00e9ration\u00a0: Accord d\u2019exemption de visa entre le Togo et le Rwanda","datePublished":"2026-01-19T07:16:02+00:00","dateModified":"2026-01-19T07:16:03+00:00","mainEntityOfPage":{"@id":"https:\/\/lavoixdelanation.tg\/index.php\/2026\/01\/19\/cooperation-accord-dexemption-de-visa-entre-le-togo-et-le-rwanda\/"},"wordCount":276,"commentCount":0,"publisher":{"@id":"https:\/\/lavoixdelanation.tg\/#organization"},"image":{"@id":"https:\/\/lavoixdelanation.tg\/index.php\/2026\/01\/19\/cooperation-accord-dexemption-de-visa-entre-le-togo-et-le-rwanda\/#primaryimage"},"thumbnailUrl":"https:\/\/lavoixdelanation.tg\/wp-content\/uploads\/2026\/01\/Accord-dexemption-de-visa-entre-le-Togo-et-le-Rwanda.jpg","keywords":["exemption de visa","Rwanda","Togo"],"articleSection":["Diplomatie"],"inLanguage":"fr-FR","potentialAction":[{"@type":"CommentAction","name":"Comment","target":["https:\/\/lavoixdelanation.tg\/index.php\/2026\/01\/19\/cooperation-accord-dexemption-de-visa-entre-le-togo-et-le-rwanda\/#respond"]}]},{"@type":"WebPage","@id":"https:\/\/lavoixdelanation.tg\/index.php\/2026\/01\/19\/cooperation-accord-dexemption-de-visa-entre-le-togo-et-le-rwanda\/","url":"https:\/\/lavoixdelanation.tg\/index.php\/2026\/01\/19\/cooperation-accord-dexemption-de-visa-entre-le-togo-et-le-rwanda\/","name":"Coop\u00e9ration\u00a0: Accord d\u2019exemption de visa entre le Togo et le Rwanda - La Voix de la Nation","isPartOf":{"@id":"https:\/\/lavoixdelanation.tg\/#website"},"primaryImageOfPage":{"@id":"https:\/\/lavoixdelanation.tg\/index.php\/2026\/01\/19\/cooperation-accord-dexemption-de-visa-entre-le-togo-et-le-rwanda\/#primaryimage"},"image":{"@id":"https:\/\/lavoixdelanation.tg\/index.php\/2026\/01\/19\/cooperation-accord-dexemption-de-visa-entre-le-togo-et-le-rwanda\/#primaryimage"},"thumbnailUrl":"https:\/\/lavoixdelanation.tg\/wp-content\/uploads\/2026\/01\/Accord-dexemption-de-visa-entre-le-Togo-et-le-Rwanda.jpg","datePublished":"2026-01-19T07:16:02+00:00","dateModified":"2026-01-19T07:16:03+00:00","breadcrumb":{"@id":"https:\/\/lavoixdelanation.tg\/index.php\/2026\/01\/19\/cooperation-accord-dexemption-de-visa-entre-le-togo-et-le-rwanda\/#breadcrumb"},"inLanguage":"fr-FR","potentialAction":[{"@type":"ReadAction","target":["https:\/\/lavoixdelanation.tg\/index.php\/2026\/01\/19\/cooperation-accord-dexemption-de-visa-entre-le-togo-et-le-rwanda\/"]}]},{"@type":"ImageObject","inLanguage":"fr-FR","@id":"https:\/\/lavoixdelanation.tg\/index.php\/2026\/01\/19\/cooperation-accord-dexemption-de-visa-entre-le-togo-et-le-rwanda\/#primaryimage","url":"https:\/\/lavoixdelanation.tg\/wp-content\/uploads\/2026\/01\/Accord-dexemption-de-visa-entre-le-Togo-et-le-Rwanda.jpg","contentUrl":"https:\/\/lavoixdelanation.tg\/wp-content\/uploads\/2026\/01\/Accord-dexemption-de-visa-entre-le-Togo-et-le-Rwanda.jpg","width":700,"height":497,"caption":"Pr Robert Dussey, et son homologue rwandais Olivier Nduhungirehe"},{"@type":"BreadcrumbList","@id":"https:\/\/lavoixdelanation.tg\/index.php\/2026\/01\/19\/cooperation-accord-dexemption-de-visa-entre-le-togo-et-le-rwanda\/#breadcrumb","itemListElement":[{"@type":"ListItem","position":1,"name":"Accueil","item":"https:\/\/lavoixdelanation.tg\/"},{"@type":"ListItem","position":2,"name":"Coop\u00e9ration\u00a0: Accord d\u2019exemption de visa entre le Togo et le Rwanda"}]},{"@type":"WebSite","@id":"https:\/\/lavoixdelanation.tg\/#website","url":"https:\/\/lavoixdelanation.tg\/","name":"La Voix de la Nation","description":"R\u00e9c\u00e9piss\u00e9 n\u00b00108\/HAAC\/01-2024\/pl\/P","publisher":{"@id":"https:\/\/lavoixdelanation.tg\/#organization"},"alternateName":"VON","potentialAction":[{"@type":"SearchAction","target":{"@type":"EntryPoint","urlTemplate":"https:\/\/lavoixdelanation.tg\/?s={search_term_string}"},"query-input":{"@type":"PropertyValueSpecification","valueRequired":true,"valueName":"search_term_string"}}],"inLanguage":"fr-FR"},{"@type":"Organization","@id":"https:\/\/lavoixdelanation.tg\/#organization","name":"La Voix de la Nation","url":"https:\/\/lavoixdelanation.tg\/","logo":{"@type":"ImageObject","inLanguage":"fr-FR","@id":"https:\/\/lavoixdelanation.tg\/#\/schema\/logo\/image\/","url":"https:\/\/lavoixdelanation.tg\/wp-content\/uploads\/2024\/12\/lavn-1.png","contentUrl":"https:\/\/lavoixdelanation.tg\/wp-content\/uploads\/2024\/12\/lavn-1.png","width":1024,"height":464,"caption":"La Voix de la Nation"},"image":{"@id":"https:\/\/lavoixdelanation.tg\/#\/schema\/logo\/image\/"},"sameAs":["https:\/\/www.facebook.com\/lavoixdelanation"]},{"@type":"Person","@id":"https:\/\/lavoixdelanation.tg\/#\/schema\/person\/6c489293aa38053673a9e554acb6e224","name":"La voix de la nation","image":{"@type":"ImageObject","inLanguage":"fr-FR","@id":"https:\/\/lavoixdelanation.tg\/#\/schema\/person\/image\/","url":"https:\/\/secure.gravatar.com\/avatar\/8aa135d4bbc794494cecaa8d483f6d6cc1023624868deaff686baed5e727a5a1?s=96&d=mm&r=g","contentUrl":"https:\/\/secure.gravatar.com\/avatar\/8aa135d4bbc794494cecaa8d483f6d6cc1023624868deaff686baed5e727a5a1?s=96&d=mm&r=g","caption":"La voix de la nation"},"sameAs":["https:\/\/lavoixdelanation.tg"],"url":"https:\/\/lavoixdelanation.tg\/index.php\/author\/lavn\/"}]}},"_links":{"self":[{"href":"https:\/\/lavoixdelanation.tg\/index.php\/wp-json\/wp\/v2\/posts\/15254","targetHints":{"allow":["GET"]}}],"collection":[{"href":"https:\/\/lavoixdelanation.tg\/index.php\/wp-json\/wp\/v2\/posts"}],"about":[{"href":"https:\/\/lavoixdelanation.tg\/index.php\/wp-json\/wp\/v2\/types\/post"}],"author":[{"embeddable":true,"href":"https:\/\/lavoixdelanation.tg\/index.php\/wp-json\/wp\/v2\/users\/1"}],"replies":[{"embeddable":true,"href":"https:\/\/lavoixdelanation.tg\/index.php\/wp-json\/wp\/v2\/comments?post=15254"}],"version-history":[{"count":1,"href":"https:\/\/lavoixdelanation.tg\/index.php\/wp-json\/wp\/v2\/posts\/15254\/revisions"}],"predecessor-version":[{"id":15256,"href":"https:\/\/lavoixdelanation.tg\/index.php\/wp-json\/wp\/v2\/posts\/15254\/revisions\/15256"}],"wp:featuredmedia":[{"embeddable":true,"href":"https:\/\/lavoixdelanation.tg\/index.php\/wp-json\/wp\/v2\/media\/15255"}],"wp:attachment":[{"href":"https:\/\/lavoixdelanation.tg\/index.php\/wp-json\/wp\/v2\/media?parent=15254"}],"wp:term":[{"taxonomy":"category","embeddable":true,"href":"https:\/\/lavoixdelanation.tg\/index.php\/wp-json\/wp\/v2\/categories?post=15254"},{"taxonomy":"post_tag","embeddable":true,"href":"https:\/\/lavoixdelanation.tg\/index.php\/wp-json\/wp\/v2\/tags?post=15254"}],"curies":[{"name":"wp","href":"https:\/\/api.w.org\/{rel}","templated":true}]}}