{"id":15251,"date":"2026-01-18T15:06:00","date_gmt":"2026-01-18T14:06:00","guid":{"rendered":"https:\/\/lavoixdelanation.tg\/?p=15251"},"modified":"2026-01-18T18:10:09","modified_gmt":"2026-01-18T17:10:09","slug":"washington-salue-le-leadership-de-faure-gnassingbe-en-faveur-dune-paix-durable-en-rdc","status":"publish","type":"post","link":"https:\/\/lavoixdelanation.tg\/index.php\/2026\/01\/18\/washington-salue-le-leadership-de-faure-gnassingbe-en-faveur-dune-paix-durable-en-rdc\/","title":{"rendered":"Washington salue le leadership de Faure Gnassingb\u00e9 en faveur d\u2019une paix durable en RDC"},"content":{"rendered":"\n<p>Le Directeur du Bureau des Affaires de l\u2019Afrique centrale du d\u00e9partement d\u2019Etat am\u00e9ricain, Keith R. Gilges a \u00e9t\u00e9 re\u00e7u en audience de ce 17 janvier 2026 \u00e0 Lom\u00e9 par le Pr\u00e9sident du Conseil Faure Gnassingb\u00e9.<\/p>\n\n\n\n<p>La rencontre intervient en marge des travaux de la r\u00e9union de haut niveau sur la coh\u00e9rence et la consolidation du processus de paix en R\u00e9publique D\u00e9mocratique du Congo (RDC) et dans la r\u00e9gion des Grands Lacs.<\/p>\n\n\n\n<p>Keith R. Gilges a exprim\u00e9 sa reconnaissance au Pr\u00e9sident du Conseil pour son leadership dans la mobilisation des facilitateurs, des parties prenantes et des partenaires internationaux en faveur d\u2019une paix durable dans l\u2019Est de la RDC.<\/p>\n\n\n\n<p>\u00ab&nbsp;J\u2019ai salu\u00e9 l\u2019importance du leadership africain dans ce processus et exprim\u00e9 notre gratitude au Pr\u00e9sident Faure Gnassingb\u00e9 pour son leadership, pour la participation des cinq facilitateurs, anciens chefs d\u2019\u00c9tat \u00e0 la r\u00e9union de Lom\u00e9. Nous pensons qu\u2019il est vraiment la troisi\u00e8me \u00e9paule pour trouver une paix durable. Les m\u00e9diations de Washington, de Doha et l\u2019Union africaine sont toutes essentielles pour trouver une solution durable&nbsp;\u00bb, a-t-il d\u00e9clar\u00e9.<\/p>\n\n\n\n<p>Il faut souligner que les \u00c9tats-Unis d\u2019Am\u00e9rique ont apport\u00e9 leur appui \u00e0 toutes les missions diplomatiques dont celle de l\u2019Union africaine visant \u00e0 favoriser une d\u00e9sescalade de la situation dans la r\u00e9gion des Grands Lacs.<\/p>\n\n\n\n<p>L\u2019accord de paix conclu entre la RDC et le Rwanda le 4 d\u00e9cembre 2025 \u00e0 Washington, a \u00e9t\u00e9 sign\u00e9 par les Pr\u00e9sidents F\u00e9lix Antoine Tshisekedi Tshilombo de la RDC et Paul Kagam\u00e9 du Rwanda en pr\u00e9sence du Pr\u00e9sident am\u00e9ricain Donald Trump et du Pr\u00e9sident du Conseil Faure Gnassingb\u00e9.<\/p>\n","protected":false},"excerpt":{"rendered":"<p>Le Directeur du Bureau des Affaires de l\u2019Afrique centrale du d\u00e9partement d\u2019Etat am\u00e9ricain, Keith R. Gilges a \u00e9t\u00e9 re\u00e7u en audience de ce 17 janvier 2026 \u00e0 Lom\u00e9 par le&hellip; <\/p>\n","protected":false},"author":1,"featured_media":15252,"comment_status":"open","ping_status":"closed","sticky":false,"template":"","format":"standard","meta":{"footnotes":""},"categories":[12],"tags":[45,1227,595],"class_list":["post-15251","post","type-post","status-publish","format-standard","has-post-thumbnail","hentry","category-diplomatie","tag-faure-gnassingbe","tag-paix-durable","tag-republique-democratique-du-congo"],"yoast_head":"<!-- This site is optimized with the Yoast SEO plugin v26.4 - https:\/\/yoast.com\/wordpress\/plugins\/seo\/ -->\n<title>Washington salue le leadership de Faure Gnassingb\u00e9 en faveur d\u2019une paix durable en RDC - La Voix de la Nation<\/title>\n<meta name=\"robots\" content=\"index, follow, max-snippet:-1, max-image-preview:large, max-video-preview:-1\" \/>\n<link rel=\"canonical\" href=\"https:\/\/lavoixdelanation.tg\/index.php\/2026\/01\/18\/washington-salue-le-leadership-de-faure-gnassingbe-en-faveur-dune-paix-durable-en-rdc\/\" \/>\n<meta property=\"og:locale\" content=\"fr_FR\" \/>\n<meta property=\"og:type\" content=\"article\" \/>\n<meta property=\"og:title\" content=\"Washington salue le leadership de Faure Gnassingb\u00e9 en faveur d\u2019une paix durable en RDC - La Voix de la Nation\" \/>\n<meta property=\"og:description\" content=\"Le Directeur du Bureau des Affaires de l\u2019Afrique centrale du d\u00e9partement d\u2019Etat am\u00e9ricain, Keith R. Gilges a \u00e9t\u00e9 re\u00e7u en audience de ce 17 janvier 2026 \u00e0 Lom\u00e9 par le&hellip;\" \/>\n<meta property=\"og:url\" content=\"https:\/\/lavoixdelanation.tg\/index.php\/2026\/01\/18\/washington-salue-le-leadership-de-faure-gnassingbe-en-faveur-dune-paix-durable-en-rdc\/\" \/>\n<meta property=\"og:site_name\" content=\"La Voix de la Nation\" \/>\n<meta property=\"article:publisher\" content=\"https:\/\/www.facebook.com\/lavoixdelanation\" \/>\n<meta property=\"article:published_time\" content=\"2026-01-18T14:06:00+00:00\" \/>\n<meta property=\"article:modified_time\" content=\"2026-01-18T17:10:09+00:00\" \/>\n<meta property=\"og:image\" content=\"https:\/\/lavoixdelanation.tg\/wp-content\/uploads\/2026\/01\/Keith-R.-Gilges-avec-Faure-Gnassingbe-a-Lome.jpg\" \/>\n\t<meta property=\"og:image:width\" content=\"800\" \/>\n\t<meta property=\"og:image:height\" content=\"576\" \/>\n\t<meta property=\"og:image:type\" content=\"image\/jpeg\" \/>\n<meta name=\"author\" content=\"La voix de la nation\" \/>\n<meta name=\"twitter:card\" content=\"summary_large_image\" \/>\n<meta name=\"twitter:label1\" content=\"\u00c9crit par\" \/>\n\t<meta name=\"twitter:data1\" content=\"La voix de la nation\" \/>\n\t<meta name=\"twitter:label2\" content=\"Dur\u00e9e de lecture estim\u00e9e\" \/>\n\t<meta name=\"twitter:data2\" content=\"2 minutes\" \/>\n<script type=\"application\/ld+json\" class=\"yoast-schema-graph\">{\"@context\":\"https:\/\/schema.org\",\"@graph\":[{\"@type\":\"Article\",\"@id\":\"https:\/\/lavoixdelanation.tg\/index.php\/2026\/01\/18\/washington-salue-le-leadership-de-faure-gnassingbe-en-faveur-dune-paix-durable-en-rdc\/#article\",\"isPartOf\":{\"@id\":\"https:\/\/lavoixdelanation.tg\/index.php\/2026\/01\/18\/washington-salue-le-leadership-de-faure-gnassingbe-en-faveur-dune-paix-durable-en-rdc\/\"},\"author\":{\"name\":\"La voix de la nation\",\"@id\":\"https:\/\/lavoixdelanation.tg\/#\/schema\/person\/6c489293aa38053673a9e554acb6e224\"},\"headline\":\"Washington salue le leadership de Faure Gnassingb\u00e9 en faveur d\u2019une paix durable en RDC\",\"datePublished\":\"2026-01-18T14:06:00+00:00\",\"dateModified\":\"2026-01-18T17:10:09+00:00\",\"mainEntityOfPage\":{\"@id\":\"https:\/\/lavoixdelanation.tg\/index.php\/2026\/01\/18\/washington-salue-le-leadership-de-faure-gnassingbe-en-faveur-dune-paix-durable-en-rdc\/\"},\"wordCount\":301,\"commentCount\":0,\"publisher\":{\"@id\":\"https:\/\/lavoixdelanation.tg\/#organization\"},\"image\":{\"@id\":\"https:\/\/lavoixdelanation.tg\/index.php\/2026\/01\/18\/washington-salue-le-leadership-de-faure-gnassingbe-en-faveur-dune-paix-durable-en-rdc\/#primaryimage\"},\"thumbnailUrl\":\"https:\/\/lavoixdelanation.tg\/wp-content\/uploads\/2026\/01\/Keith-R.-Gilges-avec-Faure-Gnassingbe-a-Lome.jpg\",\"keywords\":[\"Faure Gnassingb\u00e9\",\"paix durable\",\"R\u00e9publique D\u00e9mocratique du Congo\"],\"articleSection\":[\"Diplomatie\"],\"inLanguage\":\"fr-FR\",\"potentialAction\":[{\"@type\":\"CommentAction\",\"name\":\"Comment\",\"target\":[\"https:\/\/lavoixdelanation.tg\/index.php\/2026\/01\/18\/washington-salue-le-leadership-de-faure-gnassingbe-en-faveur-dune-paix-durable-en-rdc\/#respond\"]}]},{\"@type\":\"WebPage\",\"@id\":\"https:\/\/lavoixdelanation.tg\/index.php\/2026\/01\/18\/washington-salue-le-leadership-de-faure-gnassingbe-en-faveur-dune-paix-durable-en-rdc\/\",\"url\":\"https:\/\/lavoixdelanation.tg\/index.php\/2026\/01\/18\/washington-salue-le-leadership-de-faure-gnassingbe-en-faveur-dune-paix-durable-en-rdc\/\",\"name\":\"Washington salue le leadership de Faure Gnassingb\u00e9 en faveur d\u2019une paix durable en RDC - La Voix de la Nation\",\"isPartOf\":{\"@id\":\"https:\/\/lavoixdelanation.tg\/#website\"},\"primaryImageOfPage\":{\"@id\":\"https:\/\/lavoixdelanation.tg\/index.php\/2026\/01\/18\/washington-salue-le-leadership-de-faure-gnassingbe-en-faveur-dune-paix-durable-en-rdc\/#primaryimage\"},\"image\":{\"@id\":\"https:\/\/lavoixdelanation.tg\/index.php\/2026\/01\/18\/washington-salue-le-leadership-de-faure-gnassingbe-en-faveur-dune-paix-durable-en-rdc\/#primaryimage\"},\"thumbnailUrl\":\"https:\/\/lavoixdelanation.tg\/wp-content\/uploads\/2026\/01\/Keith-R.-Gilges-avec-Faure-Gnassingbe-a-Lome.jpg\",\"datePublished\":\"2026-01-18T14:06:00+00:00\",\"dateModified\":\"2026-01-18T17:10:09+00:00\",\"breadcrumb\":{\"@id\":\"https:\/\/lavoixdelanation.tg\/index.php\/2026\/01\/18\/washington-salue-le-leadership-de-faure-gnassingbe-en-faveur-dune-paix-durable-en-rdc\/#breadcrumb\"},\"inLanguage\":\"fr-FR\",\"potentialAction\":[{\"@type\":\"ReadAction\",\"target\":[\"https:\/\/lavoixdelanation.tg\/index.php\/2026\/01\/18\/washington-salue-le-leadership-de-faure-gnassingbe-en-faveur-dune-paix-durable-en-rdc\/\"]}]},{\"@type\":\"ImageObject\",\"inLanguage\":\"fr-FR\",\"@id\":\"https:\/\/lavoixdelanation.tg\/index.php\/2026\/01\/18\/washington-salue-le-leadership-de-faure-gnassingbe-en-faveur-dune-paix-durable-en-rdc\/#primaryimage\",\"url\":\"https:\/\/lavoixdelanation.tg\/wp-content\/uploads\/2026\/01\/Keith-R.-Gilges-avec-Faure-Gnassingbe-a-Lome.jpg\",\"contentUrl\":\"https:\/\/lavoixdelanation.tg\/wp-content\/uploads\/2026\/01\/Keith-R.-Gilges-avec-Faure-Gnassingbe-a-Lome.jpg\",\"width\":800,\"height\":576,\"caption\":\"Keith R. Gilges avec Faure Gnassingb\u00e9 \u00e0 Lom\u00e9\"},{\"@type\":\"BreadcrumbList\",\"@id\":\"https:\/\/lavoixdelanation.tg\/index.php\/2026\/01\/18\/washington-salue-le-leadership-de-faure-gnassingbe-en-faveur-dune-paix-durable-en-rdc\/#breadcrumb\",\"itemListElement\":[{\"@type\":\"ListItem\",\"position\":1,\"name\":\"Accueil\",\"item\":\"https:\/\/lavoixdelanation.tg\/\"},{\"@type\":\"ListItem\",\"position\":2,\"name\":\"Washington salue le leadership de Faure Gnassingb\u00e9 en faveur d\u2019une paix durable en RDC\"}]},{\"@type\":\"WebSite\",\"@id\":\"https:\/\/lavoixdelanation.tg\/#website\",\"url\":\"https:\/\/lavoixdelanation.tg\/\",\"name\":\"La Voix de la Nation\",\"description\":\"R\u00e9c\u00e9piss\u00e9 n\u00b00108\/HAAC\/01-2024\/pl\/P\",\"publisher\":{\"@id\":\"https:\/\/lavoixdelanation.tg\/#organization\"},\"alternateName\":\"VON\",\"potentialAction\":[{\"@type\":\"SearchAction\",\"target\":{\"@type\":\"EntryPoint\",\"urlTemplate\":\"https:\/\/lavoixdelanation.tg\/?s={search_term_string}\"},\"query-input\":{\"@type\":\"PropertyValueSpecification\",\"valueRequired\":true,\"valueName\":\"search_term_string\"}}],\"inLanguage\":\"fr-FR\"},{\"@type\":\"Organization\",\"@id\":\"https:\/\/lavoixdelanation.tg\/#organization\",\"name\":\"La Voix de la Nation\",\"url\":\"https:\/\/lavoixdelanation.tg\/\",\"logo\":{\"@type\":\"ImageObject\",\"inLanguage\":\"fr-FR\",\"@id\":\"https:\/\/lavoixdelanation.tg\/#\/schema\/logo\/image\/\",\"url\":\"https:\/\/lavoixdelanation.tg\/wp-content\/uploads\/2024\/12\/lavn-1.png\",\"contentUrl\":\"https:\/\/lavoixdelanation.tg\/wp-content\/uploads\/2024\/12\/lavn-1.png\",\"width\":1024,\"height\":464,\"caption\":\"La Voix de la Nation\"},\"image\":{\"@id\":\"https:\/\/lavoixdelanation.tg\/#\/schema\/logo\/image\/\"},\"sameAs\":[\"https:\/\/www.facebook.com\/lavoixdelanation\"]},{\"@type\":\"Person\",\"@id\":\"https:\/\/lavoixdelanation.tg\/#\/schema\/person\/6c489293aa38053673a9e554acb6e224\",\"name\":\"La voix de la nation\",\"image\":{\"@type\":\"ImageObject\",\"inLanguage\":\"fr-FR\",\"@id\":\"https:\/\/lavoixdelanation.tg\/#\/schema\/person\/image\/\",\"url\":\"https:\/\/secure.gravatar.com\/avatar\/8aa135d4bbc794494cecaa8d483f6d6cc1023624868deaff686baed5e727a5a1?s=96&d=mm&r=g\",\"contentUrl\":\"https:\/\/secure.gravatar.com\/avatar\/8aa135d4bbc794494cecaa8d483f6d6cc1023624868deaff686baed5e727a5a1?s=96&d=mm&r=g\",\"caption\":\"La voix de la nation\"},\"sameAs\":[\"https:\/\/lavoixdelanation.tg\"],\"url\":\"https:\/\/lavoixdelanation.tg\/index.php\/author\/lavn\/\"}]}<\/script>\n<!-- \/ Yoast SEO plugin. -->","yoast_head_json":{"title":"Washington salue le leadership de Faure Gnassingb\u00e9 en faveur d\u2019une paix durable en RDC - La Voix de la Nation","robots":{"index":"index","follow":"follow","max-snippet":"max-snippet:-1","max-image-preview":"max-image-preview:large","max-video-preview":"max-video-preview:-1"},"canonical":"https:\/\/lavoixdelanation.tg\/index.php\/2026\/01\/18\/washington-salue-le-leadership-de-faure-gnassingbe-en-faveur-dune-paix-durable-en-rdc\/","og_locale":"fr_FR","og_type":"article","og_title":"Washington salue le leadership de Faure Gnassingb\u00e9 en faveur d\u2019une paix durable en RDC - La Voix de la Nation","og_description":"Le Directeur du Bureau des Affaires de l\u2019Afrique centrale du d\u00e9partement d\u2019Etat am\u00e9ricain, Keith R. Gilges a \u00e9t\u00e9 re\u00e7u en audience de ce 17 janvier 2026 \u00e0 Lom\u00e9 par le&hellip;","og_url":"https:\/\/lavoixdelanation.tg\/index.php\/2026\/01\/18\/washington-salue-le-leadership-de-faure-gnassingbe-en-faveur-dune-paix-durable-en-rdc\/","og_site_name":"La Voix de la Nation","article_publisher":"https:\/\/www.facebook.com\/lavoixdelanation","article_published_time":"2026-01-18T14:06:00+00:00","article_modified_time":"2026-01-18T17:10:09+00:00","og_image":[{"width":800,"height":576,"url":"https:\/\/lavoixdelanation.tg\/wp-content\/uploads\/2026\/01\/Keith-R.-Gilges-avec-Faure-Gnassingbe-a-Lome.jpg","type":"image\/jpeg"}],"author":"La voix de la nation","twitter_card":"summary_large_image","twitter_misc":{"\u00c9crit par":"La voix de la nation","Dur\u00e9e de lecture estim\u00e9e":"2 minutes"},"schema":{"@context":"https:\/\/schema.org","@graph":[{"@type":"Article","@id":"https:\/\/lavoixdelanation.tg\/index.php\/2026\/01\/18\/washington-salue-le-leadership-de-faure-gnassingbe-en-faveur-dune-paix-durable-en-rdc\/#article","isPartOf":{"@id":"https:\/\/lavoixdelanation.tg\/index.php\/2026\/01\/18\/washington-salue-le-leadership-de-faure-gnassingbe-en-faveur-dune-paix-durable-en-rdc\/"},"author":{"name":"La voix de la nation","@id":"https:\/\/lavoixdelanation.tg\/#\/schema\/person\/6c489293aa38053673a9e554acb6e224"},"headline":"Washington salue le leadership de Faure Gnassingb\u00e9 en faveur d\u2019une paix durable en RDC","datePublished":"2026-01-18T14:06:00+00:00","dateModified":"2026-01-18T17:10:09+00:00","mainEntityOfPage":{"@id":"https:\/\/lavoixdelanation.tg\/index.php\/2026\/01\/18\/washington-salue-le-leadership-de-faure-gnassingbe-en-faveur-dune-paix-durable-en-rdc\/"},"wordCount":301,"commentCount":0,"publisher":{"@id":"https:\/\/lavoixdelanation.tg\/#organization"},"image":{"@id":"https:\/\/lavoixdelanation.tg\/index.php\/2026\/01\/18\/washington-salue-le-leadership-de-faure-gnassingbe-en-faveur-dune-paix-durable-en-rdc\/#primaryimage"},"thumbnailUrl":"https:\/\/lavoixdelanation.tg\/wp-content\/uploads\/2026\/01\/Keith-R.-Gilges-avec-Faure-Gnassingbe-a-Lome.jpg","keywords":["Faure Gnassingb\u00e9","paix durable","R\u00e9publique D\u00e9mocratique du Congo"],"articleSection":["Diplomatie"],"inLanguage":"fr-FR","potentialAction":[{"@type":"CommentAction","name":"Comment","target":["https:\/\/lavoixdelanation.tg\/index.php\/2026\/01\/18\/washington-salue-le-leadership-de-faure-gnassingbe-en-faveur-dune-paix-durable-en-rdc\/#respond"]}]},{"@type":"WebPage","@id":"https:\/\/lavoixdelanation.tg\/index.php\/2026\/01\/18\/washington-salue-le-leadership-de-faure-gnassingbe-en-faveur-dune-paix-durable-en-rdc\/","url":"https:\/\/lavoixdelanation.tg\/index.php\/2026\/01\/18\/washington-salue-le-leadership-de-faure-gnassingbe-en-faveur-dune-paix-durable-en-rdc\/","name":"Washington salue le leadership de Faure Gnassingb\u00e9 en faveur d\u2019une paix durable en RDC - La Voix de la Nation","isPartOf":{"@id":"https:\/\/lavoixdelanation.tg\/#website"},"primaryImageOfPage":{"@id":"https:\/\/lavoixdelanation.tg\/index.php\/2026\/01\/18\/washington-salue-le-leadership-de-faure-gnassingbe-en-faveur-dune-paix-durable-en-rdc\/#primaryimage"},"image":{"@id":"https:\/\/lavoixdelanation.tg\/index.php\/2026\/01\/18\/washington-salue-le-leadership-de-faure-gnassingbe-en-faveur-dune-paix-durable-en-rdc\/#primaryimage"},"thumbnailUrl":"https:\/\/lavoixdelanation.tg\/wp-content\/uploads\/2026\/01\/Keith-R.-Gilges-avec-Faure-Gnassingbe-a-Lome.jpg","datePublished":"2026-01-18T14:06:00+00:00","dateModified":"2026-01-18T17:10:09+00:00","breadcrumb":{"@id":"https:\/\/lavoixdelanation.tg\/index.php\/2026\/01\/18\/washington-salue-le-leadership-de-faure-gnassingbe-en-faveur-dune-paix-durable-en-rdc\/#breadcrumb"},"inLanguage":"fr-FR","potentialAction":[{"@type":"ReadAction","target":["https:\/\/lavoixdelanation.tg\/index.php\/2026\/01\/18\/washington-salue-le-leadership-de-faure-gnassingbe-en-faveur-dune-paix-durable-en-rdc\/"]}]},{"@type":"ImageObject","inLanguage":"fr-FR","@id":"https:\/\/lavoixdelanation.tg\/index.php\/2026\/01\/18\/washington-salue-le-leadership-de-faure-gnassingbe-en-faveur-dune-paix-durable-en-rdc\/#primaryimage","url":"https:\/\/lavoixdelanation.tg\/wp-content\/uploads\/2026\/01\/Keith-R.-Gilges-avec-Faure-Gnassingbe-a-Lome.jpg","contentUrl":"https:\/\/lavoixdelanation.tg\/wp-content\/uploads\/2026\/01\/Keith-R.-Gilges-avec-Faure-Gnassingbe-a-Lome.jpg","width":800,"height":576,"caption":"Keith R. Gilges avec Faure Gnassingb\u00e9 \u00e0 Lom\u00e9"},{"@type":"BreadcrumbList","@id":"https:\/\/lavoixdelanation.tg\/index.php\/2026\/01\/18\/washington-salue-le-leadership-de-faure-gnassingbe-en-faveur-dune-paix-durable-en-rdc\/#breadcrumb","itemListElement":[{"@type":"ListItem","position":1,"name":"Accueil","item":"https:\/\/lavoixdelanation.tg\/"},{"@type":"ListItem","position":2,"name":"Washington salue le leadership de Faure Gnassingb\u00e9 en faveur d\u2019une paix durable en RDC"}]},{"@type":"WebSite","@id":"https:\/\/lavoixdelanation.tg\/#website","url":"https:\/\/lavoixdelanation.tg\/","name":"La Voix de la Nation","description":"R\u00e9c\u00e9piss\u00e9 n\u00b00108\/HAAC\/01-2024\/pl\/P","publisher":{"@id":"https:\/\/lavoixdelanation.tg\/#organization"},"alternateName":"VON","potentialAction":[{"@type":"SearchAction","target":{"@type":"EntryPoint","urlTemplate":"https:\/\/lavoixdelanation.tg\/?s={search_term_string}"},"query-input":{"@type":"PropertyValueSpecification","valueRequired":true,"valueName":"search_term_string"}}],"inLanguage":"fr-FR"},{"@type":"Organization","@id":"https:\/\/lavoixdelanation.tg\/#organization","name":"La Voix de la Nation","url":"https:\/\/lavoixdelanation.tg\/","logo":{"@type":"ImageObject","inLanguage":"fr-FR","@id":"https:\/\/lavoixdelanation.tg\/#\/schema\/logo\/image\/","url":"https:\/\/lavoixdelanation.tg\/wp-content\/uploads\/2024\/12\/lavn-1.png","contentUrl":"https:\/\/lavoixdelanation.tg\/wp-content\/uploads\/2024\/12\/lavn-1.png","width":1024,"height":464,"caption":"La Voix de la Nation"},"image":{"@id":"https:\/\/lavoixdelanation.tg\/#\/schema\/logo\/image\/"},"sameAs":["https:\/\/www.facebook.com\/lavoixdelanation"]},{"@type":"Person","@id":"https:\/\/lavoixdelanation.tg\/#\/schema\/person\/6c489293aa38053673a9e554acb6e224","name":"La voix de la nation","image":{"@type":"ImageObject","inLanguage":"fr-FR","@id":"https:\/\/lavoixdelanation.tg\/#\/schema\/person\/image\/","url":"https:\/\/secure.gravatar.com\/avatar\/8aa135d4bbc794494cecaa8d483f6d6cc1023624868deaff686baed5e727a5a1?s=96&d=mm&r=g","contentUrl":"https:\/\/secure.gravatar.com\/avatar\/8aa135d4bbc794494cecaa8d483f6d6cc1023624868deaff686baed5e727a5a1?s=96&d=mm&r=g","caption":"La voix de la nation"},"sameAs":["https:\/\/lavoixdelanation.tg"],"url":"https:\/\/lavoixdelanation.tg\/index.php\/author\/lavn\/"}]}},"_links":{"self":[{"href":"https:\/\/lavoixdelanation.tg\/index.php\/wp-json\/wp\/v2\/posts\/15251","targetHints":{"allow":["GET"]}}],"collection":[{"href":"https:\/\/lavoixdelanation.tg\/index.php\/wp-json\/wp\/v2\/posts"}],"about":[{"href":"https:\/\/lavoixdelanation.tg\/index.php\/wp-json\/wp\/v2\/types\/post"}],"author":[{"embeddable":true,"href":"https:\/\/lavoixdelanation.tg\/index.php\/wp-json\/wp\/v2\/users\/1"}],"replies":[{"embeddable":true,"href":"https:\/\/lavoixdelanation.tg\/index.php\/wp-json\/wp\/v2\/comments?post=15251"}],"version-history":[{"count":1,"href":"https:\/\/lavoixdelanation.tg\/index.php\/wp-json\/wp\/v2\/posts\/15251\/revisions"}],"predecessor-version":[{"id":15253,"href":"https:\/\/lavoixdelanation.tg\/index.php\/wp-json\/wp\/v2\/posts\/15251\/revisions\/15253"}],"wp:featuredmedia":[{"embeddable":true,"href":"https:\/\/lavoixdelanation.tg\/index.php\/wp-json\/wp\/v2\/media\/15252"}],"wp:attachment":[{"href":"https:\/\/lavoixdelanation.tg\/index.php\/wp-json\/wp\/v2\/media?parent=15251"}],"wp:term":[{"taxonomy":"category","embeddable":true,"href":"https:\/\/lavoixdelanation.tg\/index.php\/wp-json\/wp\/v2\/categories?post=15251"},{"taxonomy":"post_tag","embeddable":true,"href":"https:\/\/lavoixdelanation.tg\/index.php\/wp-json\/wp\/v2\/tags?post=15251"}],"curies":[{"name":"wp","href":"https:\/\/api.w.org\/{rel}","templated":true}]}}