{"id":15245,"date":"2026-01-18T17:49:41","date_gmt":"2026-01-18T16:49:41","guid":{"rendered":"https:\/\/lavoixdelanation.tg\/?p=15245"},"modified":"2026-01-18T17:52:01","modified_gmt":"2026-01-18T16:52:01","slug":"efforts-de-paix-en-rdc-la-monusco-apporte-son-soutien-a-faure-gnassingbe","status":"publish","type":"post","link":"https:\/\/lavoixdelanation.tg\/index.php\/2026\/01\/18\/efforts-de-paix-en-rdc-la-monusco-apporte-son-soutien-a-faure-gnassingbe\/","title":{"rendered":"Efforts de paix en RDC\u00a0: La MONUSCO apporte son soutien \u00e0 Faure Gnassingb\u00e9"},"content":{"rendered":"\n<p><strong>La cheffe par int\u00e9rim de la mission de l\u2019Organisation des nations unies pour la stabilisation en <\/strong><strong>R\u00e9publique D\u00e9mocratique du Congo (MONUSCO), Mme Viviane Van de Perre a r\u00e9it\u00e9r\u00e9 ce 17 janvier 2026&nbsp;\u00e0 Lom\u00e9, le soutien de la MONUSCO \u00e0 la m\u00e9diation de l\u2019Union africaine port\u00e9e par le Pr\u00e9sident du Conseil Faure Gnassingb\u00e9 en faveur de la paix en RDC.<\/strong><\/p>\n\n\n\n<p>Egalement Repr\u00e9sentante sp\u00e9ciale par int\u00e9rim du Secr\u00e9taire g\u00e9n\u00e9ral des Nations unies en RDC, Mme Viviane Van de Perre est en s\u00e9jour \u00e0 Lom\u00e9 dans le cadre de la r\u00e9union de haut niveau portant justement sur la paix en R\u00e9publique D\u00e9mocratique du Congo (RDC) et dans la r\u00e9gion des Grands Lacs.<\/p>\n\n\n\n<p>Elle a \u00e9t\u00e9 re\u00e7ue en audience ce 17 janvier 2026&nbsp;par le Pr\u00e9sident du Conseil, Faure Gnassingb\u00e9 avec qui elle a abord\u00e9 des questions li\u00e9es \u00e0 l\u2019avenir de la R\u00e9publique D\u00e9mocratique du Congo (RDC), et la mani\u00e8re dont les efforts de m\u00e9diation de l\u2019Union africaine peuvent favoriser l\u2019instauration d\u2019une paix accept\u00e9e par l\u2019ensemble des parties prenantes.<\/p>\n\n\n\n<figure class=\"wp-block-image size-full\"><img loading=\"lazy\" decoding=\"async\" width=\"800\" height=\"523\" src=\"https:\/\/lavoixdelanation.tg\/wp-content\/uploads\/2026\/01\/Mme-Viviane-Van-de-Perre-avec-Faure-Gnassingbe-a-Lome.jpg\" alt=\"\" class=\"wp-image-15249\" srcset=\"https:\/\/lavoixdelanation.tg\/wp-content\/uploads\/2026\/01\/Mme-Viviane-Van-de-Perre-avec-Faure-Gnassingbe-a-Lome.jpg 800w, https:\/\/lavoixdelanation.tg\/wp-content\/uploads\/2026\/01\/Mme-Viviane-Van-de-Perre-avec-Faure-Gnassingbe-a-Lome-300x196.jpg 300w, https:\/\/lavoixdelanation.tg\/wp-content\/uploads\/2026\/01\/Mme-Viviane-Van-de-Perre-avec-Faure-Gnassingbe-a-Lome-768x502.jpg 768w\" sizes=\"auto, (max-width: 800px) 100vw, 800px\" \/><figcaption class=\"wp-element-caption\"><em>Mme Viviane Van de Perre avec Faure Gnassingb\u00e9 \u00e0 Lom\u00e9<\/em><\/figcaption><\/figure>\n\n\n\n<p>Viviane Van de Perre a salu\u00e9 les efforts de m\u00e9diation du Pr\u00e9sident du Conseil Faure Essozimna Gnassingb\u00e9, m\u00e9diateur d\u00e9sign\u00e9 de l\u2019Union africaine en vue d\u2019aboutir \u00e0 une r\u00e9ponse coordonn\u00e9e et efficace \u00e0 la situation dans cette partie du continent.<\/p>\n\n\n\n<p>Elle a exprim\u00e9 sa satisfaction pour sa pr\u00e9sence \u00e0 Lom\u00e9 et r\u00e9it\u00e9r\u00e9 le soutien de la MONUSCO \u00e0 la m\u00e9diation de l\u2019Union africaine port\u00e9e par le Pr\u00e9sident du Conseil, Faure Gnassingb\u00e9.<\/p>\n\n\n\n<p>\u00ab&nbsp;Nous sommes tr\u00e8s heureux d\u2019\u00eatre ici et de soutenir le Pr\u00e9sident du Conseil pour amener ensemble toutes ces m\u00e9diations qui veulent toutes la m\u00eame chose, c\u2019est d\u2019aider la RDC \u00e0 atteindre enfin la paix que l\u2019on attend depuis si longtemps.&nbsp;La population souffre, et il nous revient de trouver des solutions qui apportent une paix durable. Nous lui avons donn\u00e9 notre plein soutien en tant que MONUSCO pour faire tout ce que nous pouvons pour soutenir ses efforts \u00bb, a-t-elle d\u00e9clar\u00e9.<\/p>\n\n\n\n<p>Au demeurant, cette audience confirme une fois de plus l\u2019adh\u00e9sion des Nations unies \u00e0 la diplomatie du Pr\u00e9sident du Conseil, Faure Essozimna Gnassingb\u00e9 orient\u00e9e vers une r\u00e9ponse coordonn\u00e9e, inclusive et durable \u00e0 la crise en R\u00e9publique D\u00e9mocratique du Congo (RDC) et la r\u00e9gion des Grands lacs dans son ensemble.<\/p>\n\n\n\n<p><strong>La R\u00e9daction<\/strong><\/p>\n","protected":false},"excerpt":{"rendered":"<p>La cheffe par int\u00e9rim de la mission de l\u2019Organisation des nations unies pour la stabilisation en R\u00e9publique D\u00e9mocratique du Congo (MONUSCO), Mme Viviane Van de Perre a r\u00e9it\u00e9r\u00e9 ce 17&hellip; <\/p>\n","protected":false},"author":1,"featured_media":15246,"comment_status":"open","ping_status":"closed","sticky":false,"template":"","format":"standard","meta":{"footnotes":""},"categories":[12],"tags":[1226,594,706,595,163,1225],"class_list":["post-15245","post","type-post","status-publish","format-standard","has-post-thumbnail","hentry","category-diplomatie","tag-faure-essozimna-gnassingbe-2","tag-mediateur","tag-monusco","tag-republique-democratique-du-congo","tag-union-africaine","tag-viviane-van-de-perre"],"yoast_head":"<!-- This site is optimized with the Yoast SEO plugin v26.4 - https:\/\/yoast.com\/wordpress\/plugins\/seo\/ -->\n<title>Efforts de paix en RDC\u00a0: La MONUSCO apporte son soutien \u00e0 Faure Gnassingb\u00e9 - La Voix de la Nation<\/title>\n<meta name=\"robots\" content=\"index, follow, max-snippet:-1, max-image-preview:large, max-video-preview:-1\" \/>\n<link rel=\"canonical\" href=\"https:\/\/lavoixdelanation.tg\/index.php\/2026\/01\/18\/efforts-de-paix-en-rdc-la-monusco-apporte-son-soutien-a-faure-gnassingbe\/\" \/>\n<meta property=\"og:locale\" content=\"fr_FR\" \/>\n<meta property=\"og:type\" content=\"article\" \/>\n<meta property=\"og:title\" content=\"Efforts de paix en RDC\u00a0: La MONUSCO apporte son soutien \u00e0 Faure Gnassingb\u00e9 - La Voix de la Nation\" \/>\n<meta property=\"og:description\" content=\"La cheffe par int\u00e9rim de la mission de l\u2019Organisation des nations unies pour la stabilisation en R\u00e9publique D\u00e9mocratique du Congo (MONUSCO), Mme Viviane Van de Perre a r\u00e9it\u00e9r\u00e9 ce 17&hellip;\" \/>\n<meta property=\"og:url\" content=\"https:\/\/lavoixdelanation.tg\/index.php\/2026\/01\/18\/efforts-de-paix-en-rdc-la-monusco-apporte-son-soutien-a-faure-gnassingbe\/\" \/>\n<meta property=\"og:site_name\" content=\"La Voix de la Nation\" \/>\n<meta property=\"article:publisher\" content=\"https:\/\/www.facebook.com\/lavoixdelanation\" \/>\n<meta property=\"article:published_time\" content=\"2026-01-18T16:49:41+00:00\" \/>\n<meta property=\"article:modified_time\" content=\"2026-01-18T16:52:01+00:00\" \/>\n<meta property=\"og:image\" content=\"https:\/\/lavoixdelanation.tg\/wp-content\/uploads\/2026\/01\/Mme-Viviane-Van-de-Perre-cheffe-par-interim-de-la-MONUSCO.jpg\" \/>\n\t<meta property=\"og:image:width\" content=\"1600\" \/>\n\t<meta property=\"og:image:height\" content=\"1067\" \/>\n\t<meta property=\"og:image:type\" content=\"image\/jpeg\" \/>\n<meta name=\"author\" content=\"La voix de la nation\" \/>\n<meta name=\"twitter:card\" content=\"summary_large_image\" \/>\n<meta name=\"twitter:label1\" content=\"\u00c9crit par\" \/>\n\t<meta name=\"twitter:data1\" content=\"La voix de la nation\" \/>\n\t<meta name=\"twitter:label2\" content=\"Dur\u00e9e de lecture estim\u00e9e\" \/>\n\t<meta name=\"twitter:data2\" content=\"3 minutes\" \/>\n<script type=\"application\/ld+json\" class=\"yoast-schema-graph\">{\"@context\":\"https:\/\/schema.org\",\"@graph\":[{\"@type\":\"Article\",\"@id\":\"https:\/\/lavoixdelanation.tg\/index.php\/2026\/01\/18\/efforts-de-paix-en-rdc-la-monusco-apporte-son-soutien-a-faure-gnassingbe\/#article\",\"isPartOf\":{\"@id\":\"https:\/\/lavoixdelanation.tg\/index.php\/2026\/01\/18\/efforts-de-paix-en-rdc-la-monusco-apporte-son-soutien-a-faure-gnassingbe\/\"},\"author\":{\"name\":\"La voix de la nation\",\"@id\":\"https:\/\/lavoixdelanation.tg\/#\/schema\/person\/6c489293aa38053673a9e554acb6e224\"},\"headline\":\"Efforts de paix en RDC\u00a0: La MONUSCO apporte son soutien \u00e0 Faure Gnassingb\u00e9\",\"datePublished\":\"2026-01-18T16:49:41+00:00\",\"dateModified\":\"2026-01-18T16:52:01+00:00\",\"mainEntityOfPage\":{\"@id\":\"https:\/\/lavoixdelanation.tg\/index.php\/2026\/01\/18\/efforts-de-paix-en-rdc-la-monusco-apporte-son-soutien-a-faure-gnassingbe\/\"},\"wordCount\":445,\"commentCount\":0,\"publisher\":{\"@id\":\"https:\/\/lavoixdelanation.tg\/#organization\"},\"image\":{\"@id\":\"https:\/\/lavoixdelanation.tg\/index.php\/2026\/01\/18\/efforts-de-paix-en-rdc-la-monusco-apporte-son-soutien-a-faure-gnassingbe\/#primaryimage\"},\"thumbnailUrl\":\"https:\/\/lavoixdelanation.tg\/wp-content\/uploads\/2026\/01\/Mme-Viviane-Van-de-Perre-cheffe-par-interim-de-la-MONUSCO.jpg\",\"keywords\":[\"Faure Essozimna Gnassingb\u00e9\",\"m\u00e9diateur\",\"MONUSCO\",\"R\u00e9publique D\u00e9mocratique du Congo\",\"Union africaine\",\"Viviane Van de Perre\"],\"articleSection\":[\"Diplomatie\"],\"inLanguage\":\"fr-FR\",\"potentialAction\":[{\"@type\":\"CommentAction\",\"name\":\"Comment\",\"target\":[\"https:\/\/lavoixdelanation.tg\/index.php\/2026\/01\/18\/efforts-de-paix-en-rdc-la-monusco-apporte-son-soutien-a-faure-gnassingbe\/#respond\"]}]},{\"@type\":\"WebPage\",\"@id\":\"https:\/\/lavoixdelanation.tg\/index.php\/2026\/01\/18\/efforts-de-paix-en-rdc-la-monusco-apporte-son-soutien-a-faure-gnassingbe\/\",\"url\":\"https:\/\/lavoixdelanation.tg\/index.php\/2026\/01\/18\/efforts-de-paix-en-rdc-la-monusco-apporte-son-soutien-a-faure-gnassingbe\/\",\"name\":\"Efforts de paix en RDC\u00a0: La MONUSCO apporte son soutien \u00e0 Faure Gnassingb\u00e9 - La Voix de la Nation\",\"isPartOf\":{\"@id\":\"https:\/\/lavoixdelanation.tg\/#website\"},\"primaryImageOfPage\":{\"@id\":\"https:\/\/lavoixdelanation.tg\/index.php\/2026\/01\/18\/efforts-de-paix-en-rdc-la-monusco-apporte-son-soutien-a-faure-gnassingbe\/#primaryimage\"},\"image\":{\"@id\":\"https:\/\/lavoixdelanation.tg\/index.php\/2026\/01\/18\/efforts-de-paix-en-rdc-la-monusco-apporte-son-soutien-a-faure-gnassingbe\/#primaryimage\"},\"thumbnailUrl\":\"https:\/\/lavoixdelanation.tg\/wp-content\/uploads\/2026\/01\/Mme-Viviane-Van-de-Perre-cheffe-par-interim-de-la-MONUSCO.jpg\",\"datePublished\":\"2026-01-18T16:49:41+00:00\",\"dateModified\":\"2026-01-18T16:52:01+00:00\",\"breadcrumb\":{\"@id\":\"https:\/\/lavoixdelanation.tg\/index.php\/2026\/01\/18\/efforts-de-paix-en-rdc-la-monusco-apporte-son-soutien-a-faure-gnassingbe\/#breadcrumb\"},\"inLanguage\":\"fr-FR\",\"potentialAction\":[{\"@type\":\"ReadAction\",\"target\":[\"https:\/\/lavoixdelanation.tg\/index.php\/2026\/01\/18\/efforts-de-paix-en-rdc-la-monusco-apporte-son-soutien-a-faure-gnassingbe\/\"]}]},{\"@type\":\"ImageObject\",\"inLanguage\":\"fr-FR\",\"@id\":\"https:\/\/lavoixdelanation.tg\/index.php\/2026\/01\/18\/efforts-de-paix-en-rdc-la-monusco-apporte-son-soutien-a-faure-gnassingbe\/#primaryimage\",\"url\":\"https:\/\/lavoixdelanation.tg\/wp-content\/uploads\/2026\/01\/Mme-Viviane-Van-de-Perre-cheffe-par-interim-de-la-MONUSCO.jpg\",\"contentUrl\":\"https:\/\/lavoixdelanation.tg\/wp-content\/uploads\/2026\/01\/Mme-Viviane-Van-de-Perre-cheffe-par-interim-de-la-MONUSCO.jpg\",\"width\":1600,\"height\":1067,\"caption\":\"Mme Viviane Van de Perre, cheffe par int\u00e9rim de la MONUSCO\"},{\"@type\":\"BreadcrumbList\",\"@id\":\"https:\/\/lavoixdelanation.tg\/index.php\/2026\/01\/18\/efforts-de-paix-en-rdc-la-monusco-apporte-son-soutien-a-faure-gnassingbe\/#breadcrumb\",\"itemListElement\":[{\"@type\":\"ListItem\",\"position\":1,\"name\":\"Accueil\",\"item\":\"https:\/\/lavoixdelanation.tg\/\"},{\"@type\":\"ListItem\",\"position\":2,\"name\":\"Efforts de paix en RDC\u00a0: La MONUSCO apporte son soutien \u00e0 Faure Gnassingb\u00e9\"}]},{\"@type\":\"WebSite\",\"@id\":\"https:\/\/lavoixdelanation.tg\/#website\",\"url\":\"https:\/\/lavoixdelanation.tg\/\",\"name\":\"La Voix de la Nation\",\"description\":\"R\u00e9c\u00e9piss\u00e9 n\u00b00108\/HAAC\/01-2024\/pl\/P\",\"publisher\":{\"@id\":\"https:\/\/lavoixdelanation.tg\/#organization\"},\"alternateName\":\"VON\",\"potentialAction\":[{\"@type\":\"SearchAction\",\"target\":{\"@type\":\"EntryPoint\",\"urlTemplate\":\"https:\/\/lavoixdelanation.tg\/?s={search_term_string}\"},\"query-input\":{\"@type\":\"PropertyValueSpecification\",\"valueRequired\":true,\"valueName\":\"search_term_string\"}}],\"inLanguage\":\"fr-FR\"},{\"@type\":\"Organization\",\"@id\":\"https:\/\/lavoixdelanation.tg\/#organization\",\"name\":\"La Voix de la Nation\",\"url\":\"https:\/\/lavoixdelanation.tg\/\",\"logo\":{\"@type\":\"ImageObject\",\"inLanguage\":\"fr-FR\",\"@id\":\"https:\/\/lavoixdelanation.tg\/#\/schema\/logo\/image\/\",\"url\":\"https:\/\/lavoixdelanation.tg\/wp-content\/uploads\/2024\/12\/lavn-1.png\",\"contentUrl\":\"https:\/\/lavoixdelanation.tg\/wp-content\/uploads\/2024\/12\/lavn-1.png\",\"width\":1024,\"height\":464,\"caption\":\"La Voix de la Nation\"},\"image\":{\"@id\":\"https:\/\/lavoixdelanation.tg\/#\/schema\/logo\/image\/\"},\"sameAs\":[\"https:\/\/www.facebook.com\/lavoixdelanation\"]},{\"@type\":\"Person\",\"@id\":\"https:\/\/lavoixdelanation.tg\/#\/schema\/person\/6c489293aa38053673a9e554acb6e224\",\"name\":\"La voix de la nation\",\"image\":{\"@type\":\"ImageObject\",\"inLanguage\":\"fr-FR\",\"@id\":\"https:\/\/lavoixdelanation.tg\/#\/schema\/person\/image\/\",\"url\":\"https:\/\/secure.gravatar.com\/avatar\/8aa135d4bbc794494cecaa8d483f6d6cc1023624868deaff686baed5e727a5a1?s=96&d=mm&r=g\",\"contentUrl\":\"https:\/\/secure.gravatar.com\/avatar\/8aa135d4bbc794494cecaa8d483f6d6cc1023624868deaff686baed5e727a5a1?s=96&d=mm&r=g\",\"caption\":\"La voix de la nation\"},\"sameAs\":[\"https:\/\/lavoixdelanation.tg\"],\"url\":\"https:\/\/lavoixdelanation.tg\/index.php\/author\/lavn\/\"}]}<\/script>\n<!-- \/ Yoast SEO plugin. -->","yoast_head_json":{"title":"Efforts de paix en RDC\u00a0: La MONUSCO apporte son soutien \u00e0 Faure Gnassingb\u00e9 - La Voix de la Nation","robots":{"index":"index","follow":"follow","max-snippet":"max-snippet:-1","max-image-preview":"max-image-preview:large","max-video-preview":"max-video-preview:-1"},"canonical":"https:\/\/lavoixdelanation.tg\/index.php\/2026\/01\/18\/efforts-de-paix-en-rdc-la-monusco-apporte-son-soutien-a-faure-gnassingbe\/","og_locale":"fr_FR","og_type":"article","og_title":"Efforts de paix en RDC\u00a0: La MONUSCO apporte son soutien \u00e0 Faure Gnassingb\u00e9 - La Voix de la Nation","og_description":"La cheffe par int\u00e9rim de la mission de l\u2019Organisation des nations unies pour la stabilisation en R\u00e9publique D\u00e9mocratique du Congo (MONUSCO), Mme Viviane Van de Perre a r\u00e9it\u00e9r\u00e9 ce 17&hellip;","og_url":"https:\/\/lavoixdelanation.tg\/index.php\/2026\/01\/18\/efforts-de-paix-en-rdc-la-monusco-apporte-son-soutien-a-faure-gnassingbe\/","og_site_name":"La Voix de la Nation","article_publisher":"https:\/\/www.facebook.com\/lavoixdelanation","article_published_time":"2026-01-18T16:49:41+00:00","article_modified_time":"2026-01-18T16:52:01+00:00","og_image":[{"width":1600,"height":1067,"url":"https:\/\/lavoixdelanation.tg\/wp-content\/uploads\/2026\/01\/Mme-Viviane-Van-de-Perre-cheffe-par-interim-de-la-MONUSCO.jpg","type":"image\/jpeg"}],"author":"La voix de la nation","twitter_card":"summary_large_image","twitter_misc":{"\u00c9crit par":"La voix de la nation","Dur\u00e9e de lecture estim\u00e9e":"3 minutes"},"schema":{"@context":"https:\/\/schema.org","@graph":[{"@type":"Article","@id":"https:\/\/lavoixdelanation.tg\/index.php\/2026\/01\/18\/efforts-de-paix-en-rdc-la-monusco-apporte-son-soutien-a-faure-gnassingbe\/#article","isPartOf":{"@id":"https:\/\/lavoixdelanation.tg\/index.php\/2026\/01\/18\/efforts-de-paix-en-rdc-la-monusco-apporte-son-soutien-a-faure-gnassingbe\/"},"author":{"name":"La voix de la nation","@id":"https:\/\/lavoixdelanation.tg\/#\/schema\/person\/6c489293aa38053673a9e554acb6e224"},"headline":"Efforts de paix en RDC\u00a0: La MONUSCO apporte son soutien \u00e0 Faure Gnassingb\u00e9","datePublished":"2026-01-18T16:49:41+00:00","dateModified":"2026-01-18T16:52:01+00:00","mainEntityOfPage":{"@id":"https:\/\/lavoixdelanation.tg\/index.php\/2026\/01\/18\/efforts-de-paix-en-rdc-la-monusco-apporte-son-soutien-a-faure-gnassingbe\/"},"wordCount":445,"commentCount":0,"publisher":{"@id":"https:\/\/lavoixdelanation.tg\/#organization"},"image":{"@id":"https:\/\/lavoixdelanation.tg\/index.php\/2026\/01\/18\/efforts-de-paix-en-rdc-la-monusco-apporte-son-soutien-a-faure-gnassingbe\/#primaryimage"},"thumbnailUrl":"https:\/\/lavoixdelanation.tg\/wp-content\/uploads\/2026\/01\/Mme-Viviane-Van-de-Perre-cheffe-par-interim-de-la-MONUSCO.jpg","keywords":["Faure Essozimna Gnassingb\u00e9","m\u00e9diateur","MONUSCO","R\u00e9publique D\u00e9mocratique du Congo","Union africaine","Viviane Van de Perre"],"articleSection":["Diplomatie"],"inLanguage":"fr-FR","potentialAction":[{"@type":"CommentAction","name":"Comment","target":["https:\/\/lavoixdelanation.tg\/index.php\/2026\/01\/18\/efforts-de-paix-en-rdc-la-monusco-apporte-son-soutien-a-faure-gnassingbe\/#respond"]}]},{"@type":"WebPage","@id":"https:\/\/lavoixdelanation.tg\/index.php\/2026\/01\/18\/efforts-de-paix-en-rdc-la-monusco-apporte-son-soutien-a-faure-gnassingbe\/","url":"https:\/\/lavoixdelanation.tg\/index.php\/2026\/01\/18\/efforts-de-paix-en-rdc-la-monusco-apporte-son-soutien-a-faure-gnassingbe\/","name":"Efforts de paix en RDC\u00a0: La MONUSCO apporte son soutien \u00e0 Faure Gnassingb\u00e9 - La Voix de la Nation","isPartOf":{"@id":"https:\/\/lavoixdelanation.tg\/#website"},"primaryImageOfPage":{"@id":"https:\/\/lavoixdelanation.tg\/index.php\/2026\/01\/18\/efforts-de-paix-en-rdc-la-monusco-apporte-son-soutien-a-faure-gnassingbe\/#primaryimage"},"image":{"@id":"https:\/\/lavoixdelanation.tg\/index.php\/2026\/01\/18\/efforts-de-paix-en-rdc-la-monusco-apporte-son-soutien-a-faure-gnassingbe\/#primaryimage"},"thumbnailUrl":"https:\/\/lavoixdelanation.tg\/wp-content\/uploads\/2026\/01\/Mme-Viviane-Van-de-Perre-cheffe-par-interim-de-la-MONUSCO.jpg","datePublished":"2026-01-18T16:49:41+00:00","dateModified":"2026-01-18T16:52:01+00:00","breadcrumb":{"@id":"https:\/\/lavoixdelanation.tg\/index.php\/2026\/01\/18\/efforts-de-paix-en-rdc-la-monusco-apporte-son-soutien-a-faure-gnassingbe\/#breadcrumb"},"inLanguage":"fr-FR","potentialAction":[{"@type":"ReadAction","target":["https:\/\/lavoixdelanation.tg\/index.php\/2026\/01\/18\/efforts-de-paix-en-rdc-la-monusco-apporte-son-soutien-a-faure-gnassingbe\/"]}]},{"@type":"ImageObject","inLanguage":"fr-FR","@id":"https:\/\/lavoixdelanation.tg\/index.php\/2026\/01\/18\/efforts-de-paix-en-rdc-la-monusco-apporte-son-soutien-a-faure-gnassingbe\/#primaryimage","url":"https:\/\/lavoixdelanation.tg\/wp-content\/uploads\/2026\/01\/Mme-Viviane-Van-de-Perre-cheffe-par-interim-de-la-MONUSCO.jpg","contentUrl":"https:\/\/lavoixdelanation.tg\/wp-content\/uploads\/2026\/01\/Mme-Viviane-Van-de-Perre-cheffe-par-interim-de-la-MONUSCO.jpg","width":1600,"height":1067,"caption":"Mme Viviane Van de Perre, cheffe par int\u00e9rim de la MONUSCO"},{"@type":"BreadcrumbList","@id":"https:\/\/lavoixdelanation.tg\/index.php\/2026\/01\/18\/efforts-de-paix-en-rdc-la-monusco-apporte-son-soutien-a-faure-gnassingbe\/#breadcrumb","itemListElement":[{"@type":"ListItem","position":1,"name":"Accueil","item":"https:\/\/lavoixdelanation.tg\/"},{"@type":"ListItem","position":2,"name":"Efforts de paix en RDC\u00a0: La MONUSCO apporte son soutien \u00e0 Faure Gnassingb\u00e9"}]},{"@type":"WebSite","@id":"https:\/\/lavoixdelanation.tg\/#website","url":"https:\/\/lavoixdelanation.tg\/","name":"La Voix de la Nation","description":"R\u00e9c\u00e9piss\u00e9 n\u00b00108\/HAAC\/01-2024\/pl\/P","publisher":{"@id":"https:\/\/lavoixdelanation.tg\/#organization"},"alternateName":"VON","potentialAction":[{"@type":"SearchAction","target":{"@type":"EntryPoint","urlTemplate":"https:\/\/lavoixdelanation.tg\/?s={search_term_string}"},"query-input":{"@type":"PropertyValueSpecification","valueRequired":true,"valueName":"search_term_string"}}],"inLanguage":"fr-FR"},{"@type":"Organization","@id":"https:\/\/lavoixdelanation.tg\/#organization","name":"La Voix de la Nation","url":"https:\/\/lavoixdelanation.tg\/","logo":{"@type":"ImageObject","inLanguage":"fr-FR","@id":"https:\/\/lavoixdelanation.tg\/#\/schema\/logo\/image\/","url":"https:\/\/lavoixdelanation.tg\/wp-content\/uploads\/2024\/12\/lavn-1.png","contentUrl":"https:\/\/lavoixdelanation.tg\/wp-content\/uploads\/2024\/12\/lavn-1.png","width":1024,"height":464,"caption":"La Voix de la Nation"},"image":{"@id":"https:\/\/lavoixdelanation.tg\/#\/schema\/logo\/image\/"},"sameAs":["https:\/\/www.facebook.com\/lavoixdelanation"]},{"@type":"Person","@id":"https:\/\/lavoixdelanation.tg\/#\/schema\/person\/6c489293aa38053673a9e554acb6e224","name":"La voix de la nation","image":{"@type":"ImageObject","inLanguage":"fr-FR","@id":"https:\/\/lavoixdelanation.tg\/#\/schema\/person\/image\/","url":"https:\/\/secure.gravatar.com\/avatar\/8aa135d4bbc794494cecaa8d483f6d6cc1023624868deaff686baed5e727a5a1?s=96&d=mm&r=g","contentUrl":"https:\/\/secure.gravatar.com\/avatar\/8aa135d4bbc794494cecaa8d483f6d6cc1023624868deaff686baed5e727a5a1?s=96&d=mm&r=g","caption":"La voix de la nation"},"sameAs":["https:\/\/lavoixdelanation.tg"],"url":"https:\/\/lavoixdelanation.tg\/index.php\/author\/lavn\/"}]}},"_links":{"self":[{"href":"https:\/\/lavoixdelanation.tg\/index.php\/wp-json\/wp\/v2\/posts\/15245","targetHints":{"allow":["GET"]}}],"collection":[{"href":"https:\/\/lavoixdelanation.tg\/index.php\/wp-json\/wp\/v2\/posts"}],"about":[{"href":"https:\/\/lavoixdelanation.tg\/index.php\/wp-json\/wp\/v2\/types\/post"}],"author":[{"embeddable":true,"href":"https:\/\/lavoixdelanation.tg\/index.php\/wp-json\/wp\/v2\/users\/1"}],"replies":[{"embeddable":true,"href":"https:\/\/lavoixdelanation.tg\/index.php\/wp-json\/wp\/v2\/comments?post=15245"}],"version-history":[{"count":2,"href":"https:\/\/lavoixdelanation.tg\/index.php\/wp-json\/wp\/v2\/posts\/15245\/revisions"}],"predecessor-version":[{"id":15250,"href":"https:\/\/lavoixdelanation.tg\/index.php\/wp-json\/wp\/v2\/posts\/15245\/revisions\/15250"}],"wp:featuredmedia":[{"embeddable":true,"href":"https:\/\/lavoixdelanation.tg\/index.php\/wp-json\/wp\/v2\/media\/15246"}],"wp:attachment":[{"href":"https:\/\/lavoixdelanation.tg\/index.php\/wp-json\/wp\/v2\/media?parent=15245"}],"wp:term":[{"taxonomy":"category","embeddable":true,"href":"https:\/\/lavoixdelanation.tg\/index.php\/wp-json\/wp\/v2\/categories?post=15245"},{"taxonomy":"post_tag","embeddable":true,"href":"https:\/\/lavoixdelanation.tg\/index.php\/wp-json\/wp\/v2\/tags?post=15245"}],"curies":[{"name":"wp","href":"https:\/\/api.w.org\/{rel}","templated":true}]}}