{"id":15238,"date":"2026-01-18T14:58:54","date_gmt":"2026-01-18T13:58:54","guid":{"rendered":"https:\/\/lavoixdelanation.tg\/?p=15238"},"modified":"2026-01-18T15:05:19","modified_gmt":"2026-01-18T14:05:19","slug":"rdc-rwanda-lafrique-ne-doit-pas-echouer-dans-sa-mission-de-paix-faure-gnassingbe","status":"publish","type":"post","link":"https:\/\/lavoixdelanation.tg\/index.php\/2026\/01\/18\/rdc-rwanda-lafrique-ne-doit-pas-echouer-dans-sa-mission-de-paix-faure-gnassingbe\/","title":{"rendered":"RDC-Rwanda\u00a0: \u00ab\u00a0L\u2019Afrique ne doit pas \u00e9chouer dans sa mission de paix\u00a0\u00bb (Faure Gnassingb\u00e9)"},"content":{"rendered":"\n<p><strong>En sa qualit\u00e9 de M\u00e9diateur de l&rsquo;Union Africaine, le Pr\u00e9sident du Conseil Faure Gnassingb\u00e9 a pr\u00e9sid\u00e9 ce samedi 17 janvier 2026 \u00e0 Lom\u00e9, une R\u00e9union de haut niveau sur la coh\u00e9rence et la consolidation du processus de paix dans l&rsquo;Est de la R\u00e9publique d\u00e9mocratique du Congo (RDC) et dans la r\u00e9gion des Grands Lacs.<\/strong><\/p>\n\n\n\n<p>Il s\u2019agit d\u2019une rencontre strat\u00e9gique qui s\u2019inscrit dans le cadre de la poursuite des actions diplomatiques de Faure Gnassingb\u00e9 en vue de l\u2019instauration d\u2019une paix durable dans cette partie du continent africain.<\/p>\n\n\n\n<p>Cette rencontre a notamment permis de renforcer la coh\u00e9rence des initiatives de m\u00e9diation, d\u2019examiner la feuille de route globale du processus de paix, de mieux articuler les efforts des diff\u00e9rents facilitateurs et d\u2019\u00e9changer sur les d\u00e9veloppements r\u00e9cents dans l\u2019Est de la RDC, dans un esprit de dialogue constructif et de responsabilit\u00e9 partag\u00e9e.<\/p>\n\n\n\n<p>Au cours de son intervention, le Pr\u00e9sident du Conseil s\u2019est appesanti sur l\u2019urgence d\u2019une coordination accrue des efforts de paix dans la r\u00e9gion des Grands Lacs en vue de trouver des compromis durables face aux fragilit\u00e9s du contexte r\u00e9gional et international.<\/p>\n\n\n\n<figure class=\"wp-block-image size-full\"><img loading=\"lazy\" decoding=\"async\" width=\"900\" height=\"600\" src=\"https:\/\/lavoixdelanation.tg\/wp-content\/uploads\/2026\/01\/Reunion-de-haut-niveau-sur-la-paix-dans-lEst-de-la-RDC.jpg\" alt=\"\" class=\"wp-image-15240\" srcset=\"https:\/\/lavoixdelanation.tg\/wp-content\/uploads\/2026\/01\/Reunion-de-haut-niveau-sur-la-paix-dans-lEst-de-la-RDC.jpg 900w, https:\/\/lavoixdelanation.tg\/wp-content\/uploads\/2026\/01\/Reunion-de-haut-niveau-sur-la-paix-dans-lEst-de-la-RDC-300x200.jpg 300w, https:\/\/lavoixdelanation.tg\/wp-content\/uploads\/2026\/01\/Reunion-de-haut-niveau-sur-la-paix-dans-lEst-de-la-RDC-768x512.jpg 768w\" sizes=\"auto, (max-width: 900px) 100vw, 900px\" \/><\/figure>\n\n\n\n<p>Faure Gnassingb\u00e9 a articul\u00e9 ses propos autour de quatre (04) messages en guise d\u2019orientations des travaux de cette r\u00e9union cruciale.<\/p>\n\n\n\n<p>D\u2019abord faire de cette r\u00e9union de haut niveau un moment d\u00e9cisif et de v\u00e9rit\u00e9 pour l\u2019action africaine en mati\u00e8re de paix et de s\u00e9curit\u00e9, ensuite le renforcement de la coh\u00e9rence strat\u00e9gique des actions qui est une exigence essentielle pour renforcer l\u2019alignement, la compl\u00e9mentarit\u00e9 et la lisibilit\u00e9 de l\u2019action africaine dans la recherche d\u2019une paix durable et de la stabilit\u00e9.<\/p>\n\n\n\n<p>\u00ab&nbsp;L\u2019Afrique ne doit pas \u00e9chouer dans sa mission de paix. L\u2019enjeu est donc d\u2019abord celui des conditions d\u2019une paix durable en RDC et dans les Grands Lacs. Il est aussi celui de la maturit\u00e9 politique de l\u2019action africaine face aux d\u00e9fis de s\u00e9curit\u00e9 et de stabilit\u00e9 du continent&nbsp;\u00bb, a d\u00e9clar\u00e9 Faure Gnassingb\u00e9.<\/p>\n\n\n\n<p>Il a par ailleurs \u00e9voqu\u00e9 la n\u00e9cessit\u00e9 de faire entrer le processus africain unifi\u00e9 dans une phase pleinement op\u00e9rationnelle, et l\u2019importance de renforcer les dimensions humanitaires, sociales et \u00e9conomiques des efforts de paix \u00e0 travers l\u2019am\u00e9lioration tangible des conditions de vie quotidienne des femmes, des hommes, des jeunes et des enfants affect\u00e9s par les conflits.<\/p>\n\n\n\n<p>Le m\u00e9diateur de l\u2019UA Faure Gnassingb\u00e9 a \u00e9galement salu\u00e9 \u00e0 l\u2019engagement des \u00c9tats, des partenaires et de l\u2019ensemble des parties prenantes.<\/p>\n\n\n\n<p>\u00ab&nbsp;Plus que jamais, notre action collective doit rester guid\u00e9e par une conviction forte : seule une solution politique concert\u00e9e et durable permettra de restaurer la paix, la s\u00e9curit\u00e9 et la stabilit\u00e9 au b\u00e9n\u00e9fice des populations de la r\u00e9gion des Grands Lacs&nbsp;\u00bb, a-t-il estim\u00e9.<\/p>\n\n\n\n<p>Les travaux ont connu la participation d\u2019\u00e9minentes personnalit\u00e9s africaines notamment Mahmoud Ali Youssouf, pr\u00e9sident de la Commission de l\u2019Union africaine, les parties prenantes et le panel des facilitateurs de l\u2019Union africaine compos\u00e9 des anciens pr\u00e9sidents Olusegun Obasanjo du Nigeria, Uhuru Kenyatta du Kenya, Mokgweetsi Masisi du Botswana, et des anciennes pr\u00e9sidentes Sahle-Work Zewde d\u2019\u00c9thiopie et Catherine Samba-Panza de la R\u00e9publique centrafricaine, et plusieurs autres acteurs impliqu\u00e9s dans ce processus de paix.<\/p>\n\n\n\n<p>Le pr\u00e9sident de la Commission de l\u2019Union africaine Mahamoud Ali Youssouf et T\u00e9te Ant\u00f3nio, (repr\u00e9sentant du pr\u00e9sident angolais, pr\u00e9sident en exercice de la Conf\u00e9rence des chefs d\u2019Etat et de gouvernement de l\u2019Union africaine) se sont f\u00e9licit\u00e9s de la tenue de la rencontre de Lom\u00e9 qui trace une voie qui implique une empreinte purement africaine du processus d\u2019une paix durable dans la r\u00e9gion des Grands Lacs et en R\u00e9publique D\u00e9mocratique du Congo (RDC).<\/p>\n\n\n\n<p>Les travaux ont \u00e9t\u00e9 sanctionn\u00e9s par une d\u00e9claration finale contenue dans le document PDF ci-dessous\u00a0:<\/p>\n\n\n\n<div data-wp-interactive=\"core\/file\" class=\"wp-block-file\"><object data-wp-bind--hidden=\"!state.hasPdfPreview\" hidden class=\"wp-block-file__embed\" data=\"https:\/\/lavoixdelanation.tg\/wp-content\/uploads\/2026\/01\/COMMUNIQUE-FINAL.pdf\" type=\"application\/pdf\" style=\"width:100%;height:600px\" aria-label=\"Contenu embarqu\u00e9 COMMUNIQUE-FINAL.\"><\/object><a id=\"wp-block-file--media-0cd1a9e9-9f9c-4e53-a820-86eef43065a7\" href=\"https:\/\/lavoixdelanation.tg\/wp-content\/uploads\/2026\/01\/COMMUNIQUE-FINAL.pdf\">COMMUNIQUE-FINAL<\/a><a href=\"https:\/\/lavoixdelanation.tg\/wp-content\/uploads\/2026\/01\/COMMUNIQUE-FINAL.pdf\" class=\"wp-block-file__button wp-element-button\" download aria-describedby=\"wp-block-file--media-0cd1a9e9-9f9c-4e53-a820-86eef43065a7\">T\u00e9l\u00e9charger<\/a><\/div>\n\n\n\n<p><\/p>\n","protected":false},"excerpt":{"rendered":"<p>En sa qualit\u00e9 de M\u00e9diateur de l&rsquo;Union Africaine, le Pr\u00e9sident du Conseil Faure Gnassingb\u00e9 a pr\u00e9sid\u00e9 ce samedi 17 janvier 2026 \u00e0 Lom\u00e9, une R\u00e9union de haut niveau sur la&hellip; <\/p>\n","protected":false},"author":1,"featured_media":15239,"comment_status":"open","ping_status":"closed","sticky":false,"template":"","format":"standard","meta":{"footnotes":""},"categories":[12,21],"tags":[45,594,1224,163],"class_list":["post-15238","post","type-post","status-publish","format-standard","has-post-thumbnail","hentry","category-diplomatie","category-politique","tag-faure-gnassingbe","tag-mediateur","tag-rdc-rwanda","tag-union-africaine"],"yoast_head":"<!-- This site is optimized with the Yoast SEO plugin v26.4 - https:\/\/yoast.com\/wordpress\/plugins\/seo\/ -->\n<title>RDC-Rwanda\u00a0: \u00ab\u00a0L\u2019Afrique ne doit pas \u00e9chouer dans sa mission de paix\u00a0\u00bb (Faure Gnassingb\u00e9) - La Voix de la Nation<\/title>\n<meta name=\"robots\" content=\"index, follow, max-snippet:-1, max-image-preview:large, max-video-preview:-1\" \/>\n<link rel=\"canonical\" href=\"https:\/\/lavoixdelanation.tg\/index.php\/2026\/01\/18\/rdc-rwanda-lafrique-ne-doit-pas-echouer-dans-sa-mission-de-paix-faure-gnassingbe\/\" \/>\n<meta property=\"og:locale\" content=\"fr_FR\" \/>\n<meta property=\"og:type\" content=\"article\" \/>\n<meta property=\"og:title\" content=\"RDC-Rwanda\u00a0: \u00ab\u00a0L\u2019Afrique ne doit pas \u00e9chouer dans sa mission de paix\u00a0\u00bb (Faure Gnassingb\u00e9) - La Voix de la Nation\" \/>\n<meta property=\"og:description\" content=\"En sa qualit\u00e9 de M\u00e9diateur de l&rsquo;Union Africaine, le Pr\u00e9sident du Conseil Faure Gnassingb\u00e9 a pr\u00e9sid\u00e9 ce samedi 17 janvier 2026 \u00e0 Lom\u00e9, une R\u00e9union de haut niveau sur la&hellip;\" \/>\n<meta property=\"og:url\" content=\"https:\/\/lavoixdelanation.tg\/index.php\/2026\/01\/18\/rdc-rwanda-lafrique-ne-doit-pas-echouer-dans-sa-mission-de-paix-faure-gnassingbe\/\" \/>\n<meta property=\"og:site_name\" content=\"La Voix de la Nation\" \/>\n<meta property=\"article:publisher\" content=\"https:\/\/www.facebook.com\/lavoixdelanation\" \/>\n<meta property=\"article:published_time\" content=\"2026-01-18T13:58:54+00:00\" \/>\n<meta property=\"article:modified_time\" content=\"2026-01-18T14:05:19+00:00\" \/>\n<meta property=\"og:image\" content=\"https:\/\/lavoixdelanation.tg\/wp-content\/uploads\/2026\/01\/Faure-Gnassingbe-presidant-le-Sommet-de-Lome-sur-la-paix-en-RDC.jpg\" \/>\n\t<meta property=\"og:image:width\" content=\"1009\" \/>\n\t<meta property=\"og:image:height\" content=\"692\" \/>\n\t<meta property=\"og:image:type\" content=\"image\/jpeg\" \/>\n<meta name=\"author\" content=\"La voix de la nation\" \/>\n<meta name=\"twitter:card\" content=\"summary_large_image\" \/>\n<meta name=\"twitter:label1\" content=\"\u00c9crit par\" \/>\n\t<meta name=\"twitter:data1\" content=\"La voix de la nation\" \/>\n\t<meta name=\"twitter:label2\" content=\"Dur\u00e9e de lecture estim\u00e9e\" \/>\n\t<meta name=\"twitter:data2\" content=\"4 minutes\" \/>\n<script type=\"application\/ld+json\" class=\"yoast-schema-graph\">{\"@context\":\"https:\/\/schema.org\",\"@graph\":[{\"@type\":\"Article\",\"@id\":\"https:\/\/lavoixdelanation.tg\/index.php\/2026\/01\/18\/rdc-rwanda-lafrique-ne-doit-pas-echouer-dans-sa-mission-de-paix-faure-gnassingbe\/#article\",\"isPartOf\":{\"@id\":\"https:\/\/lavoixdelanation.tg\/index.php\/2026\/01\/18\/rdc-rwanda-lafrique-ne-doit-pas-echouer-dans-sa-mission-de-paix-faure-gnassingbe\/\"},\"author\":{\"name\":\"La voix de la nation\",\"@id\":\"https:\/\/lavoixdelanation.tg\/#\/schema\/person\/6c489293aa38053673a9e554acb6e224\"},\"headline\":\"RDC-Rwanda\u00a0: \u00ab\u00a0L\u2019Afrique ne doit pas \u00e9chouer dans sa mission de paix\u00a0\u00bb (Faure Gnassingb\u00e9)\",\"datePublished\":\"2026-01-18T13:58:54+00:00\",\"dateModified\":\"2026-01-18T14:05:19+00:00\",\"mainEntityOfPage\":{\"@id\":\"https:\/\/lavoixdelanation.tg\/index.php\/2026\/01\/18\/rdc-rwanda-lafrique-ne-doit-pas-echouer-dans-sa-mission-de-paix-faure-gnassingbe\/\"},\"wordCount\":701,\"commentCount\":0,\"publisher\":{\"@id\":\"https:\/\/lavoixdelanation.tg\/#organization\"},\"image\":{\"@id\":\"https:\/\/lavoixdelanation.tg\/index.php\/2026\/01\/18\/rdc-rwanda-lafrique-ne-doit-pas-echouer-dans-sa-mission-de-paix-faure-gnassingbe\/#primaryimage\"},\"thumbnailUrl\":\"https:\/\/lavoixdelanation.tg\/wp-content\/uploads\/2026\/01\/Faure-Gnassingbe-presidant-le-Sommet-de-Lome-sur-la-paix-en-RDC.jpg\",\"keywords\":[\"Faure Gnassingb\u00e9\",\"m\u00e9diateur\",\"RDC-Rwanda\",\"Union africaine\"],\"articleSection\":[\"Diplomatie\",\"Politique\"],\"inLanguage\":\"fr-FR\",\"potentialAction\":[{\"@type\":\"CommentAction\",\"name\":\"Comment\",\"target\":[\"https:\/\/lavoixdelanation.tg\/index.php\/2026\/01\/18\/rdc-rwanda-lafrique-ne-doit-pas-echouer-dans-sa-mission-de-paix-faure-gnassingbe\/#respond\"]}]},{\"@type\":\"WebPage\",\"@id\":\"https:\/\/lavoixdelanation.tg\/index.php\/2026\/01\/18\/rdc-rwanda-lafrique-ne-doit-pas-echouer-dans-sa-mission-de-paix-faure-gnassingbe\/\",\"url\":\"https:\/\/lavoixdelanation.tg\/index.php\/2026\/01\/18\/rdc-rwanda-lafrique-ne-doit-pas-echouer-dans-sa-mission-de-paix-faure-gnassingbe\/\",\"name\":\"RDC-Rwanda\u00a0: \u00ab\u00a0L\u2019Afrique ne doit pas \u00e9chouer dans sa mission de paix\u00a0\u00bb (Faure Gnassingb\u00e9) - La Voix de la Nation\",\"isPartOf\":{\"@id\":\"https:\/\/lavoixdelanation.tg\/#website\"},\"primaryImageOfPage\":{\"@id\":\"https:\/\/lavoixdelanation.tg\/index.php\/2026\/01\/18\/rdc-rwanda-lafrique-ne-doit-pas-echouer-dans-sa-mission-de-paix-faure-gnassingbe\/#primaryimage\"},\"image\":{\"@id\":\"https:\/\/lavoixdelanation.tg\/index.php\/2026\/01\/18\/rdc-rwanda-lafrique-ne-doit-pas-echouer-dans-sa-mission-de-paix-faure-gnassingbe\/#primaryimage\"},\"thumbnailUrl\":\"https:\/\/lavoixdelanation.tg\/wp-content\/uploads\/2026\/01\/Faure-Gnassingbe-presidant-le-Sommet-de-Lome-sur-la-paix-en-RDC.jpg\",\"datePublished\":\"2026-01-18T13:58:54+00:00\",\"dateModified\":\"2026-01-18T14:05:19+00:00\",\"breadcrumb\":{\"@id\":\"https:\/\/lavoixdelanation.tg\/index.php\/2026\/01\/18\/rdc-rwanda-lafrique-ne-doit-pas-echouer-dans-sa-mission-de-paix-faure-gnassingbe\/#breadcrumb\"},\"inLanguage\":\"fr-FR\",\"potentialAction\":[{\"@type\":\"ReadAction\",\"target\":[\"https:\/\/lavoixdelanation.tg\/index.php\/2026\/01\/18\/rdc-rwanda-lafrique-ne-doit-pas-echouer-dans-sa-mission-de-paix-faure-gnassingbe\/\"]}]},{\"@type\":\"ImageObject\",\"inLanguage\":\"fr-FR\",\"@id\":\"https:\/\/lavoixdelanation.tg\/index.php\/2026\/01\/18\/rdc-rwanda-lafrique-ne-doit-pas-echouer-dans-sa-mission-de-paix-faure-gnassingbe\/#primaryimage\",\"url\":\"https:\/\/lavoixdelanation.tg\/wp-content\/uploads\/2026\/01\/Faure-Gnassingbe-presidant-le-Sommet-de-Lome-sur-la-paix-en-RDC.jpg\",\"contentUrl\":\"https:\/\/lavoixdelanation.tg\/wp-content\/uploads\/2026\/01\/Faure-Gnassingbe-presidant-le-Sommet-de-Lome-sur-la-paix-en-RDC.jpg\",\"width\":1009,\"height\":692,\"caption\":\"Faure Gnassingb\u00e9 pr\u00e9sidant le Sommet de Lom\u00e9 sur la paix en RDC\"},{\"@type\":\"BreadcrumbList\",\"@id\":\"https:\/\/lavoixdelanation.tg\/index.php\/2026\/01\/18\/rdc-rwanda-lafrique-ne-doit-pas-echouer-dans-sa-mission-de-paix-faure-gnassingbe\/#breadcrumb\",\"itemListElement\":[{\"@type\":\"ListItem\",\"position\":1,\"name\":\"Accueil\",\"item\":\"https:\/\/lavoixdelanation.tg\/\"},{\"@type\":\"ListItem\",\"position\":2,\"name\":\"RDC-Rwanda\u00a0: \u00ab\u00a0L\u2019Afrique ne doit pas \u00e9chouer dans sa mission de paix\u00a0\u00bb (Faure Gnassingb\u00e9)\"}]},{\"@type\":\"WebSite\",\"@id\":\"https:\/\/lavoixdelanation.tg\/#website\",\"url\":\"https:\/\/lavoixdelanation.tg\/\",\"name\":\"La Voix de la Nation\",\"description\":\"R\u00e9c\u00e9piss\u00e9 n\u00b00108\/HAAC\/01-2024\/pl\/P\",\"publisher\":{\"@id\":\"https:\/\/lavoixdelanation.tg\/#organization\"},\"alternateName\":\"VON\",\"potentialAction\":[{\"@type\":\"SearchAction\",\"target\":{\"@type\":\"EntryPoint\",\"urlTemplate\":\"https:\/\/lavoixdelanation.tg\/?s={search_term_string}\"},\"query-input\":{\"@type\":\"PropertyValueSpecification\",\"valueRequired\":true,\"valueName\":\"search_term_string\"}}],\"inLanguage\":\"fr-FR\"},{\"@type\":\"Organization\",\"@id\":\"https:\/\/lavoixdelanation.tg\/#organization\",\"name\":\"La Voix de la Nation\",\"url\":\"https:\/\/lavoixdelanation.tg\/\",\"logo\":{\"@type\":\"ImageObject\",\"inLanguage\":\"fr-FR\",\"@id\":\"https:\/\/lavoixdelanation.tg\/#\/schema\/logo\/image\/\",\"url\":\"https:\/\/lavoixdelanation.tg\/wp-content\/uploads\/2024\/12\/lavn-1.png\",\"contentUrl\":\"https:\/\/lavoixdelanation.tg\/wp-content\/uploads\/2024\/12\/lavn-1.png\",\"width\":1024,\"height\":464,\"caption\":\"La Voix de la Nation\"},\"image\":{\"@id\":\"https:\/\/lavoixdelanation.tg\/#\/schema\/logo\/image\/\"},\"sameAs\":[\"https:\/\/www.facebook.com\/lavoixdelanation\"]},{\"@type\":\"Person\",\"@id\":\"https:\/\/lavoixdelanation.tg\/#\/schema\/person\/6c489293aa38053673a9e554acb6e224\",\"name\":\"La voix de la nation\",\"image\":{\"@type\":\"ImageObject\",\"inLanguage\":\"fr-FR\",\"@id\":\"https:\/\/lavoixdelanation.tg\/#\/schema\/person\/image\/\",\"url\":\"https:\/\/secure.gravatar.com\/avatar\/8aa135d4bbc794494cecaa8d483f6d6cc1023624868deaff686baed5e727a5a1?s=96&d=mm&r=g\",\"contentUrl\":\"https:\/\/secure.gravatar.com\/avatar\/8aa135d4bbc794494cecaa8d483f6d6cc1023624868deaff686baed5e727a5a1?s=96&d=mm&r=g\",\"caption\":\"La voix de la nation\"},\"sameAs\":[\"https:\/\/lavoixdelanation.tg\"],\"url\":\"https:\/\/lavoixdelanation.tg\/index.php\/author\/lavn\/\"}]}<\/script>\n<!-- \/ Yoast SEO plugin. -->","yoast_head_json":{"title":"RDC-Rwanda\u00a0: \u00ab\u00a0L\u2019Afrique ne doit pas \u00e9chouer dans sa mission de paix\u00a0\u00bb (Faure Gnassingb\u00e9) - La Voix de la Nation","robots":{"index":"index","follow":"follow","max-snippet":"max-snippet:-1","max-image-preview":"max-image-preview:large","max-video-preview":"max-video-preview:-1"},"canonical":"https:\/\/lavoixdelanation.tg\/index.php\/2026\/01\/18\/rdc-rwanda-lafrique-ne-doit-pas-echouer-dans-sa-mission-de-paix-faure-gnassingbe\/","og_locale":"fr_FR","og_type":"article","og_title":"RDC-Rwanda\u00a0: \u00ab\u00a0L\u2019Afrique ne doit pas \u00e9chouer dans sa mission de paix\u00a0\u00bb (Faure Gnassingb\u00e9) - La Voix de la Nation","og_description":"En sa qualit\u00e9 de M\u00e9diateur de l&rsquo;Union Africaine, le Pr\u00e9sident du Conseil Faure Gnassingb\u00e9 a pr\u00e9sid\u00e9 ce samedi 17 janvier 2026 \u00e0 Lom\u00e9, une R\u00e9union de haut niveau sur la&hellip;","og_url":"https:\/\/lavoixdelanation.tg\/index.php\/2026\/01\/18\/rdc-rwanda-lafrique-ne-doit-pas-echouer-dans-sa-mission-de-paix-faure-gnassingbe\/","og_site_name":"La Voix de la Nation","article_publisher":"https:\/\/www.facebook.com\/lavoixdelanation","article_published_time":"2026-01-18T13:58:54+00:00","article_modified_time":"2026-01-18T14:05:19+00:00","og_image":[{"width":1009,"height":692,"url":"https:\/\/lavoixdelanation.tg\/wp-content\/uploads\/2026\/01\/Faure-Gnassingbe-presidant-le-Sommet-de-Lome-sur-la-paix-en-RDC.jpg","type":"image\/jpeg"}],"author":"La voix de la nation","twitter_card":"summary_large_image","twitter_misc":{"\u00c9crit par":"La voix de la nation","Dur\u00e9e de lecture estim\u00e9e":"4 minutes"},"schema":{"@context":"https:\/\/schema.org","@graph":[{"@type":"Article","@id":"https:\/\/lavoixdelanation.tg\/index.php\/2026\/01\/18\/rdc-rwanda-lafrique-ne-doit-pas-echouer-dans-sa-mission-de-paix-faure-gnassingbe\/#article","isPartOf":{"@id":"https:\/\/lavoixdelanation.tg\/index.php\/2026\/01\/18\/rdc-rwanda-lafrique-ne-doit-pas-echouer-dans-sa-mission-de-paix-faure-gnassingbe\/"},"author":{"name":"La voix de la nation","@id":"https:\/\/lavoixdelanation.tg\/#\/schema\/person\/6c489293aa38053673a9e554acb6e224"},"headline":"RDC-Rwanda\u00a0: \u00ab\u00a0L\u2019Afrique ne doit pas \u00e9chouer dans sa mission de paix\u00a0\u00bb (Faure Gnassingb\u00e9)","datePublished":"2026-01-18T13:58:54+00:00","dateModified":"2026-01-18T14:05:19+00:00","mainEntityOfPage":{"@id":"https:\/\/lavoixdelanation.tg\/index.php\/2026\/01\/18\/rdc-rwanda-lafrique-ne-doit-pas-echouer-dans-sa-mission-de-paix-faure-gnassingbe\/"},"wordCount":701,"commentCount":0,"publisher":{"@id":"https:\/\/lavoixdelanation.tg\/#organization"},"image":{"@id":"https:\/\/lavoixdelanation.tg\/index.php\/2026\/01\/18\/rdc-rwanda-lafrique-ne-doit-pas-echouer-dans-sa-mission-de-paix-faure-gnassingbe\/#primaryimage"},"thumbnailUrl":"https:\/\/lavoixdelanation.tg\/wp-content\/uploads\/2026\/01\/Faure-Gnassingbe-presidant-le-Sommet-de-Lome-sur-la-paix-en-RDC.jpg","keywords":["Faure Gnassingb\u00e9","m\u00e9diateur","RDC-Rwanda","Union africaine"],"articleSection":["Diplomatie","Politique"],"inLanguage":"fr-FR","potentialAction":[{"@type":"CommentAction","name":"Comment","target":["https:\/\/lavoixdelanation.tg\/index.php\/2026\/01\/18\/rdc-rwanda-lafrique-ne-doit-pas-echouer-dans-sa-mission-de-paix-faure-gnassingbe\/#respond"]}]},{"@type":"WebPage","@id":"https:\/\/lavoixdelanation.tg\/index.php\/2026\/01\/18\/rdc-rwanda-lafrique-ne-doit-pas-echouer-dans-sa-mission-de-paix-faure-gnassingbe\/","url":"https:\/\/lavoixdelanation.tg\/index.php\/2026\/01\/18\/rdc-rwanda-lafrique-ne-doit-pas-echouer-dans-sa-mission-de-paix-faure-gnassingbe\/","name":"RDC-Rwanda\u00a0: \u00ab\u00a0L\u2019Afrique ne doit pas \u00e9chouer dans sa mission de paix\u00a0\u00bb (Faure Gnassingb\u00e9) - La Voix de la Nation","isPartOf":{"@id":"https:\/\/lavoixdelanation.tg\/#website"},"primaryImageOfPage":{"@id":"https:\/\/lavoixdelanation.tg\/index.php\/2026\/01\/18\/rdc-rwanda-lafrique-ne-doit-pas-echouer-dans-sa-mission-de-paix-faure-gnassingbe\/#primaryimage"},"image":{"@id":"https:\/\/lavoixdelanation.tg\/index.php\/2026\/01\/18\/rdc-rwanda-lafrique-ne-doit-pas-echouer-dans-sa-mission-de-paix-faure-gnassingbe\/#primaryimage"},"thumbnailUrl":"https:\/\/lavoixdelanation.tg\/wp-content\/uploads\/2026\/01\/Faure-Gnassingbe-presidant-le-Sommet-de-Lome-sur-la-paix-en-RDC.jpg","datePublished":"2026-01-18T13:58:54+00:00","dateModified":"2026-01-18T14:05:19+00:00","breadcrumb":{"@id":"https:\/\/lavoixdelanation.tg\/index.php\/2026\/01\/18\/rdc-rwanda-lafrique-ne-doit-pas-echouer-dans-sa-mission-de-paix-faure-gnassingbe\/#breadcrumb"},"inLanguage":"fr-FR","potentialAction":[{"@type":"ReadAction","target":["https:\/\/lavoixdelanation.tg\/index.php\/2026\/01\/18\/rdc-rwanda-lafrique-ne-doit-pas-echouer-dans-sa-mission-de-paix-faure-gnassingbe\/"]}]},{"@type":"ImageObject","inLanguage":"fr-FR","@id":"https:\/\/lavoixdelanation.tg\/index.php\/2026\/01\/18\/rdc-rwanda-lafrique-ne-doit-pas-echouer-dans-sa-mission-de-paix-faure-gnassingbe\/#primaryimage","url":"https:\/\/lavoixdelanation.tg\/wp-content\/uploads\/2026\/01\/Faure-Gnassingbe-presidant-le-Sommet-de-Lome-sur-la-paix-en-RDC.jpg","contentUrl":"https:\/\/lavoixdelanation.tg\/wp-content\/uploads\/2026\/01\/Faure-Gnassingbe-presidant-le-Sommet-de-Lome-sur-la-paix-en-RDC.jpg","width":1009,"height":692,"caption":"Faure Gnassingb\u00e9 pr\u00e9sidant le Sommet de Lom\u00e9 sur la paix en RDC"},{"@type":"BreadcrumbList","@id":"https:\/\/lavoixdelanation.tg\/index.php\/2026\/01\/18\/rdc-rwanda-lafrique-ne-doit-pas-echouer-dans-sa-mission-de-paix-faure-gnassingbe\/#breadcrumb","itemListElement":[{"@type":"ListItem","position":1,"name":"Accueil","item":"https:\/\/lavoixdelanation.tg\/"},{"@type":"ListItem","position":2,"name":"RDC-Rwanda\u00a0: \u00ab\u00a0L\u2019Afrique ne doit pas \u00e9chouer dans sa mission de paix\u00a0\u00bb (Faure Gnassingb\u00e9)"}]},{"@type":"WebSite","@id":"https:\/\/lavoixdelanation.tg\/#website","url":"https:\/\/lavoixdelanation.tg\/","name":"La Voix de la Nation","description":"R\u00e9c\u00e9piss\u00e9 n\u00b00108\/HAAC\/01-2024\/pl\/P","publisher":{"@id":"https:\/\/lavoixdelanation.tg\/#organization"},"alternateName":"VON","potentialAction":[{"@type":"SearchAction","target":{"@type":"EntryPoint","urlTemplate":"https:\/\/lavoixdelanation.tg\/?s={search_term_string}"},"query-input":{"@type":"PropertyValueSpecification","valueRequired":true,"valueName":"search_term_string"}}],"inLanguage":"fr-FR"},{"@type":"Organization","@id":"https:\/\/lavoixdelanation.tg\/#organization","name":"La Voix de la Nation","url":"https:\/\/lavoixdelanation.tg\/","logo":{"@type":"ImageObject","inLanguage":"fr-FR","@id":"https:\/\/lavoixdelanation.tg\/#\/schema\/logo\/image\/","url":"https:\/\/lavoixdelanation.tg\/wp-content\/uploads\/2024\/12\/lavn-1.png","contentUrl":"https:\/\/lavoixdelanation.tg\/wp-content\/uploads\/2024\/12\/lavn-1.png","width":1024,"height":464,"caption":"La Voix de la Nation"},"image":{"@id":"https:\/\/lavoixdelanation.tg\/#\/schema\/logo\/image\/"},"sameAs":["https:\/\/www.facebook.com\/lavoixdelanation"]},{"@type":"Person","@id":"https:\/\/lavoixdelanation.tg\/#\/schema\/person\/6c489293aa38053673a9e554acb6e224","name":"La voix de la nation","image":{"@type":"ImageObject","inLanguage":"fr-FR","@id":"https:\/\/lavoixdelanation.tg\/#\/schema\/person\/image\/","url":"https:\/\/secure.gravatar.com\/avatar\/8aa135d4bbc794494cecaa8d483f6d6cc1023624868deaff686baed5e727a5a1?s=96&d=mm&r=g","contentUrl":"https:\/\/secure.gravatar.com\/avatar\/8aa135d4bbc794494cecaa8d483f6d6cc1023624868deaff686baed5e727a5a1?s=96&d=mm&r=g","caption":"La voix de la nation"},"sameAs":["https:\/\/lavoixdelanation.tg"],"url":"https:\/\/lavoixdelanation.tg\/index.php\/author\/lavn\/"}]}},"_links":{"self":[{"href":"https:\/\/lavoixdelanation.tg\/index.php\/wp-json\/wp\/v2\/posts\/15238","targetHints":{"allow":["GET"]}}],"collection":[{"href":"https:\/\/lavoixdelanation.tg\/index.php\/wp-json\/wp\/v2\/posts"}],"about":[{"href":"https:\/\/lavoixdelanation.tg\/index.php\/wp-json\/wp\/v2\/types\/post"}],"author":[{"embeddable":true,"href":"https:\/\/lavoixdelanation.tg\/index.php\/wp-json\/wp\/v2\/users\/1"}],"replies":[{"embeddable":true,"href":"https:\/\/lavoixdelanation.tg\/index.php\/wp-json\/wp\/v2\/comments?post=15238"}],"version-history":[{"count":3,"href":"https:\/\/lavoixdelanation.tg\/index.php\/wp-json\/wp\/v2\/posts\/15238\/revisions"}],"predecessor-version":[{"id":15244,"href":"https:\/\/lavoixdelanation.tg\/index.php\/wp-json\/wp\/v2\/posts\/15238\/revisions\/15244"}],"wp:featuredmedia":[{"embeddable":true,"href":"https:\/\/lavoixdelanation.tg\/index.php\/wp-json\/wp\/v2\/media\/15239"}],"wp:attachment":[{"href":"https:\/\/lavoixdelanation.tg\/index.php\/wp-json\/wp\/v2\/media?parent=15238"}],"wp:term":[{"taxonomy":"category","embeddable":true,"href":"https:\/\/lavoixdelanation.tg\/index.php\/wp-json\/wp\/v2\/categories?post=15238"},{"taxonomy":"post_tag","embeddable":true,"href":"https:\/\/lavoixdelanation.tg\/index.php\/wp-json\/wp\/v2\/tags?post=15238"}],"curies":[{"name":"wp","href":"https:\/\/api.w.org\/{rel}","templated":true}]}}