{"id":15235,"date":"2026-01-16T11:36:05","date_gmt":"2026-01-16T10:36:05","guid":{"rendered":"https:\/\/lavoixdelanation.tg\/?p=15235"},"modified":"2026-01-16T11:36:06","modified_gmt":"2026-01-16T10:36:06","slug":"paix-et-securite-le-president-de-la-commission-de-lua-recu-par-faure-gnassingbe-a-lome","status":"publish","type":"post","link":"https:\/\/lavoixdelanation.tg\/index.php\/2026\/01\/16\/paix-et-securite-le-president-de-la-commission-de-lua-recu-par-faure-gnassingbe-a-lome\/","title":{"rendered":"Paix et s\u00e9curit\u00e9\u00a0: Le Pr\u00e9sident de la Commission de l\u2019UA re\u00e7u par Faure Gnassingb\u00e9 \u00e0 Lom\u00e9"},"content":{"rendered":"\n<p><strong>Arriv\u00e9 \u00e0 Lom\u00e9 dans le cadre d\u2019un sommet de haut niveau sur la situation dans les Grands Lacs qui s\u2019ouvre le 17 janvier prochain dans la capitale togolaise, le Pr\u00e9sident de la Commission de l\u2019Union africaine Mahamoud Ali Youssouf a \u00e9t\u00e9 re\u00e7u en audience ce 15 janvier 2026 par le Pr\u00e9sident du Conseil Faure Gnassingb\u00e9.<\/strong><strong><\/strong><\/p>\n\n\n\n<p>Selon une note de la pr\u00e9sidence du conseil, les \u00e9changes entre les deux personnalit\u00e9s ont port\u00e9 sur les questions de paix, les m\u00e9canismes pour faire face aux crises s\u00e9curitaires ainsi que les nouveaux enjeux du d\u00e9veloppement des r\u00e9gions et de l\u2019int\u00e9gration africaine.<\/p>\n\n\n\n<p>\u00ab J\u2019ai \u00e9t\u00e9 heureux, suite \u00e0 ma prise de fonction en qualit\u00e9 de pr\u00e9sident de la Commission de l\u2019Union africaine, de venir au Togo pour discuter avec le gouvernement des questions qui pr\u00e9occupent le continent notamment, la paix, la s\u00e9curit\u00e9, le d\u00e9veloppement r\u00e9gional et l\u2019int\u00e9gration, sous le leadership de Son Excellence Monsieur le Pr\u00e9sident du Conseil \u00bb, a d\u00e9clar\u00e9 Mahamoud Ali Youssouf.<\/p>\n\n\n\n<p>La Commission de l\u2019Union africaine entend renforcer le r\u00f4le de la diplomatie pr\u00e9ventive, soutenir les initiatives africaines de m\u00e9diation, et appuyer les efforts des \u00c9tats membres pour faire face aux d\u00e9fis s\u00e9curitaires, notamment dans les zones affect\u00e9es par les conflits arm\u00e9s et l\u2019extr\u00e9misme violent.<\/p>\n\n\n\n<p>A cet effet, Mahamoud Ali Youssouf a b\u00e9n\u00e9fici\u00e9 des orientations du Pr\u00e9sident du Conseil en vue de mener \u00e0 bien sa mission \u00e0 la t\u00eate de l\u2019instance continentale.<\/p>\n\n\n\n<p>Il a salu\u00e9 les efforts du Togo en mati\u00e8re de consolidation de la stabilit\u00e9 et de promotion de la paix dans les diff\u00e9rentes r\u00e9gions du continent notamment la r\u00e9gion des Grands Lacs.<\/p>\n\n\n\n<p>\u00ab Le Togo est connu pour sa stabilit\u00e9 et pour \u00eatre un pays \u00e0 l\u2019avant-garde de la paix et de la stabilit\u00e9. Il \u00e9tait donc tout \u00e0 fait naturel que je vienne, avec les facilitateurs de l\u2019Union africaine pour la question de l\u2019Est de la RDC, afin de consulter Monsieur le Pr\u00e9sident du Conseil, de recueillir ses orientations et de voir comment remettre l\u2019initiative africaine et la m\u00e9diation africaine au centre de l\u2019action diplomatique&nbsp;\u00bb, a pr\u00e9cis\u00e9 le Pr\u00e9sident de la Commission de l\u2019Union africaine.<\/p>\n\n\n\n<p>Le Pr\u00e9sident du Conseil est tr\u00e8s engag\u00e9 dans cette entreprise. Il voudrait que l\u2019Afrique joue son r\u00f4le et il est le champion. Aujourd\u2019hui m\u00e9diateur de cette initiative, il a assum\u00e9 cette responsabilit\u00e9 depuis avril 2025 et, la Commission et les facilitateurs vont faire justement, en sorte que le r\u00f4le de l\u2019Afrique soit remis au centre de l\u2019action diplomatique \u00bb, a-t-il ajout\u00e9.<\/p>\n\n\n\n<p>Au demeurant, cette audience confirme la convergence de vues entre le Togo et la Commission de l\u2019Union africaine sur les enjeux majeurs de paix et d\u2019int\u00e9gration africaine<strong>.<\/strong><\/p>\n\n\n\n<p>Pour rappel, le Pr\u00e9sident Faure Gnassingb\u00e9 est le m\u00e9diateur d\u00e9sign\u00e9 de l\u2019Union africaine pour la r\u00e9solution de la crise dans la r\u00e9gion des Grands Lacs. Depuis sa d\u00e9signation par l\u2019instance continentale le 12 avril 2025, il a entrepris plusieurs missions diplomatiques qui ont contribu\u00e9 au rapprochement entre les parties prenantes, aux d\u00e9sescalades et \u00e0 la signature d\u2019un accord de paix entre la RDC et le Rwanda.<\/p>\n\n\n\n<p>C\u2019est ce qui justifie d\u2019ailleurs la tenue \u00e0 Lom\u00e9, des consultations de l\u2019Union africaine sur la paix en R\u00e9publique D\u00e9mocratique du Congo (RDC) dans le cadre des efforts de m\u00e9diation de l\u2019instance continentale.<\/p>\n\n\n\n<p><strong>La R\u00e9daction<\/strong><\/p>\n","protected":false},"excerpt":{"rendered":"<p>Arriv\u00e9 \u00e0 Lom\u00e9 dans le cadre d\u2019un sommet de haut niveau sur la situation dans les Grands Lacs qui s\u2019ouvre le 17 janvier prochain dans la capitale togolaise, le Pr\u00e9sident&hellip; <\/p>\n","protected":false},"author":1,"featured_media":15236,"comment_status":"open","ping_status":"closed","sticky":false,"template":"","format":"standard","meta":{"footnotes":""},"categories":[12],"tags":[1222,45,1223,163],"class_list":["post-15235","post","type-post","status-publish","format-standard","has-post-thumbnail","hentry","category-diplomatie","tag-commission-de-lua","tag-faure-gnassingbe","tag-mahamoud-ali-youssouf","tag-union-africaine"],"yoast_head":"<!-- This site is optimized with the Yoast SEO plugin v26.4 - https:\/\/yoast.com\/wordpress\/plugins\/seo\/ -->\n<title>Paix et s\u00e9curit\u00e9\u00a0: Le Pr\u00e9sident de la Commission de l\u2019UA re\u00e7u par Faure Gnassingb\u00e9 \u00e0 Lom\u00e9 - La Voix de la Nation<\/title>\n<meta name=\"robots\" content=\"index, follow, max-snippet:-1, max-image-preview:large, max-video-preview:-1\" \/>\n<link rel=\"canonical\" href=\"https:\/\/lavoixdelanation.tg\/index.php\/2026\/01\/16\/paix-et-securite-le-president-de-la-commission-de-lua-recu-par-faure-gnassingbe-a-lome\/\" \/>\n<meta property=\"og:locale\" content=\"fr_FR\" \/>\n<meta property=\"og:type\" content=\"article\" \/>\n<meta property=\"og:title\" content=\"Paix et s\u00e9curit\u00e9\u00a0: Le Pr\u00e9sident de la Commission de l\u2019UA re\u00e7u par Faure Gnassingb\u00e9 \u00e0 Lom\u00e9 - La Voix de la Nation\" \/>\n<meta property=\"og:description\" content=\"Arriv\u00e9 \u00e0 Lom\u00e9 dans le cadre d\u2019un sommet de haut niveau sur la situation dans les Grands Lacs qui s\u2019ouvre le 17 janvier prochain dans la capitale togolaise, le Pr\u00e9sident&hellip;\" \/>\n<meta property=\"og:url\" content=\"https:\/\/lavoixdelanation.tg\/index.php\/2026\/01\/16\/paix-et-securite-le-president-de-la-commission-de-lua-recu-par-faure-gnassingbe-a-lome\/\" \/>\n<meta property=\"og:site_name\" content=\"La Voix de la Nation\" \/>\n<meta property=\"article:publisher\" content=\"https:\/\/www.facebook.com\/lavoixdelanation\" \/>\n<meta property=\"article:published_time\" content=\"2026-01-16T10:36:05+00:00\" \/>\n<meta property=\"article:modified_time\" content=\"2026-01-16T10:36:06+00:00\" \/>\n<meta property=\"og:image\" content=\"https:\/\/lavoixdelanation.tg\/wp-content\/uploads\/2026\/01\/Faure-Gnassingbe-avec-Mahamoud-Ali-Youssouf.jpg\" \/>\n\t<meta property=\"og:image:width\" content=\"800\" \/>\n\t<meta property=\"og:image:height\" content=\"540\" \/>\n\t<meta property=\"og:image:type\" content=\"image\/jpeg\" \/>\n<meta name=\"author\" content=\"La voix de la nation\" \/>\n<meta name=\"twitter:card\" content=\"summary_large_image\" \/>\n<meta name=\"twitter:label1\" content=\"\u00c9crit par\" \/>\n\t<meta name=\"twitter:data1\" content=\"La voix de la nation\" \/>\n\t<meta name=\"twitter:label2\" content=\"Dur\u00e9e de lecture estim\u00e9e\" \/>\n\t<meta name=\"twitter:data2\" content=\"3 minutes\" \/>\n<script type=\"application\/ld+json\" class=\"yoast-schema-graph\">{\"@context\":\"https:\/\/schema.org\",\"@graph\":[{\"@type\":\"Article\",\"@id\":\"https:\/\/lavoixdelanation.tg\/index.php\/2026\/01\/16\/paix-et-securite-le-president-de-la-commission-de-lua-recu-par-faure-gnassingbe-a-lome\/#article\",\"isPartOf\":{\"@id\":\"https:\/\/lavoixdelanation.tg\/index.php\/2026\/01\/16\/paix-et-securite-le-president-de-la-commission-de-lua-recu-par-faure-gnassingbe-a-lome\/\"},\"author\":{\"name\":\"La voix de la nation\",\"@id\":\"https:\/\/lavoixdelanation.tg\/#\/schema\/person\/6c489293aa38053673a9e554acb6e224\"},\"headline\":\"Paix et s\u00e9curit\u00e9\u00a0: Le Pr\u00e9sident de la Commission de l\u2019UA re\u00e7u par Faure Gnassingb\u00e9 \u00e0 Lom\u00e9\",\"datePublished\":\"2026-01-16T10:36:05+00:00\",\"dateModified\":\"2026-01-16T10:36:06+00:00\",\"mainEntityOfPage\":{\"@id\":\"https:\/\/lavoixdelanation.tg\/index.php\/2026\/01\/16\/paix-et-securite-le-president-de-la-commission-de-lua-recu-par-faure-gnassingbe-a-lome\/\"},\"wordCount\":622,\"commentCount\":0,\"publisher\":{\"@id\":\"https:\/\/lavoixdelanation.tg\/#organization\"},\"image\":{\"@id\":\"https:\/\/lavoixdelanation.tg\/index.php\/2026\/01\/16\/paix-et-securite-le-president-de-la-commission-de-lua-recu-par-faure-gnassingbe-a-lome\/#primaryimage\"},\"thumbnailUrl\":\"https:\/\/lavoixdelanation.tg\/wp-content\/uploads\/2026\/01\/Faure-Gnassingbe-avec-Mahamoud-Ali-Youssouf.jpg\",\"keywords\":[\"Commission de l\u2019UA\",\"Faure Gnassingb\u00e9\",\"Mahamoud Ali Youssouf\",\"Union africaine\"],\"articleSection\":[\"Diplomatie\"],\"inLanguage\":\"fr-FR\",\"potentialAction\":[{\"@type\":\"CommentAction\",\"name\":\"Comment\",\"target\":[\"https:\/\/lavoixdelanation.tg\/index.php\/2026\/01\/16\/paix-et-securite-le-president-de-la-commission-de-lua-recu-par-faure-gnassingbe-a-lome\/#respond\"]}]},{\"@type\":\"WebPage\",\"@id\":\"https:\/\/lavoixdelanation.tg\/index.php\/2026\/01\/16\/paix-et-securite-le-president-de-la-commission-de-lua-recu-par-faure-gnassingbe-a-lome\/\",\"url\":\"https:\/\/lavoixdelanation.tg\/index.php\/2026\/01\/16\/paix-et-securite-le-president-de-la-commission-de-lua-recu-par-faure-gnassingbe-a-lome\/\",\"name\":\"Paix et s\u00e9curit\u00e9\u00a0: Le Pr\u00e9sident de la Commission de l\u2019UA re\u00e7u par Faure Gnassingb\u00e9 \u00e0 Lom\u00e9 - La Voix de la Nation\",\"isPartOf\":{\"@id\":\"https:\/\/lavoixdelanation.tg\/#website\"},\"primaryImageOfPage\":{\"@id\":\"https:\/\/lavoixdelanation.tg\/index.php\/2026\/01\/16\/paix-et-securite-le-president-de-la-commission-de-lua-recu-par-faure-gnassingbe-a-lome\/#primaryimage\"},\"image\":{\"@id\":\"https:\/\/lavoixdelanation.tg\/index.php\/2026\/01\/16\/paix-et-securite-le-president-de-la-commission-de-lua-recu-par-faure-gnassingbe-a-lome\/#primaryimage\"},\"thumbnailUrl\":\"https:\/\/lavoixdelanation.tg\/wp-content\/uploads\/2026\/01\/Faure-Gnassingbe-avec-Mahamoud-Ali-Youssouf.jpg\",\"datePublished\":\"2026-01-16T10:36:05+00:00\",\"dateModified\":\"2026-01-16T10:36:06+00:00\",\"breadcrumb\":{\"@id\":\"https:\/\/lavoixdelanation.tg\/index.php\/2026\/01\/16\/paix-et-securite-le-president-de-la-commission-de-lua-recu-par-faure-gnassingbe-a-lome\/#breadcrumb\"},\"inLanguage\":\"fr-FR\",\"potentialAction\":[{\"@type\":\"ReadAction\",\"target\":[\"https:\/\/lavoixdelanation.tg\/index.php\/2026\/01\/16\/paix-et-securite-le-president-de-la-commission-de-lua-recu-par-faure-gnassingbe-a-lome\/\"]}]},{\"@type\":\"ImageObject\",\"inLanguage\":\"fr-FR\",\"@id\":\"https:\/\/lavoixdelanation.tg\/index.php\/2026\/01\/16\/paix-et-securite-le-president-de-la-commission-de-lua-recu-par-faure-gnassingbe-a-lome\/#primaryimage\",\"url\":\"https:\/\/lavoixdelanation.tg\/wp-content\/uploads\/2026\/01\/Faure-Gnassingbe-avec-Mahamoud-Ali-Youssouf.jpg\",\"contentUrl\":\"https:\/\/lavoixdelanation.tg\/wp-content\/uploads\/2026\/01\/Faure-Gnassingbe-avec-Mahamoud-Ali-Youssouf.jpg\",\"width\":800,\"height\":540,\"caption\":\"Faure Gnassingb\u00e9 avec Mahamoud Ali Youssouf\"},{\"@type\":\"BreadcrumbList\",\"@id\":\"https:\/\/lavoixdelanation.tg\/index.php\/2026\/01\/16\/paix-et-securite-le-president-de-la-commission-de-lua-recu-par-faure-gnassingbe-a-lome\/#breadcrumb\",\"itemListElement\":[{\"@type\":\"ListItem\",\"position\":1,\"name\":\"Accueil\",\"item\":\"https:\/\/lavoixdelanation.tg\/\"},{\"@type\":\"ListItem\",\"position\":2,\"name\":\"Paix et s\u00e9curit\u00e9\u00a0: Le Pr\u00e9sident de la Commission de l\u2019UA re\u00e7u par Faure Gnassingb\u00e9 \u00e0 Lom\u00e9\"}]},{\"@type\":\"WebSite\",\"@id\":\"https:\/\/lavoixdelanation.tg\/#website\",\"url\":\"https:\/\/lavoixdelanation.tg\/\",\"name\":\"La Voix de la Nation\",\"description\":\"R\u00e9c\u00e9piss\u00e9 n\u00b00108\/HAAC\/01-2024\/pl\/P\",\"publisher\":{\"@id\":\"https:\/\/lavoixdelanation.tg\/#organization\"},\"alternateName\":\"VON\",\"potentialAction\":[{\"@type\":\"SearchAction\",\"target\":{\"@type\":\"EntryPoint\",\"urlTemplate\":\"https:\/\/lavoixdelanation.tg\/?s={search_term_string}\"},\"query-input\":{\"@type\":\"PropertyValueSpecification\",\"valueRequired\":true,\"valueName\":\"search_term_string\"}}],\"inLanguage\":\"fr-FR\"},{\"@type\":\"Organization\",\"@id\":\"https:\/\/lavoixdelanation.tg\/#organization\",\"name\":\"La Voix de la Nation\",\"url\":\"https:\/\/lavoixdelanation.tg\/\",\"logo\":{\"@type\":\"ImageObject\",\"inLanguage\":\"fr-FR\",\"@id\":\"https:\/\/lavoixdelanation.tg\/#\/schema\/logo\/image\/\",\"url\":\"https:\/\/lavoixdelanation.tg\/wp-content\/uploads\/2024\/12\/lavn-1.png\",\"contentUrl\":\"https:\/\/lavoixdelanation.tg\/wp-content\/uploads\/2024\/12\/lavn-1.png\",\"width\":1024,\"height\":464,\"caption\":\"La Voix de la Nation\"},\"image\":{\"@id\":\"https:\/\/lavoixdelanation.tg\/#\/schema\/logo\/image\/\"},\"sameAs\":[\"https:\/\/www.facebook.com\/lavoixdelanation\"]},{\"@type\":\"Person\",\"@id\":\"https:\/\/lavoixdelanation.tg\/#\/schema\/person\/6c489293aa38053673a9e554acb6e224\",\"name\":\"La voix de la nation\",\"image\":{\"@type\":\"ImageObject\",\"inLanguage\":\"fr-FR\",\"@id\":\"https:\/\/lavoixdelanation.tg\/#\/schema\/person\/image\/\",\"url\":\"https:\/\/secure.gravatar.com\/avatar\/8aa135d4bbc794494cecaa8d483f6d6cc1023624868deaff686baed5e727a5a1?s=96&d=mm&r=g\",\"contentUrl\":\"https:\/\/secure.gravatar.com\/avatar\/8aa135d4bbc794494cecaa8d483f6d6cc1023624868deaff686baed5e727a5a1?s=96&d=mm&r=g\",\"caption\":\"La voix de la nation\"},\"sameAs\":[\"https:\/\/lavoixdelanation.tg\"],\"url\":\"https:\/\/lavoixdelanation.tg\/index.php\/author\/lavn\/\"}]}<\/script>\n<!-- \/ Yoast SEO plugin. -->","yoast_head_json":{"title":"Paix et s\u00e9curit\u00e9\u00a0: Le Pr\u00e9sident de la Commission de l\u2019UA re\u00e7u par Faure Gnassingb\u00e9 \u00e0 Lom\u00e9 - La Voix de la Nation","robots":{"index":"index","follow":"follow","max-snippet":"max-snippet:-1","max-image-preview":"max-image-preview:large","max-video-preview":"max-video-preview:-1"},"canonical":"https:\/\/lavoixdelanation.tg\/index.php\/2026\/01\/16\/paix-et-securite-le-president-de-la-commission-de-lua-recu-par-faure-gnassingbe-a-lome\/","og_locale":"fr_FR","og_type":"article","og_title":"Paix et s\u00e9curit\u00e9\u00a0: Le Pr\u00e9sident de la Commission de l\u2019UA re\u00e7u par Faure Gnassingb\u00e9 \u00e0 Lom\u00e9 - La Voix de la Nation","og_description":"Arriv\u00e9 \u00e0 Lom\u00e9 dans le cadre d\u2019un sommet de haut niveau sur la situation dans les Grands Lacs qui s\u2019ouvre le 17 janvier prochain dans la capitale togolaise, le Pr\u00e9sident&hellip;","og_url":"https:\/\/lavoixdelanation.tg\/index.php\/2026\/01\/16\/paix-et-securite-le-president-de-la-commission-de-lua-recu-par-faure-gnassingbe-a-lome\/","og_site_name":"La Voix de la Nation","article_publisher":"https:\/\/www.facebook.com\/lavoixdelanation","article_published_time":"2026-01-16T10:36:05+00:00","article_modified_time":"2026-01-16T10:36:06+00:00","og_image":[{"width":800,"height":540,"url":"https:\/\/lavoixdelanation.tg\/wp-content\/uploads\/2026\/01\/Faure-Gnassingbe-avec-Mahamoud-Ali-Youssouf.jpg","type":"image\/jpeg"}],"author":"La voix de la nation","twitter_card":"summary_large_image","twitter_misc":{"\u00c9crit par":"La voix de la nation","Dur\u00e9e de lecture estim\u00e9e":"3 minutes"},"schema":{"@context":"https:\/\/schema.org","@graph":[{"@type":"Article","@id":"https:\/\/lavoixdelanation.tg\/index.php\/2026\/01\/16\/paix-et-securite-le-president-de-la-commission-de-lua-recu-par-faure-gnassingbe-a-lome\/#article","isPartOf":{"@id":"https:\/\/lavoixdelanation.tg\/index.php\/2026\/01\/16\/paix-et-securite-le-president-de-la-commission-de-lua-recu-par-faure-gnassingbe-a-lome\/"},"author":{"name":"La voix de la nation","@id":"https:\/\/lavoixdelanation.tg\/#\/schema\/person\/6c489293aa38053673a9e554acb6e224"},"headline":"Paix et s\u00e9curit\u00e9\u00a0: Le Pr\u00e9sident de la Commission de l\u2019UA re\u00e7u par Faure Gnassingb\u00e9 \u00e0 Lom\u00e9","datePublished":"2026-01-16T10:36:05+00:00","dateModified":"2026-01-16T10:36:06+00:00","mainEntityOfPage":{"@id":"https:\/\/lavoixdelanation.tg\/index.php\/2026\/01\/16\/paix-et-securite-le-president-de-la-commission-de-lua-recu-par-faure-gnassingbe-a-lome\/"},"wordCount":622,"commentCount":0,"publisher":{"@id":"https:\/\/lavoixdelanation.tg\/#organization"},"image":{"@id":"https:\/\/lavoixdelanation.tg\/index.php\/2026\/01\/16\/paix-et-securite-le-president-de-la-commission-de-lua-recu-par-faure-gnassingbe-a-lome\/#primaryimage"},"thumbnailUrl":"https:\/\/lavoixdelanation.tg\/wp-content\/uploads\/2026\/01\/Faure-Gnassingbe-avec-Mahamoud-Ali-Youssouf.jpg","keywords":["Commission de l\u2019UA","Faure Gnassingb\u00e9","Mahamoud Ali Youssouf","Union africaine"],"articleSection":["Diplomatie"],"inLanguage":"fr-FR","potentialAction":[{"@type":"CommentAction","name":"Comment","target":["https:\/\/lavoixdelanation.tg\/index.php\/2026\/01\/16\/paix-et-securite-le-president-de-la-commission-de-lua-recu-par-faure-gnassingbe-a-lome\/#respond"]}]},{"@type":"WebPage","@id":"https:\/\/lavoixdelanation.tg\/index.php\/2026\/01\/16\/paix-et-securite-le-president-de-la-commission-de-lua-recu-par-faure-gnassingbe-a-lome\/","url":"https:\/\/lavoixdelanation.tg\/index.php\/2026\/01\/16\/paix-et-securite-le-president-de-la-commission-de-lua-recu-par-faure-gnassingbe-a-lome\/","name":"Paix et s\u00e9curit\u00e9\u00a0: Le Pr\u00e9sident de la Commission de l\u2019UA re\u00e7u par Faure Gnassingb\u00e9 \u00e0 Lom\u00e9 - La Voix de la Nation","isPartOf":{"@id":"https:\/\/lavoixdelanation.tg\/#website"},"primaryImageOfPage":{"@id":"https:\/\/lavoixdelanation.tg\/index.php\/2026\/01\/16\/paix-et-securite-le-president-de-la-commission-de-lua-recu-par-faure-gnassingbe-a-lome\/#primaryimage"},"image":{"@id":"https:\/\/lavoixdelanation.tg\/index.php\/2026\/01\/16\/paix-et-securite-le-president-de-la-commission-de-lua-recu-par-faure-gnassingbe-a-lome\/#primaryimage"},"thumbnailUrl":"https:\/\/lavoixdelanation.tg\/wp-content\/uploads\/2026\/01\/Faure-Gnassingbe-avec-Mahamoud-Ali-Youssouf.jpg","datePublished":"2026-01-16T10:36:05+00:00","dateModified":"2026-01-16T10:36:06+00:00","breadcrumb":{"@id":"https:\/\/lavoixdelanation.tg\/index.php\/2026\/01\/16\/paix-et-securite-le-president-de-la-commission-de-lua-recu-par-faure-gnassingbe-a-lome\/#breadcrumb"},"inLanguage":"fr-FR","potentialAction":[{"@type":"ReadAction","target":["https:\/\/lavoixdelanation.tg\/index.php\/2026\/01\/16\/paix-et-securite-le-president-de-la-commission-de-lua-recu-par-faure-gnassingbe-a-lome\/"]}]},{"@type":"ImageObject","inLanguage":"fr-FR","@id":"https:\/\/lavoixdelanation.tg\/index.php\/2026\/01\/16\/paix-et-securite-le-president-de-la-commission-de-lua-recu-par-faure-gnassingbe-a-lome\/#primaryimage","url":"https:\/\/lavoixdelanation.tg\/wp-content\/uploads\/2026\/01\/Faure-Gnassingbe-avec-Mahamoud-Ali-Youssouf.jpg","contentUrl":"https:\/\/lavoixdelanation.tg\/wp-content\/uploads\/2026\/01\/Faure-Gnassingbe-avec-Mahamoud-Ali-Youssouf.jpg","width":800,"height":540,"caption":"Faure Gnassingb\u00e9 avec Mahamoud Ali Youssouf"},{"@type":"BreadcrumbList","@id":"https:\/\/lavoixdelanation.tg\/index.php\/2026\/01\/16\/paix-et-securite-le-president-de-la-commission-de-lua-recu-par-faure-gnassingbe-a-lome\/#breadcrumb","itemListElement":[{"@type":"ListItem","position":1,"name":"Accueil","item":"https:\/\/lavoixdelanation.tg\/"},{"@type":"ListItem","position":2,"name":"Paix et s\u00e9curit\u00e9\u00a0: Le Pr\u00e9sident de la Commission de l\u2019UA re\u00e7u par Faure Gnassingb\u00e9 \u00e0 Lom\u00e9"}]},{"@type":"WebSite","@id":"https:\/\/lavoixdelanation.tg\/#website","url":"https:\/\/lavoixdelanation.tg\/","name":"La Voix de la Nation","description":"R\u00e9c\u00e9piss\u00e9 n\u00b00108\/HAAC\/01-2024\/pl\/P","publisher":{"@id":"https:\/\/lavoixdelanation.tg\/#organization"},"alternateName":"VON","potentialAction":[{"@type":"SearchAction","target":{"@type":"EntryPoint","urlTemplate":"https:\/\/lavoixdelanation.tg\/?s={search_term_string}"},"query-input":{"@type":"PropertyValueSpecification","valueRequired":true,"valueName":"search_term_string"}}],"inLanguage":"fr-FR"},{"@type":"Organization","@id":"https:\/\/lavoixdelanation.tg\/#organization","name":"La Voix de la Nation","url":"https:\/\/lavoixdelanation.tg\/","logo":{"@type":"ImageObject","inLanguage":"fr-FR","@id":"https:\/\/lavoixdelanation.tg\/#\/schema\/logo\/image\/","url":"https:\/\/lavoixdelanation.tg\/wp-content\/uploads\/2024\/12\/lavn-1.png","contentUrl":"https:\/\/lavoixdelanation.tg\/wp-content\/uploads\/2024\/12\/lavn-1.png","width":1024,"height":464,"caption":"La Voix de la Nation"},"image":{"@id":"https:\/\/lavoixdelanation.tg\/#\/schema\/logo\/image\/"},"sameAs":["https:\/\/www.facebook.com\/lavoixdelanation"]},{"@type":"Person","@id":"https:\/\/lavoixdelanation.tg\/#\/schema\/person\/6c489293aa38053673a9e554acb6e224","name":"La voix de la nation","image":{"@type":"ImageObject","inLanguage":"fr-FR","@id":"https:\/\/lavoixdelanation.tg\/#\/schema\/person\/image\/","url":"https:\/\/secure.gravatar.com\/avatar\/8aa135d4bbc794494cecaa8d483f6d6cc1023624868deaff686baed5e727a5a1?s=96&d=mm&r=g","contentUrl":"https:\/\/secure.gravatar.com\/avatar\/8aa135d4bbc794494cecaa8d483f6d6cc1023624868deaff686baed5e727a5a1?s=96&d=mm&r=g","caption":"La voix de la nation"},"sameAs":["https:\/\/lavoixdelanation.tg"],"url":"https:\/\/lavoixdelanation.tg\/index.php\/author\/lavn\/"}]}},"_links":{"self":[{"href":"https:\/\/lavoixdelanation.tg\/index.php\/wp-json\/wp\/v2\/posts\/15235","targetHints":{"allow":["GET"]}}],"collection":[{"href":"https:\/\/lavoixdelanation.tg\/index.php\/wp-json\/wp\/v2\/posts"}],"about":[{"href":"https:\/\/lavoixdelanation.tg\/index.php\/wp-json\/wp\/v2\/types\/post"}],"author":[{"embeddable":true,"href":"https:\/\/lavoixdelanation.tg\/index.php\/wp-json\/wp\/v2\/users\/1"}],"replies":[{"embeddable":true,"href":"https:\/\/lavoixdelanation.tg\/index.php\/wp-json\/wp\/v2\/comments?post=15235"}],"version-history":[{"count":1,"href":"https:\/\/lavoixdelanation.tg\/index.php\/wp-json\/wp\/v2\/posts\/15235\/revisions"}],"predecessor-version":[{"id":15237,"href":"https:\/\/lavoixdelanation.tg\/index.php\/wp-json\/wp\/v2\/posts\/15235\/revisions\/15237"}],"wp:featuredmedia":[{"embeddable":true,"href":"https:\/\/lavoixdelanation.tg\/index.php\/wp-json\/wp\/v2\/media\/15236"}],"wp:attachment":[{"href":"https:\/\/lavoixdelanation.tg\/index.php\/wp-json\/wp\/v2\/media?parent=15235"}],"wp:term":[{"taxonomy":"category","embeddable":true,"href":"https:\/\/lavoixdelanation.tg\/index.php\/wp-json\/wp\/v2\/categories?post=15235"},{"taxonomy":"post_tag","embeddable":true,"href":"https:\/\/lavoixdelanation.tg\/index.php\/wp-json\/wp\/v2\/tags?post=15235"}],"curies":[{"name":"wp","href":"https:\/\/api.w.org\/{rel}","templated":true}]}}