{"id":15225,"date":"2026-01-14T12:07:07","date_gmt":"2026-01-14T11:07:07","guid":{"rendered":"https:\/\/lavoixdelanation.tg\/?p=15225"},"modified":"2026-01-15T12:10:20","modified_gmt":"2026-01-15T11:10:20","slug":"diplomatie-jurgen-heissel-nouvel-ambassadeur-dautriche-au-togo","status":"publish","type":"post","link":"https:\/\/lavoixdelanation.tg\/index.php\/2026\/01\/14\/diplomatie-jurgen-heissel-nouvel-ambassadeur-dautriche-au-togo\/","title":{"rendered":"Diplomatie\u00a0: J\u00fcrgen Heissel, nouvel ambassadeur d&rsquo;Autriche au Togo"},"content":{"rendered":"\n<p><strong>L\u2019Autriche dispose d\u2019un <\/strong><strong>nouvel ambassadeur au Togo. Il s\u2019agit du diplomate J\u00fcrgen Heissel. Ce dernier a pr\u00e9sent\u00e9 ce le mardi 13 janvier 2026 \u00e0 Lom\u00e9, la copie figur\u00e9e de ses lettres de cr\u00e9ance au ministre togolais des affaires \u00e9trang\u00e8res, Pr Robert Dussey.<\/strong><strong><\/strong><\/p>\n\n\n\n<p>J\u00fcrgen Heissel a salu\u00e9 les excellents liens d\u2019amiti\u00e9 et de coop\u00e9ration entre l\u2019Autriche et le Togo. Pour sa part, le chef de la diplomatie togolaise a r\u00e9affirm\u00e9 son engagement \u00e0 renforcer davantage ses relations de coop\u00e9ration \u00e0 travers un partenariat pragmatique et strat\u00e9gique, au b\u00e9n\u00e9fice mutuel des deux peuples.<\/p>\n\n\n\n<p>Bas\u00e9 \u00e0 Accra, au Ghana, le diplomate couvre \u00e9galement d\u2019autres pays de la sous-r\u00e9gion. Au Togo, o\u00f9 il succ\u00e8de \u00e0 Thomas Schlesinger, J\u00fcrgen Heissel aura donc pour mission de poursuivre le renforcement du partenariat bilat\u00e9ral.<\/p>\n\n\n\n<p>Pour rappel, le Togo et l\u2019Autriche entretiennent de tr\u00e8s bonnes relations de coop\u00e9ration. Les deux pays ont sign\u00e9 en septembre 2025 \u00e0 New York, un protocole d\u2019accord sur le d\u00e9veloppement, la mobilit\u00e9 et la migration.<\/p>\n","protected":false},"excerpt":{"rendered":"<p>L\u2019Autriche dispose d\u2019un nouvel ambassadeur au Togo. Il s\u2019agit du diplomate J\u00fcrgen Heissel. Ce dernier a pr\u00e9sent\u00e9 ce le mardi 13 janvier 2026 \u00e0 Lom\u00e9, la copie figur\u00e9e de ses&hellip; <\/p>\n","protected":false},"author":1,"featured_media":15226,"comment_status":"open","ping_status":"closed","sticky":false,"template":"","format":"standard","meta":{"footnotes":""},"categories":[12],"tags":[1218,1219,135,39],"class_list":["post-15225","post","type-post","status-publish","format-standard","has-post-thumbnail","hentry","category-diplomatie","tag-ambassadeur-dautriche","tag-jurgen-heissel","tag-robert-dussey","tag-togo"],"yoast_head":"<!-- This site is optimized with the Yoast SEO plugin v26.4 - https:\/\/yoast.com\/wordpress\/plugins\/seo\/ -->\n<title>Diplomatie\u00a0: J\u00fcrgen Heissel, nouvel ambassadeur d&#039;Autriche au Togo - La Voix de la Nation<\/title>\n<meta name=\"robots\" content=\"index, follow, max-snippet:-1, max-image-preview:large, max-video-preview:-1\" \/>\n<link rel=\"canonical\" href=\"https:\/\/lavoixdelanation.tg\/index.php\/2026\/01\/14\/diplomatie-jurgen-heissel-nouvel-ambassadeur-dautriche-au-togo\/\" \/>\n<meta property=\"og:locale\" content=\"fr_FR\" \/>\n<meta property=\"og:type\" content=\"article\" \/>\n<meta property=\"og:title\" content=\"Diplomatie\u00a0: J\u00fcrgen Heissel, nouvel ambassadeur d&#039;Autriche au Togo - La Voix de la Nation\" \/>\n<meta property=\"og:description\" content=\"L\u2019Autriche dispose d\u2019un nouvel ambassadeur au Togo. Il s\u2019agit du diplomate J\u00fcrgen Heissel. Ce dernier a pr\u00e9sent\u00e9 ce le mardi 13 janvier 2026 \u00e0 Lom\u00e9, la copie figur\u00e9e de ses&hellip;\" \/>\n<meta property=\"og:url\" content=\"https:\/\/lavoixdelanation.tg\/index.php\/2026\/01\/14\/diplomatie-jurgen-heissel-nouvel-ambassadeur-dautriche-au-togo\/\" \/>\n<meta property=\"og:site_name\" content=\"La Voix de la Nation\" \/>\n<meta property=\"article:publisher\" content=\"https:\/\/www.facebook.com\/lavoixdelanation\" \/>\n<meta property=\"article:published_time\" content=\"2026-01-14T11:07:07+00:00\" \/>\n<meta property=\"article:modified_time\" content=\"2026-01-15T11:10:20+00:00\" \/>\n<meta property=\"og:image\" content=\"https:\/\/lavoixdelanation.tg\/wp-content\/uploads\/2026\/01\/Jurgen-Heissel-nouvel-ambassadeur-dAutriche-au-Togo.jpg\" \/>\n\t<meta property=\"og:image:width\" content=\"1080\" \/>\n\t<meta property=\"og:image:height\" content=\"780\" \/>\n\t<meta property=\"og:image:type\" content=\"image\/jpeg\" \/>\n<meta name=\"author\" content=\"La voix de la nation\" \/>\n<meta name=\"twitter:card\" content=\"summary_large_image\" \/>\n<meta name=\"twitter:label1\" content=\"\u00c9crit par\" \/>\n\t<meta name=\"twitter:data1\" content=\"La voix de la nation\" \/>\n\t<meta name=\"twitter:label2\" content=\"Dur\u00e9e de lecture estim\u00e9e\" \/>\n\t<meta name=\"twitter:data2\" content=\"2 minutes\" \/>\n<script type=\"application\/ld+json\" class=\"yoast-schema-graph\">{\"@context\":\"https:\/\/schema.org\",\"@graph\":[{\"@type\":\"Article\",\"@id\":\"https:\/\/lavoixdelanation.tg\/index.php\/2026\/01\/14\/diplomatie-jurgen-heissel-nouvel-ambassadeur-dautriche-au-togo\/#article\",\"isPartOf\":{\"@id\":\"https:\/\/lavoixdelanation.tg\/index.php\/2026\/01\/14\/diplomatie-jurgen-heissel-nouvel-ambassadeur-dautriche-au-togo\/\"},\"author\":{\"name\":\"La voix de la nation\",\"@id\":\"https:\/\/lavoixdelanation.tg\/#\/schema\/person\/6c489293aa38053673a9e554acb6e224\"},\"headline\":\"Diplomatie\u00a0: J\u00fcrgen Heissel, nouvel ambassadeur d&rsquo;Autriche au Togo\",\"datePublished\":\"2026-01-14T11:07:07+00:00\",\"dateModified\":\"2026-01-15T11:10:20+00:00\",\"mainEntityOfPage\":{\"@id\":\"https:\/\/lavoixdelanation.tg\/index.php\/2026\/01\/14\/diplomatie-jurgen-heissel-nouvel-ambassadeur-dautriche-au-togo\/\"},\"wordCount\":189,\"commentCount\":0,\"publisher\":{\"@id\":\"https:\/\/lavoixdelanation.tg\/#organization\"},\"image\":{\"@id\":\"https:\/\/lavoixdelanation.tg\/index.php\/2026\/01\/14\/diplomatie-jurgen-heissel-nouvel-ambassadeur-dautriche-au-togo\/#primaryimage\"},\"thumbnailUrl\":\"https:\/\/lavoixdelanation.tg\/wp-content\/uploads\/2026\/01\/Jurgen-Heissel-nouvel-ambassadeur-dAutriche-au-Togo.jpg\",\"keywords\":[\"ambassadeur d'Autriche\",\"J\u00fcrgen Heissel\",\"Robert Dussey\",\"Togo\"],\"articleSection\":[\"Diplomatie\"],\"inLanguage\":\"fr-FR\",\"potentialAction\":[{\"@type\":\"CommentAction\",\"name\":\"Comment\",\"target\":[\"https:\/\/lavoixdelanation.tg\/index.php\/2026\/01\/14\/diplomatie-jurgen-heissel-nouvel-ambassadeur-dautriche-au-togo\/#respond\"]}]},{\"@type\":\"WebPage\",\"@id\":\"https:\/\/lavoixdelanation.tg\/index.php\/2026\/01\/14\/diplomatie-jurgen-heissel-nouvel-ambassadeur-dautriche-au-togo\/\",\"url\":\"https:\/\/lavoixdelanation.tg\/index.php\/2026\/01\/14\/diplomatie-jurgen-heissel-nouvel-ambassadeur-dautriche-au-togo\/\",\"name\":\"Diplomatie\u00a0: J\u00fcrgen Heissel, nouvel ambassadeur d'Autriche au Togo - La Voix de la Nation\",\"isPartOf\":{\"@id\":\"https:\/\/lavoixdelanation.tg\/#website\"},\"primaryImageOfPage\":{\"@id\":\"https:\/\/lavoixdelanation.tg\/index.php\/2026\/01\/14\/diplomatie-jurgen-heissel-nouvel-ambassadeur-dautriche-au-togo\/#primaryimage\"},\"image\":{\"@id\":\"https:\/\/lavoixdelanation.tg\/index.php\/2026\/01\/14\/diplomatie-jurgen-heissel-nouvel-ambassadeur-dautriche-au-togo\/#primaryimage\"},\"thumbnailUrl\":\"https:\/\/lavoixdelanation.tg\/wp-content\/uploads\/2026\/01\/Jurgen-Heissel-nouvel-ambassadeur-dAutriche-au-Togo.jpg\",\"datePublished\":\"2026-01-14T11:07:07+00:00\",\"dateModified\":\"2026-01-15T11:10:20+00:00\",\"breadcrumb\":{\"@id\":\"https:\/\/lavoixdelanation.tg\/index.php\/2026\/01\/14\/diplomatie-jurgen-heissel-nouvel-ambassadeur-dautriche-au-togo\/#breadcrumb\"},\"inLanguage\":\"fr-FR\",\"potentialAction\":[{\"@type\":\"ReadAction\",\"target\":[\"https:\/\/lavoixdelanation.tg\/index.php\/2026\/01\/14\/diplomatie-jurgen-heissel-nouvel-ambassadeur-dautriche-au-togo\/\"]}]},{\"@type\":\"ImageObject\",\"inLanguage\":\"fr-FR\",\"@id\":\"https:\/\/lavoixdelanation.tg\/index.php\/2026\/01\/14\/diplomatie-jurgen-heissel-nouvel-ambassadeur-dautriche-au-togo\/#primaryimage\",\"url\":\"https:\/\/lavoixdelanation.tg\/wp-content\/uploads\/2026\/01\/Jurgen-Heissel-nouvel-ambassadeur-dAutriche-au-Togo.jpg\",\"contentUrl\":\"https:\/\/lavoixdelanation.tg\/wp-content\/uploads\/2026\/01\/Jurgen-Heissel-nouvel-ambassadeur-dAutriche-au-Togo.jpg\",\"width\":1080,\"height\":780,\"caption\":\"J\u00fcrgen Heissel (\u00e0 gauche), nouvel ambassadeur d'Autriche au Togo\"},{\"@type\":\"BreadcrumbList\",\"@id\":\"https:\/\/lavoixdelanation.tg\/index.php\/2026\/01\/14\/diplomatie-jurgen-heissel-nouvel-ambassadeur-dautriche-au-togo\/#breadcrumb\",\"itemListElement\":[{\"@type\":\"ListItem\",\"position\":1,\"name\":\"Accueil\",\"item\":\"https:\/\/lavoixdelanation.tg\/\"},{\"@type\":\"ListItem\",\"position\":2,\"name\":\"Diplomatie\u00a0: J\u00fcrgen Heissel, nouvel ambassadeur d&rsquo;Autriche au Togo\"}]},{\"@type\":\"WebSite\",\"@id\":\"https:\/\/lavoixdelanation.tg\/#website\",\"url\":\"https:\/\/lavoixdelanation.tg\/\",\"name\":\"La Voix de la Nation\",\"description\":\"R\u00e9c\u00e9piss\u00e9 n\u00b00108\/HAAC\/01-2024\/pl\/P\",\"publisher\":{\"@id\":\"https:\/\/lavoixdelanation.tg\/#organization\"},\"alternateName\":\"VON\",\"potentialAction\":[{\"@type\":\"SearchAction\",\"target\":{\"@type\":\"EntryPoint\",\"urlTemplate\":\"https:\/\/lavoixdelanation.tg\/?s={search_term_string}\"},\"query-input\":{\"@type\":\"PropertyValueSpecification\",\"valueRequired\":true,\"valueName\":\"search_term_string\"}}],\"inLanguage\":\"fr-FR\"},{\"@type\":\"Organization\",\"@id\":\"https:\/\/lavoixdelanation.tg\/#organization\",\"name\":\"La Voix de la Nation\",\"url\":\"https:\/\/lavoixdelanation.tg\/\",\"logo\":{\"@type\":\"ImageObject\",\"inLanguage\":\"fr-FR\",\"@id\":\"https:\/\/lavoixdelanation.tg\/#\/schema\/logo\/image\/\",\"url\":\"https:\/\/lavoixdelanation.tg\/wp-content\/uploads\/2024\/12\/lavn-1.png\",\"contentUrl\":\"https:\/\/lavoixdelanation.tg\/wp-content\/uploads\/2024\/12\/lavn-1.png\",\"width\":1024,\"height\":464,\"caption\":\"La Voix de la Nation\"},\"image\":{\"@id\":\"https:\/\/lavoixdelanation.tg\/#\/schema\/logo\/image\/\"},\"sameAs\":[\"https:\/\/www.facebook.com\/lavoixdelanation\"]},{\"@type\":\"Person\",\"@id\":\"https:\/\/lavoixdelanation.tg\/#\/schema\/person\/6c489293aa38053673a9e554acb6e224\",\"name\":\"La voix de la nation\",\"image\":{\"@type\":\"ImageObject\",\"inLanguage\":\"fr-FR\",\"@id\":\"https:\/\/lavoixdelanation.tg\/#\/schema\/person\/image\/\",\"url\":\"https:\/\/secure.gravatar.com\/avatar\/8aa135d4bbc794494cecaa8d483f6d6cc1023624868deaff686baed5e727a5a1?s=96&d=mm&r=g\",\"contentUrl\":\"https:\/\/secure.gravatar.com\/avatar\/8aa135d4bbc794494cecaa8d483f6d6cc1023624868deaff686baed5e727a5a1?s=96&d=mm&r=g\",\"caption\":\"La voix de la nation\"},\"sameAs\":[\"https:\/\/lavoixdelanation.tg\"],\"url\":\"https:\/\/lavoixdelanation.tg\/index.php\/author\/lavn\/\"}]}<\/script>\n<!-- \/ Yoast SEO plugin. -->","yoast_head_json":{"title":"Diplomatie\u00a0: J\u00fcrgen Heissel, nouvel ambassadeur d'Autriche au Togo - La Voix de la Nation","robots":{"index":"index","follow":"follow","max-snippet":"max-snippet:-1","max-image-preview":"max-image-preview:large","max-video-preview":"max-video-preview:-1"},"canonical":"https:\/\/lavoixdelanation.tg\/index.php\/2026\/01\/14\/diplomatie-jurgen-heissel-nouvel-ambassadeur-dautriche-au-togo\/","og_locale":"fr_FR","og_type":"article","og_title":"Diplomatie\u00a0: J\u00fcrgen Heissel, nouvel ambassadeur d'Autriche au Togo - La Voix de la Nation","og_description":"L\u2019Autriche dispose d\u2019un nouvel ambassadeur au Togo. Il s\u2019agit du diplomate J\u00fcrgen Heissel. Ce dernier a pr\u00e9sent\u00e9 ce le mardi 13 janvier 2026 \u00e0 Lom\u00e9, la copie figur\u00e9e de ses&hellip;","og_url":"https:\/\/lavoixdelanation.tg\/index.php\/2026\/01\/14\/diplomatie-jurgen-heissel-nouvel-ambassadeur-dautriche-au-togo\/","og_site_name":"La Voix de la Nation","article_publisher":"https:\/\/www.facebook.com\/lavoixdelanation","article_published_time":"2026-01-14T11:07:07+00:00","article_modified_time":"2026-01-15T11:10:20+00:00","og_image":[{"width":1080,"height":780,"url":"https:\/\/lavoixdelanation.tg\/wp-content\/uploads\/2026\/01\/Jurgen-Heissel-nouvel-ambassadeur-dAutriche-au-Togo.jpg","type":"image\/jpeg"}],"author":"La voix de la nation","twitter_card":"summary_large_image","twitter_misc":{"\u00c9crit par":"La voix de la nation","Dur\u00e9e de lecture estim\u00e9e":"2 minutes"},"schema":{"@context":"https:\/\/schema.org","@graph":[{"@type":"Article","@id":"https:\/\/lavoixdelanation.tg\/index.php\/2026\/01\/14\/diplomatie-jurgen-heissel-nouvel-ambassadeur-dautriche-au-togo\/#article","isPartOf":{"@id":"https:\/\/lavoixdelanation.tg\/index.php\/2026\/01\/14\/diplomatie-jurgen-heissel-nouvel-ambassadeur-dautriche-au-togo\/"},"author":{"name":"La voix de la nation","@id":"https:\/\/lavoixdelanation.tg\/#\/schema\/person\/6c489293aa38053673a9e554acb6e224"},"headline":"Diplomatie\u00a0: J\u00fcrgen Heissel, nouvel ambassadeur d&rsquo;Autriche au Togo","datePublished":"2026-01-14T11:07:07+00:00","dateModified":"2026-01-15T11:10:20+00:00","mainEntityOfPage":{"@id":"https:\/\/lavoixdelanation.tg\/index.php\/2026\/01\/14\/diplomatie-jurgen-heissel-nouvel-ambassadeur-dautriche-au-togo\/"},"wordCount":189,"commentCount":0,"publisher":{"@id":"https:\/\/lavoixdelanation.tg\/#organization"},"image":{"@id":"https:\/\/lavoixdelanation.tg\/index.php\/2026\/01\/14\/diplomatie-jurgen-heissel-nouvel-ambassadeur-dautriche-au-togo\/#primaryimage"},"thumbnailUrl":"https:\/\/lavoixdelanation.tg\/wp-content\/uploads\/2026\/01\/Jurgen-Heissel-nouvel-ambassadeur-dAutriche-au-Togo.jpg","keywords":["ambassadeur d'Autriche","J\u00fcrgen Heissel","Robert Dussey","Togo"],"articleSection":["Diplomatie"],"inLanguage":"fr-FR","potentialAction":[{"@type":"CommentAction","name":"Comment","target":["https:\/\/lavoixdelanation.tg\/index.php\/2026\/01\/14\/diplomatie-jurgen-heissel-nouvel-ambassadeur-dautriche-au-togo\/#respond"]}]},{"@type":"WebPage","@id":"https:\/\/lavoixdelanation.tg\/index.php\/2026\/01\/14\/diplomatie-jurgen-heissel-nouvel-ambassadeur-dautriche-au-togo\/","url":"https:\/\/lavoixdelanation.tg\/index.php\/2026\/01\/14\/diplomatie-jurgen-heissel-nouvel-ambassadeur-dautriche-au-togo\/","name":"Diplomatie\u00a0: J\u00fcrgen Heissel, nouvel ambassadeur d'Autriche au Togo - La Voix de la Nation","isPartOf":{"@id":"https:\/\/lavoixdelanation.tg\/#website"},"primaryImageOfPage":{"@id":"https:\/\/lavoixdelanation.tg\/index.php\/2026\/01\/14\/diplomatie-jurgen-heissel-nouvel-ambassadeur-dautriche-au-togo\/#primaryimage"},"image":{"@id":"https:\/\/lavoixdelanation.tg\/index.php\/2026\/01\/14\/diplomatie-jurgen-heissel-nouvel-ambassadeur-dautriche-au-togo\/#primaryimage"},"thumbnailUrl":"https:\/\/lavoixdelanation.tg\/wp-content\/uploads\/2026\/01\/Jurgen-Heissel-nouvel-ambassadeur-dAutriche-au-Togo.jpg","datePublished":"2026-01-14T11:07:07+00:00","dateModified":"2026-01-15T11:10:20+00:00","breadcrumb":{"@id":"https:\/\/lavoixdelanation.tg\/index.php\/2026\/01\/14\/diplomatie-jurgen-heissel-nouvel-ambassadeur-dautriche-au-togo\/#breadcrumb"},"inLanguage":"fr-FR","potentialAction":[{"@type":"ReadAction","target":["https:\/\/lavoixdelanation.tg\/index.php\/2026\/01\/14\/diplomatie-jurgen-heissel-nouvel-ambassadeur-dautriche-au-togo\/"]}]},{"@type":"ImageObject","inLanguage":"fr-FR","@id":"https:\/\/lavoixdelanation.tg\/index.php\/2026\/01\/14\/diplomatie-jurgen-heissel-nouvel-ambassadeur-dautriche-au-togo\/#primaryimage","url":"https:\/\/lavoixdelanation.tg\/wp-content\/uploads\/2026\/01\/Jurgen-Heissel-nouvel-ambassadeur-dAutriche-au-Togo.jpg","contentUrl":"https:\/\/lavoixdelanation.tg\/wp-content\/uploads\/2026\/01\/Jurgen-Heissel-nouvel-ambassadeur-dAutriche-au-Togo.jpg","width":1080,"height":780,"caption":"J\u00fcrgen Heissel (\u00e0 gauche), nouvel ambassadeur d'Autriche au Togo"},{"@type":"BreadcrumbList","@id":"https:\/\/lavoixdelanation.tg\/index.php\/2026\/01\/14\/diplomatie-jurgen-heissel-nouvel-ambassadeur-dautriche-au-togo\/#breadcrumb","itemListElement":[{"@type":"ListItem","position":1,"name":"Accueil","item":"https:\/\/lavoixdelanation.tg\/"},{"@type":"ListItem","position":2,"name":"Diplomatie\u00a0: J\u00fcrgen Heissel, nouvel ambassadeur d&rsquo;Autriche au Togo"}]},{"@type":"WebSite","@id":"https:\/\/lavoixdelanation.tg\/#website","url":"https:\/\/lavoixdelanation.tg\/","name":"La Voix de la Nation","description":"R\u00e9c\u00e9piss\u00e9 n\u00b00108\/HAAC\/01-2024\/pl\/P","publisher":{"@id":"https:\/\/lavoixdelanation.tg\/#organization"},"alternateName":"VON","potentialAction":[{"@type":"SearchAction","target":{"@type":"EntryPoint","urlTemplate":"https:\/\/lavoixdelanation.tg\/?s={search_term_string}"},"query-input":{"@type":"PropertyValueSpecification","valueRequired":true,"valueName":"search_term_string"}}],"inLanguage":"fr-FR"},{"@type":"Organization","@id":"https:\/\/lavoixdelanation.tg\/#organization","name":"La Voix de la Nation","url":"https:\/\/lavoixdelanation.tg\/","logo":{"@type":"ImageObject","inLanguage":"fr-FR","@id":"https:\/\/lavoixdelanation.tg\/#\/schema\/logo\/image\/","url":"https:\/\/lavoixdelanation.tg\/wp-content\/uploads\/2024\/12\/lavn-1.png","contentUrl":"https:\/\/lavoixdelanation.tg\/wp-content\/uploads\/2024\/12\/lavn-1.png","width":1024,"height":464,"caption":"La Voix de la Nation"},"image":{"@id":"https:\/\/lavoixdelanation.tg\/#\/schema\/logo\/image\/"},"sameAs":["https:\/\/www.facebook.com\/lavoixdelanation"]},{"@type":"Person","@id":"https:\/\/lavoixdelanation.tg\/#\/schema\/person\/6c489293aa38053673a9e554acb6e224","name":"La voix de la nation","image":{"@type":"ImageObject","inLanguage":"fr-FR","@id":"https:\/\/lavoixdelanation.tg\/#\/schema\/person\/image\/","url":"https:\/\/secure.gravatar.com\/avatar\/8aa135d4bbc794494cecaa8d483f6d6cc1023624868deaff686baed5e727a5a1?s=96&d=mm&r=g","contentUrl":"https:\/\/secure.gravatar.com\/avatar\/8aa135d4bbc794494cecaa8d483f6d6cc1023624868deaff686baed5e727a5a1?s=96&d=mm&r=g","caption":"La voix de la nation"},"sameAs":["https:\/\/lavoixdelanation.tg"],"url":"https:\/\/lavoixdelanation.tg\/index.php\/author\/lavn\/"}]}},"_links":{"self":[{"href":"https:\/\/lavoixdelanation.tg\/index.php\/wp-json\/wp\/v2\/posts\/15225","targetHints":{"allow":["GET"]}}],"collection":[{"href":"https:\/\/lavoixdelanation.tg\/index.php\/wp-json\/wp\/v2\/posts"}],"about":[{"href":"https:\/\/lavoixdelanation.tg\/index.php\/wp-json\/wp\/v2\/types\/post"}],"author":[{"embeddable":true,"href":"https:\/\/lavoixdelanation.tg\/index.php\/wp-json\/wp\/v2\/users\/1"}],"replies":[{"embeddable":true,"href":"https:\/\/lavoixdelanation.tg\/index.php\/wp-json\/wp\/v2\/comments?post=15225"}],"version-history":[{"count":1,"href":"https:\/\/lavoixdelanation.tg\/index.php\/wp-json\/wp\/v2\/posts\/15225\/revisions"}],"predecessor-version":[{"id":15227,"href":"https:\/\/lavoixdelanation.tg\/index.php\/wp-json\/wp\/v2\/posts\/15225\/revisions\/15227"}],"wp:featuredmedia":[{"embeddable":true,"href":"https:\/\/lavoixdelanation.tg\/index.php\/wp-json\/wp\/v2\/media\/15226"}],"wp:attachment":[{"href":"https:\/\/lavoixdelanation.tg\/index.php\/wp-json\/wp\/v2\/media?parent=15225"}],"wp:term":[{"taxonomy":"category","embeddable":true,"href":"https:\/\/lavoixdelanation.tg\/index.php\/wp-json\/wp\/v2\/categories?post=15225"},{"taxonomy":"post_tag","embeddable":true,"href":"https:\/\/lavoixdelanation.tg\/index.php\/wp-json\/wp\/v2\/tags?post=15225"}],"curies":[{"name":"wp","href":"https:\/\/api.w.org\/{rel}","templated":true}]}}