{"id":15222,"date":"2026-01-14T21:42:00","date_gmt":"2026-01-14T20:42:00","guid":{"rendered":"https:\/\/lavoixdelanation.tg\/?p=15222"},"modified":"2026-01-15T11:53:57","modified_gmt":"2026-01-15T10:53:57","slug":"le-togo-dresse-le-bilan-de-sa-presidence-du-conseil-des-ministres-dafristat","status":"publish","type":"post","link":"https:\/\/lavoixdelanation.tg\/index.php\/2026\/01\/14\/le-togo-dresse-le-bilan-de-sa-presidence-du-conseil-des-ministres-dafristat\/","title":{"rendered":"Le Togo dresse le bilan de sa Pr\u00e9sidence du Conseil des Ministres d\u2019AFRISTAT"},"content":{"rendered":"\n<p><strong>Le Directeur G\u00e9n\u00e9ral de <a href=\"https:\/\/www.afristat.org\/presentation\/\">l\u2019AFRISTAT<\/a>, Paul-Henri Nguema Meye a \u00e9t\u00e9 re\u00e7u en audience ce mardi 13 janvier 2026 \u00e0 Lom\u00e9 par la ministre-secr\u00e9taire g\u00e9n\u00e9ral de la Pr\u00e9sidence du Conseil Mme Sandra Johnson.<\/strong><\/p>\n\n\n\n<p>Au menu des \u00e9changes, le bilan le bilan des r\u00e9alisations du Togo \u00e0 la Pr\u00e9sidence du Conseil des Ministres d\u2019AFRISTAT (2024\u20132025), et les pr\u00e9paratifs pour une transition efficace.<\/p>\n\n\n\n<p>Il ressort que sur le plan strat\u00e9gique comme technique, la pr\u00e9sidence du Togo au Conseil des Ministres d\u2019AFRISTAT a permis d\u2019enregistrer plusieurs avanc\u00e9es significatives.<\/p>\n\n\n\n<p>Il s\u2019agit notamment de la reconstitution du Fonds de l\u2019institution arriv\u00e9e \u00e0 terme en 2025, de la formalisation de l\u2019approbation de la vision et des orientations strat\u00e9giques d\u2019AFRISTAT pour la p\u00e9riode 2026-2035, de la formation ainsi que le Rebasage des comptes nationaux.<\/p>\n\n\n\n<p>\u00ab&nbsp;Malgr\u00e9 un contexte difficile, marqu\u00e9 par des d\u00e9fis de mobilisation des ressources aupr\u00e8s des \u00c9tats membres et des partenaires internationaux, ainsi que par des contraintes s\u00e9curitaires dans la sous-r\u00e9gion, affectant le pays abritant le si\u00e8ge de l\u2019Observatoire et, par ricochet, certaines activit\u00e9s, AFRISTAT a enregistr\u00e9 un taux d\u2019ex\u00e9cution global de 70% sur la p\u00e9riode 2024\u20132025&nbsp;\u00bb, a indiqu\u00e9 Mme Sandra Johnson.<\/p>\n\n\n\n<p>Elle a au nom du Pr\u00e9sident du Conseil Faure Gnassingb\u00e9, salu\u00e9 l\u2019engagement des \u00e9quipes et rappel\u00e9 l\u2019importance d\u2019acc\u00e9l\u00e9rer la modernisation des syst\u00e8mes statistiques nationaux, socle de politiques publiques fond\u00e9es sur des donn\u00e9es fiables.<\/p>\n\n\n\n<p>Mme Sandra Johnson a enfin r\u00e9affirm\u00e9 la pleine disponibilit\u00e9 du Togo \u00e0 accompagner AFRISTAT dans la transition au profit de la Guin\u00e9e \u00e9quatoriale, appel\u00e9e \u00e0 assurer la Pr\u00e9sidence pour la p\u00e9riode 2026-2027.<\/p>\n\n\n\n<p>Pour rappel, l\u2019Observatoire \u00e9conomique et statistique d\u2019Afrique subsaharienne (AFRISTAT) est une institution inter gouvernementale cr\u00e9\u00e9e le 21 septembre 1993 par les 14 \u00c9tats alors membres de la Zone Franc.<\/p>\n\n\n\n<p>Son objectif est de contribuer au d\u00e9veloppement des statistiques \u00e9conomiques, sociales et de l&rsquo;environnement dans ses \u00e9tats membres et de renforcer leurs comp\u00e9tences dans ce domaine.<\/p>\n","protected":false},"excerpt":{"rendered":"<p>Le Directeur G\u00e9n\u00e9ral de l\u2019AFRISTAT, Paul-Henri Nguema Meye a \u00e9t\u00e9 re\u00e7u en audience ce mardi 13 janvier 2026 \u00e0 Lom\u00e9 par la ministre-secr\u00e9taire g\u00e9n\u00e9ral de la Pr\u00e9sidence du Conseil Mme&hellip; <\/p>\n","protected":false},"author":1,"featured_media":15223,"comment_status":"open","ping_status":"closed","sticky":false,"template":"","format":"standard","meta":{"footnotes":""},"categories":[8],"tags":[882,1216,266,1217,39],"class_list":["post-15222","post","type-post","status-publish","format-standard","has-post-thumbnail","hentry","category-economie","tag-afristat","tag-paul-henri-nguema-meye","tag-sandra-ablamba-johnson","tag-statistiques","tag-togo"],"yoast_head":"<!-- This site is optimized with the Yoast SEO plugin v26.4 - https:\/\/yoast.com\/wordpress\/plugins\/seo\/ -->\n<title>Le Togo dresse le bilan de sa Pr\u00e9sidence du Conseil des Ministres d\u2019AFRISTAT - La Voix de la Nation<\/title>\n<meta name=\"robots\" content=\"index, follow, max-snippet:-1, max-image-preview:large, max-video-preview:-1\" \/>\n<link rel=\"canonical\" href=\"https:\/\/lavoixdelanation.tg\/index.php\/2026\/01\/14\/le-togo-dresse-le-bilan-de-sa-presidence-du-conseil-des-ministres-dafristat\/\" \/>\n<meta property=\"og:locale\" content=\"fr_FR\" \/>\n<meta property=\"og:type\" content=\"article\" \/>\n<meta property=\"og:title\" content=\"Le Togo dresse le bilan de sa Pr\u00e9sidence du Conseil des Ministres d\u2019AFRISTAT - La Voix de la Nation\" \/>\n<meta property=\"og:description\" content=\"Le Directeur G\u00e9n\u00e9ral de l\u2019AFRISTAT, Paul-Henri Nguema Meye a \u00e9t\u00e9 re\u00e7u en audience ce mardi 13 janvier 2026 \u00e0 Lom\u00e9 par la ministre-secr\u00e9taire g\u00e9n\u00e9ral de la Pr\u00e9sidence du Conseil Mme&hellip;\" \/>\n<meta property=\"og:url\" content=\"https:\/\/lavoixdelanation.tg\/index.php\/2026\/01\/14\/le-togo-dresse-le-bilan-de-sa-presidence-du-conseil-des-ministres-dafristat\/\" \/>\n<meta property=\"og:site_name\" content=\"La Voix de la Nation\" \/>\n<meta property=\"article:publisher\" content=\"https:\/\/www.facebook.com\/lavoixdelanation\" \/>\n<meta property=\"article:published_time\" content=\"2026-01-14T20:42:00+00:00\" \/>\n<meta property=\"article:modified_time\" content=\"2026-01-15T10:53:57+00:00\" \/>\n<meta property=\"og:image\" content=\"https:\/\/lavoixdelanation.tg\/wp-content\/uploads\/2026\/01\/Bilan-du-Togo-a-la-Presidence-du-Conseil-des-Ministres-dAFRISTAT.jpg\" \/>\n\t<meta property=\"og:image:width\" content=\"1303\" \/>\n\t<meta property=\"og:image:height\" content=\"882\" \/>\n\t<meta property=\"og:image:type\" content=\"image\/jpeg\" \/>\n<meta name=\"author\" content=\"La voix de la nation\" \/>\n<meta name=\"twitter:card\" content=\"summary_large_image\" \/>\n<meta name=\"twitter:label1\" content=\"\u00c9crit par\" \/>\n\t<meta name=\"twitter:data1\" content=\"La voix de la nation\" \/>\n\t<meta name=\"twitter:label2\" content=\"Dur\u00e9e de lecture estim\u00e9e\" \/>\n\t<meta name=\"twitter:data2\" content=\"2 minutes\" \/>\n<script type=\"application\/ld+json\" class=\"yoast-schema-graph\">{\"@context\":\"https:\/\/schema.org\",\"@graph\":[{\"@type\":\"Article\",\"@id\":\"https:\/\/lavoixdelanation.tg\/index.php\/2026\/01\/14\/le-togo-dresse-le-bilan-de-sa-presidence-du-conseil-des-ministres-dafristat\/#article\",\"isPartOf\":{\"@id\":\"https:\/\/lavoixdelanation.tg\/index.php\/2026\/01\/14\/le-togo-dresse-le-bilan-de-sa-presidence-du-conseil-des-ministres-dafristat\/\"},\"author\":{\"name\":\"La voix de la nation\",\"@id\":\"https:\/\/lavoixdelanation.tg\/#\/schema\/person\/6c489293aa38053673a9e554acb6e224\"},\"headline\":\"Le Togo dresse le bilan de sa Pr\u00e9sidence du Conseil des Ministres d\u2019AFRISTAT\",\"datePublished\":\"2026-01-14T20:42:00+00:00\",\"dateModified\":\"2026-01-15T10:53:57+00:00\",\"mainEntityOfPage\":{\"@id\":\"https:\/\/lavoixdelanation.tg\/index.php\/2026\/01\/14\/le-togo-dresse-le-bilan-de-sa-presidence-du-conseil-des-ministres-dafristat\/\"},\"wordCount\":363,\"commentCount\":0,\"publisher\":{\"@id\":\"https:\/\/lavoixdelanation.tg\/#organization\"},\"image\":{\"@id\":\"https:\/\/lavoixdelanation.tg\/index.php\/2026\/01\/14\/le-togo-dresse-le-bilan-de-sa-presidence-du-conseil-des-ministres-dafristat\/#primaryimage\"},\"thumbnailUrl\":\"https:\/\/lavoixdelanation.tg\/wp-content\/uploads\/2026\/01\/Bilan-du-Togo-a-la-Presidence-du-Conseil-des-Ministres-dAFRISTAT.jpg\",\"keywords\":[\"AFRISTAT\",\"Paul-Henri Nguema Meye\",\"Sandra Ablamba Johnson\",\"statistiques\",\"Togo\"],\"articleSection\":[\"Economie\"],\"inLanguage\":\"fr-FR\",\"potentialAction\":[{\"@type\":\"CommentAction\",\"name\":\"Comment\",\"target\":[\"https:\/\/lavoixdelanation.tg\/index.php\/2026\/01\/14\/le-togo-dresse-le-bilan-de-sa-presidence-du-conseil-des-ministres-dafristat\/#respond\"]}]},{\"@type\":\"WebPage\",\"@id\":\"https:\/\/lavoixdelanation.tg\/index.php\/2026\/01\/14\/le-togo-dresse-le-bilan-de-sa-presidence-du-conseil-des-ministres-dafristat\/\",\"url\":\"https:\/\/lavoixdelanation.tg\/index.php\/2026\/01\/14\/le-togo-dresse-le-bilan-de-sa-presidence-du-conseil-des-ministres-dafristat\/\",\"name\":\"Le Togo dresse le bilan de sa Pr\u00e9sidence du Conseil des Ministres d\u2019AFRISTAT - La Voix de la Nation\",\"isPartOf\":{\"@id\":\"https:\/\/lavoixdelanation.tg\/#website\"},\"primaryImageOfPage\":{\"@id\":\"https:\/\/lavoixdelanation.tg\/index.php\/2026\/01\/14\/le-togo-dresse-le-bilan-de-sa-presidence-du-conseil-des-ministres-dafristat\/#primaryimage\"},\"image\":{\"@id\":\"https:\/\/lavoixdelanation.tg\/index.php\/2026\/01\/14\/le-togo-dresse-le-bilan-de-sa-presidence-du-conseil-des-ministres-dafristat\/#primaryimage\"},\"thumbnailUrl\":\"https:\/\/lavoixdelanation.tg\/wp-content\/uploads\/2026\/01\/Bilan-du-Togo-a-la-Presidence-du-Conseil-des-Ministres-dAFRISTAT.jpg\",\"datePublished\":\"2026-01-14T20:42:00+00:00\",\"dateModified\":\"2026-01-15T10:53:57+00:00\",\"breadcrumb\":{\"@id\":\"https:\/\/lavoixdelanation.tg\/index.php\/2026\/01\/14\/le-togo-dresse-le-bilan-de-sa-presidence-du-conseil-des-ministres-dafristat\/#breadcrumb\"},\"inLanguage\":\"fr-FR\",\"potentialAction\":[{\"@type\":\"ReadAction\",\"target\":[\"https:\/\/lavoixdelanation.tg\/index.php\/2026\/01\/14\/le-togo-dresse-le-bilan-de-sa-presidence-du-conseil-des-ministres-dafristat\/\"]}]},{\"@type\":\"ImageObject\",\"inLanguage\":\"fr-FR\",\"@id\":\"https:\/\/lavoixdelanation.tg\/index.php\/2026\/01\/14\/le-togo-dresse-le-bilan-de-sa-presidence-du-conseil-des-ministres-dafristat\/#primaryimage\",\"url\":\"https:\/\/lavoixdelanation.tg\/wp-content\/uploads\/2026\/01\/Bilan-du-Togo-a-la-Presidence-du-Conseil-des-Ministres-dAFRISTAT.jpg\",\"contentUrl\":\"https:\/\/lavoixdelanation.tg\/wp-content\/uploads\/2026\/01\/Bilan-du-Togo-a-la-Presidence-du-Conseil-des-Ministres-dAFRISTAT.jpg\",\"width\":1303,\"height\":882,\"caption\":\"Paul-Henri Nguema Meye avec Mme Sandra Johnson\"},{\"@type\":\"BreadcrumbList\",\"@id\":\"https:\/\/lavoixdelanation.tg\/index.php\/2026\/01\/14\/le-togo-dresse-le-bilan-de-sa-presidence-du-conseil-des-ministres-dafristat\/#breadcrumb\",\"itemListElement\":[{\"@type\":\"ListItem\",\"position\":1,\"name\":\"Accueil\",\"item\":\"https:\/\/lavoixdelanation.tg\/\"},{\"@type\":\"ListItem\",\"position\":2,\"name\":\"Le Togo dresse le bilan de sa Pr\u00e9sidence du Conseil des Ministres d\u2019AFRISTAT\"}]},{\"@type\":\"WebSite\",\"@id\":\"https:\/\/lavoixdelanation.tg\/#website\",\"url\":\"https:\/\/lavoixdelanation.tg\/\",\"name\":\"La Voix de la Nation\",\"description\":\"R\u00e9c\u00e9piss\u00e9 n\u00b00108\/HAAC\/01-2024\/pl\/P\",\"publisher\":{\"@id\":\"https:\/\/lavoixdelanation.tg\/#organization\"},\"alternateName\":\"VON\",\"potentialAction\":[{\"@type\":\"SearchAction\",\"target\":{\"@type\":\"EntryPoint\",\"urlTemplate\":\"https:\/\/lavoixdelanation.tg\/?s={search_term_string}\"},\"query-input\":{\"@type\":\"PropertyValueSpecification\",\"valueRequired\":true,\"valueName\":\"search_term_string\"}}],\"inLanguage\":\"fr-FR\"},{\"@type\":\"Organization\",\"@id\":\"https:\/\/lavoixdelanation.tg\/#organization\",\"name\":\"La Voix de la Nation\",\"url\":\"https:\/\/lavoixdelanation.tg\/\",\"logo\":{\"@type\":\"ImageObject\",\"inLanguage\":\"fr-FR\",\"@id\":\"https:\/\/lavoixdelanation.tg\/#\/schema\/logo\/image\/\",\"url\":\"https:\/\/lavoixdelanation.tg\/wp-content\/uploads\/2024\/12\/lavn-1.png\",\"contentUrl\":\"https:\/\/lavoixdelanation.tg\/wp-content\/uploads\/2024\/12\/lavn-1.png\",\"width\":1024,\"height\":464,\"caption\":\"La Voix de la Nation\"},\"image\":{\"@id\":\"https:\/\/lavoixdelanation.tg\/#\/schema\/logo\/image\/\"},\"sameAs\":[\"https:\/\/www.facebook.com\/lavoixdelanation\"]},{\"@type\":\"Person\",\"@id\":\"https:\/\/lavoixdelanation.tg\/#\/schema\/person\/6c489293aa38053673a9e554acb6e224\",\"name\":\"La voix de la nation\",\"image\":{\"@type\":\"ImageObject\",\"inLanguage\":\"fr-FR\",\"@id\":\"https:\/\/lavoixdelanation.tg\/#\/schema\/person\/image\/\",\"url\":\"https:\/\/secure.gravatar.com\/avatar\/8aa135d4bbc794494cecaa8d483f6d6cc1023624868deaff686baed5e727a5a1?s=96&d=mm&r=g\",\"contentUrl\":\"https:\/\/secure.gravatar.com\/avatar\/8aa135d4bbc794494cecaa8d483f6d6cc1023624868deaff686baed5e727a5a1?s=96&d=mm&r=g\",\"caption\":\"La voix de la nation\"},\"sameAs\":[\"https:\/\/lavoixdelanation.tg\"],\"url\":\"https:\/\/lavoixdelanation.tg\/index.php\/author\/lavn\/\"}]}<\/script>\n<!-- \/ Yoast SEO plugin. -->","yoast_head_json":{"title":"Le Togo dresse le bilan de sa Pr\u00e9sidence du Conseil des Ministres d\u2019AFRISTAT - La Voix de la Nation","robots":{"index":"index","follow":"follow","max-snippet":"max-snippet:-1","max-image-preview":"max-image-preview:large","max-video-preview":"max-video-preview:-1"},"canonical":"https:\/\/lavoixdelanation.tg\/index.php\/2026\/01\/14\/le-togo-dresse-le-bilan-de-sa-presidence-du-conseil-des-ministres-dafristat\/","og_locale":"fr_FR","og_type":"article","og_title":"Le Togo dresse le bilan de sa Pr\u00e9sidence du Conseil des Ministres d\u2019AFRISTAT - La Voix de la Nation","og_description":"Le Directeur G\u00e9n\u00e9ral de l\u2019AFRISTAT, Paul-Henri Nguema Meye a \u00e9t\u00e9 re\u00e7u en audience ce mardi 13 janvier 2026 \u00e0 Lom\u00e9 par la ministre-secr\u00e9taire g\u00e9n\u00e9ral de la Pr\u00e9sidence du Conseil Mme&hellip;","og_url":"https:\/\/lavoixdelanation.tg\/index.php\/2026\/01\/14\/le-togo-dresse-le-bilan-de-sa-presidence-du-conseil-des-ministres-dafristat\/","og_site_name":"La Voix de la Nation","article_publisher":"https:\/\/www.facebook.com\/lavoixdelanation","article_published_time":"2026-01-14T20:42:00+00:00","article_modified_time":"2026-01-15T10:53:57+00:00","og_image":[{"width":1303,"height":882,"url":"https:\/\/lavoixdelanation.tg\/wp-content\/uploads\/2026\/01\/Bilan-du-Togo-a-la-Presidence-du-Conseil-des-Ministres-dAFRISTAT.jpg","type":"image\/jpeg"}],"author":"La voix de la nation","twitter_card":"summary_large_image","twitter_misc":{"\u00c9crit par":"La voix de la nation","Dur\u00e9e de lecture estim\u00e9e":"2 minutes"},"schema":{"@context":"https:\/\/schema.org","@graph":[{"@type":"Article","@id":"https:\/\/lavoixdelanation.tg\/index.php\/2026\/01\/14\/le-togo-dresse-le-bilan-de-sa-presidence-du-conseil-des-ministres-dafristat\/#article","isPartOf":{"@id":"https:\/\/lavoixdelanation.tg\/index.php\/2026\/01\/14\/le-togo-dresse-le-bilan-de-sa-presidence-du-conseil-des-ministres-dafristat\/"},"author":{"name":"La voix de la nation","@id":"https:\/\/lavoixdelanation.tg\/#\/schema\/person\/6c489293aa38053673a9e554acb6e224"},"headline":"Le Togo dresse le bilan de sa Pr\u00e9sidence du Conseil des Ministres d\u2019AFRISTAT","datePublished":"2026-01-14T20:42:00+00:00","dateModified":"2026-01-15T10:53:57+00:00","mainEntityOfPage":{"@id":"https:\/\/lavoixdelanation.tg\/index.php\/2026\/01\/14\/le-togo-dresse-le-bilan-de-sa-presidence-du-conseil-des-ministres-dafristat\/"},"wordCount":363,"commentCount":0,"publisher":{"@id":"https:\/\/lavoixdelanation.tg\/#organization"},"image":{"@id":"https:\/\/lavoixdelanation.tg\/index.php\/2026\/01\/14\/le-togo-dresse-le-bilan-de-sa-presidence-du-conseil-des-ministres-dafristat\/#primaryimage"},"thumbnailUrl":"https:\/\/lavoixdelanation.tg\/wp-content\/uploads\/2026\/01\/Bilan-du-Togo-a-la-Presidence-du-Conseil-des-Ministres-dAFRISTAT.jpg","keywords":["AFRISTAT","Paul-Henri Nguema Meye","Sandra Ablamba Johnson","statistiques","Togo"],"articleSection":["Economie"],"inLanguage":"fr-FR","potentialAction":[{"@type":"CommentAction","name":"Comment","target":["https:\/\/lavoixdelanation.tg\/index.php\/2026\/01\/14\/le-togo-dresse-le-bilan-de-sa-presidence-du-conseil-des-ministres-dafristat\/#respond"]}]},{"@type":"WebPage","@id":"https:\/\/lavoixdelanation.tg\/index.php\/2026\/01\/14\/le-togo-dresse-le-bilan-de-sa-presidence-du-conseil-des-ministres-dafristat\/","url":"https:\/\/lavoixdelanation.tg\/index.php\/2026\/01\/14\/le-togo-dresse-le-bilan-de-sa-presidence-du-conseil-des-ministres-dafristat\/","name":"Le Togo dresse le bilan de sa Pr\u00e9sidence du Conseil des Ministres d\u2019AFRISTAT - La Voix de la Nation","isPartOf":{"@id":"https:\/\/lavoixdelanation.tg\/#website"},"primaryImageOfPage":{"@id":"https:\/\/lavoixdelanation.tg\/index.php\/2026\/01\/14\/le-togo-dresse-le-bilan-de-sa-presidence-du-conseil-des-ministres-dafristat\/#primaryimage"},"image":{"@id":"https:\/\/lavoixdelanation.tg\/index.php\/2026\/01\/14\/le-togo-dresse-le-bilan-de-sa-presidence-du-conseil-des-ministres-dafristat\/#primaryimage"},"thumbnailUrl":"https:\/\/lavoixdelanation.tg\/wp-content\/uploads\/2026\/01\/Bilan-du-Togo-a-la-Presidence-du-Conseil-des-Ministres-dAFRISTAT.jpg","datePublished":"2026-01-14T20:42:00+00:00","dateModified":"2026-01-15T10:53:57+00:00","breadcrumb":{"@id":"https:\/\/lavoixdelanation.tg\/index.php\/2026\/01\/14\/le-togo-dresse-le-bilan-de-sa-presidence-du-conseil-des-ministres-dafristat\/#breadcrumb"},"inLanguage":"fr-FR","potentialAction":[{"@type":"ReadAction","target":["https:\/\/lavoixdelanation.tg\/index.php\/2026\/01\/14\/le-togo-dresse-le-bilan-de-sa-presidence-du-conseil-des-ministres-dafristat\/"]}]},{"@type":"ImageObject","inLanguage":"fr-FR","@id":"https:\/\/lavoixdelanation.tg\/index.php\/2026\/01\/14\/le-togo-dresse-le-bilan-de-sa-presidence-du-conseil-des-ministres-dafristat\/#primaryimage","url":"https:\/\/lavoixdelanation.tg\/wp-content\/uploads\/2026\/01\/Bilan-du-Togo-a-la-Presidence-du-Conseil-des-Ministres-dAFRISTAT.jpg","contentUrl":"https:\/\/lavoixdelanation.tg\/wp-content\/uploads\/2026\/01\/Bilan-du-Togo-a-la-Presidence-du-Conseil-des-Ministres-dAFRISTAT.jpg","width":1303,"height":882,"caption":"Paul-Henri Nguema Meye avec Mme Sandra Johnson"},{"@type":"BreadcrumbList","@id":"https:\/\/lavoixdelanation.tg\/index.php\/2026\/01\/14\/le-togo-dresse-le-bilan-de-sa-presidence-du-conseil-des-ministres-dafristat\/#breadcrumb","itemListElement":[{"@type":"ListItem","position":1,"name":"Accueil","item":"https:\/\/lavoixdelanation.tg\/"},{"@type":"ListItem","position":2,"name":"Le Togo dresse le bilan de sa Pr\u00e9sidence du Conseil des Ministres d\u2019AFRISTAT"}]},{"@type":"WebSite","@id":"https:\/\/lavoixdelanation.tg\/#website","url":"https:\/\/lavoixdelanation.tg\/","name":"La Voix de la Nation","description":"R\u00e9c\u00e9piss\u00e9 n\u00b00108\/HAAC\/01-2024\/pl\/P","publisher":{"@id":"https:\/\/lavoixdelanation.tg\/#organization"},"alternateName":"VON","potentialAction":[{"@type":"SearchAction","target":{"@type":"EntryPoint","urlTemplate":"https:\/\/lavoixdelanation.tg\/?s={search_term_string}"},"query-input":{"@type":"PropertyValueSpecification","valueRequired":true,"valueName":"search_term_string"}}],"inLanguage":"fr-FR"},{"@type":"Organization","@id":"https:\/\/lavoixdelanation.tg\/#organization","name":"La Voix de la Nation","url":"https:\/\/lavoixdelanation.tg\/","logo":{"@type":"ImageObject","inLanguage":"fr-FR","@id":"https:\/\/lavoixdelanation.tg\/#\/schema\/logo\/image\/","url":"https:\/\/lavoixdelanation.tg\/wp-content\/uploads\/2024\/12\/lavn-1.png","contentUrl":"https:\/\/lavoixdelanation.tg\/wp-content\/uploads\/2024\/12\/lavn-1.png","width":1024,"height":464,"caption":"La Voix de la Nation"},"image":{"@id":"https:\/\/lavoixdelanation.tg\/#\/schema\/logo\/image\/"},"sameAs":["https:\/\/www.facebook.com\/lavoixdelanation"]},{"@type":"Person","@id":"https:\/\/lavoixdelanation.tg\/#\/schema\/person\/6c489293aa38053673a9e554acb6e224","name":"La voix de la nation","image":{"@type":"ImageObject","inLanguage":"fr-FR","@id":"https:\/\/lavoixdelanation.tg\/#\/schema\/person\/image\/","url":"https:\/\/secure.gravatar.com\/avatar\/8aa135d4bbc794494cecaa8d483f6d6cc1023624868deaff686baed5e727a5a1?s=96&d=mm&r=g","contentUrl":"https:\/\/secure.gravatar.com\/avatar\/8aa135d4bbc794494cecaa8d483f6d6cc1023624868deaff686baed5e727a5a1?s=96&d=mm&r=g","caption":"La voix de la nation"},"sameAs":["https:\/\/lavoixdelanation.tg"],"url":"https:\/\/lavoixdelanation.tg\/index.php\/author\/lavn\/"}]}},"_links":{"self":[{"href":"https:\/\/lavoixdelanation.tg\/index.php\/wp-json\/wp\/v2\/posts\/15222","targetHints":{"allow":["GET"]}}],"collection":[{"href":"https:\/\/lavoixdelanation.tg\/index.php\/wp-json\/wp\/v2\/posts"}],"about":[{"href":"https:\/\/lavoixdelanation.tg\/index.php\/wp-json\/wp\/v2\/types\/post"}],"author":[{"embeddable":true,"href":"https:\/\/lavoixdelanation.tg\/index.php\/wp-json\/wp\/v2\/users\/1"}],"replies":[{"embeddable":true,"href":"https:\/\/lavoixdelanation.tg\/index.php\/wp-json\/wp\/v2\/comments?post=15222"}],"version-history":[{"count":1,"href":"https:\/\/lavoixdelanation.tg\/index.php\/wp-json\/wp\/v2\/posts\/15222\/revisions"}],"predecessor-version":[{"id":15224,"href":"https:\/\/lavoixdelanation.tg\/index.php\/wp-json\/wp\/v2\/posts\/15222\/revisions\/15224"}],"wp:featuredmedia":[{"embeddable":true,"href":"https:\/\/lavoixdelanation.tg\/index.php\/wp-json\/wp\/v2\/media\/15223"}],"wp:attachment":[{"href":"https:\/\/lavoixdelanation.tg\/index.php\/wp-json\/wp\/v2\/media?parent=15222"}],"wp:term":[{"taxonomy":"category","embeddable":true,"href":"https:\/\/lavoixdelanation.tg\/index.php\/wp-json\/wp\/v2\/categories?post=15222"},{"taxonomy":"post_tag","embeddable":true,"href":"https:\/\/lavoixdelanation.tg\/index.php\/wp-json\/wp\/v2\/tags?post=15222"}],"curies":[{"name":"wp","href":"https:\/\/api.w.org\/{rel}","templated":true}]}}