{"id":15190,"date":"2026-01-11T14:12:57","date_gmt":"2026-01-11T13:12:57","guid":{"rendered":"https:\/\/lavoixdelanation.tg\/?p=15190"},"modified":"2026-01-11T14:13:59","modified_gmt":"2026-01-11T13:13:59","slug":"togo-concours-de-recrutement-direct-deleves-officiers-a-lefofat","status":"publish","type":"post","link":"https:\/\/lavoixdelanation.tg\/index.php\/2026\/01\/11\/togo-concours-de-recrutement-direct-deleves-officiers-a-lefofat\/","title":{"rendered":"Togo\u00a0: Concours de recrutement direct d\u2019\u00e9l\u00e8ves officiers \u00e0 l\u2019EFOFAT"},"content":{"rendered":"\n<p><strong>Un nouveau concours de s\u00e9lection pour le recrutement direct d\u2019\u00e9l\u00e8ves officiers d\u2019active \u00e0 l\u2019Ecole de Formation des Officiers des Forces Arm\u00e9es Togolaises (EFOFAT) aura lieu le samedi 28 mars 2026 \u00e0 l\u2019\u00e9cole du camp g\u00e9n\u00e9ral GNASSINGBE Eyadema \u00e0 Lom\u00e9 et au lyc\u00e9e Kara \u00e0 Kara.<\/strong><\/p>\n\n\n\n<p>Selon un communiqu\u00e9 du minist\u00e8re de la d\u00e9fense nationale, le concours s\u2019adresse aux jeunes togolais des deux sexes, d\u00e9sireux de faire carri\u00e8re dans les Forces Arm\u00e9es Togolaises (FAT).<\/p>\n\n\n\n<p>Les candidats doivent \u00eatre de nationalit\u00e9 togolaise, \u00eatre \u00e2g\u00e9 de vingt et un (21) ans au minimum et de vingt-six (26) ans au maximum au 31 d\u00e9cembre 2025, \u00eatre titulaire d&rsquo;une licence ou tout autre dipl\u00f4me \u00e9quivalent reconnu par l&rsquo;Etat, \u00eatre c\u00e9libataire sans enfant, \u00eatre d&rsquo;une bonne moralit\u00e9, et \u00eatre m\u00e9dicalement apte.<\/p>\n\n\n\n<p>Les dossiers de candidature seront d\u00e9pos\u00e9s dans les groupements de gendarmerie nationale des chefs-lieux de r\u00e9gions administratives \u00e0 partir du lundi 12 janvier 2026 contre une quittance de dix mille (10.000) francs CFA non remboursable.<\/p>\n\n\n\n<p class=\"has-text-align-center\"><strong>Composition du dossier<\/strong><\/p>\n\n\n\n<p>Le dossier de candidature doit comporter les pi\u00e8ces suivantes :<\/p>\n\n\n\n<ul class=\"wp-block-list\">\n<li>une demande manuscrite adress\u00e9e au ministre de la d\u00e9fense nationale pr\u00e9cisant l&rsquo;option choisie (Sciences, Lettres ou Gestion); l&rsquo;\u00e9preuve optionnelle et le centre d&rsquo;\u00e9crit;<\/li>\n\n\n\n<li>une photocopie l\u00e9galis\u00e9e de l&rsquo;acte de naissance ou tout autre pi\u00e8ce en tenant lieu;<\/li>\n\n\n\n<li>une photocopie l\u00e9galis\u00e9e ou duplicata du certificat de nationalit\u00e9 togolaise;<\/li>\n\n\n\n<li>une photocopie de la carte nationale d&rsquo;identit\u00e9;<\/li>\n\n\n\n<li>un casier judiciaire datant de moins de trois (03) mois;<\/li>\n\n\n\n<li>une photocopie l\u00e9galis\u00e9e du dipl\u00f4me requis ou des relev\u00e9s de notes;<\/li>\n\n\n\n<li>un certificat m\u00e9dical d&rsquo;aptitude \u00e9tabli par un m\u00e9decin;<\/li>\n\n\n\n<li>deux (02) photos d&rsquo;identit\u00e9 sur fond blanc;<\/li>\n\n\n\n<li>une somme de dix mille (10 000) francs CFA pour les frais de d\u00e9p\u00f4t des dossiers.<\/li>\n<\/ul>\n\n\n\n<p>La date limite de d\u00e9p\u00f4t des dossiers est fix\u00e9e au vendredi 13 f\u00e9vrier 2026 \u00e0 17 heures.<\/p>\n\n\n\n<p>Les informations compl\u00e9mentaires peuvent \u00eatre consult\u00e9es dans le document PDF ci-dessous&nbsp;:<\/p>\n\n\n\n<div data-wp-interactive=\"core\/file\" class=\"wp-block-file\"><object data-wp-bind--hidden=\"!state.hasPdfPreview\" hidden class=\"wp-block-file__embed\" data=\"https:\/\/lavoixdelanation.tg\/wp-content\/uploads\/2026\/01\/Communique-EFOFAT-2026-.pdf\" type=\"application\/pdf\" style=\"width:100%;height:600px\" aria-label=\"Contenu embarqu\u00e9 Communique\u0301-EFOFAT-2026-.\"><\/object><a id=\"wp-block-file--media-d7948812-69e9-47c0-afb3-1f6ca4383029\" href=\"https:\/\/lavoixdelanation.tg\/wp-content\/uploads\/2026\/01\/Communique-EFOFAT-2026-.pdf\">Communique\u0301-EFOFAT-2026-<\/a><a href=\"https:\/\/lavoixdelanation.tg\/wp-content\/uploads\/2026\/01\/Communique-EFOFAT-2026-.pdf\" class=\"wp-block-file__button wp-element-button\" download aria-describedby=\"wp-block-file--media-d7948812-69e9-47c0-afb3-1f6ca4383029\">T\u00e9l\u00e9charger<\/a><\/div>\n","protected":false},"excerpt":{"rendered":"<p>Un nouveau concours de s\u00e9lection pour le recrutement direct d\u2019\u00e9l\u00e8ves officiers d\u2019active \u00e0 l\u2019Ecole de Formation des Officiers des Forces Arm\u00e9es Togolaises (EFOFAT) aura lieu le samedi 28 mars 2026&hellip; <\/p>\n","protected":false},"author":1,"featured_media":15191,"comment_status":"open","ping_status":"closed","sticky":false,"template":"","format":"standard","meta":{"footnotes":""},"categories":[10],"tags":[631,39],"class_list":["post-15190","post","type-post","status-publish","format-standard","has-post-thumbnail","hentry","category-education","tag-concours-efofat","tag-togo"],"yoast_head":"<!-- This site is optimized with the Yoast SEO plugin v26.4 - https:\/\/yoast.com\/wordpress\/plugins\/seo\/ -->\n<title>Togo\u00a0: Concours de recrutement direct d\u2019\u00e9l\u00e8ves officiers \u00e0 l\u2019EFOFAT - La Voix de la Nation<\/title>\n<meta name=\"robots\" content=\"index, follow, max-snippet:-1, max-image-preview:large, max-video-preview:-1\" \/>\n<link rel=\"canonical\" href=\"https:\/\/lavoixdelanation.tg\/index.php\/2026\/01\/11\/togo-concours-de-recrutement-direct-deleves-officiers-a-lefofat\/\" \/>\n<meta property=\"og:locale\" content=\"fr_FR\" \/>\n<meta property=\"og:type\" content=\"article\" \/>\n<meta property=\"og:title\" content=\"Togo\u00a0: Concours de recrutement direct d\u2019\u00e9l\u00e8ves officiers \u00e0 l\u2019EFOFAT - La Voix de la Nation\" \/>\n<meta property=\"og:description\" content=\"Un nouveau concours de s\u00e9lection pour le recrutement direct d\u2019\u00e9l\u00e8ves officiers d\u2019active \u00e0 l\u2019Ecole de Formation des Officiers des Forces Arm\u00e9es Togolaises (EFOFAT) aura lieu le samedi 28 mars 2026&hellip;\" \/>\n<meta property=\"og:url\" content=\"https:\/\/lavoixdelanation.tg\/index.php\/2026\/01\/11\/togo-concours-de-recrutement-direct-deleves-officiers-a-lefofat\/\" \/>\n<meta property=\"og:site_name\" content=\"La Voix de la Nation\" \/>\n<meta property=\"article:publisher\" content=\"https:\/\/www.facebook.com\/lavoixdelanation\" \/>\n<meta property=\"article:published_time\" content=\"2026-01-11T13:12:57+00:00\" \/>\n<meta property=\"article:modified_time\" content=\"2026-01-11T13:13:59+00:00\" \/>\n<meta property=\"og:image\" content=\"https:\/\/lavoixdelanation.tg\/wp-content\/uploads\/2026\/01\/Concours-de-recrutement-direct-deleves-officiers-a-lEFOFAT-2026.jpeg\" \/>\n\t<meta property=\"og:image:width\" content=\"1147\" \/>\n\t<meta property=\"og:image:height\" content=\"773\" \/>\n\t<meta property=\"og:image:type\" content=\"image\/jpeg\" \/>\n<meta name=\"author\" content=\"La voix de la nation\" \/>\n<meta name=\"twitter:card\" content=\"summary_large_image\" \/>\n<meta name=\"twitter:label1\" content=\"\u00c9crit par\" \/>\n\t<meta name=\"twitter:data1\" content=\"La voix de la nation\" \/>\n\t<meta name=\"twitter:label2\" content=\"Dur\u00e9e de lecture estim\u00e9e\" \/>\n\t<meta name=\"twitter:data2\" content=\"2 minutes\" \/>\n<script type=\"application\/ld+json\" class=\"yoast-schema-graph\">{\"@context\":\"https:\/\/schema.org\",\"@graph\":[{\"@type\":\"Article\",\"@id\":\"https:\/\/lavoixdelanation.tg\/index.php\/2026\/01\/11\/togo-concours-de-recrutement-direct-deleves-officiers-a-lefofat\/#article\",\"isPartOf\":{\"@id\":\"https:\/\/lavoixdelanation.tg\/index.php\/2026\/01\/11\/togo-concours-de-recrutement-direct-deleves-officiers-a-lefofat\/\"},\"author\":{\"name\":\"La voix de la nation\",\"@id\":\"https:\/\/lavoixdelanation.tg\/#\/schema\/person\/6c489293aa38053673a9e554acb6e224\"},\"headline\":\"Togo\u00a0: Concours de recrutement direct d\u2019\u00e9l\u00e8ves officiers \u00e0 l\u2019EFOFAT\",\"datePublished\":\"2026-01-11T13:12:57+00:00\",\"dateModified\":\"2026-01-11T13:13:59+00:00\",\"mainEntityOfPage\":{\"@id\":\"https:\/\/lavoixdelanation.tg\/index.php\/2026\/01\/11\/togo-concours-de-recrutement-direct-deleves-officiers-a-lefofat\/\"},\"wordCount\":358,\"commentCount\":0,\"publisher\":{\"@id\":\"https:\/\/lavoixdelanation.tg\/#organization\"},\"image\":{\"@id\":\"https:\/\/lavoixdelanation.tg\/index.php\/2026\/01\/11\/togo-concours-de-recrutement-direct-deleves-officiers-a-lefofat\/#primaryimage\"},\"thumbnailUrl\":\"https:\/\/lavoixdelanation.tg\/wp-content\/uploads\/2026\/01\/Concours-de-recrutement-direct-deleves-officiers-a-lEFOFAT-2026.jpeg\",\"keywords\":[\"Concours EFOFAT\",\"Togo\"],\"articleSection\":[\"Education\"],\"inLanguage\":\"fr-FR\",\"potentialAction\":[{\"@type\":\"CommentAction\",\"name\":\"Comment\",\"target\":[\"https:\/\/lavoixdelanation.tg\/index.php\/2026\/01\/11\/togo-concours-de-recrutement-direct-deleves-officiers-a-lefofat\/#respond\"]}]},{\"@type\":\"WebPage\",\"@id\":\"https:\/\/lavoixdelanation.tg\/index.php\/2026\/01\/11\/togo-concours-de-recrutement-direct-deleves-officiers-a-lefofat\/\",\"url\":\"https:\/\/lavoixdelanation.tg\/index.php\/2026\/01\/11\/togo-concours-de-recrutement-direct-deleves-officiers-a-lefofat\/\",\"name\":\"Togo\u00a0: Concours de recrutement direct d\u2019\u00e9l\u00e8ves officiers \u00e0 l\u2019EFOFAT - La Voix de la Nation\",\"isPartOf\":{\"@id\":\"https:\/\/lavoixdelanation.tg\/#website\"},\"primaryImageOfPage\":{\"@id\":\"https:\/\/lavoixdelanation.tg\/index.php\/2026\/01\/11\/togo-concours-de-recrutement-direct-deleves-officiers-a-lefofat\/#primaryimage\"},\"image\":{\"@id\":\"https:\/\/lavoixdelanation.tg\/index.php\/2026\/01\/11\/togo-concours-de-recrutement-direct-deleves-officiers-a-lefofat\/#primaryimage\"},\"thumbnailUrl\":\"https:\/\/lavoixdelanation.tg\/wp-content\/uploads\/2026\/01\/Concours-de-recrutement-direct-deleves-officiers-a-lEFOFAT-2026.jpeg\",\"datePublished\":\"2026-01-11T13:12:57+00:00\",\"dateModified\":\"2026-01-11T13:13:59+00:00\",\"breadcrumb\":{\"@id\":\"https:\/\/lavoixdelanation.tg\/index.php\/2026\/01\/11\/togo-concours-de-recrutement-direct-deleves-officiers-a-lefofat\/#breadcrumb\"},\"inLanguage\":\"fr-FR\",\"potentialAction\":[{\"@type\":\"ReadAction\",\"target\":[\"https:\/\/lavoixdelanation.tg\/index.php\/2026\/01\/11\/togo-concours-de-recrutement-direct-deleves-officiers-a-lefofat\/\"]}]},{\"@type\":\"ImageObject\",\"inLanguage\":\"fr-FR\",\"@id\":\"https:\/\/lavoixdelanation.tg\/index.php\/2026\/01\/11\/togo-concours-de-recrutement-direct-deleves-officiers-a-lefofat\/#primaryimage\",\"url\":\"https:\/\/lavoixdelanation.tg\/wp-content\/uploads\/2026\/01\/Concours-de-recrutement-direct-deleves-officiers-a-lEFOFAT-2026.jpeg\",\"contentUrl\":\"https:\/\/lavoixdelanation.tg\/wp-content\/uploads\/2026\/01\/Concours-de-recrutement-direct-deleves-officiers-a-lEFOFAT-2026.jpeg\",\"width\":1147,\"height\":773},{\"@type\":\"BreadcrumbList\",\"@id\":\"https:\/\/lavoixdelanation.tg\/index.php\/2026\/01\/11\/togo-concours-de-recrutement-direct-deleves-officiers-a-lefofat\/#breadcrumb\",\"itemListElement\":[{\"@type\":\"ListItem\",\"position\":1,\"name\":\"Accueil\",\"item\":\"https:\/\/lavoixdelanation.tg\/\"},{\"@type\":\"ListItem\",\"position\":2,\"name\":\"Togo\u00a0: Concours de recrutement direct d\u2019\u00e9l\u00e8ves officiers \u00e0 l\u2019EFOFAT\"}]},{\"@type\":\"WebSite\",\"@id\":\"https:\/\/lavoixdelanation.tg\/#website\",\"url\":\"https:\/\/lavoixdelanation.tg\/\",\"name\":\"La Voix de la Nation\",\"description\":\"R\u00e9c\u00e9piss\u00e9 n\u00b00108\/HAAC\/01-2024\/pl\/P\",\"publisher\":{\"@id\":\"https:\/\/lavoixdelanation.tg\/#organization\"},\"alternateName\":\"VON\",\"potentialAction\":[{\"@type\":\"SearchAction\",\"target\":{\"@type\":\"EntryPoint\",\"urlTemplate\":\"https:\/\/lavoixdelanation.tg\/?s={search_term_string}\"},\"query-input\":{\"@type\":\"PropertyValueSpecification\",\"valueRequired\":true,\"valueName\":\"search_term_string\"}}],\"inLanguage\":\"fr-FR\"},{\"@type\":\"Organization\",\"@id\":\"https:\/\/lavoixdelanation.tg\/#organization\",\"name\":\"La Voix de la Nation\",\"url\":\"https:\/\/lavoixdelanation.tg\/\",\"logo\":{\"@type\":\"ImageObject\",\"inLanguage\":\"fr-FR\",\"@id\":\"https:\/\/lavoixdelanation.tg\/#\/schema\/logo\/image\/\",\"url\":\"https:\/\/lavoixdelanation.tg\/wp-content\/uploads\/2024\/12\/lavn-1.png\",\"contentUrl\":\"https:\/\/lavoixdelanation.tg\/wp-content\/uploads\/2024\/12\/lavn-1.png\",\"width\":1024,\"height\":464,\"caption\":\"La Voix de la Nation\"},\"image\":{\"@id\":\"https:\/\/lavoixdelanation.tg\/#\/schema\/logo\/image\/\"},\"sameAs\":[\"https:\/\/www.facebook.com\/lavoixdelanation\"]},{\"@type\":\"Person\",\"@id\":\"https:\/\/lavoixdelanation.tg\/#\/schema\/person\/6c489293aa38053673a9e554acb6e224\",\"name\":\"La voix de la nation\",\"image\":{\"@type\":\"ImageObject\",\"inLanguage\":\"fr-FR\",\"@id\":\"https:\/\/lavoixdelanation.tg\/#\/schema\/person\/image\/\",\"url\":\"https:\/\/secure.gravatar.com\/avatar\/8aa135d4bbc794494cecaa8d483f6d6cc1023624868deaff686baed5e727a5a1?s=96&d=mm&r=g\",\"contentUrl\":\"https:\/\/secure.gravatar.com\/avatar\/8aa135d4bbc794494cecaa8d483f6d6cc1023624868deaff686baed5e727a5a1?s=96&d=mm&r=g\",\"caption\":\"La voix de la nation\"},\"sameAs\":[\"https:\/\/lavoixdelanation.tg\"],\"url\":\"https:\/\/lavoixdelanation.tg\/index.php\/author\/lavn\/\"}]}<\/script>\n<!-- \/ Yoast SEO plugin. -->","yoast_head_json":{"title":"Togo\u00a0: Concours de recrutement direct d\u2019\u00e9l\u00e8ves officiers \u00e0 l\u2019EFOFAT - La Voix de la Nation","robots":{"index":"index","follow":"follow","max-snippet":"max-snippet:-1","max-image-preview":"max-image-preview:large","max-video-preview":"max-video-preview:-1"},"canonical":"https:\/\/lavoixdelanation.tg\/index.php\/2026\/01\/11\/togo-concours-de-recrutement-direct-deleves-officiers-a-lefofat\/","og_locale":"fr_FR","og_type":"article","og_title":"Togo\u00a0: Concours de recrutement direct d\u2019\u00e9l\u00e8ves officiers \u00e0 l\u2019EFOFAT - La Voix de la Nation","og_description":"Un nouveau concours de s\u00e9lection pour le recrutement direct d\u2019\u00e9l\u00e8ves officiers d\u2019active \u00e0 l\u2019Ecole de Formation des Officiers des Forces Arm\u00e9es Togolaises (EFOFAT) aura lieu le samedi 28 mars 2026&hellip;","og_url":"https:\/\/lavoixdelanation.tg\/index.php\/2026\/01\/11\/togo-concours-de-recrutement-direct-deleves-officiers-a-lefofat\/","og_site_name":"La Voix de la Nation","article_publisher":"https:\/\/www.facebook.com\/lavoixdelanation","article_published_time":"2026-01-11T13:12:57+00:00","article_modified_time":"2026-01-11T13:13:59+00:00","og_image":[{"width":1147,"height":773,"url":"https:\/\/lavoixdelanation.tg\/wp-content\/uploads\/2026\/01\/Concours-de-recrutement-direct-deleves-officiers-a-lEFOFAT-2026.jpeg","type":"image\/jpeg"}],"author":"La voix de la nation","twitter_card":"summary_large_image","twitter_misc":{"\u00c9crit par":"La voix de la nation","Dur\u00e9e de lecture estim\u00e9e":"2 minutes"},"schema":{"@context":"https:\/\/schema.org","@graph":[{"@type":"Article","@id":"https:\/\/lavoixdelanation.tg\/index.php\/2026\/01\/11\/togo-concours-de-recrutement-direct-deleves-officiers-a-lefofat\/#article","isPartOf":{"@id":"https:\/\/lavoixdelanation.tg\/index.php\/2026\/01\/11\/togo-concours-de-recrutement-direct-deleves-officiers-a-lefofat\/"},"author":{"name":"La voix de la nation","@id":"https:\/\/lavoixdelanation.tg\/#\/schema\/person\/6c489293aa38053673a9e554acb6e224"},"headline":"Togo\u00a0: Concours de recrutement direct d\u2019\u00e9l\u00e8ves officiers \u00e0 l\u2019EFOFAT","datePublished":"2026-01-11T13:12:57+00:00","dateModified":"2026-01-11T13:13:59+00:00","mainEntityOfPage":{"@id":"https:\/\/lavoixdelanation.tg\/index.php\/2026\/01\/11\/togo-concours-de-recrutement-direct-deleves-officiers-a-lefofat\/"},"wordCount":358,"commentCount":0,"publisher":{"@id":"https:\/\/lavoixdelanation.tg\/#organization"},"image":{"@id":"https:\/\/lavoixdelanation.tg\/index.php\/2026\/01\/11\/togo-concours-de-recrutement-direct-deleves-officiers-a-lefofat\/#primaryimage"},"thumbnailUrl":"https:\/\/lavoixdelanation.tg\/wp-content\/uploads\/2026\/01\/Concours-de-recrutement-direct-deleves-officiers-a-lEFOFAT-2026.jpeg","keywords":["Concours EFOFAT","Togo"],"articleSection":["Education"],"inLanguage":"fr-FR","potentialAction":[{"@type":"CommentAction","name":"Comment","target":["https:\/\/lavoixdelanation.tg\/index.php\/2026\/01\/11\/togo-concours-de-recrutement-direct-deleves-officiers-a-lefofat\/#respond"]}]},{"@type":"WebPage","@id":"https:\/\/lavoixdelanation.tg\/index.php\/2026\/01\/11\/togo-concours-de-recrutement-direct-deleves-officiers-a-lefofat\/","url":"https:\/\/lavoixdelanation.tg\/index.php\/2026\/01\/11\/togo-concours-de-recrutement-direct-deleves-officiers-a-lefofat\/","name":"Togo\u00a0: Concours de recrutement direct d\u2019\u00e9l\u00e8ves officiers \u00e0 l\u2019EFOFAT - La Voix de la Nation","isPartOf":{"@id":"https:\/\/lavoixdelanation.tg\/#website"},"primaryImageOfPage":{"@id":"https:\/\/lavoixdelanation.tg\/index.php\/2026\/01\/11\/togo-concours-de-recrutement-direct-deleves-officiers-a-lefofat\/#primaryimage"},"image":{"@id":"https:\/\/lavoixdelanation.tg\/index.php\/2026\/01\/11\/togo-concours-de-recrutement-direct-deleves-officiers-a-lefofat\/#primaryimage"},"thumbnailUrl":"https:\/\/lavoixdelanation.tg\/wp-content\/uploads\/2026\/01\/Concours-de-recrutement-direct-deleves-officiers-a-lEFOFAT-2026.jpeg","datePublished":"2026-01-11T13:12:57+00:00","dateModified":"2026-01-11T13:13:59+00:00","breadcrumb":{"@id":"https:\/\/lavoixdelanation.tg\/index.php\/2026\/01\/11\/togo-concours-de-recrutement-direct-deleves-officiers-a-lefofat\/#breadcrumb"},"inLanguage":"fr-FR","potentialAction":[{"@type":"ReadAction","target":["https:\/\/lavoixdelanation.tg\/index.php\/2026\/01\/11\/togo-concours-de-recrutement-direct-deleves-officiers-a-lefofat\/"]}]},{"@type":"ImageObject","inLanguage":"fr-FR","@id":"https:\/\/lavoixdelanation.tg\/index.php\/2026\/01\/11\/togo-concours-de-recrutement-direct-deleves-officiers-a-lefofat\/#primaryimage","url":"https:\/\/lavoixdelanation.tg\/wp-content\/uploads\/2026\/01\/Concours-de-recrutement-direct-deleves-officiers-a-lEFOFAT-2026.jpeg","contentUrl":"https:\/\/lavoixdelanation.tg\/wp-content\/uploads\/2026\/01\/Concours-de-recrutement-direct-deleves-officiers-a-lEFOFAT-2026.jpeg","width":1147,"height":773},{"@type":"BreadcrumbList","@id":"https:\/\/lavoixdelanation.tg\/index.php\/2026\/01\/11\/togo-concours-de-recrutement-direct-deleves-officiers-a-lefofat\/#breadcrumb","itemListElement":[{"@type":"ListItem","position":1,"name":"Accueil","item":"https:\/\/lavoixdelanation.tg\/"},{"@type":"ListItem","position":2,"name":"Togo\u00a0: Concours de recrutement direct d\u2019\u00e9l\u00e8ves officiers \u00e0 l\u2019EFOFAT"}]},{"@type":"WebSite","@id":"https:\/\/lavoixdelanation.tg\/#website","url":"https:\/\/lavoixdelanation.tg\/","name":"La Voix de la Nation","description":"R\u00e9c\u00e9piss\u00e9 n\u00b00108\/HAAC\/01-2024\/pl\/P","publisher":{"@id":"https:\/\/lavoixdelanation.tg\/#organization"},"alternateName":"VON","potentialAction":[{"@type":"SearchAction","target":{"@type":"EntryPoint","urlTemplate":"https:\/\/lavoixdelanation.tg\/?s={search_term_string}"},"query-input":{"@type":"PropertyValueSpecification","valueRequired":true,"valueName":"search_term_string"}}],"inLanguage":"fr-FR"},{"@type":"Organization","@id":"https:\/\/lavoixdelanation.tg\/#organization","name":"La Voix de la Nation","url":"https:\/\/lavoixdelanation.tg\/","logo":{"@type":"ImageObject","inLanguage":"fr-FR","@id":"https:\/\/lavoixdelanation.tg\/#\/schema\/logo\/image\/","url":"https:\/\/lavoixdelanation.tg\/wp-content\/uploads\/2024\/12\/lavn-1.png","contentUrl":"https:\/\/lavoixdelanation.tg\/wp-content\/uploads\/2024\/12\/lavn-1.png","width":1024,"height":464,"caption":"La Voix de la Nation"},"image":{"@id":"https:\/\/lavoixdelanation.tg\/#\/schema\/logo\/image\/"},"sameAs":["https:\/\/www.facebook.com\/lavoixdelanation"]},{"@type":"Person","@id":"https:\/\/lavoixdelanation.tg\/#\/schema\/person\/6c489293aa38053673a9e554acb6e224","name":"La voix de la nation","image":{"@type":"ImageObject","inLanguage":"fr-FR","@id":"https:\/\/lavoixdelanation.tg\/#\/schema\/person\/image\/","url":"https:\/\/secure.gravatar.com\/avatar\/8aa135d4bbc794494cecaa8d483f6d6cc1023624868deaff686baed5e727a5a1?s=96&d=mm&r=g","contentUrl":"https:\/\/secure.gravatar.com\/avatar\/8aa135d4bbc794494cecaa8d483f6d6cc1023624868deaff686baed5e727a5a1?s=96&d=mm&r=g","caption":"La voix de la nation"},"sameAs":["https:\/\/lavoixdelanation.tg"],"url":"https:\/\/lavoixdelanation.tg\/index.php\/author\/lavn\/"}]}},"_links":{"self":[{"href":"https:\/\/lavoixdelanation.tg\/index.php\/wp-json\/wp\/v2\/posts\/15190","targetHints":{"allow":["GET"]}}],"collection":[{"href":"https:\/\/lavoixdelanation.tg\/index.php\/wp-json\/wp\/v2\/posts"}],"about":[{"href":"https:\/\/lavoixdelanation.tg\/index.php\/wp-json\/wp\/v2\/types\/post"}],"author":[{"embeddable":true,"href":"https:\/\/lavoixdelanation.tg\/index.php\/wp-json\/wp\/v2\/users\/1"}],"replies":[{"embeddable":true,"href":"https:\/\/lavoixdelanation.tg\/index.php\/wp-json\/wp\/v2\/comments?post=15190"}],"version-history":[{"count":2,"href":"https:\/\/lavoixdelanation.tg\/index.php\/wp-json\/wp\/v2\/posts\/15190\/revisions"}],"predecessor-version":[{"id":15195,"href":"https:\/\/lavoixdelanation.tg\/index.php\/wp-json\/wp\/v2\/posts\/15190\/revisions\/15195"}],"wp:featuredmedia":[{"embeddable":true,"href":"https:\/\/lavoixdelanation.tg\/index.php\/wp-json\/wp\/v2\/media\/15191"}],"wp:attachment":[{"href":"https:\/\/lavoixdelanation.tg\/index.php\/wp-json\/wp\/v2\/media?parent=15190"}],"wp:term":[{"taxonomy":"category","embeddable":true,"href":"https:\/\/lavoixdelanation.tg\/index.php\/wp-json\/wp\/v2\/categories?post=15190"},{"taxonomy":"post_tag","embeddable":true,"href":"https:\/\/lavoixdelanation.tg\/index.php\/wp-json\/wp\/v2\/tags?post=15190"}],"curies":[{"name":"wp","href":"https:\/\/api.w.org\/{rel}","templated":true}]}}