{"id":15181,"date":"2026-01-09T08:47:00","date_gmt":"2026-01-09T07:47:00","guid":{"rendered":"https:\/\/lavoixdelanation.tg\/?p=15181"},"modified":"2026-01-09T16:49:51","modified_gmt":"2026-01-09T15:49:51","slug":"togo-appel-a-candidature-pour-des-bourses-detudes-au-japon","status":"publish","type":"post","link":"https:\/\/lavoixdelanation.tg\/index.php\/2026\/01\/09\/togo-appel-a-candidature-pour-des-bourses-detudes-au-japon\/","title":{"rendered":"Togo\u00a0: Appel \u00e0 candidature pour des bourses d\u2019\u00e9tudes au Japon"},"content":{"rendered":"\n<p>Le secr\u00e9tariat du \u00ab Fonds Kubota \u00bb a proc\u00e9d\u00e9 lancement de l&rsquo;appel \u00e0 candidatures pour le programme de bourses d&rsquo;\u00e9tudes au Japon, au titre de l&rsquo;ann\u00e9e acad\u00e9mique 2026-2027.<\/p>\n\n\n\n<p>L\u2019information est contenue dans un communiqu\u00e9 en date du 7 janvier 2026, sign\u00e9 du ministre d\u00e9l\u00e9gu\u00e9 charg\u00e9 de l&rsquo;Enseignement Sup\u00e9rieur et de la Recherche Scientifique Professeur Gado TCHANGBEDJI \u00e0 l\u2019endroit des \u00e9tudiants togolais.<\/p>\n\n\n\n<p>Ce programme permet notamment aux \u00e9tudiants des pays en d\u00e9veloppement de mener des projets de recherches dans les domaines d&rsquo;ing\u00e9nierie civil, \u00e9lectrique, m\u00e9canique, environnemental, \u00e9nerg\u00e9tique ainsi que dans l&rsquo;agriculture, l&rsquo;architecture ou le d\u00e9veloppement \u00e9conomique.<\/p>\n\n\n\n<p>La date limite de soumission de candidatures est fix\u00e9e au 19 janvier 2026. Pour d&rsquo;amples informations relatives aux crit\u00e8res et \u00e0 la proc\u00e9dure de candidature, veuillez consulter le lien ci-apr\u00e8s : <strong><a href=\"http:\/\/www.kubota-fund.org\">www.kubota-fund.org<\/a>.<\/strong><\/p>\n","protected":false},"excerpt":{"rendered":"<p>Le secr\u00e9tariat du \u00ab Fonds Kubota \u00bb a proc\u00e9d\u00e9 lancement de l&rsquo;appel \u00e0 candidatures pour le programme de bourses d&rsquo;\u00e9tudes au Japon, au titre de l&rsquo;ann\u00e9e acad\u00e9mique 2026-2027. L\u2019information est&hellip; <\/p>\n","protected":false},"author":1,"featured_media":15182,"comment_status":"open","ping_status":"closed","sticky":false,"template":"","format":"standard","meta":{"footnotes":""},"categories":[10],"tags":[193,153,39],"class_list":["post-15181","post","type-post","status-publish","format-standard","has-post-thumbnail","hentry","category-education","tag-bourses","tag-enseignement-superieur","tag-togo"],"yoast_head":"<!-- This site is optimized with the Yoast SEO plugin v26.4 - https:\/\/yoast.com\/wordpress\/plugins\/seo\/ -->\n<title>Togo\u00a0: Appel \u00e0 candidature pour des bourses d\u2019\u00e9tudes au Japon - La Voix de la Nation<\/title>\n<meta name=\"robots\" content=\"index, follow, max-snippet:-1, max-image-preview:large, max-video-preview:-1\" \/>\n<link rel=\"canonical\" href=\"https:\/\/lavoixdelanation.tg\/index.php\/2026\/01\/09\/togo-appel-a-candidature-pour-des-bourses-detudes-au-japon\/\" \/>\n<meta property=\"og:locale\" content=\"fr_FR\" \/>\n<meta property=\"og:type\" content=\"article\" \/>\n<meta property=\"og:title\" content=\"Togo\u00a0: Appel \u00e0 candidature pour des bourses d\u2019\u00e9tudes au Japon - La Voix de la Nation\" \/>\n<meta property=\"og:description\" content=\"Le secr\u00e9tariat du \u00ab Fonds Kubota \u00bb a proc\u00e9d\u00e9 lancement de l&rsquo;appel \u00e0 candidatures pour le programme de bourses d&rsquo;\u00e9tudes au Japon, au titre de l&rsquo;ann\u00e9e acad\u00e9mique 2026-2027. L\u2019information est&hellip;\" \/>\n<meta property=\"og:url\" content=\"https:\/\/lavoixdelanation.tg\/index.php\/2026\/01\/09\/togo-appel-a-candidature-pour-des-bourses-detudes-au-japon\/\" \/>\n<meta property=\"og:site_name\" content=\"La Voix de la Nation\" \/>\n<meta property=\"article:publisher\" content=\"https:\/\/www.facebook.com\/lavoixdelanation\" \/>\n<meta property=\"article:published_time\" content=\"2026-01-09T07:47:00+00:00\" \/>\n<meta property=\"article:modified_time\" content=\"2026-01-09T15:49:51+00:00\" \/>\n<meta property=\"og:image\" content=\"https:\/\/lavoixdelanation.tg\/wp-content\/uploads\/2026\/01\/Appel-a-candidature-pour-des-bourses-detudes-au-Japon.jpg\" \/>\n\t<meta property=\"og:image:width\" content=\"500\" \/>\n\t<meta property=\"og:image:height\" content=\"323\" \/>\n\t<meta property=\"og:image:type\" content=\"image\/jpeg\" \/>\n<meta name=\"author\" content=\"La voix de la nation\" \/>\n<meta name=\"twitter:card\" content=\"summary_large_image\" \/>\n<meta name=\"twitter:label1\" content=\"\u00c9crit par\" \/>\n\t<meta name=\"twitter:data1\" content=\"La voix de la nation\" \/>\n\t<meta name=\"twitter:label2\" content=\"Dur\u00e9e de lecture estim\u00e9e\" \/>\n\t<meta name=\"twitter:data2\" content=\"1 minute\" \/>\n<script type=\"application\/ld+json\" class=\"yoast-schema-graph\">{\"@context\":\"https:\/\/schema.org\",\"@graph\":[{\"@type\":\"Article\",\"@id\":\"https:\/\/lavoixdelanation.tg\/index.php\/2026\/01\/09\/togo-appel-a-candidature-pour-des-bourses-detudes-au-japon\/#article\",\"isPartOf\":{\"@id\":\"https:\/\/lavoixdelanation.tg\/index.php\/2026\/01\/09\/togo-appel-a-candidature-pour-des-bourses-detudes-au-japon\/\"},\"author\":{\"name\":\"La voix de la nation\",\"@id\":\"https:\/\/lavoixdelanation.tg\/#\/schema\/person\/6c489293aa38053673a9e554acb6e224\"},\"headline\":\"Togo\u00a0: Appel \u00e0 candidature pour des bourses d\u2019\u00e9tudes au Japon\",\"datePublished\":\"2026-01-09T07:47:00+00:00\",\"dateModified\":\"2026-01-09T15:49:51+00:00\",\"mainEntityOfPage\":{\"@id\":\"https:\/\/lavoixdelanation.tg\/index.php\/2026\/01\/09\/togo-appel-a-candidature-pour-des-bourses-detudes-au-japon\/\"},\"wordCount\":155,\"commentCount\":0,\"publisher\":{\"@id\":\"https:\/\/lavoixdelanation.tg\/#organization\"},\"image\":{\"@id\":\"https:\/\/lavoixdelanation.tg\/index.php\/2026\/01\/09\/togo-appel-a-candidature-pour-des-bourses-detudes-au-japon\/#primaryimage\"},\"thumbnailUrl\":\"https:\/\/lavoixdelanation.tg\/wp-content\/uploads\/2026\/01\/Appel-a-candidature-pour-des-bourses-detudes-au-Japon.jpg\",\"keywords\":[\"Bourses\",\"Enseignement sup\u00e9rieur\",\"Togo\"],\"articleSection\":[\"Education\"],\"inLanguage\":\"fr-FR\",\"potentialAction\":[{\"@type\":\"CommentAction\",\"name\":\"Comment\",\"target\":[\"https:\/\/lavoixdelanation.tg\/index.php\/2026\/01\/09\/togo-appel-a-candidature-pour-des-bourses-detudes-au-japon\/#respond\"]}]},{\"@type\":\"WebPage\",\"@id\":\"https:\/\/lavoixdelanation.tg\/index.php\/2026\/01\/09\/togo-appel-a-candidature-pour-des-bourses-detudes-au-japon\/\",\"url\":\"https:\/\/lavoixdelanation.tg\/index.php\/2026\/01\/09\/togo-appel-a-candidature-pour-des-bourses-detudes-au-japon\/\",\"name\":\"Togo\u00a0: Appel \u00e0 candidature pour des bourses d\u2019\u00e9tudes au Japon - La Voix de la Nation\",\"isPartOf\":{\"@id\":\"https:\/\/lavoixdelanation.tg\/#website\"},\"primaryImageOfPage\":{\"@id\":\"https:\/\/lavoixdelanation.tg\/index.php\/2026\/01\/09\/togo-appel-a-candidature-pour-des-bourses-detudes-au-japon\/#primaryimage\"},\"image\":{\"@id\":\"https:\/\/lavoixdelanation.tg\/index.php\/2026\/01\/09\/togo-appel-a-candidature-pour-des-bourses-detudes-au-japon\/#primaryimage\"},\"thumbnailUrl\":\"https:\/\/lavoixdelanation.tg\/wp-content\/uploads\/2026\/01\/Appel-a-candidature-pour-des-bourses-detudes-au-Japon.jpg\",\"datePublished\":\"2026-01-09T07:47:00+00:00\",\"dateModified\":\"2026-01-09T15:49:51+00:00\",\"breadcrumb\":{\"@id\":\"https:\/\/lavoixdelanation.tg\/index.php\/2026\/01\/09\/togo-appel-a-candidature-pour-des-bourses-detudes-au-japon\/#breadcrumb\"},\"inLanguage\":\"fr-FR\",\"potentialAction\":[{\"@type\":\"ReadAction\",\"target\":[\"https:\/\/lavoixdelanation.tg\/index.php\/2026\/01\/09\/togo-appel-a-candidature-pour-des-bourses-detudes-au-japon\/\"]}]},{\"@type\":\"ImageObject\",\"inLanguage\":\"fr-FR\",\"@id\":\"https:\/\/lavoixdelanation.tg\/index.php\/2026\/01\/09\/togo-appel-a-candidature-pour-des-bourses-detudes-au-japon\/#primaryimage\",\"url\":\"https:\/\/lavoixdelanation.tg\/wp-content\/uploads\/2026\/01\/Appel-a-candidature-pour-des-bourses-detudes-au-Japon.jpg\",\"contentUrl\":\"https:\/\/lavoixdelanation.tg\/wp-content\/uploads\/2026\/01\/Appel-a-candidature-pour-des-bourses-detudes-au-Japon.jpg\",\"width\":500,\"height\":323},{\"@type\":\"BreadcrumbList\",\"@id\":\"https:\/\/lavoixdelanation.tg\/index.php\/2026\/01\/09\/togo-appel-a-candidature-pour-des-bourses-detudes-au-japon\/#breadcrumb\",\"itemListElement\":[{\"@type\":\"ListItem\",\"position\":1,\"name\":\"Accueil\",\"item\":\"https:\/\/lavoixdelanation.tg\/\"},{\"@type\":\"ListItem\",\"position\":2,\"name\":\"Togo\u00a0: Appel \u00e0 candidature pour des bourses d\u2019\u00e9tudes au Japon\"}]},{\"@type\":\"WebSite\",\"@id\":\"https:\/\/lavoixdelanation.tg\/#website\",\"url\":\"https:\/\/lavoixdelanation.tg\/\",\"name\":\"La Voix de la Nation\",\"description\":\"R\u00e9c\u00e9piss\u00e9 n\u00b00108\/HAAC\/01-2024\/pl\/P\",\"publisher\":{\"@id\":\"https:\/\/lavoixdelanation.tg\/#organization\"},\"alternateName\":\"VON\",\"potentialAction\":[{\"@type\":\"SearchAction\",\"target\":{\"@type\":\"EntryPoint\",\"urlTemplate\":\"https:\/\/lavoixdelanation.tg\/?s={search_term_string}\"},\"query-input\":{\"@type\":\"PropertyValueSpecification\",\"valueRequired\":true,\"valueName\":\"search_term_string\"}}],\"inLanguage\":\"fr-FR\"},{\"@type\":\"Organization\",\"@id\":\"https:\/\/lavoixdelanation.tg\/#organization\",\"name\":\"La Voix de la Nation\",\"url\":\"https:\/\/lavoixdelanation.tg\/\",\"logo\":{\"@type\":\"ImageObject\",\"inLanguage\":\"fr-FR\",\"@id\":\"https:\/\/lavoixdelanation.tg\/#\/schema\/logo\/image\/\",\"url\":\"https:\/\/lavoixdelanation.tg\/wp-content\/uploads\/2024\/12\/lavn-1.png\",\"contentUrl\":\"https:\/\/lavoixdelanation.tg\/wp-content\/uploads\/2024\/12\/lavn-1.png\",\"width\":1024,\"height\":464,\"caption\":\"La Voix de la Nation\"},\"image\":{\"@id\":\"https:\/\/lavoixdelanation.tg\/#\/schema\/logo\/image\/\"},\"sameAs\":[\"https:\/\/www.facebook.com\/lavoixdelanation\"]},{\"@type\":\"Person\",\"@id\":\"https:\/\/lavoixdelanation.tg\/#\/schema\/person\/6c489293aa38053673a9e554acb6e224\",\"name\":\"La voix de la nation\",\"image\":{\"@type\":\"ImageObject\",\"inLanguage\":\"fr-FR\",\"@id\":\"https:\/\/lavoixdelanation.tg\/#\/schema\/person\/image\/\",\"url\":\"https:\/\/secure.gravatar.com\/avatar\/8aa135d4bbc794494cecaa8d483f6d6cc1023624868deaff686baed5e727a5a1?s=96&d=mm&r=g\",\"contentUrl\":\"https:\/\/secure.gravatar.com\/avatar\/8aa135d4bbc794494cecaa8d483f6d6cc1023624868deaff686baed5e727a5a1?s=96&d=mm&r=g\",\"caption\":\"La voix de la nation\"},\"sameAs\":[\"https:\/\/lavoixdelanation.tg\"],\"url\":\"https:\/\/lavoixdelanation.tg\/index.php\/author\/lavn\/\"}]}<\/script>\n<!-- \/ Yoast SEO plugin. -->","yoast_head_json":{"title":"Togo\u00a0: Appel \u00e0 candidature pour des bourses d\u2019\u00e9tudes au Japon - La Voix de la Nation","robots":{"index":"index","follow":"follow","max-snippet":"max-snippet:-1","max-image-preview":"max-image-preview:large","max-video-preview":"max-video-preview:-1"},"canonical":"https:\/\/lavoixdelanation.tg\/index.php\/2026\/01\/09\/togo-appel-a-candidature-pour-des-bourses-detudes-au-japon\/","og_locale":"fr_FR","og_type":"article","og_title":"Togo\u00a0: Appel \u00e0 candidature pour des bourses d\u2019\u00e9tudes au Japon - La Voix de la Nation","og_description":"Le secr\u00e9tariat du \u00ab Fonds Kubota \u00bb a proc\u00e9d\u00e9 lancement de l&rsquo;appel \u00e0 candidatures pour le programme de bourses d&rsquo;\u00e9tudes au Japon, au titre de l&rsquo;ann\u00e9e acad\u00e9mique 2026-2027. L\u2019information est&hellip;","og_url":"https:\/\/lavoixdelanation.tg\/index.php\/2026\/01\/09\/togo-appel-a-candidature-pour-des-bourses-detudes-au-japon\/","og_site_name":"La Voix de la Nation","article_publisher":"https:\/\/www.facebook.com\/lavoixdelanation","article_published_time":"2026-01-09T07:47:00+00:00","article_modified_time":"2026-01-09T15:49:51+00:00","og_image":[{"width":500,"height":323,"url":"https:\/\/lavoixdelanation.tg\/wp-content\/uploads\/2026\/01\/Appel-a-candidature-pour-des-bourses-detudes-au-Japon.jpg","type":"image\/jpeg"}],"author":"La voix de la nation","twitter_card":"summary_large_image","twitter_misc":{"\u00c9crit par":"La voix de la nation","Dur\u00e9e de lecture estim\u00e9e":"1 minute"},"schema":{"@context":"https:\/\/schema.org","@graph":[{"@type":"Article","@id":"https:\/\/lavoixdelanation.tg\/index.php\/2026\/01\/09\/togo-appel-a-candidature-pour-des-bourses-detudes-au-japon\/#article","isPartOf":{"@id":"https:\/\/lavoixdelanation.tg\/index.php\/2026\/01\/09\/togo-appel-a-candidature-pour-des-bourses-detudes-au-japon\/"},"author":{"name":"La voix de la nation","@id":"https:\/\/lavoixdelanation.tg\/#\/schema\/person\/6c489293aa38053673a9e554acb6e224"},"headline":"Togo\u00a0: Appel \u00e0 candidature pour des bourses d\u2019\u00e9tudes au Japon","datePublished":"2026-01-09T07:47:00+00:00","dateModified":"2026-01-09T15:49:51+00:00","mainEntityOfPage":{"@id":"https:\/\/lavoixdelanation.tg\/index.php\/2026\/01\/09\/togo-appel-a-candidature-pour-des-bourses-detudes-au-japon\/"},"wordCount":155,"commentCount":0,"publisher":{"@id":"https:\/\/lavoixdelanation.tg\/#organization"},"image":{"@id":"https:\/\/lavoixdelanation.tg\/index.php\/2026\/01\/09\/togo-appel-a-candidature-pour-des-bourses-detudes-au-japon\/#primaryimage"},"thumbnailUrl":"https:\/\/lavoixdelanation.tg\/wp-content\/uploads\/2026\/01\/Appel-a-candidature-pour-des-bourses-detudes-au-Japon.jpg","keywords":["Bourses","Enseignement sup\u00e9rieur","Togo"],"articleSection":["Education"],"inLanguage":"fr-FR","potentialAction":[{"@type":"CommentAction","name":"Comment","target":["https:\/\/lavoixdelanation.tg\/index.php\/2026\/01\/09\/togo-appel-a-candidature-pour-des-bourses-detudes-au-japon\/#respond"]}]},{"@type":"WebPage","@id":"https:\/\/lavoixdelanation.tg\/index.php\/2026\/01\/09\/togo-appel-a-candidature-pour-des-bourses-detudes-au-japon\/","url":"https:\/\/lavoixdelanation.tg\/index.php\/2026\/01\/09\/togo-appel-a-candidature-pour-des-bourses-detudes-au-japon\/","name":"Togo\u00a0: Appel \u00e0 candidature pour des bourses d\u2019\u00e9tudes au Japon - La Voix de la Nation","isPartOf":{"@id":"https:\/\/lavoixdelanation.tg\/#website"},"primaryImageOfPage":{"@id":"https:\/\/lavoixdelanation.tg\/index.php\/2026\/01\/09\/togo-appel-a-candidature-pour-des-bourses-detudes-au-japon\/#primaryimage"},"image":{"@id":"https:\/\/lavoixdelanation.tg\/index.php\/2026\/01\/09\/togo-appel-a-candidature-pour-des-bourses-detudes-au-japon\/#primaryimage"},"thumbnailUrl":"https:\/\/lavoixdelanation.tg\/wp-content\/uploads\/2026\/01\/Appel-a-candidature-pour-des-bourses-detudes-au-Japon.jpg","datePublished":"2026-01-09T07:47:00+00:00","dateModified":"2026-01-09T15:49:51+00:00","breadcrumb":{"@id":"https:\/\/lavoixdelanation.tg\/index.php\/2026\/01\/09\/togo-appel-a-candidature-pour-des-bourses-detudes-au-japon\/#breadcrumb"},"inLanguage":"fr-FR","potentialAction":[{"@type":"ReadAction","target":["https:\/\/lavoixdelanation.tg\/index.php\/2026\/01\/09\/togo-appel-a-candidature-pour-des-bourses-detudes-au-japon\/"]}]},{"@type":"ImageObject","inLanguage":"fr-FR","@id":"https:\/\/lavoixdelanation.tg\/index.php\/2026\/01\/09\/togo-appel-a-candidature-pour-des-bourses-detudes-au-japon\/#primaryimage","url":"https:\/\/lavoixdelanation.tg\/wp-content\/uploads\/2026\/01\/Appel-a-candidature-pour-des-bourses-detudes-au-Japon.jpg","contentUrl":"https:\/\/lavoixdelanation.tg\/wp-content\/uploads\/2026\/01\/Appel-a-candidature-pour-des-bourses-detudes-au-Japon.jpg","width":500,"height":323},{"@type":"BreadcrumbList","@id":"https:\/\/lavoixdelanation.tg\/index.php\/2026\/01\/09\/togo-appel-a-candidature-pour-des-bourses-detudes-au-japon\/#breadcrumb","itemListElement":[{"@type":"ListItem","position":1,"name":"Accueil","item":"https:\/\/lavoixdelanation.tg\/"},{"@type":"ListItem","position":2,"name":"Togo\u00a0: Appel \u00e0 candidature pour des bourses d\u2019\u00e9tudes au Japon"}]},{"@type":"WebSite","@id":"https:\/\/lavoixdelanation.tg\/#website","url":"https:\/\/lavoixdelanation.tg\/","name":"La Voix de la Nation","description":"R\u00e9c\u00e9piss\u00e9 n\u00b00108\/HAAC\/01-2024\/pl\/P","publisher":{"@id":"https:\/\/lavoixdelanation.tg\/#organization"},"alternateName":"VON","potentialAction":[{"@type":"SearchAction","target":{"@type":"EntryPoint","urlTemplate":"https:\/\/lavoixdelanation.tg\/?s={search_term_string}"},"query-input":{"@type":"PropertyValueSpecification","valueRequired":true,"valueName":"search_term_string"}}],"inLanguage":"fr-FR"},{"@type":"Organization","@id":"https:\/\/lavoixdelanation.tg\/#organization","name":"La Voix de la Nation","url":"https:\/\/lavoixdelanation.tg\/","logo":{"@type":"ImageObject","inLanguage":"fr-FR","@id":"https:\/\/lavoixdelanation.tg\/#\/schema\/logo\/image\/","url":"https:\/\/lavoixdelanation.tg\/wp-content\/uploads\/2024\/12\/lavn-1.png","contentUrl":"https:\/\/lavoixdelanation.tg\/wp-content\/uploads\/2024\/12\/lavn-1.png","width":1024,"height":464,"caption":"La Voix de la Nation"},"image":{"@id":"https:\/\/lavoixdelanation.tg\/#\/schema\/logo\/image\/"},"sameAs":["https:\/\/www.facebook.com\/lavoixdelanation"]},{"@type":"Person","@id":"https:\/\/lavoixdelanation.tg\/#\/schema\/person\/6c489293aa38053673a9e554acb6e224","name":"La voix de la nation","image":{"@type":"ImageObject","inLanguage":"fr-FR","@id":"https:\/\/lavoixdelanation.tg\/#\/schema\/person\/image\/","url":"https:\/\/secure.gravatar.com\/avatar\/8aa135d4bbc794494cecaa8d483f6d6cc1023624868deaff686baed5e727a5a1?s=96&d=mm&r=g","contentUrl":"https:\/\/secure.gravatar.com\/avatar\/8aa135d4bbc794494cecaa8d483f6d6cc1023624868deaff686baed5e727a5a1?s=96&d=mm&r=g","caption":"La voix de la nation"},"sameAs":["https:\/\/lavoixdelanation.tg"],"url":"https:\/\/lavoixdelanation.tg\/index.php\/author\/lavn\/"}]}},"_links":{"self":[{"href":"https:\/\/lavoixdelanation.tg\/index.php\/wp-json\/wp\/v2\/posts\/15181","targetHints":{"allow":["GET"]}}],"collection":[{"href":"https:\/\/lavoixdelanation.tg\/index.php\/wp-json\/wp\/v2\/posts"}],"about":[{"href":"https:\/\/lavoixdelanation.tg\/index.php\/wp-json\/wp\/v2\/types\/post"}],"author":[{"embeddable":true,"href":"https:\/\/lavoixdelanation.tg\/index.php\/wp-json\/wp\/v2\/users\/1"}],"replies":[{"embeddable":true,"href":"https:\/\/lavoixdelanation.tg\/index.php\/wp-json\/wp\/v2\/comments?post=15181"}],"version-history":[{"count":1,"href":"https:\/\/lavoixdelanation.tg\/index.php\/wp-json\/wp\/v2\/posts\/15181\/revisions"}],"predecessor-version":[{"id":15183,"href":"https:\/\/lavoixdelanation.tg\/index.php\/wp-json\/wp\/v2\/posts\/15181\/revisions\/15183"}],"wp:featuredmedia":[{"embeddable":true,"href":"https:\/\/lavoixdelanation.tg\/index.php\/wp-json\/wp\/v2\/media\/15182"}],"wp:attachment":[{"href":"https:\/\/lavoixdelanation.tg\/index.php\/wp-json\/wp\/v2\/media?parent=15181"}],"wp:term":[{"taxonomy":"category","embeddable":true,"href":"https:\/\/lavoixdelanation.tg\/index.php\/wp-json\/wp\/v2\/categories?post=15181"},{"taxonomy":"post_tag","embeddable":true,"href":"https:\/\/lavoixdelanation.tg\/index.php\/wp-json\/wp\/v2\/tags?post=15181"}],"curies":[{"name":"wp","href":"https:\/\/api.w.org\/{rel}","templated":true}]}}