{"id":15178,"date":"2026-01-09T05:33:00","date_gmt":"2026-01-09T04:33:00","guid":{"rendered":"https:\/\/lavoixdelanation.tg\/?p=15178"},"modified":"2026-01-09T16:38:43","modified_gmt":"2026-01-09T15:38:43","slug":"togo-ouverture-dun-master-professionnel-aux-eleves-professeurs-de-lens-datakpame","status":"publish","type":"post","link":"https:\/\/lavoixdelanation.tg\/index.php\/2026\/01\/09\/togo-ouverture-dun-master-professionnel-aux-eleves-professeurs-de-lens-datakpame\/","title":{"rendered":"Togo\u00a0: Ouverture d\u2019un Master Professionnel aux \u00e9l\u00e8ves-professeurs de l\u2019ENS d\u2019Atakpam\u00e9"},"content":{"rendered":"\n<p><strong>L\u2019\u00c9cole Normale Sup\u00e9rieure (ENS) d\u2019Atakpam\u00e9 a officiellement lanc\u00e9 le 6 janvier 2026, la premi\u00e8re promotion du Master professionnel destin\u00e9 aux \u00e9l\u00e8ves-professeurs.<\/strong><\/p>\n\n\n\n<p>C\u2019\u00e9tait au cours c\u00e9r\u00e9monie pr\u00e9sid\u00e9e par Pr Gado TCHANGBEDJI, ministre d\u00e9l\u00e9gu\u00e9 charg\u00e9 de l\u2019Enseignement sup\u00e9rieur et de la Recherche scientifique, en pr\u00e9sence du g\u00e9n\u00e9ral Dadja MAGANAWE, gouverneur de la r\u00e9gion des Plateaux.<\/p>\n\n\n\n<p>La c\u00e9r\u00e9monie a \u00e9galement connu la pr\u00e9sence des autorit\u00e9s nationales et locales, des responsables acad\u00e9miques, des membres du corps enseignant, ainsi que les parents et \u00e9tudiants concern\u00e9s.<\/p>\n\n\n\n<p>Cette premi\u00e8re promotion regroupe au total 220 \u00e9l\u00e8ves-professeurs, pour deux ann\u00e9es de formation, dont 65 en Math\u00e9matiques, 65 en Sciences Physiques et Technologies, 70 en Fran\u00e7ais et 30 en Philosophie.<\/p>\n\n\n\n<p>Le ministre d\u00e9l\u00e9gu\u00e9 a rendu hommage \u00e0 la vision du Pr\u00e9sident du Conseil Faure&nbsp;&nbsp; Gnassingb\u00e9 pour qui l\u2019engagement constant en faveur de la jeunesse togolaise et du d\u00e9veloppement du capital humain impulse une transformation profonde et durable du syst\u00e8me \u00e9ducatif national.<\/p>\n\n\n\n<p>Pr Gado TCHANGBEDJI a ensuite salu\u00e9 l\u2019ouverture des masters professionnels dans les disciplines de Math\u00e9matiques, Sciences Physiques et Technologies, Fran\u00e7ais et Philosophie.<\/p>\n\n\n\n<p>Pour lui, cette initiative s\u2019inscrit pleinement dans \u00ab la politique gouvernementale visant \u00e0 rehausser la qualit\u00e9 de l\u2019enseignement secondaire et \u00e0 d\u00e9velopper des p\u00f4les d\u2019excellence scientifique et p\u00e9dagogique dans l\u2019ensemble des r\u00e9gions du pays \u00bb.<\/p>\n","protected":false},"excerpt":{"rendered":"<p>L\u2019\u00c9cole Normale Sup\u00e9rieure (ENS) d\u2019Atakpam\u00e9 a officiellement lanc\u00e9 le 6 janvier 2026, la premi\u00e8re promotion du Master professionnel destin\u00e9 aux \u00e9l\u00e8ves-professeurs. C\u2019\u00e9tait au cours c\u00e9r\u00e9monie pr\u00e9sid\u00e9e par Pr Gado TCHANGBEDJI,&hellip; <\/p>\n","protected":false},"author":1,"featured_media":15179,"comment_status":"open","ping_status":"closed","sticky":false,"template":"","format":"standard","meta":{"footnotes":""},"categories":[10],"tags":[140,1205,1204,39],"class_list":["post-15178","post","type-post","status-publish","format-standard","has-post-thumbnail","hentry","category-education","tag-atakpame","tag-ecole-normale-superieure-2","tag-master-professionnel","tag-togo"],"yoast_head":"<!-- This site is optimized with the Yoast SEO plugin v26.4 - https:\/\/yoast.com\/wordpress\/plugins\/seo\/ -->\n<title>Togo\u00a0: Ouverture d\u2019un Master Professionnel aux \u00e9l\u00e8ves-professeurs de l\u2019ENS d\u2019Atakpam\u00e9 - La Voix de la Nation<\/title>\n<meta name=\"robots\" content=\"index, follow, max-snippet:-1, max-image-preview:large, max-video-preview:-1\" \/>\n<link rel=\"canonical\" href=\"https:\/\/lavoixdelanation.tg\/index.php\/2026\/01\/09\/togo-ouverture-dun-master-professionnel-aux-eleves-professeurs-de-lens-datakpame\/\" \/>\n<meta property=\"og:locale\" content=\"fr_FR\" \/>\n<meta property=\"og:type\" content=\"article\" \/>\n<meta property=\"og:title\" content=\"Togo\u00a0: Ouverture d\u2019un Master Professionnel aux \u00e9l\u00e8ves-professeurs de l\u2019ENS d\u2019Atakpam\u00e9 - La Voix de la Nation\" \/>\n<meta property=\"og:description\" content=\"L\u2019\u00c9cole Normale Sup\u00e9rieure (ENS) d\u2019Atakpam\u00e9 a officiellement lanc\u00e9 le 6 janvier 2026, la premi\u00e8re promotion du Master professionnel destin\u00e9 aux \u00e9l\u00e8ves-professeurs. C\u2019\u00e9tait au cours c\u00e9r\u00e9monie pr\u00e9sid\u00e9e par Pr Gado TCHANGBEDJI,&hellip;\" \/>\n<meta property=\"og:url\" content=\"https:\/\/lavoixdelanation.tg\/index.php\/2026\/01\/09\/togo-ouverture-dun-master-professionnel-aux-eleves-professeurs-de-lens-datakpame\/\" \/>\n<meta property=\"og:site_name\" content=\"La Voix de la Nation\" \/>\n<meta property=\"article:publisher\" content=\"https:\/\/www.facebook.com\/lavoixdelanation\" \/>\n<meta property=\"article:published_time\" content=\"2026-01-09T04:33:00+00:00\" \/>\n<meta property=\"article:modified_time\" content=\"2026-01-09T15:38:43+00:00\" \/>\n<meta property=\"og:image\" content=\"https:\/\/lavoixdelanation.tg\/wp-content\/uploads\/2026\/01\/Master-Professionnel-aux-eleves-professeurs-de-lENS-dAtakpame.jpeg\" \/>\n\t<meta property=\"og:image:width\" content=\"938\" \/>\n\t<meta property=\"og:image:height\" content=\"578\" \/>\n\t<meta property=\"og:image:type\" content=\"image\/jpeg\" \/>\n<meta name=\"author\" content=\"La voix de la nation\" \/>\n<meta name=\"twitter:card\" content=\"summary_large_image\" \/>\n<meta name=\"twitter:label1\" content=\"\u00c9crit par\" \/>\n\t<meta name=\"twitter:data1\" content=\"La voix de la nation\" \/>\n\t<meta name=\"twitter:label2\" content=\"Dur\u00e9e de lecture estim\u00e9e\" \/>\n\t<meta name=\"twitter:data2\" content=\"2 minutes\" \/>\n<script type=\"application\/ld+json\" class=\"yoast-schema-graph\">{\"@context\":\"https:\/\/schema.org\",\"@graph\":[{\"@type\":\"Article\",\"@id\":\"https:\/\/lavoixdelanation.tg\/index.php\/2026\/01\/09\/togo-ouverture-dun-master-professionnel-aux-eleves-professeurs-de-lens-datakpame\/#article\",\"isPartOf\":{\"@id\":\"https:\/\/lavoixdelanation.tg\/index.php\/2026\/01\/09\/togo-ouverture-dun-master-professionnel-aux-eleves-professeurs-de-lens-datakpame\/\"},\"author\":{\"name\":\"La voix de la nation\",\"@id\":\"https:\/\/lavoixdelanation.tg\/#\/schema\/person\/6c489293aa38053673a9e554acb6e224\"},\"headline\":\"Togo\u00a0: Ouverture d\u2019un Master Professionnel aux \u00e9l\u00e8ves-professeurs de l\u2019ENS d\u2019Atakpam\u00e9\",\"datePublished\":\"2026-01-09T04:33:00+00:00\",\"dateModified\":\"2026-01-09T15:38:43+00:00\",\"mainEntityOfPage\":{\"@id\":\"https:\/\/lavoixdelanation.tg\/index.php\/2026\/01\/09\/togo-ouverture-dun-master-professionnel-aux-eleves-professeurs-de-lens-datakpame\/\"},\"wordCount\":258,\"commentCount\":0,\"publisher\":{\"@id\":\"https:\/\/lavoixdelanation.tg\/#organization\"},\"image\":{\"@id\":\"https:\/\/lavoixdelanation.tg\/index.php\/2026\/01\/09\/togo-ouverture-dun-master-professionnel-aux-eleves-professeurs-de-lens-datakpame\/#primaryimage\"},\"thumbnailUrl\":\"https:\/\/lavoixdelanation.tg\/wp-content\/uploads\/2026\/01\/Master-Professionnel-aux-eleves-professeurs-de-lENS-dAtakpame.jpeg\",\"keywords\":[\"Atakpam\u00e9\",\"\u00c9cole Normale Sup\u00e9rieure\",\"Master Professionnel\",\"Togo\"],\"articleSection\":[\"Education\"],\"inLanguage\":\"fr-FR\",\"potentialAction\":[{\"@type\":\"CommentAction\",\"name\":\"Comment\",\"target\":[\"https:\/\/lavoixdelanation.tg\/index.php\/2026\/01\/09\/togo-ouverture-dun-master-professionnel-aux-eleves-professeurs-de-lens-datakpame\/#respond\"]}]},{\"@type\":\"WebPage\",\"@id\":\"https:\/\/lavoixdelanation.tg\/index.php\/2026\/01\/09\/togo-ouverture-dun-master-professionnel-aux-eleves-professeurs-de-lens-datakpame\/\",\"url\":\"https:\/\/lavoixdelanation.tg\/index.php\/2026\/01\/09\/togo-ouverture-dun-master-professionnel-aux-eleves-professeurs-de-lens-datakpame\/\",\"name\":\"Togo\u00a0: Ouverture d\u2019un Master Professionnel aux \u00e9l\u00e8ves-professeurs de l\u2019ENS d\u2019Atakpam\u00e9 - La Voix de la Nation\",\"isPartOf\":{\"@id\":\"https:\/\/lavoixdelanation.tg\/#website\"},\"primaryImageOfPage\":{\"@id\":\"https:\/\/lavoixdelanation.tg\/index.php\/2026\/01\/09\/togo-ouverture-dun-master-professionnel-aux-eleves-professeurs-de-lens-datakpame\/#primaryimage\"},\"image\":{\"@id\":\"https:\/\/lavoixdelanation.tg\/index.php\/2026\/01\/09\/togo-ouverture-dun-master-professionnel-aux-eleves-professeurs-de-lens-datakpame\/#primaryimage\"},\"thumbnailUrl\":\"https:\/\/lavoixdelanation.tg\/wp-content\/uploads\/2026\/01\/Master-Professionnel-aux-eleves-professeurs-de-lENS-dAtakpame.jpeg\",\"datePublished\":\"2026-01-09T04:33:00+00:00\",\"dateModified\":\"2026-01-09T15:38:43+00:00\",\"breadcrumb\":{\"@id\":\"https:\/\/lavoixdelanation.tg\/index.php\/2026\/01\/09\/togo-ouverture-dun-master-professionnel-aux-eleves-professeurs-de-lens-datakpame\/#breadcrumb\"},\"inLanguage\":\"fr-FR\",\"potentialAction\":[{\"@type\":\"ReadAction\",\"target\":[\"https:\/\/lavoixdelanation.tg\/index.php\/2026\/01\/09\/togo-ouverture-dun-master-professionnel-aux-eleves-professeurs-de-lens-datakpame\/\"]}]},{\"@type\":\"ImageObject\",\"inLanguage\":\"fr-FR\",\"@id\":\"https:\/\/lavoixdelanation.tg\/index.php\/2026\/01\/09\/togo-ouverture-dun-master-professionnel-aux-eleves-professeurs-de-lens-datakpame\/#primaryimage\",\"url\":\"https:\/\/lavoixdelanation.tg\/wp-content\/uploads\/2026\/01\/Master-Professionnel-aux-eleves-professeurs-de-lENS-dAtakpame.jpeg\",\"contentUrl\":\"https:\/\/lavoixdelanation.tg\/wp-content\/uploads\/2026\/01\/Master-Professionnel-aux-eleves-professeurs-de-lENS-dAtakpame.jpeg\",\"width\":938,\"height\":578},{\"@type\":\"BreadcrumbList\",\"@id\":\"https:\/\/lavoixdelanation.tg\/index.php\/2026\/01\/09\/togo-ouverture-dun-master-professionnel-aux-eleves-professeurs-de-lens-datakpame\/#breadcrumb\",\"itemListElement\":[{\"@type\":\"ListItem\",\"position\":1,\"name\":\"Accueil\",\"item\":\"https:\/\/lavoixdelanation.tg\/\"},{\"@type\":\"ListItem\",\"position\":2,\"name\":\"Togo\u00a0: Ouverture d\u2019un Master Professionnel aux \u00e9l\u00e8ves-professeurs de l\u2019ENS d\u2019Atakpam\u00e9\"}]},{\"@type\":\"WebSite\",\"@id\":\"https:\/\/lavoixdelanation.tg\/#website\",\"url\":\"https:\/\/lavoixdelanation.tg\/\",\"name\":\"La Voix de la Nation\",\"description\":\"R\u00e9c\u00e9piss\u00e9 n\u00b00108\/HAAC\/01-2024\/pl\/P\",\"publisher\":{\"@id\":\"https:\/\/lavoixdelanation.tg\/#organization\"},\"alternateName\":\"VON\",\"potentialAction\":[{\"@type\":\"SearchAction\",\"target\":{\"@type\":\"EntryPoint\",\"urlTemplate\":\"https:\/\/lavoixdelanation.tg\/?s={search_term_string}\"},\"query-input\":{\"@type\":\"PropertyValueSpecification\",\"valueRequired\":true,\"valueName\":\"search_term_string\"}}],\"inLanguage\":\"fr-FR\"},{\"@type\":\"Organization\",\"@id\":\"https:\/\/lavoixdelanation.tg\/#organization\",\"name\":\"La Voix de la Nation\",\"url\":\"https:\/\/lavoixdelanation.tg\/\",\"logo\":{\"@type\":\"ImageObject\",\"inLanguage\":\"fr-FR\",\"@id\":\"https:\/\/lavoixdelanation.tg\/#\/schema\/logo\/image\/\",\"url\":\"https:\/\/lavoixdelanation.tg\/wp-content\/uploads\/2024\/12\/lavn-1.png\",\"contentUrl\":\"https:\/\/lavoixdelanation.tg\/wp-content\/uploads\/2024\/12\/lavn-1.png\",\"width\":1024,\"height\":464,\"caption\":\"La Voix de la Nation\"},\"image\":{\"@id\":\"https:\/\/lavoixdelanation.tg\/#\/schema\/logo\/image\/\"},\"sameAs\":[\"https:\/\/www.facebook.com\/lavoixdelanation\"]},{\"@type\":\"Person\",\"@id\":\"https:\/\/lavoixdelanation.tg\/#\/schema\/person\/6c489293aa38053673a9e554acb6e224\",\"name\":\"La voix de la nation\",\"image\":{\"@type\":\"ImageObject\",\"inLanguage\":\"fr-FR\",\"@id\":\"https:\/\/lavoixdelanation.tg\/#\/schema\/person\/image\/\",\"url\":\"https:\/\/secure.gravatar.com\/avatar\/8aa135d4bbc794494cecaa8d483f6d6cc1023624868deaff686baed5e727a5a1?s=96&d=mm&r=g\",\"contentUrl\":\"https:\/\/secure.gravatar.com\/avatar\/8aa135d4bbc794494cecaa8d483f6d6cc1023624868deaff686baed5e727a5a1?s=96&d=mm&r=g\",\"caption\":\"La voix de la nation\"},\"sameAs\":[\"https:\/\/lavoixdelanation.tg\"],\"url\":\"https:\/\/lavoixdelanation.tg\/index.php\/author\/lavn\/\"}]}<\/script>\n<!-- \/ Yoast SEO plugin. -->","yoast_head_json":{"title":"Togo\u00a0: Ouverture d\u2019un Master Professionnel aux \u00e9l\u00e8ves-professeurs de l\u2019ENS d\u2019Atakpam\u00e9 - La Voix de la Nation","robots":{"index":"index","follow":"follow","max-snippet":"max-snippet:-1","max-image-preview":"max-image-preview:large","max-video-preview":"max-video-preview:-1"},"canonical":"https:\/\/lavoixdelanation.tg\/index.php\/2026\/01\/09\/togo-ouverture-dun-master-professionnel-aux-eleves-professeurs-de-lens-datakpame\/","og_locale":"fr_FR","og_type":"article","og_title":"Togo\u00a0: Ouverture d\u2019un Master Professionnel aux \u00e9l\u00e8ves-professeurs de l\u2019ENS d\u2019Atakpam\u00e9 - La Voix de la Nation","og_description":"L\u2019\u00c9cole Normale Sup\u00e9rieure (ENS) d\u2019Atakpam\u00e9 a officiellement lanc\u00e9 le 6 janvier 2026, la premi\u00e8re promotion du Master professionnel destin\u00e9 aux \u00e9l\u00e8ves-professeurs. C\u2019\u00e9tait au cours c\u00e9r\u00e9monie pr\u00e9sid\u00e9e par Pr Gado TCHANGBEDJI,&hellip;","og_url":"https:\/\/lavoixdelanation.tg\/index.php\/2026\/01\/09\/togo-ouverture-dun-master-professionnel-aux-eleves-professeurs-de-lens-datakpame\/","og_site_name":"La Voix de la Nation","article_publisher":"https:\/\/www.facebook.com\/lavoixdelanation","article_published_time":"2026-01-09T04:33:00+00:00","article_modified_time":"2026-01-09T15:38:43+00:00","og_image":[{"width":938,"height":578,"url":"https:\/\/lavoixdelanation.tg\/wp-content\/uploads\/2026\/01\/Master-Professionnel-aux-eleves-professeurs-de-lENS-dAtakpame.jpeg","type":"image\/jpeg"}],"author":"La voix de la nation","twitter_card":"summary_large_image","twitter_misc":{"\u00c9crit par":"La voix de la nation","Dur\u00e9e de lecture estim\u00e9e":"2 minutes"},"schema":{"@context":"https:\/\/schema.org","@graph":[{"@type":"Article","@id":"https:\/\/lavoixdelanation.tg\/index.php\/2026\/01\/09\/togo-ouverture-dun-master-professionnel-aux-eleves-professeurs-de-lens-datakpame\/#article","isPartOf":{"@id":"https:\/\/lavoixdelanation.tg\/index.php\/2026\/01\/09\/togo-ouverture-dun-master-professionnel-aux-eleves-professeurs-de-lens-datakpame\/"},"author":{"name":"La voix de la nation","@id":"https:\/\/lavoixdelanation.tg\/#\/schema\/person\/6c489293aa38053673a9e554acb6e224"},"headline":"Togo\u00a0: Ouverture d\u2019un Master Professionnel aux \u00e9l\u00e8ves-professeurs de l\u2019ENS d\u2019Atakpam\u00e9","datePublished":"2026-01-09T04:33:00+00:00","dateModified":"2026-01-09T15:38:43+00:00","mainEntityOfPage":{"@id":"https:\/\/lavoixdelanation.tg\/index.php\/2026\/01\/09\/togo-ouverture-dun-master-professionnel-aux-eleves-professeurs-de-lens-datakpame\/"},"wordCount":258,"commentCount":0,"publisher":{"@id":"https:\/\/lavoixdelanation.tg\/#organization"},"image":{"@id":"https:\/\/lavoixdelanation.tg\/index.php\/2026\/01\/09\/togo-ouverture-dun-master-professionnel-aux-eleves-professeurs-de-lens-datakpame\/#primaryimage"},"thumbnailUrl":"https:\/\/lavoixdelanation.tg\/wp-content\/uploads\/2026\/01\/Master-Professionnel-aux-eleves-professeurs-de-lENS-dAtakpame.jpeg","keywords":["Atakpam\u00e9","\u00c9cole Normale Sup\u00e9rieure","Master Professionnel","Togo"],"articleSection":["Education"],"inLanguage":"fr-FR","potentialAction":[{"@type":"CommentAction","name":"Comment","target":["https:\/\/lavoixdelanation.tg\/index.php\/2026\/01\/09\/togo-ouverture-dun-master-professionnel-aux-eleves-professeurs-de-lens-datakpame\/#respond"]}]},{"@type":"WebPage","@id":"https:\/\/lavoixdelanation.tg\/index.php\/2026\/01\/09\/togo-ouverture-dun-master-professionnel-aux-eleves-professeurs-de-lens-datakpame\/","url":"https:\/\/lavoixdelanation.tg\/index.php\/2026\/01\/09\/togo-ouverture-dun-master-professionnel-aux-eleves-professeurs-de-lens-datakpame\/","name":"Togo\u00a0: Ouverture d\u2019un Master Professionnel aux \u00e9l\u00e8ves-professeurs de l\u2019ENS d\u2019Atakpam\u00e9 - La Voix de la Nation","isPartOf":{"@id":"https:\/\/lavoixdelanation.tg\/#website"},"primaryImageOfPage":{"@id":"https:\/\/lavoixdelanation.tg\/index.php\/2026\/01\/09\/togo-ouverture-dun-master-professionnel-aux-eleves-professeurs-de-lens-datakpame\/#primaryimage"},"image":{"@id":"https:\/\/lavoixdelanation.tg\/index.php\/2026\/01\/09\/togo-ouverture-dun-master-professionnel-aux-eleves-professeurs-de-lens-datakpame\/#primaryimage"},"thumbnailUrl":"https:\/\/lavoixdelanation.tg\/wp-content\/uploads\/2026\/01\/Master-Professionnel-aux-eleves-professeurs-de-lENS-dAtakpame.jpeg","datePublished":"2026-01-09T04:33:00+00:00","dateModified":"2026-01-09T15:38:43+00:00","breadcrumb":{"@id":"https:\/\/lavoixdelanation.tg\/index.php\/2026\/01\/09\/togo-ouverture-dun-master-professionnel-aux-eleves-professeurs-de-lens-datakpame\/#breadcrumb"},"inLanguage":"fr-FR","potentialAction":[{"@type":"ReadAction","target":["https:\/\/lavoixdelanation.tg\/index.php\/2026\/01\/09\/togo-ouverture-dun-master-professionnel-aux-eleves-professeurs-de-lens-datakpame\/"]}]},{"@type":"ImageObject","inLanguage":"fr-FR","@id":"https:\/\/lavoixdelanation.tg\/index.php\/2026\/01\/09\/togo-ouverture-dun-master-professionnel-aux-eleves-professeurs-de-lens-datakpame\/#primaryimage","url":"https:\/\/lavoixdelanation.tg\/wp-content\/uploads\/2026\/01\/Master-Professionnel-aux-eleves-professeurs-de-lENS-dAtakpame.jpeg","contentUrl":"https:\/\/lavoixdelanation.tg\/wp-content\/uploads\/2026\/01\/Master-Professionnel-aux-eleves-professeurs-de-lENS-dAtakpame.jpeg","width":938,"height":578},{"@type":"BreadcrumbList","@id":"https:\/\/lavoixdelanation.tg\/index.php\/2026\/01\/09\/togo-ouverture-dun-master-professionnel-aux-eleves-professeurs-de-lens-datakpame\/#breadcrumb","itemListElement":[{"@type":"ListItem","position":1,"name":"Accueil","item":"https:\/\/lavoixdelanation.tg\/"},{"@type":"ListItem","position":2,"name":"Togo\u00a0: Ouverture d\u2019un Master Professionnel aux \u00e9l\u00e8ves-professeurs de l\u2019ENS d\u2019Atakpam\u00e9"}]},{"@type":"WebSite","@id":"https:\/\/lavoixdelanation.tg\/#website","url":"https:\/\/lavoixdelanation.tg\/","name":"La Voix de la Nation","description":"R\u00e9c\u00e9piss\u00e9 n\u00b00108\/HAAC\/01-2024\/pl\/P","publisher":{"@id":"https:\/\/lavoixdelanation.tg\/#organization"},"alternateName":"VON","potentialAction":[{"@type":"SearchAction","target":{"@type":"EntryPoint","urlTemplate":"https:\/\/lavoixdelanation.tg\/?s={search_term_string}"},"query-input":{"@type":"PropertyValueSpecification","valueRequired":true,"valueName":"search_term_string"}}],"inLanguage":"fr-FR"},{"@type":"Organization","@id":"https:\/\/lavoixdelanation.tg\/#organization","name":"La Voix de la Nation","url":"https:\/\/lavoixdelanation.tg\/","logo":{"@type":"ImageObject","inLanguage":"fr-FR","@id":"https:\/\/lavoixdelanation.tg\/#\/schema\/logo\/image\/","url":"https:\/\/lavoixdelanation.tg\/wp-content\/uploads\/2024\/12\/lavn-1.png","contentUrl":"https:\/\/lavoixdelanation.tg\/wp-content\/uploads\/2024\/12\/lavn-1.png","width":1024,"height":464,"caption":"La Voix de la Nation"},"image":{"@id":"https:\/\/lavoixdelanation.tg\/#\/schema\/logo\/image\/"},"sameAs":["https:\/\/www.facebook.com\/lavoixdelanation"]},{"@type":"Person","@id":"https:\/\/lavoixdelanation.tg\/#\/schema\/person\/6c489293aa38053673a9e554acb6e224","name":"La voix de la nation","image":{"@type":"ImageObject","inLanguage":"fr-FR","@id":"https:\/\/lavoixdelanation.tg\/#\/schema\/person\/image\/","url":"https:\/\/secure.gravatar.com\/avatar\/8aa135d4bbc794494cecaa8d483f6d6cc1023624868deaff686baed5e727a5a1?s=96&d=mm&r=g","contentUrl":"https:\/\/secure.gravatar.com\/avatar\/8aa135d4bbc794494cecaa8d483f6d6cc1023624868deaff686baed5e727a5a1?s=96&d=mm&r=g","caption":"La voix de la nation"},"sameAs":["https:\/\/lavoixdelanation.tg"],"url":"https:\/\/lavoixdelanation.tg\/index.php\/author\/lavn\/"}]}},"_links":{"self":[{"href":"https:\/\/lavoixdelanation.tg\/index.php\/wp-json\/wp\/v2\/posts\/15178","targetHints":{"allow":["GET"]}}],"collection":[{"href":"https:\/\/lavoixdelanation.tg\/index.php\/wp-json\/wp\/v2\/posts"}],"about":[{"href":"https:\/\/lavoixdelanation.tg\/index.php\/wp-json\/wp\/v2\/types\/post"}],"author":[{"embeddable":true,"href":"https:\/\/lavoixdelanation.tg\/index.php\/wp-json\/wp\/v2\/users\/1"}],"replies":[{"embeddable":true,"href":"https:\/\/lavoixdelanation.tg\/index.php\/wp-json\/wp\/v2\/comments?post=15178"}],"version-history":[{"count":1,"href":"https:\/\/lavoixdelanation.tg\/index.php\/wp-json\/wp\/v2\/posts\/15178\/revisions"}],"predecessor-version":[{"id":15180,"href":"https:\/\/lavoixdelanation.tg\/index.php\/wp-json\/wp\/v2\/posts\/15178\/revisions\/15180"}],"wp:featuredmedia":[{"embeddable":true,"href":"https:\/\/lavoixdelanation.tg\/index.php\/wp-json\/wp\/v2\/media\/15179"}],"wp:attachment":[{"href":"https:\/\/lavoixdelanation.tg\/index.php\/wp-json\/wp\/v2\/media?parent=15178"}],"wp:term":[{"taxonomy":"category","embeddable":true,"href":"https:\/\/lavoixdelanation.tg\/index.php\/wp-json\/wp\/v2\/categories?post=15178"},{"taxonomy":"post_tag","embeddable":true,"href":"https:\/\/lavoixdelanation.tg\/index.php\/wp-json\/wp\/v2\/tags?post=15178"}],"curies":[{"name":"wp","href":"https:\/\/api.w.org\/{rel}","templated":true}]}}