{"id":15173,"date":"2026-01-09T08:53:20","date_gmt":"2026-01-09T07:53:20","guid":{"rendered":"https:\/\/lavoixdelanation.tg\/?p=15173"},"modified":"2026-01-09T08:53:21","modified_gmt":"2026-01-09T07:53:21","slug":"togo-les-acquis-notables-de-lamu-en-2025","status":"publish","type":"post","link":"https:\/\/lavoixdelanation.tg\/index.php\/2026\/01\/09\/togo-les-acquis-notables-de-lamu-en-2025\/","title":{"rendered":"Togo\u00a0: Les acquis notables de l\u2019AMU en 2025"},"content":{"rendered":"\n<p><strong>L\u2019une des r\u00e9ponses structurelles aux in\u00e9galit\u00e9s d\u2019acc\u00e8s aux soins au Togo est l\u2019Assurance Maladie Universelle (AMU). Le dispositif s\u2019inscrit dans une vision de gouvernance o\u00f9 la sant\u00e9 n\u2019est plus per\u00e7ue comme un privil\u00e8ge, mais comme un droit fondamental garanti par la puissance publique.<\/strong><\/p>\n\n\n\n<p>Au cours de l\u2019ann\u00e9e 2025, le pilotage de ce m\u00e9canisme a \u00e9t\u00e9 marqu\u00e9 par un renforcement des m\u00e9canismes de coordination, de contr\u00f4le et de digitalisation des proc\u00e9dures, contribuant \u00e0 une meilleure tra\u00e7abilit\u00e9 des prestations et \u00e0 une am\u00e9lioration de la qualit\u00e9 du service rendu aux assur\u00e9s.<\/p>\n\n\n\n<p>L\u2019ann\u00e9e 2025 a en effet vu la poursuite de l\u2019\u00e9largissement progressif du p\u00e9rim\u00e8tre de l\u2019AMU. Outre les agents de l\u2019\u00c9tat et assimil\u00e9s qui demeurent le socle historique du dispositif, des efforts soutenus ont \u00e9t\u00e9 engag\u00e9s pour int\u00e9grer de nouvelles cat\u00e9gories de b\u00e9n\u00e9ficiaires, notamment \u00e0 travers des m\u00e9canismes de prise en charge subventionn\u00e9e qui absorbent les travailleurs non-salari\u00e9s (AMU-TNS).<\/p>\n\n\n\n<p>\u00c0 la fin de l\u2019ann\u00e9e 2025, plusieurs centaines de milliers de Togolais b\u00e9n\u00e9ficient d\u00e9j\u00e0 d\u2019une couverture maladie formelle, traduisant une mont\u00e9e en puissance constante du dispositif, en coh\u00e9rence avec les capacit\u00e9s financi\u00e8res et organisationnelles du pays.<\/p>\n\n\n\n<p>L\u2019un des acquis notables de l\u2019AMU en 2025 r\u00e9side dans la stabilisation et l\u2019am\u00e9lioration du panier de soins pris en charge. Les consultations m\u00e9dicales, les examens courants, les hospitalisations, les m\u00e9dicaments essentiels et certaines prestations sp\u00e9cialis\u00e9es continuent d\u2019\u00eatre couverts selon des taux de remboursement encadr\u00e9s, r\u00e9duisant significativement le reste \u00e0 charge pour les assur\u00e9s.<\/p>\n\n\n\n<p>Cette politique a contribu\u00e9 \u00e0 une baisse perceptible du renoncement aux soins, notamment parmi les m\u00e9nages \u00e0 revenus modestes, et \u00e0 une fr\u00e9quentation accrue des structures sanitaires publiques et priv\u00e9es conventionn\u00e9es.<\/p>\n\n\n\n<p>En dehors de sa dimension sociale, l\u2019AMU s\u2019affirme en 2025 comme un outil structurant de financement du syst\u00e8me de sant\u00e9. En garantissant des flux financiers r\u00e9guliers aux formations sanitaires conventionn\u00e9es, le dispositif renforce la viabilit\u00e9 \u00e9conomique des h\u00f4pitaux et centres de sant\u00e9, tout en am\u00e9liorant leur capacit\u00e9 de planification et d\u2019investissement.<\/p>\n\n\n\n<p>Ainsi, l\u2019ann\u00e9e 2025 appara\u00eet comme une phase de consolidation strat\u00e9gique, pr\u00e9parant les conditions techniques, financi\u00e8res et institutionnelles d\u2019une g\u00e9n\u00e9ralisation progressive de l\u2019Assurance Maladie Universelle dans le pays.<\/p>\n\n\n\n<p><strong>La R\u00e9daction<\/strong><\/p>\n","protected":false},"excerpt":{"rendered":"<p>L\u2019une des r\u00e9ponses structurelles aux in\u00e9galit\u00e9s d\u2019acc\u00e8s aux soins au Togo est l\u2019Assurance Maladie Universelle (AMU). Le dispositif s\u2019inscrit dans une vision de gouvernance o\u00f9 la sant\u00e9 n\u2019est plus per\u00e7ue&hellip; <\/p>\n","protected":false},"author":1,"featured_media":14566,"comment_status":"open","ping_status":"closed","sticky":false,"template":"","format":"standard","meta":{"footnotes":""},"categories":[7],"tags":[421,39],"class_list":["post-15173","post","type-post","status-publish","format-standard","has-post-thumbnail","hentry","category-sante","tag-assurance-maladie-universelle","tag-togo"],"yoast_head":"<!-- This site is optimized with the Yoast SEO plugin v26.4 - https:\/\/yoast.com\/wordpress\/plugins\/seo\/ -->\n<title>Togo\u00a0: Les acquis notables de l\u2019AMU en 2025 - La Voix de la Nation<\/title>\n<meta name=\"robots\" content=\"index, follow, max-snippet:-1, max-image-preview:large, max-video-preview:-1\" \/>\n<link rel=\"canonical\" href=\"https:\/\/lavoixdelanation.tg\/index.php\/2026\/01\/09\/togo-les-acquis-notables-de-lamu-en-2025\/\" \/>\n<meta property=\"og:locale\" content=\"fr_FR\" \/>\n<meta property=\"og:type\" content=\"article\" \/>\n<meta property=\"og:title\" content=\"Togo\u00a0: Les acquis notables de l\u2019AMU en 2025 - La Voix de la Nation\" \/>\n<meta property=\"og:description\" content=\"L\u2019une des r\u00e9ponses structurelles aux in\u00e9galit\u00e9s d\u2019acc\u00e8s aux soins au Togo est l\u2019Assurance Maladie Universelle (AMU). Le dispositif s\u2019inscrit dans une vision de gouvernance o\u00f9 la sant\u00e9 n\u2019est plus per\u00e7ue&hellip;\" \/>\n<meta property=\"og:url\" content=\"https:\/\/lavoixdelanation.tg\/index.php\/2026\/01\/09\/togo-les-acquis-notables-de-lamu-en-2025\/\" \/>\n<meta property=\"og:site_name\" content=\"La Voix de la Nation\" \/>\n<meta property=\"article:publisher\" content=\"https:\/\/www.facebook.com\/lavoixdelanation\" \/>\n<meta property=\"article:published_time\" content=\"2026-01-09T07:53:20+00:00\" \/>\n<meta property=\"article:modified_time\" content=\"2026-01-09T07:53:21+00:00\" \/>\n<meta property=\"og:image\" content=\"https:\/\/lavoixdelanation.tg\/wp-content\/uploads\/2025\/10\/Au-Togo-lAssurance-Maladie-Universelle-setend-aux-Travailleurs-Non-Salaries.jpg\" \/>\n\t<meta property=\"og:image:width\" content=\"700\" \/>\n\t<meta property=\"og:image:height\" content=\"467\" \/>\n\t<meta property=\"og:image:type\" content=\"image\/jpeg\" \/>\n<meta name=\"author\" content=\"La voix de la nation\" \/>\n<meta name=\"twitter:card\" content=\"summary_large_image\" \/>\n<meta name=\"twitter:label1\" content=\"\u00c9crit par\" \/>\n\t<meta name=\"twitter:data1\" content=\"La voix de la nation\" \/>\n\t<meta name=\"twitter:label2\" content=\"Dur\u00e9e de lecture estim\u00e9e\" \/>\n\t<meta name=\"twitter:data2\" content=\"2 minutes\" \/>\n<script type=\"application\/ld+json\" class=\"yoast-schema-graph\">{\"@context\":\"https:\/\/schema.org\",\"@graph\":[{\"@type\":\"Article\",\"@id\":\"https:\/\/lavoixdelanation.tg\/index.php\/2026\/01\/09\/togo-les-acquis-notables-de-lamu-en-2025\/#article\",\"isPartOf\":{\"@id\":\"https:\/\/lavoixdelanation.tg\/index.php\/2026\/01\/09\/togo-les-acquis-notables-de-lamu-en-2025\/\"},\"author\":{\"name\":\"La voix de la nation\",\"@id\":\"https:\/\/lavoixdelanation.tg\/#\/schema\/person\/6c489293aa38053673a9e554acb6e224\"},\"headline\":\"Togo\u00a0: Les acquis notables de l\u2019AMU en 2025\",\"datePublished\":\"2026-01-09T07:53:20+00:00\",\"dateModified\":\"2026-01-09T07:53:21+00:00\",\"mainEntityOfPage\":{\"@id\":\"https:\/\/lavoixdelanation.tg\/index.php\/2026\/01\/09\/togo-les-acquis-notables-de-lamu-en-2025\/\"},\"wordCount\":424,\"commentCount\":0,\"publisher\":{\"@id\":\"https:\/\/lavoixdelanation.tg\/#organization\"},\"image\":{\"@id\":\"https:\/\/lavoixdelanation.tg\/index.php\/2026\/01\/09\/togo-les-acquis-notables-de-lamu-en-2025\/#primaryimage\"},\"thumbnailUrl\":\"https:\/\/lavoixdelanation.tg\/wp-content\/uploads\/2025\/10\/Au-Togo-lAssurance-Maladie-Universelle-setend-aux-Travailleurs-Non-Salaries.jpg\",\"keywords\":[\"Assurance maladie universelle\",\"Togo\"],\"articleSection\":[\"Sant\u00e9\"],\"inLanguage\":\"fr-FR\",\"potentialAction\":[{\"@type\":\"CommentAction\",\"name\":\"Comment\",\"target\":[\"https:\/\/lavoixdelanation.tg\/index.php\/2026\/01\/09\/togo-les-acquis-notables-de-lamu-en-2025\/#respond\"]}]},{\"@type\":\"WebPage\",\"@id\":\"https:\/\/lavoixdelanation.tg\/index.php\/2026\/01\/09\/togo-les-acquis-notables-de-lamu-en-2025\/\",\"url\":\"https:\/\/lavoixdelanation.tg\/index.php\/2026\/01\/09\/togo-les-acquis-notables-de-lamu-en-2025\/\",\"name\":\"Togo\u00a0: Les acquis notables de l\u2019AMU en 2025 - La Voix de la Nation\",\"isPartOf\":{\"@id\":\"https:\/\/lavoixdelanation.tg\/#website\"},\"primaryImageOfPage\":{\"@id\":\"https:\/\/lavoixdelanation.tg\/index.php\/2026\/01\/09\/togo-les-acquis-notables-de-lamu-en-2025\/#primaryimage\"},\"image\":{\"@id\":\"https:\/\/lavoixdelanation.tg\/index.php\/2026\/01\/09\/togo-les-acquis-notables-de-lamu-en-2025\/#primaryimage\"},\"thumbnailUrl\":\"https:\/\/lavoixdelanation.tg\/wp-content\/uploads\/2025\/10\/Au-Togo-lAssurance-Maladie-Universelle-setend-aux-Travailleurs-Non-Salaries.jpg\",\"datePublished\":\"2026-01-09T07:53:20+00:00\",\"dateModified\":\"2026-01-09T07:53:21+00:00\",\"breadcrumb\":{\"@id\":\"https:\/\/lavoixdelanation.tg\/index.php\/2026\/01\/09\/togo-les-acquis-notables-de-lamu-en-2025\/#breadcrumb\"},\"inLanguage\":\"fr-FR\",\"potentialAction\":[{\"@type\":\"ReadAction\",\"target\":[\"https:\/\/lavoixdelanation.tg\/index.php\/2026\/01\/09\/togo-les-acquis-notables-de-lamu-en-2025\/\"]}]},{\"@type\":\"ImageObject\",\"inLanguage\":\"fr-FR\",\"@id\":\"https:\/\/lavoixdelanation.tg\/index.php\/2026\/01\/09\/togo-les-acquis-notables-de-lamu-en-2025\/#primaryimage\",\"url\":\"https:\/\/lavoixdelanation.tg\/wp-content\/uploads\/2025\/10\/Au-Togo-lAssurance-Maladie-Universelle-setend-aux-Travailleurs-Non-Salaries.jpg\",\"contentUrl\":\"https:\/\/lavoixdelanation.tg\/wp-content\/uploads\/2025\/10\/Au-Togo-lAssurance-Maladie-Universelle-setend-aux-Travailleurs-Non-Salaries.jpg\",\"width\":700,\"height\":467,\"caption\":\"Au Togo, l\u2019Assurance Maladie Universelle s\u2019\u00e9tend aux Travailleurs Non-Salari\u00e9s\"},{\"@type\":\"BreadcrumbList\",\"@id\":\"https:\/\/lavoixdelanation.tg\/index.php\/2026\/01\/09\/togo-les-acquis-notables-de-lamu-en-2025\/#breadcrumb\",\"itemListElement\":[{\"@type\":\"ListItem\",\"position\":1,\"name\":\"Accueil\",\"item\":\"https:\/\/lavoixdelanation.tg\/\"},{\"@type\":\"ListItem\",\"position\":2,\"name\":\"Togo\u00a0: Les acquis notables de l\u2019AMU en 2025\"}]},{\"@type\":\"WebSite\",\"@id\":\"https:\/\/lavoixdelanation.tg\/#website\",\"url\":\"https:\/\/lavoixdelanation.tg\/\",\"name\":\"La Voix de la Nation\",\"description\":\"R\u00e9c\u00e9piss\u00e9 n\u00b00108\/HAAC\/01-2024\/pl\/P\",\"publisher\":{\"@id\":\"https:\/\/lavoixdelanation.tg\/#organization\"},\"alternateName\":\"VON\",\"potentialAction\":[{\"@type\":\"SearchAction\",\"target\":{\"@type\":\"EntryPoint\",\"urlTemplate\":\"https:\/\/lavoixdelanation.tg\/?s={search_term_string}\"},\"query-input\":{\"@type\":\"PropertyValueSpecification\",\"valueRequired\":true,\"valueName\":\"search_term_string\"}}],\"inLanguage\":\"fr-FR\"},{\"@type\":\"Organization\",\"@id\":\"https:\/\/lavoixdelanation.tg\/#organization\",\"name\":\"La Voix de la Nation\",\"url\":\"https:\/\/lavoixdelanation.tg\/\",\"logo\":{\"@type\":\"ImageObject\",\"inLanguage\":\"fr-FR\",\"@id\":\"https:\/\/lavoixdelanation.tg\/#\/schema\/logo\/image\/\",\"url\":\"https:\/\/lavoixdelanation.tg\/wp-content\/uploads\/2024\/12\/lavn-1.png\",\"contentUrl\":\"https:\/\/lavoixdelanation.tg\/wp-content\/uploads\/2024\/12\/lavn-1.png\",\"width\":1024,\"height\":464,\"caption\":\"La Voix de la Nation\"},\"image\":{\"@id\":\"https:\/\/lavoixdelanation.tg\/#\/schema\/logo\/image\/\"},\"sameAs\":[\"https:\/\/www.facebook.com\/lavoixdelanation\"]},{\"@type\":\"Person\",\"@id\":\"https:\/\/lavoixdelanation.tg\/#\/schema\/person\/6c489293aa38053673a9e554acb6e224\",\"name\":\"La voix de la nation\",\"image\":{\"@type\":\"ImageObject\",\"inLanguage\":\"fr-FR\",\"@id\":\"https:\/\/lavoixdelanation.tg\/#\/schema\/person\/image\/\",\"url\":\"https:\/\/secure.gravatar.com\/avatar\/8aa135d4bbc794494cecaa8d483f6d6cc1023624868deaff686baed5e727a5a1?s=96&d=mm&r=g\",\"contentUrl\":\"https:\/\/secure.gravatar.com\/avatar\/8aa135d4bbc794494cecaa8d483f6d6cc1023624868deaff686baed5e727a5a1?s=96&d=mm&r=g\",\"caption\":\"La voix de la nation\"},\"sameAs\":[\"https:\/\/lavoixdelanation.tg\"],\"url\":\"https:\/\/lavoixdelanation.tg\/index.php\/author\/lavn\/\"}]}<\/script>\n<!-- \/ Yoast SEO plugin. -->","yoast_head_json":{"title":"Togo\u00a0: Les acquis notables de l\u2019AMU en 2025 - La Voix de la Nation","robots":{"index":"index","follow":"follow","max-snippet":"max-snippet:-1","max-image-preview":"max-image-preview:large","max-video-preview":"max-video-preview:-1"},"canonical":"https:\/\/lavoixdelanation.tg\/index.php\/2026\/01\/09\/togo-les-acquis-notables-de-lamu-en-2025\/","og_locale":"fr_FR","og_type":"article","og_title":"Togo\u00a0: Les acquis notables de l\u2019AMU en 2025 - La Voix de la Nation","og_description":"L\u2019une des r\u00e9ponses structurelles aux in\u00e9galit\u00e9s d\u2019acc\u00e8s aux soins au Togo est l\u2019Assurance Maladie Universelle (AMU). Le dispositif s\u2019inscrit dans une vision de gouvernance o\u00f9 la sant\u00e9 n\u2019est plus per\u00e7ue&hellip;","og_url":"https:\/\/lavoixdelanation.tg\/index.php\/2026\/01\/09\/togo-les-acquis-notables-de-lamu-en-2025\/","og_site_name":"La Voix de la Nation","article_publisher":"https:\/\/www.facebook.com\/lavoixdelanation","article_published_time":"2026-01-09T07:53:20+00:00","article_modified_time":"2026-01-09T07:53:21+00:00","og_image":[{"width":700,"height":467,"url":"https:\/\/lavoixdelanation.tg\/wp-content\/uploads\/2025\/10\/Au-Togo-lAssurance-Maladie-Universelle-setend-aux-Travailleurs-Non-Salaries.jpg","type":"image\/jpeg"}],"author":"La voix de la nation","twitter_card":"summary_large_image","twitter_misc":{"\u00c9crit par":"La voix de la nation","Dur\u00e9e de lecture estim\u00e9e":"2 minutes"},"schema":{"@context":"https:\/\/schema.org","@graph":[{"@type":"Article","@id":"https:\/\/lavoixdelanation.tg\/index.php\/2026\/01\/09\/togo-les-acquis-notables-de-lamu-en-2025\/#article","isPartOf":{"@id":"https:\/\/lavoixdelanation.tg\/index.php\/2026\/01\/09\/togo-les-acquis-notables-de-lamu-en-2025\/"},"author":{"name":"La voix de la nation","@id":"https:\/\/lavoixdelanation.tg\/#\/schema\/person\/6c489293aa38053673a9e554acb6e224"},"headline":"Togo\u00a0: Les acquis notables de l\u2019AMU en 2025","datePublished":"2026-01-09T07:53:20+00:00","dateModified":"2026-01-09T07:53:21+00:00","mainEntityOfPage":{"@id":"https:\/\/lavoixdelanation.tg\/index.php\/2026\/01\/09\/togo-les-acquis-notables-de-lamu-en-2025\/"},"wordCount":424,"commentCount":0,"publisher":{"@id":"https:\/\/lavoixdelanation.tg\/#organization"},"image":{"@id":"https:\/\/lavoixdelanation.tg\/index.php\/2026\/01\/09\/togo-les-acquis-notables-de-lamu-en-2025\/#primaryimage"},"thumbnailUrl":"https:\/\/lavoixdelanation.tg\/wp-content\/uploads\/2025\/10\/Au-Togo-lAssurance-Maladie-Universelle-setend-aux-Travailleurs-Non-Salaries.jpg","keywords":["Assurance maladie universelle","Togo"],"articleSection":["Sant\u00e9"],"inLanguage":"fr-FR","potentialAction":[{"@type":"CommentAction","name":"Comment","target":["https:\/\/lavoixdelanation.tg\/index.php\/2026\/01\/09\/togo-les-acquis-notables-de-lamu-en-2025\/#respond"]}]},{"@type":"WebPage","@id":"https:\/\/lavoixdelanation.tg\/index.php\/2026\/01\/09\/togo-les-acquis-notables-de-lamu-en-2025\/","url":"https:\/\/lavoixdelanation.tg\/index.php\/2026\/01\/09\/togo-les-acquis-notables-de-lamu-en-2025\/","name":"Togo\u00a0: Les acquis notables de l\u2019AMU en 2025 - La Voix de la Nation","isPartOf":{"@id":"https:\/\/lavoixdelanation.tg\/#website"},"primaryImageOfPage":{"@id":"https:\/\/lavoixdelanation.tg\/index.php\/2026\/01\/09\/togo-les-acquis-notables-de-lamu-en-2025\/#primaryimage"},"image":{"@id":"https:\/\/lavoixdelanation.tg\/index.php\/2026\/01\/09\/togo-les-acquis-notables-de-lamu-en-2025\/#primaryimage"},"thumbnailUrl":"https:\/\/lavoixdelanation.tg\/wp-content\/uploads\/2025\/10\/Au-Togo-lAssurance-Maladie-Universelle-setend-aux-Travailleurs-Non-Salaries.jpg","datePublished":"2026-01-09T07:53:20+00:00","dateModified":"2026-01-09T07:53:21+00:00","breadcrumb":{"@id":"https:\/\/lavoixdelanation.tg\/index.php\/2026\/01\/09\/togo-les-acquis-notables-de-lamu-en-2025\/#breadcrumb"},"inLanguage":"fr-FR","potentialAction":[{"@type":"ReadAction","target":["https:\/\/lavoixdelanation.tg\/index.php\/2026\/01\/09\/togo-les-acquis-notables-de-lamu-en-2025\/"]}]},{"@type":"ImageObject","inLanguage":"fr-FR","@id":"https:\/\/lavoixdelanation.tg\/index.php\/2026\/01\/09\/togo-les-acquis-notables-de-lamu-en-2025\/#primaryimage","url":"https:\/\/lavoixdelanation.tg\/wp-content\/uploads\/2025\/10\/Au-Togo-lAssurance-Maladie-Universelle-setend-aux-Travailleurs-Non-Salaries.jpg","contentUrl":"https:\/\/lavoixdelanation.tg\/wp-content\/uploads\/2025\/10\/Au-Togo-lAssurance-Maladie-Universelle-setend-aux-Travailleurs-Non-Salaries.jpg","width":700,"height":467,"caption":"Au Togo, l\u2019Assurance Maladie Universelle s\u2019\u00e9tend aux Travailleurs Non-Salari\u00e9s"},{"@type":"BreadcrumbList","@id":"https:\/\/lavoixdelanation.tg\/index.php\/2026\/01\/09\/togo-les-acquis-notables-de-lamu-en-2025\/#breadcrumb","itemListElement":[{"@type":"ListItem","position":1,"name":"Accueil","item":"https:\/\/lavoixdelanation.tg\/"},{"@type":"ListItem","position":2,"name":"Togo\u00a0: Les acquis notables de l\u2019AMU en 2025"}]},{"@type":"WebSite","@id":"https:\/\/lavoixdelanation.tg\/#website","url":"https:\/\/lavoixdelanation.tg\/","name":"La Voix de la Nation","description":"R\u00e9c\u00e9piss\u00e9 n\u00b00108\/HAAC\/01-2024\/pl\/P","publisher":{"@id":"https:\/\/lavoixdelanation.tg\/#organization"},"alternateName":"VON","potentialAction":[{"@type":"SearchAction","target":{"@type":"EntryPoint","urlTemplate":"https:\/\/lavoixdelanation.tg\/?s={search_term_string}"},"query-input":{"@type":"PropertyValueSpecification","valueRequired":true,"valueName":"search_term_string"}}],"inLanguage":"fr-FR"},{"@type":"Organization","@id":"https:\/\/lavoixdelanation.tg\/#organization","name":"La Voix de la Nation","url":"https:\/\/lavoixdelanation.tg\/","logo":{"@type":"ImageObject","inLanguage":"fr-FR","@id":"https:\/\/lavoixdelanation.tg\/#\/schema\/logo\/image\/","url":"https:\/\/lavoixdelanation.tg\/wp-content\/uploads\/2024\/12\/lavn-1.png","contentUrl":"https:\/\/lavoixdelanation.tg\/wp-content\/uploads\/2024\/12\/lavn-1.png","width":1024,"height":464,"caption":"La Voix de la Nation"},"image":{"@id":"https:\/\/lavoixdelanation.tg\/#\/schema\/logo\/image\/"},"sameAs":["https:\/\/www.facebook.com\/lavoixdelanation"]},{"@type":"Person","@id":"https:\/\/lavoixdelanation.tg\/#\/schema\/person\/6c489293aa38053673a9e554acb6e224","name":"La voix de la nation","image":{"@type":"ImageObject","inLanguage":"fr-FR","@id":"https:\/\/lavoixdelanation.tg\/#\/schema\/person\/image\/","url":"https:\/\/secure.gravatar.com\/avatar\/8aa135d4bbc794494cecaa8d483f6d6cc1023624868deaff686baed5e727a5a1?s=96&d=mm&r=g","contentUrl":"https:\/\/secure.gravatar.com\/avatar\/8aa135d4bbc794494cecaa8d483f6d6cc1023624868deaff686baed5e727a5a1?s=96&d=mm&r=g","caption":"La voix de la nation"},"sameAs":["https:\/\/lavoixdelanation.tg"],"url":"https:\/\/lavoixdelanation.tg\/index.php\/author\/lavn\/"}]}},"_links":{"self":[{"href":"https:\/\/lavoixdelanation.tg\/index.php\/wp-json\/wp\/v2\/posts\/15173","targetHints":{"allow":["GET"]}}],"collection":[{"href":"https:\/\/lavoixdelanation.tg\/index.php\/wp-json\/wp\/v2\/posts"}],"about":[{"href":"https:\/\/lavoixdelanation.tg\/index.php\/wp-json\/wp\/v2\/types\/post"}],"author":[{"embeddable":true,"href":"https:\/\/lavoixdelanation.tg\/index.php\/wp-json\/wp\/v2\/users\/1"}],"replies":[{"embeddable":true,"href":"https:\/\/lavoixdelanation.tg\/index.php\/wp-json\/wp\/v2\/comments?post=15173"}],"version-history":[{"count":1,"href":"https:\/\/lavoixdelanation.tg\/index.php\/wp-json\/wp\/v2\/posts\/15173\/revisions"}],"predecessor-version":[{"id":15174,"href":"https:\/\/lavoixdelanation.tg\/index.php\/wp-json\/wp\/v2\/posts\/15173\/revisions\/15174"}],"wp:featuredmedia":[{"embeddable":true,"href":"https:\/\/lavoixdelanation.tg\/index.php\/wp-json\/wp\/v2\/media\/14566"}],"wp:attachment":[{"href":"https:\/\/lavoixdelanation.tg\/index.php\/wp-json\/wp\/v2\/media?parent=15173"}],"wp:term":[{"taxonomy":"category","embeddable":true,"href":"https:\/\/lavoixdelanation.tg\/index.php\/wp-json\/wp\/v2\/categories?post=15173"},{"taxonomy":"post_tag","embeddable":true,"href":"https:\/\/lavoixdelanation.tg\/index.php\/wp-json\/wp\/v2\/tags?post=15173"}],"curies":[{"name":"wp","href":"https:\/\/api.w.org\/{rel}","templated":true}]}}