{"id":15167,"date":"2026-01-06T15:58:39","date_gmt":"2026-01-06T14:58:39","guid":{"rendered":"https:\/\/lavoixdelanation.tg\/?p=15167"},"modified":"2026-01-06T15:58:40","modified_gmt":"2026-01-06T14:58:40","slug":"le-bilan-de-la-diplomatie-togolaise-en-2025-selon-le-ministre-robert-dussey","status":"publish","type":"post","link":"https:\/\/lavoixdelanation.tg\/index.php\/2026\/01\/06\/le-bilan-de-la-diplomatie-togolaise-en-2025-selon-le-ministre-robert-dussey\/","title":{"rendered":"Le bilan de la diplomatie togolaise en 2025, selon le Ministre Robert DUSSEY"},"content":{"rendered":"\n<p>A l\u2019image de chaque fin d\u2019ann\u00e9e, le Ministre togolais des affaires \u00e9trang\u00e8res Pr Robert Dussey a encore accord\u00e9 \u00e0 la presse, une interview au sujet du bilan de l\u2019action diplomatique du Togo pour le compte de l\u2019ann\u00e9e 2025, et les d\u00e9fis \u00e0 relever pays le pays.<\/p>\n\n\n\n<p>Il a expliqu\u00e9 que le Togo, sous le leadership du Pr\u00e9sident du Conseil,&nbsp; Faure Essozimna GNASSINGB\u00c9, a fait le choix d\u2019ancrer son action diplomatique dans le renforcement de son engagement pour la paix en Afrique et dans le monde, la lutte pour la r\u00e9paration des injustices historiques v\u00e9cues par les peuples africains et la mobilisation des diasporas et des afrodescendants autour de l\u2019id\u00e9al panafricain.<\/p>\n\n\n\n<p>Le patron de la diplomatie togolaise est revenu sur le 9\u00e8me Congr\u00e8s panafricain tenu du 08 au 12 d\u00e9cembre 2025 \u00e0 Lom\u00e9 et les acquis, les efforts de m\u00e9diation du Togo sur le continent, les actions de son d\u00e9partement dans le cadre de la coop\u00e9ration avec les pays partenaires, les rapports entre le Togo et l\u2019Union europ\u00e9enne.<\/p>\n\n\n\n<p>Il a pour finir formul\u00e9 \u00e0 l\u2019endroit du Pr\u00e9sident du Conseil, Faure Essozimna GNASSINGB\u00c9, au Pr\u00e9sident de la R\u00e9publique&nbsp; Jean-Lucien SANVEE DE TOVE, aux membres du gouvernement et du personnel de son minist\u00e8re, ses v\u0153ux de sant\u00e9, de paix et de prosp\u00e9rit\u00e9.<\/p>\n\n\n\n<p class=\"has-text-align-center\"><u><strong>Voici l\u2019int\u00e9gralit\u00e9 de l\u2019entretien avec le Ministre Robert Dussey\u00a0:<\/strong><\/u><\/p>\n\n\n\n<p><strong>Bonjour monsieur le Ministre ! Dans quelques jours, 2025 rentrera dans l\u2019histoire comme une ann\u00e9e particuli\u00e8rement riche en activit\u00e9s pour la diplomatie togolaise qui conna\u00eet actuellement un rayonnement exceptionnel. Comment expliquez-vous ce regain de vitalit\u00e9 ?<\/strong><\/p>\n\n\n\n<p><strong>Prof. Robert DUSSEY<\/strong>&nbsp;: Bonjour monsieur ! C\u2019est toujours pour moi un r\u00e9el plaisir autant qu\u2019un agr\u00e9able devoir de me livrer, \u00e0 chaque fin d\u2019ann\u00e9e, \u00e0 cet exercice qui consiste \u00e0 faire le bilan de l\u2019action diplomatique du Togo et pr\u00e9senter les d\u00e9fis auxquels nous sommes confront\u00e9s.<\/p>\n\n\n\n<p>Dans le contexte actuel d\u2019un monde marqu\u00e9 par la complexification des d\u00e9fis politiques et s\u00e9curitaires, le renversement des \u00e9quilibres mondiaux sur fonds d\u2019\u00e9mergence de nouveaux p\u00f4les de puissance et le recul du multilat\u00e9ralisme, le Togo, sous le leadership du Pr\u00e9sident du Conseil,&nbsp;<strong>S.E.M. Faure Essozimna GNASSINGB\u00c9<\/strong>, a fait le choix d\u2019ancrer son action diplomatique dans le renforcement de son engagement pour la paix en Afrique et dans le monde, la lutte pour la r\u00e9paration des injustices historiques v\u00e9cues par les peuples africains et la mobilisation des diasporas et des afrodescendants autour de l\u2019id\u00e9al panafricain. En ces temps o\u00f9 s\u2019amorce une bascule vers un monde nouveau multipolaire, notre ambition est de mobiliser tous les pays africains en vue d\u2019une red\u00e9finition de la vision strat\u00e9gique du continent pour lui permettre d\u2019avoir une position et une voix fortes susceptibles d\u2019infl\u00e9chir les grandes orientations mondiales au profit des int\u00e9r\u00eats de l\u2019Afrique. Comme l\u2019a dit le Pr\u00e9sident du Conseil \u00e0 l\u2019occasion de l\u2019ouverture du 9\u00e8me Congr\u00e8s panafricain, \u00ab&nbsp;nous pouvons \u00e9crire ensemble une nouvelle page de notre histoire, une page de dignit\u00e9, une page de souverainet\u00e9, une page de renaissance&nbsp;\u00bb. Il est temps que l\u2019Afrique prenne conscience de sa force r\u00e9elle et de sa v\u00e9ritable place dans le monde.<\/p>\n\n\n\n<p>La d\u00e9fense de nos int\u00e9r\u00eats nationaux \u00e0 travers le renforcement de la coop\u00e9ration avec nos partenaires et la promotion du rayonnement international du Togo constituent l\u2019autre axe de notre action diplomatique.<\/p>\n\n\n\n<p><strong>Le 9\u00e8me Congr\u00e8s panafricain qui s\u2019est tenu \u00e0 Lom\u00e9 a \u00e9t\u00e9 l\u2019une de vos activit\u00e9s majeures. Qu\u2019est-ce qui explique le choix du Togo et quels sont les r\u00e9sultats de ce Congr\u00e8s ?<\/strong><\/p>\n\n\n\n<p><strong>Prof. Robert DUSSEY&nbsp;: <\/strong>Du 08 au 12 d\u00e9cembre 2025, notre pays a \u00e9t\u00e9 l\u2019\u00e9picentre du panafricanisme. Ev\u00e9nement hautement significatif pour le monde africain et les afrodescendants, le 9\u00e8me Congr\u00e8s panafricain qui s\u2019inscrit dans la mise en \u0153uvre de l\u2019Agenda 2021-2031 \u00ab D\u00e9cennie des racines africaines et de la diaspora africaine \u00bb de l\u2019Union africaine, est le quatri\u00e8me du genre sur le continent apr\u00e8s les Congr\u00e8s de Dar-es-Salam (1974), Kampala (1994) et Johannesburg (2014). Cette appropriation continentale du Congr\u00e8s panafricain, apr\u00e8s que les cinq premi\u00e8res \u00e9ditions se soient tenues hors des terres africaines, se justifie par les vis\u00e9es \u00e9mancipatrices et universalistes du mouvement panafricain. Le 9\u00e8me Congr\u00e8s panafricain de Lom\u00e9 a eu pour th\u00e8me&nbsp;:&nbsp;<strong>\u00ab&nbsp;Renouveau du panafricanisme et r\u00f4le de l\u2019Afrique dans la r\u00e9forme des institutions multilat\u00e9rales&nbsp;: mobiliser les ressources et se r\u00e9inventer pour agir&nbsp;\u00bb.<\/strong><\/p>\n\n\n\n<p>En confiant au Togo l\u2019organisation de ce Congr\u00e8s, l\u2019Union africaine confirme le travail remarquable que notre pays fait depuis les ann\u00e9es d\u2019ind\u00e9pendance pour l\u2019\u00e9mancipation de l\u2019Afrique, son affranchissement des tutelles ext\u00e9rieures et, depuis quelques ann\u00e9es, la mobilisation des diasporas africaines, y compris les afrodescendants, pour le d\u00e9veloppement du continent.<\/p>\n\n\n\n<p>Le 9\u00e8me Congr\u00e8s panafricain de Lom\u00e9 dont la Colombie fut le pays invit\u00e9 d\u2019honneur \u00e0 travers la pr\u00e9sence effective de sa Vice-pr\u00e9sidente, S.E. Mme Francia MARQUEZ, a \u00e9t\u00e9 l\u2019occasion pour les repr\u00e9sentants des Etats africains, des nations non africaines mais ayant une forte communaut\u00e9 de personnes d\u2019ascendance africaine, des organisations repr\u00e9sentatives des diasporas, des jeunes et des femmes, de r\u00e9affirmer leur engagement pour une Afrique unie, qui parle d\u2019une seule voix pour d\u00e9jouer les pi\u00e8ges de l\u2019instrumentalisation et de la subordination d\u2019o\u00f9 qu\u2019ils viennent. L\u2019appel \u00e0 l\u2019unit\u00e9 de l\u2019Afrique jadis lanc\u00e9 par Kwame Nkrumah, l\u2019un des p\u00e8res fondateurs du panafricanisme, est toujours d\u2019actualit\u00e9. Il n\u2019y a pas plusieurs peuples africains. Il n\u2019y a qu\u2019un seul peuple africain, o\u00f9 qu\u2019il vive et quels que soient les pays o\u00f9 vivent les communaut\u00e9s. Le Congr\u00e8s panafricain de Lom\u00e9 a \u00e9t\u00e9 l\u2019occasion d\u2019une v\u00e9ritable communion fraternelle.<\/p>\n\n\n\n<p>Le principal livrable de ce Congr\u00e8s est sa d\u00e9claration finale, qui int\u00e8gre celles des six pr\u00e9congr\u00e8s r\u00e9gionaux tenus \u00e0 Salvador de Bahia au Br\u00e9sil, \u00e0 Pretoria en Afrique du Sud, \u00e0 Bamako au Mali, \u00e0 Rabat au Maroc, \u00e0 Brazzaville au Congo et \u00e0 Dar-es-Salaam en Tanzanie. Outre la r\u00e9affirmation d\u2019une vision renouvel\u00e9e du panafricanisme, le 9\u00e8me Congr\u00e8s a r\u00e9it\u00e9r\u00e9 l\u2019engagement des peuples africains et des afrodescendants en faveur de la pleine mise en \u0153uvre du Consensus d\u2019Ezulwini et de la D\u00e9claration de Syrte qui r\u00e9clament de fa\u00e7on g\u00e9n\u00e9rale une refonte des institutions internationales pour plus d\u2019\u00e9quit\u00e9 et de justice et, en particulier, l\u2019allocation \u00e0 l\u2019Afrique de deux si\u00e8ges permanents et de cinq si\u00e8ges non permanents au Conseil de s\u00e9curit\u00e9 des&nbsp;Nations unies. Les congressistes ont \u00e9galement appel\u00e9 \u00e0 la d\u00e9colonisation de l\u2019esprit et \u00e0 la r\u00e9invention de soi \u00e0 travers la promotion de la souverainet\u00e9 intellectuelle et la valorisation des langues africaines, des cultures et des savoirs endog\u00e8nes.<\/p>\n\n\n\n<p>Pour \u00e9viter que le 9\u00e8me Congr\u00e8s panafricain ne soit un congr\u00e8s de plus dont les recommandations resteraient dans les tiroirs, six importantes d\u00e9cisions ont \u00e9t\u00e9 prises&nbsp;:<\/p>\n\n\n\n<p>\u2013 La coordination du suivi de la mise en \u0153uvre des engagements et d\u00e9cisions a \u00e9t\u00e9 confi\u00e9e au Togo qui doit l\u2019assurer en collaboration avec la Commission de l\u2019Union africaine, les Etats africains, les nations ayant des communaut\u00e9s d\u2019afrodescendants et les institutions diasporiques;<br>\u2013 La mise en place d\u2019un comit\u00e9 de suivi des recommandations et d\u00e9cisions qui assurera la continuit\u00e9 et la coh\u00e9rence des engagements pris \u00e0 Lom\u00e9;<br>\u2013 L\u2019engagement \u00e0 appuyer l\u2019institutionnalisation d\u2019une Journ\u00e9e panafricaine en m\u00e9moire des d\u00e9port\u00e9s et des victimes de l\u2019esclavage et de la colonisation;<br>\u2013 La saisine de l\u2019Assembl\u00e9e g\u00e9n\u00e9rale des Nations unies en vue de l\u2019adoption d\u2019une r\u00e9solution sur les r\u00e9parations et les restitutions;<br>\u2013 La tenue d\u2019une \u00e9dition du Congr\u00e8s panafricain tous les cinq ans;<br>\u2013 La transmission formelle de la D\u00e9claration finale du 9\u00e8me Congr\u00e8s panafricain de Lom\u00e9 \u00e0 l\u2019Union africaine.<\/p>\n\n\n\n<p>Je voudrais ici rassurer tous ceux qui en douteraient encore que le Togo mettra tout en \u0153uvre pour que ces d\u00e9cisions ne restent pas lettres mortes.<\/p>\n\n\n\n<p><strong>Le 9\u00e8me Congr\u00e8s panafricain n\u2019est pas la seule activit\u00e9 au registre de l\u2019engagement du Togo pour le r\u00e9tablissement de la v\u00e9rit\u00e9 historique. Pouvez-vous nous en dire plus ?<\/strong><\/p>\n\n\n\n<p><strong>Prof. Robert DUSSEY&nbsp;: <\/strong>Vous avez raison. L\u2019un des traits caract\u00e9ristiques de la politique \u00e9trang\u00e8re du Togo aujourd\u2019hui est notre lutte pour la reconnaissance des pr\u00e9judices de diverses natures inflig\u00e9s aux peuples africains et aux afrodescendants par l\u2019esclavage, la d\u00e9portation de masse et la colonisation. Les stigmates de ces crimes odieux sont encore tr\u00e8s pr\u00e9sents au sein de nos soci\u00e9t\u00e9s. Se battre pour une reconnaissance de ces crimes et r\u00e9clamer la r\u00e9paration ne signifie pas une r\u00e9signation dans la victimisation mais constitue une catharsis n\u00e9cessaire \u00e0 l\u2019amorce de la cicatrisation de ces blessures. Il nous faut exiger et obtenir des garanties que nos descendants ne conna\u00eetront plus jamais les m\u00eames humiliations, les m\u00eames tourments et le m\u00eame m\u00e9pris que nos anc\u00eatres ont subis. Il est temps de solder les comptes du pass\u00e9 et le Togo y est r\u00e9solument engag\u00e9. Nous sommes profond\u00e9ment convaincus que l\u2019humanit\u00e9 et l\u2019\u00e9quit\u00e9 sont indivisibles, et que l\u2019avenir des relations entre les peuples ne peut se construire que sur la base de la v\u00e9rit\u00e9 et de la justice.<\/p>\n\n\n\n<p>C\u2019est dans cet esprit que sous le leadership de&nbsp;<strong>S.E. M. Faure Essozimna GNASSINGB\u00c9<\/strong>, nous avons soumis au Sommet des Chefs d\u2019Etat et de gouvernement de l\u2019Union africaine qui l\u2019a adopt\u00e9 \u00e0 l\u2019unanimit\u00e9 le 16 f\u00e9vrier 2025, un projet de d\u00e9cision qualifiant l\u2019esclavage, la d\u00e9portation et la colonisation de crimes contre l\u2019humanit\u00e9 et de crimes de g\u00e9nocide contre les peuples africains. L\u2019objectif principal de cette d\u00e9cision est de mettre des mots justes, nos propres mots sur les souffrances qui nous ont \u00e9t\u00e9 inflig\u00e9es. Cette d\u00e9cision envoie un message fort \u00e0 la communaut\u00e9 internationale sur la soif de justice et les attentes de reconnaissance et de r\u00e9paration des injustices historiques subies par les peuples africains et les afrodescendants, et permet d\u2019affirmer le leadership du continent sur la question de la r\u00e9paration afin d\u2019\u00e9viter de nous faire dicter les termes du d\u00e9bat.<\/p>\n\n\n\n<p>Par ailleurs, l\u2019un des faits historiques qui a jusqu\u2019\u00e0 ce jour de profondes cons\u00e9quences sur les nations africaines est le partage de l\u2019Afrique dont les clauses ont \u00e9t\u00e9 d\u00e9finies \u00e0 la Conf\u00e9rence de Berlin (15 novembre 1884-26 f\u00e9vrier 1885). A l\u2019occasion de la comm\u00e9moration des 140 ans de cet \u00e9v\u00e9nement funeste, j\u2019ai \u00e9t\u00e9 invit\u00e9, le 30 janvier 2025, \u00e0 partager mes vues et convictions sur la Conf\u00e9rence de Berlin et ses implications pour l\u2019Afrique ainsi que sur sa place en tant qu\u2019actrice de la sc\u00e8ne internationale.<\/p>\n\n\n\n<p>C\u2019est toujours dans le cadre de cet engagement que participant le 09 avril 2025 \u00e0 la rencontre sur le th\u00e8me :&nbsp;<strong>\u00ab La Conf\u00e9rence de Londres, 125 ans plus tard : le panafricanisme et le dialogue sur les r\u00e9parations \u00bb<\/strong>\u00e0 la School of Oriental and African Studies de Londres, j\u2019ai plaid\u00e9 pour que les pays jadis auteurs de l\u2019esclavage et de la colonisation reconnaissent leurs torts et engagent le dialogue afin de b\u00e2tir un avenir r\u00e9concili\u00e9 avec le pass\u00e9. Cette reconnaissance, les peuples d\u2019Afrique et les afrodescendants l\u2019attendent, l\u2019exigent.<\/p>\n\n\n\n<p>A l\u2019invitation de mon homologue croate, j\u2019ai pris part \u00e0 la 18\u00e8me \u00e9dition du Forum de Dubrovnik, les 11 et 12 juillet 2025. L\u00e0 aussi, j\u2019ai relev\u00e9 les facteurs qui plombent la confiance entre l\u2019Europe et le Sud global.<\/p>\n\n\n\n<p>De m\u00eame, j\u2019ai eu \u00e0 prononcer au nom du Pr\u00e9sident du Conseil une allocution sur le th\u00e8me&nbsp;:&nbsp;<strong>\u00ab Qualification de l\u2019esclavage, de la d\u00e9portation et de la colonisation de crimes contre l\u2019humanit\u00e9 et de g\u00e9nocide contre les peuples d\u2019Afrique et le 9\u00e8me Congr\u00e8s panafricain \u00bb<\/strong>&nbsp;lors du deuxi\u00e8me forum de partenariat Afrique-CARICOM qui s\u2019est tenu au si\u00e8ge de l\u2019Union africaine \u00e0 Addis Abeba, le 09 septembre dernier. Mettre ce partenariat entre l\u2019Afrique continentale et l\u2019Afrique des Cara\u00efbes au service de la cause commune de la r\u00e9paration traduit la v\u00e9rit\u00e9 suivante : en se mettant ensemble pour porter la cause de la r\u00e9paration, nous la servirons mieux. Au-del\u00e0 de la question des r\u00e9parations, ce forum a \u00e9t\u00e9 l\u2019occasion de poser les bases d\u2019une mobilisation des communaut\u00e9s afrodescendantes des Cara\u00efbes au soutien du d\u00e9veloppement du continent \u00e0 travers les diff\u00e9rentes initiatives de l\u2019agenda 2063 de l\u2019UA. Je suis \u00e9galement intervenu lors de la Conf\u00e9rence internationale sur les crimes coloniaux en Afrique qui s\u2019est tenue \u00e0 Alger du 30 novembre au 1er d\u00e9cembre 2025. Participant \u00e0 la 80\u00e8me session de l\u2019Assembl\u00e9e g\u00e9n\u00e9rale des Nations unies, j\u2019ai co-pr\u00e9sid\u00e9, avec mon homologue angolais, Monsieur Antonio TETE et le Pr\u00e9sident de la Commission de l\u2019Union africaine, Monsieur Mahmoud Ali YOUSSOUF, un \u00e9v\u00e9nement parall\u00e8le sur le th\u00e8me&nbsp;:&nbsp;<strong>\u00ab&nbsp;les Nations unies, 80 ans plus tard : acc\u00e9l\u00e9rer le programme de r\u00e9forme et renforcer la dynamique en faveur de la justice et des r\u00e9parations \u00bb<\/strong>.<\/p>\n\n\n\n<p>Pour finir sur ce registre, je tiens \u00e0 mentionner l\u2019\u00e9v\u00e9nement de haut niveau sur la r\u00e9paration des injustices historiques organis\u00e9 le 23 octobre par le Togo au Palais des nations, \u00e0 l\u2019endroit du corps diplomatique et des agences des Nations unies bas\u00e9es \u00e0 Gen\u00e8ve. Le but de cette rencontre est de consolider le cadre normatif de la lutte pour la justice des victimes de l\u2019esclavage, de la d\u00e9portation et de la colonisation. Le cadre institutionnel international mis en place \u00e0 la fin de la deuxi\u00e8me guerre mondiale offre un espace propice \u00e0 tous ceux qui, habit\u00e9s par le d\u00e9ni et le m\u00e9pris, ferment leurs consciences et leurs c\u0153urs \u00e0 la soif de justice exprim\u00e9e par les peuples meurtris dont humanit\u00e9 a \u00e9t\u00e9 d\u00e9ni\u00e9e et l\u2019identit\u00e9 captur\u00e9e et d\u00e9localis\u00e9e ailleurs. Le silence ou du moins la complaisance de la communaut\u00e9 internationale sur ce sujet induit chez les peuples d\u2019Afrique l\u2019impression d\u2019une hi\u00e9rarchie des victimes au niveau international; la gravit\u00e9 de l\u2019acte et l\u2019\u00e9moi qui en d\u00e9coule semblant \u00eatre appr\u00e9ci\u00e9s \u00e0 l\u2019aune de l\u2019origine raciale ou g\u00e9ographique des victimes. Pour y mettre fin, j\u2019en ai appel\u00e9 \u00e0 l\u2019initiation, sans d\u00e9lai, d\u2019un projet de r\u00e9solution qui nous permettrait de sortir de l\u2019africanisation de la cause des r\u00e9parations pour aller vers un processus global, inclusif et concert\u00e9 de justice et de r\u00e9paration pour les peuples d\u2019Afrique par le droit et plus globalement, pour une refonte du syst\u00e8me multilat\u00e9ral. Vous comprenez pourquoi l\u2019une des d\u00e9cisions du 9\u00e8me Congr\u00e8s panafricain a \u00e9t\u00e9 une r\u00e9solution qui sera port\u00e9e au niveau de l\u2019Assembl\u00e9e g\u00e9n\u00e9rale des Nations unies sur les r\u00e9parations et les restitutions.<\/p>\n\n\n\n<p><strong>Il faut beaucoup de courage pour porter ce grand combat. Comment le Togo y parvient-il ?<\/strong><\/p>\n\n\n\n<p><strong>Prof. Robert DUSSEY<\/strong>&nbsp;: Le courage, le Togo en a ! Mais nous avons aussi conscience que ce combat n\u2019aura de sens que s\u2019il est soutenu par la majorit\u00e9 des \u00c9tats africains. C\u2019est dans ce sens que nous avons mis en place des initiatives diplomatiques offrant des cadres de dialogue et de concertation o\u00f9 peuvent se murir des r\u00e9flexions sur le repositionnement g\u00e9opolitique et l\u2019autonomie strat\u00e9gique du continent ainsi que sur les principes d\u2019\u00e9galit\u00e9 souveraine des \u00c9tats, d\u2019ind\u00e9pendance, d\u2019interd\u00e9pendance et d\u2019unit\u00e9 d\u2019action. Je citerai seulement deux exemples, pour ne pas rallonger notre discussion. D\u2019abord, l\u2019Alliance Politique Africaine (APA), lanc\u00e9 le 03 mai 2023 \u00e0 Lom\u00e9, dont la 3\u00e8me conf\u00e9rence minist\u00e9rielle s\u2019est tenue le 02 juin dernier sur le th\u00e8me&nbsp;<strong>\u00ab&nbsp;Place de l\u2019Afrique dans un monde en mutation : enjeux d\u2019un repositionnement strat\u00e9gique et diplomatique&nbsp;\u00bb<\/strong>.<\/p>\n\n\n\n<p>Cette 3\u00e8me conf\u00e9rence de l\u2019APA a \u00e9t\u00e9 l\u2019occasion de r\u00e9fl\u00e9chir sur les enjeux, les pistes et les perspectives de la construction de l\u2019autonomie strat\u00e9gique de l\u2019Afrique sur les plans de d\u00e9fense, de s\u00e9curit\u00e9 et de protection. Dans un monde de plus en plus instable, l\u2019Afrique se trouve devant l\u2019imp\u00e9ratif strat\u00e9gique d\u2019adopter une vision audacieuse et r\u00e9solue pour construire son autonomie en mati\u00e8re de d\u00e9fense et de s\u00e9curit\u00e9. L\u2019Afrique est un continent riche, nous le savons. Pour \u00e9viter que cette richesse ne soit \u00e0 la merci des convoitises ext\u00e9rieures, il faut \u00eatre en capacit\u00e9 de la prot\u00e9ger, dans l\u2019int\u00e9r\u00eat de nos populations.<\/p>\n\n\n\n<p>Ensuite, Lom\u00e9 Peace and Security Forum (LPSF) qui a tenu sa deuxi\u00e8me session les 11 et 12 octobre 2025 sur le th\u00e8me&nbsp;<strong>\u00ab l\u2019Afrique face aux d\u00e9fis s\u00e9curitaires&nbsp;complexes : comment renforcer et rendre durables la paix et la stabilit\u00e9 dans un monde en mutation?&nbsp;\u00bb<\/strong>. Cette rencontre a permis aux participants de formuler des recommandations pour le renforcement de la paix et de la stabilit\u00e9 en Afrique, l\u2019autonomie strat\u00e9gique dans un paysage africain en pleine mutation g\u00e9opolitique, l\u2019Intelligence artificielle et la paix en Afrique, la contribution des jeunes \u00e0 une paix durable en Afrique et la consolidation de la paix et de la stabilit\u00e9 dans la r\u00e9gion des Grands Lacs.<\/p>\n\n\n\n<p><strong>La m\u00e9diation du Togo dans le conflit \u00e0 l\u2019Est de la RDC et la crise dans les Grands Lacs, o\u00f9 en sommes-nous pour les n\u00e9gociations de paix ?<\/strong><\/p>\n\n\n\n<p><strong>Prof. Robert DUSSEY<\/strong>&nbsp;: Il n\u2019est un secret pour personne que l\u2019engagement pour la paix et la stabilit\u00e9 en Afrique et dans le monde est un axe essentiel de la diplomatie togolaise. Le Togo privil\u00e9gie le dialogue, l\u2019\u00e9coute et la concertation comme moyens de r\u00e9solution des conflits, au d\u00e9triment des menaces, des invectives et des sanctions syst\u00e9matiques. L\u2019exp\u00e9rience et le leadership de&nbsp;<strong>S.E.M. Faure Essozimna GNASSINGB\u00c9<\/strong>&nbsp;en mati\u00e8re de m\u00e9diation de paix sont reconnus par ses pairs qui l\u2019ont d\u00e9sign\u00e9, le 12 avril 2025, comme m\u00e9diateur de l\u2019Union africaine dans la crise \u00e0 l\u2019Est de la R\u00e9publique D\u00e9mocratique du Congo, qui est d\u2019une complexit\u00e9 exceptionnelle, due, entre autres, \u00e0 sa dur\u00e9e et \u00e0 son caract\u00e8re multidimensionnel. Pour le Togo, quand un pays fr\u00e8re est en difficult\u00e9, nous n\u2019avons pas le droit de jouer \u00e0 l\u2019indiff\u00e9rence. La paix en Afrique passe par la paix dans chaque pays du continent.<\/p>\n\n\n\n<p>Ainsi, aussit\u00f4t apr\u00e8s sa d\u00e9signation, le m\u00e9diateur s\u2019est-il rendu en Angola pour rencontrer son pr\u00e9d\u00e9cesseur dans cette mission, le Pr\u00e9sident Jo\u00e3o LOUREN\u00c7O, puis en R\u00e9publique D\u00e9mocratique du Congo et au Rwanda o\u00f9 il s\u2019est entretenu avec les Pr\u00e9sidents TSHISEKEDI et KAGAME, sans oublier le d\u00e9placement \u00e0 Kampala pour \u00e9changer avec son homologue Yoweri MUSEVENI. Le m\u00e9diateur aura par la suite plusieurs contacts avec des acteurs congolais ainsi qu\u2019avec les partenaires internationaux, ce qui lui a permis d\u2019arr\u00eater les priorit\u00e9s de la m\u00e9diation \u00e0 savoir&nbsp;: un cessez-le-feu dans les provinces orientales, le dialogue inter-congolais et l\u2019aide humanitaire. C\u2019est au bout de l\u2019ancienne corde que l\u2019on tisse la nouvelle, dit-on. Fort de ce principe, j\u2019ai eu, le 24 avril, une s\u00e9ance de travail avec Monsieur Antonio TETE, Ministre des relations ext\u00e9rieures de l\u2019Angola et sa d\u00e9l\u00e9gation pour faire le point sur leur m\u00e9diation et en tirer des le\u00e7ons.<\/p>\n\n\n\n<p>Le 17 mai, le m\u00e9diateur a tenu \u00e0 Lom\u00e9 une r\u00e9union avec les co-facilitateurs d\u00e9sign\u00e9s par la East African Community (EAC) et la Southern African Development Community (SADC) qui a permis d\u2019acter les p\u00e9rim\u00e8tres d\u2019action et les feuilles de route de ces derniers.<\/p>\n\n\n\n<p>Des initiatives visant \u00e0 r\u00e9tablir la paix dans les Grands Lacs sont nombreuses. Le Togo ne rejette aucune. Nous sommes ainsi impliqu\u00e9s dans les d\u00e9marches de Doha et Washington, et avons particip\u00e9 \u00e0 plusieurs rencontres dans ces capitales qui ont \u00e9t\u00e9 des \u00e9tapes importantes vers les accords de Washington, sign\u00e9 le 04 d\u00e9cembre 2025 par la RDC et le Rwanda sous l\u2019impulsion des Etats Unis d\u2019Am\u00e9rique, en pr\u00e9sence de&nbsp;<strong>S.E.M. Faure Essozimna GNASSINGBE<\/strong>&nbsp;et d\u2019autres Chefs d\u2019Etat.<\/p>\n\n\n\n<p>En termes d\u2019interactions avec les processus conduits par les \u00c9tats-Unis et l\u2019\u00c9tat du Qatar, il est \u00e0 souligner que la m\u00e9diation de l\u2019Union africaine participe directement au Comit\u00e9 conjoint de surveillance de l\u2019Accord de Washington, ainsi qu\u2019au M\u00e9canisme conjoint de coordination de la s\u00e9curit\u00e9. Les \u00e9changes entre Washington, Doha et Lom\u00e9 sont r\u00e9guliers, structur\u00e9s et orient\u00e9s vers des r\u00e9sultats concrets. La m\u00e9diation de l\u2019Union africaine conduite par le Togo fournit des efforts pour unifier les initiatives de paix africaines et pour assurer la coordination entre les efforts am\u00e9ricains, qataris et la m\u00e9diation de l\u2019Union africaine.<\/p>\n\n\n\n<p>Pendant ce temps, la situation humanitaire se d\u00e9grade sur le terrain et les populations durement affect\u00e9es continuent de payer le plus lourd tribut \u00e0 cette crise. Pour y r\u00e9pondre, le Togo et la France ont organis\u00e9 \u00e0 Paris, le 30 octobre 2025, une conf\u00e9rence de soutien \u00e0 la paix et \u00e0 la prosp\u00e9rit\u00e9 dans la r\u00e9gion des Grands Lacs.<\/p>\n\n\n\n<p><strong>Quelles sont les actions de votre d\u00e9partement dans le cadre de la coop\u00e9ration avec les pays partenaires ?<\/strong><\/p>\n\n\n\n<p><strong>Prof. Robert DUSSEY<\/strong>&nbsp;: Votre question est l\u00e9gitime mais votre crainte n\u2019est pas fond\u00e9e, car nous avons \u00e9t\u00e9 sur les deux fronts. Au cours de cette ann\u00e9e 2025, nous avons mis un soin particulier \u00e0 entretenir nos liens avec nos alli\u00e9s traditionnels et \u00e0 \u00e9largir le r\u00e9seau de nos partenaires. Le choix du Togo est de coop\u00e9rer avec tous les Etats \u00e9pris de paix et qui sont dispos\u00e9s \u00e0 accompagner le gouvernement dans la r\u00e9alisation des grandes politiques de d\u00e9veloppement. Je puis vous annoncer l\u2019\u00e9largissement du r\u00e9seau diplomatique du Togo par l\u2019ouverture d\u2019une ambassade \u00e0 Abu Dhabi aux Emirats arabes unis.<\/p>\n\n\n\n<p>2025 marque par ailleurs le cinquantenaire de l\u2019\u00e9tablissement des relations diplomatiques entre le Togo et le Vietnam. J\u2019ai ainsi entam\u00e9 l\u2019ann\u00e9e par une visite officielle \u00e0 Hanoi, du 08 au 11 janvier 2025, couronn\u00e9e par la signature d\u2019un m\u00e9morandum d\u2019entente relatif aux consultations politiques entre les minist\u00e8res des affaires \u00e9trang\u00e8res du Togo et du Vietnam ainsi qu\u2019une lettre d\u2019intention entre mon d\u00e9partement et le minist\u00e8re de l\u2019agriculture et du d\u00e9veloppement rural du Vietnam. Mon homologue vietnamien, monsieur Bui Thanh SON et moi avons convenu de proc\u00e9der \u00e0 la relecture de notre accord de coop\u00e9ration \u00e9conomique, commercial, culturel, scientifique et technique sign\u00e9 en 1995 en vue de son actualisation. Nous avons \u00e9galement explor\u00e9 la possibilit\u00e9 de signer prochainement de nouveaux accords dans des domaines sp\u00e9cifiques tels que l\u2019agriculture, le tourisme et les ports.<\/p>\n\n\n\n<p>Le 13 mars 2025, se sont tenues \u00e0 Ankara des consultations politiques bilat\u00e9rales Togo-Turquie, puis, du 18 au 20 mars 2025, \u00e0 l\u2019invitation de mon homologue cambodgien monsieur Sokhonn PRAK, j\u2019ai effectu\u00e9 une visite officielle \u00e0 Phnom Penh, sanctionn\u00e9e par la signature d\u2019un accord d\u2019exemption de visa au profit des Togolais et Cambodgiens d\u00e9tenteurs de passeports diplomatiques, officiels ou de service et un m\u00e9morandum d\u2019entente sur les consultations bilat\u00e9rales entre les minist\u00e8res des affaires \u00e9trang\u00e8res de nos deux pays. J\u2019ai \u00e9galement eu des discussions tr\u00e8s pouss\u00e9es avec les ministres du commerce et celui de l\u2019industrie sur les partenariats que nous pouvons \u00e9tablir entre nos deux pays dans ces secteurs.<\/p>\n\n\n\n<p>Nul n\u2019ignore aujourd\u2019hui l\u2019essor \u00e9conomique et technologique de Singapour. Le Togo peut profiter de l\u2019exp\u00e9rience de ce pays pour renforcer son processus de d\u00e9veloppement. J\u2019ai ainsi accept\u00e9 l\u2019invitation de mon homologue singapourien, Dr. Vivian BALAKRISHNAN, pour effectuer une visite de travail \u00e0 Singapour du 23 au 25 mars 2025. Avec les autorit\u00e9s singapouriennes, nous avons examin\u00e9 le projet d\u2019accord-cadre de coop\u00e9ration propos\u00e9 par le Togo, et sign\u00e9 un m\u00e9morandum d\u2019entente relatif aux consultations bilat\u00e9rales entre les minist\u00e8res des affaires \u00e9trang\u00e8res des deux pays.<\/p>\n\n\n\n<p>Nos relations avec la F\u00e9d\u00e9ration de Russie se sont davantage renforc\u00e9es en 2025 \u00e0 travers les consultations politiques bilat\u00e9rales Togo-Russie, tenues \u00e0 Lom\u00e9 le 17 juin 2025. Ces consultations ont pr\u00e9par\u00e9 le terrain \u00e0 la visite que le Pr\u00e9sident du Conseil a effectu\u00e9e \u00e0 Moscou du 18 au 20 novembre \u00e0 l\u2019invitation du Pr\u00e9sident Vladimir POUTINE. Les questions de coop\u00e9ration bilat\u00e9rale entre la Russie et le Togo, de paix, de s\u00e9curit\u00e9 ainsi que celles relatives aux grands sujets de g\u00e9opolitique mondiale ont \u00e9t\u00e9 au c\u0153ur des discussions au cours de cette visite.<\/p>\n\n\n\n<p>Je m\u2019en voudrais de ne pas \u00e9voquer la visite \u00e0 Lom\u00e9, du 08 au 10 octobre 2025, de Monsieur Bruno Rodriguez PARRILLA, ministre cubain des relations ext\u00e9rieures, au cours de laquelle il a \u00e9t\u00e9 re\u00e7u en audience par le Pr\u00e9sident du Conseil \u00e0 qui il a transmis les salutations fraternelles de S.E.M. Miguel D\u00edaz-Canel BERMUDEZ, Pr\u00e9sident de la R\u00e9publique de Cuba. Cette visite a \u00e9t\u00e9 pour nous l\u2019occasion de r\u00e9affirmer notre d\u00e9termination commune \u00e0 approfondir et diversifier notre coop\u00e9ration, notamment par la r\u00e9vision de certains accords existants et la conclusion de nouveaux instruments juridiques dans des secteurs strat\u00e9giques tels que la sant\u00e9, l\u2019agriculture, le commerce, les investissements, les mines et le tourisme. Nous avons particuli\u00e8rement convenu d\u2019acc\u00e9l\u00e9rer les consultations pour la r\u00e9alisation des projets d\u2019int\u00e9r\u00eat commun dans les secteurs de l\u2019industrie pharmaceutique, des \u00e9nergies renouvelables et de la transformation mini\u00e8re.<\/p>\n\n\n\n<p>Le 10 octobre 2025, nous avons proc\u00e9d\u00e9 \u00e0 l\u2019Echange de Notes entre le gouvernement togolais et le gouvernement japonais relatif au don de v\u00e9hicules au profit de la police togolaise par la partie japonaise. Du 20 au 22 ao\u00fbt 2025, le Pr\u00e9sident du Conseil \u00e0 la t\u00eate d\u2019une forte d\u00e9l\u00e9gation, a pris part \u00e0 Yokohama au Japon \u00e0 la 9\u00e8me Conf\u00e9rence internationale de Tokyo sur le d\u00e9veloppement de l\u2019Afrique (TICAD). La participation du Togo \u00e0 cette rencontre s\u2019inscrit dans une triple dynamique strat\u00e9gique \u00e0 savoir le renforcement de la coop\u00e9ration bilat\u00e9rale avec le Japon, notamment dans les secteurs portuaire, technologique, \u00e9nerg\u00e9tique et agricole, l\u2019alignement du Togo sur les objectifs de d\u00e9veloppement et d\u2019int\u00e9gration \u00e9conomique du continent, en lien avec l\u2019Agenda 2063 de l\u2019Union africaine et la mise en \u0153uvre de la zone de libre-\u00e9change continentale africaine (ZLECAf), et la contribution active aux r\u00e9flexions multilat\u00e9rales sur les enjeux globaux, en particulier la paix, la s\u00e9curit\u00e9, le d\u00e9veloppement humain, la transition \u00e9nerg\u00e9tique et la r\u00e9silience face aux chocs mondiaux.<\/p>\n\n\n\n<p>Avec l\u2019Allemagne, un partenaire de longue date, nous avons eu \u00e0 Berlin les 11 et 12 novembre 2025 des n\u00e9gociations intergouvernementales sur la coop\u00e9ration au d\u00e9veloppement.<\/p>\n\n\n\n<p>En marge de l\u2019Assembl\u00e9e g\u00e9n\u00e9rale des Nations unies, j\u2019ai sign\u00e9 avec mon homologue des Philippines, un M\u00e9morandum d\u2019entente sur les consultations politiques entre nos deux minist\u00e8res. Un accord d\u2019exemption de visa pour les d\u00e9tenteurs de passeports diplomatiques et de service a \u00e9t\u00e9 \u00e9galement sign\u00e9 entre le Togo et le Kazakhstan ainsi qu\u2019un un M\u00e9morandum d\u2019entente sur la migration et la mobilit\u00e9 avec l\u2019Australie.<\/p>\n\n\n\n<p><strong>Quid de nos rapports avec l\u2019Union europ\u00e9enne ?<\/strong><\/p>\n\n\n\n<p><strong>Prof. Robert DUSSEY&nbsp;: <\/strong>Je suis heureux de vous dire que nos relations avec l\u2019Union europ\u00e9enne sont au beau fixe. L\u2019UE soutient le Togo dans son processus de d\u00e9veloppement durable et inclusif, conform\u00e9ment \u00e0 la feuille de route \u00ab Togo 2025 \u00bb. Elle soutient les efforts d\u00e9ploy\u00e9s par le Togo pour renforcer le d\u00e9veloppement humain et l\u2019inclusion socio-\u00e9conomique, promouvoir l\u2019agro-industrie durable et la gestion des ressources naturelles, et b\u00e2tir une soci\u00e9t\u00e9 pacifique et r\u00e9siliente.<\/p>\n\n\n\n<p>Le 24 avril dernier, nous avons tenu le dialogue de partenariat UE-Togo qui a \u00e9t\u00e9 l\u2019occasion de passer en revue les diff\u00e9rents portefeuilles de notre coop\u00e9ration&nbsp;: d\u00e9veloppement, d\u00e9centralisation et situation s\u00e9curitaire r\u00e9gionale ainsi que la lutte contre le terrorisme. J\u2019ai \u00e9galement pris part \u00e0 Bruxelles le 21 mai 2025 \u00e0 la 3\u00e8me r\u00e9union minist\u00e9rielle UE-UA au cours de laquelle nous avons proc\u00e9d\u00e9 \u00e0 un \u00e9change de vues sur le partenariat entre les deux organisations et sur la mani\u00e8re de renforcer davantage leur coop\u00e9ration.<\/p>\n\n\n\n<p>Par une d\u00e9l\u00e9gation conduite par le Pr\u00e9sident du Conseil, le Togo a \u00e9galement \u00e9t\u00e9 pr\u00e9sent au 7\u00e8me sommet UE-Afrique qui s\u2019est tenu les 24 et 25 novembre 2025 \u00e0 Luanda en Angola.<\/p>\n\n\n\n<p><strong>Monsieur le Ministre, nous arrivons au terme de notre entretien. Quel sera votre mot de fin ?<\/strong><strong><\/strong><\/p>\n\n\n\n<p><strong>Prof. Robert DUSSEY<\/strong>&nbsp;: Je voudrais \u00e0 l\u2019or\u00e9e de cette nouvelle ann\u00e9e, formuler \u00e0 l\u2019endroit du&nbsp;<strong>Pr\u00e9sident du Conseil, S.E.M. Faure Essozimna GNASSINGB\u00c9<\/strong>, acteur des profondes r\u00e9formes qui transforment et modernisent au jour le jour notre pays, mes v\u0153ux de sant\u00e9, de paix et de prosp\u00e9rit\u00e9.<\/p>\n\n\n\n<p>Je souhaite \u00e9galement au Pr\u00e9sident de la R\u00e9publique, S.E.M Jean-Lucien SANVEE DE TOVE que 2026 soit pour lui une ann\u00e9e porteuse de sant\u00e9 et de paix int\u00e9rieure. J\u2019\u00e9tends ses v\u0153ux \u00e0 tous mes coll\u00e8gues du Gouvernement.<\/p>\n\n\n\n<p>Je demande au Seigneur de b\u00e9nir tous les membres du personnel du Minist\u00e8re des affaires \u00e9trang\u00e8res, de la coop\u00e9ration, de l\u2019int\u00e9gration africaine et des Togolais de l\u2019ext\u00e9rieur, qui travaillent au quotidien, chacun \u00e0 son \u00e9chelle, au rayonnement de la diplomatie togolaise. Puissent-ils conna\u00eetre progr\u00e8s et prosp\u00e9rit\u00e9 en cette ann\u00e9e 2026.<\/p>\n\n\n\n<p><\/p>\n","protected":false},"excerpt":{"rendered":"<p>A l\u2019image de chaque fin d\u2019ann\u00e9e, le Ministre togolais des affaires \u00e9trang\u00e8res Pr Robert Dussey a encore accord\u00e9 \u00e0 la presse, une interview au sujet du bilan de l\u2019action diplomatique&hellip; <\/p>\n","protected":false},"author":1,"featured_media":15168,"comment_status":"open","ping_status":"closed","sticky":false,"template":"","format":"standard","meta":{"footnotes":""},"categories":[12],"tags":[1197,295,39],"class_list":["post-15167","post","type-post","status-publish","format-standard","has-post-thumbnail","hentry","category-diplomatie","tag-diplomatie-togolaise","tag-robert-duseey","tag-togo"],"yoast_head":"<!-- This site is optimized with the Yoast SEO plugin v26.4 - https:\/\/yoast.com\/wordpress\/plugins\/seo\/ -->\n<title>Le bilan de la diplomatie togolaise en 2025, selon le Ministre Robert DUSSEY - La Voix de la Nation<\/title>\n<meta name=\"robots\" content=\"index, follow, max-snippet:-1, max-image-preview:large, max-video-preview:-1\" \/>\n<link rel=\"canonical\" href=\"https:\/\/lavoixdelanation.tg\/index.php\/2026\/01\/06\/le-bilan-de-la-diplomatie-togolaise-en-2025-selon-le-ministre-robert-dussey\/\" \/>\n<meta property=\"og:locale\" content=\"fr_FR\" \/>\n<meta property=\"og:type\" content=\"article\" \/>\n<meta property=\"og:title\" content=\"Le bilan de la diplomatie togolaise en 2025, selon le Ministre Robert DUSSEY - La Voix de la Nation\" \/>\n<meta property=\"og:description\" content=\"A l\u2019image de chaque fin d\u2019ann\u00e9e, le Ministre togolais des affaires \u00e9trang\u00e8res Pr Robert Dussey a encore accord\u00e9 \u00e0 la presse, une interview au sujet du bilan de l\u2019action diplomatique&hellip;\" \/>\n<meta property=\"og:url\" content=\"https:\/\/lavoixdelanation.tg\/index.php\/2026\/01\/06\/le-bilan-de-la-diplomatie-togolaise-en-2025-selon-le-ministre-robert-dussey\/\" \/>\n<meta property=\"og:site_name\" content=\"La Voix de la Nation\" \/>\n<meta property=\"article:publisher\" content=\"https:\/\/www.facebook.com\/lavoixdelanation\" \/>\n<meta property=\"article:published_time\" content=\"2026-01-06T14:58:39+00:00\" \/>\n<meta property=\"article:modified_time\" content=\"2026-01-06T14:58:40+00:00\" \/>\n<meta property=\"og:image\" content=\"https:\/\/lavoixdelanation.tg\/wp-content\/uploads\/2026\/01\/Pr-Robert-Dussey-Ministre-togolais-des-affaires-etrangeres.jpg\" \/>\n\t<meta property=\"og:image:width\" content=\"646\" \/>\n\t<meta property=\"og:image:height\" content=\"407\" \/>\n\t<meta property=\"og:image:type\" content=\"image\/jpeg\" \/>\n<meta name=\"author\" content=\"La voix de la nation\" \/>\n<meta name=\"twitter:card\" content=\"summary_large_image\" \/>\n<meta name=\"twitter:label1\" content=\"\u00c9crit par\" \/>\n\t<meta name=\"twitter:data1\" content=\"La voix de la nation\" \/>\n\t<meta name=\"twitter:label2\" content=\"Dur\u00e9e de lecture estim\u00e9e\" \/>\n\t<meta name=\"twitter:data2\" content=\"24 minutes\" \/>\n<script type=\"application\/ld+json\" class=\"yoast-schema-graph\">{\"@context\":\"https:\/\/schema.org\",\"@graph\":[{\"@type\":\"Article\",\"@id\":\"https:\/\/lavoixdelanation.tg\/index.php\/2026\/01\/06\/le-bilan-de-la-diplomatie-togolaise-en-2025-selon-le-ministre-robert-dussey\/#article\",\"isPartOf\":{\"@id\":\"https:\/\/lavoixdelanation.tg\/index.php\/2026\/01\/06\/le-bilan-de-la-diplomatie-togolaise-en-2025-selon-le-ministre-robert-dussey\/\"},\"author\":{\"name\":\"La voix de la nation\",\"@id\":\"https:\/\/lavoixdelanation.tg\/#\/schema\/person\/6c489293aa38053673a9e554acb6e224\"},\"headline\":\"Le bilan de la diplomatie togolaise en 2025, selon le Ministre Robert DUSSEY\",\"datePublished\":\"2026-01-06T14:58:39+00:00\",\"dateModified\":\"2026-01-06T14:58:40+00:00\",\"mainEntityOfPage\":{\"@id\":\"https:\/\/lavoixdelanation.tg\/index.php\/2026\/01\/06\/le-bilan-de-la-diplomatie-togolaise-en-2025-selon-le-ministre-robert-dussey\/\"},\"wordCount\":5150,\"commentCount\":0,\"publisher\":{\"@id\":\"https:\/\/lavoixdelanation.tg\/#organization\"},\"image\":{\"@id\":\"https:\/\/lavoixdelanation.tg\/index.php\/2026\/01\/06\/le-bilan-de-la-diplomatie-togolaise-en-2025-selon-le-ministre-robert-dussey\/#primaryimage\"},\"thumbnailUrl\":\"https:\/\/lavoixdelanation.tg\/wp-content\/uploads\/2026\/01\/Pr-Robert-Dussey-Ministre-togolais-des-affaires-etrangeres.jpg\",\"keywords\":[\"Diplomatie togolaise\",\"Robert Duseey\",\"Togo\"],\"articleSection\":[\"Diplomatie\"],\"inLanguage\":\"fr-FR\",\"potentialAction\":[{\"@type\":\"CommentAction\",\"name\":\"Comment\",\"target\":[\"https:\/\/lavoixdelanation.tg\/index.php\/2026\/01\/06\/le-bilan-de-la-diplomatie-togolaise-en-2025-selon-le-ministre-robert-dussey\/#respond\"]}]},{\"@type\":\"WebPage\",\"@id\":\"https:\/\/lavoixdelanation.tg\/index.php\/2026\/01\/06\/le-bilan-de-la-diplomatie-togolaise-en-2025-selon-le-ministre-robert-dussey\/\",\"url\":\"https:\/\/lavoixdelanation.tg\/index.php\/2026\/01\/06\/le-bilan-de-la-diplomatie-togolaise-en-2025-selon-le-ministre-robert-dussey\/\",\"name\":\"Le bilan de la diplomatie togolaise en 2025, selon le Ministre Robert DUSSEY - La Voix de la Nation\",\"isPartOf\":{\"@id\":\"https:\/\/lavoixdelanation.tg\/#website\"},\"primaryImageOfPage\":{\"@id\":\"https:\/\/lavoixdelanation.tg\/index.php\/2026\/01\/06\/le-bilan-de-la-diplomatie-togolaise-en-2025-selon-le-ministre-robert-dussey\/#primaryimage\"},\"image\":{\"@id\":\"https:\/\/lavoixdelanation.tg\/index.php\/2026\/01\/06\/le-bilan-de-la-diplomatie-togolaise-en-2025-selon-le-ministre-robert-dussey\/#primaryimage\"},\"thumbnailUrl\":\"https:\/\/lavoixdelanation.tg\/wp-content\/uploads\/2026\/01\/Pr-Robert-Dussey-Ministre-togolais-des-affaires-etrangeres.jpg\",\"datePublished\":\"2026-01-06T14:58:39+00:00\",\"dateModified\":\"2026-01-06T14:58:40+00:00\",\"breadcrumb\":{\"@id\":\"https:\/\/lavoixdelanation.tg\/index.php\/2026\/01\/06\/le-bilan-de-la-diplomatie-togolaise-en-2025-selon-le-ministre-robert-dussey\/#breadcrumb\"},\"inLanguage\":\"fr-FR\",\"potentialAction\":[{\"@type\":\"ReadAction\",\"target\":[\"https:\/\/lavoixdelanation.tg\/index.php\/2026\/01\/06\/le-bilan-de-la-diplomatie-togolaise-en-2025-selon-le-ministre-robert-dussey\/\"]}]},{\"@type\":\"ImageObject\",\"inLanguage\":\"fr-FR\",\"@id\":\"https:\/\/lavoixdelanation.tg\/index.php\/2026\/01\/06\/le-bilan-de-la-diplomatie-togolaise-en-2025-selon-le-ministre-robert-dussey\/#primaryimage\",\"url\":\"https:\/\/lavoixdelanation.tg\/wp-content\/uploads\/2026\/01\/Pr-Robert-Dussey-Ministre-togolais-des-affaires-etrangeres.jpg\",\"contentUrl\":\"https:\/\/lavoixdelanation.tg\/wp-content\/uploads\/2026\/01\/Pr-Robert-Dussey-Ministre-togolais-des-affaires-etrangeres.jpg\",\"width\":646,\"height\":407,\"caption\":\"Pr Robert Dussey, Ministre togolais des affaires \u00e9trang\u00e8res\"},{\"@type\":\"BreadcrumbList\",\"@id\":\"https:\/\/lavoixdelanation.tg\/index.php\/2026\/01\/06\/le-bilan-de-la-diplomatie-togolaise-en-2025-selon-le-ministre-robert-dussey\/#breadcrumb\",\"itemListElement\":[{\"@type\":\"ListItem\",\"position\":1,\"name\":\"Accueil\",\"item\":\"https:\/\/lavoixdelanation.tg\/\"},{\"@type\":\"ListItem\",\"position\":2,\"name\":\"Le bilan de la diplomatie togolaise en 2025, selon le Ministre Robert DUSSEY\"}]},{\"@type\":\"WebSite\",\"@id\":\"https:\/\/lavoixdelanation.tg\/#website\",\"url\":\"https:\/\/lavoixdelanation.tg\/\",\"name\":\"La Voix de la Nation\",\"description\":\"R\u00e9c\u00e9piss\u00e9 n\u00b00108\/HAAC\/01-2024\/pl\/P\",\"publisher\":{\"@id\":\"https:\/\/lavoixdelanation.tg\/#organization\"},\"alternateName\":\"VON\",\"potentialAction\":[{\"@type\":\"SearchAction\",\"target\":{\"@type\":\"EntryPoint\",\"urlTemplate\":\"https:\/\/lavoixdelanation.tg\/?s={search_term_string}\"},\"query-input\":{\"@type\":\"PropertyValueSpecification\",\"valueRequired\":true,\"valueName\":\"search_term_string\"}}],\"inLanguage\":\"fr-FR\"},{\"@type\":\"Organization\",\"@id\":\"https:\/\/lavoixdelanation.tg\/#organization\",\"name\":\"La Voix de la Nation\",\"url\":\"https:\/\/lavoixdelanation.tg\/\",\"logo\":{\"@type\":\"ImageObject\",\"inLanguage\":\"fr-FR\",\"@id\":\"https:\/\/lavoixdelanation.tg\/#\/schema\/logo\/image\/\",\"url\":\"https:\/\/lavoixdelanation.tg\/wp-content\/uploads\/2024\/12\/lavn-1.png\",\"contentUrl\":\"https:\/\/lavoixdelanation.tg\/wp-content\/uploads\/2024\/12\/lavn-1.png\",\"width\":1024,\"height\":464,\"caption\":\"La Voix de la Nation\"},\"image\":{\"@id\":\"https:\/\/lavoixdelanation.tg\/#\/schema\/logo\/image\/\"},\"sameAs\":[\"https:\/\/www.facebook.com\/lavoixdelanation\"]},{\"@type\":\"Person\",\"@id\":\"https:\/\/lavoixdelanation.tg\/#\/schema\/person\/6c489293aa38053673a9e554acb6e224\",\"name\":\"La voix de la nation\",\"image\":{\"@type\":\"ImageObject\",\"inLanguage\":\"fr-FR\",\"@id\":\"https:\/\/lavoixdelanation.tg\/#\/schema\/person\/image\/\",\"url\":\"https:\/\/secure.gravatar.com\/avatar\/8aa135d4bbc794494cecaa8d483f6d6cc1023624868deaff686baed5e727a5a1?s=96&d=mm&r=g\",\"contentUrl\":\"https:\/\/secure.gravatar.com\/avatar\/8aa135d4bbc794494cecaa8d483f6d6cc1023624868deaff686baed5e727a5a1?s=96&d=mm&r=g\",\"caption\":\"La voix de la nation\"},\"sameAs\":[\"https:\/\/lavoixdelanation.tg\"],\"url\":\"https:\/\/lavoixdelanation.tg\/index.php\/author\/lavn\/\"}]}<\/script>\n<!-- \/ Yoast SEO plugin. -->","yoast_head_json":{"title":"Le bilan de la diplomatie togolaise en 2025, selon le Ministre Robert DUSSEY - La Voix de la Nation","robots":{"index":"index","follow":"follow","max-snippet":"max-snippet:-1","max-image-preview":"max-image-preview:large","max-video-preview":"max-video-preview:-1"},"canonical":"https:\/\/lavoixdelanation.tg\/index.php\/2026\/01\/06\/le-bilan-de-la-diplomatie-togolaise-en-2025-selon-le-ministre-robert-dussey\/","og_locale":"fr_FR","og_type":"article","og_title":"Le bilan de la diplomatie togolaise en 2025, selon le Ministre Robert DUSSEY - La Voix de la Nation","og_description":"A l\u2019image de chaque fin d\u2019ann\u00e9e, le Ministre togolais des affaires \u00e9trang\u00e8res Pr Robert Dussey a encore accord\u00e9 \u00e0 la presse, une interview au sujet du bilan de l\u2019action diplomatique&hellip;","og_url":"https:\/\/lavoixdelanation.tg\/index.php\/2026\/01\/06\/le-bilan-de-la-diplomatie-togolaise-en-2025-selon-le-ministre-robert-dussey\/","og_site_name":"La Voix de la Nation","article_publisher":"https:\/\/www.facebook.com\/lavoixdelanation","article_published_time":"2026-01-06T14:58:39+00:00","article_modified_time":"2026-01-06T14:58:40+00:00","og_image":[{"width":646,"height":407,"url":"https:\/\/lavoixdelanation.tg\/wp-content\/uploads\/2026\/01\/Pr-Robert-Dussey-Ministre-togolais-des-affaires-etrangeres.jpg","type":"image\/jpeg"}],"author":"La voix de la nation","twitter_card":"summary_large_image","twitter_misc":{"\u00c9crit par":"La voix de la nation","Dur\u00e9e de lecture estim\u00e9e":"24 minutes"},"schema":{"@context":"https:\/\/schema.org","@graph":[{"@type":"Article","@id":"https:\/\/lavoixdelanation.tg\/index.php\/2026\/01\/06\/le-bilan-de-la-diplomatie-togolaise-en-2025-selon-le-ministre-robert-dussey\/#article","isPartOf":{"@id":"https:\/\/lavoixdelanation.tg\/index.php\/2026\/01\/06\/le-bilan-de-la-diplomatie-togolaise-en-2025-selon-le-ministre-robert-dussey\/"},"author":{"name":"La voix de la nation","@id":"https:\/\/lavoixdelanation.tg\/#\/schema\/person\/6c489293aa38053673a9e554acb6e224"},"headline":"Le bilan de la diplomatie togolaise en 2025, selon le Ministre Robert DUSSEY","datePublished":"2026-01-06T14:58:39+00:00","dateModified":"2026-01-06T14:58:40+00:00","mainEntityOfPage":{"@id":"https:\/\/lavoixdelanation.tg\/index.php\/2026\/01\/06\/le-bilan-de-la-diplomatie-togolaise-en-2025-selon-le-ministre-robert-dussey\/"},"wordCount":5150,"commentCount":0,"publisher":{"@id":"https:\/\/lavoixdelanation.tg\/#organization"},"image":{"@id":"https:\/\/lavoixdelanation.tg\/index.php\/2026\/01\/06\/le-bilan-de-la-diplomatie-togolaise-en-2025-selon-le-ministre-robert-dussey\/#primaryimage"},"thumbnailUrl":"https:\/\/lavoixdelanation.tg\/wp-content\/uploads\/2026\/01\/Pr-Robert-Dussey-Ministre-togolais-des-affaires-etrangeres.jpg","keywords":["Diplomatie togolaise","Robert Duseey","Togo"],"articleSection":["Diplomatie"],"inLanguage":"fr-FR","potentialAction":[{"@type":"CommentAction","name":"Comment","target":["https:\/\/lavoixdelanation.tg\/index.php\/2026\/01\/06\/le-bilan-de-la-diplomatie-togolaise-en-2025-selon-le-ministre-robert-dussey\/#respond"]}]},{"@type":"WebPage","@id":"https:\/\/lavoixdelanation.tg\/index.php\/2026\/01\/06\/le-bilan-de-la-diplomatie-togolaise-en-2025-selon-le-ministre-robert-dussey\/","url":"https:\/\/lavoixdelanation.tg\/index.php\/2026\/01\/06\/le-bilan-de-la-diplomatie-togolaise-en-2025-selon-le-ministre-robert-dussey\/","name":"Le bilan de la diplomatie togolaise en 2025, selon le Ministre Robert DUSSEY - La Voix de la Nation","isPartOf":{"@id":"https:\/\/lavoixdelanation.tg\/#website"},"primaryImageOfPage":{"@id":"https:\/\/lavoixdelanation.tg\/index.php\/2026\/01\/06\/le-bilan-de-la-diplomatie-togolaise-en-2025-selon-le-ministre-robert-dussey\/#primaryimage"},"image":{"@id":"https:\/\/lavoixdelanation.tg\/index.php\/2026\/01\/06\/le-bilan-de-la-diplomatie-togolaise-en-2025-selon-le-ministre-robert-dussey\/#primaryimage"},"thumbnailUrl":"https:\/\/lavoixdelanation.tg\/wp-content\/uploads\/2026\/01\/Pr-Robert-Dussey-Ministre-togolais-des-affaires-etrangeres.jpg","datePublished":"2026-01-06T14:58:39+00:00","dateModified":"2026-01-06T14:58:40+00:00","breadcrumb":{"@id":"https:\/\/lavoixdelanation.tg\/index.php\/2026\/01\/06\/le-bilan-de-la-diplomatie-togolaise-en-2025-selon-le-ministre-robert-dussey\/#breadcrumb"},"inLanguage":"fr-FR","potentialAction":[{"@type":"ReadAction","target":["https:\/\/lavoixdelanation.tg\/index.php\/2026\/01\/06\/le-bilan-de-la-diplomatie-togolaise-en-2025-selon-le-ministre-robert-dussey\/"]}]},{"@type":"ImageObject","inLanguage":"fr-FR","@id":"https:\/\/lavoixdelanation.tg\/index.php\/2026\/01\/06\/le-bilan-de-la-diplomatie-togolaise-en-2025-selon-le-ministre-robert-dussey\/#primaryimage","url":"https:\/\/lavoixdelanation.tg\/wp-content\/uploads\/2026\/01\/Pr-Robert-Dussey-Ministre-togolais-des-affaires-etrangeres.jpg","contentUrl":"https:\/\/lavoixdelanation.tg\/wp-content\/uploads\/2026\/01\/Pr-Robert-Dussey-Ministre-togolais-des-affaires-etrangeres.jpg","width":646,"height":407,"caption":"Pr Robert Dussey, Ministre togolais des affaires \u00e9trang\u00e8res"},{"@type":"BreadcrumbList","@id":"https:\/\/lavoixdelanation.tg\/index.php\/2026\/01\/06\/le-bilan-de-la-diplomatie-togolaise-en-2025-selon-le-ministre-robert-dussey\/#breadcrumb","itemListElement":[{"@type":"ListItem","position":1,"name":"Accueil","item":"https:\/\/lavoixdelanation.tg\/"},{"@type":"ListItem","position":2,"name":"Le bilan de la diplomatie togolaise en 2025, selon le Ministre Robert DUSSEY"}]},{"@type":"WebSite","@id":"https:\/\/lavoixdelanation.tg\/#website","url":"https:\/\/lavoixdelanation.tg\/","name":"La Voix de la Nation","description":"R\u00e9c\u00e9piss\u00e9 n\u00b00108\/HAAC\/01-2024\/pl\/P","publisher":{"@id":"https:\/\/lavoixdelanation.tg\/#organization"},"alternateName":"VON","potentialAction":[{"@type":"SearchAction","target":{"@type":"EntryPoint","urlTemplate":"https:\/\/lavoixdelanation.tg\/?s={search_term_string}"},"query-input":{"@type":"PropertyValueSpecification","valueRequired":true,"valueName":"search_term_string"}}],"inLanguage":"fr-FR"},{"@type":"Organization","@id":"https:\/\/lavoixdelanation.tg\/#organization","name":"La Voix de la Nation","url":"https:\/\/lavoixdelanation.tg\/","logo":{"@type":"ImageObject","inLanguage":"fr-FR","@id":"https:\/\/lavoixdelanation.tg\/#\/schema\/logo\/image\/","url":"https:\/\/lavoixdelanation.tg\/wp-content\/uploads\/2024\/12\/lavn-1.png","contentUrl":"https:\/\/lavoixdelanation.tg\/wp-content\/uploads\/2024\/12\/lavn-1.png","width":1024,"height":464,"caption":"La Voix de la Nation"},"image":{"@id":"https:\/\/lavoixdelanation.tg\/#\/schema\/logo\/image\/"},"sameAs":["https:\/\/www.facebook.com\/lavoixdelanation"]},{"@type":"Person","@id":"https:\/\/lavoixdelanation.tg\/#\/schema\/person\/6c489293aa38053673a9e554acb6e224","name":"La voix de la nation","image":{"@type":"ImageObject","inLanguage":"fr-FR","@id":"https:\/\/lavoixdelanation.tg\/#\/schema\/person\/image\/","url":"https:\/\/secure.gravatar.com\/avatar\/8aa135d4bbc794494cecaa8d483f6d6cc1023624868deaff686baed5e727a5a1?s=96&d=mm&r=g","contentUrl":"https:\/\/secure.gravatar.com\/avatar\/8aa135d4bbc794494cecaa8d483f6d6cc1023624868deaff686baed5e727a5a1?s=96&d=mm&r=g","caption":"La voix de la nation"},"sameAs":["https:\/\/lavoixdelanation.tg"],"url":"https:\/\/lavoixdelanation.tg\/index.php\/author\/lavn\/"}]}},"_links":{"self":[{"href":"https:\/\/lavoixdelanation.tg\/index.php\/wp-json\/wp\/v2\/posts\/15167","targetHints":{"allow":["GET"]}}],"collection":[{"href":"https:\/\/lavoixdelanation.tg\/index.php\/wp-json\/wp\/v2\/posts"}],"about":[{"href":"https:\/\/lavoixdelanation.tg\/index.php\/wp-json\/wp\/v2\/types\/post"}],"author":[{"embeddable":true,"href":"https:\/\/lavoixdelanation.tg\/index.php\/wp-json\/wp\/v2\/users\/1"}],"replies":[{"embeddable":true,"href":"https:\/\/lavoixdelanation.tg\/index.php\/wp-json\/wp\/v2\/comments?post=15167"}],"version-history":[{"count":1,"href":"https:\/\/lavoixdelanation.tg\/index.php\/wp-json\/wp\/v2\/posts\/15167\/revisions"}],"predecessor-version":[{"id":15169,"href":"https:\/\/lavoixdelanation.tg\/index.php\/wp-json\/wp\/v2\/posts\/15167\/revisions\/15169"}],"wp:featuredmedia":[{"embeddable":true,"href":"https:\/\/lavoixdelanation.tg\/index.php\/wp-json\/wp\/v2\/media\/15168"}],"wp:attachment":[{"href":"https:\/\/lavoixdelanation.tg\/index.php\/wp-json\/wp\/v2\/media?parent=15167"}],"wp:term":[{"taxonomy":"category","embeddable":true,"href":"https:\/\/lavoixdelanation.tg\/index.php\/wp-json\/wp\/v2\/categories?post=15167"},{"taxonomy":"post_tag","embeddable":true,"href":"https:\/\/lavoixdelanation.tg\/index.php\/wp-json\/wp\/v2\/tags?post=15167"}],"curies":[{"name":"wp","href":"https:\/\/api.w.org\/{rel}","templated":true}]}}