{"id":15155,"date":"2026-01-03T16:18:30","date_gmt":"2026-01-03T15:18:30","guid":{"rendered":"https:\/\/lavoixdelanation.tg\/?p=15155"},"modified":"2026-01-03T16:18:31","modified_gmt":"2026-01-03T15:18:31","slug":"togo-une-diplomatie-2025-au-service-de-la-mediation-africaine","status":"publish","type":"post","link":"https:\/\/lavoixdelanation.tg\/index.php\/2026\/01\/03\/togo-une-diplomatie-2025-au-service-de-la-mediation-africaine\/","title":{"rendered":"Togo\u00a0: Une diplomatie 2025 au service de la m\u00e9diation africaine"},"content":{"rendered":"\n<p><strong>L\u2019action diplomatique du Togo au cours de l\u2019ann\u00e9e 2025 qui vient de s\u2019\u00e9couler, a eu sans doute pour soubassement le dialogue, la stabilit\u00e9 et la coop\u00e9ration en Afrique. L\u2019engagement actif du Pr\u00e9sident du Conseil Faure Gnassingb\u00e9, a en effet permis de renforcer son leadership pour une Afrique en paix, stable et prosp\u00e8re.<\/strong><\/p>\n\n\n\n<p class=\"has-text-align-center\"><strong>Togo, acteur majeur pour la paix dans les Grands Lacs<\/strong><\/p>\n\n\n\n<p>Le Pr\u00e9sident du Conseil, Faure Gnassingb\u00e9 s\u2019est en 2025 efforc\u00e9 de faire du Togo, un acteur majeur dont la voix compte pour la stabilit\u00e9 et la solidarit\u00e9 entre les peuples africains.<\/p>\n\n\n\n<p>Sa d\u00e9signation en avril 2025 en qualit\u00e9 de M\u00e9diateur par l\u2019Union africaine dans la crise entre la R\u00e9publique D\u00e9mocratique du Congo (RDC) et le Rwanda, a renforc\u00e9 le leadership du pays dans la gestion des crises sur le continent.<\/p>\n\n\n\n<p>Les efforts du Pr\u00e9sident du Conseil se sont traduits par une s\u00e9rie de missions diplomatiques fructueuses dans la r\u00e9gion des Grands Lacs, des rencontres de haut niveau \u00e0 Lom\u00e9, \u00e0 Paris et au Qatar. Ces actions diplomatiques tr\u00e8s inclusives ont facilit\u00e9 le dialogue et rapproch\u00e9 les positions des parties prenantes, marquant ainsi une avanc\u00e9e significative dans la stabilisation durable de la r\u00e9gion.<\/p>\n\n\n\n<p class=\"has-text-align-center\"><strong>Lom\u00e9, espace de rayonnement de la paix<\/strong><\/p>\n\n\n\n<p>Parall\u00e8lement \u00e0 son engagement dans la r\u00e9gion des Grands Lacs, le Togo multiplie les actions diplomatiques pour faire du continent un havre de paix. C\u2019est en reconnaissance du r\u00f4le constructif jou\u00e9 par le Togo dans la gestion de cette crise que le pays a \u00e9t\u00e9 associ\u00e9 le 4 d\u00e9cembre dernier, \u00e0 la signature de l\u2019accord de paix entre la RDC et le Rwanda aux USA en pr\u00e9sence du Pr\u00e9sident am\u00e9ricain Donal Trump.<\/p>\n\n\n\n<p>Convaincu que le continent doit repenser sa strat\u00e9gie de consolidation de la paix, le pays a organis\u00e9 avec l\u2019appui du PNUD, Lom\u00e9 Peace Forum. Ce cadre international autour des enjeux de la paix a permis de renforcer la dynamique des initiatives africaines qui r\u00e9pondent \u00e0 la n\u00e9cessit\u00e9 d\u2019\u0153uvrer davantage \u00e0 la consolidation de la paix et \u00e0 la construction de la s\u00e9curit\u00e9 collective.<\/p>\n\n\n\n<p class=\"has-text-align-center\"><strong>Le Togo \u00e0 l\u2019avant-garde de la gestion de la crise en Guin\u00e9e Bissau<\/strong><\/p>\n\n\n\n<p>Il faut ici mettre en relief le large consensus qui s\u2019est d\u00e9gag\u00e9 au sein de la CEDEAO pour confier au Pr\u00e9sident du Conseil, la conduite du Conseil de m\u00e9diation en Guin\u00e9e Bissau, pays confront\u00e9 \u00e0 une crise sociopolitique depuis le 26 novembre 2025. Cette nouvelle mission confirme la cr\u00e9dibilit\u00e9 de la diplomatie togolaise dans la r\u00e9solution pacifique des crises sur le continent.<\/p>\n\n\n\n<p class=\"has-text-align-center\"><strong>L\u2019exp\u00e9rience du Togo salu\u00e9 \u00e0 Rome<\/strong><\/p>\n\n\n\n<p>Le Pr\u00e9sident du Conseil, Faure Essozimna Gnassingb\u00e9 a aussi port\u00e9 la voix du Togo le 15 octobre 2025 \u00e0 Rome en Italie au sommet du Processus d\u2019Aqaba sur la crise s\u00e9curitaire en Afrique de l\u2019ouest. Au cours de ce sommet, les partenaires ont vivement salu\u00e9 les orientations du Togo pour relever les d\u00e9fis s\u00e9curitaires dans la r\u00e9gion ouest-africaine et au Sahel.<\/p>\n\n\n\n<p class=\"has-text-align-center\"><strong>Reconnaissance des instances internationales<\/strong><\/p>\n\n\n\n<p>Toutes ces actions traduisent \u00e9loquemment la volont\u00e9 du Pr\u00e9sident du Conseil, Faure Essozimna Gnassingb\u00e9 de positionner le Togo comme un acteur majeur dans la promotion de la paix, de la s\u00e9curit\u00e9 et du d\u00e9veloppement en Afrique et au-del\u00e0.<\/p>\n\n\n\n<p>Et les instances internationales en l\u2019occurrence les Nations unies n\u2019h\u00e9sitent pas \u00e0 d\u00e9p\u00eacher r\u00e9guli\u00e8rement des d\u00e9l\u00e9gations au Togo pour soutenir Pr\u00e9sident Faure Gnassingb\u00e9 et lui rendre de vive voix, un hommage particulier pour le r\u00f4le \u00e9minemment positif qu\u2019il joue en faveur de la paix, du dialogue et de la concertation en Afrique.<\/p>\n","protected":false},"excerpt":{"rendered":"<p>L\u2019action diplomatique du Togo au cours de l\u2019ann\u00e9e 2025 qui vient de s\u2019\u00e9couler, a eu sans doute pour soubassement le dialogue, la stabilit\u00e9 et la coop\u00e9ration en Afrique. L\u2019engagement actif&hellip; <\/p>\n","protected":false},"author":1,"featured_media":15156,"comment_status":"open","ping_status":"closed","sticky":false,"template":"","format":"standard","meta":{"footnotes":""},"categories":[12],"tags":[1197,45],"class_list":["post-15155","post","type-post","status-publish","format-standard","has-post-thumbnail","hentry","category-diplomatie","tag-diplomatie-togolaise","tag-faure-gnassingbe"],"yoast_head":"<!-- This site is optimized with the Yoast SEO plugin v26.4 - https:\/\/yoast.com\/wordpress\/plugins\/seo\/ -->\n<title>Togo\u00a0: Une diplomatie 2025 au service de la m\u00e9diation africaine - La Voix de la Nation<\/title>\n<meta name=\"robots\" content=\"index, follow, max-snippet:-1, max-image-preview:large, max-video-preview:-1\" \/>\n<link rel=\"canonical\" href=\"https:\/\/lavoixdelanation.tg\/index.php\/2026\/01\/03\/togo-une-diplomatie-2025-au-service-de-la-mediation-africaine\/\" \/>\n<meta property=\"og:locale\" content=\"fr_FR\" \/>\n<meta property=\"og:type\" content=\"article\" \/>\n<meta property=\"og:title\" content=\"Togo\u00a0: Une diplomatie 2025 au service de la m\u00e9diation africaine - La Voix de la Nation\" \/>\n<meta property=\"og:description\" content=\"L\u2019action diplomatique du Togo au cours de l\u2019ann\u00e9e 2025 qui vient de s\u2019\u00e9couler, a eu sans doute pour soubassement le dialogue, la stabilit\u00e9 et la coop\u00e9ration en Afrique. L\u2019engagement actif&hellip;\" \/>\n<meta property=\"og:url\" content=\"https:\/\/lavoixdelanation.tg\/index.php\/2026\/01\/03\/togo-une-diplomatie-2025-au-service-de-la-mediation-africaine\/\" \/>\n<meta property=\"og:site_name\" content=\"La Voix de la Nation\" \/>\n<meta property=\"article:publisher\" content=\"https:\/\/www.facebook.com\/lavoixdelanation\" \/>\n<meta property=\"article:published_time\" content=\"2026-01-03T15:18:30+00:00\" \/>\n<meta property=\"article:modified_time\" content=\"2026-01-03T15:18:31+00:00\" \/>\n<meta property=\"og:image\" content=\"https:\/\/lavoixdelanation.tg\/wp-content\/uploads\/2026\/01\/Togo-une-diplomatie-2025-au-service-de-la-mediation-africaine.jpg\" \/>\n\t<meta property=\"og:image:width\" content=\"1060\" \/>\n\t<meta property=\"og:image:height\" content=\"723\" \/>\n\t<meta property=\"og:image:type\" content=\"image\/jpeg\" \/>\n<meta name=\"author\" content=\"La voix de la nation\" \/>\n<meta name=\"twitter:card\" content=\"summary_large_image\" \/>\n<meta name=\"twitter:label1\" content=\"\u00c9crit par\" \/>\n\t<meta name=\"twitter:data1\" content=\"La voix de la nation\" \/>\n\t<meta name=\"twitter:label2\" content=\"Dur\u00e9e de lecture estim\u00e9e\" \/>\n\t<meta name=\"twitter:data2\" content=\"3 minutes\" \/>\n<script type=\"application\/ld+json\" class=\"yoast-schema-graph\">{\"@context\":\"https:\/\/schema.org\",\"@graph\":[{\"@type\":\"Article\",\"@id\":\"https:\/\/lavoixdelanation.tg\/index.php\/2026\/01\/03\/togo-une-diplomatie-2025-au-service-de-la-mediation-africaine\/#article\",\"isPartOf\":{\"@id\":\"https:\/\/lavoixdelanation.tg\/index.php\/2026\/01\/03\/togo-une-diplomatie-2025-au-service-de-la-mediation-africaine\/\"},\"author\":{\"name\":\"La voix de la nation\",\"@id\":\"https:\/\/lavoixdelanation.tg\/#\/schema\/person\/6c489293aa38053673a9e554acb6e224\"},\"headline\":\"Togo\u00a0: Une diplomatie 2025 au service de la m\u00e9diation africaine\",\"datePublished\":\"2026-01-03T15:18:30+00:00\",\"dateModified\":\"2026-01-03T15:18:31+00:00\",\"mainEntityOfPage\":{\"@id\":\"https:\/\/lavoixdelanation.tg\/index.php\/2026\/01\/03\/togo-une-diplomatie-2025-au-service-de-la-mediation-africaine\/\"},\"wordCount\":631,\"commentCount\":0,\"publisher\":{\"@id\":\"https:\/\/lavoixdelanation.tg\/#organization\"},\"image\":{\"@id\":\"https:\/\/lavoixdelanation.tg\/index.php\/2026\/01\/03\/togo-une-diplomatie-2025-au-service-de-la-mediation-africaine\/#primaryimage\"},\"thumbnailUrl\":\"https:\/\/lavoixdelanation.tg\/wp-content\/uploads\/2026\/01\/Togo-une-diplomatie-2025-au-service-de-la-mediation-africaine.jpg\",\"keywords\":[\"Diplomatie togolaise\",\"Faure Gnassingb\u00e9\"],\"articleSection\":[\"Diplomatie\"],\"inLanguage\":\"fr-FR\",\"potentialAction\":[{\"@type\":\"CommentAction\",\"name\":\"Comment\",\"target\":[\"https:\/\/lavoixdelanation.tg\/index.php\/2026\/01\/03\/togo-une-diplomatie-2025-au-service-de-la-mediation-africaine\/#respond\"]}]},{\"@type\":\"WebPage\",\"@id\":\"https:\/\/lavoixdelanation.tg\/index.php\/2026\/01\/03\/togo-une-diplomatie-2025-au-service-de-la-mediation-africaine\/\",\"url\":\"https:\/\/lavoixdelanation.tg\/index.php\/2026\/01\/03\/togo-une-diplomatie-2025-au-service-de-la-mediation-africaine\/\",\"name\":\"Togo\u00a0: Une diplomatie 2025 au service de la m\u00e9diation africaine - La Voix de la Nation\",\"isPartOf\":{\"@id\":\"https:\/\/lavoixdelanation.tg\/#website\"},\"primaryImageOfPage\":{\"@id\":\"https:\/\/lavoixdelanation.tg\/index.php\/2026\/01\/03\/togo-une-diplomatie-2025-au-service-de-la-mediation-africaine\/#primaryimage\"},\"image\":{\"@id\":\"https:\/\/lavoixdelanation.tg\/index.php\/2026\/01\/03\/togo-une-diplomatie-2025-au-service-de-la-mediation-africaine\/#primaryimage\"},\"thumbnailUrl\":\"https:\/\/lavoixdelanation.tg\/wp-content\/uploads\/2026\/01\/Togo-une-diplomatie-2025-au-service-de-la-mediation-africaine.jpg\",\"datePublished\":\"2026-01-03T15:18:30+00:00\",\"dateModified\":\"2026-01-03T15:18:31+00:00\",\"breadcrumb\":{\"@id\":\"https:\/\/lavoixdelanation.tg\/index.php\/2026\/01\/03\/togo-une-diplomatie-2025-au-service-de-la-mediation-africaine\/#breadcrumb\"},\"inLanguage\":\"fr-FR\",\"potentialAction\":[{\"@type\":\"ReadAction\",\"target\":[\"https:\/\/lavoixdelanation.tg\/index.php\/2026\/01\/03\/togo-une-diplomatie-2025-au-service-de-la-mediation-africaine\/\"]}]},{\"@type\":\"ImageObject\",\"inLanguage\":\"fr-FR\",\"@id\":\"https:\/\/lavoixdelanation.tg\/index.php\/2026\/01\/03\/togo-une-diplomatie-2025-au-service-de-la-mediation-africaine\/#primaryimage\",\"url\":\"https:\/\/lavoixdelanation.tg\/wp-content\/uploads\/2026\/01\/Togo-une-diplomatie-2025-au-service-de-la-mediation-africaine.jpg\",\"contentUrl\":\"https:\/\/lavoixdelanation.tg\/wp-content\/uploads\/2026\/01\/Togo-une-diplomatie-2025-au-service-de-la-mediation-africaine.jpg\",\"width\":1060,\"height\":723,\"caption\":\"Faure Gnassingb\u00e9, Pr\u00e9sident du Conseil\"},{\"@type\":\"BreadcrumbList\",\"@id\":\"https:\/\/lavoixdelanation.tg\/index.php\/2026\/01\/03\/togo-une-diplomatie-2025-au-service-de-la-mediation-africaine\/#breadcrumb\",\"itemListElement\":[{\"@type\":\"ListItem\",\"position\":1,\"name\":\"Accueil\",\"item\":\"https:\/\/lavoixdelanation.tg\/\"},{\"@type\":\"ListItem\",\"position\":2,\"name\":\"Togo\u00a0: Une diplomatie 2025 au service de la m\u00e9diation africaine\"}]},{\"@type\":\"WebSite\",\"@id\":\"https:\/\/lavoixdelanation.tg\/#website\",\"url\":\"https:\/\/lavoixdelanation.tg\/\",\"name\":\"La Voix de la Nation\",\"description\":\"R\u00e9c\u00e9piss\u00e9 n\u00b00108\/HAAC\/01-2024\/pl\/P\",\"publisher\":{\"@id\":\"https:\/\/lavoixdelanation.tg\/#organization\"},\"alternateName\":\"VON\",\"potentialAction\":[{\"@type\":\"SearchAction\",\"target\":{\"@type\":\"EntryPoint\",\"urlTemplate\":\"https:\/\/lavoixdelanation.tg\/?s={search_term_string}\"},\"query-input\":{\"@type\":\"PropertyValueSpecification\",\"valueRequired\":true,\"valueName\":\"search_term_string\"}}],\"inLanguage\":\"fr-FR\"},{\"@type\":\"Organization\",\"@id\":\"https:\/\/lavoixdelanation.tg\/#organization\",\"name\":\"La Voix de la Nation\",\"url\":\"https:\/\/lavoixdelanation.tg\/\",\"logo\":{\"@type\":\"ImageObject\",\"inLanguage\":\"fr-FR\",\"@id\":\"https:\/\/lavoixdelanation.tg\/#\/schema\/logo\/image\/\",\"url\":\"https:\/\/lavoixdelanation.tg\/wp-content\/uploads\/2024\/12\/lavn-1.png\",\"contentUrl\":\"https:\/\/lavoixdelanation.tg\/wp-content\/uploads\/2024\/12\/lavn-1.png\",\"width\":1024,\"height\":464,\"caption\":\"La Voix de la Nation\"},\"image\":{\"@id\":\"https:\/\/lavoixdelanation.tg\/#\/schema\/logo\/image\/\"},\"sameAs\":[\"https:\/\/www.facebook.com\/lavoixdelanation\"]},{\"@type\":\"Person\",\"@id\":\"https:\/\/lavoixdelanation.tg\/#\/schema\/person\/6c489293aa38053673a9e554acb6e224\",\"name\":\"La voix de la nation\",\"image\":{\"@type\":\"ImageObject\",\"inLanguage\":\"fr-FR\",\"@id\":\"https:\/\/lavoixdelanation.tg\/#\/schema\/person\/image\/\",\"url\":\"https:\/\/secure.gravatar.com\/avatar\/8aa135d4bbc794494cecaa8d483f6d6cc1023624868deaff686baed5e727a5a1?s=96&d=mm&r=g\",\"contentUrl\":\"https:\/\/secure.gravatar.com\/avatar\/8aa135d4bbc794494cecaa8d483f6d6cc1023624868deaff686baed5e727a5a1?s=96&d=mm&r=g\",\"caption\":\"La voix de la nation\"},\"sameAs\":[\"https:\/\/lavoixdelanation.tg\"],\"url\":\"https:\/\/lavoixdelanation.tg\/index.php\/author\/lavn\/\"}]}<\/script>\n<!-- \/ Yoast SEO plugin. -->","yoast_head_json":{"title":"Togo\u00a0: Une diplomatie 2025 au service de la m\u00e9diation africaine - La Voix de la Nation","robots":{"index":"index","follow":"follow","max-snippet":"max-snippet:-1","max-image-preview":"max-image-preview:large","max-video-preview":"max-video-preview:-1"},"canonical":"https:\/\/lavoixdelanation.tg\/index.php\/2026\/01\/03\/togo-une-diplomatie-2025-au-service-de-la-mediation-africaine\/","og_locale":"fr_FR","og_type":"article","og_title":"Togo\u00a0: Une diplomatie 2025 au service de la m\u00e9diation africaine - La Voix de la Nation","og_description":"L\u2019action diplomatique du Togo au cours de l\u2019ann\u00e9e 2025 qui vient de s\u2019\u00e9couler, a eu sans doute pour soubassement le dialogue, la stabilit\u00e9 et la coop\u00e9ration en Afrique. L\u2019engagement actif&hellip;","og_url":"https:\/\/lavoixdelanation.tg\/index.php\/2026\/01\/03\/togo-une-diplomatie-2025-au-service-de-la-mediation-africaine\/","og_site_name":"La Voix de la Nation","article_publisher":"https:\/\/www.facebook.com\/lavoixdelanation","article_published_time":"2026-01-03T15:18:30+00:00","article_modified_time":"2026-01-03T15:18:31+00:00","og_image":[{"width":1060,"height":723,"url":"https:\/\/lavoixdelanation.tg\/wp-content\/uploads\/2026\/01\/Togo-une-diplomatie-2025-au-service-de-la-mediation-africaine.jpg","type":"image\/jpeg"}],"author":"La voix de la nation","twitter_card":"summary_large_image","twitter_misc":{"\u00c9crit par":"La voix de la nation","Dur\u00e9e de lecture estim\u00e9e":"3 minutes"},"schema":{"@context":"https:\/\/schema.org","@graph":[{"@type":"Article","@id":"https:\/\/lavoixdelanation.tg\/index.php\/2026\/01\/03\/togo-une-diplomatie-2025-au-service-de-la-mediation-africaine\/#article","isPartOf":{"@id":"https:\/\/lavoixdelanation.tg\/index.php\/2026\/01\/03\/togo-une-diplomatie-2025-au-service-de-la-mediation-africaine\/"},"author":{"name":"La voix de la nation","@id":"https:\/\/lavoixdelanation.tg\/#\/schema\/person\/6c489293aa38053673a9e554acb6e224"},"headline":"Togo\u00a0: Une diplomatie 2025 au service de la m\u00e9diation africaine","datePublished":"2026-01-03T15:18:30+00:00","dateModified":"2026-01-03T15:18:31+00:00","mainEntityOfPage":{"@id":"https:\/\/lavoixdelanation.tg\/index.php\/2026\/01\/03\/togo-une-diplomatie-2025-au-service-de-la-mediation-africaine\/"},"wordCount":631,"commentCount":0,"publisher":{"@id":"https:\/\/lavoixdelanation.tg\/#organization"},"image":{"@id":"https:\/\/lavoixdelanation.tg\/index.php\/2026\/01\/03\/togo-une-diplomatie-2025-au-service-de-la-mediation-africaine\/#primaryimage"},"thumbnailUrl":"https:\/\/lavoixdelanation.tg\/wp-content\/uploads\/2026\/01\/Togo-une-diplomatie-2025-au-service-de-la-mediation-africaine.jpg","keywords":["Diplomatie togolaise","Faure Gnassingb\u00e9"],"articleSection":["Diplomatie"],"inLanguage":"fr-FR","potentialAction":[{"@type":"CommentAction","name":"Comment","target":["https:\/\/lavoixdelanation.tg\/index.php\/2026\/01\/03\/togo-une-diplomatie-2025-au-service-de-la-mediation-africaine\/#respond"]}]},{"@type":"WebPage","@id":"https:\/\/lavoixdelanation.tg\/index.php\/2026\/01\/03\/togo-une-diplomatie-2025-au-service-de-la-mediation-africaine\/","url":"https:\/\/lavoixdelanation.tg\/index.php\/2026\/01\/03\/togo-une-diplomatie-2025-au-service-de-la-mediation-africaine\/","name":"Togo\u00a0: Une diplomatie 2025 au service de la m\u00e9diation africaine - La Voix de la Nation","isPartOf":{"@id":"https:\/\/lavoixdelanation.tg\/#website"},"primaryImageOfPage":{"@id":"https:\/\/lavoixdelanation.tg\/index.php\/2026\/01\/03\/togo-une-diplomatie-2025-au-service-de-la-mediation-africaine\/#primaryimage"},"image":{"@id":"https:\/\/lavoixdelanation.tg\/index.php\/2026\/01\/03\/togo-une-diplomatie-2025-au-service-de-la-mediation-africaine\/#primaryimage"},"thumbnailUrl":"https:\/\/lavoixdelanation.tg\/wp-content\/uploads\/2026\/01\/Togo-une-diplomatie-2025-au-service-de-la-mediation-africaine.jpg","datePublished":"2026-01-03T15:18:30+00:00","dateModified":"2026-01-03T15:18:31+00:00","breadcrumb":{"@id":"https:\/\/lavoixdelanation.tg\/index.php\/2026\/01\/03\/togo-une-diplomatie-2025-au-service-de-la-mediation-africaine\/#breadcrumb"},"inLanguage":"fr-FR","potentialAction":[{"@type":"ReadAction","target":["https:\/\/lavoixdelanation.tg\/index.php\/2026\/01\/03\/togo-une-diplomatie-2025-au-service-de-la-mediation-africaine\/"]}]},{"@type":"ImageObject","inLanguage":"fr-FR","@id":"https:\/\/lavoixdelanation.tg\/index.php\/2026\/01\/03\/togo-une-diplomatie-2025-au-service-de-la-mediation-africaine\/#primaryimage","url":"https:\/\/lavoixdelanation.tg\/wp-content\/uploads\/2026\/01\/Togo-une-diplomatie-2025-au-service-de-la-mediation-africaine.jpg","contentUrl":"https:\/\/lavoixdelanation.tg\/wp-content\/uploads\/2026\/01\/Togo-une-diplomatie-2025-au-service-de-la-mediation-africaine.jpg","width":1060,"height":723,"caption":"Faure Gnassingb\u00e9, Pr\u00e9sident du Conseil"},{"@type":"BreadcrumbList","@id":"https:\/\/lavoixdelanation.tg\/index.php\/2026\/01\/03\/togo-une-diplomatie-2025-au-service-de-la-mediation-africaine\/#breadcrumb","itemListElement":[{"@type":"ListItem","position":1,"name":"Accueil","item":"https:\/\/lavoixdelanation.tg\/"},{"@type":"ListItem","position":2,"name":"Togo\u00a0: Une diplomatie 2025 au service de la m\u00e9diation africaine"}]},{"@type":"WebSite","@id":"https:\/\/lavoixdelanation.tg\/#website","url":"https:\/\/lavoixdelanation.tg\/","name":"La Voix de la Nation","description":"R\u00e9c\u00e9piss\u00e9 n\u00b00108\/HAAC\/01-2024\/pl\/P","publisher":{"@id":"https:\/\/lavoixdelanation.tg\/#organization"},"alternateName":"VON","potentialAction":[{"@type":"SearchAction","target":{"@type":"EntryPoint","urlTemplate":"https:\/\/lavoixdelanation.tg\/?s={search_term_string}"},"query-input":{"@type":"PropertyValueSpecification","valueRequired":true,"valueName":"search_term_string"}}],"inLanguage":"fr-FR"},{"@type":"Organization","@id":"https:\/\/lavoixdelanation.tg\/#organization","name":"La Voix de la Nation","url":"https:\/\/lavoixdelanation.tg\/","logo":{"@type":"ImageObject","inLanguage":"fr-FR","@id":"https:\/\/lavoixdelanation.tg\/#\/schema\/logo\/image\/","url":"https:\/\/lavoixdelanation.tg\/wp-content\/uploads\/2024\/12\/lavn-1.png","contentUrl":"https:\/\/lavoixdelanation.tg\/wp-content\/uploads\/2024\/12\/lavn-1.png","width":1024,"height":464,"caption":"La Voix de la Nation"},"image":{"@id":"https:\/\/lavoixdelanation.tg\/#\/schema\/logo\/image\/"},"sameAs":["https:\/\/www.facebook.com\/lavoixdelanation"]},{"@type":"Person","@id":"https:\/\/lavoixdelanation.tg\/#\/schema\/person\/6c489293aa38053673a9e554acb6e224","name":"La voix de la nation","image":{"@type":"ImageObject","inLanguage":"fr-FR","@id":"https:\/\/lavoixdelanation.tg\/#\/schema\/person\/image\/","url":"https:\/\/secure.gravatar.com\/avatar\/8aa135d4bbc794494cecaa8d483f6d6cc1023624868deaff686baed5e727a5a1?s=96&d=mm&r=g","contentUrl":"https:\/\/secure.gravatar.com\/avatar\/8aa135d4bbc794494cecaa8d483f6d6cc1023624868deaff686baed5e727a5a1?s=96&d=mm&r=g","caption":"La voix de la nation"},"sameAs":["https:\/\/lavoixdelanation.tg"],"url":"https:\/\/lavoixdelanation.tg\/index.php\/author\/lavn\/"}]}},"_links":{"self":[{"href":"https:\/\/lavoixdelanation.tg\/index.php\/wp-json\/wp\/v2\/posts\/15155","targetHints":{"allow":["GET"]}}],"collection":[{"href":"https:\/\/lavoixdelanation.tg\/index.php\/wp-json\/wp\/v2\/posts"}],"about":[{"href":"https:\/\/lavoixdelanation.tg\/index.php\/wp-json\/wp\/v2\/types\/post"}],"author":[{"embeddable":true,"href":"https:\/\/lavoixdelanation.tg\/index.php\/wp-json\/wp\/v2\/users\/1"}],"replies":[{"embeddable":true,"href":"https:\/\/lavoixdelanation.tg\/index.php\/wp-json\/wp\/v2\/comments?post=15155"}],"version-history":[{"count":1,"href":"https:\/\/lavoixdelanation.tg\/index.php\/wp-json\/wp\/v2\/posts\/15155\/revisions"}],"predecessor-version":[{"id":15157,"href":"https:\/\/lavoixdelanation.tg\/index.php\/wp-json\/wp\/v2\/posts\/15155\/revisions\/15157"}],"wp:featuredmedia":[{"embeddable":true,"href":"https:\/\/lavoixdelanation.tg\/index.php\/wp-json\/wp\/v2\/media\/15156"}],"wp:attachment":[{"href":"https:\/\/lavoixdelanation.tg\/index.php\/wp-json\/wp\/v2\/media?parent=15155"}],"wp:term":[{"taxonomy":"category","embeddable":true,"href":"https:\/\/lavoixdelanation.tg\/index.php\/wp-json\/wp\/v2\/categories?post=15155"},{"taxonomy":"post_tag","embeddable":true,"href":"https:\/\/lavoixdelanation.tg\/index.php\/wp-json\/wp\/v2\/tags?post=15155"}],"curies":[{"name":"wp","href":"https:\/\/api.w.org\/{rel}","templated":true}]}}