{"id":15143,"date":"2026-01-03T15:44:42","date_gmt":"2026-01-03T14:44:42","guid":{"rendered":"https:\/\/lavoixdelanation.tg\/?p=15143"},"modified":"2026-01-03T15:53:00","modified_gmt":"2026-01-03T14:53:00","slug":"probleme-deau-potable-les-explications-et-solutions-du-gouvernement","status":"publish","type":"post","link":"https:\/\/lavoixdelanation.tg\/index.php\/2026\/01\/03\/probleme-deau-potable-les-explications-et-solutions-du-gouvernement\/","title":{"rendered":"Probl\u00e8me d\u2019eau potable : Les explications et solutions du Gouvernement"},"content":{"rendered":"\n<p><strong>La probl\u00e9matique de l\u2019acc\u00e8s \u00e0 l\u2019eau potable dans la r\u00e9gion de la Kara, notamment dans les pr\u00e9fectures de la Kozah et de la Binah \u00e9tait au centre d\u2019une \u00ab&nbsp;question d\u2019actualit\u00e9&nbsp;\u00bb au gouvernement le mercredi 31 d\u00e9cembre 2025 \u00e0 l\u2019Assembl\u00e9e nationale.<\/strong><\/p>\n\n\n\n<p>Face aux d\u00e9put\u00e9s pour r\u00e9pondre \u00e0 la question pos\u00e9e par le d\u00e9put\u00e9 Adoyi Esso-Wavana Ahmed (Pr\u00e9sident de la commission agro-pastorale, de l\u2019am\u00e9nagement du territoire et du d\u00e9veloppement local), le ministre de l\u2019Am\u00e9nagement du territoire, de l\u2019Urbanisme et de l\u2019Habitat, Kodjo Sevon-T\u00e9p\u00e9 Ad\u00e9dz\u00e9 accompagn\u00e9 de de S\u00e9na Alipui, ministre d\u00e9l\u00e9gu\u00e9 aupr\u00e8s du ministre de l\u2019am\u00e9nagement du territoire charg\u00e9 de l\u2019eau et de l\u2019assainissement<\/p>\n\n\n\n<p>Cette question d\u2019actualit\u00e9 visait notamment \u00e0 obtenir des \u00e9claircissements sur les mesures concr\u00e8tes envisag\u00e9es par son minist\u00e8re \u00e0 court, moyen et long terme afin de r\u00e9soudre ce probl\u00e8me crucial et vital.<\/p>\n\n\n\n<p class=\"has-text-align-center\"><strong>Les explications du ministre ADEDZE<\/strong><\/p>\n\n\n\n<p>Pour ce qui concerne les difficult\u00e9s d\u2019approvisionnement en eau potable dans la r\u00e9gion de la Kara, le ministre a \u00e9voqu\u00e9 comme causes, les effets du changement climatique, marqu\u00e9s par une baisse significative de la pluviom\u00e9trie, ayant entra\u00een\u00e9 un faible remplissage du barrage de la Kozah, pass\u00e9 de 16,10 m\u00e8tres en octobre des ann\u00e9es pr\u00e9c\u00e9dentes \u00e0 7,80 m\u00e8tres en octobre 2025.<\/p>\n\n\n\n<p>Pour Kodjo Ad\u00e9dz\u00e9, cette situation s\u2019est traduite par une r\u00e9gression continue du niveau d\u2019eau, qui a atteint 5,30 m\u00e8tres au 25 d\u00e9cembre 2025. \u00c0 ce jour, le volume d\u2019eau disponible demeure faible, inf\u00e9rieur \u00e0 1 000 000 m\u00b3, pour couvrir les six mois de la p\u00e9riode s\u00e8che, alors que le besoin journalier r\u00e9el est estim\u00e9 \u00e0 22 000 m\u00b3.<\/p>\n\n\n\n<figure class=\"wp-block-image size-full\"><img loading=\"lazy\" decoding=\"async\" width=\"768\" height=\"459\" src=\"https:\/\/lavoixdelanation.tg\/wp-content\/uploads\/2026\/01\/Le-Ministre-Kodjo-Sevon-Tepe-Adedze-lors-de-ses-explications-devant-les-deputes.jpg\" alt=\"\" class=\"wp-image-15147\" srcset=\"https:\/\/lavoixdelanation.tg\/wp-content\/uploads\/2026\/01\/Le-Ministre-Kodjo-Sevon-Tepe-Adedze-lors-de-ses-explications-devant-les-deputes.jpg 768w, https:\/\/lavoixdelanation.tg\/wp-content\/uploads\/2026\/01\/Le-Ministre-Kodjo-Sevon-Tepe-Adedze-lors-de-ses-explications-devant-les-deputes-300x179.jpg 300w\" sizes=\"auto, (max-width: 768px) 100vw, 768px\" \/><\/figure>\n\n\n\n<p>Quant \u00e0 la r\u00e9gion des Savanes o\u00f9 le m\u00eame probl\u00e8me est constat\u00e9, le ministre Kodjo Sevon-T\u00e9p\u00e9 Ad\u00e9dz\u00e9 a pr\u00e9cis\u00e9 que \u00ab les difficult\u00e9s d\u2019approvisionnement en eau d\u00e9coulent du contexte ci-apr\u00e8s : les effets du ph\u00e9nom\u00e8ne de changement climatique sur l\u2019hydrologie de la rivi\u00e8re Oti avec une forte pression sur les ressources en eau exacerb\u00e9e par la s\u00e9cheresse; la capacit\u00e9 des syst\u00e8mes de forages existants insuffisante pour couvrir les besoins \u00bb.<\/p>\n\n\n\n<p class=\"has-text-align-center\"><strong>Les efforts de solution dans la Kara<\/strong><\/p>\n\n\n\n<p>Dans la Kara, ces contraintes ont conduit \u00e0 la mise en place d\u2019un comit\u00e9 de crise, charg\u00e9 d\u2019identifier et de mettre en \u0153uvre des solutions \u00e0 court terme, notamment la r\u00e9duction imm\u00e9diate des tensions d\u2019approvisionnement et la pr\u00e9paration d\u2019une gestion plus stable des ressources en eau.<\/p>\n\n\n\n<p>\u00c0 ces mesures s\u2019ajoutent la r\u00e9cup\u00e9ration de forages \u00e9quip\u00e9s de pompes \u00e0 motricit\u00e9 humaine pr\u00e9sentant des d\u00e9bits satisfaisants.<\/p>\n\n\n\n<p>\u00c0 cet effet, 50 forages PMH et PEA ont \u00e9t\u00e9 identifi\u00e9s, dont 17 d\u00e9j\u00e0 connect\u00e9s au r\u00e9seau de la TdE \u00e0 la date du 28 d\u00e9cembre 2025. Par ailleurs, 14 nouveaux forages ont \u00e9t\u00e9 r\u00e9alis\u00e9s et seront raccord\u00e9s, tandis qu\u2019une \u00e9quipe de la direction de la ma\u00eetrise d\u2019ouvrage a \u00e9t\u00e9 d\u00e9ploy\u00e9e dans les localit\u00e9s de Mango et de Kara pour proc\u00e9der \u00e0 de nouvelles implantations et \u00e0 la r\u00e9alisation de forages suppl\u00e9mentaires.<\/p>\n\n\n\n<figure class=\"wp-block-image size-full\"><img loading=\"lazy\" decoding=\"async\" width=\"900\" height=\"619\" src=\"https:\/\/lavoixdelanation.tg\/wp-content\/uploads\/2026\/01\/Les-ministres-Kodjo-Adedze-et-Sena-Alipui-a-lAssemblee-nationale.jpg\" alt=\"\" class=\"wp-image-15150\" srcset=\"https:\/\/lavoixdelanation.tg\/wp-content\/uploads\/2026\/01\/Les-ministres-Kodjo-Adedze-et-Sena-Alipui-a-lAssemblee-nationale.jpg 900w, https:\/\/lavoixdelanation.tg\/wp-content\/uploads\/2026\/01\/Les-ministres-Kodjo-Adedze-et-Sena-Alipui-a-lAssemblee-nationale-300x206.jpg 300w, https:\/\/lavoixdelanation.tg\/wp-content\/uploads\/2026\/01\/Les-ministres-Kodjo-Adedze-et-Sena-Alipui-a-lAssemblee-nationale-768x528.jpg 768w\" sizes=\"auto, (max-width: 900px) 100vw, 900px\" \/><\/figure>\n\n\n\n<p>Le renforcement des capacit\u00e9s de distribution, notamment par la mobilisation de camions-citernes, vise \u00e9galement pour sa part \u00e0 r\u00e9duire le d\u00e9ficit en eau potable dans les zones critiques.<\/p>\n\n\n\n<p>Le minist\u00e8re pr\u00e9voit \u00e0 long terme, de renforcer durablement l\u2019approvisionnement en eau dans la r\u00e9gion de la Kara. \u00c0 cet effet, le projet d\u2019alimentation en eau potable de Kara et de ses environs est actuellement en cours de mise en \u0153uvre, avec un financement du Fonds kowe\u00eftien \u00e0 hauteur de 12 milliards de FCFA et de la Banque islamique de d\u00e9veloppement \u00e0 hauteur de 13 milliards de FCFA.<\/p>\n\n\n\n<p>Par ailleurs, l\u2019\u00e9tude de faisabilit\u00e9 du barrage multi-usages de Sarakawa est \u00e9galement en cours et devrait permettre, \u00e0 terme, une production journali\u00e8re de 22 000 m\u00b3 d\u2019eau.<\/p>\n\n\n\n<p class=\"has-text-align-center\"><strong>Les solutions envisag\u00e9es dans les savanes<\/strong><\/p>\n\n\n\n<p>\u00c0 court terme, les actions engag\u00e9es pour apporter des r\u00e9ponses dans cette r\u00e9gion du nord du pays portent principalement sur le renforcement rapide des capacit\u00e9s de production.<\/p>\n\n\n\n<p>\u00c0 ce titre, la r\u00e9alisation de nouveaux forages figure parmi les priorit\u00e9s, avec le d\u00e9ploiement en cours d\u2019une \u00e9quipe technique dans la localit\u00e9 de Mango.<\/p>\n\n\n\n<p>Par ailleurs, le gouvernement a lanc\u00e9 les travaux de desserte en eau potable des bases militaires dans la r\u00e9gion des Savanes. Ce programme concerne 32 bases, dont 9 forages sont d\u00e9j\u00e0 r\u00e9alis\u00e9s sur les 32 programm\u00e9s. Selon le ministre, l\u2019ensemble des forages devrait \u00eatre achev\u00e9 d\u2019ici la fin du mois de janvier 2026.<\/p>\n\n\n\n<p>\u00c0 moyen et long terme, les mesures annonc\u00e9es s\u2019inscrivent dans une logique de renforcement structurel et durable de l\u2019approvisionnement en eau potable.<\/p>\n\n\n\n<p>Il s\u2019agit notamment de l\u2019ex\u00e9cution du projet d\u2019urgence de renforcement de l\u2019alimentation en eau potable des villes de Mango et de Dapaong, pour un co\u00fbt pr\u00e9visionnel de 4,7 milliards de FCFA, \u00e0 mobiliser par l\u2019\u00c9tat avec l\u2019appui de ses partenaires.<\/p>\n\n\n\n<p>Le ministre a \u00e9galement apport\u00e9 des \u00e9clairages sur la m\u00eame situation qui pr\u00e9vaut dans certaines localit\u00e9s du Grand-Lom\u00e9.<\/p>\n\n\n\n<figure class=\"wp-block-image size-full\"><img loading=\"lazy\" decoding=\"async\" width=\"800\" height=\"543\" src=\"https:\/\/lavoixdelanation.tg\/wp-content\/uploads\/2026\/01\/Le-Ministre-delegue-Sena-Alipui-cravate-rouge-lors-de-ses-explications.jpg\" alt=\"\" class=\"wp-image-15153\" srcset=\"https:\/\/lavoixdelanation.tg\/wp-content\/uploads\/2026\/01\/Le-Ministre-delegue-Sena-Alipui-cravate-rouge-lors-de-ses-explications.jpg 800w, https:\/\/lavoixdelanation.tg\/wp-content\/uploads\/2026\/01\/Le-Ministre-delegue-Sena-Alipui-cravate-rouge-lors-de-ses-explications-300x204.jpg 300w, https:\/\/lavoixdelanation.tg\/wp-content\/uploads\/2026\/01\/Le-Ministre-delegue-Sena-Alipui-cravate-rouge-lors-de-ses-explications-768x521.jpg 768w\" sizes=\"auto, (max-width: 800px) 100vw, 800px\" \/><figcaption class=\"wp-element-caption\"><em>Le Ministre d\u00e9l\u00e9gu\u00e9 S\u00e9na Alipui (cravate rouge) lors de ses explications<\/em><\/figcaption><\/figure>\n\n\n\n<p>Le ministre a \u00e9galement indiqu\u00e9 la poursuite des travaux du projet \u00ab PND Eau \u00bb, financ\u00e9 par l\u2019Agence fran\u00e7aise de d\u00e9veloppement et la Banque europ\u00e9enne d\u2019investissement. Ce projet vise l\u2019alimentation en eau potable des villes de Dapaong, Cinkass\u00e9, Tandjoar\u00e9, Gando, Mandouri, Bombouaka, Korbongou et de leurs environs, pour un co\u00fbt global estim\u00e9 \u00e0 environ 20 milliards de FCFA.<\/p>\n\n\n\n<p>Dans le cadre de la phase 2 du projet \u00ab PND Eau \u00bb, le gouvernement pr\u00e9voit la mise en \u0153uvre d\u2019un projet d\u2019extension du r\u00e9seau d\u2019adduction et de distribution d\u2019eau potable, assorti de la construction d\u2019une nouvelle station de traitement pour la ville de Mango.<\/p>\n\n\n\n<p class=\"has-text-align-center\"><strong>Cas du Grand Lom\u00e9<\/strong><\/p>\n\n\n\n<p>Pour ce qui concerne la r\u00e9gion du Grand-Lom\u00e9, le ministre de l\u2019Am\u00e9nagement du territoire, de l\u2019Urbanisme et de l\u2019Habitat a indiqu\u00e9 que l\u2019objectif poursuivi est d\u2019assurer un approvisionnement durable en eau potable pour la ville de Lom\u00e9, \u00e0 travers une combinaison d\u2019approches compl\u00e9mentaires.<\/p>\n\n\n\n<p>Cette strat\u00e9gie repose notamment sur la r\u00e9habilitation des infrastructures existantes, pour un co\u00fbt estim\u00e9 \u00e0 12 milliards de FCFA, ainsi que sur le renforcement de la capacit\u00e9 de production par la mobilisation conjointe des eaux de surface, \u00e0 partir des barrages et des prises en rivi\u00e8re, et des eaux souterraines, \u00e0 travers la r\u00e9alisation de forages.<\/p>\n\n\n\n<p>Au rang des actions prioritaires engag\u00e9es, le ministre a cit\u00e9 la r\u00e9habilitation des forages existants et la construction de nouvelles infrastructures dans le cadre du \u00ab Projet d\u2019am\u00e9lioration de la s\u00e9curit\u00e9 hydrique en milieu urbain \u00bb, actuellement en cours d\u2019ex\u00e9cution. \u00c0 ce titre, neuf nouveaux forages sont pr\u00e9vus, tandis que quinze anciens forages feront l\u2019objet de travaux de r\u00e9habilitation. Les march\u00e9s relatifs \u00e0 ce projet, d\u00e9nomm\u00e9 PASH-MUT, sont en cours de passation.<\/p>\n\n\n\n<p>Par ailleurs, le gouvernement envisage \u00e9galement la mobilisation des eaux souterraines du champ captant situ\u00e9 au nord et \u00e0 l\u2019est du lac Togo, dans le champ captant Est de la pr\u00e9fecture de Vo. Les estimations de production, \u00e9tablies en 2025, oscillent entre 40 000 et 100 000 m\u00b3 par jour, pour un co\u00fbt pr\u00e9visionnel de r\u00e9alisation compris entre 70 et 120 milliards de FCFA.<\/p>\n\n\n\n<p>En compl\u00e9ment, la mobilisation des eaux de surface \u00e0 partir de la rivi\u00e8re Zio et du fleuve Mono figure \u00e9galement parmi les options retenues pour renforcer durablement l\u2019alimentation en eau potable du Grand-Lom\u00e9.<\/p>\n\n\n\n<p>A travers son Pr\u00e9sident Prof. Komi Selom Klassou, l\u2019Assembl\u00e9e nationale a exhort\u00e9 le ministre \u00e0 acc\u00e9l\u00e9rer la mise en \u0153uvre des mesures d\u2019urgence afin de r\u00e9soudre rapidement le probl\u00e8me dans les r\u00e9gions concern\u00e9es et au-del\u00e0.<\/p>\n\n\n\n<p>Cette s\u00e9ance de la \u00ab&nbsp;question d\u2019actualit\u00e9&nbsp;\u00bb au gouvernement, a \u00e9t\u00e9 organis\u00e9e conform\u00e9ment aux dispositions de l\u2019article 16 de la Constitution de la Ve R\u00e9publique et de l\u2019article 112 du R\u00e8glement int\u00e9rieur de l\u2019Assembl\u00e9e nationale.<\/p>\n\n\n\n<p><strong>La R\u00e9daction<\/strong><strong><\/strong><\/p>\n\n\n\n<p><\/p>\n","protected":false},"excerpt":{"rendered":"<p>La probl\u00e9matique de l\u2019acc\u00e8s \u00e0 l\u2019eau potable dans la r\u00e9gion de la Kara, notamment dans les pr\u00e9fectures de la Kozah et de la Binah \u00e9tait au centre d\u2019une \u00ab&nbsp;question d\u2019actualit\u00e9&nbsp;\u00bb&hellip; <\/p>\n","protected":false},"author":1,"featured_media":15144,"comment_status":"open","ping_status":"closed","sticky":false,"template":"","format":"standard","meta":{"footnotes":""},"categories":[29],"tags":[167,384,1196,1154,39],"class_list":["post-15143","post","type-post","status-publish","format-standard","has-post-thumbnail","hentry","category-societe","tag-eau-potable","tag-grand-lome","tag-kodjo-sevon-tepe-adedze","tag-region-de-la-kara","tag-togo"],"yoast_head":"<!-- This site is optimized with the Yoast SEO plugin v26.4 - https:\/\/yoast.com\/wordpress\/plugins\/seo\/ -->\n<title>Probl\u00e8me d\u2019eau potable : Les explications et solutions du Gouvernement - La Voix de la Nation<\/title>\n<meta name=\"robots\" content=\"index, follow, max-snippet:-1, max-image-preview:large, max-video-preview:-1\" \/>\n<link rel=\"canonical\" href=\"https:\/\/lavoixdelanation.tg\/index.php\/2026\/01\/03\/probleme-deau-potable-les-explications-et-solutions-du-gouvernement\/\" \/>\n<meta property=\"og:locale\" content=\"fr_FR\" \/>\n<meta property=\"og:type\" content=\"article\" \/>\n<meta property=\"og:title\" content=\"Probl\u00e8me d\u2019eau potable : Les explications et solutions du Gouvernement - La Voix de la Nation\" \/>\n<meta property=\"og:description\" content=\"La probl\u00e9matique de l\u2019acc\u00e8s \u00e0 l\u2019eau potable dans la r\u00e9gion de la Kara, notamment dans les pr\u00e9fectures de la Kozah et de la Binah \u00e9tait au centre d\u2019une \u00ab&nbsp;question d\u2019actualit\u00e9&nbsp;\u00bb&hellip;\" \/>\n<meta property=\"og:url\" content=\"https:\/\/lavoixdelanation.tg\/index.php\/2026\/01\/03\/probleme-deau-potable-les-explications-et-solutions-du-gouvernement\/\" \/>\n<meta property=\"og:site_name\" content=\"La Voix de la Nation\" \/>\n<meta property=\"article:publisher\" content=\"https:\/\/www.facebook.com\/lavoixdelanation\" \/>\n<meta property=\"article:published_time\" content=\"2026-01-03T14:44:42+00:00\" \/>\n<meta property=\"article:modified_time\" content=\"2026-01-03T14:53:00+00:00\" \/>\n<meta property=\"og:image\" content=\"https:\/\/lavoixdelanation.tg\/wp-content\/uploads\/2026\/01\/Le-Ministre-Kodjo-Sevon-Tepe-Adedze-lors-de-ses-explications.jpg\" \/>\n\t<meta property=\"og:image:width\" content=\"800\" \/>\n\t<meta property=\"og:image:height\" content=\"567\" \/>\n\t<meta property=\"og:image:type\" content=\"image\/jpeg\" \/>\n<meta name=\"author\" content=\"La voix de la nation\" \/>\n<meta name=\"twitter:card\" content=\"summary_large_image\" \/>\n<meta name=\"twitter:label1\" content=\"\u00c9crit par\" \/>\n\t<meta name=\"twitter:data1\" content=\"La voix de la nation\" \/>\n\t<meta name=\"twitter:label2\" content=\"Dur\u00e9e de lecture estim\u00e9e\" \/>\n\t<meta name=\"twitter:data2\" content=\"8 minutes\" \/>\n<script type=\"application\/ld+json\" class=\"yoast-schema-graph\">{\"@context\":\"https:\/\/schema.org\",\"@graph\":[{\"@type\":\"Article\",\"@id\":\"https:\/\/lavoixdelanation.tg\/index.php\/2026\/01\/03\/probleme-deau-potable-les-explications-et-solutions-du-gouvernement\/#article\",\"isPartOf\":{\"@id\":\"https:\/\/lavoixdelanation.tg\/index.php\/2026\/01\/03\/probleme-deau-potable-les-explications-et-solutions-du-gouvernement\/\"},\"author\":{\"name\":\"La voix de la nation\",\"@id\":\"https:\/\/lavoixdelanation.tg\/#\/schema\/person\/6c489293aa38053673a9e554acb6e224\"},\"headline\":\"Probl\u00e8me d\u2019eau potable : Les explications et solutions du Gouvernement\",\"datePublished\":\"2026-01-03T14:44:42+00:00\",\"dateModified\":\"2026-01-03T14:53:00+00:00\",\"mainEntityOfPage\":{\"@id\":\"https:\/\/lavoixdelanation.tg\/index.php\/2026\/01\/03\/probleme-deau-potable-les-explications-et-solutions-du-gouvernement\/\"},\"wordCount\":1396,\"commentCount\":0,\"publisher\":{\"@id\":\"https:\/\/lavoixdelanation.tg\/#organization\"},\"image\":{\"@id\":\"https:\/\/lavoixdelanation.tg\/index.php\/2026\/01\/03\/probleme-deau-potable-les-explications-et-solutions-du-gouvernement\/#primaryimage\"},\"thumbnailUrl\":\"https:\/\/lavoixdelanation.tg\/wp-content\/uploads\/2026\/01\/Le-Ministre-Kodjo-Sevon-Tepe-Adedze-lors-de-ses-explications.jpg\",\"keywords\":[\"Eau potable\",\"Grand Lom\u00e9\",\"Kodjo Sevon-T\u00e9p\u00e9 Ad\u00e9dz\u00e9\",\"R\u00e9gion de la Kara\",\"Togo\"],\"articleSection\":[\"Soci\u00e9t\u00e9\"],\"inLanguage\":\"fr-FR\",\"potentialAction\":[{\"@type\":\"CommentAction\",\"name\":\"Comment\",\"target\":[\"https:\/\/lavoixdelanation.tg\/index.php\/2026\/01\/03\/probleme-deau-potable-les-explications-et-solutions-du-gouvernement\/#respond\"]}]},{\"@type\":\"WebPage\",\"@id\":\"https:\/\/lavoixdelanation.tg\/index.php\/2026\/01\/03\/probleme-deau-potable-les-explications-et-solutions-du-gouvernement\/\",\"url\":\"https:\/\/lavoixdelanation.tg\/index.php\/2026\/01\/03\/probleme-deau-potable-les-explications-et-solutions-du-gouvernement\/\",\"name\":\"Probl\u00e8me d\u2019eau potable : Les explications et solutions du Gouvernement - La Voix de la Nation\",\"isPartOf\":{\"@id\":\"https:\/\/lavoixdelanation.tg\/#website\"},\"primaryImageOfPage\":{\"@id\":\"https:\/\/lavoixdelanation.tg\/index.php\/2026\/01\/03\/probleme-deau-potable-les-explications-et-solutions-du-gouvernement\/#primaryimage\"},\"image\":{\"@id\":\"https:\/\/lavoixdelanation.tg\/index.php\/2026\/01\/03\/probleme-deau-potable-les-explications-et-solutions-du-gouvernement\/#primaryimage\"},\"thumbnailUrl\":\"https:\/\/lavoixdelanation.tg\/wp-content\/uploads\/2026\/01\/Le-Ministre-Kodjo-Sevon-Tepe-Adedze-lors-de-ses-explications.jpg\",\"datePublished\":\"2026-01-03T14:44:42+00:00\",\"dateModified\":\"2026-01-03T14:53:00+00:00\",\"breadcrumb\":{\"@id\":\"https:\/\/lavoixdelanation.tg\/index.php\/2026\/01\/03\/probleme-deau-potable-les-explications-et-solutions-du-gouvernement\/#breadcrumb\"},\"inLanguage\":\"fr-FR\",\"potentialAction\":[{\"@type\":\"ReadAction\",\"target\":[\"https:\/\/lavoixdelanation.tg\/index.php\/2026\/01\/03\/probleme-deau-potable-les-explications-et-solutions-du-gouvernement\/\"]}]},{\"@type\":\"ImageObject\",\"inLanguage\":\"fr-FR\",\"@id\":\"https:\/\/lavoixdelanation.tg\/index.php\/2026\/01\/03\/probleme-deau-potable-les-explications-et-solutions-du-gouvernement\/#primaryimage\",\"url\":\"https:\/\/lavoixdelanation.tg\/wp-content\/uploads\/2026\/01\/Le-Ministre-Kodjo-Sevon-Tepe-Adedze-lors-de-ses-explications.jpg\",\"contentUrl\":\"https:\/\/lavoixdelanation.tg\/wp-content\/uploads\/2026\/01\/Le-Ministre-Kodjo-Sevon-Tepe-Adedze-lors-de-ses-explications.jpg\",\"width\":800,\"height\":567,\"caption\":\"Le Ministre Kodjo Sevon-T\u00e9p\u00e9 Ad\u00e9dz\u00e9 lors de ses explications\"},{\"@type\":\"BreadcrumbList\",\"@id\":\"https:\/\/lavoixdelanation.tg\/index.php\/2026\/01\/03\/probleme-deau-potable-les-explications-et-solutions-du-gouvernement\/#breadcrumb\",\"itemListElement\":[{\"@type\":\"ListItem\",\"position\":1,\"name\":\"Accueil\",\"item\":\"https:\/\/lavoixdelanation.tg\/\"},{\"@type\":\"ListItem\",\"position\":2,\"name\":\"Probl\u00e8me d\u2019eau potable : Les explications et solutions du Gouvernement\"}]},{\"@type\":\"WebSite\",\"@id\":\"https:\/\/lavoixdelanation.tg\/#website\",\"url\":\"https:\/\/lavoixdelanation.tg\/\",\"name\":\"La Voix de la Nation\",\"description\":\"R\u00e9c\u00e9piss\u00e9 n\u00b00108\/HAAC\/01-2024\/pl\/P\",\"publisher\":{\"@id\":\"https:\/\/lavoixdelanation.tg\/#organization\"},\"alternateName\":\"VON\",\"potentialAction\":[{\"@type\":\"SearchAction\",\"target\":{\"@type\":\"EntryPoint\",\"urlTemplate\":\"https:\/\/lavoixdelanation.tg\/?s={search_term_string}\"},\"query-input\":{\"@type\":\"PropertyValueSpecification\",\"valueRequired\":true,\"valueName\":\"search_term_string\"}}],\"inLanguage\":\"fr-FR\"},{\"@type\":\"Organization\",\"@id\":\"https:\/\/lavoixdelanation.tg\/#organization\",\"name\":\"La Voix de la Nation\",\"url\":\"https:\/\/lavoixdelanation.tg\/\",\"logo\":{\"@type\":\"ImageObject\",\"inLanguage\":\"fr-FR\",\"@id\":\"https:\/\/lavoixdelanation.tg\/#\/schema\/logo\/image\/\",\"url\":\"https:\/\/lavoixdelanation.tg\/wp-content\/uploads\/2024\/12\/lavn-1.png\",\"contentUrl\":\"https:\/\/lavoixdelanation.tg\/wp-content\/uploads\/2024\/12\/lavn-1.png\",\"width\":1024,\"height\":464,\"caption\":\"La Voix de la Nation\"},\"image\":{\"@id\":\"https:\/\/lavoixdelanation.tg\/#\/schema\/logo\/image\/\"},\"sameAs\":[\"https:\/\/www.facebook.com\/lavoixdelanation\"]},{\"@type\":\"Person\",\"@id\":\"https:\/\/lavoixdelanation.tg\/#\/schema\/person\/6c489293aa38053673a9e554acb6e224\",\"name\":\"La voix de la nation\",\"image\":{\"@type\":\"ImageObject\",\"inLanguage\":\"fr-FR\",\"@id\":\"https:\/\/lavoixdelanation.tg\/#\/schema\/person\/image\/\",\"url\":\"https:\/\/secure.gravatar.com\/avatar\/8aa135d4bbc794494cecaa8d483f6d6cc1023624868deaff686baed5e727a5a1?s=96&d=mm&r=g\",\"contentUrl\":\"https:\/\/secure.gravatar.com\/avatar\/8aa135d4bbc794494cecaa8d483f6d6cc1023624868deaff686baed5e727a5a1?s=96&d=mm&r=g\",\"caption\":\"La voix de la nation\"},\"sameAs\":[\"https:\/\/lavoixdelanation.tg\"],\"url\":\"https:\/\/lavoixdelanation.tg\/index.php\/author\/lavn\/\"}]}<\/script>\n<!-- \/ Yoast SEO plugin. -->","yoast_head_json":{"title":"Probl\u00e8me d\u2019eau potable : Les explications et solutions du Gouvernement - La Voix de la Nation","robots":{"index":"index","follow":"follow","max-snippet":"max-snippet:-1","max-image-preview":"max-image-preview:large","max-video-preview":"max-video-preview:-1"},"canonical":"https:\/\/lavoixdelanation.tg\/index.php\/2026\/01\/03\/probleme-deau-potable-les-explications-et-solutions-du-gouvernement\/","og_locale":"fr_FR","og_type":"article","og_title":"Probl\u00e8me d\u2019eau potable : Les explications et solutions du Gouvernement - La Voix de la Nation","og_description":"La probl\u00e9matique de l\u2019acc\u00e8s \u00e0 l\u2019eau potable dans la r\u00e9gion de la Kara, notamment dans les pr\u00e9fectures de la Kozah et de la Binah \u00e9tait au centre d\u2019une \u00ab&nbsp;question d\u2019actualit\u00e9&nbsp;\u00bb&hellip;","og_url":"https:\/\/lavoixdelanation.tg\/index.php\/2026\/01\/03\/probleme-deau-potable-les-explications-et-solutions-du-gouvernement\/","og_site_name":"La Voix de la Nation","article_publisher":"https:\/\/www.facebook.com\/lavoixdelanation","article_published_time":"2026-01-03T14:44:42+00:00","article_modified_time":"2026-01-03T14:53:00+00:00","og_image":[{"width":800,"height":567,"url":"https:\/\/lavoixdelanation.tg\/wp-content\/uploads\/2026\/01\/Le-Ministre-Kodjo-Sevon-Tepe-Adedze-lors-de-ses-explications.jpg","type":"image\/jpeg"}],"author":"La voix de la nation","twitter_card":"summary_large_image","twitter_misc":{"\u00c9crit par":"La voix de la nation","Dur\u00e9e de lecture estim\u00e9e":"8 minutes"},"schema":{"@context":"https:\/\/schema.org","@graph":[{"@type":"Article","@id":"https:\/\/lavoixdelanation.tg\/index.php\/2026\/01\/03\/probleme-deau-potable-les-explications-et-solutions-du-gouvernement\/#article","isPartOf":{"@id":"https:\/\/lavoixdelanation.tg\/index.php\/2026\/01\/03\/probleme-deau-potable-les-explications-et-solutions-du-gouvernement\/"},"author":{"name":"La voix de la nation","@id":"https:\/\/lavoixdelanation.tg\/#\/schema\/person\/6c489293aa38053673a9e554acb6e224"},"headline":"Probl\u00e8me d\u2019eau potable : Les explications et solutions du Gouvernement","datePublished":"2026-01-03T14:44:42+00:00","dateModified":"2026-01-03T14:53:00+00:00","mainEntityOfPage":{"@id":"https:\/\/lavoixdelanation.tg\/index.php\/2026\/01\/03\/probleme-deau-potable-les-explications-et-solutions-du-gouvernement\/"},"wordCount":1396,"commentCount":0,"publisher":{"@id":"https:\/\/lavoixdelanation.tg\/#organization"},"image":{"@id":"https:\/\/lavoixdelanation.tg\/index.php\/2026\/01\/03\/probleme-deau-potable-les-explications-et-solutions-du-gouvernement\/#primaryimage"},"thumbnailUrl":"https:\/\/lavoixdelanation.tg\/wp-content\/uploads\/2026\/01\/Le-Ministre-Kodjo-Sevon-Tepe-Adedze-lors-de-ses-explications.jpg","keywords":["Eau potable","Grand Lom\u00e9","Kodjo Sevon-T\u00e9p\u00e9 Ad\u00e9dz\u00e9","R\u00e9gion de la Kara","Togo"],"articleSection":["Soci\u00e9t\u00e9"],"inLanguage":"fr-FR","potentialAction":[{"@type":"CommentAction","name":"Comment","target":["https:\/\/lavoixdelanation.tg\/index.php\/2026\/01\/03\/probleme-deau-potable-les-explications-et-solutions-du-gouvernement\/#respond"]}]},{"@type":"WebPage","@id":"https:\/\/lavoixdelanation.tg\/index.php\/2026\/01\/03\/probleme-deau-potable-les-explications-et-solutions-du-gouvernement\/","url":"https:\/\/lavoixdelanation.tg\/index.php\/2026\/01\/03\/probleme-deau-potable-les-explications-et-solutions-du-gouvernement\/","name":"Probl\u00e8me d\u2019eau potable : Les explications et solutions du Gouvernement - La Voix de la Nation","isPartOf":{"@id":"https:\/\/lavoixdelanation.tg\/#website"},"primaryImageOfPage":{"@id":"https:\/\/lavoixdelanation.tg\/index.php\/2026\/01\/03\/probleme-deau-potable-les-explications-et-solutions-du-gouvernement\/#primaryimage"},"image":{"@id":"https:\/\/lavoixdelanation.tg\/index.php\/2026\/01\/03\/probleme-deau-potable-les-explications-et-solutions-du-gouvernement\/#primaryimage"},"thumbnailUrl":"https:\/\/lavoixdelanation.tg\/wp-content\/uploads\/2026\/01\/Le-Ministre-Kodjo-Sevon-Tepe-Adedze-lors-de-ses-explications.jpg","datePublished":"2026-01-03T14:44:42+00:00","dateModified":"2026-01-03T14:53:00+00:00","breadcrumb":{"@id":"https:\/\/lavoixdelanation.tg\/index.php\/2026\/01\/03\/probleme-deau-potable-les-explications-et-solutions-du-gouvernement\/#breadcrumb"},"inLanguage":"fr-FR","potentialAction":[{"@type":"ReadAction","target":["https:\/\/lavoixdelanation.tg\/index.php\/2026\/01\/03\/probleme-deau-potable-les-explications-et-solutions-du-gouvernement\/"]}]},{"@type":"ImageObject","inLanguage":"fr-FR","@id":"https:\/\/lavoixdelanation.tg\/index.php\/2026\/01\/03\/probleme-deau-potable-les-explications-et-solutions-du-gouvernement\/#primaryimage","url":"https:\/\/lavoixdelanation.tg\/wp-content\/uploads\/2026\/01\/Le-Ministre-Kodjo-Sevon-Tepe-Adedze-lors-de-ses-explications.jpg","contentUrl":"https:\/\/lavoixdelanation.tg\/wp-content\/uploads\/2026\/01\/Le-Ministre-Kodjo-Sevon-Tepe-Adedze-lors-de-ses-explications.jpg","width":800,"height":567,"caption":"Le Ministre Kodjo Sevon-T\u00e9p\u00e9 Ad\u00e9dz\u00e9 lors de ses explications"},{"@type":"BreadcrumbList","@id":"https:\/\/lavoixdelanation.tg\/index.php\/2026\/01\/03\/probleme-deau-potable-les-explications-et-solutions-du-gouvernement\/#breadcrumb","itemListElement":[{"@type":"ListItem","position":1,"name":"Accueil","item":"https:\/\/lavoixdelanation.tg\/"},{"@type":"ListItem","position":2,"name":"Probl\u00e8me d\u2019eau potable : Les explications et solutions du Gouvernement"}]},{"@type":"WebSite","@id":"https:\/\/lavoixdelanation.tg\/#website","url":"https:\/\/lavoixdelanation.tg\/","name":"La Voix de la Nation","description":"R\u00e9c\u00e9piss\u00e9 n\u00b00108\/HAAC\/01-2024\/pl\/P","publisher":{"@id":"https:\/\/lavoixdelanation.tg\/#organization"},"alternateName":"VON","potentialAction":[{"@type":"SearchAction","target":{"@type":"EntryPoint","urlTemplate":"https:\/\/lavoixdelanation.tg\/?s={search_term_string}"},"query-input":{"@type":"PropertyValueSpecification","valueRequired":true,"valueName":"search_term_string"}}],"inLanguage":"fr-FR"},{"@type":"Organization","@id":"https:\/\/lavoixdelanation.tg\/#organization","name":"La Voix de la Nation","url":"https:\/\/lavoixdelanation.tg\/","logo":{"@type":"ImageObject","inLanguage":"fr-FR","@id":"https:\/\/lavoixdelanation.tg\/#\/schema\/logo\/image\/","url":"https:\/\/lavoixdelanation.tg\/wp-content\/uploads\/2024\/12\/lavn-1.png","contentUrl":"https:\/\/lavoixdelanation.tg\/wp-content\/uploads\/2024\/12\/lavn-1.png","width":1024,"height":464,"caption":"La Voix de la Nation"},"image":{"@id":"https:\/\/lavoixdelanation.tg\/#\/schema\/logo\/image\/"},"sameAs":["https:\/\/www.facebook.com\/lavoixdelanation"]},{"@type":"Person","@id":"https:\/\/lavoixdelanation.tg\/#\/schema\/person\/6c489293aa38053673a9e554acb6e224","name":"La voix de la nation","image":{"@type":"ImageObject","inLanguage":"fr-FR","@id":"https:\/\/lavoixdelanation.tg\/#\/schema\/person\/image\/","url":"https:\/\/secure.gravatar.com\/avatar\/8aa135d4bbc794494cecaa8d483f6d6cc1023624868deaff686baed5e727a5a1?s=96&d=mm&r=g","contentUrl":"https:\/\/secure.gravatar.com\/avatar\/8aa135d4bbc794494cecaa8d483f6d6cc1023624868deaff686baed5e727a5a1?s=96&d=mm&r=g","caption":"La voix de la nation"},"sameAs":["https:\/\/lavoixdelanation.tg"],"url":"https:\/\/lavoixdelanation.tg\/index.php\/author\/lavn\/"}]}},"_links":{"self":[{"href":"https:\/\/lavoixdelanation.tg\/index.php\/wp-json\/wp\/v2\/posts\/15143","targetHints":{"allow":["GET"]}}],"collection":[{"href":"https:\/\/lavoixdelanation.tg\/index.php\/wp-json\/wp\/v2\/posts"}],"about":[{"href":"https:\/\/lavoixdelanation.tg\/index.php\/wp-json\/wp\/v2\/types\/post"}],"author":[{"embeddable":true,"href":"https:\/\/lavoixdelanation.tg\/index.php\/wp-json\/wp\/v2\/users\/1"}],"replies":[{"embeddable":true,"href":"https:\/\/lavoixdelanation.tg\/index.php\/wp-json\/wp\/v2\/comments?post=15143"}],"version-history":[{"count":4,"href":"https:\/\/lavoixdelanation.tg\/index.php\/wp-json\/wp\/v2\/posts\/15143\/revisions"}],"predecessor-version":[{"id":15154,"href":"https:\/\/lavoixdelanation.tg\/index.php\/wp-json\/wp\/v2\/posts\/15143\/revisions\/15154"}],"wp:featuredmedia":[{"embeddable":true,"href":"https:\/\/lavoixdelanation.tg\/index.php\/wp-json\/wp\/v2\/media\/15144"}],"wp:attachment":[{"href":"https:\/\/lavoixdelanation.tg\/index.php\/wp-json\/wp\/v2\/media?parent=15143"}],"wp:term":[{"taxonomy":"category","embeddable":true,"href":"https:\/\/lavoixdelanation.tg\/index.php\/wp-json\/wp\/v2\/categories?post=15143"},{"taxonomy":"post_tag","embeddable":true,"href":"https:\/\/lavoixdelanation.tg\/index.php\/wp-json\/wp\/v2\/tags?post=15143"}],"curies":[{"name":"wp","href":"https:\/\/api.w.org\/{rel}","templated":true}]}}