{"id":15060,"date":"2025-12-24T20:16:00","date_gmt":"2025-12-24T19:16:00","guid":{"rendered":"https:\/\/lavoixdelanation.tg\/?p=15060"},"modified":"2025-12-25T00:19:40","modified_gmt":"2025-12-24T23:19:40","slug":"togo-compte-rendu-du-conseil-des-ministres-du-24-decembre-2025","status":"publish","type":"post","link":"https:\/\/lavoixdelanation.tg\/index.php\/2025\/12\/24\/togo-compte-rendu-du-conseil-des-ministres-du-24-decembre-2025\/","title":{"rendered":"Togo\u00a0: Compte rendu du Conseil des Ministres du 24 d\u00e9cembre 2025"},"content":{"rendered":"\n<p>Le Conseil des ministres s\u2019est tenu ce mercredi 24 d\u00e9cembre 2025, sous la pr\u00e9sidence de Son Excellence Monsieur Faure Essozimna Gnassingb\u00e9, Pr\u00e9sident du Conseil. Au cours de cette s\u00e9ance, le Conseil a examin\u00e9 deux projets de loi et adopt\u00e9 deux d\u00e9crets.<\/p>\n\n\n\n<p><strong>1. Au titre des projets de loi<\/strong><\/p>\n\n\n\n<p><strong>1.1<\/strong>. Le Conseil des ministres a examin\u00e9 et adopt\u00e9 le projet de loi portant transfert des missions, du personnel et du patrimoine du Fonds d\u2019appui aux initiatives \u00e9conomiques des jeunes (FAIEJ) \u00e0 l\u2019Agence de d\u00e9veloppement des tr\u00e8s petites, petites et moyennes entreprises (ADTPME).<\/p>\n\n\n\n<p>Le texte s\u2019inscrit dans la r\u00e9forme R4 de la feuille de route gouvernementale 2020-2025 qui vise \u00e0 instituer une dynamique de rationalisation et d\u2019adaptation des m\u00e9canismes d\u2019accompagnement de l\u2019entrepreneuriat des jeunes, afin de les aligner sur les nouveaux outils et politiques publiques de promotion de l\u2019emploi et de l\u2019initiative priv\u00e9e.<\/p>\n\n\n\n<p>Cette \u00e9volution, qui rem\u00e9die par ailleurs \u00e0 la fragmentation observ\u00e9e du paysage institutionnel des structures d\u2019appui aux jeunes entrepreneurs, va permettre de renforcer la synergie et la compl\u00e9mentarit\u00e9 des interventions \u00e9tatiques dans ce domaine, en offrant davantage d\u2019agilit\u00e9 \u00e0 travers l\u2019op\u00e9rationnalisation d\u2019un guichet unique d\u00e9di\u00e9 aux tr\u00e8s petites, petites et moyennes entreprises et aux primo-entrepreneurs.<\/p>\n\n\n\n<p>Cr\u00e9\u00e9e par le d\u00e9cret n\u00b02022-084\/PR du 07 juillet 2022, l\u2019ADTPME est un guichet capable de structurer l\u2019offre d\u2019accompagnement entrepreneurial, de professionnaliser les acteurs de l\u2019\u00e9cosyst\u00e8me et d\u2019assurer un suivi-\u00e9valuation coh\u00e9rent des b\u00e9n\u00e9ficiaires.<\/p>\n\n\n\n<p><strong>1.2.<\/strong>&nbsp;Le Conseil des ministres a examin\u00e9 et adopt\u00e9 le projet de loi relatif \u00e0 la libert\u00e9 d\u2019association au Togo. Le texte vise \u00e0 actualiser le cadre juridique en vigueur, \u00e0 renforcer la s\u00e9curit\u00e9 juridique des associations et \u00e0 concilier l\u2019exercice effectif de la libert\u00e9 d\u2019association avec les exigences d\u2019ordre public, de s\u00e9curit\u00e9, de transparence et de responsabilit\u00e9.<\/p>\n\n\n\n<p>Il faut rappeler que la libert\u00e9 d\u2019association, droit fondamental reconnu par la Constitution togolaise, continuait, jusque-l\u00e0, d\u2019\u00eatre r\u00e9gie par la loi du 1er juillet 1901 dont l\u2019obsolescence des dispositions impose de proc\u00e9der \u00e0 une refonte du cadre juridique, notamment pour tenir compte du contexte institutionnel et des r\u00e9alit\u00e9s contemporaines.<\/p>\n\n\n\n<p>Apr\u00e8s son vote par la repr\u00e9sentation nationale, la loi sur la libert\u00e9 d\u2019association au Togo pourra voir ses dispositions pr\u00e9cis\u00e9es et compl\u00e9t\u00e9es par des textes r\u00e9glementaires afin d\u2019en arrimer l\u2019application \u00e0 la pratique administrative.<\/p>\n\n\n\n<p><strong>2. Au titre des d\u00e9crets<\/strong><\/p>\n\n\n\n<p><strong>2.1<\/strong>. Le Conseil a adopt\u00e9 le d\u00e9cret portant approbation de la Politique nationale de la d\u00e9centralisation pour la p\u00e9riode 2025-2034.<\/p>\n\n\n\n<p>Cette politique constitue un cadre strat\u00e9gique de r\u00e9f\u00e9rence visant \u00e0 consolider la gouvernance locale, \u00e0 renforcer les capacit\u00e9s des collectivit\u00e9s territoriales et \u00e0 approfondir le processus de d\u00e9centralisation au service du d\u00e9veloppement local et de la participation citoyenne.<\/p>\n\n\n\n<p>La d\u00e9centralisation s\u2019est en effet impos\u00e9e comme une r\u00e9ponse efficiente aux d\u00e9fis de d\u00e9veloppement et de d\u00e9mocratisation, devenant un levier essentiel pour le renforcement de la gouvernance locale.<\/p>\n\n\n\n<p>Au fil de la mise en \u0153uvre de la feuille de route de la d\u00e9centralisation, il est apparu n\u00e9cessaire d\u2019actualiser la politique nationale en la mati\u00e8re, conform\u00e9ment aux recommandations de la cinqui\u00e8me r\u00e9union du conseil national de la d\u00e9centralisation tenue en novembre 2022.<\/p>\n\n\n\n<p>Le d\u00e9cret adopt\u00e9 par la Conseil des ministres vise \u00e0 b\u00e2tir un cadre juridique, institutionnel et financier permettant aux collectivit\u00e9s territoriales de jouer leur r\u00f4le, \u00e0 travers la promotion du d\u00e9veloppement local et d\u2019une offre de services publics locaux adapt\u00e9s aux attentes des populations.<\/p>\n\n\n\n<p><strong>2.2<\/strong>. Le Conseil a adopt\u00e9 le d\u00e9cret portant modalit\u00e9s d\u2019application de l\u2019ordonnance fixant les attributions, la composition, l\u2019organisation et le fonctionnement du Conseil \u00e9conomique, social et environnemental.<\/p>\n\n\n\n<p>Ce d\u00e9cret vise \u00e0 d\u00e9finir de mani\u00e8re op\u00e9rationnelle l\u2019organisation interne du Conseil \u00e9conomique, social et environnemental, ainsi que la r\u00e9partition par secteur de ses membres et les proc\u00e9dures de leur d\u00e9signation.<\/p>\n\n\n\n<p>Il permet d\u2019op\u00e9rationnaliser le cadre juridique de l\u2019institution afin de lui permettre de remplir pleinement sa mission consultative pour \u00e9clairer les choix publics dans ses domaines d\u2019intervention.<\/p>\n\n\n\n<p><strong>3. Au titre des nominations<\/strong><\/p>\n\n\n\n<p>Le conseil des ministres a proc\u00e9d\u00e9 \u00e0 des nominations au titre du minist\u00e8re de l\u2019environnement, des ressources foresti\u00e8res, de la protection c\u00f4ti\u00e8re et du changement climatique et du minist\u00e8re d\u00e9l\u00e9gu\u00e9 charg\u00e9 de l\u2019\u00e9nergie et des ressources mini\u00e8res.<\/p>\n\n\n\n<p>Au minist\u00e8re de l\u2019environnement, des ressources foresti\u00e8res, de la protection c\u00f4ti\u00e8re et du changement climatique : Monsieur NABEDE Pyabalo est nomm\u00e9 directeur de cabinet du ministre.<\/p>\n\n\n\n<p>Au minist\u00e8re d\u00e9l\u00e9gu\u00e9 charg\u00e9 de l\u2019\u00e9nergie et des ressources mini\u00e8res : Monsieur ALASSANI Fouss\u00e9ni est nomm\u00e9 directeur de cabinet du ministre d\u00e9l\u00e9gu\u00e9.<\/p>\n\n\n\n<p><strong>Fait \u00e0 Lom\u00e9, le 24 d\u00e9cembre 2025<\/strong><\/p>\n","protected":false},"excerpt":{"rendered":"<p>Le Conseil des ministres s\u2019est tenu ce mercredi 24 d\u00e9cembre 2025, sous la pr\u00e9sidence de Son Excellence Monsieur Faure Essozimna Gnassingb\u00e9, Pr\u00e9sident du Conseil. Au cours de cette s\u00e9ance, le&hellip; <\/p>\n","protected":false},"author":1,"featured_media":15061,"comment_status":"open","ping_status":"closed","sticky":false,"template":"","format":"standard","meta":{"footnotes":""},"categories":[21],"tags":[38,45,39],"class_list":["post-15060","post","type-post","status-publish","format-standard","has-post-thumbnail","hentry","category-politique","tag-conseil-des-ministres","tag-faure-gnassingbe","tag-togo"],"yoast_head":"<!-- This site is optimized with the Yoast SEO plugin v26.4 - https:\/\/yoast.com\/wordpress\/plugins\/seo\/ -->\n<title>Togo\u00a0: Compte rendu du Conseil des Ministres du 24 d\u00e9cembre 2025 - La Voix de la Nation<\/title>\n<meta name=\"robots\" content=\"index, follow, max-snippet:-1, max-image-preview:large, max-video-preview:-1\" \/>\n<link rel=\"canonical\" href=\"https:\/\/lavoixdelanation.tg\/index.php\/2025\/12\/24\/togo-compte-rendu-du-conseil-des-ministres-du-24-decembre-2025\/\" \/>\n<meta property=\"og:locale\" content=\"fr_FR\" \/>\n<meta property=\"og:type\" content=\"article\" \/>\n<meta property=\"og:title\" content=\"Togo\u00a0: Compte rendu du Conseil des Ministres du 24 d\u00e9cembre 2025 - La Voix de la Nation\" \/>\n<meta property=\"og:description\" content=\"Le Conseil des ministres s\u2019est tenu ce mercredi 24 d\u00e9cembre 2025, sous la pr\u00e9sidence de Son Excellence Monsieur Faure Essozimna Gnassingb\u00e9, Pr\u00e9sident du Conseil. Au cours de cette s\u00e9ance, le&hellip;\" \/>\n<meta property=\"og:url\" content=\"https:\/\/lavoixdelanation.tg\/index.php\/2025\/12\/24\/togo-compte-rendu-du-conseil-des-ministres-du-24-decembre-2025\/\" \/>\n<meta property=\"og:site_name\" content=\"La Voix de la Nation\" \/>\n<meta property=\"article:publisher\" content=\"https:\/\/www.facebook.com\/lavoixdelanation\" \/>\n<meta property=\"article:published_time\" content=\"2025-12-24T19:16:00+00:00\" \/>\n<meta property=\"article:modified_time\" content=\"2025-12-24T23:19:40+00:00\" \/>\n<meta property=\"og:image\" content=\"https:\/\/lavoixdelanation.tg\/wp-content\/uploads\/2025\/12\/Compte-rendu-du-Conseil-des-Ministres-du-24-decembre-2025-au-Togo.jpg\" \/>\n\t<meta property=\"og:image:width\" content=\"800\" \/>\n\t<meta property=\"og:image:height\" content=\"731\" \/>\n\t<meta property=\"og:image:type\" content=\"image\/jpeg\" \/>\n<meta name=\"author\" content=\"La voix de la nation\" \/>\n<meta name=\"twitter:card\" content=\"summary_large_image\" \/>\n<meta name=\"twitter:label1\" content=\"\u00c9crit par\" \/>\n\t<meta name=\"twitter:data1\" content=\"La voix de la nation\" \/>\n\t<meta name=\"twitter:label2\" content=\"Dur\u00e9e de lecture estim\u00e9e\" \/>\n\t<meta name=\"twitter:data2\" content=\"4 minutes\" \/>\n<script type=\"application\/ld+json\" class=\"yoast-schema-graph\">{\"@context\":\"https:\/\/schema.org\",\"@graph\":[{\"@type\":\"Article\",\"@id\":\"https:\/\/lavoixdelanation.tg\/index.php\/2025\/12\/24\/togo-compte-rendu-du-conseil-des-ministres-du-24-decembre-2025\/#article\",\"isPartOf\":{\"@id\":\"https:\/\/lavoixdelanation.tg\/index.php\/2025\/12\/24\/togo-compte-rendu-du-conseil-des-ministres-du-24-decembre-2025\/\"},\"author\":{\"name\":\"La voix de la nation\",\"@id\":\"https:\/\/lavoixdelanation.tg\/#\/schema\/person\/6c489293aa38053673a9e554acb6e224\"},\"headline\":\"Togo\u00a0: Compte rendu du Conseil des Ministres du 24 d\u00e9cembre 2025\",\"datePublished\":\"2025-12-24T19:16:00+00:00\",\"dateModified\":\"2025-12-24T23:19:40+00:00\",\"mainEntityOfPage\":{\"@id\":\"https:\/\/lavoixdelanation.tg\/index.php\/2025\/12\/24\/togo-compte-rendu-du-conseil-des-ministres-du-24-decembre-2025\/\"},\"wordCount\":846,\"commentCount\":0,\"publisher\":{\"@id\":\"https:\/\/lavoixdelanation.tg\/#organization\"},\"image\":{\"@id\":\"https:\/\/lavoixdelanation.tg\/index.php\/2025\/12\/24\/togo-compte-rendu-du-conseil-des-ministres-du-24-decembre-2025\/#primaryimage\"},\"thumbnailUrl\":\"https:\/\/lavoixdelanation.tg\/wp-content\/uploads\/2025\/12\/Compte-rendu-du-Conseil-des-Ministres-du-24-decembre-2025-au-Togo.jpg\",\"keywords\":[\"Conseil des ministres\",\"Faure Gnassingb\u00e9\",\"Togo\"],\"articleSection\":[\"Politique\"],\"inLanguage\":\"fr-FR\",\"potentialAction\":[{\"@type\":\"CommentAction\",\"name\":\"Comment\",\"target\":[\"https:\/\/lavoixdelanation.tg\/index.php\/2025\/12\/24\/togo-compte-rendu-du-conseil-des-ministres-du-24-decembre-2025\/#respond\"]}]},{\"@type\":\"WebPage\",\"@id\":\"https:\/\/lavoixdelanation.tg\/index.php\/2025\/12\/24\/togo-compte-rendu-du-conseil-des-ministres-du-24-decembre-2025\/\",\"url\":\"https:\/\/lavoixdelanation.tg\/index.php\/2025\/12\/24\/togo-compte-rendu-du-conseil-des-ministres-du-24-decembre-2025\/\",\"name\":\"Togo\u00a0: Compte rendu du Conseil des Ministres du 24 d\u00e9cembre 2025 - La Voix de la Nation\",\"isPartOf\":{\"@id\":\"https:\/\/lavoixdelanation.tg\/#website\"},\"primaryImageOfPage\":{\"@id\":\"https:\/\/lavoixdelanation.tg\/index.php\/2025\/12\/24\/togo-compte-rendu-du-conseil-des-ministres-du-24-decembre-2025\/#primaryimage\"},\"image\":{\"@id\":\"https:\/\/lavoixdelanation.tg\/index.php\/2025\/12\/24\/togo-compte-rendu-du-conseil-des-ministres-du-24-decembre-2025\/#primaryimage\"},\"thumbnailUrl\":\"https:\/\/lavoixdelanation.tg\/wp-content\/uploads\/2025\/12\/Compte-rendu-du-Conseil-des-Ministres-du-24-decembre-2025-au-Togo.jpg\",\"datePublished\":\"2025-12-24T19:16:00+00:00\",\"dateModified\":\"2025-12-24T23:19:40+00:00\",\"breadcrumb\":{\"@id\":\"https:\/\/lavoixdelanation.tg\/index.php\/2025\/12\/24\/togo-compte-rendu-du-conseil-des-ministres-du-24-decembre-2025\/#breadcrumb\"},\"inLanguage\":\"fr-FR\",\"potentialAction\":[{\"@type\":\"ReadAction\",\"target\":[\"https:\/\/lavoixdelanation.tg\/index.php\/2025\/12\/24\/togo-compte-rendu-du-conseil-des-ministres-du-24-decembre-2025\/\"]}]},{\"@type\":\"ImageObject\",\"inLanguage\":\"fr-FR\",\"@id\":\"https:\/\/lavoixdelanation.tg\/index.php\/2025\/12\/24\/togo-compte-rendu-du-conseil-des-ministres-du-24-decembre-2025\/#primaryimage\",\"url\":\"https:\/\/lavoixdelanation.tg\/wp-content\/uploads\/2025\/12\/Compte-rendu-du-Conseil-des-Ministres-du-24-decembre-2025-au-Togo.jpg\",\"contentUrl\":\"https:\/\/lavoixdelanation.tg\/wp-content\/uploads\/2025\/12\/Compte-rendu-du-Conseil-des-Ministres-du-24-decembre-2025-au-Togo.jpg\",\"width\":800,\"height\":731,\"caption\":\"Faure Gnassingb\u00e9 pr\u00e9sidant les travaux du Conseil\"},{\"@type\":\"BreadcrumbList\",\"@id\":\"https:\/\/lavoixdelanation.tg\/index.php\/2025\/12\/24\/togo-compte-rendu-du-conseil-des-ministres-du-24-decembre-2025\/#breadcrumb\",\"itemListElement\":[{\"@type\":\"ListItem\",\"position\":1,\"name\":\"Accueil\",\"item\":\"https:\/\/lavoixdelanation.tg\/\"},{\"@type\":\"ListItem\",\"position\":2,\"name\":\"Togo\u00a0: Compte rendu du Conseil des Ministres du 24 d\u00e9cembre 2025\"}]},{\"@type\":\"WebSite\",\"@id\":\"https:\/\/lavoixdelanation.tg\/#website\",\"url\":\"https:\/\/lavoixdelanation.tg\/\",\"name\":\"La Voix de la Nation\",\"description\":\"R\u00e9c\u00e9piss\u00e9 n\u00b00108\/HAAC\/01-2024\/pl\/P\",\"publisher\":{\"@id\":\"https:\/\/lavoixdelanation.tg\/#organization\"},\"alternateName\":\"VON\",\"potentialAction\":[{\"@type\":\"SearchAction\",\"target\":{\"@type\":\"EntryPoint\",\"urlTemplate\":\"https:\/\/lavoixdelanation.tg\/?s={search_term_string}\"},\"query-input\":{\"@type\":\"PropertyValueSpecification\",\"valueRequired\":true,\"valueName\":\"search_term_string\"}}],\"inLanguage\":\"fr-FR\"},{\"@type\":\"Organization\",\"@id\":\"https:\/\/lavoixdelanation.tg\/#organization\",\"name\":\"La Voix de la Nation\",\"url\":\"https:\/\/lavoixdelanation.tg\/\",\"logo\":{\"@type\":\"ImageObject\",\"inLanguage\":\"fr-FR\",\"@id\":\"https:\/\/lavoixdelanation.tg\/#\/schema\/logo\/image\/\",\"url\":\"https:\/\/lavoixdelanation.tg\/wp-content\/uploads\/2024\/12\/lavn-1.png\",\"contentUrl\":\"https:\/\/lavoixdelanation.tg\/wp-content\/uploads\/2024\/12\/lavn-1.png\",\"width\":1024,\"height\":464,\"caption\":\"La Voix de la Nation\"},\"image\":{\"@id\":\"https:\/\/lavoixdelanation.tg\/#\/schema\/logo\/image\/\"},\"sameAs\":[\"https:\/\/www.facebook.com\/lavoixdelanation\"]},{\"@type\":\"Person\",\"@id\":\"https:\/\/lavoixdelanation.tg\/#\/schema\/person\/6c489293aa38053673a9e554acb6e224\",\"name\":\"La voix de la nation\",\"image\":{\"@type\":\"ImageObject\",\"inLanguage\":\"fr-FR\",\"@id\":\"https:\/\/lavoixdelanation.tg\/#\/schema\/person\/image\/\",\"url\":\"https:\/\/secure.gravatar.com\/avatar\/8aa135d4bbc794494cecaa8d483f6d6cc1023624868deaff686baed5e727a5a1?s=96&d=mm&r=g\",\"contentUrl\":\"https:\/\/secure.gravatar.com\/avatar\/8aa135d4bbc794494cecaa8d483f6d6cc1023624868deaff686baed5e727a5a1?s=96&d=mm&r=g\",\"caption\":\"La voix de la nation\"},\"sameAs\":[\"https:\/\/lavoixdelanation.tg\"],\"url\":\"https:\/\/lavoixdelanation.tg\/index.php\/author\/lavn\/\"}]}<\/script>\n<!-- \/ Yoast SEO plugin. -->","yoast_head_json":{"title":"Togo\u00a0: Compte rendu du Conseil des Ministres du 24 d\u00e9cembre 2025 - La Voix de la Nation","robots":{"index":"index","follow":"follow","max-snippet":"max-snippet:-1","max-image-preview":"max-image-preview:large","max-video-preview":"max-video-preview:-1"},"canonical":"https:\/\/lavoixdelanation.tg\/index.php\/2025\/12\/24\/togo-compte-rendu-du-conseil-des-ministres-du-24-decembre-2025\/","og_locale":"fr_FR","og_type":"article","og_title":"Togo\u00a0: Compte rendu du Conseil des Ministres du 24 d\u00e9cembre 2025 - La Voix de la Nation","og_description":"Le Conseil des ministres s\u2019est tenu ce mercredi 24 d\u00e9cembre 2025, sous la pr\u00e9sidence de Son Excellence Monsieur Faure Essozimna Gnassingb\u00e9, Pr\u00e9sident du Conseil. Au cours de cette s\u00e9ance, le&hellip;","og_url":"https:\/\/lavoixdelanation.tg\/index.php\/2025\/12\/24\/togo-compte-rendu-du-conseil-des-ministres-du-24-decembre-2025\/","og_site_name":"La Voix de la Nation","article_publisher":"https:\/\/www.facebook.com\/lavoixdelanation","article_published_time":"2025-12-24T19:16:00+00:00","article_modified_time":"2025-12-24T23:19:40+00:00","og_image":[{"width":800,"height":731,"url":"https:\/\/lavoixdelanation.tg\/wp-content\/uploads\/2025\/12\/Compte-rendu-du-Conseil-des-Ministres-du-24-decembre-2025-au-Togo.jpg","type":"image\/jpeg"}],"author":"La voix de la nation","twitter_card":"summary_large_image","twitter_misc":{"\u00c9crit par":"La voix de la nation","Dur\u00e9e de lecture estim\u00e9e":"4 minutes"},"schema":{"@context":"https:\/\/schema.org","@graph":[{"@type":"Article","@id":"https:\/\/lavoixdelanation.tg\/index.php\/2025\/12\/24\/togo-compte-rendu-du-conseil-des-ministres-du-24-decembre-2025\/#article","isPartOf":{"@id":"https:\/\/lavoixdelanation.tg\/index.php\/2025\/12\/24\/togo-compte-rendu-du-conseil-des-ministres-du-24-decembre-2025\/"},"author":{"name":"La voix de la nation","@id":"https:\/\/lavoixdelanation.tg\/#\/schema\/person\/6c489293aa38053673a9e554acb6e224"},"headline":"Togo\u00a0: Compte rendu du Conseil des Ministres du 24 d\u00e9cembre 2025","datePublished":"2025-12-24T19:16:00+00:00","dateModified":"2025-12-24T23:19:40+00:00","mainEntityOfPage":{"@id":"https:\/\/lavoixdelanation.tg\/index.php\/2025\/12\/24\/togo-compte-rendu-du-conseil-des-ministres-du-24-decembre-2025\/"},"wordCount":846,"commentCount":0,"publisher":{"@id":"https:\/\/lavoixdelanation.tg\/#organization"},"image":{"@id":"https:\/\/lavoixdelanation.tg\/index.php\/2025\/12\/24\/togo-compte-rendu-du-conseil-des-ministres-du-24-decembre-2025\/#primaryimage"},"thumbnailUrl":"https:\/\/lavoixdelanation.tg\/wp-content\/uploads\/2025\/12\/Compte-rendu-du-Conseil-des-Ministres-du-24-decembre-2025-au-Togo.jpg","keywords":["Conseil des ministres","Faure Gnassingb\u00e9","Togo"],"articleSection":["Politique"],"inLanguage":"fr-FR","potentialAction":[{"@type":"CommentAction","name":"Comment","target":["https:\/\/lavoixdelanation.tg\/index.php\/2025\/12\/24\/togo-compte-rendu-du-conseil-des-ministres-du-24-decembre-2025\/#respond"]}]},{"@type":"WebPage","@id":"https:\/\/lavoixdelanation.tg\/index.php\/2025\/12\/24\/togo-compte-rendu-du-conseil-des-ministres-du-24-decembre-2025\/","url":"https:\/\/lavoixdelanation.tg\/index.php\/2025\/12\/24\/togo-compte-rendu-du-conseil-des-ministres-du-24-decembre-2025\/","name":"Togo\u00a0: Compte rendu du Conseil des Ministres du 24 d\u00e9cembre 2025 - La Voix de la Nation","isPartOf":{"@id":"https:\/\/lavoixdelanation.tg\/#website"},"primaryImageOfPage":{"@id":"https:\/\/lavoixdelanation.tg\/index.php\/2025\/12\/24\/togo-compte-rendu-du-conseil-des-ministres-du-24-decembre-2025\/#primaryimage"},"image":{"@id":"https:\/\/lavoixdelanation.tg\/index.php\/2025\/12\/24\/togo-compte-rendu-du-conseil-des-ministres-du-24-decembre-2025\/#primaryimage"},"thumbnailUrl":"https:\/\/lavoixdelanation.tg\/wp-content\/uploads\/2025\/12\/Compte-rendu-du-Conseil-des-Ministres-du-24-decembre-2025-au-Togo.jpg","datePublished":"2025-12-24T19:16:00+00:00","dateModified":"2025-12-24T23:19:40+00:00","breadcrumb":{"@id":"https:\/\/lavoixdelanation.tg\/index.php\/2025\/12\/24\/togo-compte-rendu-du-conseil-des-ministres-du-24-decembre-2025\/#breadcrumb"},"inLanguage":"fr-FR","potentialAction":[{"@type":"ReadAction","target":["https:\/\/lavoixdelanation.tg\/index.php\/2025\/12\/24\/togo-compte-rendu-du-conseil-des-ministres-du-24-decembre-2025\/"]}]},{"@type":"ImageObject","inLanguage":"fr-FR","@id":"https:\/\/lavoixdelanation.tg\/index.php\/2025\/12\/24\/togo-compte-rendu-du-conseil-des-ministres-du-24-decembre-2025\/#primaryimage","url":"https:\/\/lavoixdelanation.tg\/wp-content\/uploads\/2025\/12\/Compte-rendu-du-Conseil-des-Ministres-du-24-decembre-2025-au-Togo.jpg","contentUrl":"https:\/\/lavoixdelanation.tg\/wp-content\/uploads\/2025\/12\/Compte-rendu-du-Conseil-des-Ministres-du-24-decembre-2025-au-Togo.jpg","width":800,"height":731,"caption":"Faure Gnassingb\u00e9 pr\u00e9sidant les travaux du Conseil"},{"@type":"BreadcrumbList","@id":"https:\/\/lavoixdelanation.tg\/index.php\/2025\/12\/24\/togo-compte-rendu-du-conseil-des-ministres-du-24-decembre-2025\/#breadcrumb","itemListElement":[{"@type":"ListItem","position":1,"name":"Accueil","item":"https:\/\/lavoixdelanation.tg\/"},{"@type":"ListItem","position":2,"name":"Togo\u00a0: Compte rendu du Conseil des Ministres du 24 d\u00e9cembre 2025"}]},{"@type":"WebSite","@id":"https:\/\/lavoixdelanation.tg\/#website","url":"https:\/\/lavoixdelanation.tg\/","name":"La Voix de la Nation","description":"R\u00e9c\u00e9piss\u00e9 n\u00b00108\/HAAC\/01-2024\/pl\/P","publisher":{"@id":"https:\/\/lavoixdelanation.tg\/#organization"},"alternateName":"VON","potentialAction":[{"@type":"SearchAction","target":{"@type":"EntryPoint","urlTemplate":"https:\/\/lavoixdelanation.tg\/?s={search_term_string}"},"query-input":{"@type":"PropertyValueSpecification","valueRequired":true,"valueName":"search_term_string"}}],"inLanguage":"fr-FR"},{"@type":"Organization","@id":"https:\/\/lavoixdelanation.tg\/#organization","name":"La Voix de la Nation","url":"https:\/\/lavoixdelanation.tg\/","logo":{"@type":"ImageObject","inLanguage":"fr-FR","@id":"https:\/\/lavoixdelanation.tg\/#\/schema\/logo\/image\/","url":"https:\/\/lavoixdelanation.tg\/wp-content\/uploads\/2024\/12\/lavn-1.png","contentUrl":"https:\/\/lavoixdelanation.tg\/wp-content\/uploads\/2024\/12\/lavn-1.png","width":1024,"height":464,"caption":"La Voix de la Nation"},"image":{"@id":"https:\/\/lavoixdelanation.tg\/#\/schema\/logo\/image\/"},"sameAs":["https:\/\/www.facebook.com\/lavoixdelanation"]},{"@type":"Person","@id":"https:\/\/lavoixdelanation.tg\/#\/schema\/person\/6c489293aa38053673a9e554acb6e224","name":"La voix de la nation","image":{"@type":"ImageObject","inLanguage":"fr-FR","@id":"https:\/\/lavoixdelanation.tg\/#\/schema\/person\/image\/","url":"https:\/\/secure.gravatar.com\/avatar\/8aa135d4bbc794494cecaa8d483f6d6cc1023624868deaff686baed5e727a5a1?s=96&d=mm&r=g","contentUrl":"https:\/\/secure.gravatar.com\/avatar\/8aa135d4bbc794494cecaa8d483f6d6cc1023624868deaff686baed5e727a5a1?s=96&d=mm&r=g","caption":"La voix de la nation"},"sameAs":["https:\/\/lavoixdelanation.tg"],"url":"https:\/\/lavoixdelanation.tg\/index.php\/author\/lavn\/"}]}},"_links":{"self":[{"href":"https:\/\/lavoixdelanation.tg\/index.php\/wp-json\/wp\/v2\/posts\/15060","targetHints":{"allow":["GET"]}}],"collection":[{"href":"https:\/\/lavoixdelanation.tg\/index.php\/wp-json\/wp\/v2\/posts"}],"about":[{"href":"https:\/\/lavoixdelanation.tg\/index.php\/wp-json\/wp\/v2\/types\/post"}],"author":[{"embeddable":true,"href":"https:\/\/lavoixdelanation.tg\/index.php\/wp-json\/wp\/v2\/users\/1"}],"replies":[{"embeddable":true,"href":"https:\/\/lavoixdelanation.tg\/index.php\/wp-json\/wp\/v2\/comments?post=15060"}],"version-history":[{"count":1,"href":"https:\/\/lavoixdelanation.tg\/index.php\/wp-json\/wp\/v2\/posts\/15060\/revisions"}],"predecessor-version":[{"id":15062,"href":"https:\/\/lavoixdelanation.tg\/index.php\/wp-json\/wp\/v2\/posts\/15060\/revisions\/15062"}],"wp:featuredmedia":[{"embeddable":true,"href":"https:\/\/lavoixdelanation.tg\/index.php\/wp-json\/wp\/v2\/media\/15061"}],"wp:attachment":[{"href":"https:\/\/lavoixdelanation.tg\/index.php\/wp-json\/wp\/v2\/media?parent=15060"}],"wp:term":[{"taxonomy":"category","embeddable":true,"href":"https:\/\/lavoixdelanation.tg\/index.php\/wp-json\/wp\/v2\/categories?post=15060"},{"taxonomy":"post_tag","embeddable":true,"href":"https:\/\/lavoixdelanation.tg\/index.php\/wp-json\/wp\/v2\/tags?post=15060"}],"curies":[{"name":"wp","href":"https:\/\/api.w.org\/{rel}","templated":true}]}}