{"id":15044,"date":"2025-12-19T13:12:27","date_gmt":"2025-12-19T12:12:27","guid":{"rendered":"https:\/\/lavoixdelanation.tg\/?p=15044"},"modified":"2025-12-19T13:12:28","modified_gmt":"2025-12-19T12:12:28","slug":"faure-gnassingbe-a-accra-pour-le-sommet-de-la-diaspora-2025","status":"publish","type":"post","link":"https:\/\/lavoixdelanation.tg\/index.php\/2025\/12\/19\/faure-gnassingbe-a-accra-pour-le-sommet-de-la-diaspora-2025\/","title":{"rendered":"Faure Gnassingb\u00e9 \u00e0 Accra pour le Sommet de la Diaspora 2025"},"content":{"rendered":"\n<p><strong>Le Pr\u00e9sident du Conseil Faure Gnassingb\u00e9 est en visite officielle ce vendredi <\/strong><strong>19 d\u00e9cembre 2025 \u00e0 Accra au Ghana pour prendre part aux travaux du Sommet de la Diaspora 2025 \u00e0 l&rsquo;invitation du Pr\u00e9sident du Ghana John Dramani Mahama,<\/strong><\/p>\n\n\n\n<p>Selon une note de la Pr\u00e9sidence du Conseil, ce Sommet r\u00e9unit des dirigeants africains, des panafricanistes, des universitaires, la diaspora ghan\u00e9enne et africaine ainsi que les partenaires au d\u00e9veloppement.<\/p>\n\n\n\n<p>Il vise \u00e0 renforcer la contribution de la diaspora au d\u00e9veloppement \u00e9conomique, social et culturel et \u00e0 r\u00e9tablir la dignit\u00e9 des Africains et des afrodescendants.<\/p>\n\n\n\n<p>Le Sommet de la Diaspora 2025 intervient au lendemain du neuvi\u00e8me Congr\u00e8s panafricain tenu du 8 au 12 d\u00e9cembre dernier \u00e0 Lom\u00e9 au Togo.<\/p>\n\n\n\n<p>Invit\u00e9 d&rsquo;honneur \u00e0 cette rencontre de haut niveau, le Pr\u00e9sident du Conseil, Faure Gnassingb\u00e9 partagera \u00e0 ce Sommet, les r\u00e9sultats du congr\u00e8s de Lom\u00e9 ainsi que les m\u00e9canismes mis en place par le gouvernement togolais pour faciliter les investissements de la diaspora dans les projets nationaux et valoriser l&rsquo;expertise et les comp\u00e9tences des togolais de l&rsquo;ext\u00e9rieur.<\/p>\n\n\n\n<p>Les travaux seront consacr\u00e9s \u00e0 l&rsquo;exploitation de la vision transformatrice et de la reconnaissance de la diaspora ghan\u00e9enne comme la \u00ab 17e r\u00e9gion \u00bb du pays, s&rsquo;appuyant sur les politiques de promotion de la diaspora africaine, l&rsquo;engagement de l&rsquo;Union africaine pour le r\u00e9tablissement du r\u00f4le de l&rsquo;Afrique dans le concert des nations, la solidarit\u00e9 afro-carib\u00e9enne et l&rsquo;imp\u00e9ratif moral de r\u00e9paration des pr\u00e9judices caus\u00e9s par l&rsquo;esclavage.<\/p>\n","protected":false},"excerpt":{"rendered":"<p>Le Pr\u00e9sident du Conseil Faure Gnassingb\u00e9 est en visite officielle ce vendredi 19 d\u00e9cembre 2025 \u00e0 Accra au Ghana pour prendre part aux travaux du Sommet de la Diaspora 2025&hellip; <\/p>\n","protected":false},"author":1,"featured_media":15045,"comment_status":"open","ping_status":"closed","sticky":false,"template":"","format":"standard","meta":{"footnotes":""},"categories":[12],"tags":[282,45,208,1173],"class_list":["post-15044","post","type-post","status-publish","format-standard","has-post-thumbnail","hentry","category-diplomatie","tag-accra","tag-faure-gnassingbe","tag-ghana","tag-sommet-de-la-diaspora-2025"],"yoast_head":"<!-- This site is optimized with the Yoast SEO plugin v26.4 - https:\/\/yoast.com\/wordpress\/plugins\/seo\/ -->\n<title>Faure Gnassingb\u00e9 \u00e0 Accra pour le Sommet de la Diaspora 2025 - La Voix de la Nation<\/title>\n<meta name=\"robots\" content=\"index, follow, max-snippet:-1, max-image-preview:large, max-video-preview:-1\" \/>\n<link rel=\"canonical\" href=\"https:\/\/lavoixdelanation.tg\/index.php\/2025\/12\/19\/faure-gnassingbe-a-accra-pour-le-sommet-de-la-diaspora-2025\/\" \/>\n<meta property=\"og:locale\" content=\"fr_FR\" \/>\n<meta property=\"og:type\" content=\"article\" \/>\n<meta property=\"og:title\" content=\"Faure Gnassingb\u00e9 \u00e0 Accra pour le Sommet de la Diaspora 2025 - La Voix de la Nation\" \/>\n<meta property=\"og:description\" content=\"Le Pr\u00e9sident du Conseil Faure Gnassingb\u00e9 est en visite officielle ce vendredi 19 d\u00e9cembre 2025 \u00e0 Accra au Ghana pour prendre part aux travaux du Sommet de la Diaspora 2025&hellip;\" \/>\n<meta property=\"og:url\" content=\"https:\/\/lavoixdelanation.tg\/index.php\/2025\/12\/19\/faure-gnassingbe-a-accra-pour-le-sommet-de-la-diaspora-2025\/\" \/>\n<meta property=\"og:site_name\" content=\"La Voix de la Nation\" \/>\n<meta property=\"article:publisher\" content=\"https:\/\/www.facebook.com\/lavoixdelanation\" \/>\n<meta property=\"article:published_time\" content=\"2025-12-19T12:12:27+00:00\" \/>\n<meta property=\"article:modified_time\" content=\"2025-12-19T12:12:28+00:00\" \/>\n<meta property=\"og:image\" content=\"https:\/\/lavoixdelanation.tg\/wp-content\/uploads\/2025\/12\/Faure-Gnassingbe-a-Accra-pour-le-Sommet-de-la-Diaspora-2025.jpg\" \/>\n\t<meta property=\"og:image:width\" content=\"1007\" \/>\n\t<meta property=\"og:image:height\" content=\"743\" \/>\n\t<meta property=\"og:image:type\" content=\"image\/jpeg\" \/>\n<meta name=\"author\" content=\"La voix de la nation\" \/>\n<meta name=\"twitter:card\" content=\"summary_large_image\" \/>\n<meta name=\"twitter:label1\" content=\"\u00c9crit par\" \/>\n\t<meta name=\"twitter:data1\" content=\"La voix de la nation\" \/>\n\t<meta name=\"twitter:label2\" content=\"Dur\u00e9e de lecture estim\u00e9e\" \/>\n\t<meta name=\"twitter:data2\" content=\"2 minutes\" \/>\n<script type=\"application\/ld+json\" class=\"yoast-schema-graph\">{\"@context\":\"https:\/\/schema.org\",\"@graph\":[{\"@type\":\"Article\",\"@id\":\"https:\/\/lavoixdelanation.tg\/index.php\/2025\/12\/19\/faure-gnassingbe-a-accra-pour-le-sommet-de-la-diaspora-2025\/#article\",\"isPartOf\":{\"@id\":\"https:\/\/lavoixdelanation.tg\/index.php\/2025\/12\/19\/faure-gnassingbe-a-accra-pour-le-sommet-de-la-diaspora-2025\/\"},\"author\":{\"name\":\"La voix de la nation\",\"@id\":\"https:\/\/lavoixdelanation.tg\/#\/schema\/person\/6c489293aa38053673a9e554acb6e224\"},\"headline\":\"Faure Gnassingb\u00e9 \u00e0 Accra pour le Sommet de la Diaspora 2025\",\"datePublished\":\"2025-12-19T12:12:27+00:00\",\"dateModified\":\"2025-12-19T12:12:28+00:00\",\"mainEntityOfPage\":{\"@id\":\"https:\/\/lavoixdelanation.tg\/index.php\/2025\/12\/19\/faure-gnassingbe-a-accra-pour-le-sommet-de-la-diaspora-2025\/\"},\"wordCount\":270,\"commentCount\":0,\"publisher\":{\"@id\":\"https:\/\/lavoixdelanation.tg\/#organization\"},\"image\":{\"@id\":\"https:\/\/lavoixdelanation.tg\/index.php\/2025\/12\/19\/faure-gnassingbe-a-accra-pour-le-sommet-de-la-diaspora-2025\/#primaryimage\"},\"thumbnailUrl\":\"https:\/\/lavoixdelanation.tg\/wp-content\/uploads\/2025\/12\/Faure-Gnassingbe-a-Accra-pour-le-Sommet-de-la-Diaspora-2025.jpg\",\"keywords\":[\"Accra\",\"Faure Gnassingb\u00e9\",\"Ghana\",\"Sommet de la Diaspora 2025\"],\"articleSection\":[\"Diplomatie\"],\"inLanguage\":\"fr-FR\",\"potentialAction\":[{\"@type\":\"CommentAction\",\"name\":\"Comment\",\"target\":[\"https:\/\/lavoixdelanation.tg\/index.php\/2025\/12\/19\/faure-gnassingbe-a-accra-pour-le-sommet-de-la-diaspora-2025\/#respond\"]}]},{\"@type\":\"WebPage\",\"@id\":\"https:\/\/lavoixdelanation.tg\/index.php\/2025\/12\/19\/faure-gnassingbe-a-accra-pour-le-sommet-de-la-diaspora-2025\/\",\"url\":\"https:\/\/lavoixdelanation.tg\/index.php\/2025\/12\/19\/faure-gnassingbe-a-accra-pour-le-sommet-de-la-diaspora-2025\/\",\"name\":\"Faure Gnassingb\u00e9 \u00e0 Accra pour le Sommet de la Diaspora 2025 - La Voix de la Nation\",\"isPartOf\":{\"@id\":\"https:\/\/lavoixdelanation.tg\/#website\"},\"primaryImageOfPage\":{\"@id\":\"https:\/\/lavoixdelanation.tg\/index.php\/2025\/12\/19\/faure-gnassingbe-a-accra-pour-le-sommet-de-la-diaspora-2025\/#primaryimage\"},\"image\":{\"@id\":\"https:\/\/lavoixdelanation.tg\/index.php\/2025\/12\/19\/faure-gnassingbe-a-accra-pour-le-sommet-de-la-diaspora-2025\/#primaryimage\"},\"thumbnailUrl\":\"https:\/\/lavoixdelanation.tg\/wp-content\/uploads\/2025\/12\/Faure-Gnassingbe-a-Accra-pour-le-Sommet-de-la-Diaspora-2025.jpg\",\"datePublished\":\"2025-12-19T12:12:27+00:00\",\"dateModified\":\"2025-12-19T12:12:28+00:00\",\"breadcrumb\":{\"@id\":\"https:\/\/lavoixdelanation.tg\/index.php\/2025\/12\/19\/faure-gnassingbe-a-accra-pour-le-sommet-de-la-diaspora-2025\/#breadcrumb\"},\"inLanguage\":\"fr-FR\",\"potentialAction\":[{\"@type\":\"ReadAction\",\"target\":[\"https:\/\/lavoixdelanation.tg\/index.php\/2025\/12\/19\/faure-gnassingbe-a-accra-pour-le-sommet-de-la-diaspora-2025\/\"]}]},{\"@type\":\"ImageObject\",\"inLanguage\":\"fr-FR\",\"@id\":\"https:\/\/lavoixdelanation.tg\/index.php\/2025\/12\/19\/faure-gnassingbe-a-accra-pour-le-sommet-de-la-diaspora-2025\/#primaryimage\",\"url\":\"https:\/\/lavoixdelanation.tg\/wp-content\/uploads\/2025\/12\/Faure-Gnassingbe-a-Accra-pour-le-Sommet-de-la-Diaspora-2025.jpg\",\"contentUrl\":\"https:\/\/lavoixdelanation.tg\/wp-content\/uploads\/2025\/12\/Faure-Gnassingbe-a-Accra-pour-le-Sommet-de-la-Diaspora-2025.jpg\",\"width\":1007,\"height\":743},{\"@type\":\"BreadcrumbList\",\"@id\":\"https:\/\/lavoixdelanation.tg\/index.php\/2025\/12\/19\/faure-gnassingbe-a-accra-pour-le-sommet-de-la-diaspora-2025\/#breadcrumb\",\"itemListElement\":[{\"@type\":\"ListItem\",\"position\":1,\"name\":\"Accueil\",\"item\":\"https:\/\/lavoixdelanation.tg\/\"},{\"@type\":\"ListItem\",\"position\":2,\"name\":\"Faure Gnassingb\u00e9 \u00e0 Accra pour le Sommet de la Diaspora 2025\"}]},{\"@type\":\"WebSite\",\"@id\":\"https:\/\/lavoixdelanation.tg\/#website\",\"url\":\"https:\/\/lavoixdelanation.tg\/\",\"name\":\"La Voix de la Nation\",\"description\":\"R\u00e9c\u00e9piss\u00e9 n\u00b00108\/HAAC\/01-2024\/pl\/P\",\"publisher\":{\"@id\":\"https:\/\/lavoixdelanation.tg\/#organization\"},\"alternateName\":\"VON\",\"potentialAction\":[{\"@type\":\"SearchAction\",\"target\":{\"@type\":\"EntryPoint\",\"urlTemplate\":\"https:\/\/lavoixdelanation.tg\/?s={search_term_string}\"},\"query-input\":{\"@type\":\"PropertyValueSpecification\",\"valueRequired\":true,\"valueName\":\"search_term_string\"}}],\"inLanguage\":\"fr-FR\"},{\"@type\":\"Organization\",\"@id\":\"https:\/\/lavoixdelanation.tg\/#organization\",\"name\":\"La Voix de la Nation\",\"url\":\"https:\/\/lavoixdelanation.tg\/\",\"logo\":{\"@type\":\"ImageObject\",\"inLanguage\":\"fr-FR\",\"@id\":\"https:\/\/lavoixdelanation.tg\/#\/schema\/logo\/image\/\",\"url\":\"https:\/\/lavoixdelanation.tg\/wp-content\/uploads\/2024\/12\/lavn-1.png\",\"contentUrl\":\"https:\/\/lavoixdelanation.tg\/wp-content\/uploads\/2024\/12\/lavn-1.png\",\"width\":1024,\"height\":464,\"caption\":\"La Voix de la Nation\"},\"image\":{\"@id\":\"https:\/\/lavoixdelanation.tg\/#\/schema\/logo\/image\/\"},\"sameAs\":[\"https:\/\/www.facebook.com\/lavoixdelanation\"]},{\"@type\":\"Person\",\"@id\":\"https:\/\/lavoixdelanation.tg\/#\/schema\/person\/6c489293aa38053673a9e554acb6e224\",\"name\":\"La voix de la nation\",\"image\":{\"@type\":\"ImageObject\",\"inLanguage\":\"fr-FR\",\"@id\":\"https:\/\/lavoixdelanation.tg\/#\/schema\/person\/image\/\",\"url\":\"https:\/\/secure.gravatar.com\/avatar\/8aa135d4bbc794494cecaa8d483f6d6cc1023624868deaff686baed5e727a5a1?s=96&d=mm&r=g\",\"contentUrl\":\"https:\/\/secure.gravatar.com\/avatar\/8aa135d4bbc794494cecaa8d483f6d6cc1023624868deaff686baed5e727a5a1?s=96&d=mm&r=g\",\"caption\":\"La voix de la nation\"},\"sameAs\":[\"https:\/\/lavoixdelanation.tg\"],\"url\":\"https:\/\/lavoixdelanation.tg\/index.php\/author\/lavn\/\"}]}<\/script>\n<!-- \/ Yoast SEO plugin. -->","yoast_head_json":{"title":"Faure Gnassingb\u00e9 \u00e0 Accra pour le Sommet de la Diaspora 2025 - La Voix de la Nation","robots":{"index":"index","follow":"follow","max-snippet":"max-snippet:-1","max-image-preview":"max-image-preview:large","max-video-preview":"max-video-preview:-1"},"canonical":"https:\/\/lavoixdelanation.tg\/index.php\/2025\/12\/19\/faure-gnassingbe-a-accra-pour-le-sommet-de-la-diaspora-2025\/","og_locale":"fr_FR","og_type":"article","og_title":"Faure Gnassingb\u00e9 \u00e0 Accra pour le Sommet de la Diaspora 2025 - La Voix de la Nation","og_description":"Le Pr\u00e9sident du Conseil Faure Gnassingb\u00e9 est en visite officielle ce vendredi 19 d\u00e9cembre 2025 \u00e0 Accra au Ghana pour prendre part aux travaux du Sommet de la Diaspora 2025&hellip;","og_url":"https:\/\/lavoixdelanation.tg\/index.php\/2025\/12\/19\/faure-gnassingbe-a-accra-pour-le-sommet-de-la-diaspora-2025\/","og_site_name":"La Voix de la Nation","article_publisher":"https:\/\/www.facebook.com\/lavoixdelanation","article_published_time":"2025-12-19T12:12:27+00:00","article_modified_time":"2025-12-19T12:12:28+00:00","og_image":[{"width":1007,"height":743,"url":"https:\/\/lavoixdelanation.tg\/wp-content\/uploads\/2025\/12\/Faure-Gnassingbe-a-Accra-pour-le-Sommet-de-la-Diaspora-2025.jpg","type":"image\/jpeg"}],"author":"La voix de la nation","twitter_card":"summary_large_image","twitter_misc":{"\u00c9crit par":"La voix de la nation","Dur\u00e9e de lecture estim\u00e9e":"2 minutes"},"schema":{"@context":"https:\/\/schema.org","@graph":[{"@type":"Article","@id":"https:\/\/lavoixdelanation.tg\/index.php\/2025\/12\/19\/faure-gnassingbe-a-accra-pour-le-sommet-de-la-diaspora-2025\/#article","isPartOf":{"@id":"https:\/\/lavoixdelanation.tg\/index.php\/2025\/12\/19\/faure-gnassingbe-a-accra-pour-le-sommet-de-la-diaspora-2025\/"},"author":{"name":"La voix de la nation","@id":"https:\/\/lavoixdelanation.tg\/#\/schema\/person\/6c489293aa38053673a9e554acb6e224"},"headline":"Faure Gnassingb\u00e9 \u00e0 Accra pour le Sommet de la Diaspora 2025","datePublished":"2025-12-19T12:12:27+00:00","dateModified":"2025-12-19T12:12:28+00:00","mainEntityOfPage":{"@id":"https:\/\/lavoixdelanation.tg\/index.php\/2025\/12\/19\/faure-gnassingbe-a-accra-pour-le-sommet-de-la-diaspora-2025\/"},"wordCount":270,"commentCount":0,"publisher":{"@id":"https:\/\/lavoixdelanation.tg\/#organization"},"image":{"@id":"https:\/\/lavoixdelanation.tg\/index.php\/2025\/12\/19\/faure-gnassingbe-a-accra-pour-le-sommet-de-la-diaspora-2025\/#primaryimage"},"thumbnailUrl":"https:\/\/lavoixdelanation.tg\/wp-content\/uploads\/2025\/12\/Faure-Gnassingbe-a-Accra-pour-le-Sommet-de-la-Diaspora-2025.jpg","keywords":["Accra","Faure Gnassingb\u00e9","Ghana","Sommet de la Diaspora 2025"],"articleSection":["Diplomatie"],"inLanguage":"fr-FR","potentialAction":[{"@type":"CommentAction","name":"Comment","target":["https:\/\/lavoixdelanation.tg\/index.php\/2025\/12\/19\/faure-gnassingbe-a-accra-pour-le-sommet-de-la-diaspora-2025\/#respond"]}]},{"@type":"WebPage","@id":"https:\/\/lavoixdelanation.tg\/index.php\/2025\/12\/19\/faure-gnassingbe-a-accra-pour-le-sommet-de-la-diaspora-2025\/","url":"https:\/\/lavoixdelanation.tg\/index.php\/2025\/12\/19\/faure-gnassingbe-a-accra-pour-le-sommet-de-la-diaspora-2025\/","name":"Faure Gnassingb\u00e9 \u00e0 Accra pour le Sommet de la Diaspora 2025 - La Voix de la Nation","isPartOf":{"@id":"https:\/\/lavoixdelanation.tg\/#website"},"primaryImageOfPage":{"@id":"https:\/\/lavoixdelanation.tg\/index.php\/2025\/12\/19\/faure-gnassingbe-a-accra-pour-le-sommet-de-la-diaspora-2025\/#primaryimage"},"image":{"@id":"https:\/\/lavoixdelanation.tg\/index.php\/2025\/12\/19\/faure-gnassingbe-a-accra-pour-le-sommet-de-la-diaspora-2025\/#primaryimage"},"thumbnailUrl":"https:\/\/lavoixdelanation.tg\/wp-content\/uploads\/2025\/12\/Faure-Gnassingbe-a-Accra-pour-le-Sommet-de-la-Diaspora-2025.jpg","datePublished":"2025-12-19T12:12:27+00:00","dateModified":"2025-12-19T12:12:28+00:00","breadcrumb":{"@id":"https:\/\/lavoixdelanation.tg\/index.php\/2025\/12\/19\/faure-gnassingbe-a-accra-pour-le-sommet-de-la-diaspora-2025\/#breadcrumb"},"inLanguage":"fr-FR","potentialAction":[{"@type":"ReadAction","target":["https:\/\/lavoixdelanation.tg\/index.php\/2025\/12\/19\/faure-gnassingbe-a-accra-pour-le-sommet-de-la-diaspora-2025\/"]}]},{"@type":"ImageObject","inLanguage":"fr-FR","@id":"https:\/\/lavoixdelanation.tg\/index.php\/2025\/12\/19\/faure-gnassingbe-a-accra-pour-le-sommet-de-la-diaspora-2025\/#primaryimage","url":"https:\/\/lavoixdelanation.tg\/wp-content\/uploads\/2025\/12\/Faure-Gnassingbe-a-Accra-pour-le-Sommet-de-la-Diaspora-2025.jpg","contentUrl":"https:\/\/lavoixdelanation.tg\/wp-content\/uploads\/2025\/12\/Faure-Gnassingbe-a-Accra-pour-le-Sommet-de-la-Diaspora-2025.jpg","width":1007,"height":743},{"@type":"BreadcrumbList","@id":"https:\/\/lavoixdelanation.tg\/index.php\/2025\/12\/19\/faure-gnassingbe-a-accra-pour-le-sommet-de-la-diaspora-2025\/#breadcrumb","itemListElement":[{"@type":"ListItem","position":1,"name":"Accueil","item":"https:\/\/lavoixdelanation.tg\/"},{"@type":"ListItem","position":2,"name":"Faure Gnassingb\u00e9 \u00e0 Accra pour le Sommet de la Diaspora 2025"}]},{"@type":"WebSite","@id":"https:\/\/lavoixdelanation.tg\/#website","url":"https:\/\/lavoixdelanation.tg\/","name":"La Voix de la Nation","description":"R\u00e9c\u00e9piss\u00e9 n\u00b00108\/HAAC\/01-2024\/pl\/P","publisher":{"@id":"https:\/\/lavoixdelanation.tg\/#organization"},"alternateName":"VON","potentialAction":[{"@type":"SearchAction","target":{"@type":"EntryPoint","urlTemplate":"https:\/\/lavoixdelanation.tg\/?s={search_term_string}"},"query-input":{"@type":"PropertyValueSpecification","valueRequired":true,"valueName":"search_term_string"}}],"inLanguage":"fr-FR"},{"@type":"Organization","@id":"https:\/\/lavoixdelanation.tg\/#organization","name":"La Voix de la Nation","url":"https:\/\/lavoixdelanation.tg\/","logo":{"@type":"ImageObject","inLanguage":"fr-FR","@id":"https:\/\/lavoixdelanation.tg\/#\/schema\/logo\/image\/","url":"https:\/\/lavoixdelanation.tg\/wp-content\/uploads\/2024\/12\/lavn-1.png","contentUrl":"https:\/\/lavoixdelanation.tg\/wp-content\/uploads\/2024\/12\/lavn-1.png","width":1024,"height":464,"caption":"La Voix de la Nation"},"image":{"@id":"https:\/\/lavoixdelanation.tg\/#\/schema\/logo\/image\/"},"sameAs":["https:\/\/www.facebook.com\/lavoixdelanation"]},{"@type":"Person","@id":"https:\/\/lavoixdelanation.tg\/#\/schema\/person\/6c489293aa38053673a9e554acb6e224","name":"La voix de la nation","image":{"@type":"ImageObject","inLanguage":"fr-FR","@id":"https:\/\/lavoixdelanation.tg\/#\/schema\/person\/image\/","url":"https:\/\/secure.gravatar.com\/avatar\/8aa135d4bbc794494cecaa8d483f6d6cc1023624868deaff686baed5e727a5a1?s=96&d=mm&r=g","contentUrl":"https:\/\/secure.gravatar.com\/avatar\/8aa135d4bbc794494cecaa8d483f6d6cc1023624868deaff686baed5e727a5a1?s=96&d=mm&r=g","caption":"La voix de la nation"},"sameAs":["https:\/\/lavoixdelanation.tg"],"url":"https:\/\/lavoixdelanation.tg\/index.php\/author\/lavn\/"}]}},"_links":{"self":[{"href":"https:\/\/lavoixdelanation.tg\/index.php\/wp-json\/wp\/v2\/posts\/15044","targetHints":{"allow":["GET"]}}],"collection":[{"href":"https:\/\/lavoixdelanation.tg\/index.php\/wp-json\/wp\/v2\/posts"}],"about":[{"href":"https:\/\/lavoixdelanation.tg\/index.php\/wp-json\/wp\/v2\/types\/post"}],"author":[{"embeddable":true,"href":"https:\/\/lavoixdelanation.tg\/index.php\/wp-json\/wp\/v2\/users\/1"}],"replies":[{"embeddable":true,"href":"https:\/\/lavoixdelanation.tg\/index.php\/wp-json\/wp\/v2\/comments?post=15044"}],"version-history":[{"count":1,"href":"https:\/\/lavoixdelanation.tg\/index.php\/wp-json\/wp\/v2\/posts\/15044\/revisions"}],"predecessor-version":[{"id":15046,"href":"https:\/\/lavoixdelanation.tg\/index.php\/wp-json\/wp\/v2\/posts\/15044\/revisions\/15046"}],"wp:featuredmedia":[{"embeddable":true,"href":"https:\/\/lavoixdelanation.tg\/index.php\/wp-json\/wp\/v2\/media\/15045"}],"wp:attachment":[{"href":"https:\/\/lavoixdelanation.tg\/index.php\/wp-json\/wp\/v2\/media?parent=15044"}],"wp:term":[{"taxonomy":"category","embeddable":true,"href":"https:\/\/lavoixdelanation.tg\/index.php\/wp-json\/wp\/v2\/categories?post=15044"},{"taxonomy":"post_tag","embeddable":true,"href":"https:\/\/lavoixdelanation.tg\/index.php\/wp-json\/wp\/v2\/tags?post=15044"}],"curies":[{"name":"wp","href":"https:\/\/api.w.org\/{rel}","templated":true}]}}