{"id":1504,"date":"2024-11-11T17:26:00","date_gmt":"2024-11-11T16:26:00","guid":{"rendered":"https:\/\/lavoixdelanation.tg\/?p=1504"},"modified":"2024-12-15T17:30:13","modified_gmt":"2024-12-15T16:30:13","slug":"cooperation-robert-dussey-sest-entretenu-avec-son-homologue-russe-serguei-lavrov","status":"publish","type":"post","link":"https:\/\/lavoixdelanation.tg\/index.php\/2024\/11\/11\/cooperation-robert-dussey-sest-entretenu-avec-son-homologue-russe-serguei-lavrov\/","title":{"rendered":"Coop\u00e9ration\u00a0: Robert Dussey, s\u2019est entretenu avec son homologue russe Sergue\u00ef Lavrov"},"content":{"rendered":"\n<p><strong>Le chef de la diplomatie togolaise, le Prof. Robert Dussey, s\u2019est entretenu vendredi dernier \u00e0 Sotchi avec son homologue Sergue\u00ef Lavrov lors de la conf\u00e9rence minist\u00e9rielle du Forum de partenariat Russie-Afrique.<\/strong><\/p>\n\n\n\n<p>Lors de cet entretien, les deux ministres ont abord\u00e9 un large \u00e9ventail de sujets visant \u00e0 consolider la coop\u00e9ration bilat\u00e9rale. Deux axes majeurs ont \u00e9t\u00e9 au c\u0153ur des \u00e9changes : le renforcement du dialogue politique et une coop\u00e9ration commerciale et \u00e9conomique accrue.<\/p>\n\n\n\n<p>Cette rencontre s\u2019inscrit dans un contexte international marqu\u00e9 par une intensification des relations entre la Russie et les pays africains, \u00e0 travers des cadres multilat\u00e9raux tels que le Forum Russie-Afrique.<\/p>\n\n\n\n<p>Le Prof. Robert Dussey, a soulign\u00e9 l\u2019importance de cette coop\u00e9ration pour soutenir le d\u00e9veloppement du Togo, en mettant un accent particulier sur l\u2019acc\u00e8s aux technologies, aux investissements et \u00e0 des partenariats dans des secteurs cl\u00e9s.<\/p>\n\n\n\n<p>Outre Sergue\u00ef Lavrov, Mikhail Bogdanov participait \u00e0 la rencontre. Il est le repr\u00e9sentant sp\u00e9cial du pr\u00e9sident russe Vladimir Poutine pour le Moyen-Orient et les pays d\u2019Afrique, et vice-ministre des Affaires \u00e9trang\u00e8res.<\/p>\n\n\n\n<p><strong>David S.<\/strong><\/p>\n","protected":false},"excerpt":{"rendered":"<p>Le chef de la diplomatie togolaise, le Prof. Robert Dussey, s\u2019est entretenu vendredi dernier \u00e0 Sotchi avec son homologue Sergue\u00ef Lavrov lors de la conf\u00e9rence minist\u00e9rielle du Forum de partenariat&hellip; <\/p>\n","protected":false},"author":1,"featured_media":1505,"comment_status":"closed","ping_status":"closed","sticky":false,"template":"","format":"standard","meta":{"footnotes":""},"categories":[12],"tags":[],"class_list":["post-1504","post","type-post","status-publish","format-standard","has-post-thumbnail","hentry","category-diplomatie"],"yoast_head":"<!-- This site is optimized with the Yoast SEO plugin v26.4 - https:\/\/yoast.com\/wordpress\/plugins\/seo\/ -->\n<title>Coop\u00e9ration\u00a0: Robert Dussey, s\u2019est entretenu avec son homologue russe Sergue\u00ef Lavrov - La Voix de la Nation<\/title>\n<meta name=\"robots\" content=\"index, follow, max-snippet:-1, max-image-preview:large, max-video-preview:-1\" \/>\n<link rel=\"canonical\" href=\"https:\/\/lavoixdelanation.tg\/index.php\/2024\/11\/11\/cooperation-robert-dussey-sest-entretenu-avec-son-homologue-russe-serguei-lavrov\/\" \/>\n<meta property=\"og:locale\" content=\"fr_FR\" \/>\n<meta property=\"og:type\" content=\"article\" \/>\n<meta property=\"og:title\" content=\"Coop\u00e9ration\u00a0: Robert Dussey, s\u2019est entretenu avec son homologue russe Sergue\u00ef Lavrov - La Voix de la Nation\" \/>\n<meta property=\"og:description\" content=\"Le chef de la diplomatie togolaise, le Prof. Robert Dussey, s\u2019est entretenu vendredi dernier \u00e0 Sotchi avec son homologue Sergue\u00ef Lavrov lors de la conf\u00e9rence minist\u00e9rielle du Forum de partenariat&hellip;\" \/>\n<meta property=\"og:url\" content=\"https:\/\/lavoixdelanation.tg\/index.php\/2024\/11\/11\/cooperation-robert-dussey-sest-entretenu-avec-son-homologue-russe-serguei-lavrov\/\" \/>\n<meta property=\"og:site_name\" content=\"La Voix de la Nation\" \/>\n<meta property=\"article:publisher\" content=\"https:\/\/www.facebook.com\/lavoixdelanation\" \/>\n<meta property=\"article:published_time\" content=\"2024-11-11T16:26:00+00:00\" \/>\n<meta property=\"article:modified_time\" content=\"2024-12-15T16:30:13+00:00\" \/>\n<meta property=\"og:image\" content=\"https:\/\/lavoixdelanation.tg\/wp-content\/uploads\/2024\/12\/Robert-Dussey-avec-Serguei-Lavrov.jpg\" \/>\n\t<meta property=\"og:image:width\" content=\"448\" \/>\n\t<meta property=\"og:image:height\" content=\"252\" \/>\n\t<meta property=\"og:image:type\" content=\"image\/jpeg\" \/>\n<meta name=\"author\" content=\"La voix de la nation\" \/>\n<meta name=\"twitter:card\" content=\"summary_large_image\" \/>\n<meta name=\"twitter:label1\" content=\"\u00c9crit par\" \/>\n\t<meta name=\"twitter:data1\" content=\"La voix de la nation\" \/>\n\t<meta name=\"twitter:label2\" content=\"Dur\u00e9e de lecture estim\u00e9e\" \/>\n\t<meta name=\"twitter:data2\" content=\"1 minute\" \/>\n<script type=\"application\/ld+json\" class=\"yoast-schema-graph\">{\"@context\":\"https:\/\/schema.org\",\"@graph\":[{\"@type\":\"Article\",\"@id\":\"https:\/\/lavoixdelanation.tg\/index.php\/2024\/11\/11\/cooperation-robert-dussey-sest-entretenu-avec-son-homologue-russe-serguei-lavrov\/#article\",\"isPartOf\":{\"@id\":\"https:\/\/lavoixdelanation.tg\/index.php\/2024\/11\/11\/cooperation-robert-dussey-sest-entretenu-avec-son-homologue-russe-serguei-lavrov\/\"},\"author\":{\"name\":\"La voix de la nation\",\"@id\":\"https:\/\/lavoixdelanation.tg\/#\/schema\/person\/6c489293aa38053673a9e554acb6e224\"},\"headline\":\"Coop\u00e9ration\u00a0: Robert Dussey, s\u2019est entretenu avec son homologue russe Sergue\u00ef Lavrov\",\"datePublished\":\"2024-11-11T16:26:00+00:00\",\"dateModified\":\"2024-12-15T16:30:13+00:00\",\"mainEntityOfPage\":{\"@id\":\"https:\/\/lavoixdelanation.tg\/index.php\/2024\/11\/11\/cooperation-robert-dussey-sest-entretenu-avec-son-homologue-russe-serguei-lavrov\/\"},\"wordCount\":198,\"publisher\":{\"@id\":\"https:\/\/lavoixdelanation.tg\/#organization\"},\"image\":{\"@id\":\"https:\/\/lavoixdelanation.tg\/index.php\/2024\/11\/11\/cooperation-robert-dussey-sest-entretenu-avec-son-homologue-russe-serguei-lavrov\/#primaryimage\"},\"thumbnailUrl\":\"https:\/\/lavoixdelanation.tg\/wp-content\/uploads\/2024\/12\/Robert-Dussey-avec-Serguei-Lavrov.jpg\",\"articleSection\":[\"Diplomatie\"],\"inLanguage\":\"fr-FR\"},{\"@type\":\"WebPage\",\"@id\":\"https:\/\/lavoixdelanation.tg\/index.php\/2024\/11\/11\/cooperation-robert-dussey-sest-entretenu-avec-son-homologue-russe-serguei-lavrov\/\",\"url\":\"https:\/\/lavoixdelanation.tg\/index.php\/2024\/11\/11\/cooperation-robert-dussey-sest-entretenu-avec-son-homologue-russe-serguei-lavrov\/\",\"name\":\"Coop\u00e9ration\u00a0: Robert Dussey, s\u2019est entretenu avec son homologue russe Sergue\u00ef Lavrov - La Voix de la Nation\",\"isPartOf\":{\"@id\":\"https:\/\/lavoixdelanation.tg\/#website\"},\"primaryImageOfPage\":{\"@id\":\"https:\/\/lavoixdelanation.tg\/index.php\/2024\/11\/11\/cooperation-robert-dussey-sest-entretenu-avec-son-homologue-russe-serguei-lavrov\/#primaryimage\"},\"image\":{\"@id\":\"https:\/\/lavoixdelanation.tg\/index.php\/2024\/11\/11\/cooperation-robert-dussey-sest-entretenu-avec-son-homologue-russe-serguei-lavrov\/#primaryimage\"},\"thumbnailUrl\":\"https:\/\/lavoixdelanation.tg\/wp-content\/uploads\/2024\/12\/Robert-Dussey-avec-Serguei-Lavrov.jpg\",\"datePublished\":\"2024-11-11T16:26:00+00:00\",\"dateModified\":\"2024-12-15T16:30:13+00:00\",\"breadcrumb\":{\"@id\":\"https:\/\/lavoixdelanation.tg\/index.php\/2024\/11\/11\/cooperation-robert-dussey-sest-entretenu-avec-son-homologue-russe-serguei-lavrov\/#breadcrumb\"},\"inLanguage\":\"fr-FR\",\"potentialAction\":[{\"@type\":\"ReadAction\",\"target\":[\"https:\/\/lavoixdelanation.tg\/index.php\/2024\/11\/11\/cooperation-robert-dussey-sest-entretenu-avec-son-homologue-russe-serguei-lavrov\/\"]}]},{\"@type\":\"ImageObject\",\"inLanguage\":\"fr-FR\",\"@id\":\"https:\/\/lavoixdelanation.tg\/index.php\/2024\/11\/11\/cooperation-robert-dussey-sest-entretenu-avec-son-homologue-russe-serguei-lavrov\/#primaryimage\",\"url\":\"https:\/\/lavoixdelanation.tg\/wp-content\/uploads\/2024\/12\/Robert-Dussey-avec-Serguei-Lavrov.jpg\",\"contentUrl\":\"https:\/\/lavoixdelanation.tg\/wp-content\/uploads\/2024\/12\/Robert-Dussey-avec-Serguei-Lavrov.jpg\",\"width\":448,\"height\":252,\"caption\":\"Robert Dussey avec Sergue\u00ef Lavrov\"},{\"@type\":\"BreadcrumbList\",\"@id\":\"https:\/\/lavoixdelanation.tg\/index.php\/2024\/11\/11\/cooperation-robert-dussey-sest-entretenu-avec-son-homologue-russe-serguei-lavrov\/#breadcrumb\",\"itemListElement\":[{\"@type\":\"ListItem\",\"position\":1,\"name\":\"Accueil\",\"item\":\"https:\/\/lavoixdelanation.tg\/\"},{\"@type\":\"ListItem\",\"position\":2,\"name\":\"Coop\u00e9ration\u00a0: Robert Dussey, s\u2019est entretenu avec son homologue russe Sergue\u00ef Lavrov\"}]},{\"@type\":\"WebSite\",\"@id\":\"https:\/\/lavoixdelanation.tg\/#website\",\"url\":\"https:\/\/lavoixdelanation.tg\/\",\"name\":\"La Voix de la Nation\",\"description\":\"R\u00e9c\u00e9piss\u00e9 n\u00b00108\/HAAC\/01-2024\/pl\/P\",\"publisher\":{\"@id\":\"https:\/\/lavoixdelanation.tg\/#organization\"},\"alternateName\":\"VON\",\"potentialAction\":[{\"@type\":\"SearchAction\",\"target\":{\"@type\":\"EntryPoint\",\"urlTemplate\":\"https:\/\/lavoixdelanation.tg\/?s={search_term_string}\"},\"query-input\":{\"@type\":\"PropertyValueSpecification\",\"valueRequired\":true,\"valueName\":\"search_term_string\"}}],\"inLanguage\":\"fr-FR\"},{\"@type\":\"Organization\",\"@id\":\"https:\/\/lavoixdelanation.tg\/#organization\",\"name\":\"La Voix de la Nation\",\"url\":\"https:\/\/lavoixdelanation.tg\/\",\"logo\":{\"@type\":\"ImageObject\",\"inLanguage\":\"fr-FR\",\"@id\":\"https:\/\/lavoixdelanation.tg\/#\/schema\/logo\/image\/\",\"url\":\"https:\/\/lavoixdelanation.tg\/wp-content\/uploads\/2024\/12\/lavn-1.png\",\"contentUrl\":\"https:\/\/lavoixdelanation.tg\/wp-content\/uploads\/2024\/12\/lavn-1.png\",\"width\":1024,\"height\":464,\"caption\":\"La Voix de la Nation\"},\"image\":{\"@id\":\"https:\/\/lavoixdelanation.tg\/#\/schema\/logo\/image\/\"},\"sameAs\":[\"https:\/\/www.facebook.com\/lavoixdelanation\"]},{\"@type\":\"Person\",\"@id\":\"https:\/\/lavoixdelanation.tg\/#\/schema\/person\/6c489293aa38053673a9e554acb6e224\",\"name\":\"La voix de la nation\",\"image\":{\"@type\":\"ImageObject\",\"inLanguage\":\"fr-FR\",\"@id\":\"https:\/\/lavoixdelanation.tg\/#\/schema\/person\/image\/\",\"url\":\"https:\/\/secure.gravatar.com\/avatar\/8aa135d4bbc794494cecaa8d483f6d6cc1023624868deaff686baed5e727a5a1?s=96&d=mm&r=g\",\"contentUrl\":\"https:\/\/secure.gravatar.com\/avatar\/8aa135d4bbc794494cecaa8d483f6d6cc1023624868deaff686baed5e727a5a1?s=96&d=mm&r=g\",\"caption\":\"La voix de la nation\"},\"sameAs\":[\"https:\/\/lavoixdelanation.tg\"],\"url\":\"https:\/\/lavoixdelanation.tg\/index.php\/author\/lavn\/\"}]}<\/script>\n<!-- \/ Yoast SEO plugin. -->","yoast_head_json":{"title":"Coop\u00e9ration\u00a0: Robert Dussey, s\u2019est entretenu avec son homologue russe Sergue\u00ef Lavrov - La Voix de la Nation","robots":{"index":"index","follow":"follow","max-snippet":"max-snippet:-1","max-image-preview":"max-image-preview:large","max-video-preview":"max-video-preview:-1"},"canonical":"https:\/\/lavoixdelanation.tg\/index.php\/2024\/11\/11\/cooperation-robert-dussey-sest-entretenu-avec-son-homologue-russe-serguei-lavrov\/","og_locale":"fr_FR","og_type":"article","og_title":"Coop\u00e9ration\u00a0: Robert Dussey, s\u2019est entretenu avec son homologue russe Sergue\u00ef Lavrov - La Voix de la Nation","og_description":"Le chef de la diplomatie togolaise, le Prof. Robert Dussey, s\u2019est entretenu vendredi dernier \u00e0 Sotchi avec son homologue Sergue\u00ef Lavrov lors de la conf\u00e9rence minist\u00e9rielle du Forum de partenariat&hellip;","og_url":"https:\/\/lavoixdelanation.tg\/index.php\/2024\/11\/11\/cooperation-robert-dussey-sest-entretenu-avec-son-homologue-russe-serguei-lavrov\/","og_site_name":"La Voix de la Nation","article_publisher":"https:\/\/www.facebook.com\/lavoixdelanation","article_published_time":"2024-11-11T16:26:00+00:00","article_modified_time":"2024-12-15T16:30:13+00:00","og_image":[{"width":448,"height":252,"url":"https:\/\/lavoixdelanation.tg\/wp-content\/uploads\/2024\/12\/Robert-Dussey-avec-Serguei-Lavrov.jpg","type":"image\/jpeg"}],"author":"La voix de la nation","twitter_card":"summary_large_image","twitter_misc":{"\u00c9crit par":"La voix de la nation","Dur\u00e9e de lecture estim\u00e9e":"1 minute"},"schema":{"@context":"https:\/\/schema.org","@graph":[{"@type":"Article","@id":"https:\/\/lavoixdelanation.tg\/index.php\/2024\/11\/11\/cooperation-robert-dussey-sest-entretenu-avec-son-homologue-russe-serguei-lavrov\/#article","isPartOf":{"@id":"https:\/\/lavoixdelanation.tg\/index.php\/2024\/11\/11\/cooperation-robert-dussey-sest-entretenu-avec-son-homologue-russe-serguei-lavrov\/"},"author":{"name":"La voix de la nation","@id":"https:\/\/lavoixdelanation.tg\/#\/schema\/person\/6c489293aa38053673a9e554acb6e224"},"headline":"Coop\u00e9ration\u00a0: Robert Dussey, s\u2019est entretenu avec son homologue russe Sergue\u00ef Lavrov","datePublished":"2024-11-11T16:26:00+00:00","dateModified":"2024-12-15T16:30:13+00:00","mainEntityOfPage":{"@id":"https:\/\/lavoixdelanation.tg\/index.php\/2024\/11\/11\/cooperation-robert-dussey-sest-entretenu-avec-son-homologue-russe-serguei-lavrov\/"},"wordCount":198,"publisher":{"@id":"https:\/\/lavoixdelanation.tg\/#organization"},"image":{"@id":"https:\/\/lavoixdelanation.tg\/index.php\/2024\/11\/11\/cooperation-robert-dussey-sest-entretenu-avec-son-homologue-russe-serguei-lavrov\/#primaryimage"},"thumbnailUrl":"https:\/\/lavoixdelanation.tg\/wp-content\/uploads\/2024\/12\/Robert-Dussey-avec-Serguei-Lavrov.jpg","articleSection":["Diplomatie"],"inLanguage":"fr-FR"},{"@type":"WebPage","@id":"https:\/\/lavoixdelanation.tg\/index.php\/2024\/11\/11\/cooperation-robert-dussey-sest-entretenu-avec-son-homologue-russe-serguei-lavrov\/","url":"https:\/\/lavoixdelanation.tg\/index.php\/2024\/11\/11\/cooperation-robert-dussey-sest-entretenu-avec-son-homologue-russe-serguei-lavrov\/","name":"Coop\u00e9ration\u00a0: Robert Dussey, s\u2019est entretenu avec son homologue russe Sergue\u00ef Lavrov - La Voix de la Nation","isPartOf":{"@id":"https:\/\/lavoixdelanation.tg\/#website"},"primaryImageOfPage":{"@id":"https:\/\/lavoixdelanation.tg\/index.php\/2024\/11\/11\/cooperation-robert-dussey-sest-entretenu-avec-son-homologue-russe-serguei-lavrov\/#primaryimage"},"image":{"@id":"https:\/\/lavoixdelanation.tg\/index.php\/2024\/11\/11\/cooperation-robert-dussey-sest-entretenu-avec-son-homologue-russe-serguei-lavrov\/#primaryimage"},"thumbnailUrl":"https:\/\/lavoixdelanation.tg\/wp-content\/uploads\/2024\/12\/Robert-Dussey-avec-Serguei-Lavrov.jpg","datePublished":"2024-11-11T16:26:00+00:00","dateModified":"2024-12-15T16:30:13+00:00","breadcrumb":{"@id":"https:\/\/lavoixdelanation.tg\/index.php\/2024\/11\/11\/cooperation-robert-dussey-sest-entretenu-avec-son-homologue-russe-serguei-lavrov\/#breadcrumb"},"inLanguage":"fr-FR","potentialAction":[{"@type":"ReadAction","target":["https:\/\/lavoixdelanation.tg\/index.php\/2024\/11\/11\/cooperation-robert-dussey-sest-entretenu-avec-son-homologue-russe-serguei-lavrov\/"]}]},{"@type":"ImageObject","inLanguage":"fr-FR","@id":"https:\/\/lavoixdelanation.tg\/index.php\/2024\/11\/11\/cooperation-robert-dussey-sest-entretenu-avec-son-homologue-russe-serguei-lavrov\/#primaryimage","url":"https:\/\/lavoixdelanation.tg\/wp-content\/uploads\/2024\/12\/Robert-Dussey-avec-Serguei-Lavrov.jpg","contentUrl":"https:\/\/lavoixdelanation.tg\/wp-content\/uploads\/2024\/12\/Robert-Dussey-avec-Serguei-Lavrov.jpg","width":448,"height":252,"caption":"Robert Dussey avec Sergue\u00ef Lavrov"},{"@type":"BreadcrumbList","@id":"https:\/\/lavoixdelanation.tg\/index.php\/2024\/11\/11\/cooperation-robert-dussey-sest-entretenu-avec-son-homologue-russe-serguei-lavrov\/#breadcrumb","itemListElement":[{"@type":"ListItem","position":1,"name":"Accueil","item":"https:\/\/lavoixdelanation.tg\/"},{"@type":"ListItem","position":2,"name":"Coop\u00e9ration\u00a0: Robert Dussey, s\u2019est entretenu avec son homologue russe Sergue\u00ef Lavrov"}]},{"@type":"WebSite","@id":"https:\/\/lavoixdelanation.tg\/#website","url":"https:\/\/lavoixdelanation.tg\/","name":"La Voix de la Nation","description":"R\u00e9c\u00e9piss\u00e9 n\u00b00108\/HAAC\/01-2024\/pl\/P","publisher":{"@id":"https:\/\/lavoixdelanation.tg\/#organization"},"alternateName":"VON","potentialAction":[{"@type":"SearchAction","target":{"@type":"EntryPoint","urlTemplate":"https:\/\/lavoixdelanation.tg\/?s={search_term_string}"},"query-input":{"@type":"PropertyValueSpecification","valueRequired":true,"valueName":"search_term_string"}}],"inLanguage":"fr-FR"},{"@type":"Organization","@id":"https:\/\/lavoixdelanation.tg\/#organization","name":"La Voix de la Nation","url":"https:\/\/lavoixdelanation.tg\/","logo":{"@type":"ImageObject","inLanguage":"fr-FR","@id":"https:\/\/lavoixdelanation.tg\/#\/schema\/logo\/image\/","url":"https:\/\/lavoixdelanation.tg\/wp-content\/uploads\/2024\/12\/lavn-1.png","contentUrl":"https:\/\/lavoixdelanation.tg\/wp-content\/uploads\/2024\/12\/lavn-1.png","width":1024,"height":464,"caption":"La Voix de la Nation"},"image":{"@id":"https:\/\/lavoixdelanation.tg\/#\/schema\/logo\/image\/"},"sameAs":["https:\/\/www.facebook.com\/lavoixdelanation"]},{"@type":"Person","@id":"https:\/\/lavoixdelanation.tg\/#\/schema\/person\/6c489293aa38053673a9e554acb6e224","name":"La voix de la nation","image":{"@type":"ImageObject","inLanguage":"fr-FR","@id":"https:\/\/lavoixdelanation.tg\/#\/schema\/person\/image\/","url":"https:\/\/secure.gravatar.com\/avatar\/8aa135d4bbc794494cecaa8d483f6d6cc1023624868deaff686baed5e727a5a1?s=96&d=mm&r=g","contentUrl":"https:\/\/secure.gravatar.com\/avatar\/8aa135d4bbc794494cecaa8d483f6d6cc1023624868deaff686baed5e727a5a1?s=96&d=mm&r=g","caption":"La voix de la nation"},"sameAs":["https:\/\/lavoixdelanation.tg"],"url":"https:\/\/lavoixdelanation.tg\/index.php\/author\/lavn\/"}]}},"_links":{"self":[{"href":"https:\/\/lavoixdelanation.tg\/index.php\/wp-json\/wp\/v2\/posts\/1504","targetHints":{"allow":["GET"]}}],"collection":[{"href":"https:\/\/lavoixdelanation.tg\/index.php\/wp-json\/wp\/v2\/posts"}],"about":[{"href":"https:\/\/lavoixdelanation.tg\/index.php\/wp-json\/wp\/v2\/types\/post"}],"author":[{"embeddable":true,"href":"https:\/\/lavoixdelanation.tg\/index.php\/wp-json\/wp\/v2\/users\/1"}],"replies":[{"embeddable":true,"href":"https:\/\/lavoixdelanation.tg\/index.php\/wp-json\/wp\/v2\/comments?post=1504"}],"version-history":[{"count":1,"href":"https:\/\/lavoixdelanation.tg\/index.php\/wp-json\/wp\/v2\/posts\/1504\/revisions"}],"predecessor-version":[{"id":1506,"href":"https:\/\/lavoixdelanation.tg\/index.php\/wp-json\/wp\/v2\/posts\/1504\/revisions\/1506"}],"wp:featuredmedia":[{"embeddable":true,"href":"https:\/\/lavoixdelanation.tg\/index.php\/wp-json\/wp\/v2\/media\/1505"}],"wp:attachment":[{"href":"https:\/\/lavoixdelanation.tg\/index.php\/wp-json\/wp\/v2\/media?parent=1504"}],"wp:term":[{"taxonomy":"category","embeddable":true,"href":"https:\/\/lavoixdelanation.tg\/index.php\/wp-json\/wp\/v2\/categories?post=1504"},{"taxonomy":"post_tag","embeddable":true,"href":"https:\/\/lavoixdelanation.tg\/index.php\/wp-json\/wp\/v2\/tags?post=1504"}],"curies":[{"name":"wp","href":"https:\/\/api.w.org\/{rel}","templated":true}]}}