{"id":15036,"date":"2025-12-18T19:51:00","date_gmt":"2025-12-18T18:51:00","guid":{"rendered":"https:\/\/lavoixdelanation.tg\/?p=15036"},"modified":"2025-12-19T00:57:01","modified_gmt":"2025-12-18T23:57:01","slug":"faure-gnassingbe-champion-de-la-petite-enfance-selon-lunicef","status":"publish","type":"post","link":"https:\/\/lavoixdelanation.tg\/index.php\/2025\/12\/18\/faure-gnassingbe-champion-de-la-petite-enfance-selon-lunicef\/","title":{"rendered":"Faure Gnassingb\u00e9 champion de la Petite Enfance selon l\u2019UNICEF"},"content":{"rendered":"\n<p><strong>Le <\/strong><strong>Directeur r\u00e9gional du Fonds des Nations Unies pour l\u2019enfance (UNICEF) pour l\u2019Afrique de l\u2019ouest et du centre, Gilles Fagninou <\/strong><strong>a d\u00e9cern\u00e9 ce <\/strong><strong>jeudi 18 d\u00e9cembre 2025 <\/strong><strong>au Pr\u00e9sident du Conseil Faure Gnassingb\u00e9, le prix du \u00ab&nbsp;Champion de la petite enfance&nbsp;\u00bb.<\/strong><\/p>\n\n\n\n<p>C\u2019\u00e9tait au cours d\u2019une audience que lui a accord\u00e9 le Pr\u00e9sident du Conseil pour des&nbsp; \u00e9changes sur le partenariat entre le Togo et l\u2019UNICEF ainsi que les progr\u00e8s significatifs r\u00e9alis\u00e9s par le pays en mati\u00e8re de vaccination et de protection de l\u2019enfance.<\/p>\n\n\n\n<p>Le Directeur r\u00e9gional de l\u2019UNICEF s\u2019est r\u00e9joui des efforts consentis par le gouvernement togolais, sous le leadership du Pr\u00e9sident du Conseil, notamment dans le renforcement des syst\u00e8mes de sant\u00e9, l\u2019am\u00e9lioration de la couverture vaccinale et la promotion du bien-\u00eatre des enfants.<\/p>\n\n\n\n<p>\u00ab&nbsp;Nous avons f\u00e9licit\u00e9 le Pr\u00e9sident du Conseil pour les efforts remarquables que le pays a faits ces derni\u00e8res ann\u00e9es en mati\u00e8re de vaccination des moins d\u2019un an. Le Togo s\u2019affiche comme l\u2019un des pays ayant le plus progress\u00e9. Aujourd\u2019hui, plus de neuf enfants sur dix \u00e2g\u00e9s de moins d\u2019un an sont vaccin\u00e9s au Togo&nbsp;\u00bb a-t-il d\u00e9clar\u00e9.<\/p>\n\n\n\n<p>Gilles Fagninou a en outre, r\u00e9affirm\u00e9 l\u2019engagement constant de son institution \u00e0 appuyer le Togo dans la mise en \u0153uvre de sa politique nationale de protection de l\u2019enfant.<\/p>\n\n\n\n<p>\u00ab&nbsp;Nous sommes venus pour pr\u00e9senter nos f\u00e9licitations et pour voir avec le Pr\u00e9sident du Conseil et son \u00e9quipe comment nous allons travailler ensemble pour renforcer ces r\u00e9sultats et l\u2019\u00e9tendre \u00e0 d\u2019autres interventions \u00e0 fort impact pour que l\u2019enfant togolais, le petit enfant togolais puisse continuer \u00e0 b\u00e9n\u00e9ficier de ce soutien et de cette mobilisation pour que son potentiel se d\u00e9veloppe pleinement&nbsp;\u00bb, a-t-il pr\u00e9cis\u00e9.<\/p>\n\n\n\n<p>Pour rappel, le partenariat entre le Togo et l\u2019UNICEF s\u2019aligne sur les axes prioritaires du Cadre de coop\u00e9ration du d\u00e9veloppement durable des Nations Unies 2023-2026.<\/p>\n\n\n\n<p>Ce programme comporte cinq composantes principales : la survie de l\u2019enfant, l\u2019\u00e9ducation et le d\u00e9veloppement, la protection de l\u2019enfant, les politiques sociales et l\u2019efficacit\u00e9 du programme.<\/p>\n","protected":false},"excerpt":{"rendered":"<p>Le Directeur r\u00e9gional du Fonds des Nations Unies pour l\u2019enfance (UNICEF) pour l\u2019Afrique de l\u2019ouest et du centre, Gilles Fagninou a d\u00e9cern\u00e9 ce jeudi 18 d\u00e9cembre 2025 au Pr\u00e9sident du&hellip; <\/p>\n","protected":false},"author":1,"featured_media":15037,"comment_status":"open","ping_status":"closed","sticky":false,"template":"","format":"standard","meta":{"footnotes":""},"categories":[12],"tags":[45,988],"class_list":["post-15036","post","type-post","status-publish","format-standard","has-post-thumbnail","hentry","category-diplomatie","tag-faure-gnassingbe","tag-unicef"],"yoast_head":"<!-- This site is optimized with the Yoast SEO plugin v26.4 - https:\/\/yoast.com\/wordpress\/plugins\/seo\/ -->\n<title>Faure Gnassingb\u00e9 champion de la Petite Enfance selon l\u2019UNICEF - La Voix de la Nation<\/title>\n<meta name=\"robots\" content=\"index, follow, max-snippet:-1, max-image-preview:large, max-video-preview:-1\" \/>\n<link rel=\"canonical\" href=\"https:\/\/lavoixdelanation.tg\/index.php\/2025\/12\/18\/faure-gnassingbe-champion-de-la-petite-enfance-selon-lunicef\/\" \/>\n<meta property=\"og:locale\" content=\"fr_FR\" \/>\n<meta property=\"og:type\" content=\"article\" \/>\n<meta property=\"og:title\" content=\"Faure Gnassingb\u00e9 champion de la Petite Enfance selon l\u2019UNICEF - La Voix de la Nation\" \/>\n<meta property=\"og:description\" content=\"Le Directeur r\u00e9gional du Fonds des Nations Unies pour l\u2019enfance (UNICEF) pour l\u2019Afrique de l\u2019ouest et du centre, Gilles Fagninou a d\u00e9cern\u00e9 ce jeudi 18 d\u00e9cembre 2025 au Pr\u00e9sident du&hellip;\" \/>\n<meta property=\"og:url\" content=\"https:\/\/lavoixdelanation.tg\/index.php\/2025\/12\/18\/faure-gnassingbe-champion-de-la-petite-enfance-selon-lunicef\/\" \/>\n<meta property=\"og:site_name\" content=\"La Voix de la Nation\" \/>\n<meta property=\"article:publisher\" content=\"https:\/\/www.facebook.com\/lavoixdelanation\" \/>\n<meta property=\"article:published_time\" content=\"2025-12-18T18:51:00+00:00\" \/>\n<meta property=\"article:modified_time\" content=\"2025-12-18T23:57:01+00:00\" \/>\n<meta property=\"og:image\" content=\"https:\/\/lavoixdelanation.tg\/wp-content\/uploads\/2025\/12\/Le-Directeur-regional-de-lUNICEF-a-gauche-decerne-le-prix-a-Faure-Gnassingbe.jpg\" \/>\n\t<meta property=\"og:image:width\" content=\"683\" \/>\n\t<meta property=\"og:image:height\" content=\"450\" \/>\n\t<meta property=\"og:image:type\" content=\"image\/jpeg\" \/>\n<meta name=\"author\" content=\"La voix de la nation\" \/>\n<meta name=\"twitter:card\" content=\"summary_large_image\" \/>\n<meta name=\"twitter:label1\" content=\"\u00c9crit par\" \/>\n\t<meta name=\"twitter:data1\" content=\"La voix de la nation\" \/>\n\t<meta name=\"twitter:label2\" content=\"Dur\u00e9e de lecture estim\u00e9e\" \/>\n\t<meta name=\"twitter:data2\" content=\"2 minutes\" \/>\n<script type=\"application\/ld+json\" class=\"yoast-schema-graph\">{\"@context\":\"https:\/\/schema.org\",\"@graph\":[{\"@type\":\"Article\",\"@id\":\"https:\/\/lavoixdelanation.tg\/index.php\/2025\/12\/18\/faure-gnassingbe-champion-de-la-petite-enfance-selon-lunicef\/#article\",\"isPartOf\":{\"@id\":\"https:\/\/lavoixdelanation.tg\/index.php\/2025\/12\/18\/faure-gnassingbe-champion-de-la-petite-enfance-selon-lunicef\/\"},\"author\":{\"name\":\"La voix de la nation\",\"@id\":\"https:\/\/lavoixdelanation.tg\/#\/schema\/person\/6c489293aa38053673a9e554acb6e224\"},\"headline\":\"Faure Gnassingb\u00e9 champion de la Petite Enfance selon l\u2019UNICEF\",\"datePublished\":\"2025-12-18T18:51:00+00:00\",\"dateModified\":\"2025-12-18T23:57:01+00:00\",\"mainEntityOfPage\":{\"@id\":\"https:\/\/lavoixdelanation.tg\/index.php\/2025\/12\/18\/faure-gnassingbe-champion-de-la-petite-enfance-selon-lunicef\/\"},\"wordCount\":393,\"commentCount\":0,\"publisher\":{\"@id\":\"https:\/\/lavoixdelanation.tg\/#organization\"},\"image\":{\"@id\":\"https:\/\/lavoixdelanation.tg\/index.php\/2025\/12\/18\/faure-gnassingbe-champion-de-la-petite-enfance-selon-lunicef\/#primaryimage\"},\"thumbnailUrl\":\"https:\/\/lavoixdelanation.tg\/wp-content\/uploads\/2025\/12\/Le-Directeur-regional-de-lUNICEF-a-gauche-decerne-le-prix-a-Faure-Gnassingbe.jpg\",\"keywords\":[\"Faure Gnassingb\u00e9\",\"UNICEF\"],\"articleSection\":[\"Diplomatie\"],\"inLanguage\":\"fr-FR\",\"potentialAction\":[{\"@type\":\"CommentAction\",\"name\":\"Comment\",\"target\":[\"https:\/\/lavoixdelanation.tg\/index.php\/2025\/12\/18\/faure-gnassingbe-champion-de-la-petite-enfance-selon-lunicef\/#respond\"]}]},{\"@type\":\"WebPage\",\"@id\":\"https:\/\/lavoixdelanation.tg\/index.php\/2025\/12\/18\/faure-gnassingbe-champion-de-la-petite-enfance-selon-lunicef\/\",\"url\":\"https:\/\/lavoixdelanation.tg\/index.php\/2025\/12\/18\/faure-gnassingbe-champion-de-la-petite-enfance-selon-lunicef\/\",\"name\":\"Faure Gnassingb\u00e9 champion de la Petite Enfance selon l\u2019UNICEF - La Voix de la Nation\",\"isPartOf\":{\"@id\":\"https:\/\/lavoixdelanation.tg\/#website\"},\"primaryImageOfPage\":{\"@id\":\"https:\/\/lavoixdelanation.tg\/index.php\/2025\/12\/18\/faure-gnassingbe-champion-de-la-petite-enfance-selon-lunicef\/#primaryimage\"},\"image\":{\"@id\":\"https:\/\/lavoixdelanation.tg\/index.php\/2025\/12\/18\/faure-gnassingbe-champion-de-la-petite-enfance-selon-lunicef\/#primaryimage\"},\"thumbnailUrl\":\"https:\/\/lavoixdelanation.tg\/wp-content\/uploads\/2025\/12\/Le-Directeur-regional-de-lUNICEF-a-gauche-decerne-le-prix-a-Faure-Gnassingbe.jpg\",\"datePublished\":\"2025-12-18T18:51:00+00:00\",\"dateModified\":\"2025-12-18T23:57:01+00:00\",\"breadcrumb\":{\"@id\":\"https:\/\/lavoixdelanation.tg\/index.php\/2025\/12\/18\/faure-gnassingbe-champion-de-la-petite-enfance-selon-lunicef\/#breadcrumb\"},\"inLanguage\":\"fr-FR\",\"potentialAction\":[{\"@type\":\"ReadAction\",\"target\":[\"https:\/\/lavoixdelanation.tg\/index.php\/2025\/12\/18\/faure-gnassingbe-champion-de-la-petite-enfance-selon-lunicef\/\"]}]},{\"@type\":\"ImageObject\",\"inLanguage\":\"fr-FR\",\"@id\":\"https:\/\/lavoixdelanation.tg\/index.php\/2025\/12\/18\/faure-gnassingbe-champion-de-la-petite-enfance-selon-lunicef\/#primaryimage\",\"url\":\"https:\/\/lavoixdelanation.tg\/wp-content\/uploads\/2025\/12\/Le-Directeur-regional-de-lUNICEF-a-gauche-decerne-le-prix-a-Faure-Gnassingbe.jpg\",\"contentUrl\":\"https:\/\/lavoixdelanation.tg\/wp-content\/uploads\/2025\/12\/Le-Directeur-regional-de-lUNICEF-a-gauche-decerne-le-prix-a-Faure-Gnassingbe.jpg\",\"width\":683,\"height\":450,\"caption\":\"Le Directeur r\u00e9gional de l\u2019UNICEF (\u00e0 gauche) d\u00e9cerne le prix \u00e0 Faure Gnassingb\u00e9\"},{\"@type\":\"BreadcrumbList\",\"@id\":\"https:\/\/lavoixdelanation.tg\/index.php\/2025\/12\/18\/faure-gnassingbe-champion-de-la-petite-enfance-selon-lunicef\/#breadcrumb\",\"itemListElement\":[{\"@type\":\"ListItem\",\"position\":1,\"name\":\"Accueil\",\"item\":\"https:\/\/lavoixdelanation.tg\/\"},{\"@type\":\"ListItem\",\"position\":2,\"name\":\"Faure Gnassingb\u00e9 champion de la Petite Enfance selon l\u2019UNICEF\"}]},{\"@type\":\"WebSite\",\"@id\":\"https:\/\/lavoixdelanation.tg\/#website\",\"url\":\"https:\/\/lavoixdelanation.tg\/\",\"name\":\"La Voix de la Nation\",\"description\":\"R\u00e9c\u00e9piss\u00e9 n\u00b00108\/HAAC\/01-2024\/pl\/P\",\"publisher\":{\"@id\":\"https:\/\/lavoixdelanation.tg\/#organization\"},\"alternateName\":\"VON\",\"potentialAction\":[{\"@type\":\"SearchAction\",\"target\":{\"@type\":\"EntryPoint\",\"urlTemplate\":\"https:\/\/lavoixdelanation.tg\/?s={search_term_string}\"},\"query-input\":{\"@type\":\"PropertyValueSpecification\",\"valueRequired\":true,\"valueName\":\"search_term_string\"}}],\"inLanguage\":\"fr-FR\"},{\"@type\":\"Organization\",\"@id\":\"https:\/\/lavoixdelanation.tg\/#organization\",\"name\":\"La Voix de la Nation\",\"url\":\"https:\/\/lavoixdelanation.tg\/\",\"logo\":{\"@type\":\"ImageObject\",\"inLanguage\":\"fr-FR\",\"@id\":\"https:\/\/lavoixdelanation.tg\/#\/schema\/logo\/image\/\",\"url\":\"https:\/\/lavoixdelanation.tg\/wp-content\/uploads\/2024\/12\/lavn-1.png\",\"contentUrl\":\"https:\/\/lavoixdelanation.tg\/wp-content\/uploads\/2024\/12\/lavn-1.png\",\"width\":1024,\"height\":464,\"caption\":\"La Voix de la Nation\"},\"image\":{\"@id\":\"https:\/\/lavoixdelanation.tg\/#\/schema\/logo\/image\/\"},\"sameAs\":[\"https:\/\/www.facebook.com\/lavoixdelanation\"]},{\"@type\":\"Person\",\"@id\":\"https:\/\/lavoixdelanation.tg\/#\/schema\/person\/6c489293aa38053673a9e554acb6e224\",\"name\":\"La voix de la nation\",\"image\":{\"@type\":\"ImageObject\",\"inLanguage\":\"fr-FR\",\"@id\":\"https:\/\/lavoixdelanation.tg\/#\/schema\/person\/image\/\",\"url\":\"https:\/\/secure.gravatar.com\/avatar\/8aa135d4bbc794494cecaa8d483f6d6cc1023624868deaff686baed5e727a5a1?s=96&d=mm&r=g\",\"contentUrl\":\"https:\/\/secure.gravatar.com\/avatar\/8aa135d4bbc794494cecaa8d483f6d6cc1023624868deaff686baed5e727a5a1?s=96&d=mm&r=g\",\"caption\":\"La voix de la nation\"},\"sameAs\":[\"https:\/\/lavoixdelanation.tg\"],\"url\":\"https:\/\/lavoixdelanation.tg\/index.php\/author\/lavn\/\"}]}<\/script>\n<!-- \/ Yoast SEO plugin. -->","yoast_head_json":{"title":"Faure Gnassingb\u00e9 champion de la Petite Enfance selon l\u2019UNICEF - La Voix de la Nation","robots":{"index":"index","follow":"follow","max-snippet":"max-snippet:-1","max-image-preview":"max-image-preview:large","max-video-preview":"max-video-preview:-1"},"canonical":"https:\/\/lavoixdelanation.tg\/index.php\/2025\/12\/18\/faure-gnassingbe-champion-de-la-petite-enfance-selon-lunicef\/","og_locale":"fr_FR","og_type":"article","og_title":"Faure Gnassingb\u00e9 champion de la Petite Enfance selon l\u2019UNICEF - La Voix de la Nation","og_description":"Le Directeur r\u00e9gional du Fonds des Nations Unies pour l\u2019enfance (UNICEF) pour l\u2019Afrique de l\u2019ouest et du centre, Gilles Fagninou a d\u00e9cern\u00e9 ce jeudi 18 d\u00e9cembre 2025 au Pr\u00e9sident du&hellip;","og_url":"https:\/\/lavoixdelanation.tg\/index.php\/2025\/12\/18\/faure-gnassingbe-champion-de-la-petite-enfance-selon-lunicef\/","og_site_name":"La Voix de la Nation","article_publisher":"https:\/\/www.facebook.com\/lavoixdelanation","article_published_time":"2025-12-18T18:51:00+00:00","article_modified_time":"2025-12-18T23:57:01+00:00","og_image":[{"width":683,"height":450,"url":"https:\/\/lavoixdelanation.tg\/wp-content\/uploads\/2025\/12\/Le-Directeur-regional-de-lUNICEF-a-gauche-decerne-le-prix-a-Faure-Gnassingbe.jpg","type":"image\/jpeg"}],"author":"La voix de la nation","twitter_card":"summary_large_image","twitter_misc":{"\u00c9crit par":"La voix de la nation","Dur\u00e9e de lecture estim\u00e9e":"2 minutes"},"schema":{"@context":"https:\/\/schema.org","@graph":[{"@type":"Article","@id":"https:\/\/lavoixdelanation.tg\/index.php\/2025\/12\/18\/faure-gnassingbe-champion-de-la-petite-enfance-selon-lunicef\/#article","isPartOf":{"@id":"https:\/\/lavoixdelanation.tg\/index.php\/2025\/12\/18\/faure-gnassingbe-champion-de-la-petite-enfance-selon-lunicef\/"},"author":{"name":"La voix de la nation","@id":"https:\/\/lavoixdelanation.tg\/#\/schema\/person\/6c489293aa38053673a9e554acb6e224"},"headline":"Faure Gnassingb\u00e9 champion de la Petite Enfance selon l\u2019UNICEF","datePublished":"2025-12-18T18:51:00+00:00","dateModified":"2025-12-18T23:57:01+00:00","mainEntityOfPage":{"@id":"https:\/\/lavoixdelanation.tg\/index.php\/2025\/12\/18\/faure-gnassingbe-champion-de-la-petite-enfance-selon-lunicef\/"},"wordCount":393,"commentCount":0,"publisher":{"@id":"https:\/\/lavoixdelanation.tg\/#organization"},"image":{"@id":"https:\/\/lavoixdelanation.tg\/index.php\/2025\/12\/18\/faure-gnassingbe-champion-de-la-petite-enfance-selon-lunicef\/#primaryimage"},"thumbnailUrl":"https:\/\/lavoixdelanation.tg\/wp-content\/uploads\/2025\/12\/Le-Directeur-regional-de-lUNICEF-a-gauche-decerne-le-prix-a-Faure-Gnassingbe.jpg","keywords":["Faure Gnassingb\u00e9","UNICEF"],"articleSection":["Diplomatie"],"inLanguage":"fr-FR","potentialAction":[{"@type":"CommentAction","name":"Comment","target":["https:\/\/lavoixdelanation.tg\/index.php\/2025\/12\/18\/faure-gnassingbe-champion-de-la-petite-enfance-selon-lunicef\/#respond"]}]},{"@type":"WebPage","@id":"https:\/\/lavoixdelanation.tg\/index.php\/2025\/12\/18\/faure-gnassingbe-champion-de-la-petite-enfance-selon-lunicef\/","url":"https:\/\/lavoixdelanation.tg\/index.php\/2025\/12\/18\/faure-gnassingbe-champion-de-la-petite-enfance-selon-lunicef\/","name":"Faure Gnassingb\u00e9 champion de la Petite Enfance selon l\u2019UNICEF - La Voix de la Nation","isPartOf":{"@id":"https:\/\/lavoixdelanation.tg\/#website"},"primaryImageOfPage":{"@id":"https:\/\/lavoixdelanation.tg\/index.php\/2025\/12\/18\/faure-gnassingbe-champion-de-la-petite-enfance-selon-lunicef\/#primaryimage"},"image":{"@id":"https:\/\/lavoixdelanation.tg\/index.php\/2025\/12\/18\/faure-gnassingbe-champion-de-la-petite-enfance-selon-lunicef\/#primaryimage"},"thumbnailUrl":"https:\/\/lavoixdelanation.tg\/wp-content\/uploads\/2025\/12\/Le-Directeur-regional-de-lUNICEF-a-gauche-decerne-le-prix-a-Faure-Gnassingbe.jpg","datePublished":"2025-12-18T18:51:00+00:00","dateModified":"2025-12-18T23:57:01+00:00","breadcrumb":{"@id":"https:\/\/lavoixdelanation.tg\/index.php\/2025\/12\/18\/faure-gnassingbe-champion-de-la-petite-enfance-selon-lunicef\/#breadcrumb"},"inLanguage":"fr-FR","potentialAction":[{"@type":"ReadAction","target":["https:\/\/lavoixdelanation.tg\/index.php\/2025\/12\/18\/faure-gnassingbe-champion-de-la-petite-enfance-selon-lunicef\/"]}]},{"@type":"ImageObject","inLanguage":"fr-FR","@id":"https:\/\/lavoixdelanation.tg\/index.php\/2025\/12\/18\/faure-gnassingbe-champion-de-la-petite-enfance-selon-lunicef\/#primaryimage","url":"https:\/\/lavoixdelanation.tg\/wp-content\/uploads\/2025\/12\/Le-Directeur-regional-de-lUNICEF-a-gauche-decerne-le-prix-a-Faure-Gnassingbe.jpg","contentUrl":"https:\/\/lavoixdelanation.tg\/wp-content\/uploads\/2025\/12\/Le-Directeur-regional-de-lUNICEF-a-gauche-decerne-le-prix-a-Faure-Gnassingbe.jpg","width":683,"height":450,"caption":"Le Directeur r\u00e9gional de l\u2019UNICEF (\u00e0 gauche) d\u00e9cerne le prix \u00e0 Faure Gnassingb\u00e9"},{"@type":"BreadcrumbList","@id":"https:\/\/lavoixdelanation.tg\/index.php\/2025\/12\/18\/faure-gnassingbe-champion-de-la-petite-enfance-selon-lunicef\/#breadcrumb","itemListElement":[{"@type":"ListItem","position":1,"name":"Accueil","item":"https:\/\/lavoixdelanation.tg\/"},{"@type":"ListItem","position":2,"name":"Faure Gnassingb\u00e9 champion de la Petite Enfance selon l\u2019UNICEF"}]},{"@type":"WebSite","@id":"https:\/\/lavoixdelanation.tg\/#website","url":"https:\/\/lavoixdelanation.tg\/","name":"La Voix de la Nation","description":"R\u00e9c\u00e9piss\u00e9 n\u00b00108\/HAAC\/01-2024\/pl\/P","publisher":{"@id":"https:\/\/lavoixdelanation.tg\/#organization"},"alternateName":"VON","potentialAction":[{"@type":"SearchAction","target":{"@type":"EntryPoint","urlTemplate":"https:\/\/lavoixdelanation.tg\/?s={search_term_string}"},"query-input":{"@type":"PropertyValueSpecification","valueRequired":true,"valueName":"search_term_string"}}],"inLanguage":"fr-FR"},{"@type":"Organization","@id":"https:\/\/lavoixdelanation.tg\/#organization","name":"La Voix de la Nation","url":"https:\/\/lavoixdelanation.tg\/","logo":{"@type":"ImageObject","inLanguage":"fr-FR","@id":"https:\/\/lavoixdelanation.tg\/#\/schema\/logo\/image\/","url":"https:\/\/lavoixdelanation.tg\/wp-content\/uploads\/2024\/12\/lavn-1.png","contentUrl":"https:\/\/lavoixdelanation.tg\/wp-content\/uploads\/2024\/12\/lavn-1.png","width":1024,"height":464,"caption":"La Voix de la Nation"},"image":{"@id":"https:\/\/lavoixdelanation.tg\/#\/schema\/logo\/image\/"},"sameAs":["https:\/\/www.facebook.com\/lavoixdelanation"]},{"@type":"Person","@id":"https:\/\/lavoixdelanation.tg\/#\/schema\/person\/6c489293aa38053673a9e554acb6e224","name":"La voix de la nation","image":{"@type":"ImageObject","inLanguage":"fr-FR","@id":"https:\/\/lavoixdelanation.tg\/#\/schema\/person\/image\/","url":"https:\/\/secure.gravatar.com\/avatar\/8aa135d4bbc794494cecaa8d483f6d6cc1023624868deaff686baed5e727a5a1?s=96&d=mm&r=g","contentUrl":"https:\/\/secure.gravatar.com\/avatar\/8aa135d4bbc794494cecaa8d483f6d6cc1023624868deaff686baed5e727a5a1?s=96&d=mm&r=g","caption":"La voix de la nation"},"sameAs":["https:\/\/lavoixdelanation.tg"],"url":"https:\/\/lavoixdelanation.tg\/index.php\/author\/lavn\/"}]}},"_links":{"self":[{"href":"https:\/\/lavoixdelanation.tg\/index.php\/wp-json\/wp\/v2\/posts\/15036","targetHints":{"allow":["GET"]}}],"collection":[{"href":"https:\/\/lavoixdelanation.tg\/index.php\/wp-json\/wp\/v2\/posts"}],"about":[{"href":"https:\/\/lavoixdelanation.tg\/index.php\/wp-json\/wp\/v2\/types\/post"}],"author":[{"embeddable":true,"href":"https:\/\/lavoixdelanation.tg\/index.php\/wp-json\/wp\/v2\/users\/1"}],"replies":[{"embeddable":true,"href":"https:\/\/lavoixdelanation.tg\/index.php\/wp-json\/wp\/v2\/comments?post=15036"}],"version-history":[{"count":1,"href":"https:\/\/lavoixdelanation.tg\/index.php\/wp-json\/wp\/v2\/posts\/15036\/revisions"}],"predecessor-version":[{"id":15038,"href":"https:\/\/lavoixdelanation.tg\/index.php\/wp-json\/wp\/v2\/posts\/15036\/revisions\/15038"}],"wp:featuredmedia":[{"embeddable":true,"href":"https:\/\/lavoixdelanation.tg\/index.php\/wp-json\/wp\/v2\/media\/15037"}],"wp:attachment":[{"href":"https:\/\/lavoixdelanation.tg\/index.php\/wp-json\/wp\/v2\/media?parent=15036"}],"wp:term":[{"taxonomy":"category","embeddable":true,"href":"https:\/\/lavoixdelanation.tg\/index.php\/wp-json\/wp\/v2\/categories?post=15036"},{"taxonomy":"post_tag","embeddable":true,"href":"https:\/\/lavoixdelanation.tg\/index.php\/wp-json\/wp\/v2\/tags?post=15036"}],"curies":[{"name":"wp","href":"https:\/\/api.w.org\/{rel}","templated":true}]}}