{"id":15009,"date":"2025-12-14T09:12:15","date_gmt":"2025-12-14T08:12:15","guid":{"rendered":"https:\/\/lavoixdelanation.tg\/?p=15009"},"modified":"2025-12-14T09:12:16","modified_gmt":"2025-12-14T08:12:16","slug":"togo-les-senateurs-outilles-sur-la-gouvernance-legislative-et-budgetaire","status":"publish","type":"post","link":"https:\/\/lavoixdelanation.tg\/index.php\/2025\/12\/14\/togo-les-senateurs-outilles-sur-la-gouvernance-legislative-et-budgetaire\/","title":{"rendered":"Togo\u00a0: Les s\u00e9nateurs outill\u00e9s sur la gouvernance l\u00e9gislative et budg\u00e9taire"},"content":{"rendered":"\n<p><strong>Les s\u00e9nateurs ont pris part du 11 au 12 d\u00e9cembre 2025 \u00e0 un s\u00e9minaire d\u2019information et de formation sur la gouvernance l\u00e9gislative et budg\u00e9taire tenu \u00e0 la pr\u00e9sidence du S\u00e9nat \u00e0 Lom\u00e9.<\/strong><\/p>\n\n\n\n<p>Cette session de formation intervient en pr\u00e9lude \u00e0 l\u2019\u00e9tude de la loi de finances, exercice 2026 par les s\u00e9nateurs, apr\u00e8s l\u2019adoption du texte par l\u2019Assembl\u00e9e nationale. Une \u00e9tude qui exige de la part des s\u00e9nateurs, des connaissances approfondies.<\/p>\n\n\n\n<p>Ce s\u00e9minaire a permis aux membres du S\u00e9nat de ma\u00eetriser des outils et m\u00e9thodes d\u2019analyse des projets de loi, notamment la loi de finances, d\u2019approfondir leur compr\u00e9hension des principes et enjeux de la budg\u00e9tisation sensible au genre.<\/p>\n\n\n\n<figure class=\"wp-block-image size-large\"><img loading=\"lazy\" decoding=\"async\" width=\"1024\" height=\"601\" src=\"https:\/\/lavoixdelanation.tg\/wp-content\/uploads\/2025\/12\/Les-senateurs-outilles-sur-la-gouvernance-legislative-et-budgetaire-1024x601.jpg\" alt=\"\" class=\"wp-image-15011\" srcset=\"https:\/\/lavoixdelanation.tg\/wp-content\/uploads\/2025\/12\/Les-senateurs-outilles-sur-la-gouvernance-legislative-et-budgetaire-1024x601.jpg 1024w, https:\/\/lavoixdelanation.tg\/wp-content\/uploads\/2025\/12\/Les-senateurs-outilles-sur-la-gouvernance-legislative-et-budgetaire-300x176.jpg 300w, https:\/\/lavoixdelanation.tg\/wp-content\/uploads\/2025\/12\/Les-senateurs-outilles-sur-la-gouvernance-legislative-et-budgetaire-768x451.jpg 768w, https:\/\/lavoixdelanation.tg\/wp-content\/uploads\/2025\/12\/Les-senateurs-outilles-sur-la-gouvernance-legislative-et-budgetaire-1536x902.jpg 1536w, https:\/\/lavoixdelanation.tg\/wp-content\/uploads\/2025\/12\/Les-senateurs-outilles-sur-la-gouvernance-legislative-et-budgetaire.jpg 2048w\" sizes=\"auto, (max-width: 1024px) 100vw, 1024px\" \/><\/figure>\n\n\n\n<p>La formation s\u2019est articul\u00e9e autour de six modules con\u00e7us pour r\u00e9pondre \u00e0 leurs besoins concrets en tant que l\u00e9gislateurs. Ces modules portent sur le r\u00f4le des commissions parlementaires dans la pr\u00e9paration des d\u00e9bats l\u00e9gislatifs, les fondamentaux de la r\u00e9daction de rapports parlementaires structur\u00e9s ainsi que l\u2019analyse de la loi de finances et les enjeux li\u00e9s \u00e0 la budg\u00e9tisation sensible au genre.<\/p>\n\n\n\n<p>\u00ab Si le Parlement est une locomotive de notre d\u00e9mocratie, alors les s\u00e9nateurs en sont les m\u00e9caniciens. Et comme tout bon m\u00e9canicien, il nous faut r\u00e9guli\u00e8rement ajuster nos outils, aff\u00fbter nos comp\u00e9tences et nous assurer que notre moteur l\u00e9gislatif fonctionne avec pr\u00e9cision et efficacit\u00e9. Ces deux jours sont donc une occasion pr\u00e9cieuse pour affiner nos pratiques et renforcer notre r\u00f4le \u00bb, a indiqu\u00e9 le Pr\u00e9sident du S\u00e9nat, Barry Moussa Barqu\u00e9.<\/p>\n\n\n\n<p>Il a mis en relief l\u2019importance de la budg\u00e9tisation sensible au genre, soulignant qu\u2019en int\u00e9grant cette dimension dans les politiques publiques, le Togo fait le choix de la justice, de l\u2019\u00e9quit\u00e9 et de l\u2019investissement dans un avenir o\u00f9 chaque citoyen peut contribuer pleinement au d\u00e9veloppement national.<\/p>\n","protected":false},"excerpt":{"rendered":"<p>Les s\u00e9nateurs ont pris part du 11 au 12 d\u00e9cembre 2025 \u00e0 un s\u00e9minaire d\u2019information et de formation sur la gouvernance l\u00e9gislative et budg\u00e9taire tenu \u00e0 la pr\u00e9sidence du S\u00e9nat&hellip; <\/p>\n","protected":false},"author":1,"featured_media":15010,"comment_status":"open","ping_status":"closed","sticky":false,"template":"","format":"standard","meta":{"footnotes":""},"categories":[21],"tags":[],"class_list":["post-15009","post","type-post","status-publish","format-standard","has-post-thumbnail","hentry","category-politique"],"yoast_head":"<!-- This site is optimized with the Yoast SEO plugin v26.4 - https:\/\/yoast.com\/wordpress\/plugins\/seo\/ -->\n<title>Togo\u00a0: Les s\u00e9nateurs outill\u00e9s sur la gouvernance l\u00e9gislative et budg\u00e9taire - La Voix de la Nation<\/title>\n<meta name=\"robots\" content=\"index, follow, max-snippet:-1, max-image-preview:large, max-video-preview:-1\" \/>\n<link rel=\"canonical\" href=\"https:\/\/lavoixdelanation.tg\/index.php\/2025\/12\/14\/togo-les-senateurs-outilles-sur-la-gouvernance-legislative-et-budgetaire\/\" \/>\n<meta property=\"og:locale\" content=\"fr_FR\" \/>\n<meta property=\"og:type\" content=\"article\" \/>\n<meta property=\"og:title\" content=\"Togo\u00a0: Les s\u00e9nateurs outill\u00e9s sur la gouvernance l\u00e9gislative et budg\u00e9taire - La Voix de la Nation\" \/>\n<meta property=\"og:description\" content=\"Les s\u00e9nateurs ont pris part du 11 au 12 d\u00e9cembre 2025 \u00e0 un s\u00e9minaire d\u2019information et de formation sur la gouvernance l\u00e9gislative et budg\u00e9taire tenu \u00e0 la pr\u00e9sidence du S\u00e9nat&hellip;\" \/>\n<meta property=\"og:url\" content=\"https:\/\/lavoixdelanation.tg\/index.php\/2025\/12\/14\/togo-les-senateurs-outilles-sur-la-gouvernance-legislative-et-budgetaire\/\" \/>\n<meta property=\"og:site_name\" content=\"La Voix de la Nation\" \/>\n<meta property=\"article:publisher\" content=\"https:\/\/www.facebook.com\/lavoixdelanation\" \/>\n<meta property=\"article:published_time\" content=\"2025-12-14T08:12:15+00:00\" \/>\n<meta property=\"article:modified_time\" content=\"2025-12-14T08:12:16+00:00\" \/>\n<meta property=\"og:image\" content=\"https:\/\/lavoixdelanation.tg\/wp-content\/uploads\/2025\/12\/Les-senateurs-togolais-outilles-sur-la-gouvernance-legislative-et-budgetaire.jpg\" \/>\n\t<meta property=\"og:image:width\" content=\"2048\" \/>\n\t<meta property=\"og:image:height\" content=\"1396\" \/>\n\t<meta property=\"og:image:type\" content=\"image\/jpeg\" \/>\n<meta name=\"author\" content=\"La voix de la nation\" \/>\n<meta name=\"twitter:card\" content=\"summary_large_image\" \/>\n<meta name=\"twitter:label1\" content=\"\u00c9crit par\" \/>\n\t<meta name=\"twitter:data1\" content=\"La voix de la nation\" \/>\n\t<meta name=\"twitter:label2\" content=\"Dur\u00e9e de lecture estim\u00e9e\" \/>\n\t<meta name=\"twitter:data2\" content=\"2 minutes\" \/>\n<script type=\"application\/ld+json\" class=\"yoast-schema-graph\">{\"@context\":\"https:\/\/schema.org\",\"@graph\":[{\"@type\":\"Article\",\"@id\":\"https:\/\/lavoixdelanation.tg\/index.php\/2025\/12\/14\/togo-les-senateurs-outilles-sur-la-gouvernance-legislative-et-budgetaire\/#article\",\"isPartOf\":{\"@id\":\"https:\/\/lavoixdelanation.tg\/index.php\/2025\/12\/14\/togo-les-senateurs-outilles-sur-la-gouvernance-legislative-et-budgetaire\/\"},\"author\":{\"name\":\"La voix de la nation\",\"@id\":\"https:\/\/lavoixdelanation.tg\/#\/schema\/person\/6c489293aa38053673a9e554acb6e224\"},\"headline\":\"Togo\u00a0: Les s\u00e9nateurs outill\u00e9s sur la gouvernance l\u00e9gislative et budg\u00e9taire\",\"datePublished\":\"2025-12-14T08:12:15+00:00\",\"dateModified\":\"2025-12-14T08:12:16+00:00\",\"mainEntityOfPage\":{\"@id\":\"https:\/\/lavoixdelanation.tg\/index.php\/2025\/12\/14\/togo-les-senateurs-outilles-sur-la-gouvernance-legislative-et-budgetaire\/\"},\"wordCount\":345,\"commentCount\":0,\"publisher\":{\"@id\":\"https:\/\/lavoixdelanation.tg\/#organization\"},\"image\":{\"@id\":\"https:\/\/lavoixdelanation.tg\/index.php\/2025\/12\/14\/togo-les-senateurs-outilles-sur-la-gouvernance-legislative-et-budgetaire\/#primaryimage\"},\"thumbnailUrl\":\"https:\/\/lavoixdelanation.tg\/wp-content\/uploads\/2025\/12\/Les-senateurs-togolais-outilles-sur-la-gouvernance-legislative-et-budgetaire.jpg\",\"articleSection\":[\"Politique\"],\"inLanguage\":\"fr-FR\",\"potentialAction\":[{\"@type\":\"CommentAction\",\"name\":\"Comment\",\"target\":[\"https:\/\/lavoixdelanation.tg\/index.php\/2025\/12\/14\/togo-les-senateurs-outilles-sur-la-gouvernance-legislative-et-budgetaire\/#respond\"]}]},{\"@type\":\"WebPage\",\"@id\":\"https:\/\/lavoixdelanation.tg\/index.php\/2025\/12\/14\/togo-les-senateurs-outilles-sur-la-gouvernance-legislative-et-budgetaire\/\",\"url\":\"https:\/\/lavoixdelanation.tg\/index.php\/2025\/12\/14\/togo-les-senateurs-outilles-sur-la-gouvernance-legislative-et-budgetaire\/\",\"name\":\"Togo\u00a0: Les s\u00e9nateurs outill\u00e9s sur la gouvernance l\u00e9gislative et budg\u00e9taire - La Voix de la Nation\",\"isPartOf\":{\"@id\":\"https:\/\/lavoixdelanation.tg\/#website\"},\"primaryImageOfPage\":{\"@id\":\"https:\/\/lavoixdelanation.tg\/index.php\/2025\/12\/14\/togo-les-senateurs-outilles-sur-la-gouvernance-legislative-et-budgetaire\/#primaryimage\"},\"image\":{\"@id\":\"https:\/\/lavoixdelanation.tg\/index.php\/2025\/12\/14\/togo-les-senateurs-outilles-sur-la-gouvernance-legislative-et-budgetaire\/#primaryimage\"},\"thumbnailUrl\":\"https:\/\/lavoixdelanation.tg\/wp-content\/uploads\/2025\/12\/Les-senateurs-togolais-outilles-sur-la-gouvernance-legislative-et-budgetaire.jpg\",\"datePublished\":\"2025-12-14T08:12:15+00:00\",\"dateModified\":\"2025-12-14T08:12:16+00:00\",\"breadcrumb\":{\"@id\":\"https:\/\/lavoixdelanation.tg\/index.php\/2025\/12\/14\/togo-les-senateurs-outilles-sur-la-gouvernance-legislative-et-budgetaire\/#breadcrumb\"},\"inLanguage\":\"fr-FR\",\"potentialAction\":[{\"@type\":\"ReadAction\",\"target\":[\"https:\/\/lavoixdelanation.tg\/index.php\/2025\/12\/14\/togo-les-senateurs-outilles-sur-la-gouvernance-legislative-et-budgetaire\/\"]}]},{\"@type\":\"ImageObject\",\"inLanguage\":\"fr-FR\",\"@id\":\"https:\/\/lavoixdelanation.tg\/index.php\/2025\/12\/14\/togo-les-senateurs-outilles-sur-la-gouvernance-legislative-et-budgetaire\/#primaryimage\",\"url\":\"https:\/\/lavoixdelanation.tg\/wp-content\/uploads\/2025\/12\/Les-senateurs-togolais-outilles-sur-la-gouvernance-legislative-et-budgetaire.jpg\",\"contentUrl\":\"https:\/\/lavoixdelanation.tg\/wp-content\/uploads\/2025\/12\/Les-senateurs-togolais-outilles-sur-la-gouvernance-legislative-et-budgetaire.jpg\",\"width\":2048,\"height\":1396},{\"@type\":\"BreadcrumbList\",\"@id\":\"https:\/\/lavoixdelanation.tg\/index.php\/2025\/12\/14\/togo-les-senateurs-outilles-sur-la-gouvernance-legislative-et-budgetaire\/#breadcrumb\",\"itemListElement\":[{\"@type\":\"ListItem\",\"position\":1,\"name\":\"Accueil\",\"item\":\"https:\/\/lavoixdelanation.tg\/\"},{\"@type\":\"ListItem\",\"position\":2,\"name\":\"Togo\u00a0: Les s\u00e9nateurs outill\u00e9s sur la gouvernance l\u00e9gislative et budg\u00e9taire\"}]},{\"@type\":\"WebSite\",\"@id\":\"https:\/\/lavoixdelanation.tg\/#website\",\"url\":\"https:\/\/lavoixdelanation.tg\/\",\"name\":\"La Voix de la Nation\",\"description\":\"R\u00e9c\u00e9piss\u00e9 n\u00b00108\/HAAC\/01-2024\/pl\/P\",\"publisher\":{\"@id\":\"https:\/\/lavoixdelanation.tg\/#organization\"},\"alternateName\":\"VON\",\"potentialAction\":[{\"@type\":\"SearchAction\",\"target\":{\"@type\":\"EntryPoint\",\"urlTemplate\":\"https:\/\/lavoixdelanation.tg\/?s={search_term_string}\"},\"query-input\":{\"@type\":\"PropertyValueSpecification\",\"valueRequired\":true,\"valueName\":\"search_term_string\"}}],\"inLanguage\":\"fr-FR\"},{\"@type\":\"Organization\",\"@id\":\"https:\/\/lavoixdelanation.tg\/#organization\",\"name\":\"La Voix de la Nation\",\"url\":\"https:\/\/lavoixdelanation.tg\/\",\"logo\":{\"@type\":\"ImageObject\",\"inLanguage\":\"fr-FR\",\"@id\":\"https:\/\/lavoixdelanation.tg\/#\/schema\/logo\/image\/\",\"url\":\"https:\/\/lavoixdelanation.tg\/wp-content\/uploads\/2024\/12\/lavn-1.png\",\"contentUrl\":\"https:\/\/lavoixdelanation.tg\/wp-content\/uploads\/2024\/12\/lavn-1.png\",\"width\":1024,\"height\":464,\"caption\":\"La Voix de la Nation\"},\"image\":{\"@id\":\"https:\/\/lavoixdelanation.tg\/#\/schema\/logo\/image\/\"},\"sameAs\":[\"https:\/\/www.facebook.com\/lavoixdelanation\"]},{\"@type\":\"Person\",\"@id\":\"https:\/\/lavoixdelanation.tg\/#\/schema\/person\/6c489293aa38053673a9e554acb6e224\",\"name\":\"La voix de la nation\",\"image\":{\"@type\":\"ImageObject\",\"inLanguage\":\"fr-FR\",\"@id\":\"https:\/\/lavoixdelanation.tg\/#\/schema\/person\/image\/\",\"url\":\"https:\/\/secure.gravatar.com\/avatar\/8aa135d4bbc794494cecaa8d483f6d6cc1023624868deaff686baed5e727a5a1?s=96&d=mm&r=g\",\"contentUrl\":\"https:\/\/secure.gravatar.com\/avatar\/8aa135d4bbc794494cecaa8d483f6d6cc1023624868deaff686baed5e727a5a1?s=96&d=mm&r=g\",\"caption\":\"La voix de la nation\"},\"sameAs\":[\"https:\/\/lavoixdelanation.tg\"],\"url\":\"https:\/\/lavoixdelanation.tg\/index.php\/author\/lavn\/\"}]}<\/script>\n<!-- \/ Yoast SEO plugin. -->","yoast_head_json":{"title":"Togo\u00a0: Les s\u00e9nateurs outill\u00e9s sur la gouvernance l\u00e9gislative et budg\u00e9taire - La Voix de la Nation","robots":{"index":"index","follow":"follow","max-snippet":"max-snippet:-1","max-image-preview":"max-image-preview:large","max-video-preview":"max-video-preview:-1"},"canonical":"https:\/\/lavoixdelanation.tg\/index.php\/2025\/12\/14\/togo-les-senateurs-outilles-sur-la-gouvernance-legislative-et-budgetaire\/","og_locale":"fr_FR","og_type":"article","og_title":"Togo\u00a0: Les s\u00e9nateurs outill\u00e9s sur la gouvernance l\u00e9gislative et budg\u00e9taire - La Voix de la Nation","og_description":"Les s\u00e9nateurs ont pris part du 11 au 12 d\u00e9cembre 2025 \u00e0 un s\u00e9minaire d\u2019information et de formation sur la gouvernance l\u00e9gislative et budg\u00e9taire tenu \u00e0 la pr\u00e9sidence du S\u00e9nat&hellip;","og_url":"https:\/\/lavoixdelanation.tg\/index.php\/2025\/12\/14\/togo-les-senateurs-outilles-sur-la-gouvernance-legislative-et-budgetaire\/","og_site_name":"La Voix de la Nation","article_publisher":"https:\/\/www.facebook.com\/lavoixdelanation","article_published_time":"2025-12-14T08:12:15+00:00","article_modified_time":"2025-12-14T08:12:16+00:00","og_image":[{"width":2048,"height":1396,"url":"https:\/\/lavoixdelanation.tg\/wp-content\/uploads\/2025\/12\/Les-senateurs-togolais-outilles-sur-la-gouvernance-legislative-et-budgetaire.jpg","type":"image\/jpeg"}],"author":"La voix de la nation","twitter_card":"summary_large_image","twitter_misc":{"\u00c9crit par":"La voix de la nation","Dur\u00e9e de lecture estim\u00e9e":"2 minutes"},"schema":{"@context":"https:\/\/schema.org","@graph":[{"@type":"Article","@id":"https:\/\/lavoixdelanation.tg\/index.php\/2025\/12\/14\/togo-les-senateurs-outilles-sur-la-gouvernance-legislative-et-budgetaire\/#article","isPartOf":{"@id":"https:\/\/lavoixdelanation.tg\/index.php\/2025\/12\/14\/togo-les-senateurs-outilles-sur-la-gouvernance-legislative-et-budgetaire\/"},"author":{"name":"La voix de la nation","@id":"https:\/\/lavoixdelanation.tg\/#\/schema\/person\/6c489293aa38053673a9e554acb6e224"},"headline":"Togo\u00a0: Les s\u00e9nateurs outill\u00e9s sur la gouvernance l\u00e9gislative et budg\u00e9taire","datePublished":"2025-12-14T08:12:15+00:00","dateModified":"2025-12-14T08:12:16+00:00","mainEntityOfPage":{"@id":"https:\/\/lavoixdelanation.tg\/index.php\/2025\/12\/14\/togo-les-senateurs-outilles-sur-la-gouvernance-legislative-et-budgetaire\/"},"wordCount":345,"commentCount":0,"publisher":{"@id":"https:\/\/lavoixdelanation.tg\/#organization"},"image":{"@id":"https:\/\/lavoixdelanation.tg\/index.php\/2025\/12\/14\/togo-les-senateurs-outilles-sur-la-gouvernance-legislative-et-budgetaire\/#primaryimage"},"thumbnailUrl":"https:\/\/lavoixdelanation.tg\/wp-content\/uploads\/2025\/12\/Les-senateurs-togolais-outilles-sur-la-gouvernance-legislative-et-budgetaire.jpg","articleSection":["Politique"],"inLanguage":"fr-FR","potentialAction":[{"@type":"CommentAction","name":"Comment","target":["https:\/\/lavoixdelanation.tg\/index.php\/2025\/12\/14\/togo-les-senateurs-outilles-sur-la-gouvernance-legislative-et-budgetaire\/#respond"]}]},{"@type":"WebPage","@id":"https:\/\/lavoixdelanation.tg\/index.php\/2025\/12\/14\/togo-les-senateurs-outilles-sur-la-gouvernance-legislative-et-budgetaire\/","url":"https:\/\/lavoixdelanation.tg\/index.php\/2025\/12\/14\/togo-les-senateurs-outilles-sur-la-gouvernance-legislative-et-budgetaire\/","name":"Togo\u00a0: Les s\u00e9nateurs outill\u00e9s sur la gouvernance l\u00e9gislative et budg\u00e9taire - La Voix de la Nation","isPartOf":{"@id":"https:\/\/lavoixdelanation.tg\/#website"},"primaryImageOfPage":{"@id":"https:\/\/lavoixdelanation.tg\/index.php\/2025\/12\/14\/togo-les-senateurs-outilles-sur-la-gouvernance-legislative-et-budgetaire\/#primaryimage"},"image":{"@id":"https:\/\/lavoixdelanation.tg\/index.php\/2025\/12\/14\/togo-les-senateurs-outilles-sur-la-gouvernance-legislative-et-budgetaire\/#primaryimage"},"thumbnailUrl":"https:\/\/lavoixdelanation.tg\/wp-content\/uploads\/2025\/12\/Les-senateurs-togolais-outilles-sur-la-gouvernance-legislative-et-budgetaire.jpg","datePublished":"2025-12-14T08:12:15+00:00","dateModified":"2025-12-14T08:12:16+00:00","breadcrumb":{"@id":"https:\/\/lavoixdelanation.tg\/index.php\/2025\/12\/14\/togo-les-senateurs-outilles-sur-la-gouvernance-legislative-et-budgetaire\/#breadcrumb"},"inLanguage":"fr-FR","potentialAction":[{"@type":"ReadAction","target":["https:\/\/lavoixdelanation.tg\/index.php\/2025\/12\/14\/togo-les-senateurs-outilles-sur-la-gouvernance-legislative-et-budgetaire\/"]}]},{"@type":"ImageObject","inLanguage":"fr-FR","@id":"https:\/\/lavoixdelanation.tg\/index.php\/2025\/12\/14\/togo-les-senateurs-outilles-sur-la-gouvernance-legislative-et-budgetaire\/#primaryimage","url":"https:\/\/lavoixdelanation.tg\/wp-content\/uploads\/2025\/12\/Les-senateurs-togolais-outilles-sur-la-gouvernance-legislative-et-budgetaire.jpg","contentUrl":"https:\/\/lavoixdelanation.tg\/wp-content\/uploads\/2025\/12\/Les-senateurs-togolais-outilles-sur-la-gouvernance-legislative-et-budgetaire.jpg","width":2048,"height":1396},{"@type":"BreadcrumbList","@id":"https:\/\/lavoixdelanation.tg\/index.php\/2025\/12\/14\/togo-les-senateurs-outilles-sur-la-gouvernance-legislative-et-budgetaire\/#breadcrumb","itemListElement":[{"@type":"ListItem","position":1,"name":"Accueil","item":"https:\/\/lavoixdelanation.tg\/"},{"@type":"ListItem","position":2,"name":"Togo\u00a0: Les s\u00e9nateurs outill\u00e9s sur la gouvernance l\u00e9gislative et budg\u00e9taire"}]},{"@type":"WebSite","@id":"https:\/\/lavoixdelanation.tg\/#website","url":"https:\/\/lavoixdelanation.tg\/","name":"La Voix de la Nation","description":"R\u00e9c\u00e9piss\u00e9 n\u00b00108\/HAAC\/01-2024\/pl\/P","publisher":{"@id":"https:\/\/lavoixdelanation.tg\/#organization"},"alternateName":"VON","potentialAction":[{"@type":"SearchAction","target":{"@type":"EntryPoint","urlTemplate":"https:\/\/lavoixdelanation.tg\/?s={search_term_string}"},"query-input":{"@type":"PropertyValueSpecification","valueRequired":true,"valueName":"search_term_string"}}],"inLanguage":"fr-FR"},{"@type":"Organization","@id":"https:\/\/lavoixdelanation.tg\/#organization","name":"La Voix de la Nation","url":"https:\/\/lavoixdelanation.tg\/","logo":{"@type":"ImageObject","inLanguage":"fr-FR","@id":"https:\/\/lavoixdelanation.tg\/#\/schema\/logo\/image\/","url":"https:\/\/lavoixdelanation.tg\/wp-content\/uploads\/2024\/12\/lavn-1.png","contentUrl":"https:\/\/lavoixdelanation.tg\/wp-content\/uploads\/2024\/12\/lavn-1.png","width":1024,"height":464,"caption":"La Voix de la Nation"},"image":{"@id":"https:\/\/lavoixdelanation.tg\/#\/schema\/logo\/image\/"},"sameAs":["https:\/\/www.facebook.com\/lavoixdelanation"]},{"@type":"Person","@id":"https:\/\/lavoixdelanation.tg\/#\/schema\/person\/6c489293aa38053673a9e554acb6e224","name":"La voix de la nation","image":{"@type":"ImageObject","inLanguage":"fr-FR","@id":"https:\/\/lavoixdelanation.tg\/#\/schema\/person\/image\/","url":"https:\/\/secure.gravatar.com\/avatar\/8aa135d4bbc794494cecaa8d483f6d6cc1023624868deaff686baed5e727a5a1?s=96&d=mm&r=g","contentUrl":"https:\/\/secure.gravatar.com\/avatar\/8aa135d4bbc794494cecaa8d483f6d6cc1023624868deaff686baed5e727a5a1?s=96&d=mm&r=g","caption":"La voix de la nation"},"sameAs":["https:\/\/lavoixdelanation.tg"],"url":"https:\/\/lavoixdelanation.tg\/index.php\/author\/lavn\/"}]}},"_links":{"self":[{"href":"https:\/\/lavoixdelanation.tg\/index.php\/wp-json\/wp\/v2\/posts\/15009","targetHints":{"allow":["GET"]}}],"collection":[{"href":"https:\/\/lavoixdelanation.tg\/index.php\/wp-json\/wp\/v2\/posts"}],"about":[{"href":"https:\/\/lavoixdelanation.tg\/index.php\/wp-json\/wp\/v2\/types\/post"}],"author":[{"embeddable":true,"href":"https:\/\/lavoixdelanation.tg\/index.php\/wp-json\/wp\/v2\/users\/1"}],"replies":[{"embeddable":true,"href":"https:\/\/lavoixdelanation.tg\/index.php\/wp-json\/wp\/v2\/comments?post=15009"}],"version-history":[{"count":1,"href":"https:\/\/lavoixdelanation.tg\/index.php\/wp-json\/wp\/v2\/posts\/15009\/revisions"}],"predecessor-version":[{"id":15012,"href":"https:\/\/lavoixdelanation.tg\/index.php\/wp-json\/wp\/v2\/posts\/15009\/revisions\/15012"}],"wp:featuredmedia":[{"embeddable":true,"href":"https:\/\/lavoixdelanation.tg\/index.php\/wp-json\/wp\/v2\/media\/15010"}],"wp:attachment":[{"href":"https:\/\/lavoixdelanation.tg\/index.php\/wp-json\/wp\/v2\/media?parent=15009"}],"wp:term":[{"taxonomy":"category","embeddable":true,"href":"https:\/\/lavoixdelanation.tg\/index.php\/wp-json\/wp\/v2\/categories?post=15009"},{"taxonomy":"post_tag","embeddable":true,"href":"https:\/\/lavoixdelanation.tg\/index.php\/wp-json\/wp\/v2\/tags?post=15009"}],"curies":[{"name":"wp","href":"https:\/\/api.w.org\/{rel}","templated":true}]}}