{"id":14989,"date":"2025-12-10T20:36:00","date_gmt":"2025-12-10T19:36:00","guid":{"rendered":"https:\/\/lavoixdelanation.tg\/?p=14989"},"modified":"2025-12-11T07:48:01","modified_gmt":"2025-12-11T06:48:01","slug":"togo-adoption-du-budget-de-letat-exercice-2026-par-lassemblee-nationale","status":"publish","type":"post","link":"https:\/\/lavoixdelanation.tg\/index.php\/2025\/12\/10\/togo-adoption-du-budget-de-letat-exercice-2026-par-lassemblee-nationale\/","title":{"rendered":"Togo\u00a0: Adoption du budget de l\u2019Etat, exercice 2026 par l\u2019Assembl\u00e9e nationale"},"content":{"rendered":"\n<p>Les d\u00e9put\u00e9s ont <strong><a href=\"https:\/\/assemblee-nationale.tg\/lassemblee-nationale-adopte-le-projet-de-loi-de-finances-exercice-2026\/\">adopt\u00e9 <\/a><\/strong>ce mardi 9 d\u00e9cembre 2025 \u00e0 une large majorit\u00e9, le projet de loi de finances, exercice 2026. Le budget, \u00e9quilibr\u00e9 en ressources et en charges \u00e0 2 751 542 015 000 FCFA, enregistre une progression significative de 14,8 % par rapport \u00e0 2025.<\/p>\n\n\n\n<p>Le secteur social reste au c\u0153ur des priorit\u00e9s gouvernementales avec 669 milliards F CFA, soit pr\u00e8s de 48 % des d\u00e9penses budg\u00e9taires, consacr\u00e9es au renforcement de l\u2019\u00e9ducation, de la sant\u00e9, de l\u2019acc\u00e8s \u00e0 l\u2019eau, de l\u2019\u00e9nergie et de la protection sociale.<\/p>\n\n\n\n<p>Pour sa part, la transformation \u00e9conomique b\u00e9n\u00e9ficie de 407 milliards F CFA, tandis que l\u2019axe d\u00e9di\u00e9 au renforcement de l\u2019\u00c9tat est dot\u00e9 de 324 milliards F CFA.<\/p>\n\n\n\n<p>Une \u00e9tape majeure du processus budg\u00e9taire est ainsi franchie. Conform\u00e9ment \u00e0 la Constitution de la Ve R\u00e9publique, le projet de loi de finances sera d\u00e9sormais transmis au S\u00e9nat pour une seconde lecture. L\u2019adoption d\u00e9finitive est attendue avant la fin de l\u2019ann\u00e9e, afin de permettre l\u2019entr\u00e9e en vigueur du budget le 1\u1d49\u02b3 janvier 2026.<\/p>\n\n\n\n<p>La <strong><a href=\"https:\/\/assemblee-nationale.tg\/lassemblee-nationale-adopte-le-projet-de-loi-de-finances-exercice-2026\/\">s\u00e9ance <\/a><\/strong>a \u00e9t\u00e9 pr\u00e9sid\u00e9e par Komi Selom Klassou, Pr\u00e9sident de l\u2019Assembl\u00e9e nationale, en pr\u00e9sence du ministre des Finances et du Budget, Essow\u00e8 Georges Barcola.<\/p>\n","protected":false},"excerpt":{"rendered":"<p>Les d\u00e9put\u00e9s ont adopt\u00e9 ce mardi 9 d\u00e9cembre 2025 \u00e0 une large majorit\u00e9, le projet de loi de finances, exercice 2026. Le budget, \u00e9quilibr\u00e9 en ressources et en charges \u00e0&hellip; <\/p>\n","protected":false},"author":1,"featured_media":14990,"comment_status":"open","ping_status":"closed","sticky":false,"template":"","format":"standard","meta":{"footnotes":""},"categories":[8],"tags":[43,1106,39],"class_list":["post-14989","post","type-post","status-publish","format-standard","has-post-thumbnail","hentry","category-economie","tag-assemblee-nationale","tag-budget-2026","tag-togo"],"yoast_head":"<!-- This site is optimized with the Yoast SEO plugin v26.4 - https:\/\/yoast.com\/wordpress\/plugins\/seo\/ -->\n<title>Togo\u00a0: Adoption du budget de l\u2019Etat, exercice 2026 par l\u2019Assembl\u00e9e nationale - La Voix de la Nation<\/title>\n<meta name=\"robots\" content=\"index, follow, max-snippet:-1, max-image-preview:large, max-video-preview:-1\" \/>\n<link rel=\"canonical\" href=\"https:\/\/lavoixdelanation.tg\/index.php\/2025\/12\/10\/togo-adoption-du-budget-de-letat-exercice-2026-par-lassemblee-nationale\/\" \/>\n<meta property=\"og:locale\" content=\"fr_FR\" \/>\n<meta property=\"og:type\" content=\"article\" \/>\n<meta property=\"og:title\" content=\"Togo\u00a0: Adoption du budget de l\u2019Etat, exercice 2026 par l\u2019Assembl\u00e9e nationale - La Voix de la Nation\" \/>\n<meta property=\"og:description\" content=\"Les d\u00e9put\u00e9s ont adopt\u00e9 ce mardi 9 d\u00e9cembre 2025 \u00e0 une large majorit\u00e9, le projet de loi de finances, exercice 2026. Le budget, \u00e9quilibr\u00e9 en ressources et en charges \u00e0&hellip;\" \/>\n<meta property=\"og:url\" content=\"https:\/\/lavoixdelanation.tg\/index.php\/2025\/12\/10\/togo-adoption-du-budget-de-letat-exercice-2026-par-lassemblee-nationale\/\" \/>\n<meta property=\"og:site_name\" content=\"La Voix de la Nation\" \/>\n<meta property=\"article:publisher\" content=\"https:\/\/www.facebook.com\/lavoixdelanation\" \/>\n<meta property=\"article:published_time\" content=\"2025-12-10T19:36:00+00:00\" \/>\n<meta property=\"article:modified_time\" content=\"2025-12-11T06:48:01+00:00\" \/>\n<meta property=\"og:image\" content=\"https:\/\/lavoixdelanation.tg\/wp-content\/uploads\/2025\/12\/Au-Togo-adoption-du-budget-de-lEtat-exercice-2026-par-lAssemblee-nationale.jpg\" \/>\n\t<meta property=\"og:image:width\" content=\"600\" \/>\n\t<meta property=\"og:image:height\" content=\"400\" \/>\n\t<meta property=\"og:image:type\" content=\"image\/jpeg\" \/>\n<meta name=\"author\" content=\"La voix de la nation\" \/>\n<meta name=\"twitter:card\" content=\"summary_large_image\" \/>\n<meta name=\"twitter:label1\" content=\"\u00c9crit par\" \/>\n\t<meta name=\"twitter:data1\" content=\"La voix de la nation\" \/>\n\t<meta name=\"twitter:label2\" content=\"Dur\u00e9e de lecture estim\u00e9e\" \/>\n\t<meta name=\"twitter:data2\" content=\"2 minutes\" \/>\n<script type=\"application\/ld+json\" class=\"yoast-schema-graph\">{\"@context\":\"https:\/\/schema.org\",\"@graph\":[{\"@type\":\"Article\",\"@id\":\"https:\/\/lavoixdelanation.tg\/index.php\/2025\/12\/10\/togo-adoption-du-budget-de-letat-exercice-2026-par-lassemblee-nationale\/#article\",\"isPartOf\":{\"@id\":\"https:\/\/lavoixdelanation.tg\/index.php\/2025\/12\/10\/togo-adoption-du-budget-de-letat-exercice-2026-par-lassemblee-nationale\/\"},\"author\":{\"name\":\"La voix de la nation\",\"@id\":\"https:\/\/lavoixdelanation.tg\/#\/schema\/person\/6c489293aa38053673a9e554acb6e224\"},\"headline\":\"Togo\u00a0: Adoption du budget de l\u2019Etat, exercice 2026 par l\u2019Assembl\u00e9e nationale\",\"datePublished\":\"2025-12-10T19:36:00+00:00\",\"dateModified\":\"2025-12-11T06:48:01+00:00\",\"mainEntityOfPage\":{\"@id\":\"https:\/\/lavoixdelanation.tg\/index.php\/2025\/12\/10\/togo-adoption-du-budget-de-letat-exercice-2026-par-lassemblee-nationale\/\"},\"wordCount\":220,\"commentCount\":0,\"publisher\":{\"@id\":\"https:\/\/lavoixdelanation.tg\/#organization\"},\"image\":{\"@id\":\"https:\/\/lavoixdelanation.tg\/index.php\/2025\/12\/10\/togo-adoption-du-budget-de-letat-exercice-2026-par-lassemblee-nationale\/#primaryimage\"},\"thumbnailUrl\":\"https:\/\/lavoixdelanation.tg\/wp-content\/uploads\/2025\/12\/Au-Togo-adoption-du-budget-de-lEtat-exercice-2026-par-lAssemblee-nationale.jpg\",\"keywords\":[\"Assembl\u00e9e nationale\",\"Budget 2026\",\"Togo\"],\"articleSection\":[\"Economie\"],\"inLanguage\":\"fr-FR\",\"potentialAction\":[{\"@type\":\"CommentAction\",\"name\":\"Comment\",\"target\":[\"https:\/\/lavoixdelanation.tg\/index.php\/2025\/12\/10\/togo-adoption-du-budget-de-letat-exercice-2026-par-lassemblee-nationale\/#respond\"]}]},{\"@type\":\"WebPage\",\"@id\":\"https:\/\/lavoixdelanation.tg\/index.php\/2025\/12\/10\/togo-adoption-du-budget-de-letat-exercice-2026-par-lassemblee-nationale\/\",\"url\":\"https:\/\/lavoixdelanation.tg\/index.php\/2025\/12\/10\/togo-adoption-du-budget-de-letat-exercice-2026-par-lassemblee-nationale\/\",\"name\":\"Togo\u00a0: Adoption du budget de l\u2019Etat, exercice 2026 par l\u2019Assembl\u00e9e nationale - La Voix de la Nation\",\"isPartOf\":{\"@id\":\"https:\/\/lavoixdelanation.tg\/#website\"},\"primaryImageOfPage\":{\"@id\":\"https:\/\/lavoixdelanation.tg\/index.php\/2025\/12\/10\/togo-adoption-du-budget-de-letat-exercice-2026-par-lassemblee-nationale\/#primaryimage\"},\"image\":{\"@id\":\"https:\/\/lavoixdelanation.tg\/index.php\/2025\/12\/10\/togo-adoption-du-budget-de-letat-exercice-2026-par-lassemblee-nationale\/#primaryimage\"},\"thumbnailUrl\":\"https:\/\/lavoixdelanation.tg\/wp-content\/uploads\/2025\/12\/Au-Togo-adoption-du-budget-de-lEtat-exercice-2026-par-lAssemblee-nationale.jpg\",\"datePublished\":\"2025-12-10T19:36:00+00:00\",\"dateModified\":\"2025-12-11T06:48:01+00:00\",\"breadcrumb\":{\"@id\":\"https:\/\/lavoixdelanation.tg\/index.php\/2025\/12\/10\/togo-adoption-du-budget-de-letat-exercice-2026-par-lassemblee-nationale\/#breadcrumb\"},\"inLanguage\":\"fr-FR\",\"potentialAction\":[{\"@type\":\"ReadAction\",\"target\":[\"https:\/\/lavoixdelanation.tg\/index.php\/2025\/12\/10\/togo-adoption-du-budget-de-letat-exercice-2026-par-lassemblee-nationale\/\"]}]},{\"@type\":\"ImageObject\",\"inLanguage\":\"fr-FR\",\"@id\":\"https:\/\/lavoixdelanation.tg\/index.php\/2025\/12\/10\/togo-adoption-du-budget-de-letat-exercice-2026-par-lassemblee-nationale\/#primaryimage\",\"url\":\"https:\/\/lavoixdelanation.tg\/wp-content\/uploads\/2025\/12\/Au-Togo-adoption-du-budget-de-lEtat-exercice-2026-par-lAssemblee-nationale.jpg\",\"contentUrl\":\"https:\/\/lavoixdelanation.tg\/wp-content\/uploads\/2025\/12\/Au-Togo-adoption-du-budget-de-lEtat-exercice-2026-par-lAssemblee-nationale.jpg\",\"width\":600,\"height\":400},{\"@type\":\"BreadcrumbList\",\"@id\":\"https:\/\/lavoixdelanation.tg\/index.php\/2025\/12\/10\/togo-adoption-du-budget-de-letat-exercice-2026-par-lassemblee-nationale\/#breadcrumb\",\"itemListElement\":[{\"@type\":\"ListItem\",\"position\":1,\"name\":\"Accueil\",\"item\":\"https:\/\/lavoixdelanation.tg\/\"},{\"@type\":\"ListItem\",\"position\":2,\"name\":\"Togo\u00a0: Adoption du budget de l\u2019Etat, exercice 2026 par l\u2019Assembl\u00e9e nationale\"}]},{\"@type\":\"WebSite\",\"@id\":\"https:\/\/lavoixdelanation.tg\/#website\",\"url\":\"https:\/\/lavoixdelanation.tg\/\",\"name\":\"La Voix de la Nation\",\"description\":\"R\u00e9c\u00e9piss\u00e9 n\u00b00108\/HAAC\/01-2024\/pl\/P\",\"publisher\":{\"@id\":\"https:\/\/lavoixdelanation.tg\/#organization\"},\"alternateName\":\"VON\",\"potentialAction\":[{\"@type\":\"SearchAction\",\"target\":{\"@type\":\"EntryPoint\",\"urlTemplate\":\"https:\/\/lavoixdelanation.tg\/?s={search_term_string}\"},\"query-input\":{\"@type\":\"PropertyValueSpecification\",\"valueRequired\":true,\"valueName\":\"search_term_string\"}}],\"inLanguage\":\"fr-FR\"},{\"@type\":\"Organization\",\"@id\":\"https:\/\/lavoixdelanation.tg\/#organization\",\"name\":\"La Voix de la Nation\",\"url\":\"https:\/\/lavoixdelanation.tg\/\",\"logo\":{\"@type\":\"ImageObject\",\"inLanguage\":\"fr-FR\",\"@id\":\"https:\/\/lavoixdelanation.tg\/#\/schema\/logo\/image\/\",\"url\":\"https:\/\/lavoixdelanation.tg\/wp-content\/uploads\/2024\/12\/lavn-1.png\",\"contentUrl\":\"https:\/\/lavoixdelanation.tg\/wp-content\/uploads\/2024\/12\/lavn-1.png\",\"width\":1024,\"height\":464,\"caption\":\"La Voix de la Nation\"},\"image\":{\"@id\":\"https:\/\/lavoixdelanation.tg\/#\/schema\/logo\/image\/\"},\"sameAs\":[\"https:\/\/www.facebook.com\/lavoixdelanation\"]},{\"@type\":\"Person\",\"@id\":\"https:\/\/lavoixdelanation.tg\/#\/schema\/person\/6c489293aa38053673a9e554acb6e224\",\"name\":\"La voix de la nation\",\"image\":{\"@type\":\"ImageObject\",\"inLanguage\":\"fr-FR\",\"@id\":\"https:\/\/lavoixdelanation.tg\/#\/schema\/person\/image\/\",\"url\":\"https:\/\/secure.gravatar.com\/avatar\/8aa135d4bbc794494cecaa8d483f6d6cc1023624868deaff686baed5e727a5a1?s=96&d=mm&r=g\",\"contentUrl\":\"https:\/\/secure.gravatar.com\/avatar\/8aa135d4bbc794494cecaa8d483f6d6cc1023624868deaff686baed5e727a5a1?s=96&d=mm&r=g\",\"caption\":\"La voix de la nation\"},\"sameAs\":[\"https:\/\/lavoixdelanation.tg\"],\"url\":\"https:\/\/lavoixdelanation.tg\/index.php\/author\/lavn\/\"}]}<\/script>\n<!-- \/ Yoast SEO plugin. -->","yoast_head_json":{"title":"Togo\u00a0: Adoption du budget de l\u2019Etat, exercice 2026 par l\u2019Assembl\u00e9e nationale - La Voix de la Nation","robots":{"index":"index","follow":"follow","max-snippet":"max-snippet:-1","max-image-preview":"max-image-preview:large","max-video-preview":"max-video-preview:-1"},"canonical":"https:\/\/lavoixdelanation.tg\/index.php\/2025\/12\/10\/togo-adoption-du-budget-de-letat-exercice-2026-par-lassemblee-nationale\/","og_locale":"fr_FR","og_type":"article","og_title":"Togo\u00a0: Adoption du budget de l\u2019Etat, exercice 2026 par l\u2019Assembl\u00e9e nationale - La Voix de la Nation","og_description":"Les d\u00e9put\u00e9s ont adopt\u00e9 ce mardi 9 d\u00e9cembre 2025 \u00e0 une large majorit\u00e9, le projet de loi de finances, exercice 2026. Le budget, \u00e9quilibr\u00e9 en ressources et en charges \u00e0&hellip;","og_url":"https:\/\/lavoixdelanation.tg\/index.php\/2025\/12\/10\/togo-adoption-du-budget-de-letat-exercice-2026-par-lassemblee-nationale\/","og_site_name":"La Voix de la Nation","article_publisher":"https:\/\/www.facebook.com\/lavoixdelanation","article_published_time":"2025-12-10T19:36:00+00:00","article_modified_time":"2025-12-11T06:48:01+00:00","og_image":[{"width":600,"height":400,"url":"https:\/\/lavoixdelanation.tg\/wp-content\/uploads\/2025\/12\/Au-Togo-adoption-du-budget-de-lEtat-exercice-2026-par-lAssemblee-nationale.jpg","type":"image\/jpeg"}],"author":"La voix de la nation","twitter_card":"summary_large_image","twitter_misc":{"\u00c9crit par":"La voix de la nation","Dur\u00e9e de lecture estim\u00e9e":"2 minutes"},"schema":{"@context":"https:\/\/schema.org","@graph":[{"@type":"Article","@id":"https:\/\/lavoixdelanation.tg\/index.php\/2025\/12\/10\/togo-adoption-du-budget-de-letat-exercice-2026-par-lassemblee-nationale\/#article","isPartOf":{"@id":"https:\/\/lavoixdelanation.tg\/index.php\/2025\/12\/10\/togo-adoption-du-budget-de-letat-exercice-2026-par-lassemblee-nationale\/"},"author":{"name":"La voix de la nation","@id":"https:\/\/lavoixdelanation.tg\/#\/schema\/person\/6c489293aa38053673a9e554acb6e224"},"headline":"Togo\u00a0: Adoption du budget de l\u2019Etat, exercice 2026 par l\u2019Assembl\u00e9e nationale","datePublished":"2025-12-10T19:36:00+00:00","dateModified":"2025-12-11T06:48:01+00:00","mainEntityOfPage":{"@id":"https:\/\/lavoixdelanation.tg\/index.php\/2025\/12\/10\/togo-adoption-du-budget-de-letat-exercice-2026-par-lassemblee-nationale\/"},"wordCount":220,"commentCount":0,"publisher":{"@id":"https:\/\/lavoixdelanation.tg\/#organization"},"image":{"@id":"https:\/\/lavoixdelanation.tg\/index.php\/2025\/12\/10\/togo-adoption-du-budget-de-letat-exercice-2026-par-lassemblee-nationale\/#primaryimage"},"thumbnailUrl":"https:\/\/lavoixdelanation.tg\/wp-content\/uploads\/2025\/12\/Au-Togo-adoption-du-budget-de-lEtat-exercice-2026-par-lAssemblee-nationale.jpg","keywords":["Assembl\u00e9e nationale","Budget 2026","Togo"],"articleSection":["Economie"],"inLanguage":"fr-FR","potentialAction":[{"@type":"CommentAction","name":"Comment","target":["https:\/\/lavoixdelanation.tg\/index.php\/2025\/12\/10\/togo-adoption-du-budget-de-letat-exercice-2026-par-lassemblee-nationale\/#respond"]}]},{"@type":"WebPage","@id":"https:\/\/lavoixdelanation.tg\/index.php\/2025\/12\/10\/togo-adoption-du-budget-de-letat-exercice-2026-par-lassemblee-nationale\/","url":"https:\/\/lavoixdelanation.tg\/index.php\/2025\/12\/10\/togo-adoption-du-budget-de-letat-exercice-2026-par-lassemblee-nationale\/","name":"Togo\u00a0: Adoption du budget de l\u2019Etat, exercice 2026 par l\u2019Assembl\u00e9e nationale - La Voix de la Nation","isPartOf":{"@id":"https:\/\/lavoixdelanation.tg\/#website"},"primaryImageOfPage":{"@id":"https:\/\/lavoixdelanation.tg\/index.php\/2025\/12\/10\/togo-adoption-du-budget-de-letat-exercice-2026-par-lassemblee-nationale\/#primaryimage"},"image":{"@id":"https:\/\/lavoixdelanation.tg\/index.php\/2025\/12\/10\/togo-adoption-du-budget-de-letat-exercice-2026-par-lassemblee-nationale\/#primaryimage"},"thumbnailUrl":"https:\/\/lavoixdelanation.tg\/wp-content\/uploads\/2025\/12\/Au-Togo-adoption-du-budget-de-lEtat-exercice-2026-par-lAssemblee-nationale.jpg","datePublished":"2025-12-10T19:36:00+00:00","dateModified":"2025-12-11T06:48:01+00:00","breadcrumb":{"@id":"https:\/\/lavoixdelanation.tg\/index.php\/2025\/12\/10\/togo-adoption-du-budget-de-letat-exercice-2026-par-lassemblee-nationale\/#breadcrumb"},"inLanguage":"fr-FR","potentialAction":[{"@type":"ReadAction","target":["https:\/\/lavoixdelanation.tg\/index.php\/2025\/12\/10\/togo-adoption-du-budget-de-letat-exercice-2026-par-lassemblee-nationale\/"]}]},{"@type":"ImageObject","inLanguage":"fr-FR","@id":"https:\/\/lavoixdelanation.tg\/index.php\/2025\/12\/10\/togo-adoption-du-budget-de-letat-exercice-2026-par-lassemblee-nationale\/#primaryimage","url":"https:\/\/lavoixdelanation.tg\/wp-content\/uploads\/2025\/12\/Au-Togo-adoption-du-budget-de-lEtat-exercice-2026-par-lAssemblee-nationale.jpg","contentUrl":"https:\/\/lavoixdelanation.tg\/wp-content\/uploads\/2025\/12\/Au-Togo-adoption-du-budget-de-lEtat-exercice-2026-par-lAssemblee-nationale.jpg","width":600,"height":400},{"@type":"BreadcrumbList","@id":"https:\/\/lavoixdelanation.tg\/index.php\/2025\/12\/10\/togo-adoption-du-budget-de-letat-exercice-2026-par-lassemblee-nationale\/#breadcrumb","itemListElement":[{"@type":"ListItem","position":1,"name":"Accueil","item":"https:\/\/lavoixdelanation.tg\/"},{"@type":"ListItem","position":2,"name":"Togo\u00a0: Adoption du budget de l\u2019Etat, exercice 2026 par l\u2019Assembl\u00e9e nationale"}]},{"@type":"WebSite","@id":"https:\/\/lavoixdelanation.tg\/#website","url":"https:\/\/lavoixdelanation.tg\/","name":"La Voix de la Nation","description":"R\u00e9c\u00e9piss\u00e9 n\u00b00108\/HAAC\/01-2024\/pl\/P","publisher":{"@id":"https:\/\/lavoixdelanation.tg\/#organization"},"alternateName":"VON","potentialAction":[{"@type":"SearchAction","target":{"@type":"EntryPoint","urlTemplate":"https:\/\/lavoixdelanation.tg\/?s={search_term_string}"},"query-input":{"@type":"PropertyValueSpecification","valueRequired":true,"valueName":"search_term_string"}}],"inLanguage":"fr-FR"},{"@type":"Organization","@id":"https:\/\/lavoixdelanation.tg\/#organization","name":"La Voix de la Nation","url":"https:\/\/lavoixdelanation.tg\/","logo":{"@type":"ImageObject","inLanguage":"fr-FR","@id":"https:\/\/lavoixdelanation.tg\/#\/schema\/logo\/image\/","url":"https:\/\/lavoixdelanation.tg\/wp-content\/uploads\/2024\/12\/lavn-1.png","contentUrl":"https:\/\/lavoixdelanation.tg\/wp-content\/uploads\/2024\/12\/lavn-1.png","width":1024,"height":464,"caption":"La Voix de la Nation"},"image":{"@id":"https:\/\/lavoixdelanation.tg\/#\/schema\/logo\/image\/"},"sameAs":["https:\/\/www.facebook.com\/lavoixdelanation"]},{"@type":"Person","@id":"https:\/\/lavoixdelanation.tg\/#\/schema\/person\/6c489293aa38053673a9e554acb6e224","name":"La voix de la nation","image":{"@type":"ImageObject","inLanguage":"fr-FR","@id":"https:\/\/lavoixdelanation.tg\/#\/schema\/person\/image\/","url":"https:\/\/secure.gravatar.com\/avatar\/8aa135d4bbc794494cecaa8d483f6d6cc1023624868deaff686baed5e727a5a1?s=96&d=mm&r=g","contentUrl":"https:\/\/secure.gravatar.com\/avatar\/8aa135d4bbc794494cecaa8d483f6d6cc1023624868deaff686baed5e727a5a1?s=96&d=mm&r=g","caption":"La voix de la nation"},"sameAs":["https:\/\/lavoixdelanation.tg"],"url":"https:\/\/lavoixdelanation.tg\/index.php\/author\/lavn\/"}]}},"_links":{"self":[{"href":"https:\/\/lavoixdelanation.tg\/index.php\/wp-json\/wp\/v2\/posts\/14989","targetHints":{"allow":["GET"]}}],"collection":[{"href":"https:\/\/lavoixdelanation.tg\/index.php\/wp-json\/wp\/v2\/posts"}],"about":[{"href":"https:\/\/lavoixdelanation.tg\/index.php\/wp-json\/wp\/v2\/types\/post"}],"author":[{"embeddable":true,"href":"https:\/\/lavoixdelanation.tg\/index.php\/wp-json\/wp\/v2\/users\/1"}],"replies":[{"embeddable":true,"href":"https:\/\/lavoixdelanation.tg\/index.php\/wp-json\/wp\/v2\/comments?post=14989"}],"version-history":[{"count":4,"href":"https:\/\/lavoixdelanation.tg\/index.php\/wp-json\/wp\/v2\/posts\/14989\/revisions"}],"predecessor-version":[{"id":14994,"href":"https:\/\/lavoixdelanation.tg\/index.php\/wp-json\/wp\/v2\/posts\/14989\/revisions\/14994"}],"wp:featuredmedia":[{"embeddable":true,"href":"https:\/\/lavoixdelanation.tg\/index.php\/wp-json\/wp\/v2\/media\/14990"}],"wp:attachment":[{"href":"https:\/\/lavoixdelanation.tg\/index.php\/wp-json\/wp\/v2\/media?parent=14989"}],"wp:term":[{"taxonomy":"category","embeddable":true,"href":"https:\/\/lavoixdelanation.tg\/index.php\/wp-json\/wp\/v2\/categories?post=14989"},{"taxonomy":"post_tag","embeddable":true,"href":"https:\/\/lavoixdelanation.tg\/index.php\/wp-json\/wp\/v2\/tags?post=14989"}],"curies":[{"name":"wp","href":"https:\/\/api.w.org\/{rel}","templated":true}]}}