{"id":14982,"date":"2025-12-11T06:59:35","date_gmt":"2025-12-11T05:59:35","guid":{"rendered":"https:\/\/lavoixdelanation.tg\/?p=14982"},"modified":"2025-12-11T07:00:13","modified_gmt":"2025-12-11T06:00:13","slug":"pacome-adjourouvi-nous-devons-bannir-lintolerance-sous-toutes-ses-formes","status":"publish","type":"post","link":"https:\/\/lavoixdelanation.tg\/index.php\/2025\/12\/11\/pacome-adjourouvi-nous-devons-bannir-lintolerance-sous-toutes-ses-formes\/","title":{"rendered":"Pac\u00f4me ADJOUROUVI\u00a0: \u00ab\u00a0Nous devons bannir l\u2019intol\u00e9rance sous toutes ses formes\u00a0\u00bb"},"content":{"rendered":"\n<p><strong>\u00ab&nbsp;<\/strong><strong>Nous devons bannir l\u2019intol\u00e9rance sous toutes ses formes : politique, religieuse, sociale ou communautaire \u00bb, a indiqu\u00e9 le Ministre togolais de la justice et des droits humains Pac\u00f4me Adjourouvi, \u00e0 l\u2019occasion de la c\u00e9l\u00e9bration de la Journ\u00e9e internationale des droits de l\u2019homme ce 10 d\u00e9cembre 2025.<\/strong><\/p>\n\n\n\n<p>\u00ab&nbsp;Le Togo que nous construisons repose sur le dialogue, le respect mutuel et la reconnaissance de la dignit\u00e9 de chacun&nbsp;\u00bb, a-t-il fait savoir dans un message publi\u00e9 dans le cadre de cette c\u00e9l\u00e9bration.<\/p>\n\n\n\n<p>\u00ab&nbsp;L\u2019intol\u00e9rance n\u2019a pas sa place dans notre soci\u00e9t\u00e9. Nos divergences d\u2019opinions, de croyances ou d\u2019appartenance ne doivent jamais \u00eatre des motifs de violence ou de rejet. Une Nation moderne se construit sur le respect mutuel, la courtoisie, la tol\u00e9rance et le dialogue&nbsp;\u00bb, a martel\u00e9 le ministre Pac\u00f4me Adjourouvi.<\/p>\n\n\n\n<p>Il a rappel\u00e9 qu\u2019au Togo, \u00ab&nbsp;la justice a un visage humain&nbsp;\u00bb et le pays demeure attach\u00e9 \u00e0 la paix et \u00e0 la dignit\u00e9 humaine, expliquant que c\u2019est dans cet esprit que le Pr\u00e9sident du Conseil, lors de son adresse \u00e0 la Nation devant le Congr\u00e8s le 02 d\u00e9cembre dernier, a aussi annonc\u00e9 l\u2019adoption de mesures de gr\u00e2ce exceptionnelles, fond\u00e9es sur les principes d\u2019\u00e9quit\u00e9, de compassion et de respect des droits fondamentaux.<\/p>\n\n\n\n<p>Il a \u00e9galement saisi l\u2019occasion pour r\u00e9capituler les engagements du Gouvernement en mati\u00e8re des droits humains : renforcer la protection juridique des citoyens, en veillant \u00e0 l\u2019application juste et \u00e9quitable des lois, promouvoir une justice moderne, respect\u00e9e et accessible, encadrer fermement les d\u00e9rives num\u00e9riques, en prot\u00e9geant les libert\u00e9s tout en luttant contre la violence en ligne, et cultiver la tol\u00e9rance, socle indispensable de la paix et du d\u00e9veloppement.<\/p>\n\n\n\n<p>\u00ab&nbsp;Les droits humains ne sont pas seulement des textes. Ce sont des valeurs vivantes, que nous avons le devoir de d\u00e9fendre chaque jour, dans nos paroles, dans nos actes et dans notre fa\u00e7on d\u2019\u00eatre&nbsp;\u00bb, a-t-il ajout\u00e9.<\/p>\n\n\n\n<p><strong>\u00ab <\/strong>Droits humains : nos essentiels quotidiens \u00bb&nbsp;: c\u2019est le th\u00e8me retenu cette ann\u00e9e 2025 pour cette c\u00e9l\u00e9brationjourn\u00e9e internationale des droits de l\u2019homme.<\/p>\n\n\n\n<p>Une th\u00e9matique qui rappelle que les droits de l\u2019homme ne sont pas abstraits, mais sont parties int\u00e9grantes de la vie de tous les jours.<\/p>\n\n\n\n<p>\u00catre soign\u00e9, \u00e9duqu\u00e9, prot\u00e9g\u00e9, respect\u00e9, inform\u00e9 et vivre en s\u00e9curit\u00e9 sont en effet des droits fondamentaux reconnus \u00e0 chaque individu et qui doivent s\u2019exercer partout, en famille, \u00e0 l\u2019\u00e9cole, au travail, dans l\u2019administration et m\u00eame en ligne.<\/p>\n\n\n\n<p><strong>David Soklou<\/strong><\/p>\n","protected":false},"excerpt":{"rendered":"<p>\u00ab&nbsp;Nous devons bannir l\u2019intol\u00e9rance sous toutes ses formes : politique, religieuse, sociale ou communautaire \u00bb, a indiqu\u00e9 le Ministre togolais de la justice et des droits humains Pac\u00f4me Adjourouvi, \u00e0&hellip; <\/p>\n","protected":false},"author":1,"featured_media":14983,"comment_status":"open","ping_status":"closed","sticky":false,"template":"","format":"standard","meta":{"footnotes":""},"categories":[29],"tags":[1022,1159,39],"class_list":["post-14982","post","type-post","status-publish","format-standard","has-post-thumbnail","hentry","category-societe","tag-droits-de-lhomme","tag-pacome-adjourouvi","tag-togo"],"yoast_head":"<!-- This site is optimized with the Yoast SEO plugin v26.4 - https:\/\/yoast.com\/wordpress\/plugins\/seo\/ -->\n<title>Pac\u00f4me ADJOUROUVI\u00a0: \u00ab\u00a0Nous devons bannir l\u2019intol\u00e9rance sous toutes ses formes\u00a0\u00bb - La Voix de la Nation<\/title>\n<meta name=\"robots\" content=\"index, follow, max-snippet:-1, max-image-preview:large, max-video-preview:-1\" \/>\n<link rel=\"canonical\" href=\"https:\/\/lavoixdelanation.tg\/index.php\/2025\/12\/11\/pacome-adjourouvi-nous-devons-bannir-lintolerance-sous-toutes-ses-formes\/\" \/>\n<meta property=\"og:locale\" content=\"fr_FR\" \/>\n<meta property=\"og:type\" content=\"article\" \/>\n<meta property=\"og:title\" content=\"Pac\u00f4me ADJOUROUVI\u00a0: \u00ab\u00a0Nous devons bannir l\u2019intol\u00e9rance sous toutes ses formes\u00a0\u00bb - La Voix de la Nation\" \/>\n<meta property=\"og:description\" content=\"\u00ab&nbsp;Nous devons bannir l\u2019intol\u00e9rance sous toutes ses formes : politique, religieuse, sociale ou communautaire \u00bb, a indiqu\u00e9 le Ministre togolais de la justice et des droits humains Pac\u00f4me Adjourouvi, \u00e0&hellip;\" \/>\n<meta property=\"og:url\" content=\"https:\/\/lavoixdelanation.tg\/index.php\/2025\/12\/11\/pacome-adjourouvi-nous-devons-bannir-lintolerance-sous-toutes-ses-formes\/\" \/>\n<meta property=\"og:site_name\" content=\"La Voix de la Nation\" \/>\n<meta property=\"article:publisher\" content=\"https:\/\/www.facebook.com\/lavoixdelanation\" \/>\n<meta property=\"article:published_time\" content=\"2025-12-11T05:59:35+00:00\" \/>\n<meta property=\"article:modified_time\" content=\"2025-12-11T06:00:13+00:00\" \/>\n<meta property=\"og:image\" content=\"https:\/\/lavoixdelanation.tg\/wp-content\/uploads\/2025\/12\/Ministre-togolais-de-la-justice-et-des-droits-humains.jpg\" \/>\n\t<meta property=\"og:image:width\" content=\"900\" \/>\n\t<meta property=\"og:image:height\" content=\"450\" \/>\n\t<meta property=\"og:image:type\" content=\"image\/jpeg\" \/>\n<meta name=\"author\" content=\"La voix de la nation\" \/>\n<meta name=\"twitter:card\" content=\"summary_large_image\" \/>\n<meta name=\"twitter:label1\" content=\"\u00c9crit par\" \/>\n\t<meta name=\"twitter:data1\" content=\"La voix de la nation\" \/>\n\t<meta name=\"twitter:label2\" content=\"Dur\u00e9e de lecture estim\u00e9e\" \/>\n\t<meta name=\"twitter:data2\" content=\"3 minutes\" \/>\n<script type=\"application\/ld+json\" class=\"yoast-schema-graph\">{\"@context\":\"https:\/\/schema.org\",\"@graph\":[{\"@type\":\"Article\",\"@id\":\"https:\/\/lavoixdelanation.tg\/index.php\/2025\/12\/11\/pacome-adjourouvi-nous-devons-bannir-lintolerance-sous-toutes-ses-formes\/#article\",\"isPartOf\":{\"@id\":\"https:\/\/lavoixdelanation.tg\/index.php\/2025\/12\/11\/pacome-adjourouvi-nous-devons-bannir-lintolerance-sous-toutes-ses-formes\/\"},\"author\":{\"name\":\"La voix de la nation\",\"@id\":\"https:\/\/lavoixdelanation.tg\/#\/schema\/person\/6c489293aa38053673a9e554acb6e224\"},\"headline\":\"Pac\u00f4me ADJOUROUVI\u00a0: \u00ab\u00a0Nous devons bannir l\u2019intol\u00e9rance sous toutes ses formes\u00a0\u00bb\",\"datePublished\":\"2025-12-11T05:59:35+00:00\",\"dateModified\":\"2025-12-11T06:00:13+00:00\",\"mainEntityOfPage\":{\"@id\":\"https:\/\/lavoixdelanation.tg\/index.php\/2025\/12\/11\/pacome-adjourouvi-nous-devons-bannir-lintolerance-sous-toutes-ses-formes\/\"},\"wordCount\":452,\"commentCount\":0,\"publisher\":{\"@id\":\"https:\/\/lavoixdelanation.tg\/#organization\"},\"image\":{\"@id\":\"https:\/\/lavoixdelanation.tg\/index.php\/2025\/12\/11\/pacome-adjourouvi-nous-devons-bannir-lintolerance-sous-toutes-ses-formes\/#primaryimage\"},\"thumbnailUrl\":\"https:\/\/lavoixdelanation.tg\/wp-content\/uploads\/2025\/12\/Ministre-togolais-de-la-justice-et-des-droits-humains.jpg\",\"keywords\":[\"droits de l\u2019homme\",\"Pac\u00f4me ADJOUROUVI\",\"Togo\"],\"articleSection\":[\"Soci\u00e9t\u00e9\"],\"inLanguage\":\"fr-FR\",\"potentialAction\":[{\"@type\":\"CommentAction\",\"name\":\"Comment\",\"target\":[\"https:\/\/lavoixdelanation.tg\/index.php\/2025\/12\/11\/pacome-adjourouvi-nous-devons-bannir-lintolerance-sous-toutes-ses-formes\/#respond\"]}]},{\"@type\":\"WebPage\",\"@id\":\"https:\/\/lavoixdelanation.tg\/index.php\/2025\/12\/11\/pacome-adjourouvi-nous-devons-bannir-lintolerance-sous-toutes-ses-formes\/\",\"url\":\"https:\/\/lavoixdelanation.tg\/index.php\/2025\/12\/11\/pacome-adjourouvi-nous-devons-bannir-lintolerance-sous-toutes-ses-formes\/\",\"name\":\"Pac\u00f4me ADJOUROUVI\u00a0: \u00ab\u00a0Nous devons bannir l\u2019intol\u00e9rance sous toutes ses formes\u00a0\u00bb - La Voix de la Nation\",\"isPartOf\":{\"@id\":\"https:\/\/lavoixdelanation.tg\/#website\"},\"primaryImageOfPage\":{\"@id\":\"https:\/\/lavoixdelanation.tg\/index.php\/2025\/12\/11\/pacome-adjourouvi-nous-devons-bannir-lintolerance-sous-toutes-ses-formes\/#primaryimage\"},\"image\":{\"@id\":\"https:\/\/lavoixdelanation.tg\/index.php\/2025\/12\/11\/pacome-adjourouvi-nous-devons-bannir-lintolerance-sous-toutes-ses-formes\/#primaryimage\"},\"thumbnailUrl\":\"https:\/\/lavoixdelanation.tg\/wp-content\/uploads\/2025\/12\/Ministre-togolais-de-la-justice-et-des-droits-humains.jpg\",\"datePublished\":\"2025-12-11T05:59:35+00:00\",\"dateModified\":\"2025-12-11T06:00:13+00:00\",\"breadcrumb\":{\"@id\":\"https:\/\/lavoixdelanation.tg\/index.php\/2025\/12\/11\/pacome-adjourouvi-nous-devons-bannir-lintolerance-sous-toutes-ses-formes\/#breadcrumb\"},\"inLanguage\":\"fr-FR\",\"potentialAction\":[{\"@type\":\"ReadAction\",\"target\":[\"https:\/\/lavoixdelanation.tg\/index.php\/2025\/12\/11\/pacome-adjourouvi-nous-devons-bannir-lintolerance-sous-toutes-ses-formes\/\"]}]},{\"@type\":\"ImageObject\",\"inLanguage\":\"fr-FR\",\"@id\":\"https:\/\/lavoixdelanation.tg\/index.php\/2025\/12\/11\/pacome-adjourouvi-nous-devons-bannir-lintolerance-sous-toutes-ses-formes\/#primaryimage\",\"url\":\"https:\/\/lavoixdelanation.tg\/wp-content\/uploads\/2025\/12\/Ministre-togolais-de-la-justice-et-des-droits-humains.jpg\",\"contentUrl\":\"https:\/\/lavoixdelanation.tg\/wp-content\/uploads\/2025\/12\/Ministre-togolais-de-la-justice-et-des-droits-humains.jpg\",\"width\":900,\"height\":450,\"caption\":\"Pac\u00f4me Adjourouvi, Ministre togolais de la justice et des droits humains\"},{\"@type\":\"BreadcrumbList\",\"@id\":\"https:\/\/lavoixdelanation.tg\/index.php\/2025\/12\/11\/pacome-adjourouvi-nous-devons-bannir-lintolerance-sous-toutes-ses-formes\/#breadcrumb\",\"itemListElement\":[{\"@type\":\"ListItem\",\"position\":1,\"name\":\"Accueil\",\"item\":\"https:\/\/lavoixdelanation.tg\/\"},{\"@type\":\"ListItem\",\"position\":2,\"name\":\"Pac\u00f4me ADJOUROUVI\u00a0: \u00ab\u00a0Nous devons bannir l\u2019intol\u00e9rance sous toutes ses formes\u00a0\u00bb\"}]},{\"@type\":\"WebSite\",\"@id\":\"https:\/\/lavoixdelanation.tg\/#website\",\"url\":\"https:\/\/lavoixdelanation.tg\/\",\"name\":\"La Voix de la Nation\",\"description\":\"R\u00e9c\u00e9piss\u00e9 n\u00b00108\/HAAC\/01-2024\/pl\/P\",\"publisher\":{\"@id\":\"https:\/\/lavoixdelanation.tg\/#organization\"},\"alternateName\":\"VON\",\"potentialAction\":[{\"@type\":\"SearchAction\",\"target\":{\"@type\":\"EntryPoint\",\"urlTemplate\":\"https:\/\/lavoixdelanation.tg\/?s={search_term_string}\"},\"query-input\":{\"@type\":\"PropertyValueSpecification\",\"valueRequired\":true,\"valueName\":\"search_term_string\"}}],\"inLanguage\":\"fr-FR\"},{\"@type\":\"Organization\",\"@id\":\"https:\/\/lavoixdelanation.tg\/#organization\",\"name\":\"La Voix de la Nation\",\"url\":\"https:\/\/lavoixdelanation.tg\/\",\"logo\":{\"@type\":\"ImageObject\",\"inLanguage\":\"fr-FR\",\"@id\":\"https:\/\/lavoixdelanation.tg\/#\/schema\/logo\/image\/\",\"url\":\"https:\/\/lavoixdelanation.tg\/wp-content\/uploads\/2024\/12\/lavn-1.png\",\"contentUrl\":\"https:\/\/lavoixdelanation.tg\/wp-content\/uploads\/2024\/12\/lavn-1.png\",\"width\":1024,\"height\":464,\"caption\":\"La Voix de la Nation\"},\"image\":{\"@id\":\"https:\/\/lavoixdelanation.tg\/#\/schema\/logo\/image\/\"},\"sameAs\":[\"https:\/\/www.facebook.com\/lavoixdelanation\"]},{\"@type\":\"Person\",\"@id\":\"https:\/\/lavoixdelanation.tg\/#\/schema\/person\/6c489293aa38053673a9e554acb6e224\",\"name\":\"La voix de la nation\",\"image\":{\"@type\":\"ImageObject\",\"inLanguage\":\"fr-FR\",\"@id\":\"https:\/\/lavoixdelanation.tg\/#\/schema\/person\/image\/\",\"url\":\"https:\/\/secure.gravatar.com\/avatar\/8aa135d4bbc794494cecaa8d483f6d6cc1023624868deaff686baed5e727a5a1?s=96&d=mm&r=g\",\"contentUrl\":\"https:\/\/secure.gravatar.com\/avatar\/8aa135d4bbc794494cecaa8d483f6d6cc1023624868deaff686baed5e727a5a1?s=96&d=mm&r=g\",\"caption\":\"La voix de la nation\"},\"sameAs\":[\"https:\/\/lavoixdelanation.tg\"],\"url\":\"https:\/\/lavoixdelanation.tg\/index.php\/author\/lavn\/\"}]}<\/script>\n<!-- \/ Yoast SEO plugin. -->","yoast_head_json":{"title":"Pac\u00f4me ADJOUROUVI\u00a0: \u00ab\u00a0Nous devons bannir l\u2019intol\u00e9rance sous toutes ses formes\u00a0\u00bb - La Voix de la Nation","robots":{"index":"index","follow":"follow","max-snippet":"max-snippet:-1","max-image-preview":"max-image-preview:large","max-video-preview":"max-video-preview:-1"},"canonical":"https:\/\/lavoixdelanation.tg\/index.php\/2025\/12\/11\/pacome-adjourouvi-nous-devons-bannir-lintolerance-sous-toutes-ses-formes\/","og_locale":"fr_FR","og_type":"article","og_title":"Pac\u00f4me ADJOUROUVI\u00a0: \u00ab\u00a0Nous devons bannir l\u2019intol\u00e9rance sous toutes ses formes\u00a0\u00bb - La Voix de la Nation","og_description":"\u00ab&nbsp;Nous devons bannir l\u2019intol\u00e9rance sous toutes ses formes : politique, religieuse, sociale ou communautaire \u00bb, a indiqu\u00e9 le Ministre togolais de la justice et des droits humains Pac\u00f4me Adjourouvi, \u00e0&hellip;","og_url":"https:\/\/lavoixdelanation.tg\/index.php\/2025\/12\/11\/pacome-adjourouvi-nous-devons-bannir-lintolerance-sous-toutes-ses-formes\/","og_site_name":"La Voix de la Nation","article_publisher":"https:\/\/www.facebook.com\/lavoixdelanation","article_published_time":"2025-12-11T05:59:35+00:00","article_modified_time":"2025-12-11T06:00:13+00:00","og_image":[{"width":900,"height":450,"url":"https:\/\/lavoixdelanation.tg\/wp-content\/uploads\/2025\/12\/Ministre-togolais-de-la-justice-et-des-droits-humains.jpg","type":"image\/jpeg"}],"author":"La voix de la nation","twitter_card":"summary_large_image","twitter_misc":{"\u00c9crit par":"La voix de la nation","Dur\u00e9e de lecture estim\u00e9e":"3 minutes"},"schema":{"@context":"https:\/\/schema.org","@graph":[{"@type":"Article","@id":"https:\/\/lavoixdelanation.tg\/index.php\/2025\/12\/11\/pacome-adjourouvi-nous-devons-bannir-lintolerance-sous-toutes-ses-formes\/#article","isPartOf":{"@id":"https:\/\/lavoixdelanation.tg\/index.php\/2025\/12\/11\/pacome-adjourouvi-nous-devons-bannir-lintolerance-sous-toutes-ses-formes\/"},"author":{"name":"La voix de la nation","@id":"https:\/\/lavoixdelanation.tg\/#\/schema\/person\/6c489293aa38053673a9e554acb6e224"},"headline":"Pac\u00f4me ADJOUROUVI\u00a0: \u00ab\u00a0Nous devons bannir l\u2019intol\u00e9rance sous toutes ses formes\u00a0\u00bb","datePublished":"2025-12-11T05:59:35+00:00","dateModified":"2025-12-11T06:00:13+00:00","mainEntityOfPage":{"@id":"https:\/\/lavoixdelanation.tg\/index.php\/2025\/12\/11\/pacome-adjourouvi-nous-devons-bannir-lintolerance-sous-toutes-ses-formes\/"},"wordCount":452,"commentCount":0,"publisher":{"@id":"https:\/\/lavoixdelanation.tg\/#organization"},"image":{"@id":"https:\/\/lavoixdelanation.tg\/index.php\/2025\/12\/11\/pacome-adjourouvi-nous-devons-bannir-lintolerance-sous-toutes-ses-formes\/#primaryimage"},"thumbnailUrl":"https:\/\/lavoixdelanation.tg\/wp-content\/uploads\/2025\/12\/Ministre-togolais-de-la-justice-et-des-droits-humains.jpg","keywords":["droits de l\u2019homme","Pac\u00f4me ADJOUROUVI","Togo"],"articleSection":["Soci\u00e9t\u00e9"],"inLanguage":"fr-FR","potentialAction":[{"@type":"CommentAction","name":"Comment","target":["https:\/\/lavoixdelanation.tg\/index.php\/2025\/12\/11\/pacome-adjourouvi-nous-devons-bannir-lintolerance-sous-toutes-ses-formes\/#respond"]}]},{"@type":"WebPage","@id":"https:\/\/lavoixdelanation.tg\/index.php\/2025\/12\/11\/pacome-adjourouvi-nous-devons-bannir-lintolerance-sous-toutes-ses-formes\/","url":"https:\/\/lavoixdelanation.tg\/index.php\/2025\/12\/11\/pacome-adjourouvi-nous-devons-bannir-lintolerance-sous-toutes-ses-formes\/","name":"Pac\u00f4me ADJOUROUVI\u00a0: \u00ab\u00a0Nous devons bannir l\u2019intol\u00e9rance sous toutes ses formes\u00a0\u00bb - La Voix de la Nation","isPartOf":{"@id":"https:\/\/lavoixdelanation.tg\/#website"},"primaryImageOfPage":{"@id":"https:\/\/lavoixdelanation.tg\/index.php\/2025\/12\/11\/pacome-adjourouvi-nous-devons-bannir-lintolerance-sous-toutes-ses-formes\/#primaryimage"},"image":{"@id":"https:\/\/lavoixdelanation.tg\/index.php\/2025\/12\/11\/pacome-adjourouvi-nous-devons-bannir-lintolerance-sous-toutes-ses-formes\/#primaryimage"},"thumbnailUrl":"https:\/\/lavoixdelanation.tg\/wp-content\/uploads\/2025\/12\/Ministre-togolais-de-la-justice-et-des-droits-humains.jpg","datePublished":"2025-12-11T05:59:35+00:00","dateModified":"2025-12-11T06:00:13+00:00","breadcrumb":{"@id":"https:\/\/lavoixdelanation.tg\/index.php\/2025\/12\/11\/pacome-adjourouvi-nous-devons-bannir-lintolerance-sous-toutes-ses-formes\/#breadcrumb"},"inLanguage":"fr-FR","potentialAction":[{"@type":"ReadAction","target":["https:\/\/lavoixdelanation.tg\/index.php\/2025\/12\/11\/pacome-adjourouvi-nous-devons-bannir-lintolerance-sous-toutes-ses-formes\/"]}]},{"@type":"ImageObject","inLanguage":"fr-FR","@id":"https:\/\/lavoixdelanation.tg\/index.php\/2025\/12\/11\/pacome-adjourouvi-nous-devons-bannir-lintolerance-sous-toutes-ses-formes\/#primaryimage","url":"https:\/\/lavoixdelanation.tg\/wp-content\/uploads\/2025\/12\/Ministre-togolais-de-la-justice-et-des-droits-humains.jpg","contentUrl":"https:\/\/lavoixdelanation.tg\/wp-content\/uploads\/2025\/12\/Ministre-togolais-de-la-justice-et-des-droits-humains.jpg","width":900,"height":450,"caption":"Pac\u00f4me Adjourouvi, Ministre togolais de la justice et des droits humains"},{"@type":"BreadcrumbList","@id":"https:\/\/lavoixdelanation.tg\/index.php\/2025\/12\/11\/pacome-adjourouvi-nous-devons-bannir-lintolerance-sous-toutes-ses-formes\/#breadcrumb","itemListElement":[{"@type":"ListItem","position":1,"name":"Accueil","item":"https:\/\/lavoixdelanation.tg\/"},{"@type":"ListItem","position":2,"name":"Pac\u00f4me ADJOUROUVI\u00a0: \u00ab\u00a0Nous devons bannir l\u2019intol\u00e9rance sous toutes ses formes\u00a0\u00bb"}]},{"@type":"WebSite","@id":"https:\/\/lavoixdelanation.tg\/#website","url":"https:\/\/lavoixdelanation.tg\/","name":"La Voix de la Nation","description":"R\u00e9c\u00e9piss\u00e9 n\u00b00108\/HAAC\/01-2024\/pl\/P","publisher":{"@id":"https:\/\/lavoixdelanation.tg\/#organization"},"alternateName":"VON","potentialAction":[{"@type":"SearchAction","target":{"@type":"EntryPoint","urlTemplate":"https:\/\/lavoixdelanation.tg\/?s={search_term_string}"},"query-input":{"@type":"PropertyValueSpecification","valueRequired":true,"valueName":"search_term_string"}}],"inLanguage":"fr-FR"},{"@type":"Organization","@id":"https:\/\/lavoixdelanation.tg\/#organization","name":"La Voix de la Nation","url":"https:\/\/lavoixdelanation.tg\/","logo":{"@type":"ImageObject","inLanguage":"fr-FR","@id":"https:\/\/lavoixdelanation.tg\/#\/schema\/logo\/image\/","url":"https:\/\/lavoixdelanation.tg\/wp-content\/uploads\/2024\/12\/lavn-1.png","contentUrl":"https:\/\/lavoixdelanation.tg\/wp-content\/uploads\/2024\/12\/lavn-1.png","width":1024,"height":464,"caption":"La Voix de la Nation"},"image":{"@id":"https:\/\/lavoixdelanation.tg\/#\/schema\/logo\/image\/"},"sameAs":["https:\/\/www.facebook.com\/lavoixdelanation"]},{"@type":"Person","@id":"https:\/\/lavoixdelanation.tg\/#\/schema\/person\/6c489293aa38053673a9e554acb6e224","name":"La voix de la nation","image":{"@type":"ImageObject","inLanguage":"fr-FR","@id":"https:\/\/lavoixdelanation.tg\/#\/schema\/person\/image\/","url":"https:\/\/secure.gravatar.com\/avatar\/8aa135d4bbc794494cecaa8d483f6d6cc1023624868deaff686baed5e727a5a1?s=96&d=mm&r=g","contentUrl":"https:\/\/secure.gravatar.com\/avatar\/8aa135d4bbc794494cecaa8d483f6d6cc1023624868deaff686baed5e727a5a1?s=96&d=mm&r=g","caption":"La voix de la nation"},"sameAs":["https:\/\/lavoixdelanation.tg"],"url":"https:\/\/lavoixdelanation.tg\/index.php\/author\/lavn\/"}]}},"_links":{"self":[{"href":"https:\/\/lavoixdelanation.tg\/index.php\/wp-json\/wp\/v2\/posts\/14982","targetHints":{"allow":["GET"]}}],"collection":[{"href":"https:\/\/lavoixdelanation.tg\/index.php\/wp-json\/wp\/v2\/posts"}],"about":[{"href":"https:\/\/lavoixdelanation.tg\/index.php\/wp-json\/wp\/v2\/types\/post"}],"author":[{"embeddable":true,"href":"https:\/\/lavoixdelanation.tg\/index.php\/wp-json\/wp\/v2\/users\/1"}],"replies":[{"embeddable":true,"href":"https:\/\/lavoixdelanation.tg\/index.php\/wp-json\/wp\/v2\/comments?post=14982"}],"version-history":[{"count":1,"href":"https:\/\/lavoixdelanation.tg\/index.php\/wp-json\/wp\/v2\/posts\/14982\/revisions"}],"predecessor-version":[{"id":14984,"href":"https:\/\/lavoixdelanation.tg\/index.php\/wp-json\/wp\/v2\/posts\/14982\/revisions\/14984"}],"wp:featuredmedia":[{"embeddable":true,"href":"https:\/\/lavoixdelanation.tg\/index.php\/wp-json\/wp\/v2\/media\/14983"}],"wp:attachment":[{"href":"https:\/\/lavoixdelanation.tg\/index.php\/wp-json\/wp\/v2\/media?parent=14982"}],"wp:term":[{"taxonomy":"category","embeddable":true,"href":"https:\/\/lavoixdelanation.tg\/index.php\/wp-json\/wp\/v2\/categories?post=14982"},{"taxonomy":"post_tag","embeddable":true,"href":"https:\/\/lavoixdelanation.tg\/index.php\/wp-json\/wp\/v2\/tags?post=14982"}],"curies":[{"name":"wp","href":"https:\/\/api.w.org\/{rel}","templated":true}]}}