{"id":14976,"date":"2025-12-10T06:28:21","date_gmt":"2025-12-10T05:28:21","guid":{"rendered":"https:\/\/lavoixdelanation.tg\/?p=14976"},"modified":"2025-12-10T06:28:22","modified_gmt":"2025-12-10T05:28:22","slug":"le-togo-donne-un-nouveau-souffle-a-son-commerce-transfrontalier","status":"publish","type":"post","link":"https:\/\/lavoixdelanation.tg\/index.php\/2025\/12\/10\/le-togo-donne-un-nouveau-souffle-a-son-commerce-transfrontalier\/","title":{"rendered":"Le Togo donne un nouveau souffle \u00e0 son commerce transfrontalier"},"content":{"rendered":"\n<p><strong>Le Togo donne un nouveau souffle \u00e0 son commerce transfrontalier, secteur vital pour un pays dont le dynamisme \u00e9conomique repose largement sur l&rsquo;ouverture et la circulation des marchandises.<\/strong><\/p>\n\n\n\n<p>Une s\u00e9rie de r\u00e9formes structurantes est en effet conduite pour fluidifier les op\u00e9rations, r\u00e9duire les co\u00fbts logistiques et renforcer la confiance des acteurs du commerce. C&rsquo;est tout b\u00e9n\u00e9fique pour tout le monde.<\/p>\n\n\n\n<p>Le commerce transfrontalier d\u00e9signe les transactions commerciales qui traversent les fronti\u00e8res entre deux pays diff\u00e9rents. Cela inclut l&rsquo;achat et la vente de biens et services entre des acheteurs et des vendeurs situ\u00e9s dans des pays distincts, que ce soit par voie physique ou \u00e9lectronique.<\/p>\n\n\n\n<p>Au centre de la modernisation enclench\u00e9e au Togo, se trouve la digitalisation des proc\u00e9dures, un ph\u00e9nom\u00e8ne en vogue et beaucoup salu\u00e9. Le pays a engag\u00e9 une d\u00e9mat\u00e9rialisation progressive et ambitieuse, permettant aujourd&rsquo;hui de r\u00e9aliser en ligne presque toutes les formalit\u00e9s li\u00e9es \u00e0 l&rsquo;importation et \u00e0 l&rsquo;exportation.<\/p>\n\n\n\n<p>Gr\u00e2ce au guichet unique, les op\u00e9rateurs \u00e9conomiques ont droit \u00e0 un traitement plus rapide des documents, une meilleure tra\u00e7abilit\u00e9 et une r\u00e9duction notable des d\u00e9lais de d\u00e9douanement. Cette transformation limite les d\u00e9placements physiques, r\u00e9duit les risques d&rsquo;erreurs et am\u00e9liore la pr\u00e9visibilit\u00e9, \u00e9l\u00e9ment essentiel pour les entreprises tourn\u00e9es vers les march\u00e9s ext\u00e9rieurs.<\/p>\n\n\n\n<p class=\"has-text-align-center\"><strong>Quelques grandes r\u00e9formes<\/strong><\/p>\n\n\n\n<p>Il s\u2019agit d\u2019abord de la d\u00e9mat\u00e9rialisation du certificat d&rsquo;origine qui est un document douanier officiel qui atteste du pays de fabrication d&rsquo;une marchandise. Il est principalement utilis\u00e9 par les autorit\u00e9s douani\u00e8res pour v\u00e9rifier l&rsquo;origine des marchandises et traiter le d\u00e9douanement.<\/p>\n\n\n\n<p>Une plateforme a \u00e9t\u00e9 mise en place par la Chambre de commerce et d&rsquo;industrie du Togo (CCIT). Elle permet aux op\u00e9rateurs \u00e9conomiques d&rsquo;effectuer gratuitement leur demande et de recevoir leur certificat d&rsquo;origine uniquement en ligne. L&rsquo;impact direct de cette r\u00e9forme a \u00e9t\u00e9 la r\u00e9duction du d\u00e9lai d&rsquo;obtention du document de 48 heures \u00e0 moins de 5 heures en moyenne.<\/p>\n\n\n\n<p>Une autre op\u00e9ration enclench\u00e9e par les pouvoirs publics et qui facilite le commerce transfrontalier est la d\u00e9mat\u00e9rialisation des proc\u00e9dures de d\u00e9douanement gr\u00e2ce au logiciel \u00ab&nbsp;Sydonia World&nbsp;\u00bb. Depuis janvier 2019, les commissionnaires en douane agr\u00e9\u00e9s, consignataires, importateurs\/exportateurs doivent envoyer \u00e9lectroniquement \u00e0 la douane via Sydonia World, la d\u00e9claration en d\u00e9tails ainsi que les originaux des documents de d\u00e9douanement contre un d\u00e9p\u00f4t physique auparavant. Cela engendre une c\u00e9l\u00e9rit\u00e9 dans le traitement des dossiers.<\/p>\n\n\n\n<p>A cela s\u2019ajoute la r\u00e9duction des d\u00e9lais de d\u00e9p\u00f4t du manifeste. Le d\u00e9p\u00f4t de manifeste dans le commerce transfrontalier est la soumission d&rsquo;un document r\u00e9capitulant l&rsquo;ensemble des marchandises charg\u00e9es \u00e0 bord d&rsquo;un moyen de transport \u00e0 destination d&rsquo;un autre pays. La r\u00e9forme permet notamment aux consignataires de d\u00e9poser le manifeste 24 heures avant l&rsquo;arriv\u00e9e du navire, la retomb\u00e9e est la r\u00e9duction du d\u00e9lai \u00e0 l&rsquo;importation de 24 heures.<\/p>\n\n\n\n<p>Une autre grande r\u00e9forme relative au commerce transfrontalier est la r\u00e9duction des d\u00e9lais d&rsquo;attente pour le passage au scanner de Lom\u00e9 Container Terminal (LCT) qui fonctionne d\u00e9sormais 24 heures sur 24. Ainsi, le commerce transfrontalier togolais s&rsquo;offre un nouveau visage : plus rapide, plus transparent, plus moderne.<\/p>\n","protected":false},"excerpt":{"rendered":"<p>Le Togo donne un nouveau souffle \u00e0 son commerce transfrontalier, secteur vital pour un pays dont le dynamisme \u00e9conomique repose largement sur l&rsquo;ouverture et la circulation des marchandises. Une s\u00e9rie&hellip; <\/p>\n","protected":false},"author":1,"featured_media":14977,"comment_status":"open","ping_status":"closed","sticky":false,"template":"","format":"standard","meta":{"footnotes":""},"categories":[8],"tags":[1155,39],"class_list":["post-14976","post","type-post","status-publish","format-standard","has-post-thumbnail","hentry","category-economie","tag-commerce-transfrontalier","tag-togo"],"yoast_head":"<!-- This site is optimized with the Yoast SEO plugin v26.4 - https:\/\/yoast.com\/wordpress\/plugins\/seo\/ -->\n<title>Le Togo donne un nouveau souffle \u00e0 son commerce transfrontalier - La Voix de la Nation<\/title>\n<meta name=\"robots\" content=\"index, follow, max-snippet:-1, max-image-preview:large, max-video-preview:-1\" \/>\n<link rel=\"canonical\" href=\"https:\/\/lavoixdelanation.tg\/index.php\/2025\/12\/10\/le-togo-donne-un-nouveau-souffle-a-son-commerce-transfrontalier\/\" \/>\n<meta property=\"og:locale\" content=\"fr_FR\" \/>\n<meta property=\"og:type\" content=\"article\" \/>\n<meta property=\"og:title\" content=\"Le Togo donne un nouveau souffle \u00e0 son commerce transfrontalier - La Voix de la Nation\" \/>\n<meta property=\"og:description\" content=\"Le Togo donne un nouveau souffle \u00e0 son commerce transfrontalier, secteur vital pour un pays dont le dynamisme \u00e9conomique repose largement sur l&rsquo;ouverture et la circulation des marchandises. Une s\u00e9rie&hellip;\" \/>\n<meta property=\"og:url\" content=\"https:\/\/lavoixdelanation.tg\/index.php\/2025\/12\/10\/le-togo-donne-un-nouveau-souffle-a-son-commerce-transfrontalier\/\" \/>\n<meta property=\"og:site_name\" content=\"La Voix de la Nation\" \/>\n<meta property=\"article:publisher\" content=\"https:\/\/www.facebook.com\/lavoixdelanation\" \/>\n<meta property=\"article:published_time\" content=\"2025-12-10T05:28:21+00:00\" \/>\n<meta property=\"article:modified_time\" content=\"2025-12-10T05:28:22+00:00\" \/>\n<meta property=\"og:image\" content=\"https:\/\/lavoixdelanation.tg\/wp-content\/uploads\/2025\/12\/Commerce-transfrontalier-au-Togo.jpg\" \/>\n\t<meta property=\"og:image:width\" content=\"1016\" \/>\n\t<meta property=\"og:image:height\" content=\"677\" \/>\n\t<meta property=\"og:image:type\" content=\"image\/jpeg\" \/>\n<meta name=\"author\" content=\"La voix de la nation\" \/>\n<meta name=\"twitter:card\" content=\"summary_large_image\" \/>\n<meta name=\"twitter:label1\" content=\"\u00c9crit par\" \/>\n\t<meta name=\"twitter:data1\" content=\"La voix de la nation\" \/>\n\t<meta name=\"twitter:label2\" content=\"Dur\u00e9e de lecture estim\u00e9e\" \/>\n\t<meta name=\"twitter:data2\" content=\"3 minutes\" \/>\n<script type=\"application\/ld+json\" class=\"yoast-schema-graph\">{\"@context\":\"https:\/\/schema.org\",\"@graph\":[{\"@type\":\"Article\",\"@id\":\"https:\/\/lavoixdelanation.tg\/index.php\/2025\/12\/10\/le-togo-donne-un-nouveau-souffle-a-son-commerce-transfrontalier\/#article\",\"isPartOf\":{\"@id\":\"https:\/\/lavoixdelanation.tg\/index.php\/2025\/12\/10\/le-togo-donne-un-nouveau-souffle-a-son-commerce-transfrontalier\/\"},\"author\":{\"name\":\"La voix de la nation\",\"@id\":\"https:\/\/lavoixdelanation.tg\/#\/schema\/person\/6c489293aa38053673a9e554acb6e224\"},\"headline\":\"Le Togo donne un nouveau souffle \u00e0 son commerce transfrontalier\",\"datePublished\":\"2025-12-10T05:28:21+00:00\",\"dateModified\":\"2025-12-10T05:28:22+00:00\",\"mainEntityOfPage\":{\"@id\":\"https:\/\/lavoixdelanation.tg\/index.php\/2025\/12\/10\/le-togo-donne-un-nouveau-souffle-a-son-commerce-transfrontalier\/\"},\"wordCount\":588,\"commentCount\":0,\"publisher\":{\"@id\":\"https:\/\/lavoixdelanation.tg\/#organization\"},\"image\":{\"@id\":\"https:\/\/lavoixdelanation.tg\/index.php\/2025\/12\/10\/le-togo-donne-un-nouveau-souffle-a-son-commerce-transfrontalier\/#primaryimage\"},\"thumbnailUrl\":\"https:\/\/lavoixdelanation.tg\/wp-content\/uploads\/2025\/12\/Commerce-transfrontalier-au-Togo.jpg\",\"keywords\":[\"Commerce transfrontalier\",\"Togo\"],\"articleSection\":[\"Economie\"],\"inLanguage\":\"fr-FR\",\"potentialAction\":[{\"@type\":\"CommentAction\",\"name\":\"Comment\",\"target\":[\"https:\/\/lavoixdelanation.tg\/index.php\/2025\/12\/10\/le-togo-donne-un-nouveau-souffle-a-son-commerce-transfrontalier\/#respond\"]}]},{\"@type\":\"WebPage\",\"@id\":\"https:\/\/lavoixdelanation.tg\/index.php\/2025\/12\/10\/le-togo-donne-un-nouveau-souffle-a-son-commerce-transfrontalier\/\",\"url\":\"https:\/\/lavoixdelanation.tg\/index.php\/2025\/12\/10\/le-togo-donne-un-nouveau-souffle-a-son-commerce-transfrontalier\/\",\"name\":\"Le Togo donne un nouveau souffle \u00e0 son commerce transfrontalier - La Voix de la Nation\",\"isPartOf\":{\"@id\":\"https:\/\/lavoixdelanation.tg\/#website\"},\"primaryImageOfPage\":{\"@id\":\"https:\/\/lavoixdelanation.tg\/index.php\/2025\/12\/10\/le-togo-donne-un-nouveau-souffle-a-son-commerce-transfrontalier\/#primaryimage\"},\"image\":{\"@id\":\"https:\/\/lavoixdelanation.tg\/index.php\/2025\/12\/10\/le-togo-donne-un-nouveau-souffle-a-son-commerce-transfrontalier\/#primaryimage\"},\"thumbnailUrl\":\"https:\/\/lavoixdelanation.tg\/wp-content\/uploads\/2025\/12\/Commerce-transfrontalier-au-Togo.jpg\",\"datePublished\":\"2025-12-10T05:28:21+00:00\",\"dateModified\":\"2025-12-10T05:28:22+00:00\",\"breadcrumb\":{\"@id\":\"https:\/\/lavoixdelanation.tg\/index.php\/2025\/12\/10\/le-togo-donne-un-nouveau-souffle-a-son-commerce-transfrontalier\/#breadcrumb\"},\"inLanguage\":\"fr-FR\",\"potentialAction\":[{\"@type\":\"ReadAction\",\"target\":[\"https:\/\/lavoixdelanation.tg\/index.php\/2025\/12\/10\/le-togo-donne-un-nouveau-souffle-a-son-commerce-transfrontalier\/\"]}]},{\"@type\":\"ImageObject\",\"inLanguage\":\"fr-FR\",\"@id\":\"https:\/\/lavoixdelanation.tg\/index.php\/2025\/12\/10\/le-togo-donne-un-nouveau-souffle-a-son-commerce-transfrontalier\/#primaryimage\",\"url\":\"https:\/\/lavoixdelanation.tg\/wp-content\/uploads\/2025\/12\/Commerce-transfrontalier-au-Togo.jpg\",\"contentUrl\":\"https:\/\/lavoixdelanation.tg\/wp-content\/uploads\/2025\/12\/Commerce-transfrontalier-au-Togo.jpg\",\"width\":1016,\"height\":677},{\"@type\":\"BreadcrumbList\",\"@id\":\"https:\/\/lavoixdelanation.tg\/index.php\/2025\/12\/10\/le-togo-donne-un-nouveau-souffle-a-son-commerce-transfrontalier\/#breadcrumb\",\"itemListElement\":[{\"@type\":\"ListItem\",\"position\":1,\"name\":\"Accueil\",\"item\":\"https:\/\/lavoixdelanation.tg\/\"},{\"@type\":\"ListItem\",\"position\":2,\"name\":\"Le Togo donne un nouveau souffle \u00e0 son commerce transfrontalier\"}]},{\"@type\":\"WebSite\",\"@id\":\"https:\/\/lavoixdelanation.tg\/#website\",\"url\":\"https:\/\/lavoixdelanation.tg\/\",\"name\":\"La Voix de la Nation\",\"description\":\"R\u00e9c\u00e9piss\u00e9 n\u00b00108\/HAAC\/01-2024\/pl\/P\",\"publisher\":{\"@id\":\"https:\/\/lavoixdelanation.tg\/#organization\"},\"alternateName\":\"VON\",\"potentialAction\":[{\"@type\":\"SearchAction\",\"target\":{\"@type\":\"EntryPoint\",\"urlTemplate\":\"https:\/\/lavoixdelanation.tg\/?s={search_term_string}\"},\"query-input\":{\"@type\":\"PropertyValueSpecification\",\"valueRequired\":true,\"valueName\":\"search_term_string\"}}],\"inLanguage\":\"fr-FR\"},{\"@type\":\"Organization\",\"@id\":\"https:\/\/lavoixdelanation.tg\/#organization\",\"name\":\"La Voix de la Nation\",\"url\":\"https:\/\/lavoixdelanation.tg\/\",\"logo\":{\"@type\":\"ImageObject\",\"inLanguage\":\"fr-FR\",\"@id\":\"https:\/\/lavoixdelanation.tg\/#\/schema\/logo\/image\/\",\"url\":\"https:\/\/lavoixdelanation.tg\/wp-content\/uploads\/2024\/12\/lavn-1.png\",\"contentUrl\":\"https:\/\/lavoixdelanation.tg\/wp-content\/uploads\/2024\/12\/lavn-1.png\",\"width\":1024,\"height\":464,\"caption\":\"La Voix de la Nation\"},\"image\":{\"@id\":\"https:\/\/lavoixdelanation.tg\/#\/schema\/logo\/image\/\"},\"sameAs\":[\"https:\/\/www.facebook.com\/lavoixdelanation\"]},{\"@type\":\"Person\",\"@id\":\"https:\/\/lavoixdelanation.tg\/#\/schema\/person\/6c489293aa38053673a9e554acb6e224\",\"name\":\"La voix de la nation\",\"image\":{\"@type\":\"ImageObject\",\"inLanguage\":\"fr-FR\",\"@id\":\"https:\/\/lavoixdelanation.tg\/#\/schema\/person\/image\/\",\"url\":\"https:\/\/secure.gravatar.com\/avatar\/8aa135d4bbc794494cecaa8d483f6d6cc1023624868deaff686baed5e727a5a1?s=96&d=mm&r=g\",\"contentUrl\":\"https:\/\/secure.gravatar.com\/avatar\/8aa135d4bbc794494cecaa8d483f6d6cc1023624868deaff686baed5e727a5a1?s=96&d=mm&r=g\",\"caption\":\"La voix de la nation\"},\"sameAs\":[\"https:\/\/lavoixdelanation.tg\"],\"url\":\"https:\/\/lavoixdelanation.tg\/index.php\/author\/lavn\/\"}]}<\/script>\n<!-- \/ Yoast SEO plugin. -->","yoast_head_json":{"title":"Le Togo donne un nouveau souffle \u00e0 son commerce transfrontalier - La Voix de la Nation","robots":{"index":"index","follow":"follow","max-snippet":"max-snippet:-1","max-image-preview":"max-image-preview:large","max-video-preview":"max-video-preview:-1"},"canonical":"https:\/\/lavoixdelanation.tg\/index.php\/2025\/12\/10\/le-togo-donne-un-nouveau-souffle-a-son-commerce-transfrontalier\/","og_locale":"fr_FR","og_type":"article","og_title":"Le Togo donne un nouveau souffle \u00e0 son commerce transfrontalier - La Voix de la Nation","og_description":"Le Togo donne un nouveau souffle \u00e0 son commerce transfrontalier, secteur vital pour un pays dont le dynamisme \u00e9conomique repose largement sur l&rsquo;ouverture et la circulation des marchandises. Une s\u00e9rie&hellip;","og_url":"https:\/\/lavoixdelanation.tg\/index.php\/2025\/12\/10\/le-togo-donne-un-nouveau-souffle-a-son-commerce-transfrontalier\/","og_site_name":"La Voix de la Nation","article_publisher":"https:\/\/www.facebook.com\/lavoixdelanation","article_published_time":"2025-12-10T05:28:21+00:00","article_modified_time":"2025-12-10T05:28:22+00:00","og_image":[{"width":1016,"height":677,"url":"https:\/\/lavoixdelanation.tg\/wp-content\/uploads\/2025\/12\/Commerce-transfrontalier-au-Togo.jpg","type":"image\/jpeg"}],"author":"La voix de la nation","twitter_card":"summary_large_image","twitter_misc":{"\u00c9crit par":"La voix de la nation","Dur\u00e9e de lecture estim\u00e9e":"3 minutes"},"schema":{"@context":"https:\/\/schema.org","@graph":[{"@type":"Article","@id":"https:\/\/lavoixdelanation.tg\/index.php\/2025\/12\/10\/le-togo-donne-un-nouveau-souffle-a-son-commerce-transfrontalier\/#article","isPartOf":{"@id":"https:\/\/lavoixdelanation.tg\/index.php\/2025\/12\/10\/le-togo-donne-un-nouveau-souffle-a-son-commerce-transfrontalier\/"},"author":{"name":"La voix de la nation","@id":"https:\/\/lavoixdelanation.tg\/#\/schema\/person\/6c489293aa38053673a9e554acb6e224"},"headline":"Le Togo donne un nouveau souffle \u00e0 son commerce transfrontalier","datePublished":"2025-12-10T05:28:21+00:00","dateModified":"2025-12-10T05:28:22+00:00","mainEntityOfPage":{"@id":"https:\/\/lavoixdelanation.tg\/index.php\/2025\/12\/10\/le-togo-donne-un-nouveau-souffle-a-son-commerce-transfrontalier\/"},"wordCount":588,"commentCount":0,"publisher":{"@id":"https:\/\/lavoixdelanation.tg\/#organization"},"image":{"@id":"https:\/\/lavoixdelanation.tg\/index.php\/2025\/12\/10\/le-togo-donne-un-nouveau-souffle-a-son-commerce-transfrontalier\/#primaryimage"},"thumbnailUrl":"https:\/\/lavoixdelanation.tg\/wp-content\/uploads\/2025\/12\/Commerce-transfrontalier-au-Togo.jpg","keywords":["Commerce transfrontalier","Togo"],"articleSection":["Economie"],"inLanguage":"fr-FR","potentialAction":[{"@type":"CommentAction","name":"Comment","target":["https:\/\/lavoixdelanation.tg\/index.php\/2025\/12\/10\/le-togo-donne-un-nouveau-souffle-a-son-commerce-transfrontalier\/#respond"]}]},{"@type":"WebPage","@id":"https:\/\/lavoixdelanation.tg\/index.php\/2025\/12\/10\/le-togo-donne-un-nouveau-souffle-a-son-commerce-transfrontalier\/","url":"https:\/\/lavoixdelanation.tg\/index.php\/2025\/12\/10\/le-togo-donne-un-nouveau-souffle-a-son-commerce-transfrontalier\/","name":"Le Togo donne un nouveau souffle \u00e0 son commerce transfrontalier - La Voix de la Nation","isPartOf":{"@id":"https:\/\/lavoixdelanation.tg\/#website"},"primaryImageOfPage":{"@id":"https:\/\/lavoixdelanation.tg\/index.php\/2025\/12\/10\/le-togo-donne-un-nouveau-souffle-a-son-commerce-transfrontalier\/#primaryimage"},"image":{"@id":"https:\/\/lavoixdelanation.tg\/index.php\/2025\/12\/10\/le-togo-donne-un-nouveau-souffle-a-son-commerce-transfrontalier\/#primaryimage"},"thumbnailUrl":"https:\/\/lavoixdelanation.tg\/wp-content\/uploads\/2025\/12\/Commerce-transfrontalier-au-Togo.jpg","datePublished":"2025-12-10T05:28:21+00:00","dateModified":"2025-12-10T05:28:22+00:00","breadcrumb":{"@id":"https:\/\/lavoixdelanation.tg\/index.php\/2025\/12\/10\/le-togo-donne-un-nouveau-souffle-a-son-commerce-transfrontalier\/#breadcrumb"},"inLanguage":"fr-FR","potentialAction":[{"@type":"ReadAction","target":["https:\/\/lavoixdelanation.tg\/index.php\/2025\/12\/10\/le-togo-donne-un-nouveau-souffle-a-son-commerce-transfrontalier\/"]}]},{"@type":"ImageObject","inLanguage":"fr-FR","@id":"https:\/\/lavoixdelanation.tg\/index.php\/2025\/12\/10\/le-togo-donne-un-nouveau-souffle-a-son-commerce-transfrontalier\/#primaryimage","url":"https:\/\/lavoixdelanation.tg\/wp-content\/uploads\/2025\/12\/Commerce-transfrontalier-au-Togo.jpg","contentUrl":"https:\/\/lavoixdelanation.tg\/wp-content\/uploads\/2025\/12\/Commerce-transfrontalier-au-Togo.jpg","width":1016,"height":677},{"@type":"BreadcrumbList","@id":"https:\/\/lavoixdelanation.tg\/index.php\/2025\/12\/10\/le-togo-donne-un-nouveau-souffle-a-son-commerce-transfrontalier\/#breadcrumb","itemListElement":[{"@type":"ListItem","position":1,"name":"Accueil","item":"https:\/\/lavoixdelanation.tg\/"},{"@type":"ListItem","position":2,"name":"Le Togo donne un nouveau souffle \u00e0 son commerce transfrontalier"}]},{"@type":"WebSite","@id":"https:\/\/lavoixdelanation.tg\/#website","url":"https:\/\/lavoixdelanation.tg\/","name":"La Voix de la Nation","description":"R\u00e9c\u00e9piss\u00e9 n\u00b00108\/HAAC\/01-2024\/pl\/P","publisher":{"@id":"https:\/\/lavoixdelanation.tg\/#organization"},"alternateName":"VON","potentialAction":[{"@type":"SearchAction","target":{"@type":"EntryPoint","urlTemplate":"https:\/\/lavoixdelanation.tg\/?s={search_term_string}"},"query-input":{"@type":"PropertyValueSpecification","valueRequired":true,"valueName":"search_term_string"}}],"inLanguage":"fr-FR"},{"@type":"Organization","@id":"https:\/\/lavoixdelanation.tg\/#organization","name":"La Voix de la Nation","url":"https:\/\/lavoixdelanation.tg\/","logo":{"@type":"ImageObject","inLanguage":"fr-FR","@id":"https:\/\/lavoixdelanation.tg\/#\/schema\/logo\/image\/","url":"https:\/\/lavoixdelanation.tg\/wp-content\/uploads\/2024\/12\/lavn-1.png","contentUrl":"https:\/\/lavoixdelanation.tg\/wp-content\/uploads\/2024\/12\/lavn-1.png","width":1024,"height":464,"caption":"La Voix de la Nation"},"image":{"@id":"https:\/\/lavoixdelanation.tg\/#\/schema\/logo\/image\/"},"sameAs":["https:\/\/www.facebook.com\/lavoixdelanation"]},{"@type":"Person","@id":"https:\/\/lavoixdelanation.tg\/#\/schema\/person\/6c489293aa38053673a9e554acb6e224","name":"La voix de la nation","image":{"@type":"ImageObject","inLanguage":"fr-FR","@id":"https:\/\/lavoixdelanation.tg\/#\/schema\/person\/image\/","url":"https:\/\/secure.gravatar.com\/avatar\/8aa135d4bbc794494cecaa8d483f6d6cc1023624868deaff686baed5e727a5a1?s=96&d=mm&r=g","contentUrl":"https:\/\/secure.gravatar.com\/avatar\/8aa135d4bbc794494cecaa8d483f6d6cc1023624868deaff686baed5e727a5a1?s=96&d=mm&r=g","caption":"La voix de la nation"},"sameAs":["https:\/\/lavoixdelanation.tg"],"url":"https:\/\/lavoixdelanation.tg\/index.php\/author\/lavn\/"}]}},"_links":{"self":[{"href":"https:\/\/lavoixdelanation.tg\/index.php\/wp-json\/wp\/v2\/posts\/14976","targetHints":{"allow":["GET"]}}],"collection":[{"href":"https:\/\/lavoixdelanation.tg\/index.php\/wp-json\/wp\/v2\/posts"}],"about":[{"href":"https:\/\/lavoixdelanation.tg\/index.php\/wp-json\/wp\/v2\/types\/post"}],"author":[{"embeddable":true,"href":"https:\/\/lavoixdelanation.tg\/index.php\/wp-json\/wp\/v2\/users\/1"}],"replies":[{"embeddable":true,"href":"https:\/\/lavoixdelanation.tg\/index.php\/wp-json\/wp\/v2\/comments?post=14976"}],"version-history":[{"count":1,"href":"https:\/\/lavoixdelanation.tg\/index.php\/wp-json\/wp\/v2\/posts\/14976\/revisions"}],"predecessor-version":[{"id":14978,"href":"https:\/\/lavoixdelanation.tg\/index.php\/wp-json\/wp\/v2\/posts\/14976\/revisions\/14978"}],"wp:featuredmedia":[{"embeddable":true,"href":"https:\/\/lavoixdelanation.tg\/index.php\/wp-json\/wp\/v2\/media\/14977"}],"wp:attachment":[{"href":"https:\/\/lavoixdelanation.tg\/index.php\/wp-json\/wp\/v2\/media?parent=14976"}],"wp:term":[{"taxonomy":"category","embeddable":true,"href":"https:\/\/lavoixdelanation.tg\/index.php\/wp-json\/wp\/v2\/categories?post=14976"},{"taxonomy":"post_tag","embeddable":true,"href":"https:\/\/lavoixdelanation.tg\/index.php\/wp-json\/wp\/v2\/tags?post=14976"}],"curies":[{"name":"wp","href":"https:\/\/api.w.org\/{rel}","templated":true}]}}