{"id":14973,"date":"2025-12-09T12:57:00","date_gmt":"2025-12-09T11:57:00","guid":{"rendered":"https:\/\/lavoixdelanation.tg\/?p=14973"},"modified":"2025-12-09T15:01:40","modified_gmt":"2025-12-09T14:01:40","slug":"togo-une-metamorphose-commerciale-dans-un-pays-qui-avance","status":"publish","type":"post","link":"https:\/\/lavoixdelanation.tg\/index.php\/2025\/12\/09\/togo-une-metamorphose-commerciale-dans-un-pays-qui-avance\/","title":{"rendered":"Togo\u00a0: Une m\u00e9tamorphose commerciale dans un pays qui avance"},"content":{"rendered":"\n<p><strong>Longtemps marqu\u00e9 par une pr\u00e9dominance du commerce traditionnel, le Togo vit une m\u00e9tamorphose commerciale qui redessine les habitudes d&rsquo;achat, les circuits de distribution et la dynamique entrepreneuriale.<\/strong><\/p>\n\n\n\n<p>Au fil des ans, le pays d\u00e9voile de plus en plus un visage commercial plus agile, plus num\u00e9ris\u00e9, plus structur\u00e9, confirmant sa place parmi les \u00e9conomies ouest-africaines les plus r\u00e9formatrices.<\/p>\n\n\n\n<p>Au c\u0153ur de la mutation, s&rsquo;affirme la mont\u00e9e en puissance d&rsquo;un commerce modernis\u00e9, o\u00f9 l&rsquo;innovation est devenue une n\u00e9cessit\u00e9. Des march\u00e9s r\u00e9habilit\u00e9s avec des \u00e9quipements fiables, des plateformes d&rsquo;e-commerce qui gagnent du terrain.<\/p>\n\n\n\n<p>Le consommateur navigue d\u00e9sormais entre nouvelles exp\u00e9riences et rep\u00e8res familiers. Ce virage digital, amplifi\u00e9 par la forte pr\u00e9valence du mobile money et des paiements d\u00e9mat\u00e9rialis\u00e9s, t\u00e9moigne d&rsquo;une transformation ma\u00eetris\u00e9e o\u00f9 la technologie devient un acc\u00e9l\u00e9rateur de fluidit\u00e9 et de transparence.<\/p>\n\n\n\n<p>L&rsquo;\u00c9tat impulse \u00e9galement une nouvelle gouvernance commerciale en renfor\u00e7ant les normes, la tra\u00e7abilit\u00e9 des produits avec des applications\/syst\u00e8mes innovants et la fiscalit\u00e9.<\/p>\n\n\n\n<p>Durant l&rsquo;ann\u00e9e 2024, l&rsquo;Office togolais des recettes (OTR) a collect\u00e9 1 098,1 milliards de F CFA, repr\u00e9sentant une progression de 10 % par rapport \u00e0 2023. Ce montant d\u00e9passe l&rsquo;objectif initial de 990,1 milliards de francs pour 2023, marquant une performance historique pour l&rsquo;institution.<\/p>\n\n\n\n<p>Aussi, les r\u00e9formes engag\u00e9es facilitent non seulement l&rsquo;installation de nouvelles entreprises, mais encouragent \u00e9galement les commer\u00e7ants \u00e0 formaliser leurs activit\u00e9s. Pr\u00e8s de 15 000 entreprises ont \u00e9t\u00e9 cr\u00e9\u00e9es en 2024. Avec les 3 352 nouvelles entreprises formalis\u00e9es au 3\u00e8me trimestre de l&rsquo;ann\u00e9e 2025, le nombre total d&rsquo;\u00e9tablissements d&rsquo;affaires enregistr\u00e9s entre janvier et septembre de cette ann\u00e9e est de 11 099.<\/p>\n\n\n\n<p>L&rsquo;autre grande mutation se lit dans l&rsquo;\u00e9mergence d&rsquo;une g\u00e9n\u00e9ration d&rsquo;entrepreneurs, plus jeunes, plus connect\u00e9s, plus ouverts. Boutiques de niche, produits locaux valoris\u00e9s, services de livraison express, commerce sur les r\u00e9seaux&#8230; le march\u00e9 se diversifie, s&rsquo;esth\u00e9tise et s&rsquo;affine.<\/p>\n\n\n\n<p>Les pr\u00e9f\u00e9rences des consommateurs \u00e9voluent elles aussi : ils recherchent plus de qualit\u00e9, de commodit\u00e9 et de fiabilit\u00e9, obligeant les acteurs \u00e0 rehausser leurs standards. Les foires (Made in Togo, FIL, MIATO, Quinzaine commerciale, etc&#8230;) participent \u00e0 cette transformation du commerce togolais, qui n&rsquo;est plus seulement \u00e9conomique, mais aussi soci\u00e9tale.<\/p>\n\n\n\n<p><strong>Cris DADA<\/strong><\/p>\n","protected":false},"excerpt":{"rendered":"<p>Longtemps marqu\u00e9 par une pr\u00e9dominance du commerce traditionnel, le Togo vit une m\u00e9tamorphose commerciale qui redessine les habitudes d&rsquo;achat, les circuits de distribution et la dynamique entrepreneuriale. Au fil des&hellip; <\/p>\n","protected":false},"author":1,"featured_media":14974,"comment_status":"open","ping_status":"closed","sticky":false,"template":"","format":"standard","meta":{"footnotes":""},"categories":[8],"tags":[159,39],"class_list":["post-14973","post","type-post","status-publish","format-standard","has-post-thumbnail","hentry","category-economie","tag-commerce","tag-togo"],"yoast_head":"<!-- This site is optimized with the Yoast SEO plugin v26.4 - https:\/\/yoast.com\/wordpress\/plugins\/seo\/ -->\n<title>Togo\u00a0: Une m\u00e9tamorphose commerciale dans un pays qui avance - La Voix de la Nation<\/title>\n<meta name=\"robots\" content=\"index, follow, max-snippet:-1, max-image-preview:large, max-video-preview:-1\" \/>\n<link rel=\"canonical\" href=\"https:\/\/lavoixdelanation.tg\/index.php\/2025\/12\/09\/togo-une-metamorphose-commerciale-dans-un-pays-qui-avance\/\" \/>\n<meta property=\"og:locale\" content=\"fr_FR\" \/>\n<meta property=\"og:type\" content=\"article\" \/>\n<meta property=\"og:title\" content=\"Togo\u00a0: Une m\u00e9tamorphose commerciale dans un pays qui avance - La Voix de la Nation\" \/>\n<meta property=\"og:description\" content=\"Longtemps marqu\u00e9 par une pr\u00e9dominance du commerce traditionnel, le Togo vit une m\u00e9tamorphose commerciale qui redessine les habitudes d&rsquo;achat, les circuits de distribution et la dynamique entrepreneuriale. Au fil des&hellip;\" \/>\n<meta property=\"og:url\" content=\"https:\/\/lavoixdelanation.tg\/index.php\/2025\/12\/09\/togo-une-metamorphose-commerciale-dans-un-pays-qui-avance\/\" \/>\n<meta property=\"og:site_name\" content=\"La Voix de la Nation\" \/>\n<meta property=\"article:publisher\" content=\"https:\/\/www.facebook.com\/lavoixdelanation\" \/>\n<meta property=\"article:published_time\" content=\"2025-12-09T11:57:00+00:00\" \/>\n<meta property=\"article:modified_time\" content=\"2025-12-09T14:01:40+00:00\" \/>\n<meta property=\"og:image\" content=\"https:\/\/lavoixdelanation.tg\/wp-content\/uploads\/2025\/12\/Le-commerce-electronique-au-Togo.jpg\" \/>\n\t<meta property=\"og:image:width\" content=\"500\" \/>\n\t<meta property=\"og:image:height\" content=\"333\" \/>\n\t<meta property=\"og:image:type\" content=\"image\/jpeg\" \/>\n<meta name=\"author\" content=\"La voix de la nation\" \/>\n<meta name=\"twitter:card\" content=\"summary_large_image\" \/>\n<meta name=\"twitter:label1\" content=\"\u00c9crit par\" \/>\n\t<meta name=\"twitter:data1\" content=\"La voix de la nation\" \/>\n\t<meta name=\"twitter:label2\" content=\"Dur\u00e9e de lecture estim\u00e9e\" \/>\n\t<meta name=\"twitter:data2\" content=\"2 minutes\" \/>\n<script type=\"application\/ld+json\" class=\"yoast-schema-graph\">{\"@context\":\"https:\/\/schema.org\",\"@graph\":[{\"@type\":\"Article\",\"@id\":\"https:\/\/lavoixdelanation.tg\/index.php\/2025\/12\/09\/togo-une-metamorphose-commerciale-dans-un-pays-qui-avance\/#article\",\"isPartOf\":{\"@id\":\"https:\/\/lavoixdelanation.tg\/index.php\/2025\/12\/09\/togo-une-metamorphose-commerciale-dans-un-pays-qui-avance\/\"},\"author\":{\"name\":\"La voix de la nation\",\"@id\":\"https:\/\/lavoixdelanation.tg\/#\/schema\/person\/6c489293aa38053673a9e554acb6e224\"},\"headline\":\"Togo\u00a0: Une m\u00e9tamorphose commerciale dans un pays qui avance\",\"datePublished\":\"2025-12-09T11:57:00+00:00\",\"dateModified\":\"2025-12-09T14:01:40+00:00\",\"mainEntityOfPage\":{\"@id\":\"https:\/\/lavoixdelanation.tg\/index.php\/2025\/12\/09\/togo-une-metamorphose-commerciale-dans-un-pays-qui-avance\/\"},\"wordCount\":405,\"commentCount\":0,\"publisher\":{\"@id\":\"https:\/\/lavoixdelanation.tg\/#organization\"},\"image\":{\"@id\":\"https:\/\/lavoixdelanation.tg\/index.php\/2025\/12\/09\/togo-une-metamorphose-commerciale-dans-un-pays-qui-avance\/#primaryimage\"},\"thumbnailUrl\":\"https:\/\/lavoixdelanation.tg\/wp-content\/uploads\/2025\/12\/Le-commerce-electronique-au-Togo.jpg\",\"keywords\":[\"Commerce\",\"Togo\"],\"articleSection\":[\"Economie\"],\"inLanguage\":\"fr-FR\",\"potentialAction\":[{\"@type\":\"CommentAction\",\"name\":\"Comment\",\"target\":[\"https:\/\/lavoixdelanation.tg\/index.php\/2025\/12\/09\/togo-une-metamorphose-commerciale-dans-un-pays-qui-avance\/#respond\"]}]},{\"@type\":\"WebPage\",\"@id\":\"https:\/\/lavoixdelanation.tg\/index.php\/2025\/12\/09\/togo-une-metamorphose-commerciale-dans-un-pays-qui-avance\/\",\"url\":\"https:\/\/lavoixdelanation.tg\/index.php\/2025\/12\/09\/togo-une-metamorphose-commerciale-dans-un-pays-qui-avance\/\",\"name\":\"Togo\u00a0: Une m\u00e9tamorphose commerciale dans un pays qui avance - La Voix de la Nation\",\"isPartOf\":{\"@id\":\"https:\/\/lavoixdelanation.tg\/#website\"},\"primaryImageOfPage\":{\"@id\":\"https:\/\/lavoixdelanation.tg\/index.php\/2025\/12\/09\/togo-une-metamorphose-commerciale-dans-un-pays-qui-avance\/#primaryimage\"},\"image\":{\"@id\":\"https:\/\/lavoixdelanation.tg\/index.php\/2025\/12\/09\/togo-une-metamorphose-commerciale-dans-un-pays-qui-avance\/#primaryimage\"},\"thumbnailUrl\":\"https:\/\/lavoixdelanation.tg\/wp-content\/uploads\/2025\/12\/Le-commerce-electronique-au-Togo.jpg\",\"datePublished\":\"2025-12-09T11:57:00+00:00\",\"dateModified\":\"2025-12-09T14:01:40+00:00\",\"breadcrumb\":{\"@id\":\"https:\/\/lavoixdelanation.tg\/index.php\/2025\/12\/09\/togo-une-metamorphose-commerciale-dans-un-pays-qui-avance\/#breadcrumb\"},\"inLanguage\":\"fr-FR\",\"potentialAction\":[{\"@type\":\"ReadAction\",\"target\":[\"https:\/\/lavoixdelanation.tg\/index.php\/2025\/12\/09\/togo-une-metamorphose-commerciale-dans-un-pays-qui-avance\/\"]}]},{\"@type\":\"ImageObject\",\"inLanguage\":\"fr-FR\",\"@id\":\"https:\/\/lavoixdelanation.tg\/index.php\/2025\/12\/09\/togo-une-metamorphose-commerciale-dans-un-pays-qui-avance\/#primaryimage\",\"url\":\"https:\/\/lavoixdelanation.tg\/wp-content\/uploads\/2025\/12\/Le-commerce-electronique-au-Togo.jpg\",\"contentUrl\":\"https:\/\/lavoixdelanation.tg\/wp-content\/uploads\/2025\/12\/Le-commerce-electronique-au-Togo.jpg\",\"width\":500,\"height\":333},{\"@type\":\"BreadcrumbList\",\"@id\":\"https:\/\/lavoixdelanation.tg\/index.php\/2025\/12\/09\/togo-une-metamorphose-commerciale-dans-un-pays-qui-avance\/#breadcrumb\",\"itemListElement\":[{\"@type\":\"ListItem\",\"position\":1,\"name\":\"Accueil\",\"item\":\"https:\/\/lavoixdelanation.tg\/\"},{\"@type\":\"ListItem\",\"position\":2,\"name\":\"Togo\u00a0: Une m\u00e9tamorphose commerciale dans un pays qui avance\"}]},{\"@type\":\"WebSite\",\"@id\":\"https:\/\/lavoixdelanation.tg\/#website\",\"url\":\"https:\/\/lavoixdelanation.tg\/\",\"name\":\"La Voix de la Nation\",\"description\":\"R\u00e9c\u00e9piss\u00e9 n\u00b00108\/HAAC\/01-2024\/pl\/P\",\"publisher\":{\"@id\":\"https:\/\/lavoixdelanation.tg\/#organization\"},\"alternateName\":\"VON\",\"potentialAction\":[{\"@type\":\"SearchAction\",\"target\":{\"@type\":\"EntryPoint\",\"urlTemplate\":\"https:\/\/lavoixdelanation.tg\/?s={search_term_string}\"},\"query-input\":{\"@type\":\"PropertyValueSpecification\",\"valueRequired\":true,\"valueName\":\"search_term_string\"}}],\"inLanguage\":\"fr-FR\"},{\"@type\":\"Organization\",\"@id\":\"https:\/\/lavoixdelanation.tg\/#organization\",\"name\":\"La Voix de la Nation\",\"url\":\"https:\/\/lavoixdelanation.tg\/\",\"logo\":{\"@type\":\"ImageObject\",\"inLanguage\":\"fr-FR\",\"@id\":\"https:\/\/lavoixdelanation.tg\/#\/schema\/logo\/image\/\",\"url\":\"https:\/\/lavoixdelanation.tg\/wp-content\/uploads\/2024\/12\/lavn-1.png\",\"contentUrl\":\"https:\/\/lavoixdelanation.tg\/wp-content\/uploads\/2024\/12\/lavn-1.png\",\"width\":1024,\"height\":464,\"caption\":\"La Voix de la Nation\"},\"image\":{\"@id\":\"https:\/\/lavoixdelanation.tg\/#\/schema\/logo\/image\/\"},\"sameAs\":[\"https:\/\/www.facebook.com\/lavoixdelanation\"]},{\"@type\":\"Person\",\"@id\":\"https:\/\/lavoixdelanation.tg\/#\/schema\/person\/6c489293aa38053673a9e554acb6e224\",\"name\":\"La voix de la nation\",\"image\":{\"@type\":\"ImageObject\",\"inLanguage\":\"fr-FR\",\"@id\":\"https:\/\/lavoixdelanation.tg\/#\/schema\/person\/image\/\",\"url\":\"https:\/\/secure.gravatar.com\/avatar\/8aa135d4bbc794494cecaa8d483f6d6cc1023624868deaff686baed5e727a5a1?s=96&d=mm&r=g\",\"contentUrl\":\"https:\/\/secure.gravatar.com\/avatar\/8aa135d4bbc794494cecaa8d483f6d6cc1023624868deaff686baed5e727a5a1?s=96&d=mm&r=g\",\"caption\":\"La voix de la nation\"},\"sameAs\":[\"https:\/\/lavoixdelanation.tg\"],\"url\":\"https:\/\/lavoixdelanation.tg\/index.php\/author\/lavn\/\"}]}<\/script>\n<!-- \/ Yoast SEO plugin. -->","yoast_head_json":{"title":"Togo\u00a0: Une m\u00e9tamorphose commerciale dans un pays qui avance - La Voix de la Nation","robots":{"index":"index","follow":"follow","max-snippet":"max-snippet:-1","max-image-preview":"max-image-preview:large","max-video-preview":"max-video-preview:-1"},"canonical":"https:\/\/lavoixdelanation.tg\/index.php\/2025\/12\/09\/togo-une-metamorphose-commerciale-dans-un-pays-qui-avance\/","og_locale":"fr_FR","og_type":"article","og_title":"Togo\u00a0: Une m\u00e9tamorphose commerciale dans un pays qui avance - La Voix de la Nation","og_description":"Longtemps marqu\u00e9 par une pr\u00e9dominance du commerce traditionnel, le Togo vit une m\u00e9tamorphose commerciale qui redessine les habitudes d&rsquo;achat, les circuits de distribution et la dynamique entrepreneuriale. Au fil des&hellip;","og_url":"https:\/\/lavoixdelanation.tg\/index.php\/2025\/12\/09\/togo-une-metamorphose-commerciale-dans-un-pays-qui-avance\/","og_site_name":"La Voix de la Nation","article_publisher":"https:\/\/www.facebook.com\/lavoixdelanation","article_published_time":"2025-12-09T11:57:00+00:00","article_modified_time":"2025-12-09T14:01:40+00:00","og_image":[{"width":500,"height":333,"url":"https:\/\/lavoixdelanation.tg\/wp-content\/uploads\/2025\/12\/Le-commerce-electronique-au-Togo.jpg","type":"image\/jpeg"}],"author":"La voix de la nation","twitter_card":"summary_large_image","twitter_misc":{"\u00c9crit par":"La voix de la nation","Dur\u00e9e de lecture estim\u00e9e":"2 minutes"},"schema":{"@context":"https:\/\/schema.org","@graph":[{"@type":"Article","@id":"https:\/\/lavoixdelanation.tg\/index.php\/2025\/12\/09\/togo-une-metamorphose-commerciale-dans-un-pays-qui-avance\/#article","isPartOf":{"@id":"https:\/\/lavoixdelanation.tg\/index.php\/2025\/12\/09\/togo-une-metamorphose-commerciale-dans-un-pays-qui-avance\/"},"author":{"name":"La voix de la nation","@id":"https:\/\/lavoixdelanation.tg\/#\/schema\/person\/6c489293aa38053673a9e554acb6e224"},"headline":"Togo\u00a0: Une m\u00e9tamorphose commerciale dans un pays qui avance","datePublished":"2025-12-09T11:57:00+00:00","dateModified":"2025-12-09T14:01:40+00:00","mainEntityOfPage":{"@id":"https:\/\/lavoixdelanation.tg\/index.php\/2025\/12\/09\/togo-une-metamorphose-commerciale-dans-un-pays-qui-avance\/"},"wordCount":405,"commentCount":0,"publisher":{"@id":"https:\/\/lavoixdelanation.tg\/#organization"},"image":{"@id":"https:\/\/lavoixdelanation.tg\/index.php\/2025\/12\/09\/togo-une-metamorphose-commerciale-dans-un-pays-qui-avance\/#primaryimage"},"thumbnailUrl":"https:\/\/lavoixdelanation.tg\/wp-content\/uploads\/2025\/12\/Le-commerce-electronique-au-Togo.jpg","keywords":["Commerce","Togo"],"articleSection":["Economie"],"inLanguage":"fr-FR","potentialAction":[{"@type":"CommentAction","name":"Comment","target":["https:\/\/lavoixdelanation.tg\/index.php\/2025\/12\/09\/togo-une-metamorphose-commerciale-dans-un-pays-qui-avance\/#respond"]}]},{"@type":"WebPage","@id":"https:\/\/lavoixdelanation.tg\/index.php\/2025\/12\/09\/togo-une-metamorphose-commerciale-dans-un-pays-qui-avance\/","url":"https:\/\/lavoixdelanation.tg\/index.php\/2025\/12\/09\/togo-une-metamorphose-commerciale-dans-un-pays-qui-avance\/","name":"Togo\u00a0: Une m\u00e9tamorphose commerciale dans un pays qui avance - La Voix de la Nation","isPartOf":{"@id":"https:\/\/lavoixdelanation.tg\/#website"},"primaryImageOfPage":{"@id":"https:\/\/lavoixdelanation.tg\/index.php\/2025\/12\/09\/togo-une-metamorphose-commerciale-dans-un-pays-qui-avance\/#primaryimage"},"image":{"@id":"https:\/\/lavoixdelanation.tg\/index.php\/2025\/12\/09\/togo-une-metamorphose-commerciale-dans-un-pays-qui-avance\/#primaryimage"},"thumbnailUrl":"https:\/\/lavoixdelanation.tg\/wp-content\/uploads\/2025\/12\/Le-commerce-electronique-au-Togo.jpg","datePublished":"2025-12-09T11:57:00+00:00","dateModified":"2025-12-09T14:01:40+00:00","breadcrumb":{"@id":"https:\/\/lavoixdelanation.tg\/index.php\/2025\/12\/09\/togo-une-metamorphose-commerciale-dans-un-pays-qui-avance\/#breadcrumb"},"inLanguage":"fr-FR","potentialAction":[{"@type":"ReadAction","target":["https:\/\/lavoixdelanation.tg\/index.php\/2025\/12\/09\/togo-une-metamorphose-commerciale-dans-un-pays-qui-avance\/"]}]},{"@type":"ImageObject","inLanguage":"fr-FR","@id":"https:\/\/lavoixdelanation.tg\/index.php\/2025\/12\/09\/togo-une-metamorphose-commerciale-dans-un-pays-qui-avance\/#primaryimage","url":"https:\/\/lavoixdelanation.tg\/wp-content\/uploads\/2025\/12\/Le-commerce-electronique-au-Togo.jpg","contentUrl":"https:\/\/lavoixdelanation.tg\/wp-content\/uploads\/2025\/12\/Le-commerce-electronique-au-Togo.jpg","width":500,"height":333},{"@type":"BreadcrumbList","@id":"https:\/\/lavoixdelanation.tg\/index.php\/2025\/12\/09\/togo-une-metamorphose-commerciale-dans-un-pays-qui-avance\/#breadcrumb","itemListElement":[{"@type":"ListItem","position":1,"name":"Accueil","item":"https:\/\/lavoixdelanation.tg\/"},{"@type":"ListItem","position":2,"name":"Togo\u00a0: Une m\u00e9tamorphose commerciale dans un pays qui avance"}]},{"@type":"WebSite","@id":"https:\/\/lavoixdelanation.tg\/#website","url":"https:\/\/lavoixdelanation.tg\/","name":"La Voix de la Nation","description":"R\u00e9c\u00e9piss\u00e9 n\u00b00108\/HAAC\/01-2024\/pl\/P","publisher":{"@id":"https:\/\/lavoixdelanation.tg\/#organization"},"alternateName":"VON","potentialAction":[{"@type":"SearchAction","target":{"@type":"EntryPoint","urlTemplate":"https:\/\/lavoixdelanation.tg\/?s={search_term_string}"},"query-input":{"@type":"PropertyValueSpecification","valueRequired":true,"valueName":"search_term_string"}}],"inLanguage":"fr-FR"},{"@type":"Organization","@id":"https:\/\/lavoixdelanation.tg\/#organization","name":"La Voix de la Nation","url":"https:\/\/lavoixdelanation.tg\/","logo":{"@type":"ImageObject","inLanguage":"fr-FR","@id":"https:\/\/lavoixdelanation.tg\/#\/schema\/logo\/image\/","url":"https:\/\/lavoixdelanation.tg\/wp-content\/uploads\/2024\/12\/lavn-1.png","contentUrl":"https:\/\/lavoixdelanation.tg\/wp-content\/uploads\/2024\/12\/lavn-1.png","width":1024,"height":464,"caption":"La Voix de la Nation"},"image":{"@id":"https:\/\/lavoixdelanation.tg\/#\/schema\/logo\/image\/"},"sameAs":["https:\/\/www.facebook.com\/lavoixdelanation"]},{"@type":"Person","@id":"https:\/\/lavoixdelanation.tg\/#\/schema\/person\/6c489293aa38053673a9e554acb6e224","name":"La voix de la nation","image":{"@type":"ImageObject","inLanguage":"fr-FR","@id":"https:\/\/lavoixdelanation.tg\/#\/schema\/person\/image\/","url":"https:\/\/secure.gravatar.com\/avatar\/8aa135d4bbc794494cecaa8d483f6d6cc1023624868deaff686baed5e727a5a1?s=96&d=mm&r=g","contentUrl":"https:\/\/secure.gravatar.com\/avatar\/8aa135d4bbc794494cecaa8d483f6d6cc1023624868deaff686baed5e727a5a1?s=96&d=mm&r=g","caption":"La voix de la nation"},"sameAs":["https:\/\/lavoixdelanation.tg"],"url":"https:\/\/lavoixdelanation.tg\/index.php\/author\/lavn\/"}]}},"_links":{"self":[{"href":"https:\/\/lavoixdelanation.tg\/index.php\/wp-json\/wp\/v2\/posts\/14973","targetHints":{"allow":["GET"]}}],"collection":[{"href":"https:\/\/lavoixdelanation.tg\/index.php\/wp-json\/wp\/v2\/posts"}],"about":[{"href":"https:\/\/lavoixdelanation.tg\/index.php\/wp-json\/wp\/v2\/types\/post"}],"author":[{"embeddable":true,"href":"https:\/\/lavoixdelanation.tg\/index.php\/wp-json\/wp\/v2\/users\/1"}],"replies":[{"embeddable":true,"href":"https:\/\/lavoixdelanation.tg\/index.php\/wp-json\/wp\/v2\/comments?post=14973"}],"version-history":[{"count":1,"href":"https:\/\/lavoixdelanation.tg\/index.php\/wp-json\/wp\/v2\/posts\/14973\/revisions"}],"predecessor-version":[{"id":14975,"href":"https:\/\/lavoixdelanation.tg\/index.php\/wp-json\/wp\/v2\/posts\/14973\/revisions\/14975"}],"wp:featuredmedia":[{"embeddable":true,"href":"https:\/\/lavoixdelanation.tg\/index.php\/wp-json\/wp\/v2\/media\/14974"}],"wp:attachment":[{"href":"https:\/\/lavoixdelanation.tg\/index.php\/wp-json\/wp\/v2\/media?parent=14973"}],"wp:term":[{"taxonomy":"category","embeddable":true,"href":"https:\/\/lavoixdelanation.tg\/index.php\/wp-json\/wp\/v2\/categories?post=14973"},{"taxonomy":"post_tag","embeddable":true,"href":"https:\/\/lavoixdelanation.tg\/index.php\/wp-json\/wp\/v2\/tags?post=14973"}],"curies":[{"name":"wp","href":"https:\/\/api.w.org\/{rel}","templated":true}]}}