{"id":14969,"date":"2025-12-09T14:56:35","date_gmt":"2025-12-09T13:56:35","guid":{"rendered":"https:\/\/lavoixdelanation.tg\/?p=14969"},"modified":"2025-12-09T14:56:36","modified_gmt":"2025-12-09T13:56:36","slug":"investissement-un-parc-industriel-annonce-dans-la-region-de-la-kara","status":"publish","type":"post","link":"https:\/\/lavoixdelanation.tg\/index.php\/2025\/12\/09\/investissement-un-parc-industriel-annonce-dans-la-region-de-la-kara\/","title":{"rendered":"Investissement : Un parc industriel annonc\u00e9 dans la r\u00e9gion de la Kara"},"content":{"rendered":"\n<p><strong>Implanter un parc industriel dans la r\u00e9gion de la Kara, dans des secteurs essentiels tels que l\u2019agro-industrie, les \u00e9nergies renouvelables, l\u2019assemblage de machines agricoles ou encore la production de mat\u00e9riaux et d\u2019\u00e9quipements \u00e9lectriques.<\/strong><\/p>\n\n\n\n<p>Tel est l\u2019ambition d\u2019une d\u00e9l\u00e9gation d\u2019investisseurs et de chefs d\u2019entreprises chinois, venue au Togo explorer les opportunit\u00e9s d\u2019un partenariat industriel d\u2019envergure.<\/p>\n\n\n\n<p>La d\u00e9l\u00e9gation chinoise une s\u00e9ance de travail en fin de semaine derni\u00e8re avec la Secr\u00e9taire g\u00e9n\u00e9rale de la Pr\u00e9sidence du Conseil, Sandra Johnson.<\/p>\n\n\n\n<p>Au nom du Pr\u00e9sident du Conseil, Mme Sandra Johnson a r\u00e9affirm\u00e9 la pleine disponibilit\u00e9 des autorit\u00e9s togolaises \u00e0 accompagner ces investisseurs avec rigueur, transparence et sens du r\u00e9sultat.<\/p>\n\n\n\n<figure class=\"wp-block-image size-large\"><img loading=\"lazy\" decoding=\"async\" width=\"1024\" height=\"753\" src=\"https:\/\/lavoixdelanation.tg\/wp-content\/uploads\/2025\/12\/Seance-de-travail-avec-la-delegation-de-la-Chine-1024x753.jpg\" alt=\"\" class=\"wp-image-14971\" srcset=\"https:\/\/lavoixdelanation.tg\/wp-content\/uploads\/2025\/12\/Seance-de-travail-avec-la-delegation-de-la-Chine-1024x753.jpg 1024w, https:\/\/lavoixdelanation.tg\/wp-content\/uploads\/2025\/12\/Seance-de-travail-avec-la-delegation-de-la-Chine-300x221.jpg 300w, https:\/\/lavoixdelanation.tg\/wp-content\/uploads\/2025\/12\/Seance-de-travail-avec-la-delegation-de-la-Chine-768x564.jpg 768w, https:\/\/lavoixdelanation.tg\/wp-content\/uploads\/2025\/12\/Seance-de-travail-avec-la-delegation-de-la-Chine-1536x1129.jpg 1536w, https:\/\/lavoixdelanation.tg\/wp-content\/uploads\/2025\/12\/Seance-de-travail-avec-la-delegation-de-la-Chine.jpg 1600w\" sizes=\"auto, (max-width: 1024px) 100vw, 1024px\" \/><\/figure>\n\n\n\n<p>\u00ab&nbsp;C\u2019est en donnant de la visibilit\u00e9, de la pr\u00e9visibilit\u00e9 et de la confiance aux investisseurs que nous transformons nos ambitions en projets et nos projets en cha\u00eenes de valeur&nbsp;\u00bb, a-t-elle indiqu\u00e9.<\/p>\n\n\n\n<p>Il faut souligner que cette rencontre constitue l\u2019une des retomb\u00e9es directes du dernier Forum \u00e9conomique Chine-Afrique (FOCAC), au cours duquel le Pr\u00e9sident du Conseil a conduit une diplomatie \u00e9conomique active qui a permis de porter la coop\u00e9ration avec la Chine \u00e0 son niveau le plus \u00e9lev\u00e9 : le \u00ab&nbsp;niveau strat\u00e9gique&nbsp;\u00bb.<\/p>\n\n\n\n<p><strong>David S.<\/strong><strong><\/strong><\/p>\n","protected":false},"excerpt":{"rendered":"<p>Implanter un parc industriel dans la r\u00e9gion de la Kara, dans des secteurs essentiels tels que l\u2019agro-industrie, les \u00e9nergies renouvelables, l\u2019assemblage de machines agricoles ou encore la production de mat\u00e9riaux&hellip; <\/p>\n","protected":false},"author":1,"featured_media":14970,"comment_status":"open","ping_status":"closed","sticky":false,"template":"","format":"standard","meta":{"footnotes":""},"categories":[8],"tags":[1153,1154,39],"class_list":["post-14969","post","type-post","status-publish","format-standard","has-post-thumbnail","hentry","category-economie","tag-parc-industriel","tag-region-de-la-kara","tag-togo"],"yoast_head":"<!-- This site is optimized with the Yoast SEO plugin v26.4 - https:\/\/yoast.com\/wordpress\/plugins\/seo\/ -->\n<title>Investissement : Un parc industriel annonc\u00e9 dans la r\u00e9gion de la Kara - La Voix de la Nation<\/title>\n<meta name=\"robots\" content=\"index, follow, max-snippet:-1, max-image-preview:large, max-video-preview:-1\" \/>\n<link rel=\"canonical\" href=\"https:\/\/lavoixdelanation.tg\/index.php\/2025\/12\/09\/investissement-un-parc-industriel-annonce-dans-la-region-de-la-kara\/\" \/>\n<meta property=\"og:locale\" content=\"fr_FR\" \/>\n<meta property=\"og:type\" content=\"article\" \/>\n<meta property=\"og:title\" content=\"Investissement : Un parc industriel annonc\u00e9 dans la r\u00e9gion de la Kara - La Voix de la Nation\" \/>\n<meta property=\"og:description\" content=\"Implanter un parc industriel dans la r\u00e9gion de la Kara, dans des secteurs essentiels tels que l\u2019agro-industrie, les \u00e9nergies renouvelables, l\u2019assemblage de machines agricoles ou encore la production de mat\u00e9riaux&hellip;\" \/>\n<meta property=\"og:url\" content=\"https:\/\/lavoixdelanation.tg\/index.php\/2025\/12\/09\/investissement-un-parc-industriel-annonce-dans-la-region-de-la-kara\/\" \/>\n<meta property=\"og:site_name\" content=\"La Voix de la Nation\" \/>\n<meta property=\"article:publisher\" content=\"https:\/\/www.facebook.com\/lavoixdelanation\" \/>\n<meta property=\"article:published_time\" content=\"2025-12-09T13:56:35+00:00\" \/>\n<meta property=\"article:modified_time\" content=\"2025-12-09T13:56:36+00:00\" \/>\n<meta property=\"og:image\" content=\"https:\/\/lavoixdelanation.tg\/wp-content\/uploads\/2025\/12\/Seance-de-travail-avec-la-delegation-chinoise.jpg\" \/>\n\t<meta property=\"og:image:width\" content=\"1600\" \/>\n\t<meta property=\"og:image:height\" content=\"1067\" \/>\n\t<meta property=\"og:image:type\" content=\"image\/jpeg\" \/>\n<meta name=\"author\" content=\"La voix de la nation\" \/>\n<meta name=\"twitter:card\" content=\"summary_large_image\" \/>\n<meta name=\"twitter:label1\" content=\"\u00c9crit par\" \/>\n\t<meta name=\"twitter:data1\" content=\"La voix de la nation\" \/>\n\t<meta name=\"twitter:label2\" content=\"Dur\u00e9e de lecture estim\u00e9e\" \/>\n\t<meta name=\"twitter:data2\" content=\"2 minutes\" \/>\n<script type=\"application\/ld+json\" class=\"yoast-schema-graph\">{\"@context\":\"https:\/\/schema.org\",\"@graph\":[{\"@type\":\"Article\",\"@id\":\"https:\/\/lavoixdelanation.tg\/index.php\/2025\/12\/09\/investissement-un-parc-industriel-annonce-dans-la-region-de-la-kara\/#article\",\"isPartOf\":{\"@id\":\"https:\/\/lavoixdelanation.tg\/index.php\/2025\/12\/09\/investissement-un-parc-industriel-annonce-dans-la-region-de-la-kara\/\"},\"author\":{\"name\":\"La voix de la nation\",\"@id\":\"https:\/\/lavoixdelanation.tg\/#\/schema\/person\/6c489293aa38053673a9e554acb6e224\"},\"headline\":\"Investissement : Un parc industriel annonc\u00e9 dans la r\u00e9gion de la Kara\",\"datePublished\":\"2025-12-09T13:56:35+00:00\",\"dateModified\":\"2025-12-09T13:56:36+00:00\",\"mainEntityOfPage\":{\"@id\":\"https:\/\/lavoixdelanation.tg\/index.php\/2025\/12\/09\/investissement-un-parc-industriel-annonce-dans-la-region-de-la-kara\/\"},\"wordCount\":235,\"commentCount\":0,\"publisher\":{\"@id\":\"https:\/\/lavoixdelanation.tg\/#organization\"},\"image\":{\"@id\":\"https:\/\/lavoixdelanation.tg\/index.php\/2025\/12\/09\/investissement-un-parc-industriel-annonce-dans-la-region-de-la-kara\/#primaryimage\"},\"thumbnailUrl\":\"https:\/\/lavoixdelanation.tg\/wp-content\/uploads\/2025\/12\/Seance-de-travail-avec-la-delegation-chinoise.jpg\",\"keywords\":[\"Parc industriel\",\"R\u00e9gion de la Kara\",\"Togo\"],\"articleSection\":[\"Economie\"],\"inLanguage\":\"fr-FR\",\"potentialAction\":[{\"@type\":\"CommentAction\",\"name\":\"Comment\",\"target\":[\"https:\/\/lavoixdelanation.tg\/index.php\/2025\/12\/09\/investissement-un-parc-industriel-annonce-dans-la-region-de-la-kara\/#respond\"]}]},{\"@type\":\"WebPage\",\"@id\":\"https:\/\/lavoixdelanation.tg\/index.php\/2025\/12\/09\/investissement-un-parc-industriel-annonce-dans-la-region-de-la-kara\/\",\"url\":\"https:\/\/lavoixdelanation.tg\/index.php\/2025\/12\/09\/investissement-un-parc-industriel-annonce-dans-la-region-de-la-kara\/\",\"name\":\"Investissement : Un parc industriel annonc\u00e9 dans la r\u00e9gion de la Kara - La Voix de la Nation\",\"isPartOf\":{\"@id\":\"https:\/\/lavoixdelanation.tg\/#website\"},\"primaryImageOfPage\":{\"@id\":\"https:\/\/lavoixdelanation.tg\/index.php\/2025\/12\/09\/investissement-un-parc-industriel-annonce-dans-la-region-de-la-kara\/#primaryimage\"},\"image\":{\"@id\":\"https:\/\/lavoixdelanation.tg\/index.php\/2025\/12\/09\/investissement-un-parc-industriel-annonce-dans-la-region-de-la-kara\/#primaryimage\"},\"thumbnailUrl\":\"https:\/\/lavoixdelanation.tg\/wp-content\/uploads\/2025\/12\/Seance-de-travail-avec-la-delegation-chinoise.jpg\",\"datePublished\":\"2025-12-09T13:56:35+00:00\",\"dateModified\":\"2025-12-09T13:56:36+00:00\",\"breadcrumb\":{\"@id\":\"https:\/\/lavoixdelanation.tg\/index.php\/2025\/12\/09\/investissement-un-parc-industriel-annonce-dans-la-region-de-la-kara\/#breadcrumb\"},\"inLanguage\":\"fr-FR\",\"potentialAction\":[{\"@type\":\"ReadAction\",\"target\":[\"https:\/\/lavoixdelanation.tg\/index.php\/2025\/12\/09\/investissement-un-parc-industriel-annonce-dans-la-region-de-la-kara\/\"]}]},{\"@type\":\"ImageObject\",\"inLanguage\":\"fr-FR\",\"@id\":\"https:\/\/lavoixdelanation.tg\/index.php\/2025\/12\/09\/investissement-un-parc-industriel-annonce-dans-la-region-de-la-kara\/#primaryimage\",\"url\":\"https:\/\/lavoixdelanation.tg\/wp-content\/uploads\/2025\/12\/Seance-de-travail-avec-la-delegation-chinoise.jpg\",\"contentUrl\":\"https:\/\/lavoixdelanation.tg\/wp-content\/uploads\/2025\/12\/Seance-de-travail-avec-la-delegation-chinoise.jpg\",\"width\":1600,\"height\":1067,\"caption\":\"S\u00e9ance de travail avec la d\u00e9l\u00e9gation chinoise\"},{\"@type\":\"BreadcrumbList\",\"@id\":\"https:\/\/lavoixdelanation.tg\/index.php\/2025\/12\/09\/investissement-un-parc-industriel-annonce-dans-la-region-de-la-kara\/#breadcrumb\",\"itemListElement\":[{\"@type\":\"ListItem\",\"position\":1,\"name\":\"Accueil\",\"item\":\"https:\/\/lavoixdelanation.tg\/\"},{\"@type\":\"ListItem\",\"position\":2,\"name\":\"Investissement : Un parc industriel annonc\u00e9 dans la r\u00e9gion de la Kara\"}]},{\"@type\":\"WebSite\",\"@id\":\"https:\/\/lavoixdelanation.tg\/#website\",\"url\":\"https:\/\/lavoixdelanation.tg\/\",\"name\":\"La Voix de la Nation\",\"description\":\"R\u00e9c\u00e9piss\u00e9 n\u00b00108\/HAAC\/01-2024\/pl\/P\",\"publisher\":{\"@id\":\"https:\/\/lavoixdelanation.tg\/#organization\"},\"alternateName\":\"VON\",\"potentialAction\":[{\"@type\":\"SearchAction\",\"target\":{\"@type\":\"EntryPoint\",\"urlTemplate\":\"https:\/\/lavoixdelanation.tg\/?s={search_term_string}\"},\"query-input\":{\"@type\":\"PropertyValueSpecification\",\"valueRequired\":true,\"valueName\":\"search_term_string\"}}],\"inLanguage\":\"fr-FR\"},{\"@type\":\"Organization\",\"@id\":\"https:\/\/lavoixdelanation.tg\/#organization\",\"name\":\"La Voix de la Nation\",\"url\":\"https:\/\/lavoixdelanation.tg\/\",\"logo\":{\"@type\":\"ImageObject\",\"inLanguage\":\"fr-FR\",\"@id\":\"https:\/\/lavoixdelanation.tg\/#\/schema\/logo\/image\/\",\"url\":\"https:\/\/lavoixdelanation.tg\/wp-content\/uploads\/2024\/12\/lavn-1.png\",\"contentUrl\":\"https:\/\/lavoixdelanation.tg\/wp-content\/uploads\/2024\/12\/lavn-1.png\",\"width\":1024,\"height\":464,\"caption\":\"La Voix de la Nation\"},\"image\":{\"@id\":\"https:\/\/lavoixdelanation.tg\/#\/schema\/logo\/image\/\"},\"sameAs\":[\"https:\/\/www.facebook.com\/lavoixdelanation\"]},{\"@type\":\"Person\",\"@id\":\"https:\/\/lavoixdelanation.tg\/#\/schema\/person\/6c489293aa38053673a9e554acb6e224\",\"name\":\"La voix de la nation\",\"image\":{\"@type\":\"ImageObject\",\"inLanguage\":\"fr-FR\",\"@id\":\"https:\/\/lavoixdelanation.tg\/#\/schema\/person\/image\/\",\"url\":\"https:\/\/secure.gravatar.com\/avatar\/8aa135d4bbc794494cecaa8d483f6d6cc1023624868deaff686baed5e727a5a1?s=96&d=mm&r=g\",\"contentUrl\":\"https:\/\/secure.gravatar.com\/avatar\/8aa135d4bbc794494cecaa8d483f6d6cc1023624868deaff686baed5e727a5a1?s=96&d=mm&r=g\",\"caption\":\"La voix de la nation\"},\"sameAs\":[\"https:\/\/lavoixdelanation.tg\"],\"url\":\"https:\/\/lavoixdelanation.tg\/index.php\/author\/lavn\/\"}]}<\/script>\n<!-- \/ Yoast SEO plugin. -->","yoast_head_json":{"title":"Investissement : Un parc industriel annonc\u00e9 dans la r\u00e9gion de la Kara - La Voix de la Nation","robots":{"index":"index","follow":"follow","max-snippet":"max-snippet:-1","max-image-preview":"max-image-preview:large","max-video-preview":"max-video-preview:-1"},"canonical":"https:\/\/lavoixdelanation.tg\/index.php\/2025\/12\/09\/investissement-un-parc-industriel-annonce-dans-la-region-de-la-kara\/","og_locale":"fr_FR","og_type":"article","og_title":"Investissement : Un parc industriel annonc\u00e9 dans la r\u00e9gion de la Kara - La Voix de la Nation","og_description":"Implanter un parc industriel dans la r\u00e9gion de la Kara, dans des secteurs essentiels tels que l\u2019agro-industrie, les \u00e9nergies renouvelables, l\u2019assemblage de machines agricoles ou encore la production de mat\u00e9riaux&hellip;","og_url":"https:\/\/lavoixdelanation.tg\/index.php\/2025\/12\/09\/investissement-un-parc-industriel-annonce-dans-la-region-de-la-kara\/","og_site_name":"La Voix de la Nation","article_publisher":"https:\/\/www.facebook.com\/lavoixdelanation","article_published_time":"2025-12-09T13:56:35+00:00","article_modified_time":"2025-12-09T13:56:36+00:00","og_image":[{"width":1600,"height":1067,"url":"https:\/\/lavoixdelanation.tg\/wp-content\/uploads\/2025\/12\/Seance-de-travail-avec-la-delegation-chinoise.jpg","type":"image\/jpeg"}],"author":"La voix de la nation","twitter_card":"summary_large_image","twitter_misc":{"\u00c9crit par":"La voix de la nation","Dur\u00e9e de lecture estim\u00e9e":"2 minutes"},"schema":{"@context":"https:\/\/schema.org","@graph":[{"@type":"Article","@id":"https:\/\/lavoixdelanation.tg\/index.php\/2025\/12\/09\/investissement-un-parc-industriel-annonce-dans-la-region-de-la-kara\/#article","isPartOf":{"@id":"https:\/\/lavoixdelanation.tg\/index.php\/2025\/12\/09\/investissement-un-parc-industriel-annonce-dans-la-region-de-la-kara\/"},"author":{"name":"La voix de la nation","@id":"https:\/\/lavoixdelanation.tg\/#\/schema\/person\/6c489293aa38053673a9e554acb6e224"},"headline":"Investissement : Un parc industriel annonc\u00e9 dans la r\u00e9gion de la Kara","datePublished":"2025-12-09T13:56:35+00:00","dateModified":"2025-12-09T13:56:36+00:00","mainEntityOfPage":{"@id":"https:\/\/lavoixdelanation.tg\/index.php\/2025\/12\/09\/investissement-un-parc-industriel-annonce-dans-la-region-de-la-kara\/"},"wordCount":235,"commentCount":0,"publisher":{"@id":"https:\/\/lavoixdelanation.tg\/#organization"},"image":{"@id":"https:\/\/lavoixdelanation.tg\/index.php\/2025\/12\/09\/investissement-un-parc-industriel-annonce-dans-la-region-de-la-kara\/#primaryimage"},"thumbnailUrl":"https:\/\/lavoixdelanation.tg\/wp-content\/uploads\/2025\/12\/Seance-de-travail-avec-la-delegation-chinoise.jpg","keywords":["Parc industriel","R\u00e9gion de la Kara","Togo"],"articleSection":["Economie"],"inLanguage":"fr-FR","potentialAction":[{"@type":"CommentAction","name":"Comment","target":["https:\/\/lavoixdelanation.tg\/index.php\/2025\/12\/09\/investissement-un-parc-industriel-annonce-dans-la-region-de-la-kara\/#respond"]}]},{"@type":"WebPage","@id":"https:\/\/lavoixdelanation.tg\/index.php\/2025\/12\/09\/investissement-un-parc-industriel-annonce-dans-la-region-de-la-kara\/","url":"https:\/\/lavoixdelanation.tg\/index.php\/2025\/12\/09\/investissement-un-parc-industriel-annonce-dans-la-region-de-la-kara\/","name":"Investissement : Un parc industriel annonc\u00e9 dans la r\u00e9gion de la Kara - La Voix de la Nation","isPartOf":{"@id":"https:\/\/lavoixdelanation.tg\/#website"},"primaryImageOfPage":{"@id":"https:\/\/lavoixdelanation.tg\/index.php\/2025\/12\/09\/investissement-un-parc-industriel-annonce-dans-la-region-de-la-kara\/#primaryimage"},"image":{"@id":"https:\/\/lavoixdelanation.tg\/index.php\/2025\/12\/09\/investissement-un-parc-industriel-annonce-dans-la-region-de-la-kara\/#primaryimage"},"thumbnailUrl":"https:\/\/lavoixdelanation.tg\/wp-content\/uploads\/2025\/12\/Seance-de-travail-avec-la-delegation-chinoise.jpg","datePublished":"2025-12-09T13:56:35+00:00","dateModified":"2025-12-09T13:56:36+00:00","breadcrumb":{"@id":"https:\/\/lavoixdelanation.tg\/index.php\/2025\/12\/09\/investissement-un-parc-industriel-annonce-dans-la-region-de-la-kara\/#breadcrumb"},"inLanguage":"fr-FR","potentialAction":[{"@type":"ReadAction","target":["https:\/\/lavoixdelanation.tg\/index.php\/2025\/12\/09\/investissement-un-parc-industriel-annonce-dans-la-region-de-la-kara\/"]}]},{"@type":"ImageObject","inLanguage":"fr-FR","@id":"https:\/\/lavoixdelanation.tg\/index.php\/2025\/12\/09\/investissement-un-parc-industriel-annonce-dans-la-region-de-la-kara\/#primaryimage","url":"https:\/\/lavoixdelanation.tg\/wp-content\/uploads\/2025\/12\/Seance-de-travail-avec-la-delegation-chinoise.jpg","contentUrl":"https:\/\/lavoixdelanation.tg\/wp-content\/uploads\/2025\/12\/Seance-de-travail-avec-la-delegation-chinoise.jpg","width":1600,"height":1067,"caption":"S\u00e9ance de travail avec la d\u00e9l\u00e9gation chinoise"},{"@type":"BreadcrumbList","@id":"https:\/\/lavoixdelanation.tg\/index.php\/2025\/12\/09\/investissement-un-parc-industriel-annonce-dans-la-region-de-la-kara\/#breadcrumb","itemListElement":[{"@type":"ListItem","position":1,"name":"Accueil","item":"https:\/\/lavoixdelanation.tg\/"},{"@type":"ListItem","position":2,"name":"Investissement : Un parc industriel annonc\u00e9 dans la r\u00e9gion de la Kara"}]},{"@type":"WebSite","@id":"https:\/\/lavoixdelanation.tg\/#website","url":"https:\/\/lavoixdelanation.tg\/","name":"La Voix de la Nation","description":"R\u00e9c\u00e9piss\u00e9 n\u00b00108\/HAAC\/01-2024\/pl\/P","publisher":{"@id":"https:\/\/lavoixdelanation.tg\/#organization"},"alternateName":"VON","potentialAction":[{"@type":"SearchAction","target":{"@type":"EntryPoint","urlTemplate":"https:\/\/lavoixdelanation.tg\/?s={search_term_string}"},"query-input":{"@type":"PropertyValueSpecification","valueRequired":true,"valueName":"search_term_string"}}],"inLanguage":"fr-FR"},{"@type":"Organization","@id":"https:\/\/lavoixdelanation.tg\/#organization","name":"La Voix de la Nation","url":"https:\/\/lavoixdelanation.tg\/","logo":{"@type":"ImageObject","inLanguage":"fr-FR","@id":"https:\/\/lavoixdelanation.tg\/#\/schema\/logo\/image\/","url":"https:\/\/lavoixdelanation.tg\/wp-content\/uploads\/2024\/12\/lavn-1.png","contentUrl":"https:\/\/lavoixdelanation.tg\/wp-content\/uploads\/2024\/12\/lavn-1.png","width":1024,"height":464,"caption":"La Voix de la Nation"},"image":{"@id":"https:\/\/lavoixdelanation.tg\/#\/schema\/logo\/image\/"},"sameAs":["https:\/\/www.facebook.com\/lavoixdelanation"]},{"@type":"Person","@id":"https:\/\/lavoixdelanation.tg\/#\/schema\/person\/6c489293aa38053673a9e554acb6e224","name":"La voix de la nation","image":{"@type":"ImageObject","inLanguage":"fr-FR","@id":"https:\/\/lavoixdelanation.tg\/#\/schema\/person\/image\/","url":"https:\/\/secure.gravatar.com\/avatar\/8aa135d4bbc794494cecaa8d483f6d6cc1023624868deaff686baed5e727a5a1?s=96&d=mm&r=g","contentUrl":"https:\/\/secure.gravatar.com\/avatar\/8aa135d4bbc794494cecaa8d483f6d6cc1023624868deaff686baed5e727a5a1?s=96&d=mm&r=g","caption":"La voix de la nation"},"sameAs":["https:\/\/lavoixdelanation.tg"],"url":"https:\/\/lavoixdelanation.tg\/index.php\/author\/lavn\/"}]}},"_links":{"self":[{"href":"https:\/\/lavoixdelanation.tg\/index.php\/wp-json\/wp\/v2\/posts\/14969","targetHints":{"allow":["GET"]}}],"collection":[{"href":"https:\/\/lavoixdelanation.tg\/index.php\/wp-json\/wp\/v2\/posts"}],"about":[{"href":"https:\/\/lavoixdelanation.tg\/index.php\/wp-json\/wp\/v2\/types\/post"}],"author":[{"embeddable":true,"href":"https:\/\/lavoixdelanation.tg\/index.php\/wp-json\/wp\/v2\/users\/1"}],"replies":[{"embeddable":true,"href":"https:\/\/lavoixdelanation.tg\/index.php\/wp-json\/wp\/v2\/comments?post=14969"}],"version-history":[{"count":1,"href":"https:\/\/lavoixdelanation.tg\/index.php\/wp-json\/wp\/v2\/posts\/14969\/revisions"}],"predecessor-version":[{"id":14972,"href":"https:\/\/lavoixdelanation.tg\/index.php\/wp-json\/wp\/v2\/posts\/14969\/revisions\/14972"}],"wp:featuredmedia":[{"embeddable":true,"href":"https:\/\/lavoixdelanation.tg\/index.php\/wp-json\/wp\/v2\/media\/14970"}],"wp:attachment":[{"href":"https:\/\/lavoixdelanation.tg\/index.php\/wp-json\/wp\/v2\/media?parent=14969"}],"wp:term":[{"taxonomy":"category","embeddable":true,"href":"https:\/\/lavoixdelanation.tg\/index.php\/wp-json\/wp\/v2\/categories?post=14969"},{"taxonomy":"post_tag","embeddable":true,"href":"https:\/\/lavoixdelanation.tg\/index.php\/wp-json\/wp\/v2\/tags?post=14969"}],"curies":[{"name":"wp","href":"https:\/\/api.w.org\/{rel}","templated":true}]}}