{"id":14942,"date":"2025-12-07T12:51:04","date_gmt":"2025-12-07T11:51:04","guid":{"rendered":"https:\/\/lavoixdelanation.tg\/?p=14942"},"modified":"2025-12-07T12:51:05","modified_gmt":"2025-12-07T11:51:05","slug":"securite-le-togo-active-son-dispositif-national-de-prevention-et-dalerte-incendie","status":"publish","type":"post","link":"https:\/\/lavoixdelanation.tg\/index.php\/2025\/12\/07\/securite-le-togo-active-son-dispositif-national-de-prevention-et-dalerte-incendie\/","title":{"rendered":"S\u00e9curit\u00e9\u00a0: Le Togo active son dispositif national de pr\u00e9vention et d&rsquo;alerte incendie"},"content":{"rendered":"\n<p><strong>Le Togo active son dispositif national de pr\u00e9vention et d&rsquo;alerte incendie en vue de r\u00e9duire les risques et de r\u00e9agir efficacement en cas d&rsquo;incendie ou de toute autre situation d&rsquo;urgence.<\/strong><\/p>\n\n\n\n<p>L\u2019annonce est port\u00e9e \u00e0 la connaissance du public \u00e0 travers un communiqu\u00e9 en&nbsp; date du 03 d\u00e9cembre 2025 sign\u00e9 du ministre de la s\u00e9curit\u00e9, Calixte Madjoulba, pr\u00e9sident de la plateforme nationale de r\u00e9duction des risques de catastrophes.<\/p>\n\n\n\n<p>Il a en effet indiqu\u00e9 que les p\u00e9riodes de fin d&rsquo;ann\u00e9e et de d\u00e9but d&rsquo;une nouvelle ann\u00e9e sont habituellement marqu\u00e9es par une importante hausse des cas d&rsquo;incendie d&rsquo;origine \u00e9lectrique et\/ou v\u00e9g\u00e9tale. Ces incendies, enregistr\u00e9s par les diff\u00e9rents services nationaux comp\u00e9tents, engendrent parfois des d\u00e9g\u00e2ts humains et mat\u00e9riels importants.<\/p>\n\n\n\n<p class=\"has-text-align-center\"><strong>Les recommandations du ministre de la s\u00e9curit\u00e9<\/strong><\/p>\n\n\n\n<p>Le ministre a saisi l\u2019occasion pour formuler des recommandations afin d\u2019\u00e9viter les risques d&rsquo;incendies d&rsquo;origine \u00e9lectrique.<\/p>\n\n\n\n<p>Il y a d\u2019abord la n\u00e9cessit\u00e9 de faire r\u00e9aliser les installations et extensions \u00e9lectriques par des professionnels qualifi\u00e9s, utiliser du mat\u00e9riel \u00e9lectrique certifi\u00e9 et effectuer des v\u00e9rifications r\u00e9guli\u00e8res.<\/p>\n\n\n\n<p>Il est \u00e9galement conseill\u00e9 de ne jamais utiliser d&rsquo;appareils \u00e9lectriques ou \u00e9lectroniques d\u00e9fectueux et \u00e9viter de les laisser en fonctionnement sans surveillance, ne pas surcharger les prises \u00e9lectriques.<\/p>\n\n\n\n<p>Il faut en outre utiliser des rallonges de qualit\u00e9, et \u00e9teindre tous les appareils \u00e9lectriques avant de quitter une pi\u00e8ce ou avant de se coucher.<\/p>\n\n\n\n<p>Pour \u00e9viter les risques d&rsquo;incendie d&rsquo;origine v\u00e9g\u00e9tale, il a demand\u00e9 de ne pas allumer de feux de brousse et de br\u00fblis dans les zones expos\u00e9es sans mettre en place des dispositifs de lutte contre les incendies comme des coupe-feu.<\/p>\n\n\n\n<p>Il faudra s&rsquo;assurer \u00e9galement que les endroits o\u00f9 l&rsquo;on jette les m\u00e9gots de cigarette ne pr\u00e9sentent pas de risque d&rsquo;incendie, et veiller aussi \u00e0 la s\u00e9curit\u00e9 des foyers et des activit\u00e9s de plein air en \u00e9vitant de laisser des flammes ou des braises sans surveillance.<\/p>\n\n\n\n<p>\u00ab&nbsp;Toute personne t\u00e9moin d&rsquo;une situation dangereuse ou d&rsquo;un d\u00e9but d&rsquo;incendie doit imm\u00e9diatement alerter les secours en appelant l&rsquo;un des num\u00e9ros d&rsquo;urgence gratuits suivants : 118 pour le Corps des sapeurs-pompiers; 170 pour l&rsquo;Agence nationale de la protection civile; 1014 pour le Centre national de commandement unifi\u00e9&nbsp;\u00bb, a-t-il pr\u00e9conis\u00e9.<\/p>\n\n\n\n<p>Calixte Madjoulba a pour finir rappel\u00e9 que \u00ab&nbsp;le code p\u00e9nal togolais sanctionne tout fait quelconque entra\u00eenant des incendies et\/ou des dommages, qu&rsquo;il ait \u00e9t\u00e9 commis volontairement ou involontairement&nbsp;\u00bb.<\/p>\n\n\n\n<p>Dans ce sens, il a appel\u00e9 au sens de responsabilit\u00e9 de tous les acteurs tout en invitant la population \u00e0 redoubler de vigilance et \u00e0 plus de collaboration.<\/p>\n\n\n\n<p><\/p>\n","protected":false},"excerpt":{"rendered":"<p>Le Togo active son dispositif national de pr\u00e9vention et d&rsquo;alerte incendie en vue de r\u00e9duire les risques et de r\u00e9agir efficacement en cas d&rsquo;incendie ou de toute autre situation d&rsquo;urgence.&hellip; <\/p>\n","protected":false},"author":1,"featured_media":14943,"comment_status":"open","ping_status":"closed","sticky":false,"template":"","format":"standard","meta":{"footnotes":""},"categories":[29],"tags":[1013,272,125,39],"class_list":["post-14942","post","type-post","status-publish","format-standard","has-post-thumbnail","hentry","category-societe","tag-calixte-madjoulba","tag-incendie","tag-securite","tag-togo"],"yoast_head":"<!-- This site is optimized with the Yoast SEO plugin v26.4 - https:\/\/yoast.com\/wordpress\/plugins\/seo\/ -->\n<title>S\u00e9curit\u00e9\u00a0: Le Togo active son dispositif national de pr\u00e9vention et d&#039;alerte incendie - La Voix de la Nation<\/title>\n<meta name=\"robots\" content=\"index, follow, max-snippet:-1, max-image-preview:large, max-video-preview:-1\" \/>\n<link rel=\"canonical\" href=\"https:\/\/lavoixdelanation.tg\/index.php\/2025\/12\/07\/securite-le-togo-active-son-dispositif-national-de-prevention-et-dalerte-incendie\/\" \/>\n<meta property=\"og:locale\" content=\"fr_FR\" \/>\n<meta property=\"og:type\" content=\"article\" \/>\n<meta property=\"og:title\" content=\"S\u00e9curit\u00e9\u00a0: Le Togo active son dispositif national de pr\u00e9vention et d&#039;alerte incendie - La Voix de la Nation\" \/>\n<meta property=\"og:description\" content=\"Le Togo active son dispositif national de pr\u00e9vention et d&rsquo;alerte incendie en vue de r\u00e9duire les risques et de r\u00e9agir efficacement en cas d&rsquo;incendie ou de toute autre situation d&rsquo;urgence.&hellip;\" \/>\n<meta property=\"og:url\" content=\"https:\/\/lavoixdelanation.tg\/index.php\/2025\/12\/07\/securite-le-togo-active-son-dispositif-national-de-prevention-et-dalerte-incendie\/\" \/>\n<meta property=\"og:site_name\" content=\"La Voix de la Nation\" \/>\n<meta property=\"article:publisher\" content=\"https:\/\/www.facebook.com\/lavoixdelanation\" \/>\n<meta property=\"article:published_time\" content=\"2025-12-07T11:51:04+00:00\" \/>\n<meta property=\"article:modified_time\" content=\"2025-12-07T11:51:05+00:00\" \/>\n<meta property=\"og:image\" content=\"https:\/\/lavoixdelanation.tg\/wp-content\/uploads\/2025\/12\/Batossie-Madjoulba-ministre-de-la-securite.jpg\" \/>\n\t<meta property=\"og:image:width\" content=\"500\" \/>\n\t<meta property=\"og:image:height\" content=\"303\" \/>\n\t<meta property=\"og:image:type\" content=\"image\/jpeg\" \/>\n<meta name=\"author\" content=\"La voix de la nation\" \/>\n<meta name=\"twitter:card\" content=\"summary_large_image\" \/>\n<meta name=\"twitter:label1\" content=\"\u00c9crit par\" \/>\n\t<meta name=\"twitter:data1\" content=\"La voix de la nation\" \/>\n\t<meta name=\"twitter:label2\" content=\"Dur\u00e9e de lecture estim\u00e9e\" \/>\n\t<meta name=\"twitter:data2\" content=\"3 minutes\" \/>\n<script type=\"application\/ld+json\" class=\"yoast-schema-graph\">{\"@context\":\"https:\/\/schema.org\",\"@graph\":[{\"@type\":\"Article\",\"@id\":\"https:\/\/lavoixdelanation.tg\/index.php\/2025\/12\/07\/securite-le-togo-active-son-dispositif-national-de-prevention-et-dalerte-incendie\/#article\",\"isPartOf\":{\"@id\":\"https:\/\/lavoixdelanation.tg\/index.php\/2025\/12\/07\/securite-le-togo-active-son-dispositif-national-de-prevention-et-dalerte-incendie\/\"},\"author\":{\"name\":\"La voix de la nation\",\"@id\":\"https:\/\/lavoixdelanation.tg\/#\/schema\/person\/6c489293aa38053673a9e554acb6e224\"},\"headline\":\"S\u00e9curit\u00e9\u00a0: Le Togo active son dispositif national de pr\u00e9vention et d&rsquo;alerte incendie\",\"datePublished\":\"2025-12-07T11:51:04+00:00\",\"dateModified\":\"2025-12-07T11:51:05+00:00\",\"mainEntityOfPage\":{\"@id\":\"https:\/\/lavoixdelanation.tg\/index.php\/2025\/12\/07\/securite-le-togo-active-son-dispositif-national-de-prevention-et-dalerte-incendie\/\"},\"wordCount\":490,\"commentCount\":0,\"publisher\":{\"@id\":\"https:\/\/lavoixdelanation.tg\/#organization\"},\"image\":{\"@id\":\"https:\/\/lavoixdelanation.tg\/index.php\/2025\/12\/07\/securite-le-togo-active-son-dispositif-national-de-prevention-et-dalerte-incendie\/#primaryimage\"},\"thumbnailUrl\":\"https:\/\/lavoixdelanation.tg\/wp-content\/uploads\/2025\/12\/Batossie-Madjoulba-ministre-de-la-securite.jpg\",\"keywords\":[\"Calixte Madjoulba\",\"Incendie\",\"S\u00e9curit\u00e9\",\"Togo\"],\"articleSection\":[\"Soci\u00e9t\u00e9\"],\"inLanguage\":\"fr-FR\",\"potentialAction\":[{\"@type\":\"CommentAction\",\"name\":\"Comment\",\"target\":[\"https:\/\/lavoixdelanation.tg\/index.php\/2025\/12\/07\/securite-le-togo-active-son-dispositif-national-de-prevention-et-dalerte-incendie\/#respond\"]}]},{\"@type\":\"WebPage\",\"@id\":\"https:\/\/lavoixdelanation.tg\/index.php\/2025\/12\/07\/securite-le-togo-active-son-dispositif-national-de-prevention-et-dalerte-incendie\/\",\"url\":\"https:\/\/lavoixdelanation.tg\/index.php\/2025\/12\/07\/securite-le-togo-active-son-dispositif-national-de-prevention-et-dalerte-incendie\/\",\"name\":\"S\u00e9curit\u00e9\u00a0: Le Togo active son dispositif national de pr\u00e9vention et d'alerte incendie - La Voix de la Nation\",\"isPartOf\":{\"@id\":\"https:\/\/lavoixdelanation.tg\/#website\"},\"primaryImageOfPage\":{\"@id\":\"https:\/\/lavoixdelanation.tg\/index.php\/2025\/12\/07\/securite-le-togo-active-son-dispositif-national-de-prevention-et-dalerte-incendie\/#primaryimage\"},\"image\":{\"@id\":\"https:\/\/lavoixdelanation.tg\/index.php\/2025\/12\/07\/securite-le-togo-active-son-dispositif-national-de-prevention-et-dalerte-incendie\/#primaryimage\"},\"thumbnailUrl\":\"https:\/\/lavoixdelanation.tg\/wp-content\/uploads\/2025\/12\/Batossie-Madjoulba-ministre-de-la-securite.jpg\",\"datePublished\":\"2025-12-07T11:51:04+00:00\",\"dateModified\":\"2025-12-07T11:51:05+00:00\",\"breadcrumb\":{\"@id\":\"https:\/\/lavoixdelanation.tg\/index.php\/2025\/12\/07\/securite-le-togo-active-son-dispositif-national-de-prevention-et-dalerte-incendie\/#breadcrumb\"},\"inLanguage\":\"fr-FR\",\"potentialAction\":[{\"@type\":\"ReadAction\",\"target\":[\"https:\/\/lavoixdelanation.tg\/index.php\/2025\/12\/07\/securite-le-togo-active-son-dispositif-national-de-prevention-et-dalerte-incendie\/\"]}]},{\"@type\":\"ImageObject\",\"inLanguage\":\"fr-FR\",\"@id\":\"https:\/\/lavoixdelanation.tg\/index.php\/2025\/12\/07\/securite-le-togo-active-son-dispositif-national-de-prevention-et-dalerte-incendie\/#primaryimage\",\"url\":\"https:\/\/lavoixdelanation.tg\/wp-content\/uploads\/2025\/12\/Batossie-Madjoulba-ministre-de-la-securite.jpg\",\"contentUrl\":\"https:\/\/lavoixdelanation.tg\/wp-content\/uploads\/2025\/12\/Batossie-Madjoulba-ministre-de-la-securite.jpg\",\"width\":500,\"height\":303,\"caption\":\"Batossie Madjoulba, ministre de la s\u00e9curit\u00e9\"},{\"@type\":\"BreadcrumbList\",\"@id\":\"https:\/\/lavoixdelanation.tg\/index.php\/2025\/12\/07\/securite-le-togo-active-son-dispositif-national-de-prevention-et-dalerte-incendie\/#breadcrumb\",\"itemListElement\":[{\"@type\":\"ListItem\",\"position\":1,\"name\":\"Accueil\",\"item\":\"https:\/\/lavoixdelanation.tg\/\"},{\"@type\":\"ListItem\",\"position\":2,\"name\":\"S\u00e9curit\u00e9\u00a0: Le Togo active son dispositif national de pr\u00e9vention et d&rsquo;alerte incendie\"}]},{\"@type\":\"WebSite\",\"@id\":\"https:\/\/lavoixdelanation.tg\/#website\",\"url\":\"https:\/\/lavoixdelanation.tg\/\",\"name\":\"La Voix de la Nation\",\"description\":\"R\u00e9c\u00e9piss\u00e9 n\u00b00108\/HAAC\/01-2024\/pl\/P\",\"publisher\":{\"@id\":\"https:\/\/lavoixdelanation.tg\/#organization\"},\"alternateName\":\"VON\",\"potentialAction\":[{\"@type\":\"SearchAction\",\"target\":{\"@type\":\"EntryPoint\",\"urlTemplate\":\"https:\/\/lavoixdelanation.tg\/?s={search_term_string}\"},\"query-input\":{\"@type\":\"PropertyValueSpecification\",\"valueRequired\":true,\"valueName\":\"search_term_string\"}}],\"inLanguage\":\"fr-FR\"},{\"@type\":\"Organization\",\"@id\":\"https:\/\/lavoixdelanation.tg\/#organization\",\"name\":\"La Voix de la Nation\",\"url\":\"https:\/\/lavoixdelanation.tg\/\",\"logo\":{\"@type\":\"ImageObject\",\"inLanguage\":\"fr-FR\",\"@id\":\"https:\/\/lavoixdelanation.tg\/#\/schema\/logo\/image\/\",\"url\":\"https:\/\/lavoixdelanation.tg\/wp-content\/uploads\/2024\/12\/lavn-1.png\",\"contentUrl\":\"https:\/\/lavoixdelanation.tg\/wp-content\/uploads\/2024\/12\/lavn-1.png\",\"width\":1024,\"height\":464,\"caption\":\"La Voix de la Nation\"},\"image\":{\"@id\":\"https:\/\/lavoixdelanation.tg\/#\/schema\/logo\/image\/\"},\"sameAs\":[\"https:\/\/www.facebook.com\/lavoixdelanation\"]},{\"@type\":\"Person\",\"@id\":\"https:\/\/lavoixdelanation.tg\/#\/schema\/person\/6c489293aa38053673a9e554acb6e224\",\"name\":\"La voix de la nation\",\"image\":{\"@type\":\"ImageObject\",\"inLanguage\":\"fr-FR\",\"@id\":\"https:\/\/lavoixdelanation.tg\/#\/schema\/person\/image\/\",\"url\":\"https:\/\/secure.gravatar.com\/avatar\/8aa135d4bbc794494cecaa8d483f6d6cc1023624868deaff686baed5e727a5a1?s=96&d=mm&r=g\",\"contentUrl\":\"https:\/\/secure.gravatar.com\/avatar\/8aa135d4bbc794494cecaa8d483f6d6cc1023624868deaff686baed5e727a5a1?s=96&d=mm&r=g\",\"caption\":\"La voix de la nation\"},\"sameAs\":[\"https:\/\/lavoixdelanation.tg\"],\"url\":\"https:\/\/lavoixdelanation.tg\/index.php\/author\/lavn\/\"}]}<\/script>\n<!-- \/ Yoast SEO plugin. -->","yoast_head_json":{"title":"S\u00e9curit\u00e9\u00a0: Le Togo active son dispositif national de pr\u00e9vention et d'alerte incendie - La Voix de la Nation","robots":{"index":"index","follow":"follow","max-snippet":"max-snippet:-1","max-image-preview":"max-image-preview:large","max-video-preview":"max-video-preview:-1"},"canonical":"https:\/\/lavoixdelanation.tg\/index.php\/2025\/12\/07\/securite-le-togo-active-son-dispositif-national-de-prevention-et-dalerte-incendie\/","og_locale":"fr_FR","og_type":"article","og_title":"S\u00e9curit\u00e9\u00a0: Le Togo active son dispositif national de pr\u00e9vention et d'alerte incendie - La Voix de la Nation","og_description":"Le Togo active son dispositif national de pr\u00e9vention et d&rsquo;alerte incendie en vue de r\u00e9duire les risques et de r\u00e9agir efficacement en cas d&rsquo;incendie ou de toute autre situation d&rsquo;urgence.&hellip;","og_url":"https:\/\/lavoixdelanation.tg\/index.php\/2025\/12\/07\/securite-le-togo-active-son-dispositif-national-de-prevention-et-dalerte-incendie\/","og_site_name":"La Voix de la Nation","article_publisher":"https:\/\/www.facebook.com\/lavoixdelanation","article_published_time":"2025-12-07T11:51:04+00:00","article_modified_time":"2025-12-07T11:51:05+00:00","og_image":[{"width":500,"height":303,"url":"https:\/\/lavoixdelanation.tg\/wp-content\/uploads\/2025\/12\/Batossie-Madjoulba-ministre-de-la-securite.jpg","type":"image\/jpeg"}],"author":"La voix de la nation","twitter_card":"summary_large_image","twitter_misc":{"\u00c9crit par":"La voix de la nation","Dur\u00e9e de lecture estim\u00e9e":"3 minutes"},"schema":{"@context":"https:\/\/schema.org","@graph":[{"@type":"Article","@id":"https:\/\/lavoixdelanation.tg\/index.php\/2025\/12\/07\/securite-le-togo-active-son-dispositif-national-de-prevention-et-dalerte-incendie\/#article","isPartOf":{"@id":"https:\/\/lavoixdelanation.tg\/index.php\/2025\/12\/07\/securite-le-togo-active-son-dispositif-national-de-prevention-et-dalerte-incendie\/"},"author":{"name":"La voix de la nation","@id":"https:\/\/lavoixdelanation.tg\/#\/schema\/person\/6c489293aa38053673a9e554acb6e224"},"headline":"S\u00e9curit\u00e9\u00a0: Le Togo active son dispositif national de pr\u00e9vention et d&rsquo;alerte incendie","datePublished":"2025-12-07T11:51:04+00:00","dateModified":"2025-12-07T11:51:05+00:00","mainEntityOfPage":{"@id":"https:\/\/lavoixdelanation.tg\/index.php\/2025\/12\/07\/securite-le-togo-active-son-dispositif-national-de-prevention-et-dalerte-incendie\/"},"wordCount":490,"commentCount":0,"publisher":{"@id":"https:\/\/lavoixdelanation.tg\/#organization"},"image":{"@id":"https:\/\/lavoixdelanation.tg\/index.php\/2025\/12\/07\/securite-le-togo-active-son-dispositif-national-de-prevention-et-dalerte-incendie\/#primaryimage"},"thumbnailUrl":"https:\/\/lavoixdelanation.tg\/wp-content\/uploads\/2025\/12\/Batossie-Madjoulba-ministre-de-la-securite.jpg","keywords":["Calixte Madjoulba","Incendie","S\u00e9curit\u00e9","Togo"],"articleSection":["Soci\u00e9t\u00e9"],"inLanguage":"fr-FR","potentialAction":[{"@type":"CommentAction","name":"Comment","target":["https:\/\/lavoixdelanation.tg\/index.php\/2025\/12\/07\/securite-le-togo-active-son-dispositif-national-de-prevention-et-dalerte-incendie\/#respond"]}]},{"@type":"WebPage","@id":"https:\/\/lavoixdelanation.tg\/index.php\/2025\/12\/07\/securite-le-togo-active-son-dispositif-national-de-prevention-et-dalerte-incendie\/","url":"https:\/\/lavoixdelanation.tg\/index.php\/2025\/12\/07\/securite-le-togo-active-son-dispositif-national-de-prevention-et-dalerte-incendie\/","name":"S\u00e9curit\u00e9\u00a0: Le Togo active son dispositif national de pr\u00e9vention et d'alerte incendie - La Voix de la Nation","isPartOf":{"@id":"https:\/\/lavoixdelanation.tg\/#website"},"primaryImageOfPage":{"@id":"https:\/\/lavoixdelanation.tg\/index.php\/2025\/12\/07\/securite-le-togo-active-son-dispositif-national-de-prevention-et-dalerte-incendie\/#primaryimage"},"image":{"@id":"https:\/\/lavoixdelanation.tg\/index.php\/2025\/12\/07\/securite-le-togo-active-son-dispositif-national-de-prevention-et-dalerte-incendie\/#primaryimage"},"thumbnailUrl":"https:\/\/lavoixdelanation.tg\/wp-content\/uploads\/2025\/12\/Batossie-Madjoulba-ministre-de-la-securite.jpg","datePublished":"2025-12-07T11:51:04+00:00","dateModified":"2025-12-07T11:51:05+00:00","breadcrumb":{"@id":"https:\/\/lavoixdelanation.tg\/index.php\/2025\/12\/07\/securite-le-togo-active-son-dispositif-national-de-prevention-et-dalerte-incendie\/#breadcrumb"},"inLanguage":"fr-FR","potentialAction":[{"@type":"ReadAction","target":["https:\/\/lavoixdelanation.tg\/index.php\/2025\/12\/07\/securite-le-togo-active-son-dispositif-national-de-prevention-et-dalerte-incendie\/"]}]},{"@type":"ImageObject","inLanguage":"fr-FR","@id":"https:\/\/lavoixdelanation.tg\/index.php\/2025\/12\/07\/securite-le-togo-active-son-dispositif-national-de-prevention-et-dalerte-incendie\/#primaryimage","url":"https:\/\/lavoixdelanation.tg\/wp-content\/uploads\/2025\/12\/Batossie-Madjoulba-ministre-de-la-securite.jpg","contentUrl":"https:\/\/lavoixdelanation.tg\/wp-content\/uploads\/2025\/12\/Batossie-Madjoulba-ministre-de-la-securite.jpg","width":500,"height":303,"caption":"Batossie Madjoulba, ministre de la s\u00e9curit\u00e9"},{"@type":"BreadcrumbList","@id":"https:\/\/lavoixdelanation.tg\/index.php\/2025\/12\/07\/securite-le-togo-active-son-dispositif-national-de-prevention-et-dalerte-incendie\/#breadcrumb","itemListElement":[{"@type":"ListItem","position":1,"name":"Accueil","item":"https:\/\/lavoixdelanation.tg\/"},{"@type":"ListItem","position":2,"name":"S\u00e9curit\u00e9\u00a0: Le Togo active son dispositif national de pr\u00e9vention et d&rsquo;alerte incendie"}]},{"@type":"WebSite","@id":"https:\/\/lavoixdelanation.tg\/#website","url":"https:\/\/lavoixdelanation.tg\/","name":"La Voix de la Nation","description":"R\u00e9c\u00e9piss\u00e9 n\u00b00108\/HAAC\/01-2024\/pl\/P","publisher":{"@id":"https:\/\/lavoixdelanation.tg\/#organization"},"alternateName":"VON","potentialAction":[{"@type":"SearchAction","target":{"@type":"EntryPoint","urlTemplate":"https:\/\/lavoixdelanation.tg\/?s={search_term_string}"},"query-input":{"@type":"PropertyValueSpecification","valueRequired":true,"valueName":"search_term_string"}}],"inLanguage":"fr-FR"},{"@type":"Organization","@id":"https:\/\/lavoixdelanation.tg\/#organization","name":"La Voix de la Nation","url":"https:\/\/lavoixdelanation.tg\/","logo":{"@type":"ImageObject","inLanguage":"fr-FR","@id":"https:\/\/lavoixdelanation.tg\/#\/schema\/logo\/image\/","url":"https:\/\/lavoixdelanation.tg\/wp-content\/uploads\/2024\/12\/lavn-1.png","contentUrl":"https:\/\/lavoixdelanation.tg\/wp-content\/uploads\/2024\/12\/lavn-1.png","width":1024,"height":464,"caption":"La Voix de la Nation"},"image":{"@id":"https:\/\/lavoixdelanation.tg\/#\/schema\/logo\/image\/"},"sameAs":["https:\/\/www.facebook.com\/lavoixdelanation"]},{"@type":"Person","@id":"https:\/\/lavoixdelanation.tg\/#\/schema\/person\/6c489293aa38053673a9e554acb6e224","name":"La voix de la nation","image":{"@type":"ImageObject","inLanguage":"fr-FR","@id":"https:\/\/lavoixdelanation.tg\/#\/schema\/person\/image\/","url":"https:\/\/secure.gravatar.com\/avatar\/8aa135d4bbc794494cecaa8d483f6d6cc1023624868deaff686baed5e727a5a1?s=96&d=mm&r=g","contentUrl":"https:\/\/secure.gravatar.com\/avatar\/8aa135d4bbc794494cecaa8d483f6d6cc1023624868deaff686baed5e727a5a1?s=96&d=mm&r=g","caption":"La voix de la nation"},"sameAs":["https:\/\/lavoixdelanation.tg"],"url":"https:\/\/lavoixdelanation.tg\/index.php\/author\/lavn\/"}]}},"_links":{"self":[{"href":"https:\/\/lavoixdelanation.tg\/index.php\/wp-json\/wp\/v2\/posts\/14942","targetHints":{"allow":["GET"]}}],"collection":[{"href":"https:\/\/lavoixdelanation.tg\/index.php\/wp-json\/wp\/v2\/posts"}],"about":[{"href":"https:\/\/lavoixdelanation.tg\/index.php\/wp-json\/wp\/v2\/types\/post"}],"author":[{"embeddable":true,"href":"https:\/\/lavoixdelanation.tg\/index.php\/wp-json\/wp\/v2\/users\/1"}],"replies":[{"embeddable":true,"href":"https:\/\/lavoixdelanation.tg\/index.php\/wp-json\/wp\/v2\/comments?post=14942"}],"version-history":[{"count":1,"href":"https:\/\/lavoixdelanation.tg\/index.php\/wp-json\/wp\/v2\/posts\/14942\/revisions"}],"predecessor-version":[{"id":14944,"href":"https:\/\/lavoixdelanation.tg\/index.php\/wp-json\/wp\/v2\/posts\/14942\/revisions\/14944"}],"wp:featuredmedia":[{"embeddable":true,"href":"https:\/\/lavoixdelanation.tg\/index.php\/wp-json\/wp\/v2\/media\/14943"}],"wp:attachment":[{"href":"https:\/\/lavoixdelanation.tg\/index.php\/wp-json\/wp\/v2\/media?parent=14942"}],"wp:term":[{"taxonomy":"category","embeddable":true,"href":"https:\/\/lavoixdelanation.tg\/index.php\/wp-json\/wp\/v2\/categories?post=14942"},{"taxonomy":"post_tag","embeddable":true,"href":"https:\/\/lavoixdelanation.tg\/index.php\/wp-json\/wp\/v2\/tags?post=14942"}],"curies":[{"name":"wp","href":"https:\/\/api.w.org\/{rel}","templated":true}]}}